{"id":12852,"date":"2020-12-29T13:40:44","date_gmt":"2020-12-29T16:40:44","guid":{"rendered":"https:\/\/jornalfatosenoticias.com.br\/?p=12852"},"modified":"2020-12-29T13:40:45","modified_gmt":"2020-12-29T16:40:45","slug":"veja-como-sera-o-funcionamento-dos-parques-estaduais-na-semana-de-ano-novo","status":"publish","type":"post","link":"https:\/\/jornalfatosenoticias.com.br\/index.php\/2020\/12\/29\/veja-como-sera-o-funcionamento-dos-parques-estaduais-na-semana-de-ano-novo\/","title":{"rendered":"Veja como ser\u00e1 o funcionamento dos parques estaduais na semana de Ano Novo"},"content":{"rendered":"\n<p>Os parques estaduais estar\u00e3o fechados nesta quinta (31) e sexta-feira (01), em virtude do Ano Novo. Entretanto, funcionar\u00e3o normalmente nos outros dias de semana, inclusive no s\u00e1bado (03) e no domingo (04). A exce\u00e7\u00e3o \u00e9 o Parque Paulo C\u00e9sar Vinha, que estar\u00e1 fechado durante toda a semana por ter sua sede em Guarapari, munic\u00edpio atualmente em Alto Risco no mapa de Gest\u00e3o de Risco da Covid-19.<br>Os demais parques se encontram em munic\u00edpios atualmente em Risco Moderado e, de acordo com a portaria n\u00ba 226-R da Secretaria da Sa\u00fade (Sesa), est\u00e3o autorizados a funcionar, respeitando as regras sanit\u00e1rias. O Mapa de Risco \u00e9 atualizado semanalmente e, de acordo com a classifica\u00e7\u00e3o de risco, \u00e9 atualizado tamb\u00e9m o funcionamento de cada parque.<br>Em Concei\u00e7\u00e3o da Barra, o Parque Estadual de Ita\u00fanas n\u00e3o ter\u00e1 expediente administrativo. Por\u00e9m, o local estar\u00e1 aberto para visita\u00e7\u00e3o todos os dias, j\u00e1 que as trilhas e praias s\u00e3o de livre acesso e autoguiadas, e Ita\u00fanas n\u00e3o possui portaria para restri\u00e7\u00e3o de acesso. J\u00e1 o Parque Estadual da Pedra Azul, em Domingos Martins, n\u00e3o abre tamb\u00e9m nesta segunda-feira (28), em fun\u00e7\u00e3o da manuten\u00e7\u00e3o.<\/p>\n\n\n\n<h4 class=\"wp-block-heading\">Visita\u00e7\u00e3o<\/h4>\n\n\n\n<p>A visita\u00e7\u00e3o no Parque do Forno Grande, em Castelo, e Pedra Azul, em Domingos Martins, \u00e9 feita em dois turnos, de 50 visitantes cada, das 8h \u00e0s 11h e de 13h \u00e0s 16h. No Forno Grande, n\u00e3o \u00e9 preciso agendamento pr\u00e9vio, apenas para a pr\u00e1tica de escalada at\u00e9 o Pico. Os interessados devem enviar e-mail para <a href=\"mailto:agendamentofornogrande@gmail.com\">agendamentofornogrande@gmail.com<\/a>.<br>J\u00e1 em Pedra Azul \u00e9 necess\u00e1rio agendamento pelo e-mail\u00a0<a href=\"mailto:agendamento.pepaz@gmail.com\">agendamento.pepaz@gmail.com<\/a>. O interessado deve enviar nome, CPF, data e turno que deseja visitar o parque. \u00c9 poss\u00edvel agendar at\u00e9 seis pessoas por e-mail.<br>Os parques Cachoeira da Fuma\u00e7a e Ita\u00fanas t\u00eam limite de visita\u00e7\u00e3o de 100 pessoas por dia, das 8h \u00e0s 16h. N\u00e3o \u00e9 necess\u00e1rio agendamento e o controle de acesso \u00e9 pela ordem de chegada.<br>O p\u00fablico visitante deve seguir as etiquetas sanit\u00e1rias contra o novo Coronav\u00edrus (Covid-19), usando m\u00e1scaras, levando o pr\u00f3prio recipiente para beber \u00e1gua, al\u00e9m de \u00e1lcool 70% para realizar a higieniza\u00e7\u00e3o das m\u00e3os com frequ\u00eancia. Pessoas que fazem parte do Grupo de Risco para a Covid-19 devem evitar a visita\u00e7\u00e3o ou acessar em hor\u00e1rios de menor lota\u00e7\u00e3o.<br>O Instituto Estadual de Meio Ambiente e Recursos H\u00eddricos (Iema) readequou a infraestrutura de funcionamento nos parques para atender aos protocolos exigidos pelo Governo do Estado. Uma ressalva \u00e9 que todos ficar\u00e3o com o Centro de Visitantes fechados para evitar aglomera\u00e7\u00f5es.<\/p>\n\n\n\n<h4 class=\"wp-block-heading\">Servi\u00e7o<\/h4>\n\n\n\n<p><strong>Parque Cachoeira da Fuma\u00e7a<br><\/strong>Hor\u00e1rio de funcionamento para visita\u00e7\u00e3o: das 8h \u00e0s 16h<br>Capacidade de visitantes por dia: 100 pessoas<br>Agendamento para visita\u00e7\u00e3o: n\u00e3o \u00e9 necess\u00e1rio. O controle \u00e9 feito por ordem de chegada.<br>Endere\u00e7o: Rodovia ES-484, Distrito de Arara\u00ed, Alegre, Esp\u00edrito Santo.<\/p>\n\n\n\n<p><strong>Parque do Forno Grande<br><\/strong>Hor\u00e1rio de funcionamento para visita\u00e7\u00e3o: das 8h \u00e0s 11h e de 13h \u00e0s 16h<br>Capacidade de visitantes por dia: 50 pessoas por turno<br>Agendamento para visita\u00e7\u00e3o: n\u00e3o \u00e9 necess\u00e1rio. O controle \u00e9 feito por ordem de chegada.<br>Agendamento para escalada: <a href=\"mailto:agendamentofornogrande@gmail.com\">agendamentofornogrande@gmail.com<\/a><br>Endere\u00e7o: Estrada rural s\/n. Distrito Forno Grande, Castelo, Esp\u00edrito Santo.<\/p>\n\n\n\n<p><strong>Parque de Pedra Azul<br><\/strong>Hor\u00e1rio de funcionamento para visita\u00e7\u00e3o: das 8h \u00e0s 11h e de 13h \u00e0s 16h<br>Capacidade de visitantes por dia: 50 pessoas por turno<br>Agendamento para visita\u00e7\u00e3o: <a href=\"mailto:agendamento.pepaz@gmail.com\">agendamento.pepaz@gmail.com<\/a><br>Endere\u00e7o: Rota do Lagarto, s\/n, Km 03. Distrito Pedra Azul, Domingos Martins-ES. CEP: 29278-000<\/p>\n\n\n\n<p><strong>Parque de Ita\u00fanas<br><\/strong>Hor\u00e1rio de funcionamento para visita\u00e7\u00e3o: das 8 horas \u00e0s 16 horas<br>Capacidade de visitantes por dia: 100 pessoas<br>Agendamento para visita\u00e7\u00e3o: n\u00e3o \u00e9 necess\u00e1rio. O controle \u00e9 feito por ordem de chegada.<br>Endere\u00e7o: Rua Bento Daher, s\/n. Vila de Ita\u00fanas, Concei\u00e7\u00e3o da Barra-ES. CEP: 29965-000<\/p>\n\n\n\n<p><strong><em>Fonte: <a href=\"https:\/\/setur.es.gov.br\/Not%C3%ADcia\/veja-como-sera-o-funcionamento-dos-parques-estaduais-na-semana-de-ano-novo\">Setur-ES<\/a><\/em><\/strong><\/p>\n","protected":false},"excerpt":{"rendered":"<p>Os parques estaduais estar\u00e3o fechados nesta quinta (31) e sexta-feira (01), em virtude do Ano Novo. Entretanto, funcionar\u00e3o normalmente nos outros dias de semana, inclusive no s\u00e1bado (03) e no domingo (04). A exce\u00e7\u00e3o \u00e9 o Parque Paulo C\u00e9sar Vinha, que estar\u00e1 fechado durante toda a semana por ter sua sede em Guarapari, munic\u00edpio atualmente [&hellip;]<\/p>\n","protected":false},"author":2,"featured_media":12853,"comment_status":"open","ping_status":"open","sticky":false,"template":"","format":"standard","meta":{"footnotes":""},"categories":[746],"tags":[6679,6635,6633],"class_list":["post-12852","post","type-post","status-publish","format-standard","has-post-thumbnail","hentry","category-turismo","tag-feriado","tag-funcionamento","tag-parques-estaduais"],"yoast_head":"<!-- This site is optimized with the Yoast SEO plugin v26.5 - https:\/\/yoast.com\/wordpress\/plugins\/seo\/ -->\n<title>Veja como ser\u00e1 o funcionamento dos parques estaduais na semana de Ano Novo - Jornal Fatos e Not\u00edcias<\/title>\n<meta name=\"robots\" content=\"index, follow, max-snippet:-1, max-image-preview:large, max-video-preview:-1\" \/>\n<link rel=\"canonical\" href=\"https:\/\/jornalfatosenoticias.com.br\/index.php\/2020\/12\/29\/veja-como-sera-o-funcionamento-dos-parques-estaduais-na-semana-de-ano-novo\/\" \/>\n<meta property=\"og:locale\" content=\"pt_BR\" \/>\n<meta property=\"og:type\" content=\"article\" \/>\n<meta property=\"og:title\" content=\"Veja como ser\u00e1 o funcionamento dos parques estaduais na semana de Ano Novo - Jornal Fatos e Not\u00edcias\" \/>\n<meta property=\"og:description\" content=\"Os parques estaduais estar\u00e3o fechados nesta quinta (31) e sexta-feira (01), em virtude do Ano Novo. Entretanto, funcionar\u00e3o normalmente nos outros dias de semana, inclusive no s\u00e1bado (03) e no domingo (04). A exce\u00e7\u00e3o \u00e9 o Parque Paulo C\u00e9sar Vinha, que estar\u00e1 fechado durante toda a semana por ter sua sede em Guarapari, munic\u00edpio atualmente [&hellip;]\" \/>\n<meta property=\"og:url\" content=\"https:\/\/jornalfatosenoticias.com.br\/index.php\/2020\/12\/29\/veja-como-sera-o-funcionamento-dos-parques-estaduais-na-semana-de-ano-novo\/\" \/>\n<meta property=\"og:site_name\" content=\"Jornal Fatos e Not\u00edcias\" \/>\n<meta property=\"article:published_time\" content=\"2020-12-29T16:40:44+00:00\" \/>\n<meta property=\"article:modified_time\" content=\"2020-12-29T16:40:45+00:00\" \/>\n<meta property=\"og:image\" content=\"https:\/\/jornalfatosenoticias.com.br\/wp-content\/uploads\/2020\/12\/Forno-Grande-Setur.jpeg\" \/>\n\t<meta property=\"og:image:width\" content=\"1000\" \/>\n\t<meta property=\"og:image:height\" content=\"605\" \/>\n\t<meta property=\"og:image:type\" content=\"image\/jpeg\" \/>\n<meta name=\"author\" content=\"Luzimara Fernandes\" \/>\n<meta name=\"twitter:card\" content=\"summary_large_image\" \/>\n<meta name=\"twitter:label1\" content=\"Escrito por\" \/>\n\t<meta name=\"twitter:data1\" content=\"Luzimara Fernandes\" \/>\n\t<meta name=\"twitter:label2\" content=\"Est. tempo de leitura\" \/>\n\t<meta name=\"twitter:data2\" content=\"3 minutos\" \/>\n<script type=\"application\/ld+json\" class=\"yoast-schema-graph\">{\"@context\":\"https:\/\/schema.org\",\"@graph\":[{\"@type\":\"Article\",\"@id\":\"https:\/\/jornalfatosenoticias.com.br\/index.php\/2020\/12\/29\/veja-como-sera-o-funcionamento-dos-parques-estaduais-na-semana-de-ano-novo\/#article\",\"isPartOf\":{\"@id\":\"https:\/\/jornalfatosenoticias.com.br\/index.php\/2020\/12\/29\/veja-como-sera-o-funcionamento-dos-parques-estaduais-na-semana-de-ano-novo\/\"},\"author\":{\"name\":\"Luzimara Fernandes\",\"@id\":\"https:\/\/jornalfatosenoticias.com.br\/#\/schema\/person\/d63837fa13ac8666eb9e74e0985d6f81\"},\"headline\":\"Veja como ser\u00e1 o funcionamento dos parques estaduais na semana de Ano Novo\",\"datePublished\":\"2020-12-29T16:40:44+00:00\",\"dateModified\":\"2020-12-29T16:40:45+00:00\",\"mainEntityOfPage\":{\"@id\":\"https:\/\/jornalfatosenoticias.com.br\/index.php\/2020\/12\/29\/veja-como-sera-o-funcionamento-dos-parques-estaduais-na-semana-de-ano-novo\/\"},\"wordCount\":670,\"commentCount\":0,\"publisher\":{\"@id\":\"https:\/\/jornalfatosenoticias.com.br\/#organization\"},\"image\":{\"@id\":\"https:\/\/jornalfatosenoticias.com.br\/index.php\/2020\/12\/29\/veja-como-sera-o-funcionamento-dos-parques-estaduais-na-semana-de-ano-novo\/#primaryimage\"},\"thumbnailUrl\":\"https:\/\/jornalfatosenoticias.com.br\/wp-content\/uploads\/2020\/12\/Forno-Grande-Setur.jpeg\",\"keywords\":[\"feriado\",\"funcionamento\",\"parques estaduais\"],\"articleSection\":[\"Turismo\"],\"inLanguage\":\"pt-BR\",\"potentialAction\":[{\"@type\":\"CommentAction\",\"name\":\"Comment\",\"target\":[\"https:\/\/jornalfatosenoticias.com.br\/index.php\/2020\/12\/29\/veja-como-sera-o-funcionamento-dos-parques-estaduais-na-semana-de-ano-novo\/#respond\"]}]},{\"@type\":\"WebPage\",\"@id\":\"https:\/\/jornalfatosenoticias.com.br\/index.php\/2020\/12\/29\/veja-como-sera-o-funcionamento-dos-parques-estaduais-na-semana-de-ano-novo\/\",\"url\":\"https:\/\/jornalfatosenoticias.com.br\/index.php\/2020\/12\/29\/veja-como-sera-o-funcionamento-dos-parques-estaduais-na-semana-de-ano-novo\/\",\"name\":\"Veja como ser\u00e1 o funcionamento dos parques estaduais na semana de Ano Novo - Jornal Fatos e Not\u00edcias\",\"isPartOf\":{\"@id\":\"https:\/\/jornalfatosenoticias.com.br\/#website\"},\"primaryImageOfPage\":{\"@id\":\"https:\/\/jornalfatosenoticias.com.br\/index.php\/2020\/12\/29\/veja-como-sera-o-funcionamento-dos-parques-estaduais-na-semana-de-ano-novo\/#primaryimage\"},\"image\":{\"@id\":\"https:\/\/jornalfatosenoticias.com.br\/index.php\/2020\/12\/29\/veja-como-sera-o-funcionamento-dos-parques-estaduais-na-semana-de-ano-novo\/#primaryimage\"},\"thumbnailUrl\":\"https:\/\/jornalfatosenoticias.com.br\/wp-content\/uploads\/2020\/12\/Forno-Grande-Setur.jpeg\",\"datePublished\":\"2020-12-29T16:40:44+00:00\",\"dateModified\":\"2020-12-29T16:40:45+00:00\",\"breadcrumb\":{\"@id\":\"https:\/\/jornalfatosenoticias.com.br\/index.php\/2020\/12\/29\/veja-como-sera-o-funcionamento-dos-parques-estaduais-na-semana-de-ano-novo\/#breadcrumb\"},\"inLanguage\":\"pt-BR\",\"potentialAction\":[{\"@type\":\"ReadAction\",\"target\":[\"https:\/\/jornalfatosenoticias.com.br\/index.php\/2020\/12\/29\/veja-como-sera-o-funcionamento-dos-parques-estaduais-na-semana-de-ano-novo\/\"]}]},{\"@type\":\"ImageObject\",\"inLanguage\":\"pt-BR\",\"@id\":\"https:\/\/jornalfatosenoticias.com.br\/index.php\/2020\/12\/29\/veja-como-sera-o-funcionamento-dos-parques-estaduais-na-semana-de-ano-novo\/#primaryimage\",\"url\":\"https:\/\/jornalfatosenoticias.com.br\/wp-content\/uploads\/2020\/12\/Forno-Grande-Setur.jpeg\",\"contentUrl\":\"https:\/\/jornalfatosenoticias.com.br\/wp-content\/uploads\/2020\/12\/Forno-Grande-Setur.jpeg\",\"width\":1000,\"height\":605},{\"@type\":\"BreadcrumbList\",\"@id\":\"https:\/\/jornalfatosenoticias.com.br\/index.php\/2020\/12\/29\/veja-como-sera-o-funcionamento-dos-parques-estaduais-na-semana-de-ano-novo\/#breadcrumb\",\"itemListElement\":[{\"@type\":\"ListItem\",\"position\":1,\"name\":\"In\u00edcio\",\"item\":\"https:\/\/jornalfatosenoticias.com.br\/\"},{\"@type\":\"ListItem\",\"position\":2,\"name\":\"Veja como ser\u00e1 o funcionamento dos parques estaduais na semana de Ano Novo\"}]},{\"@type\":\"WebSite\",\"@id\":\"https:\/\/jornalfatosenoticias.com.br\/#website\",\"url\":\"https:\/\/jornalfatosenoticias.com.br\/\",\"name\":\"Jornal Fatos e Not\u00edcias\",\"description\":\"Not\u00edcias em geral\",\"publisher\":{\"@id\":\"https:\/\/jornalfatosenoticias.com.br\/#organization\"},\"potentialAction\":[{\"@type\":\"SearchAction\",\"target\":{\"@type\":\"EntryPoint\",\"urlTemplate\":\"https:\/\/jornalfatosenoticias.com.br\/?s={search_term_string}\"},\"query-input\":{\"@type\":\"PropertyValueSpecification\",\"valueRequired\":true,\"valueName\":\"search_term_string\"}}],\"inLanguage\":\"pt-BR\"},{\"@type\":\"Organization\",\"@id\":\"https:\/\/jornalfatosenoticias.com.br\/#organization\",\"name\":\"Jornal Fatos e Not\u00edcias\",\"url\":\"https:\/\/jornalfatosenoticias.com.br\/\",\"logo\":{\"@type\":\"ImageObject\",\"inLanguage\":\"pt-BR\",\"@id\":\"https:\/\/jornalfatosenoticias.com.br\/#\/schema\/logo\/image\/\",\"url\":\"https:\/\/jornalfatosenoticias.com.br\/wp-content\/uploads\/2020\/02\/logo120.png\",\"contentUrl\":\"https:\/\/jornalfatosenoticias.com.br\/wp-content\/uploads\/2020\/02\/logo120.png\",\"width\":1227,\"height\":120,\"caption\":\"Jornal Fatos e Not\u00edcias\"},\"image\":{\"@id\":\"https:\/\/jornalfatosenoticias.com.br\/#\/schema\/logo\/image\/\"}},{\"@type\":\"Person\",\"@id\":\"https:\/\/jornalfatosenoticias.com.br\/#\/schema\/person\/d63837fa13ac8666eb9e74e0985d6f81\",\"name\":\"Luzimara Fernandes\",\"image\":{\"@type\":\"ImageObject\",\"inLanguage\":\"pt-BR\",\"@id\":\"https:\/\/jornalfatosenoticias.com.br\/#\/schema\/person\/image\/\",\"url\":\"https:\/\/jornalfatosenoticias.com.br\/wp-content\/uploads\/2025\/05\/EU_portal.jpg\",\"contentUrl\":\"https:\/\/jornalfatosenoticias.com.br\/wp-content\/uploads\/2025\/05\/EU_portal.jpg\",\"caption\":\"Luzimara Fernandes\"},\"description\":\"Jornalista MTB 2358-ES\",\"sameAs\":[\"https:\/\/jornalfatosenoticias.com.br\"],\"url\":\"https:\/\/jornalfatosenoticias.com.br\/index.php\/author\/luzimara\/\"}]}<\/script>\n<!-- \/ Yoast SEO plugin. -->","yoast_head_json":{"title":"Veja como ser\u00e1 o funcionamento dos parques estaduais na semana de Ano Novo - Jornal Fatos e Not\u00edcias","robots":{"index":"index","follow":"follow","max-snippet":"max-snippet:-1","max-image-preview":"max-image-preview:large","max-video-preview":"max-video-preview:-1"},"canonical":"https:\/\/jornalfatosenoticias.com.br\/index.php\/2020\/12\/29\/veja-como-sera-o-funcionamento-dos-parques-estaduais-na-semana-de-ano-novo\/","og_locale":"pt_BR","og_type":"article","og_title":"Veja como ser\u00e1 o funcionamento dos parques estaduais na semana de Ano Novo - Jornal Fatos e Not\u00edcias","og_description":"Os parques estaduais estar\u00e3o fechados nesta quinta (31) e sexta-feira (01), em virtude do Ano Novo. Entretanto, funcionar\u00e3o normalmente nos outros dias de semana, inclusive no s\u00e1bado (03) e no domingo (04). A exce\u00e7\u00e3o \u00e9 o Parque Paulo C\u00e9sar Vinha, que estar\u00e1 fechado durante toda a semana por ter sua sede em Guarapari, munic\u00edpio atualmente [&hellip;]","og_url":"https:\/\/jornalfatosenoticias.com.br\/index.php\/2020\/12\/29\/veja-como-sera-o-funcionamento-dos-parques-estaduais-na-semana-de-ano-novo\/","og_site_name":"Jornal Fatos e Not\u00edcias","article_published_time":"2020-12-29T16:40:44+00:00","article_modified_time":"2020-12-29T16:40:45+00:00","og_image":[{"width":1000,"height":605,"url":"https:\/\/jornalfatosenoticias.com.br\/wp-content\/uploads\/2020\/12\/Forno-Grande-Setur.jpeg","type":"image\/jpeg"}],"author":"Luzimara Fernandes","twitter_card":"summary_large_image","twitter_misc":{"Escrito por":"Luzimara Fernandes","Est. tempo de leitura":"3 minutos"},"schema":{"@context":"https:\/\/schema.org","@graph":[{"@type":"Article","@id":"https:\/\/jornalfatosenoticias.com.br\/index.php\/2020\/12\/29\/veja-como-sera-o-funcionamento-dos-parques-estaduais-na-semana-de-ano-novo\/#article","isPartOf":{"@id":"https:\/\/jornalfatosenoticias.com.br\/index.php\/2020\/12\/29\/veja-como-sera-o-funcionamento-dos-parques-estaduais-na-semana-de-ano-novo\/"},"author":{"name":"Luzimara Fernandes","@id":"https:\/\/jornalfatosenoticias.com.br\/#\/schema\/person\/d63837fa13ac8666eb9e74e0985d6f81"},"headline":"Veja como ser\u00e1 o funcionamento dos parques estaduais na semana de Ano Novo","datePublished":"2020-12-29T16:40:44+00:00","dateModified":"2020-12-29T16:40:45+00:00","mainEntityOfPage":{"@id":"https:\/\/jornalfatosenoticias.com.br\/index.php\/2020\/12\/29\/veja-como-sera-o-funcionamento-dos-parques-estaduais-na-semana-de-ano-novo\/"},"wordCount":670,"commentCount":0,"publisher":{"@id":"https:\/\/jornalfatosenoticias.com.br\/#organization"},"image":{"@id":"https:\/\/jornalfatosenoticias.com.br\/index.php\/2020\/12\/29\/veja-como-sera-o-funcionamento-dos-parques-estaduais-na-semana-de-ano-novo\/#primaryimage"},"thumbnailUrl":"https:\/\/jornalfatosenoticias.com.br\/wp-content\/uploads\/2020\/12\/Forno-Grande-Setur.jpeg","keywords":["feriado","funcionamento","parques estaduais"],"articleSection":["Turismo"],"inLanguage":"pt-BR","potentialAction":[{"@type":"CommentAction","name":"Comment","target":["https:\/\/jornalfatosenoticias.com.br\/index.php\/2020\/12\/29\/veja-como-sera-o-funcionamento-dos-parques-estaduais-na-semana-de-ano-novo\/#respond"]}]},{"@type":"WebPage","@id":"https:\/\/jornalfatosenoticias.com.br\/index.php\/2020\/12\/29\/veja-como-sera-o-funcionamento-dos-parques-estaduais-na-semana-de-ano-novo\/","url":"https:\/\/jornalfatosenoticias.com.br\/index.php\/2020\/12\/29\/veja-como-sera-o-funcionamento-dos-parques-estaduais-na-semana-de-ano-novo\/","name":"Veja como ser\u00e1 o funcionamento dos parques estaduais na semana de Ano Novo - Jornal Fatos e Not\u00edcias","isPartOf":{"@id":"https:\/\/jornalfatosenoticias.com.br\/#website"},"primaryImageOfPage":{"@id":"https:\/\/jornalfatosenoticias.com.br\/index.php\/2020\/12\/29\/veja-como-sera-o-funcionamento-dos-parques-estaduais-na-semana-de-ano-novo\/#primaryimage"},"image":{"@id":"https:\/\/jornalfatosenoticias.com.br\/index.php\/2020\/12\/29\/veja-como-sera-o-funcionamento-dos-parques-estaduais-na-semana-de-ano-novo\/#primaryimage"},"thumbnailUrl":"https:\/\/jornalfatosenoticias.com.br\/wp-content\/uploads\/2020\/12\/Forno-Grande-Setur.jpeg","datePublished":"2020-12-29T16:40:44+00:00","dateModified":"2020-12-29T16:40:45+00:00","breadcrumb":{"@id":"https:\/\/jornalfatosenoticias.com.br\/index.php\/2020\/12\/29\/veja-como-sera-o-funcionamento-dos-parques-estaduais-na-semana-de-ano-novo\/#breadcrumb"},"inLanguage":"pt-BR","potentialAction":[{"@type":"ReadAction","target":["https:\/\/jornalfatosenoticias.com.br\/index.php\/2020\/12\/29\/veja-como-sera-o-funcionamento-dos-parques-estaduais-na-semana-de-ano-novo\/"]}]},{"@type":"ImageObject","inLanguage":"pt-BR","@id":"https:\/\/jornalfatosenoticias.com.br\/index.php\/2020\/12\/29\/veja-como-sera-o-funcionamento-dos-parques-estaduais-na-semana-de-ano-novo\/#primaryimage","url":"https:\/\/jornalfatosenoticias.com.br\/wp-content\/uploads\/2020\/12\/Forno-Grande-Setur.jpeg","contentUrl":"https:\/\/jornalfatosenoticias.com.br\/wp-content\/uploads\/2020\/12\/Forno-Grande-Setur.jpeg","width":1000,"height":605},{"@type":"BreadcrumbList","@id":"https:\/\/jornalfatosenoticias.com.br\/index.php\/2020\/12\/29\/veja-como-sera-o-funcionamento-dos-parques-estaduais-na-semana-de-ano-novo\/#breadcrumb","itemListElement":[{"@type":"ListItem","position":1,"name":"In\u00edcio","item":"https:\/\/jornalfatosenoticias.com.br\/"},{"@type":"ListItem","position":2,"name":"Veja como ser\u00e1 o funcionamento dos parques estaduais na semana de Ano Novo"}]},{"@type":"WebSite","@id":"https:\/\/jornalfatosenoticias.com.br\/#website","url":"https:\/\/jornalfatosenoticias.com.br\/","name":"Jornal Fatos e Not\u00edcias","description":"Not\u00edcias em geral","publisher":{"@id":"https:\/\/jornalfatosenoticias.com.br\/#organization"},"potentialAction":[{"@type":"SearchAction","target":{"@type":"EntryPoint","urlTemplate":"https:\/\/jornalfatosenoticias.com.br\/?s={search_term_string}"},"query-input":{"@type":"PropertyValueSpecification","valueRequired":true,"valueName":"search_term_string"}}],"inLanguage":"pt-BR"},{"@type":"Organization","@id":"https:\/\/jornalfatosenoticias.com.br\/#organization","name":"Jornal Fatos e Not\u00edcias","url":"https:\/\/jornalfatosenoticias.com.br\/","logo":{"@type":"ImageObject","inLanguage":"pt-BR","@id":"https:\/\/jornalfatosenoticias.com.br\/#\/schema\/logo\/image\/","url":"https:\/\/jornalfatosenoticias.com.br\/wp-content\/uploads\/2020\/02\/logo120.png","contentUrl":"https:\/\/jornalfatosenoticias.com.br\/wp-content\/uploads\/2020\/02\/logo120.png","width":1227,"height":120,"caption":"Jornal Fatos e Not\u00edcias"},"image":{"@id":"https:\/\/jornalfatosenoticias.com.br\/#\/schema\/logo\/image\/"}},{"@type":"Person","@id":"https:\/\/jornalfatosenoticias.com.br\/#\/schema\/person\/d63837fa13ac8666eb9e74e0985d6f81","name":"Luzimara Fernandes","image":{"@type":"ImageObject","inLanguage":"pt-BR","@id":"https:\/\/jornalfatosenoticias.com.br\/#\/schema\/person\/image\/","url":"https:\/\/jornalfatosenoticias.com.br\/wp-content\/uploads\/2025\/05\/EU_portal.jpg","contentUrl":"https:\/\/jornalfatosenoticias.com.br\/wp-content\/uploads\/2025\/05\/EU_portal.jpg","caption":"Luzimara Fernandes"},"description":"Jornalista MTB 2358-ES","sameAs":["https:\/\/jornalfatosenoticias.com.br"],"url":"https:\/\/jornalfatosenoticias.com.br\/index.php\/author\/luzimara\/"}]}},"cc_featured_image_caption":{"caption_text":"Forno Grande (Foto: Ascom Setur)","source_text":"","source_url":""},"jetpack_featured_media_url":"https:\/\/jornalfatosenoticias.com.br\/wp-content\/uploads\/2020\/12\/Forno-Grande-Setur.jpeg","_links":{"self":[{"href":"https:\/\/jornalfatosenoticias.com.br\/index.php\/wp-json\/wp\/v2\/posts\/12852","targetHints":{"allow":["GET"]}}],"collection":[{"href":"https:\/\/jornalfatosenoticias.com.br\/index.php\/wp-json\/wp\/v2\/posts"}],"about":[{"href":"https:\/\/jornalfatosenoticias.com.br\/index.php\/wp-json\/wp\/v2\/types\/post"}],"author":[{"embeddable":true,"href":"https:\/\/jornalfatosenoticias.com.br\/index.php\/wp-json\/wp\/v2\/users\/2"}],"replies":[{"embeddable":true,"href":"https:\/\/jornalfatosenoticias.com.br\/index.php\/wp-json\/wp\/v2\/comments?post=12852"}],"version-history":[{"count":0,"href":"https:\/\/jornalfatosenoticias.com.br\/index.php\/wp-json\/wp\/v2\/posts\/12852\/revisions"}],"wp:featuredmedia":[{"embeddable":true,"href":"https:\/\/jornalfatosenoticias.com.br\/index.php\/wp-json\/wp\/v2\/media\/12853"}],"wp:attachment":[{"href":"https:\/\/jornalfatosenoticias.com.br\/index.php\/wp-json\/wp\/v2\/media?parent=12852"}],"wp:term":[{"taxonomy":"category","embeddable":true,"href":"https:\/\/jornalfatosenoticias.com.br\/index.php\/wp-json\/wp\/v2\/categories?post=12852"},{"taxonomy":"post_tag","embeddable":true,"href":"https:\/\/jornalfatosenoticias.com.br\/index.php\/wp-json\/wp\/v2\/tags?post=12852"}],"curies":[{"name":"wp","href":"https:\/\/api.w.org\/{rel}","templated":true}]}}