{"id":13040,"date":"2021-01-05T09:41:51","date_gmt":"2021-01-05T12:41:51","guid":{"rendered":"https:\/\/jornalfatosenoticias.com.br\/?p=13040"},"modified":"2021-01-05T09:41:56","modified_gmt":"2021-01-05T12:41:56","slug":"governo-abre-consulta-publica-sobre-reciclagem-de-embalagens-de-vidro","status":"publish","type":"post","link":"https:\/\/jornalfatosenoticias.com.br\/index.php\/2021\/01\/05\/governo-abre-consulta-publica-sobre-reciclagem-de-embalagens-de-vidro\/","title":{"rendered":"Governo abre consulta p\u00fablica sobre reciclagem de embalagens de vidro"},"content":{"rendered":"\n<h6 class=\"wp-block-heading\"><em>Contribui\u00e7\u00f5es podem ser feitas at\u00e9 o dia 5 de fevereiro<\/em><\/h6>\n\n\n\n<p>O Minist\u00e9rio do Meio Ambiente (MMA) abriu ontem (4) consulta p\u00fablica sobre a destina\u00e7\u00e3o final ambientalmente adequada das embalagens de vidro. Prevista h\u00e1 mais de dez anos pela Pol\u00edtica Nacional de Res\u00edduos S\u00f3lidos (PNRS), a institui\u00e7\u00e3o da log\u00edstica reversa de embalagens de vidro \u00e9 o objetivo de uma proposta de decreto da pasta.<br>O documento prev\u00ea o est\u00edmulo \u00e0 inser\u00e7\u00e3o produtiva e remunera\u00e7\u00e3o das cooperativas e associa\u00e7\u00f5es de catadores de materiais reutiliz\u00e1veis e recicl\u00e1veis, abrangendo fabricantes, importadores, distribuidores e comerciantes de produtos comercializados em embalagens de vidro.<br>Com isso, o minist\u00e9rio pretende reduzir a polui\u00e7\u00e3o, manter materiais em uso e regenerar sistemas naturais. Al\u00e9m disso, tamb\u00e9m se pretende gerar empregos e renda via fomento \u00e0 reciclagem, e trazer melhorias \u00e0 sa\u00fade da popula\u00e7\u00e3o, com medidas sanit\u00e1rias mais adequadas.<br>As contribui\u00e7\u00f5es para a consulta p\u00fablica acerca da proposta de Decreto podem ser feitas at\u00e9 o dia 5 de fevereiro pelo <a href=\"http:\/\/consultaspublicas.mma.gov.br\/decretoembalagensdevidro\/?_ga=2.216034066.548475308.1609807703-1353677646.1607385186\" target=\"_blank\" rel=\"noreferrer noopener\"><strong>site do Minist\u00e9rio do Meio Ambiente<\/strong><\/a>.<br>O ministro do Meio Ambiente, Ricardo Salles, comemorou, com uma publica\u00e7\u00e3o em uma rede social, a abertura da consulta p\u00fablica dizendo que se est\u00e1 &#8220;avan\u00e7ando na Agenda Ambiental Urbana&#8221;.<\/p>\n\n\n\n<figure class=\"wp-block-embed-twitter wp-block-embed is-type-rich is-provider-twitter\"><div class=\"wp-block-embed__wrapper\">\n<blockquote class=\"twitter-tweet\" data-width=\"550\" data-dnt=\"true\"><p lang=\"pt\" dir=\"ltr\">Avan\u00e7ando na Agenda Ambiental Urbana ! <a href=\"https:\/\/twitter.com\/hashtag\/lixaozero?src=hash&amp;ref_src=twsrc%5Etfw\">#lixaozero<\/a> <a href=\"https:\/\/t.co\/wVMh2rA0Ph\">https:\/\/t.co\/wVMh2rA0Ph<\/a><\/p>&mdash; Ricardo Salles (@rsallesmma) <a href=\"https:\/\/twitter.com\/rsallesmma\/status\/1346222457926144000?ref_src=twsrc%5Etfw\">January 4, 2021<\/a><\/blockquote><script async src=\"https:\/\/platform.twitter.com\/widgets.js\" charset=\"utf-8\"><\/script>\n<\/div><\/figure>\n\n\n\n<p><strong><em>Fonte: <a href=\"https:\/\/agenciabrasil.ebc.com.br\/geral\/noticia\/2021-01\/governo-abre-consulta-publica-sobre-reciclagem-de-embalagens-de-vidro\">Ag\u00eancia Brasil<\/a><\/em><\/strong><\/p>\n","protected":false},"excerpt":{"rendered":"<p>Contribui\u00e7\u00f5es podem ser feitas at\u00e9 o dia 5 de fevereiro O Minist\u00e9rio do Meio Ambiente (MMA) abriu ontem (4) consulta p\u00fablica sobre a destina\u00e7\u00e3o final ambientalmente adequada das embalagens de vidro. Prevista h\u00e1 mais de dez anos pela Pol\u00edtica Nacional de Res\u00edduos S\u00f3lidos (PNRS), a institui\u00e7\u00e3o da log\u00edstica reversa de embalagens de vidro \u00e9 o [&hellip;]<\/p>\n","protected":false},"author":2,"featured_media":13041,"comment_status":"open","ping_status":"open","sticky":false,"template":"","format":"standard","meta":{"footnotes":""},"categories":[8],"tags":[2578,2851,4642],"class_list":["post-13040","post","type-post","status-publish","format-standard","has-post-thumbnail","hentry","category-meio-ambiente","tag-ministerio-do-meio-ambiente","tag-reciclagem","tag-sapo-de-vidro-2"],"yoast_head":"<!-- This site is optimized with the Yoast SEO plugin v26.5 - https:\/\/yoast.com\/wordpress\/plugins\/seo\/ -->\n<title>Governo abre consulta p\u00fablica sobre reciclagem de embalagens de vidro - Jornal Fatos e Not\u00edcias<\/title>\n<meta name=\"robots\" content=\"index, follow, max-snippet:-1, max-image-preview:large, max-video-preview:-1\" \/>\n<link rel=\"canonical\" href=\"https:\/\/jornalfatosenoticias.com.br\/index.php\/2021\/01\/05\/governo-abre-consulta-publica-sobre-reciclagem-de-embalagens-de-vidro\/\" \/>\n<meta property=\"og:locale\" content=\"pt_BR\" \/>\n<meta property=\"og:type\" content=\"article\" \/>\n<meta property=\"og:title\" content=\"Governo abre consulta p\u00fablica sobre reciclagem de embalagens de vidro - Jornal Fatos e Not\u00edcias\" \/>\n<meta property=\"og:description\" content=\"Contribui\u00e7\u00f5es podem ser feitas at\u00e9 o dia 5 de fevereiro O Minist\u00e9rio do Meio Ambiente (MMA) abriu ontem (4) consulta p\u00fablica sobre a destina\u00e7\u00e3o final ambientalmente adequada das embalagens de vidro. Prevista h\u00e1 mais de dez anos pela Pol\u00edtica Nacional de Res\u00edduos S\u00f3lidos (PNRS), a institui\u00e7\u00e3o da log\u00edstica reversa de embalagens de vidro \u00e9 o [&hellip;]\" \/>\n<meta property=\"og:url\" content=\"https:\/\/jornalfatosenoticias.com.br\/index.php\/2021\/01\/05\/governo-abre-consulta-publica-sobre-reciclagem-de-embalagens-de-vidro\/\" \/>\n<meta property=\"og:site_name\" content=\"Jornal Fatos e Not\u00edcias\" \/>\n<meta property=\"article:published_time\" content=\"2021-01-05T12:41:51+00:00\" \/>\n<meta property=\"article:modified_time\" content=\"2021-01-05T12:41:56+00:00\" \/>\n<meta property=\"og:image\" content=\"https:\/\/jornalfatosenoticias.com.br\/wp-content\/uploads\/2021\/01\/reciclagem-vidro.jpg\" \/>\n\t<meta property=\"og:image:width\" content=\"1000\" \/>\n\t<meta property=\"og:image:height\" content=\"629\" \/>\n\t<meta property=\"og:image:type\" content=\"image\/jpeg\" \/>\n<meta name=\"author\" content=\"Luzimara Fernandes\" \/>\n<meta name=\"twitter:card\" content=\"summary_large_image\" \/>\n<meta name=\"twitter:label1\" content=\"Escrito por\" \/>\n\t<meta name=\"twitter:data1\" content=\"Luzimara Fernandes\" \/>\n\t<meta name=\"twitter:label2\" content=\"Est. tempo de leitura\" \/>\n\t<meta name=\"twitter:data2\" content=\"1 minuto\" \/>\n<script type=\"application\/ld+json\" class=\"yoast-schema-graph\">{\"@context\":\"https:\/\/schema.org\",\"@graph\":[{\"@type\":\"Article\",\"@id\":\"https:\/\/jornalfatosenoticias.com.br\/index.php\/2021\/01\/05\/governo-abre-consulta-publica-sobre-reciclagem-de-embalagens-de-vidro\/#article\",\"isPartOf\":{\"@id\":\"https:\/\/jornalfatosenoticias.com.br\/index.php\/2021\/01\/05\/governo-abre-consulta-publica-sobre-reciclagem-de-embalagens-de-vidro\/\"},\"author\":{\"name\":\"Luzimara Fernandes\",\"@id\":\"https:\/\/jornalfatosenoticias.com.br\/#\/schema\/person\/d63837fa13ac8666eb9e74e0985d6f81\"},\"headline\":\"Governo abre consulta p\u00fablica sobre reciclagem de embalagens de vidro\",\"datePublished\":\"2021-01-05T12:41:51+00:00\",\"dateModified\":\"2021-01-05T12:41:56+00:00\",\"mainEntityOfPage\":{\"@id\":\"https:\/\/jornalfatosenoticias.com.br\/index.php\/2021\/01\/05\/governo-abre-consulta-publica-sobre-reciclagem-de-embalagens-de-vidro\/\"},\"wordCount\":262,\"commentCount\":0,\"publisher\":{\"@id\":\"https:\/\/jornalfatosenoticias.com.br\/#organization\"},\"image\":{\"@id\":\"https:\/\/jornalfatosenoticias.com.br\/index.php\/2021\/01\/05\/governo-abre-consulta-publica-sobre-reciclagem-de-embalagens-de-vidro\/#primaryimage\"},\"thumbnailUrl\":\"https:\/\/jornalfatosenoticias.com.br\/wp-content\/uploads\/2021\/01\/reciclagem-vidro.jpg\",\"keywords\":[\"Minist\u00e9rio do Meio Ambiente\",\"reciclagem\",\"sapo-de-vidro\"],\"articleSection\":[\"Meio ambiente\"],\"inLanguage\":\"pt-BR\",\"potentialAction\":[{\"@type\":\"CommentAction\",\"name\":\"Comment\",\"target\":[\"https:\/\/jornalfatosenoticias.com.br\/index.php\/2021\/01\/05\/governo-abre-consulta-publica-sobre-reciclagem-de-embalagens-de-vidro\/#respond\"]}]},{\"@type\":\"WebPage\",\"@id\":\"https:\/\/jornalfatosenoticias.com.br\/index.php\/2021\/01\/05\/governo-abre-consulta-publica-sobre-reciclagem-de-embalagens-de-vidro\/\",\"url\":\"https:\/\/jornalfatosenoticias.com.br\/index.php\/2021\/01\/05\/governo-abre-consulta-publica-sobre-reciclagem-de-embalagens-de-vidro\/\",\"name\":\"Governo abre consulta p\u00fablica sobre reciclagem de embalagens de vidro - Jornal Fatos e Not\u00edcias\",\"isPartOf\":{\"@id\":\"https:\/\/jornalfatosenoticias.com.br\/#website\"},\"primaryImageOfPage\":{\"@id\":\"https:\/\/jornalfatosenoticias.com.br\/index.php\/2021\/01\/05\/governo-abre-consulta-publica-sobre-reciclagem-de-embalagens-de-vidro\/#primaryimage\"},\"image\":{\"@id\":\"https:\/\/jornalfatosenoticias.com.br\/index.php\/2021\/01\/05\/governo-abre-consulta-publica-sobre-reciclagem-de-embalagens-de-vidro\/#primaryimage\"},\"thumbnailUrl\":\"https:\/\/jornalfatosenoticias.com.br\/wp-content\/uploads\/2021\/01\/reciclagem-vidro.jpg\",\"datePublished\":\"2021-01-05T12:41:51+00:00\",\"dateModified\":\"2021-01-05T12:41:56+00:00\",\"breadcrumb\":{\"@id\":\"https:\/\/jornalfatosenoticias.com.br\/index.php\/2021\/01\/05\/governo-abre-consulta-publica-sobre-reciclagem-de-embalagens-de-vidro\/#breadcrumb\"},\"inLanguage\":\"pt-BR\",\"potentialAction\":[{\"@type\":\"ReadAction\",\"target\":[\"https:\/\/jornalfatosenoticias.com.br\/index.php\/2021\/01\/05\/governo-abre-consulta-publica-sobre-reciclagem-de-embalagens-de-vidro\/\"]}]},{\"@type\":\"ImageObject\",\"inLanguage\":\"pt-BR\",\"@id\":\"https:\/\/jornalfatosenoticias.com.br\/index.php\/2021\/01\/05\/governo-abre-consulta-publica-sobre-reciclagem-de-embalagens-de-vidro\/#primaryimage\",\"url\":\"https:\/\/jornalfatosenoticias.com.br\/wp-content\/uploads\/2021\/01\/reciclagem-vidro.jpg\",\"contentUrl\":\"https:\/\/jornalfatosenoticias.com.br\/wp-content\/uploads\/2021\/01\/reciclagem-vidro.jpg\",\"width\":1000,\"height\":629},{\"@type\":\"BreadcrumbList\",\"@id\":\"https:\/\/jornalfatosenoticias.com.br\/index.php\/2021\/01\/05\/governo-abre-consulta-publica-sobre-reciclagem-de-embalagens-de-vidro\/#breadcrumb\",\"itemListElement\":[{\"@type\":\"ListItem\",\"position\":1,\"name\":\"In\u00edcio\",\"item\":\"https:\/\/jornalfatosenoticias.com.br\/\"},{\"@type\":\"ListItem\",\"position\":2,\"name\":\"Governo abre consulta p\u00fablica sobre reciclagem de embalagens de vidro\"}]},{\"@type\":\"WebSite\",\"@id\":\"https:\/\/jornalfatosenoticias.com.br\/#website\",\"url\":\"https:\/\/jornalfatosenoticias.com.br\/\",\"name\":\"Jornal Fatos e Not\u00edcias\",\"description\":\"Not\u00edcias em geral\",\"publisher\":{\"@id\":\"https:\/\/jornalfatosenoticias.com.br\/#organization\"},\"potentialAction\":[{\"@type\":\"SearchAction\",\"target\":{\"@type\":\"EntryPoint\",\"urlTemplate\":\"https:\/\/jornalfatosenoticias.com.br\/?s={search_term_string}\"},\"query-input\":{\"@type\":\"PropertyValueSpecification\",\"valueRequired\":true,\"valueName\":\"search_term_string\"}}],\"inLanguage\":\"pt-BR\"},{\"@type\":\"Organization\",\"@id\":\"https:\/\/jornalfatosenoticias.com.br\/#organization\",\"name\":\"Jornal Fatos e Not\u00edcias\",\"url\":\"https:\/\/jornalfatosenoticias.com.br\/\",\"logo\":{\"@type\":\"ImageObject\",\"inLanguage\":\"pt-BR\",\"@id\":\"https:\/\/jornalfatosenoticias.com.br\/#\/schema\/logo\/image\/\",\"url\":\"https:\/\/jornalfatosenoticias.com.br\/wp-content\/uploads\/2020\/02\/logo120.png\",\"contentUrl\":\"https:\/\/jornalfatosenoticias.com.br\/wp-content\/uploads\/2020\/02\/logo120.png\",\"width\":1227,\"height\":120,\"caption\":\"Jornal Fatos e Not\u00edcias\"},\"image\":{\"@id\":\"https:\/\/jornalfatosenoticias.com.br\/#\/schema\/logo\/image\/\"}},{\"@type\":\"Person\",\"@id\":\"https:\/\/jornalfatosenoticias.com.br\/#\/schema\/person\/d63837fa13ac8666eb9e74e0985d6f81\",\"name\":\"Luzimara Fernandes\",\"image\":{\"@type\":\"ImageObject\",\"inLanguage\":\"pt-BR\",\"@id\":\"https:\/\/jornalfatosenoticias.com.br\/#\/schema\/person\/image\/\",\"url\":\"https:\/\/jornalfatosenoticias.com.br\/wp-content\/uploads\/2025\/05\/EU_portal.jpg\",\"contentUrl\":\"https:\/\/jornalfatosenoticias.com.br\/wp-content\/uploads\/2025\/05\/EU_portal.jpg\",\"caption\":\"Luzimara Fernandes\"},\"description\":\"Jornalista MTB 2358-ES\",\"sameAs\":[\"https:\/\/jornalfatosenoticias.com.br\"],\"url\":\"https:\/\/jornalfatosenoticias.com.br\/index.php\/author\/luzimara\/\"}]}<\/script>\n<!-- \/ Yoast SEO plugin. -->","yoast_head_json":{"title":"Governo abre consulta p\u00fablica sobre reciclagem de embalagens de vidro - Jornal Fatos e Not\u00edcias","robots":{"index":"index","follow":"follow","max-snippet":"max-snippet:-1","max-image-preview":"max-image-preview:large","max-video-preview":"max-video-preview:-1"},"canonical":"https:\/\/jornalfatosenoticias.com.br\/index.php\/2021\/01\/05\/governo-abre-consulta-publica-sobre-reciclagem-de-embalagens-de-vidro\/","og_locale":"pt_BR","og_type":"article","og_title":"Governo abre consulta p\u00fablica sobre reciclagem de embalagens de vidro - Jornal Fatos e Not\u00edcias","og_description":"Contribui\u00e7\u00f5es podem ser feitas at\u00e9 o dia 5 de fevereiro O Minist\u00e9rio do Meio Ambiente (MMA) abriu ontem (4) consulta p\u00fablica sobre a destina\u00e7\u00e3o final ambientalmente adequada das embalagens de vidro. Prevista h\u00e1 mais de dez anos pela Pol\u00edtica Nacional de Res\u00edduos S\u00f3lidos (PNRS), a institui\u00e7\u00e3o da log\u00edstica reversa de embalagens de vidro \u00e9 o [&hellip;]","og_url":"https:\/\/jornalfatosenoticias.com.br\/index.php\/2021\/01\/05\/governo-abre-consulta-publica-sobre-reciclagem-de-embalagens-de-vidro\/","og_site_name":"Jornal Fatos e Not\u00edcias","article_published_time":"2021-01-05T12:41:51+00:00","article_modified_time":"2021-01-05T12:41:56+00:00","og_image":[{"width":1000,"height":629,"url":"https:\/\/jornalfatosenoticias.com.br\/wp-content\/uploads\/2021\/01\/reciclagem-vidro.jpg","type":"image\/jpeg"}],"author":"Luzimara Fernandes","twitter_card":"summary_large_image","twitter_misc":{"Escrito por":"Luzimara Fernandes","Est. tempo de leitura":"1 minuto"},"schema":{"@context":"https:\/\/schema.org","@graph":[{"@type":"Article","@id":"https:\/\/jornalfatosenoticias.com.br\/index.php\/2021\/01\/05\/governo-abre-consulta-publica-sobre-reciclagem-de-embalagens-de-vidro\/#article","isPartOf":{"@id":"https:\/\/jornalfatosenoticias.com.br\/index.php\/2021\/01\/05\/governo-abre-consulta-publica-sobre-reciclagem-de-embalagens-de-vidro\/"},"author":{"name":"Luzimara Fernandes","@id":"https:\/\/jornalfatosenoticias.com.br\/#\/schema\/person\/d63837fa13ac8666eb9e74e0985d6f81"},"headline":"Governo abre consulta p\u00fablica sobre reciclagem de embalagens de vidro","datePublished":"2021-01-05T12:41:51+00:00","dateModified":"2021-01-05T12:41:56+00:00","mainEntityOfPage":{"@id":"https:\/\/jornalfatosenoticias.com.br\/index.php\/2021\/01\/05\/governo-abre-consulta-publica-sobre-reciclagem-de-embalagens-de-vidro\/"},"wordCount":262,"commentCount":0,"publisher":{"@id":"https:\/\/jornalfatosenoticias.com.br\/#organization"},"image":{"@id":"https:\/\/jornalfatosenoticias.com.br\/index.php\/2021\/01\/05\/governo-abre-consulta-publica-sobre-reciclagem-de-embalagens-de-vidro\/#primaryimage"},"thumbnailUrl":"https:\/\/jornalfatosenoticias.com.br\/wp-content\/uploads\/2021\/01\/reciclagem-vidro.jpg","keywords":["Minist\u00e9rio do Meio Ambiente","reciclagem","sapo-de-vidro"],"articleSection":["Meio ambiente"],"inLanguage":"pt-BR","potentialAction":[{"@type":"CommentAction","name":"Comment","target":["https:\/\/jornalfatosenoticias.com.br\/index.php\/2021\/01\/05\/governo-abre-consulta-publica-sobre-reciclagem-de-embalagens-de-vidro\/#respond"]}]},{"@type":"WebPage","@id":"https:\/\/jornalfatosenoticias.com.br\/index.php\/2021\/01\/05\/governo-abre-consulta-publica-sobre-reciclagem-de-embalagens-de-vidro\/","url":"https:\/\/jornalfatosenoticias.com.br\/index.php\/2021\/01\/05\/governo-abre-consulta-publica-sobre-reciclagem-de-embalagens-de-vidro\/","name":"Governo abre consulta p\u00fablica sobre reciclagem de embalagens de vidro - Jornal Fatos e Not\u00edcias","isPartOf":{"@id":"https:\/\/jornalfatosenoticias.com.br\/#website"},"primaryImageOfPage":{"@id":"https:\/\/jornalfatosenoticias.com.br\/index.php\/2021\/01\/05\/governo-abre-consulta-publica-sobre-reciclagem-de-embalagens-de-vidro\/#primaryimage"},"image":{"@id":"https:\/\/jornalfatosenoticias.com.br\/index.php\/2021\/01\/05\/governo-abre-consulta-publica-sobre-reciclagem-de-embalagens-de-vidro\/#primaryimage"},"thumbnailUrl":"https:\/\/jornalfatosenoticias.com.br\/wp-content\/uploads\/2021\/01\/reciclagem-vidro.jpg","datePublished":"2021-01-05T12:41:51+00:00","dateModified":"2021-01-05T12:41:56+00:00","breadcrumb":{"@id":"https:\/\/jornalfatosenoticias.com.br\/index.php\/2021\/01\/05\/governo-abre-consulta-publica-sobre-reciclagem-de-embalagens-de-vidro\/#breadcrumb"},"inLanguage":"pt-BR","potentialAction":[{"@type":"ReadAction","target":["https:\/\/jornalfatosenoticias.com.br\/index.php\/2021\/01\/05\/governo-abre-consulta-publica-sobre-reciclagem-de-embalagens-de-vidro\/"]}]},{"@type":"ImageObject","inLanguage":"pt-BR","@id":"https:\/\/jornalfatosenoticias.com.br\/index.php\/2021\/01\/05\/governo-abre-consulta-publica-sobre-reciclagem-de-embalagens-de-vidro\/#primaryimage","url":"https:\/\/jornalfatosenoticias.com.br\/wp-content\/uploads\/2021\/01\/reciclagem-vidro.jpg","contentUrl":"https:\/\/jornalfatosenoticias.com.br\/wp-content\/uploads\/2021\/01\/reciclagem-vidro.jpg","width":1000,"height":629},{"@type":"BreadcrumbList","@id":"https:\/\/jornalfatosenoticias.com.br\/index.php\/2021\/01\/05\/governo-abre-consulta-publica-sobre-reciclagem-de-embalagens-de-vidro\/#breadcrumb","itemListElement":[{"@type":"ListItem","position":1,"name":"In\u00edcio","item":"https:\/\/jornalfatosenoticias.com.br\/"},{"@type":"ListItem","position":2,"name":"Governo abre consulta p\u00fablica sobre reciclagem de embalagens de vidro"}]},{"@type":"WebSite","@id":"https:\/\/jornalfatosenoticias.com.br\/#website","url":"https:\/\/jornalfatosenoticias.com.br\/","name":"Jornal Fatos e Not\u00edcias","description":"Not\u00edcias em geral","publisher":{"@id":"https:\/\/jornalfatosenoticias.com.br\/#organization"},"potentialAction":[{"@type":"SearchAction","target":{"@type":"EntryPoint","urlTemplate":"https:\/\/jornalfatosenoticias.com.br\/?s={search_term_string}"},"query-input":{"@type":"PropertyValueSpecification","valueRequired":true,"valueName":"search_term_string"}}],"inLanguage":"pt-BR"},{"@type":"Organization","@id":"https:\/\/jornalfatosenoticias.com.br\/#organization","name":"Jornal Fatos e Not\u00edcias","url":"https:\/\/jornalfatosenoticias.com.br\/","logo":{"@type":"ImageObject","inLanguage":"pt-BR","@id":"https:\/\/jornalfatosenoticias.com.br\/#\/schema\/logo\/image\/","url":"https:\/\/jornalfatosenoticias.com.br\/wp-content\/uploads\/2020\/02\/logo120.png","contentUrl":"https:\/\/jornalfatosenoticias.com.br\/wp-content\/uploads\/2020\/02\/logo120.png","width":1227,"height":120,"caption":"Jornal Fatos e Not\u00edcias"},"image":{"@id":"https:\/\/jornalfatosenoticias.com.br\/#\/schema\/logo\/image\/"}},{"@type":"Person","@id":"https:\/\/jornalfatosenoticias.com.br\/#\/schema\/person\/d63837fa13ac8666eb9e74e0985d6f81","name":"Luzimara Fernandes","image":{"@type":"ImageObject","inLanguage":"pt-BR","@id":"https:\/\/jornalfatosenoticias.com.br\/#\/schema\/person\/image\/","url":"https:\/\/jornalfatosenoticias.com.br\/wp-content\/uploads\/2025\/05\/EU_portal.jpg","contentUrl":"https:\/\/jornalfatosenoticias.com.br\/wp-content\/uploads\/2025\/05\/EU_portal.jpg","caption":"Luzimara Fernandes"},"description":"Jornalista MTB 2358-ES","sameAs":["https:\/\/jornalfatosenoticias.com.br"],"url":"https:\/\/jornalfatosenoticias.com.br\/index.php\/author\/luzimara\/"}]}},"cc_featured_image_caption":{"caption_text":"(Foto: PxHere)","source_text":"","source_url":""},"jetpack_featured_media_url":"https:\/\/jornalfatosenoticias.com.br\/wp-content\/uploads\/2021\/01\/reciclagem-vidro.jpg","_links":{"self":[{"href":"https:\/\/jornalfatosenoticias.com.br\/index.php\/wp-json\/wp\/v2\/posts\/13040","targetHints":{"allow":["GET"]}}],"collection":[{"href":"https:\/\/jornalfatosenoticias.com.br\/index.php\/wp-json\/wp\/v2\/posts"}],"about":[{"href":"https:\/\/jornalfatosenoticias.com.br\/index.php\/wp-json\/wp\/v2\/types\/post"}],"author":[{"embeddable":true,"href":"https:\/\/jornalfatosenoticias.com.br\/index.php\/wp-json\/wp\/v2\/users\/2"}],"replies":[{"embeddable":true,"href":"https:\/\/jornalfatosenoticias.com.br\/index.php\/wp-json\/wp\/v2\/comments?post=13040"}],"version-history":[{"count":0,"href":"https:\/\/jornalfatosenoticias.com.br\/index.php\/wp-json\/wp\/v2\/posts\/13040\/revisions"}],"wp:featuredmedia":[{"embeddable":true,"href":"https:\/\/jornalfatosenoticias.com.br\/index.php\/wp-json\/wp\/v2\/media\/13041"}],"wp:attachment":[{"href":"https:\/\/jornalfatosenoticias.com.br\/index.php\/wp-json\/wp\/v2\/media?parent=13040"}],"wp:term":[{"taxonomy":"category","embeddable":true,"href":"https:\/\/jornalfatosenoticias.com.br\/index.php\/wp-json\/wp\/v2\/categories?post=13040"},{"taxonomy":"post_tag","embeddable":true,"href":"https:\/\/jornalfatosenoticias.com.br\/index.php\/wp-json\/wp\/v2\/tags?post=13040"}],"curies":[{"name":"wp","href":"https:\/\/api.w.org\/{rel}","templated":true}]}}