{"id":13119,"date":"2021-01-06T09:53:02","date_gmt":"2021-01-06T12:53:02","guid":{"rendered":"https:\/\/jornalfatosenoticias.com.br\/?p=13119"},"modified":"2021-01-06T09:53:06","modified_gmt":"2021-01-06T12:53:06","slug":"von-schonwerth-o-folclorista-que-caiu-no-esquecimento","status":"publish","type":"post","link":"https:\/\/jornalfatosenoticias.com.br\/index.php\/2021\/01\/06\/von-schonwerth-o-folclorista-que-caiu-no-esquecimento\/","title":{"rendered":"Von Sch\u00f6nwerth, o folclorista que caiu no esquecimento"},"content":{"rendered":"\n<h6 class=\"wp-block-heading\"><em>Esque\u00e7a as historinhas a\u00e7ucaradas dos irm\u00e3os Grimm. A ess\u00eancia dos contos de fadas medievais foi coletada por um burocrata alem\u00e3o<\/em><\/h6>\n\n\n\n<p>O escritor russo Le\u00f3n Tolst\u00f3i escreveu que para ser universal era preciso saber cantar sua aldeia. Durante toda a vida, Franz Xaver von Sch\u00f6nwerth fez isso em seu tempo livre. O resultado? Um calhama\u00e7o de 30 mil p\u00e1ginas manuscritas, que re\u00fane anota\u00e7\u00f5es sobre a vida cotidiana da regi\u00e3o de Oberpfalz, no sudeste da Alemanha, perto da atual Rep\u00fablica Tcheca, onde nasceu. Al\u00e9m de espetaculares 500 contos de fadas (alguns conhecidos, mas em vers\u00f5es diferentes, outros totalmente in\u00e9ditos).<br>O trabalho de Von Sch\u00f6nwerth, considerado um dos maiores <a href=\"https:\/\/aventurasnahistoria.uol.com.br\/noticias\/reportagem\/comadre-fulozinha-lenda-mais-famosa-do-nordeste.phtml\">folcloristas<\/a> da Alemanha, s\u00f3 come\u00e7ou a ser resgatado recentemente.<\/p>\n\n\n\n<blockquote class=\"wp-block-quote is-layout-flow wp-block-quote-is-layout-flow\"><p>&#8220;O legado dele \u00e9 uma fonte sem igual. Ele nos permite uma vis\u00e3o \u00fanica na vida da Alemanha no meio do s\u00e9culo 19&#8221;, diz Manuel Trummer, especialista em Von Sch\u00f6nwerth. &#8220;A quantidade e a densidade dos manuscritos s\u00e3o \u00fanicos e apresentam uma universalidade que os fazem importantes n\u00e3o apenas para a Alemanha&#8221;.<\/p><\/blockquote>\n\n\n\n<p>O modus operandi do folclorista era at\u00e9 singelo. Enquanto estava em Munique, onde viveu a maior parte do tempo por causa de suas obriga\u00e7\u00f5es na corte de Maximiliano 2\u00ba, de quem foi secret\u00e1rio-geral e conselheiro, convidava pessoas origin\u00e1rias da Oberpfalz para um caf\u00e9 e escutava suas hist\u00f3rias. Essas pessoas geralmente n\u00e3o tinham altos cargos ou riqueza. Pelo contr\u00e1rio, eram da classe mais baixa. Ele tamb\u00e9m desenvolveu um question\u00e1rio, que sempre repetia para seus entrevistados.<br>Em 1860 e 1861, passou temporadas em Oberpfalz fazendo o trabalho de pesquisa no local \u2014 conversando com pessoas, transcrevendo o que lhe era contado, fazendo perguntas sobre diversos temas. Em seus relatos, h\u00e1 uma vis\u00e3o direta, met\u00f3dica e quase sem interfer\u00eancia sobre o trabalho, a comida, as roupas, os passatempos, os ditados, as hist\u00f3rias e os contos de fadas que andavam de boca em boca na popula\u00e7\u00e3o de sua regi\u00e3o.<br>Em 1857, publicou o primeiro volume da s\u00e9rie Aus der Oberpfalz \u2014 Sitten und Sagen (De Oberpfalz \u2014 Maneiras e Hist\u00f3rias). Em 1858 e 1859, publicou o segundo e o terceiro volume da s\u00e9rie, obras-primas da pesquisa folcl\u00f3rica. Apesar de grandes elogios do rei Maximiliano 2\u00ba e at\u00e9 dos irm\u00e3os <a href=\"https:\/\/aventurasnahistoria.uol.com.br\/noticias\/vitrine\/livro-reune-contos-mais-famosos-dos-enigmaticos-irmaos-grimm.phtml\"><strong>Grimm<\/strong><\/a>, os livros foram um retumbante fracasso de vendas. Von Sch\u00f6nwerth continuou pesquisando e escrevendo o que ouvia e observava, mas depois de sua morte, em 1886, seu trabalho e seu nome ca\u00edram no esquecimento.<\/p>\n\n\n\n<h4 class=\"wp-block-heading\">Recupera\u00e7\u00e3o<\/h4>\n\n\n\n<p>Os manuscritos de Von Sch\u00f6nwerth est\u00e3o no Arquivo Hist\u00f3rico de Regensburg. Um acervo gigantesco que, ali\u00e1s, nem sequer foi lido por completo \u2014 a Universidade de Regenburg \u00e9 respons\u00e1vel por esse dif\u00edcil trabalho. Mesmo assim, volta e meia algum pesquisador d\u00e1 de cara com um tesouro. Como Erika Eichenseer, curadora de cultura da regi\u00e3o de Oberpfalz que, pesquisando os manuscritos, achou os tais 500 contos de fada in\u00e9ditos.<br>O material recolhido pelo folclorista \u00e9 onde se pode ver a universalidade da qual Trummer fala. In\u00fameros contos come\u00e7am com o cl\u00e1ssico &#8220;era uma vez\u2026&#8221;. Outros s\u00e3o vers\u00f5es diferentes de contos de fada conhecidos, como Jo\u00e3o e Maria e Cinderela. Aqui, a compara\u00e7\u00e3o com os irm\u00e3os Jacob e Wilhelm Grimm \u00e9 inevit\u00e1vel. Os Grimm tamb\u00e9m eram grandes folcloristas e pesquisadores do s\u00e9culo 19 e tornaram-se mundialmente famosos.<\/p>\n\n\n\n<h4 class=\"wp-block-heading\">Por que Von Sch\u00f6nwerth acabou esquecido?<\/h4>\n\n\n\n<p>Trummer tenta explicar: &#8220;Ele ficou, talvez, aprisionado na regionalidade. Suas grandes obras t\u00eam no t\u00edtulo o nome da regi\u00e3o da Oberpfalz. Possivelmente deve ter surgido um preconceito geral, achando que ele era relevante s\u00f3 para essa regi\u00e3o&#8221;.<br>Outra raz\u00e3o, talvez ainda mais importante, nas palavras de Trummer: &#8220;Von Sch\u00f6nwerth n\u00e3o editou suas hist\u00f3rias ou seus contos de fadas como os irm\u00e3os Grimm. Os Grimm tinham o \u00edmpeto pol\u00edtico de ajudar na forma\u00e7\u00e3o de uma identidade alem\u00e3 na \u00e9poca e, por isso, cortaram partes er\u00f3ticas, no\u00e7\u00f5es de tempo e lugar, costumes locais. Eles fizeram uma grande edi\u00e7\u00e3o dos textos, pois queriam transformar hist\u00f3rias populares em contos liter\u00e1rios&#8221;.<\/p>\n\n\n\n<figure class=\"wp-block-image size-large\"><img loading=\"lazy\" decoding=\"async\" width=\"1000\" height=\"562\" src=\"https:\/\/jornalfatosenoticias.com.br\/wp-content\/uploads\/2021\/01\/franz-xaver-von-schnwerth-Erika-Eichenseer.jpeg\" alt=\"\" class=\"wp-image-13120\" srcset=\"https:\/\/jornalfatosenoticias.com.br\/wp-content\/uploads\/2021\/01\/franz-xaver-von-schnwerth-Erika-Eichenseer.jpeg 1000w, https:\/\/jornalfatosenoticias.com.br\/wp-content\/uploads\/2021\/01\/franz-xaver-von-schnwerth-Erika-Eichenseer-300x169.jpeg 300w, https:\/\/jornalfatosenoticias.com.br\/wp-content\/uploads\/2021\/01\/franz-xaver-von-schnwerth-Erika-Eichenseer-768x432.jpeg 768w\" sizes=\"auto, (max-width: 1000px) 100vw, 1000px\" \/><figcaption><em>Em Regensburg, Erika e Adolf Eichenseer apresentam os documentos do folklorista Franz Xaver Sch\u00f6nwerth (Foto: Picture-Alliance\/DPA)<\/em><\/figcaption><\/figure>\n\n\n\n<h4 class=\"wp-block-heading\">Dura realidade<\/h4>\n\n\n\n<p>Os contos coletados por Von Sch\u00f6nwerth n\u00e3o tratam apenas de pr\u00edncipes e princesas e nem sempre t\u00eam um final feliz. Falam de ofensas e crimes contra a natureza, de vagabundos astutos que tentam sempre levar vantagem, de animais, frequentemente protagonistas de hist\u00f3rias m\u00e1gicas. H\u00e1 tamb\u00e9m farsas engra\u00e7adas, nas quais d\u00e1 para ter uma perfeita ideia da situa\u00e7\u00e3o em que eram contadas. Von Sch\u00f6nwerth agia como um cientista. Simplesmente reproduzia os contos tal como os escutava, sem mexer e editar os relatos.<br>&#8220;Os contos de fada de Von Sch\u00f6nwerth t\u00eam um frescor maior. N\u00e3o s\u00e3o t\u00e3o artificiais como os dos irm\u00e3os Grimm&#8221;, afirma a pesquisadora Erika Eichenseer.<br>Originalmente, contos de fadas n\u00e3o eram apenas hist\u00f3rias infantis. Na Idade M\u00e9dia, n\u00e3o havia distin\u00e7\u00e3o entre crian\u00e7as, adolescentes e adultos \u2014 todos dividiam o mesmo espa\u00e7o, inclusive aquele dedicado a contar e ouvir hist\u00f3rias. A fun\u00e7\u00e3o dos contos, de acordo com o professor brasileiro Edm\u00edlson Martins Rodrigues, era unir a comunidade e transmitir valores (mas n\u00e3o a moral da hist\u00f3ria): n\u00e3o se desvie do caminho, obede\u00e7a os mais velhos, n\u00e3o d\u00ea aten\u00e7\u00e3o a estranhos.<br>O mundo dos contos de fadas s\u00f3 mudou no s\u00e9culo 18, quando come\u00e7a a existir a distin\u00e7\u00e3o entre a inf\u00e2ncia e a idade adulta \u2014 quem se vale disso s\u00e3o escritores como Charles Perrault, Hans Christian Andersen e, claro, os irm\u00e3os Grimm, que n\u00e3o t\u00eam pudor em adaptar as hist\u00f3rias ao gosto popular. O trabalho na Universidade de Regensburg pode ajudar a trazer novas luzes para um tempo quase esquecido, que repousa nos manuscritos de Von Sch\u00f6nwerth.<\/p>\n\n\n\n<p><em><strong>Foto de capa: <\/strong>S. Hermann &amp; F. Richter\/Pixabay<\/em><\/p>\n\n\n\n<p><strong><em>Fonte: <a href=\"https:\/\/aventurasnahistoria.uol.com.br\/noticias\/reportagem\/von-schonwerth-o-folclorista-que-caiu-no-esquecimento.phtml\">Aventuras na Hist\u00f3ria<\/a><\/em><\/strong><\/p>\n","protected":false},"excerpt":{"rendered":"<p>Esque\u00e7a as historinhas a\u00e7ucaradas dos irm\u00e3os Grimm. A ess\u00eancia dos contos de fadas medievais foi coletada por um burocrata alem\u00e3o O escritor russo Le\u00f3n Tolst\u00f3i escreveu que para ser universal era preciso saber cantar sua aldeia. Durante toda a vida, Franz Xaver von Sch\u00f6nwerth fez isso em seu tempo livre. O resultado? Um calhama\u00e7o de [&hellip;]<\/p>\n","protected":false},"author":2,"featured_media":13121,"comment_status":"open","ping_status":"open","sticky":false,"template":"","format":"standard","meta":{"footnotes":""},"categories":[4],"tags":[6807,6803,6804,6805,6806],"class_list":["post-13119","post","type-post","status-publish","format-standard","has-post-thumbnail","hentry","category-cultura","tag-esquecimento","tag-fadas","tag-folclore","tag-irmaos-grimm","tag-von-schonwerth"],"yoast_head":"<!-- This site is optimized with the Yoast SEO plugin v26.5 - https:\/\/yoast.com\/wordpress\/plugins\/seo\/ -->\n<title>Von Sch\u00f6nwerth, o folclorista que caiu no esquecimento - Jornal Fatos e Not\u00edcias<\/title>\n<meta name=\"robots\" content=\"index, follow, max-snippet:-1, max-image-preview:large, max-video-preview:-1\" \/>\n<link rel=\"canonical\" href=\"https:\/\/jornalfatosenoticias.com.br\/index.php\/2021\/01\/06\/von-schonwerth-o-folclorista-que-caiu-no-esquecimento\/\" \/>\n<meta property=\"og:locale\" content=\"pt_BR\" \/>\n<meta property=\"og:type\" content=\"article\" \/>\n<meta property=\"og:title\" content=\"Von Sch\u00f6nwerth, o folclorista que caiu no esquecimento - Jornal Fatos e Not\u00edcias\" \/>\n<meta property=\"og:description\" content=\"Esque\u00e7a as historinhas a\u00e7ucaradas dos irm\u00e3os Grimm. A ess\u00eancia dos contos de fadas medievais foi coletada por um burocrata alem\u00e3o O escritor russo Le\u00f3n Tolst\u00f3i escreveu que para ser universal era preciso saber cantar sua aldeia. Durante toda a vida, Franz Xaver von Sch\u00f6nwerth fez isso em seu tempo livre. O resultado? Um calhama\u00e7o de [&hellip;]\" \/>\n<meta property=\"og:url\" content=\"https:\/\/jornalfatosenoticias.com.br\/index.php\/2021\/01\/06\/von-schonwerth-o-folclorista-que-caiu-no-esquecimento\/\" \/>\n<meta property=\"og:site_name\" content=\"Jornal Fatos e Not\u00edcias\" \/>\n<meta property=\"article:published_time\" content=\"2021-01-06T12:53:02+00:00\" \/>\n<meta property=\"article:modified_time\" content=\"2021-01-06T12:53:06+00:00\" \/>\n<meta property=\"og:image\" content=\"https:\/\/jornalfatosenoticias.com.br\/wp-content\/uploads\/2021\/01\/von-Schonwerth.jpg\" \/>\n\t<meta property=\"og:image:width\" content=\"1000\" \/>\n\t<meta property=\"og:image:height\" content=\"562\" \/>\n\t<meta property=\"og:image:type\" content=\"image\/jpeg\" \/>\n<meta name=\"author\" content=\"Luzimara Fernandes\" \/>\n<meta name=\"twitter:card\" content=\"summary_large_image\" \/>\n<meta name=\"twitter:label1\" content=\"Escrito por\" \/>\n\t<meta name=\"twitter:data1\" content=\"Luzimara Fernandes\" \/>\n\t<meta name=\"twitter:label2\" content=\"Est. tempo de leitura\" \/>\n\t<meta name=\"twitter:data2\" content=\"5 minutos\" \/>\n<script type=\"application\/ld+json\" class=\"yoast-schema-graph\">{\"@context\":\"https:\/\/schema.org\",\"@graph\":[{\"@type\":\"Article\",\"@id\":\"https:\/\/jornalfatosenoticias.com.br\/index.php\/2021\/01\/06\/von-schonwerth-o-folclorista-que-caiu-no-esquecimento\/#article\",\"isPartOf\":{\"@id\":\"https:\/\/jornalfatosenoticias.com.br\/index.php\/2021\/01\/06\/von-schonwerth-o-folclorista-que-caiu-no-esquecimento\/\"},\"author\":{\"name\":\"Luzimara Fernandes\",\"@id\":\"https:\/\/jornalfatosenoticias.com.br\/#\/schema\/person\/d63837fa13ac8666eb9e74e0985d6f81\"},\"headline\":\"Von Sch\u00f6nwerth, o folclorista que caiu no esquecimento\",\"datePublished\":\"2021-01-06T12:53:02+00:00\",\"dateModified\":\"2021-01-06T12:53:06+00:00\",\"mainEntityOfPage\":{\"@id\":\"https:\/\/jornalfatosenoticias.com.br\/index.php\/2021\/01\/06\/von-schonwerth-o-folclorista-que-caiu-no-esquecimento\/\"},\"wordCount\":1045,\"commentCount\":0,\"publisher\":{\"@id\":\"https:\/\/jornalfatosenoticias.com.br\/#organization\"},\"image\":{\"@id\":\"https:\/\/jornalfatosenoticias.com.br\/index.php\/2021\/01\/06\/von-schonwerth-o-folclorista-que-caiu-no-esquecimento\/#primaryimage\"},\"thumbnailUrl\":\"https:\/\/jornalfatosenoticias.com.br\/wp-content\/uploads\/2021\/01\/von-Schonwerth.jpg\",\"keywords\":[\"esquecimento\",\"fadas\",\"folclore\",\"Irm\u00e3os Grimm\",\"Von Sch\u00f6nwerth\"],\"articleSection\":[\"Cultura\"],\"inLanguage\":\"pt-BR\",\"potentialAction\":[{\"@type\":\"CommentAction\",\"name\":\"Comment\",\"target\":[\"https:\/\/jornalfatosenoticias.com.br\/index.php\/2021\/01\/06\/von-schonwerth-o-folclorista-que-caiu-no-esquecimento\/#respond\"]}]},{\"@type\":\"WebPage\",\"@id\":\"https:\/\/jornalfatosenoticias.com.br\/index.php\/2021\/01\/06\/von-schonwerth-o-folclorista-que-caiu-no-esquecimento\/\",\"url\":\"https:\/\/jornalfatosenoticias.com.br\/index.php\/2021\/01\/06\/von-schonwerth-o-folclorista-que-caiu-no-esquecimento\/\",\"name\":\"Von Sch\u00f6nwerth, o folclorista que caiu no esquecimento - Jornal Fatos e Not\u00edcias\",\"isPartOf\":{\"@id\":\"https:\/\/jornalfatosenoticias.com.br\/#website\"},\"primaryImageOfPage\":{\"@id\":\"https:\/\/jornalfatosenoticias.com.br\/index.php\/2021\/01\/06\/von-schonwerth-o-folclorista-que-caiu-no-esquecimento\/#primaryimage\"},\"image\":{\"@id\":\"https:\/\/jornalfatosenoticias.com.br\/index.php\/2021\/01\/06\/von-schonwerth-o-folclorista-que-caiu-no-esquecimento\/#primaryimage\"},\"thumbnailUrl\":\"https:\/\/jornalfatosenoticias.com.br\/wp-content\/uploads\/2021\/01\/von-Schonwerth.jpg\",\"datePublished\":\"2021-01-06T12:53:02+00:00\",\"dateModified\":\"2021-01-06T12:53:06+00:00\",\"breadcrumb\":{\"@id\":\"https:\/\/jornalfatosenoticias.com.br\/index.php\/2021\/01\/06\/von-schonwerth-o-folclorista-que-caiu-no-esquecimento\/#breadcrumb\"},\"inLanguage\":\"pt-BR\",\"potentialAction\":[{\"@type\":\"ReadAction\",\"target\":[\"https:\/\/jornalfatosenoticias.com.br\/index.php\/2021\/01\/06\/von-schonwerth-o-folclorista-que-caiu-no-esquecimento\/\"]}]},{\"@type\":\"ImageObject\",\"inLanguage\":\"pt-BR\",\"@id\":\"https:\/\/jornalfatosenoticias.com.br\/index.php\/2021\/01\/06\/von-schonwerth-o-folclorista-que-caiu-no-esquecimento\/#primaryimage\",\"url\":\"https:\/\/jornalfatosenoticias.com.br\/wp-content\/uploads\/2021\/01\/von-Schonwerth.jpg\",\"contentUrl\":\"https:\/\/jornalfatosenoticias.com.br\/wp-content\/uploads\/2021\/01\/von-Schonwerth.jpg\",\"width\":1000,\"height\":562},{\"@type\":\"BreadcrumbList\",\"@id\":\"https:\/\/jornalfatosenoticias.com.br\/index.php\/2021\/01\/06\/von-schonwerth-o-folclorista-que-caiu-no-esquecimento\/#breadcrumb\",\"itemListElement\":[{\"@type\":\"ListItem\",\"position\":1,\"name\":\"In\u00edcio\",\"item\":\"https:\/\/jornalfatosenoticias.com.br\/\"},{\"@type\":\"ListItem\",\"position\":2,\"name\":\"Von Sch\u00f6nwerth, o folclorista que caiu no esquecimento\"}]},{\"@type\":\"WebSite\",\"@id\":\"https:\/\/jornalfatosenoticias.com.br\/#website\",\"url\":\"https:\/\/jornalfatosenoticias.com.br\/\",\"name\":\"Jornal Fatos e Not\u00edcias\",\"description\":\"Not\u00edcias em geral\",\"publisher\":{\"@id\":\"https:\/\/jornalfatosenoticias.com.br\/#organization\"},\"potentialAction\":[{\"@type\":\"SearchAction\",\"target\":{\"@type\":\"EntryPoint\",\"urlTemplate\":\"https:\/\/jornalfatosenoticias.com.br\/?s={search_term_string}\"},\"query-input\":{\"@type\":\"PropertyValueSpecification\",\"valueRequired\":true,\"valueName\":\"search_term_string\"}}],\"inLanguage\":\"pt-BR\"},{\"@type\":\"Organization\",\"@id\":\"https:\/\/jornalfatosenoticias.com.br\/#organization\",\"name\":\"Jornal Fatos e Not\u00edcias\",\"url\":\"https:\/\/jornalfatosenoticias.com.br\/\",\"logo\":{\"@type\":\"ImageObject\",\"inLanguage\":\"pt-BR\",\"@id\":\"https:\/\/jornalfatosenoticias.com.br\/#\/schema\/logo\/image\/\",\"url\":\"https:\/\/jornalfatosenoticias.com.br\/wp-content\/uploads\/2020\/02\/logo120.png\",\"contentUrl\":\"https:\/\/jornalfatosenoticias.com.br\/wp-content\/uploads\/2020\/02\/logo120.png\",\"width\":1227,\"height\":120,\"caption\":\"Jornal Fatos e Not\u00edcias\"},\"image\":{\"@id\":\"https:\/\/jornalfatosenoticias.com.br\/#\/schema\/logo\/image\/\"}},{\"@type\":\"Person\",\"@id\":\"https:\/\/jornalfatosenoticias.com.br\/#\/schema\/person\/d63837fa13ac8666eb9e74e0985d6f81\",\"name\":\"Luzimara Fernandes\",\"image\":{\"@type\":\"ImageObject\",\"inLanguage\":\"pt-BR\",\"@id\":\"https:\/\/jornalfatosenoticias.com.br\/#\/schema\/person\/image\/\",\"url\":\"https:\/\/jornalfatosenoticias.com.br\/wp-content\/uploads\/2025\/05\/EU_portal.jpg\",\"contentUrl\":\"https:\/\/jornalfatosenoticias.com.br\/wp-content\/uploads\/2025\/05\/EU_portal.jpg\",\"caption\":\"Luzimara Fernandes\"},\"description\":\"Jornalista MTB 2358-ES\",\"sameAs\":[\"https:\/\/jornalfatosenoticias.com.br\"],\"url\":\"https:\/\/jornalfatosenoticias.com.br\/index.php\/author\/luzimara\/\"}]}<\/script>\n<!-- \/ Yoast SEO plugin. -->","yoast_head_json":{"title":"Von Sch\u00f6nwerth, o folclorista que caiu no esquecimento - Jornal Fatos e Not\u00edcias","robots":{"index":"index","follow":"follow","max-snippet":"max-snippet:-1","max-image-preview":"max-image-preview:large","max-video-preview":"max-video-preview:-1"},"canonical":"https:\/\/jornalfatosenoticias.com.br\/index.php\/2021\/01\/06\/von-schonwerth-o-folclorista-que-caiu-no-esquecimento\/","og_locale":"pt_BR","og_type":"article","og_title":"Von Sch\u00f6nwerth, o folclorista que caiu no esquecimento - Jornal Fatos e Not\u00edcias","og_description":"Esque\u00e7a as historinhas a\u00e7ucaradas dos irm\u00e3os Grimm. A ess\u00eancia dos contos de fadas medievais foi coletada por um burocrata alem\u00e3o O escritor russo Le\u00f3n Tolst\u00f3i escreveu que para ser universal era preciso saber cantar sua aldeia. Durante toda a vida, Franz Xaver von Sch\u00f6nwerth fez isso em seu tempo livre. O resultado? Um calhama\u00e7o de [&hellip;]","og_url":"https:\/\/jornalfatosenoticias.com.br\/index.php\/2021\/01\/06\/von-schonwerth-o-folclorista-que-caiu-no-esquecimento\/","og_site_name":"Jornal Fatos e Not\u00edcias","article_published_time":"2021-01-06T12:53:02+00:00","article_modified_time":"2021-01-06T12:53:06+00:00","og_image":[{"width":1000,"height":562,"url":"https:\/\/jornalfatosenoticias.com.br\/wp-content\/uploads\/2021\/01\/von-Schonwerth.jpg","type":"image\/jpeg"}],"author":"Luzimara Fernandes","twitter_card":"summary_large_image","twitter_misc":{"Escrito por":"Luzimara Fernandes","Est. tempo de leitura":"5 minutos"},"schema":{"@context":"https:\/\/schema.org","@graph":[{"@type":"Article","@id":"https:\/\/jornalfatosenoticias.com.br\/index.php\/2021\/01\/06\/von-schonwerth-o-folclorista-que-caiu-no-esquecimento\/#article","isPartOf":{"@id":"https:\/\/jornalfatosenoticias.com.br\/index.php\/2021\/01\/06\/von-schonwerth-o-folclorista-que-caiu-no-esquecimento\/"},"author":{"name":"Luzimara Fernandes","@id":"https:\/\/jornalfatosenoticias.com.br\/#\/schema\/person\/d63837fa13ac8666eb9e74e0985d6f81"},"headline":"Von Sch\u00f6nwerth, o folclorista que caiu no esquecimento","datePublished":"2021-01-06T12:53:02+00:00","dateModified":"2021-01-06T12:53:06+00:00","mainEntityOfPage":{"@id":"https:\/\/jornalfatosenoticias.com.br\/index.php\/2021\/01\/06\/von-schonwerth-o-folclorista-que-caiu-no-esquecimento\/"},"wordCount":1045,"commentCount":0,"publisher":{"@id":"https:\/\/jornalfatosenoticias.com.br\/#organization"},"image":{"@id":"https:\/\/jornalfatosenoticias.com.br\/index.php\/2021\/01\/06\/von-schonwerth-o-folclorista-que-caiu-no-esquecimento\/#primaryimage"},"thumbnailUrl":"https:\/\/jornalfatosenoticias.com.br\/wp-content\/uploads\/2021\/01\/von-Schonwerth.jpg","keywords":["esquecimento","fadas","folclore","Irm\u00e3os Grimm","Von Sch\u00f6nwerth"],"articleSection":["Cultura"],"inLanguage":"pt-BR","potentialAction":[{"@type":"CommentAction","name":"Comment","target":["https:\/\/jornalfatosenoticias.com.br\/index.php\/2021\/01\/06\/von-schonwerth-o-folclorista-que-caiu-no-esquecimento\/#respond"]}]},{"@type":"WebPage","@id":"https:\/\/jornalfatosenoticias.com.br\/index.php\/2021\/01\/06\/von-schonwerth-o-folclorista-que-caiu-no-esquecimento\/","url":"https:\/\/jornalfatosenoticias.com.br\/index.php\/2021\/01\/06\/von-schonwerth-o-folclorista-que-caiu-no-esquecimento\/","name":"Von Sch\u00f6nwerth, o folclorista que caiu no esquecimento - Jornal Fatos e Not\u00edcias","isPartOf":{"@id":"https:\/\/jornalfatosenoticias.com.br\/#website"},"primaryImageOfPage":{"@id":"https:\/\/jornalfatosenoticias.com.br\/index.php\/2021\/01\/06\/von-schonwerth-o-folclorista-que-caiu-no-esquecimento\/#primaryimage"},"image":{"@id":"https:\/\/jornalfatosenoticias.com.br\/index.php\/2021\/01\/06\/von-schonwerth-o-folclorista-que-caiu-no-esquecimento\/#primaryimage"},"thumbnailUrl":"https:\/\/jornalfatosenoticias.com.br\/wp-content\/uploads\/2021\/01\/von-Schonwerth.jpg","datePublished":"2021-01-06T12:53:02+00:00","dateModified":"2021-01-06T12:53:06+00:00","breadcrumb":{"@id":"https:\/\/jornalfatosenoticias.com.br\/index.php\/2021\/01\/06\/von-schonwerth-o-folclorista-que-caiu-no-esquecimento\/#breadcrumb"},"inLanguage":"pt-BR","potentialAction":[{"@type":"ReadAction","target":["https:\/\/jornalfatosenoticias.com.br\/index.php\/2021\/01\/06\/von-schonwerth-o-folclorista-que-caiu-no-esquecimento\/"]}]},{"@type":"ImageObject","inLanguage":"pt-BR","@id":"https:\/\/jornalfatosenoticias.com.br\/index.php\/2021\/01\/06\/von-schonwerth-o-folclorista-que-caiu-no-esquecimento\/#primaryimage","url":"https:\/\/jornalfatosenoticias.com.br\/wp-content\/uploads\/2021\/01\/von-Schonwerth.jpg","contentUrl":"https:\/\/jornalfatosenoticias.com.br\/wp-content\/uploads\/2021\/01\/von-Schonwerth.jpg","width":1000,"height":562},{"@type":"BreadcrumbList","@id":"https:\/\/jornalfatosenoticias.com.br\/index.php\/2021\/01\/06\/von-schonwerth-o-folclorista-que-caiu-no-esquecimento\/#breadcrumb","itemListElement":[{"@type":"ListItem","position":1,"name":"In\u00edcio","item":"https:\/\/jornalfatosenoticias.com.br\/"},{"@type":"ListItem","position":2,"name":"Von Sch\u00f6nwerth, o folclorista que caiu no esquecimento"}]},{"@type":"WebSite","@id":"https:\/\/jornalfatosenoticias.com.br\/#website","url":"https:\/\/jornalfatosenoticias.com.br\/","name":"Jornal Fatos e Not\u00edcias","description":"Not\u00edcias em geral","publisher":{"@id":"https:\/\/jornalfatosenoticias.com.br\/#organization"},"potentialAction":[{"@type":"SearchAction","target":{"@type":"EntryPoint","urlTemplate":"https:\/\/jornalfatosenoticias.com.br\/?s={search_term_string}"},"query-input":{"@type":"PropertyValueSpecification","valueRequired":true,"valueName":"search_term_string"}}],"inLanguage":"pt-BR"},{"@type":"Organization","@id":"https:\/\/jornalfatosenoticias.com.br\/#organization","name":"Jornal Fatos e Not\u00edcias","url":"https:\/\/jornalfatosenoticias.com.br\/","logo":{"@type":"ImageObject","inLanguage":"pt-BR","@id":"https:\/\/jornalfatosenoticias.com.br\/#\/schema\/logo\/image\/","url":"https:\/\/jornalfatosenoticias.com.br\/wp-content\/uploads\/2020\/02\/logo120.png","contentUrl":"https:\/\/jornalfatosenoticias.com.br\/wp-content\/uploads\/2020\/02\/logo120.png","width":1227,"height":120,"caption":"Jornal Fatos e Not\u00edcias"},"image":{"@id":"https:\/\/jornalfatosenoticias.com.br\/#\/schema\/logo\/image\/"}},{"@type":"Person","@id":"https:\/\/jornalfatosenoticias.com.br\/#\/schema\/person\/d63837fa13ac8666eb9e74e0985d6f81","name":"Luzimara Fernandes","image":{"@type":"ImageObject","inLanguage":"pt-BR","@id":"https:\/\/jornalfatosenoticias.com.br\/#\/schema\/person\/image\/","url":"https:\/\/jornalfatosenoticias.com.br\/wp-content\/uploads\/2025\/05\/EU_portal.jpg","contentUrl":"https:\/\/jornalfatosenoticias.com.br\/wp-content\/uploads\/2025\/05\/EU_portal.jpg","caption":"Luzimara Fernandes"},"description":"Jornalista MTB 2358-ES","sameAs":["https:\/\/jornalfatosenoticias.com.br"],"url":"https:\/\/jornalfatosenoticias.com.br\/index.php\/author\/luzimara\/"}]}},"cc_featured_image_caption":{"caption_text":"","source_text":"","source_url":""},"jetpack_featured_media_url":"https:\/\/jornalfatosenoticias.com.br\/wp-content\/uploads\/2021\/01\/von-Schonwerth.jpg","_links":{"self":[{"href":"https:\/\/jornalfatosenoticias.com.br\/index.php\/wp-json\/wp\/v2\/posts\/13119","targetHints":{"allow":["GET"]}}],"collection":[{"href":"https:\/\/jornalfatosenoticias.com.br\/index.php\/wp-json\/wp\/v2\/posts"}],"about":[{"href":"https:\/\/jornalfatosenoticias.com.br\/index.php\/wp-json\/wp\/v2\/types\/post"}],"author":[{"embeddable":true,"href":"https:\/\/jornalfatosenoticias.com.br\/index.php\/wp-json\/wp\/v2\/users\/2"}],"replies":[{"embeddable":true,"href":"https:\/\/jornalfatosenoticias.com.br\/index.php\/wp-json\/wp\/v2\/comments?post=13119"}],"version-history":[{"count":0,"href":"https:\/\/jornalfatosenoticias.com.br\/index.php\/wp-json\/wp\/v2\/posts\/13119\/revisions"}],"wp:featuredmedia":[{"embeddable":true,"href":"https:\/\/jornalfatosenoticias.com.br\/index.php\/wp-json\/wp\/v2\/media\/13121"}],"wp:attachment":[{"href":"https:\/\/jornalfatosenoticias.com.br\/index.php\/wp-json\/wp\/v2\/media?parent=13119"}],"wp:term":[{"taxonomy":"category","embeddable":true,"href":"https:\/\/jornalfatosenoticias.com.br\/index.php\/wp-json\/wp\/v2\/categories?post=13119"},{"taxonomy":"post_tag","embeddable":true,"href":"https:\/\/jornalfatosenoticias.com.br\/index.php\/wp-json\/wp\/v2\/tags?post=13119"}],"curies":[{"name":"wp","href":"https:\/\/api.w.org\/{rel}","templated":true}]}}