{"id":13124,"date":"2021-01-06T10:14:18","date_gmt":"2021-01-06T13:14:18","guid":{"rendered":"https:\/\/jornalfatosenoticias.com.br\/?p=13124"},"modified":"2021-01-06T10:14:24","modified_gmt":"2021-01-06T13:14:24","slug":"vila-sesamo-cria-personagens-islamicos-e-refugiados-em-sopro-de-diversidade","status":"publish","type":"post","link":"https:\/\/jornalfatosenoticias.com.br\/index.php\/2021\/01\/06\/vila-sesamo-cria-personagens-islamicos-e-refugiados-em-sopro-de-diversidade\/","title":{"rendered":"\u2018Vila S\u00e9samo\u2019 cria personagens isl\u00e2micos e refugiados em sopro de diversidade"},"content":{"rendered":"\n<p>Criado por Jim Henson e sendo exibido pela televis\u00e3o norte-americana desde 1969, o Sesame Street (que no Brasil foi exibido com o nome Vila S\u00e9samo) \u00e9 o programa infantil com maior dura\u00e7\u00e3o da hist\u00f3ria \u2014 e foi dele que surgiram os amados bonecos animados dos <a href=\"https:\/\/www.hypeness.com.br\/2018\/11\/autor-de-game-of-thrones-espalha-pistas-sobre-muppets-em-novo-livro\/\" target=\"_blank\" rel=\"noreferrer noopener\"><em>Muppets<\/em><\/a>.<br>Com 189 Emmys conquistados ao longo de sua hist\u00f3ria como a s\u00e9rie de TV mais premiada da hist\u00f3ria, trata-se, portanto, de uma verdadeira institui\u00e7\u00e3o cultural dos EUA: assim, <a href=\"https:\/\/www.hypeness.com.br\/2017\/03\/julia-e-a-primeira-personagem-com-autismo-da-vila-sesamo\/\" target=\"_blank\" rel=\"noreferrer noopener\">o que acontece na\u00a0<em>Sesame Street<\/em>\u00a0importa simbolicamente<\/a>. Por isso a chegada dos dois novos personagens na s\u00e9rie infantil vem sendo t\u00e3o comemorada: Noor e Aziz s\u00e3o dois bonecos representando irm\u00e3os\u00a0<a href=\"https:\/\/www.hypeness.com.br\/2020\/08\/elas-derrubam-preconceitos-e-estereotipos-sobre-o-hijab-moda-e-mulheres-em-grande-estilo\/\" target=\"_blank\" rel=\"noreferrer noopener\">mu\u00e7ulmanos<\/a>\u00a0que vivem em um campo de\u00a0<a href=\"https:\/\/www.hypeness.com.br\/tag\/refugiados\/\" target=\"_blank\" rel=\"noreferrer noopener\">refugiados<\/a>.<br>G\u00eameos com seis anos de idade, os personagens v\u00eam da comunidade Rohingya, grupo \u00e9tnico isl\u00e2mico oriundo de pa\u00edses como Bangladesh, Ar\u00e1bia Saudita, Mianmar e <a href=\"https:\/\/www.hypeness.com.br\/2018\/04\/o-paquistao-ja-pode-se-orgulhar-de-sua-primeira-ancora-trans-na-tv\/\" target=\"_blank\" rel=\"noreferrer noopener\">Paquist\u00e3o<\/a>. A introdu\u00e7\u00e3o dos novos membros \u00e9 parte de um programa humanit\u00e1rio da Sesame Street intitulado Play to Learn, que busca educar sobre comunidades afetadas pela crise dos refugiados, como \u00e9 o caso dos Rohingyas e dos s\u00edrios.<\/p>\n\n\n\n<div class=\"wp-block-jetpack-slideshow aligncenter\" data-effect=\"slide\"><div class=\"wp-block-jetpack-slideshow_container swiper-container\"><ul class=\"wp-block-jetpack-slideshow_swiper-wrapper swiper-wrapper\"><li class=\"wp-block-jetpack-slideshow_slide swiper-slide\"><figure><img loading=\"lazy\" decoding=\"async\" width=\"1000\" height=\"636\" alt=\"\" class=\"wp-block-jetpack-slideshow_image wp-image-13125\" data-id=\"13125\" src=\"https:\/\/jornalfatosenoticias.com.br\/wp-content\/uploads\/2021\/01\/sesame_street_refugiados_1.jpg\" srcset=\"https:\/\/jornalfatosenoticias.com.br\/wp-content\/uploads\/2021\/01\/sesame_street_refugiados_1.jpg 1000w, https:\/\/jornalfatosenoticias.com.br\/wp-content\/uploads\/2021\/01\/sesame_street_refugiados_1-300x191.jpg 300w, https:\/\/jornalfatosenoticias.com.br\/wp-content\/uploads\/2021\/01\/sesame_street_refugiados_1-768x488.jpg 768w\" sizes=\"auto, (max-width: 1000px) 100vw, 1000px\" \/><figcaption class=\"wp-block-jetpack-slideshow_caption gallery-caption\">(Fotos: Sesame Street\/Divulga\u00e7\u00e3o)<\/figcaption><\/figure><\/li><li class=\"wp-block-jetpack-slideshow_slide swiper-slide\"><figure><img loading=\"lazy\" decoding=\"async\" width=\"1000\" height=\"562\" alt=\"\" class=\"wp-block-jetpack-slideshow_image wp-image-13126\" data-id=\"13126\" src=\"https:\/\/jornalfatosenoticias.com.br\/wp-content\/uploads\/2021\/01\/sesame_street_refugiados_3.jpg\" srcset=\"https:\/\/jornalfatosenoticias.com.br\/wp-content\/uploads\/2021\/01\/sesame_street_refugiados_3.jpg 1000w, https:\/\/jornalfatosenoticias.com.br\/wp-content\/uploads\/2021\/01\/sesame_street_refugiados_3-300x169.jpg 300w, https:\/\/jornalfatosenoticias.com.br\/wp-content\/uploads\/2021\/01\/sesame_street_refugiados_3-768x432.jpg 768w\" sizes=\"auto, (max-width: 1000px) 100vw, 1000px\" \/><\/figure><\/li><li class=\"wp-block-jetpack-slideshow_slide swiper-slide\"><figure><img loading=\"lazy\" decoding=\"async\" width=\"1000\" height=\"667\" alt=\"\" class=\"wp-block-jetpack-slideshow_image wp-image-13127\" data-id=\"13127\" src=\"https:\/\/jornalfatosenoticias.com.br\/wp-content\/uploads\/2021\/01\/sesame_street_refugiados_4.jpg\" srcset=\"https:\/\/jornalfatosenoticias.com.br\/wp-content\/uploads\/2021\/01\/sesame_street_refugiados_4.jpg 1000w, https:\/\/jornalfatosenoticias.com.br\/wp-content\/uploads\/2021\/01\/sesame_street_refugiados_4-300x200.jpg 300w, https:\/\/jornalfatosenoticias.com.br\/wp-content\/uploads\/2021\/01\/sesame_street_refugiados_4-768x512.jpg 768w\" sizes=\"auto, (max-width: 1000px) 100vw, 1000px\" \/><figcaption class=\"wp-block-jetpack-slideshow_caption gallery-caption\">Crian\u00e7a refugiada em Bangladesh brincando com um dos Muppets<\/figcaption><\/figure><\/li><li class=\"wp-block-jetpack-slideshow_slide swiper-slide\"><figure><img loading=\"lazy\" decoding=\"async\" width=\"1000\" height=\"714\" alt=\"\" class=\"wp-block-jetpack-slideshow_image wp-image-13128\" data-id=\"13128\" src=\"https:\/\/jornalfatosenoticias.com.br\/wp-content\/uploads\/2021\/01\/vila_sesame_street_refugiados_2.png\" srcset=\"https:\/\/jornalfatosenoticias.com.br\/wp-content\/uploads\/2021\/01\/vila_sesame_street_refugiados_2.png 1000w, https:\/\/jornalfatosenoticias.com.br\/wp-content\/uploads\/2021\/01\/vila_sesame_street_refugiados_2-300x214.png 300w, https:\/\/jornalfatosenoticias.com.br\/wp-content\/uploads\/2021\/01\/vila_sesame_street_refugiados_2-768x548.png 768w\" sizes=\"auto, (max-width: 1000px) 100vw, 1000px\" \/><\/figure><\/li><\/ul><a class=\"wp-block-jetpack-slideshow_button-prev swiper-button-prev swiper-button-white\" role=\"button\"><\/a><a class=\"wp-block-jetpack-slideshow_button-next swiper-button-next swiper-button-white\" role=\"button\"><\/a><a aria-label=\"Pause Slideshow\" class=\"wp-block-jetpack-slideshow_button-pause\" role=\"button\"><\/a><div class=\"wp-block-jetpack-slideshow_pagination swiper-pagination swiper-pagination-white\"><\/div><\/div><\/div>\n\n\n\n<p>Segundo Sherrie Westin, presidente do departamento de Impacto Social do Sesame Street, os novos personagens surgem para justamente sublinhar a import\u00e2ncia da <a href=\"https:\/\/www.hypeness.com.br\/tag\/educacao-infantil\/\" target=\"_blank\" rel=\"noreferrer noopener\">educa\u00e7\u00e3o infantil<\/a>\u00a0no momento da crise dos\u00a0<a href=\"https:\/\/www.hypeness.com.br\/2019\/06\/refugiados-ensinam-receitas-com-paola-carosella-em-nova-serie\/\" target=\"_blank\" rel=\"noreferrer noopener\">refugiados<\/a> e na atual pandemia.<\/p>\n\n\n\n<blockquote class=\"wp-block-quote is-layout-flow wp-block-quote-is-layout-flow\"><p>\u201cS\u00e3o dois bonecos Muppets Sesame muito especiais \u2014 para a maioria das crian\u00e7as Rohingya, Noor e Aziz ser\u00e3o os primeiros personagens na m\u00eddia que se parecem e soam como eles\u201d, diz Westin.<\/p><\/blockquote>\n\n\n\n<figure class=\"wp-block-embed-youtube wp-block-embed is-type-video is-provider-youtube wp-embed-aspect-16-9 wp-has-aspect-ratio\"><div class=\"wp-block-embed__wrapper\">\n<iframe loading=\"lazy\" title=\"Meet Sesame Workshop&#039;s New Rohingya Muppets\" width=\"660\" height=\"371\" src=\"https:\/\/www.youtube.com\/embed\/anWfu7LAPn0?feature=oembed\" frameborder=\"0\" allow=\"accelerometer; autoplay; clipboard-write; encrypted-media; gyroscope; picture-in-picture; web-share\" referrerpolicy=\"strict-origin-when-cross-origin\" allowfullscreen><\/iframe>\n<\/div><\/figure>\n\n\n\n<p>Segundo <a href=\"https:\/\/www.sesameworkshop.org\/press-room\/press-releases\/sesame-workshop-debuts-first-ever-rohingya-muppets-part-play-learn\" target=\"_blank\" rel=\"noreferrer noopener\">comunicado oficial<\/a>, os personagens ser\u00e3o parte de uma s\u00e9rie ao lado do popular personagem Elmo, ensinando sobre educa\u00e7\u00e3o emocional-social, matem\u00e1tica e\u00a0<a href=\"https:\/\/www.hypeness.com.br\/category\/ciencia\/\" target=\"_blank\" rel=\"noreferrer noopener\">ci\u00eancia<\/a>, e ser\u00e1 exibida principalmente para comunidades em\u00a0<a href=\"https:\/\/www.hypeness.com.br\/2015\/02\/bangladesh-quer-se-tornar-o-primeiro-pais-solar-do-mundo\/\" target=\"_blank\" rel=\"noreferrer noopener\">Bangladesh<\/a>, e ser\u00e1 falada na l\u00edngua Rohingya, \u201cbaseada na rica cultura Rohingya\u201d. Segundo a ONU, 40% dos refugiados da comunidade em Bangladesh s\u00e3o crian\u00e7as com menos de 12 anos.<\/p>\n\n\n\n<p><strong><em>Fonte: <a href=\"https:\/\/www.hypeness.com.br\/2021\/01\/vila-sesamo-cria-personagens-islamicos-e-refugiados-em-sopro-de-diversidade\/\">Hypeness<\/a><\/em><\/strong><\/p>\n","protected":false},"excerpt":{"rendered":"<p>Criado por Jim Henson e sendo exibido pela televis\u00e3o norte-americana desde 1969, o Sesame Street (que no Brasil foi exibido com o nome Vila S\u00e9samo) \u00e9 o programa infantil com maior dura\u00e7\u00e3o da hist\u00f3ria \u2014 e foi dele que surgiram os amados bonecos animados dos Muppets.Com 189 Emmys conquistados ao longo de sua hist\u00f3ria como [&hellip;]<\/p>\n","protected":false},"author":2,"featured_media":13129,"comment_status":"open","ping_status":"open","sticky":false,"template":"","format":"standard","meta":{"footnotes":""},"categories":[4],"tags":[6808,79,6809,669,6810],"class_list":["post-13124","post","type-post","status-publish","format-standard","has-post-thumbnail","hentry","category-cultura","tag-bonecos","tag-muculmanos","tag-muppets","tag-refugiados","tag-vila-sesamo"],"yoast_head":"<!-- This site is optimized with the Yoast SEO plugin v26.5 - https:\/\/yoast.com\/wordpress\/plugins\/seo\/ -->\n<title>\u2018Vila S\u00e9samo\u2019 cria personagens isl\u00e2micos e refugiados em sopro de diversidade - Jornal Fatos e Not\u00edcias<\/title>\n<meta name=\"robots\" content=\"index, follow, max-snippet:-1, max-image-preview:large, max-video-preview:-1\" \/>\n<link rel=\"canonical\" href=\"https:\/\/jornalfatosenoticias.com.br\/index.php\/2021\/01\/06\/vila-sesamo-cria-personagens-islamicos-e-refugiados-em-sopro-de-diversidade\/\" \/>\n<meta property=\"og:locale\" content=\"pt_BR\" \/>\n<meta property=\"og:type\" content=\"article\" \/>\n<meta property=\"og:title\" content=\"\u2018Vila S\u00e9samo\u2019 cria personagens isl\u00e2micos e refugiados em sopro de diversidade - Jornal Fatos e Not\u00edcias\" \/>\n<meta property=\"og:description\" content=\"Criado por Jim Henson e sendo exibido pela televis\u00e3o norte-americana desde 1969, o Sesame Street (que no Brasil foi exibido com o nome Vila S\u00e9samo) \u00e9 o programa infantil com maior dura\u00e7\u00e3o da hist\u00f3ria \u2014 e foi dele que surgiram os amados bonecos animados dos Muppets.Com 189 Emmys conquistados ao longo de sua hist\u00f3ria como [&hellip;]\" \/>\n<meta property=\"og:url\" content=\"https:\/\/jornalfatosenoticias.com.br\/index.php\/2021\/01\/06\/vila-sesamo-cria-personagens-islamicos-e-refugiados-em-sopro-de-diversidade\/\" \/>\n<meta property=\"og:site_name\" content=\"Jornal Fatos e Not\u00edcias\" \/>\n<meta property=\"article:published_time\" content=\"2021-01-06T13:14:18+00:00\" \/>\n<meta property=\"article:modified_time\" content=\"2021-01-06T13:14:24+00:00\" \/>\n<meta property=\"og:image\" content=\"https:\/\/jornalfatosenoticias.com.br\/wp-content\/uploads\/2021\/01\/sesame_street_refugiados_capa.jpg\" \/>\n\t<meta property=\"og:image:width\" content=\"1000\" \/>\n\t<meta property=\"og:image:height\" content=\"562\" \/>\n\t<meta property=\"og:image:type\" content=\"image\/jpeg\" \/>\n<meta name=\"author\" content=\"Luzimara Fernandes\" \/>\n<meta name=\"twitter:card\" content=\"summary_large_image\" \/>\n<meta name=\"twitter:label1\" content=\"Escrito por\" \/>\n\t<meta name=\"twitter:data1\" content=\"Luzimara Fernandes\" \/>\n\t<meta name=\"twitter:label2\" content=\"Est. tempo de leitura\" \/>\n\t<meta name=\"twitter:data2\" content=\"2 minutos\" \/>\n<script type=\"application\/ld+json\" class=\"yoast-schema-graph\">{\"@context\":\"https:\/\/schema.org\",\"@graph\":[{\"@type\":\"Article\",\"@id\":\"https:\/\/jornalfatosenoticias.com.br\/index.php\/2021\/01\/06\/vila-sesamo-cria-personagens-islamicos-e-refugiados-em-sopro-de-diversidade\/#article\",\"isPartOf\":{\"@id\":\"https:\/\/jornalfatosenoticias.com.br\/index.php\/2021\/01\/06\/vila-sesamo-cria-personagens-islamicos-e-refugiados-em-sopro-de-diversidade\/\"},\"author\":{\"name\":\"Luzimara Fernandes\",\"@id\":\"https:\/\/jornalfatosenoticias.com.br\/#\/schema\/person\/d63837fa13ac8666eb9e74e0985d6f81\"},\"headline\":\"\u2018Vila S\u00e9samo\u2019 cria personagens isl\u00e2micos e refugiados em sopro de diversidade\",\"datePublished\":\"2021-01-06T13:14:18+00:00\",\"dateModified\":\"2021-01-06T13:14:24+00:00\",\"mainEntityOfPage\":{\"@id\":\"https:\/\/jornalfatosenoticias.com.br\/index.php\/2021\/01\/06\/vila-sesamo-cria-personagens-islamicos-e-refugiados-em-sopro-de-diversidade\/\"},\"wordCount\":369,\"commentCount\":0,\"publisher\":{\"@id\":\"https:\/\/jornalfatosenoticias.com.br\/#organization\"},\"image\":{\"@id\":\"https:\/\/jornalfatosenoticias.com.br\/index.php\/2021\/01\/06\/vila-sesamo-cria-personagens-islamicos-e-refugiados-em-sopro-de-diversidade\/#primaryimage\"},\"thumbnailUrl\":\"https:\/\/jornalfatosenoticias.com.br\/wp-content\/uploads\/2021\/01\/sesame_street_refugiados_capa.jpg\",\"keywords\":[\"bonecos\",\"mu\u00e7ulmanos\",\"Muppets\",\"refugiados\",\"Vila S\u00e9samo\"],\"articleSection\":[\"Cultura\"],\"inLanguage\":\"pt-BR\",\"potentialAction\":[{\"@type\":\"CommentAction\",\"name\":\"Comment\",\"target\":[\"https:\/\/jornalfatosenoticias.com.br\/index.php\/2021\/01\/06\/vila-sesamo-cria-personagens-islamicos-e-refugiados-em-sopro-de-diversidade\/#respond\"]}]},{\"@type\":\"WebPage\",\"@id\":\"https:\/\/jornalfatosenoticias.com.br\/index.php\/2021\/01\/06\/vila-sesamo-cria-personagens-islamicos-e-refugiados-em-sopro-de-diversidade\/\",\"url\":\"https:\/\/jornalfatosenoticias.com.br\/index.php\/2021\/01\/06\/vila-sesamo-cria-personagens-islamicos-e-refugiados-em-sopro-de-diversidade\/\",\"name\":\"\u2018Vila S\u00e9samo\u2019 cria personagens isl\u00e2micos e refugiados em sopro de diversidade - Jornal Fatos e Not\u00edcias\",\"isPartOf\":{\"@id\":\"https:\/\/jornalfatosenoticias.com.br\/#website\"},\"primaryImageOfPage\":{\"@id\":\"https:\/\/jornalfatosenoticias.com.br\/index.php\/2021\/01\/06\/vila-sesamo-cria-personagens-islamicos-e-refugiados-em-sopro-de-diversidade\/#primaryimage\"},\"image\":{\"@id\":\"https:\/\/jornalfatosenoticias.com.br\/index.php\/2021\/01\/06\/vila-sesamo-cria-personagens-islamicos-e-refugiados-em-sopro-de-diversidade\/#primaryimage\"},\"thumbnailUrl\":\"https:\/\/jornalfatosenoticias.com.br\/wp-content\/uploads\/2021\/01\/sesame_street_refugiados_capa.jpg\",\"datePublished\":\"2021-01-06T13:14:18+00:00\",\"dateModified\":\"2021-01-06T13:14:24+00:00\",\"breadcrumb\":{\"@id\":\"https:\/\/jornalfatosenoticias.com.br\/index.php\/2021\/01\/06\/vila-sesamo-cria-personagens-islamicos-e-refugiados-em-sopro-de-diversidade\/#breadcrumb\"},\"inLanguage\":\"pt-BR\",\"potentialAction\":[{\"@type\":\"ReadAction\",\"target\":[\"https:\/\/jornalfatosenoticias.com.br\/index.php\/2021\/01\/06\/vila-sesamo-cria-personagens-islamicos-e-refugiados-em-sopro-de-diversidade\/\"]}]},{\"@type\":\"ImageObject\",\"inLanguage\":\"pt-BR\",\"@id\":\"https:\/\/jornalfatosenoticias.com.br\/index.php\/2021\/01\/06\/vila-sesamo-cria-personagens-islamicos-e-refugiados-em-sopro-de-diversidade\/#primaryimage\",\"url\":\"https:\/\/jornalfatosenoticias.com.br\/wp-content\/uploads\/2021\/01\/sesame_street_refugiados_capa.jpg\",\"contentUrl\":\"https:\/\/jornalfatosenoticias.com.br\/wp-content\/uploads\/2021\/01\/sesame_street_refugiados_capa.jpg\",\"width\":1000,\"height\":562},{\"@type\":\"BreadcrumbList\",\"@id\":\"https:\/\/jornalfatosenoticias.com.br\/index.php\/2021\/01\/06\/vila-sesamo-cria-personagens-islamicos-e-refugiados-em-sopro-de-diversidade\/#breadcrumb\",\"itemListElement\":[{\"@type\":\"ListItem\",\"position\":1,\"name\":\"In\u00edcio\",\"item\":\"https:\/\/jornalfatosenoticias.com.br\/\"},{\"@type\":\"ListItem\",\"position\":2,\"name\":\"\u2018Vila S\u00e9samo\u2019 cria personagens isl\u00e2micos e refugiados em sopro de diversidade\"}]},{\"@type\":\"WebSite\",\"@id\":\"https:\/\/jornalfatosenoticias.com.br\/#website\",\"url\":\"https:\/\/jornalfatosenoticias.com.br\/\",\"name\":\"Jornal Fatos e Not\u00edcias\",\"description\":\"Not\u00edcias em geral\",\"publisher\":{\"@id\":\"https:\/\/jornalfatosenoticias.com.br\/#organization\"},\"potentialAction\":[{\"@type\":\"SearchAction\",\"target\":{\"@type\":\"EntryPoint\",\"urlTemplate\":\"https:\/\/jornalfatosenoticias.com.br\/?s={search_term_string}\"},\"query-input\":{\"@type\":\"PropertyValueSpecification\",\"valueRequired\":true,\"valueName\":\"search_term_string\"}}],\"inLanguage\":\"pt-BR\"},{\"@type\":\"Organization\",\"@id\":\"https:\/\/jornalfatosenoticias.com.br\/#organization\",\"name\":\"Jornal Fatos e Not\u00edcias\",\"url\":\"https:\/\/jornalfatosenoticias.com.br\/\",\"logo\":{\"@type\":\"ImageObject\",\"inLanguage\":\"pt-BR\",\"@id\":\"https:\/\/jornalfatosenoticias.com.br\/#\/schema\/logo\/image\/\",\"url\":\"https:\/\/jornalfatosenoticias.com.br\/wp-content\/uploads\/2020\/02\/logo120.png\",\"contentUrl\":\"https:\/\/jornalfatosenoticias.com.br\/wp-content\/uploads\/2020\/02\/logo120.png\",\"width\":1227,\"height\":120,\"caption\":\"Jornal Fatos e Not\u00edcias\"},\"image\":{\"@id\":\"https:\/\/jornalfatosenoticias.com.br\/#\/schema\/logo\/image\/\"}},{\"@type\":\"Person\",\"@id\":\"https:\/\/jornalfatosenoticias.com.br\/#\/schema\/person\/d63837fa13ac8666eb9e74e0985d6f81\",\"name\":\"Luzimara Fernandes\",\"image\":{\"@type\":\"ImageObject\",\"inLanguage\":\"pt-BR\",\"@id\":\"https:\/\/jornalfatosenoticias.com.br\/#\/schema\/person\/image\/\",\"url\":\"https:\/\/jornalfatosenoticias.com.br\/wp-content\/uploads\/2025\/05\/EU_portal.jpg\",\"contentUrl\":\"https:\/\/jornalfatosenoticias.com.br\/wp-content\/uploads\/2025\/05\/EU_portal.jpg\",\"caption\":\"Luzimara Fernandes\"},\"description\":\"Jornalista MTB 2358-ES\",\"sameAs\":[\"https:\/\/jornalfatosenoticias.com.br\"],\"url\":\"https:\/\/jornalfatosenoticias.com.br\/index.php\/author\/luzimara\/\"}]}<\/script>\n<!-- \/ Yoast SEO plugin. -->","yoast_head_json":{"title":"\u2018Vila S\u00e9samo\u2019 cria personagens isl\u00e2micos e refugiados em sopro de diversidade - Jornal Fatos e Not\u00edcias","robots":{"index":"index","follow":"follow","max-snippet":"max-snippet:-1","max-image-preview":"max-image-preview:large","max-video-preview":"max-video-preview:-1"},"canonical":"https:\/\/jornalfatosenoticias.com.br\/index.php\/2021\/01\/06\/vila-sesamo-cria-personagens-islamicos-e-refugiados-em-sopro-de-diversidade\/","og_locale":"pt_BR","og_type":"article","og_title":"\u2018Vila S\u00e9samo\u2019 cria personagens isl\u00e2micos e refugiados em sopro de diversidade - Jornal Fatos e Not\u00edcias","og_description":"Criado por Jim Henson e sendo exibido pela televis\u00e3o norte-americana desde 1969, o Sesame Street (que no Brasil foi exibido com o nome Vila S\u00e9samo) \u00e9 o programa infantil com maior dura\u00e7\u00e3o da hist\u00f3ria \u2014 e foi dele que surgiram os amados bonecos animados dos Muppets.Com 189 Emmys conquistados ao longo de sua hist\u00f3ria como [&hellip;]","og_url":"https:\/\/jornalfatosenoticias.com.br\/index.php\/2021\/01\/06\/vila-sesamo-cria-personagens-islamicos-e-refugiados-em-sopro-de-diversidade\/","og_site_name":"Jornal Fatos e Not\u00edcias","article_published_time":"2021-01-06T13:14:18+00:00","article_modified_time":"2021-01-06T13:14:24+00:00","og_image":[{"width":1000,"height":562,"url":"https:\/\/jornalfatosenoticias.com.br\/wp-content\/uploads\/2021\/01\/sesame_street_refugiados_capa.jpg","type":"image\/jpeg"}],"author":"Luzimara Fernandes","twitter_card":"summary_large_image","twitter_misc":{"Escrito por":"Luzimara Fernandes","Est. tempo de leitura":"2 minutos"},"schema":{"@context":"https:\/\/schema.org","@graph":[{"@type":"Article","@id":"https:\/\/jornalfatosenoticias.com.br\/index.php\/2021\/01\/06\/vila-sesamo-cria-personagens-islamicos-e-refugiados-em-sopro-de-diversidade\/#article","isPartOf":{"@id":"https:\/\/jornalfatosenoticias.com.br\/index.php\/2021\/01\/06\/vila-sesamo-cria-personagens-islamicos-e-refugiados-em-sopro-de-diversidade\/"},"author":{"name":"Luzimara Fernandes","@id":"https:\/\/jornalfatosenoticias.com.br\/#\/schema\/person\/d63837fa13ac8666eb9e74e0985d6f81"},"headline":"\u2018Vila S\u00e9samo\u2019 cria personagens isl\u00e2micos e refugiados em sopro de diversidade","datePublished":"2021-01-06T13:14:18+00:00","dateModified":"2021-01-06T13:14:24+00:00","mainEntityOfPage":{"@id":"https:\/\/jornalfatosenoticias.com.br\/index.php\/2021\/01\/06\/vila-sesamo-cria-personagens-islamicos-e-refugiados-em-sopro-de-diversidade\/"},"wordCount":369,"commentCount":0,"publisher":{"@id":"https:\/\/jornalfatosenoticias.com.br\/#organization"},"image":{"@id":"https:\/\/jornalfatosenoticias.com.br\/index.php\/2021\/01\/06\/vila-sesamo-cria-personagens-islamicos-e-refugiados-em-sopro-de-diversidade\/#primaryimage"},"thumbnailUrl":"https:\/\/jornalfatosenoticias.com.br\/wp-content\/uploads\/2021\/01\/sesame_street_refugiados_capa.jpg","keywords":["bonecos","mu\u00e7ulmanos","Muppets","refugiados","Vila S\u00e9samo"],"articleSection":["Cultura"],"inLanguage":"pt-BR","potentialAction":[{"@type":"CommentAction","name":"Comment","target":["https:\/\/jornalfatosenoticias.com.br\/index.php\/2021\/01\/06\/vila-sesamo-cria-personagens-islamicos-e-refugiados-em-sopro-de-diversidade\/#respond"]}]},{"@type":"WebPage","@id":"https:\/\/jornalfatosenoticias.com.br\/index.php\/2021\/01\/06\/vila-sesamo-cria-personagens-islamicos-e-refugiados-em-sopro-de-diversidade\/","url":"https:\/\/jornalfatosenoticias.com.br\/index.php\/2021\/01\/06\/vila-sesamo-cria-personagens-islamicos-e-refugiados-em-sopro-de-diversidade\/","name":"\u2018Vila S\u00e9samo\u2019 cria personagens isl\u00e2micos e refugiados em sopro de diversidade - Jornal Fatos e Not\u00edcias","isPartOf":{"@id":"https:\/\/jornalfatosenoticias.com.br\/#website"},"primaryImageOfPage":{"@id":"https:\/\/jornalfatosenoticias.com.br\/index.php\/2021\/01\/06\/vila-sesamo-cria-personagens-islamicos-e-refugiados-em-sopro-de-diversidade\/#primaryimage"},"image":{"@id":"https:\/\/jornalfatosenoticias.com.br\/index.php\/2021\/01\/06\/vila-sesamo-cria-personagens-islamicos-e-refugiados-em-sopro-de-diversidade\/#primaryimage"},"thumbnailUrl":"https:\/\/jornalfatosenoticias.com.br\/wp-content\/uploads\/2021\/01\/sesame_street_refugiados_capa.jpg","datePublished":"2021-01-06T13:14:18+00:00","dateModified":"2021-01-06T13:14:24+00:00","breadcrumb":{"@id":"https:\/\/jornalfatosenoticias.com.br\/index.php\/2021\/01\/06\/vila-sesamo-cria-personagens-islamicos-e-refugiados-em-sopro-de-diversidade\/#breadcrumb"},"inLanguage":"pt-BR","potentialAction":[{"@type":"ReadAction","target":["https:\/\/jornalfatosenoticias.com.br\/index.php\/2021\/01\/06\/vila-sesamo-cria-personagens-islamicos-e-refugiados-em-sopro-de-diversidade\/"]}]},{"@type":"ImageObject","inLanguage":"pt-BR","@id":"https:\/\/jornalfatosenoticias.com.br\/index.php\/2021\/01\/06\/vila-sesamo-cria-personagens-islamicos-e-refugiados-em-sopro-de-diversidade\/#primaryimage","url":"https:\/\/jornalfatosenoticias.com.br\/wp-content\/uploads\/2021\/01\/sesame_street_refugiados_capa.jpg","contentUrl":"https:\/\/jornalfatosenoticias.com.br\/wp-content\/uploads\/2021\/01\/sesame_street_refugiados_capa.jpg","width":1000,"height":562},{"@type":"BreadcrumbList","@id":"https:\/\/jornalfatosenoticias.com.br\/index.php\/2021\/01\/06\/vila-sesamo-cria-personagens-islamicos-e-refugiados-em-sopro-de-diversidade\/#breadcrumb","itemListElement":[{"@type":"ListItem","position":1,"name":"In\u00edcio","item":"https:\/\/jornalfatosenoticias.com.br\/"},{"@type":"ListItem","position":2,"name":"\u2018Vila S\u00e9samo\u2019 cria personagens isl\u00e2micos e refugiados em sopro de diversidade"}]},{"@type":"WebSite","@id":"https:\/\/jornalfatosenoticias.com.br\/#website","url":"https:\/\/jornalfatosenoticias.com.br\/","name":"Jornal Fatos e Not\u00edcias","description":"Not\u00edcias em geral","publisher":{"@id":"https:\/\/jornalfatosenoticias.com.br\/#organization"},"potentialAction":[{"@type":"SearchAction","target":{"@type":"EntryPoint","urlTemplate":"https:\/\/jornalfatosenoticias.com.br\/?s={search_term_string}"},"query-input":{"@type":"PropertyValueSpecification","valueRequired":true,"valueName":"search_term_string"}}],"inLanguage":"pt-BR"},{"@type":"Organization","@id":"https:\/\/jornalfatosenoticias.com.br\/#organization","name":"Jornal Fatos e Not\u00edcias","url":"https:\/\/jornalfatosenoticias.com.br\/","logo":{"@type":"ImageObject","inLanguage":"pt-BR","@id":"https:\/\/jornalfatosenoticias.com.br\/#\/schema\/logo\/image\/","url":"https:\/\/jornalfatosenoticias.com.br\/wp-content\/uploads\/2020\/02\/logo120.png","contentUrl":"https:\/\/jornalfatosenoticias.com.br\/wp-content\/uploads\/2020\/02\/logo120.png","width":1227,"height":120,"caption":"Jornal Fatos e Not\u00edcias"},"image":{"@id":"https:\/\/jornalfatosenoticias.com.br\/#\/schema\/logo\/image\/"}},{"@type":"Person","@id":"https:\/\/jornalfatosenoticias.com.br\/#\/schema\/person\/d63837fa13ac8666eb9e74e0985d6f81","name":"Luzimara Fernandes","image":{"@type":"ImageObject","inLanguage":"pt-BR","@id":"https:\/\/jornalfatosenoticias.com.br\/#\/schema\/person\/image\/","url":"https:\/\/jornalfatosenoticias.com.br\/wp-content\/uploads\/2025\/05\/EU_portal.jpg","contentUrl":"https:\/\/jornalfatosenoticias.com.br\/wp-content\/uploads\/2025\/05\/EU_portal.jpg","caption":"Luzimara Fernandes"},"description":"Jornalista MTB 2358-ES","sameAs":["https:\/\/jornalfatosenoticias.com.br"],"url":"https:\/\/jornalfatosenoticias.com.br\/index.php\/author\/luzimara\/"}]}},"cc_featured_image_caption":{"caption_text":"(Sesame Street\/Divulga\u00e7\u00e3o)","source_text":"","source_url":""},"jetpack_featured_media_url":"https:\/\/jornalfatosenoticias.com.br\/wp-content\/uploads\/2021\/01\/sesame_street_refugiados_capa.jpg","_links":{"self":[{"href":"https:\/\/jornalfatosenoticias.com.br\/index.php\/wp-json\/wp\/v2\/posts\/13124","targetHints":{"allow":["GET"]}}],"collection":[{"href":"https:\/\/jornalfatosenoticias.com.br\/index.php\/wp-json\/wp\/v2\/posts"}],"about":[{"href":"https:\/\/jornalfatosenoticias.com.br\/index.php\/wp-json\/wp\/v2\/types\/post"}],"author":[{"embeddable":true,"href":"https:\/\/jornalfatosenoticias.com.br\/index.php\/wp-json\/wp\/v2\/users\/2"}],"replies":[{"embeddable":true,"href":"https:\/\/jornalfatosenoticias.com.br\/index.php\/wp-json\/wp\/v2\/comments?post=13124"}],"version-history":[{"count":0,"href":"https:\/\/jornalfatosenoticias.com.br\/index.php\/wp-json\/wp\/v2\/posts\/13124\/revisions"}],"wp:featuredmedia":[{"embeddable":true,"href":"https:\/\/jornalfatosenoticias.com.br\/index.php\/wp-json\/wp\/v2\/media\/13129"}],"wp:attachment":[{"href":"https:\/\/jornalfatosenoticias.com.br\/index.php\/wp-json\/wp\/v2\/media?parent=13124"}],"wp:term":[{"taxonomy":"category","embeddable":true,"href":"https:\/\/jornalfatosenoticias.com.br\/index.php\/wp-json\/wp\/v2\/categories?post=13124"},{"taxonomy":"post_tag","embeddable":true,"href":"https:\/\/jornalfatosenoticias.com.br\/index.php\/wp-json\/wp\/v2\/tags?post=13124"}],"curies":[{"name":"wp","href":"https:\/\/api.w.org\/{rel}","templated":true}]}}