{"id":13144,"date":"2021-01-07T17:23:56","date_gmt":"2021-01-07T20:23:56","guid":{"rendered":"https:\/\/jornalfatosenoticias.com.br\/?p=13144"},"modified":"2021-01-07T17:24:01","modified_gmt":"2021-01-07T20:24:01","slug":"estragos-permanentes-da-privacao-materna-judicial-pela-acusacao-de-alienacao-parental-parte-v","status":"publish","type":"post","link":"https:\/\/jornalfatosenoticias.com.br\/index.php\/2021\/01\/07\/estragos-permanentes-da-privacao-materna-judicial-pela-acusacao-de-alienacao-parental-parte-v\/","title":{"rendered":"Estragos Permanentes da Priva\u00e7\u00e3o Materna Judicial pela acusa\u00e7\u00e3o de Aliena\u00e7\u00e3o Parental \u2014 Parte V"},"content":{"rendered":"\n<p>S\u00e3o os mais variados os estragos da Priva\u00e7\u00e3o Materna Judicial. O rompimento abrupto do conv\u00edvio com a m\u00e3e, em especial na primeira inf\u00e2ncia, promove um enorme e danoso desamparo. Conhecemos e reconhecemos as sequelas do rompimento da liga\u00e7\u00e3o m\u00e3e-beb\u00ea, sem dificuldade. Para a Crian\u00e7a, a viv\u00eancia \u00e9 de abandono materno. A quest\u00e3o principal est\u00e1, exatamente, na imposi\u00e7\u00e3o compuls\u00f3ria da Priva\u00e7\u00e3o Materna Judicial.<br>Sabemos por in\u00fameros estudos cient\u00edficos que a Priva\u00e7\u00e3o Materna por abandono da m\u00e3e, causa sequelas irrevers\u00edveis. Bolwby, psicanalista que se dedicou ao estudo dos estragos causados pela aus\u00eancia materna. Ele afirma que as crian\u00e7as que s\u00e3o submetidas a separa\u00e7\u00f5es dif\u00edceis estar\u00e3o marcadas neste item inevit\u00e1vel da vida. Entende-se aqui como separa\u00e7\u00f5es dif\u00edceis, os fatores de separa\u00e7\u00f5es que se referem \u00e0 idade, \u00e0 dura\u00e7\u00e3o do afastamento, ao tipo de v\u00ednculo com o cuidador principal, fatores que apontam para padr\u00f5es de relacionamento afetivo da vida adulta, constru\u00eddos na experi\u00eancia do primeiro apego.<br>Quando h\u00e1 abandono, a ruptura \u00e9 traum\u00e1tica, danifica, em perman\u00eancia, a capacidade de criar v\u00ednculos quaisquer, constitui-se numa obstru\u00e7\u00e3o ao processo de confian\u00e7a no outro. Todos precisamos nutrir um quantum de depend\u00eancia no outro, porquanto somos seres sociais. Mas o abandono materno destr\u00f3i a possibilidade relacional daquele indiv\u00edduo.<br>Os psicanalistas Hazan, C., e Shaver, P., identificaram padr\u00f5es de v\u00ednculos nas rela\u00e7\u00f5es rom\u00e2nticas entre adultos que copiam o padr\u00e3o de v\u00ednculo entre a crian\u00e7a e a cuidadora inicial. O tipo de cuidado um com o outro e o desejo m\u00fatuo de estar perto um do outro. Eles agruparam estes padr\u00f5es sob quatro rubricas: o Apego Seguro, o Apego Evitante, o Apego Ambivalente e o Apego Desorganizado.<br>Pessoas que tiveram a experi\u00eancia relacional primeira acolhedora, na intimidade e na independ\u00eancia, e que viveram afastamentos gradativos, de tamanhos suport\u00e1veis, ter\u00e3o um olhar de naturalidade sobre a separa\u00e7\u00e3o, com opini\u00f5es positivas sobre si mesmo e o outro. Esta \u00e9 a experi\u00eancia saud\u00e1vel de apego que se desdobrar\u00e1 em relacionamentos adultos.<br>No entanto, se foram submetidas ao afastamento muito precocemente, quando ainda n\u00e3o tinham estrutura emocional suficiente, porque ainda estavam em fase de depend\u00eancia absoluta ou relativa com pouca experi\u00eancia positiva de autonomia e independ\u00eancia afetiva, ou se o afastamento foi duradouro para a fase de desenvolvimento, n\u00e3o tendo recursos suficientes para suport\u00e1-lo, ou a boa qualidade do v\u00ednculo com a cuidadora era muito importante e diferenciado, estas crian\u00e7as ter\u00e3o uma impossibilidade de estabelecer v\u00ednculos, ter\u00e3o a ilus\u00f3ria sensa\u00e7\u00e3o de independ\u00eancia total para impedir que um v\u00ednculo se aprofunde. Evitar a forma\u00e7\u00e3o de v\u00ednculos afetivos ou permanecer com v\u00ednculos rasos \u00e9 a atitude instalada. Evitar sempre uma nova dor, evitando o aprofundamento dos v\u00ednculos porque n\u00e3o precisa dos outros, e se ilude com uma sensa\u00e7\u00e3o de independ\u00eancia.<br>Al\u00e9m deste modelo de reprodu\u00e7\u00e3o do v\u00ednculo frustrante, a aus\u00eancia de satisfa\u00e7\u00e3o da situa\u00e7\u00e3o afetiva inicial pode trazer uma obsess\u00e3o pela intimidade afetiva nunca alcan\u00e7ada, que se expressa na busca de altos n\u00edveis de afeto que resulta numa depend\u00eancia extrema do parceiro, que a descren\u00e7a em si mesmo impede a constru\u00e7\u00e3o de um v\u00ednculo saud\u00e1vel. A inseguran\u00e7a e a autodesvaloriza\u00e7\u00e3o acompanham esta saga.<br>Em consequ\u00eancia de v\u00ednculo materno cortado h\u00e1 ainda o padr\u00e3o de apego que \u00e9 desorganizado, que sente a intimidade afetiva como assustadora, intimidadora, desejam esta proximidade, mas n\u00e3o acreditam nas inten\u00e7\u00f5es do outro, e assim n\u00e3o estabelecem v\u00ednculos profundos. Tendem a fazer movimentos cont\u00ednuos de aproxima\u00e7\u00e3o e repulsa do outro, em contradi\u00e7\u00f5es continuadas que n\u00e3o permitem uma compreens\u00e3o pelo outro de seus reais afetos.<br>Todos estes padr\u00f5es de comportamento s\u00e3o encontrados naqueles que sofreram afastamento precoce e severo dos cuidados maternos. A supress\u00e3o da proximidade materna e\/ou a instabilidade, deixam marcas que v\u00e3o modelar a afetividade da crian\u00e7a em desenvolvimento. Temos facilidade em localizar esta falha quando vemos aquela imagem da m\u00e3e que deixa uma sacola na ca\u00e7amba de lixo, contendo um rec\u00e9m-nascido, por vezes, ainda com o cord\u00e3o umbilical. Todos nos revoltamos com a insensibilidade malvada da m\u00e3e.<\/p>\n\n\n\n<figure class=\"wp-block-image size-large\"><img loading=\"lazy\" decoding=\"async\" width=\"1000\" height=\"726\" src=\"https:\/\/jornalfatosenoticias.com.br\/wp-content\/uploads\/2021\/01\/bebe-abandonado.jpg\" alt=\"\" class=\"wp-image-13145\" srcset=\"https:\/\/jornalfatosenoticias.com.br\/wp-content\/uploads\/2021\/01\/bebe-abandonado.jpg 1000w, https:\/\/jornalfatosenoticias.com.br\/wp-content\/uploads\/2021\/01\/bebe-abandonado-300x218.jpg 300w, https:\/\/jornalfatosenoticias.com.br\/wp-content\/uploads\/2021\/01\/bebe-abandonado-768x558.jpg 768w\" sizes=\"auto, (max-width: 1000px) 100vw, 1000px\" \/><figcaption><em>Beb\u00ea \u00e9 abandonado ao nascer (Foto: Ripa Nos Malandros)<\/em><\/figcaption><\/figure>\n\n\n\n<p>No entanto, n\u00e3o nos sensibilizamos com o abandono obrigat\u00f3rio executado pelas senten\u00e7as, \u00e0s centenas e milhares, que imp\u00f5em a Priva\u00e7\u00e3o Materna Judicial sob a alega\u00e7\u00e3o da falsa s\u00edndrome de aliena\u00e7\u00e3o parental, amparada pela lei de aliena\u00e7\u00e3o parental. Crian\u00e7as na 1\u00aa Inf\u00e2ncia, Beb\u00eas Lactentes, mamando no seio materno, Crian\u00e7as na 2\u00aa Inf\u00e2ncia, todas s\u00e3o condenadas \u00e0 orfandade de m\u00e3e viva, com a \u201cdesculpa\u201d de que a m\u00e3e est\u00e1 falando mal do pai e dificultando a conviv\u00eancia. Gostaria que algu\u00e9m me respondesse se o Direito de visita do adulto se sobrep\u00f5e ao direito de parar de ser abusado de uma crian\u00e7a. E, ainda, se uma m\u00e3e toma conhecimento de pr\u00e1ticas de abuso sexual de um filho, se ela se sentir\u00e1 confort\u00e1vel e tranquila entregando a crian\u00e7a pequena e indefesa para pernoites e visitas com este pai\/abusador. Voc\u00ea entregaria?<br>Quando o Estado assume este lugar de \u00e1rbitro da vida da crian\u00e7a, comprometendo o seu desenvolvimento afetivo saud\u00e1vel com a perversidade da Priva\u00e7\u00e3o Materna Judicial em ampla escala, quem se responsabilizar\u00e1 pelos indiv\u00edduos incapazes ao afeto?<br>E na sequ\u00eancia da escalada do Feminic\u00eddio, praticado na frente das crian\u00e7as, muitas vezes para calar, definitivamente, aquela m\u00e3e em rela\u00e7\u00e3o \u00e0 poss\u00edvel den\u00fancia de abuso de crian\u00e7a, assassinatos programados, com requintes de crueldade, que j\u00e1 vem ocorrendo e n\u00e3o est\u00e3o sendo vistos como a express\u00e3o da morda\u00e7a da Mulher\/M\u00e3e que busca proteger um\/a filho\/a, ou mais de um\/a, quando ser\u00e3o olhados como Maternic\u00eddios? Quem ser\u00e3o estas crian\u00e7as daqui a alguns anos? A se considerar a Teoria do Apego, teremos pessoas mutiladas e com necessidades especiais de afeto. Certamente, irrecuper\u00e1veis.<br>Tinha programado que falaria hoje sobre as sequelas neurol\u00f3gicas. Retorno a estas sequelas, porque preciso pensar que a Priva\u00e7\u00e3o Materna combinada com o abuso sexual destas crian\u00e7as, implode a crian\u00e7a. Mas, a avalanche de feminic\u00eddios do Natal, que deixaram v\u00e1rias crian\u00e7as \u00f3rf\u00e3s de m\u00e3es mortas, me chamou mais alto. O apego materno que tem sido ceifado, judicialmente, est\u00e1 alicer\u00e7ando deforma\u00e7\u00f5es de dimens\u00f5es, dificilmente, imagin\u00e1veis.<\/p>\n","protected":false},"excerpt":{"rendered":"<p>S\u00e3o os mais variados os estragos da Priva\u00e7\u00e3o Materna Judicial. O rompimento abrupto do conv\u00edvio com a m\u00e3e, em especial na primeira inf\u00e2ncia, promove um enorme e danoso desamparo. Conhecemos e reconhecemos as sequelas do rompimento da liga\u00e7\u00e3o m\u00e3e-beb\u00ea, sem dificuldade. Para a Crian\u00e7a, a viv\u00eancia \u00e9 de abandono materno. A quest\u00e3o principal est\u00e1, exatamente, [&hellip;]<\/p>\n","protected":false},"author":8,"featured_media":13146,"comment_status":"open","ping_status":"open","sticky":false,"template":"","format":"standard","meta":{"footnotes":""},"categories":[2522],"tags":[4298,4048,6812,1983,6170],"class_list":["post-13144","post","type-post","status-publish","format-standard","has-post-thumbnail","hentry","category-comportamento","tag-alienacao-parental","tag-desamparo","tag-ligacao","tag-mae-bebe","tag-rompimento"],"yoast_head":"<!-- This site is optimized with the Yoast SEO plugin v26.5 - https:\/\/yoast.com\/wordpress\/plugins\/seo\/ -->\n<title>Estragos Permanentes da Priva\u00e7\u00e3o Materna Judicial pela acusa\u00e7\u00e3o de Aliena\u00e7\u00e3o Parental \u2014 Parte V - Jornal Fatos e Not\u00edcias<\/title>\n<meta name=\"robots\" content=\"index, follow, max-snippet:-1, max-image-preview:large, max-video-preview:-1\" \/>\n<link rel=\"canonical\" href=\"https:\/\/jornalfatosenoticias.com.br\/index.php\/2021\/01\/07\/estragos-permanentes-da-privacao-materna-judicial-pela-acusacao-de-alienacao-parental-parte-v\/\" \/>\n<meta property=\"og:locale\" content=\"pt_BR\" \/>\n<meta property=\"og:type\" content=\"article\" \/>\n<meta property=\"og:title\" content=\"Estragos Permanentes da Priva\u00e7\u00e3o Materna Judicial pela acusa\u00e7\u00e3o de Aliena\u00e7\u00e3o Parental \u2014 Parte V - Jornal Fatos e Not\u00edcias\" \/>\n<meta property=\"og:description\" content=\"S\u00e3o os mais variados os estragos da Priva\u00e7\u00e3o Materna Judicial. O rompimento abrupto do conv\u00edvio com a m\u00e3e, em especial na primeira inf\u00e2ncia, promove um enorme e danoso desamparo. Conhecemos e reconhecemos as sequelas do rompimento da liga\u00e7\u00e3o m\u00e3e-beb\u00ea, sem dificuldade. Para a Crian\u00e7a, a viv\u00eancia \u00e9 de abandono materno. A quest\u00e3o principal est\u00e1, exatamente, [&hellip;]\" \/>\n<meta property=\"og:url\" content=\"https:\/\/jornalfatosenoticias.com.br\/index.php\/2021\/01\/07\/estragos-permanentes-da-privacao-materna-judicial-pela-acusacao-de-alienacao-parental-parte-v\/\" \/>\n<meta property=\"og:site_name\" content=\"Jornal Fatos e Not\u00edcias\" \/>\n<meta property=\"article:published_time\" content=\"2021-01-07T20:23:56+00:00\" \/>\n<meta property=\"article:modified_time\" content=\"2021-01-07T20:24:01+00:00\" \/>\n<meta property=\"og:image\" content=\"https:\/\/jornalfatosenoticias.com.br\/wp-content\/uploads\/2021\/01\/entenda-como-a-privacao-materna-reflete-nos-filhos.jpg\" \/>\n\t<meta property=\"og:image:width\" content=\"1000\" \/>\n\t<meta property=\"og:image:height\" content=\"666\" \/>\n\t<meta property=\"og:image:type\" content=\"image\/jpeg\" \/>\n<meta name=\"author\" content=\"Ana Maria Iencarelli\" \/>\n<meta name=\"twitter:card\" content=\"summary_large_image\" \/>\n<meta name=\"twitter:label1\" content=\"Escrito por\" \/>\n\t<meta name=\"twitter:data1\" content=\"Ana Maria Iencarelli\" \/>\n\t<meta name=\"twitter:label2\" content=\"Est. tempo de leitura\" \/>\n\t<meta name=\"twitter:data2\" content=\"6 minutos\" \/>\n<script type=\"application\/ld+json\" class=\"yoast-schema-graph\">{\"@context\":\"https:\/\/schema.org\",\"@graph\":[{\"@type\":\"Article\",\"@id\":\"https:\/\/jornalfatosenoticias.com.br\/index.php\/2021\/01\/07\/estragos-permanentes-da-privacao-materna-judicial-pela-acusacao-de-alienacao-parental-parte-v\/#article\",\"isPartOf\":{\"@id\":\"https:\/\/jornalfatosenoticias.com.br\/index.php\/2021\/01\/07\/estragos-permanentes-da-privacao-materna-judicial-pela-acusacao-de-alienacao-parental-parte-v\/\"},\"author\":{\"name\":\"Ana Maria Iencarelli\",\"@id\":\"https:\/\/jornalfatosenoticias.com.br\/#\/schema\/person\/c33fcf5fb02d729d3fec92c6737a22d1\"},\"headline\":\"Estragos Permanentes da Priva\u00e7\u00e3o Materna Judicial pela acusa\u00e7\u00e3o de Aliena\u00e7\u00e3o Parental \u2014 Parte V\",\"datePublished\":\"2021-01-07T20:23:56+00:00\",\"dateModified\":\"2021-01-07T20:24:01+00:00\",\"mainEntityOfPage\":{\"@id\":\"https:\/\/jornalfatosenoticias.com.br\/index.php\/2021\/01\/07\/estragos-permanentes-da-privacao-materna-judicial-pela-acusacao-de-alienacao-parental-parte-v\/\"},\"wordCount\":1169,\"commentCount\":0,\"publisher\":{\"@id\":\"https:\/\/jornalfatosenoticias.com.br\/#organization\"},\"image\":{\"@id\":\"https:\/\/jornalfatosenoticias.com.br\/index.php\/2021\/01\/07\/estragos-permanentes-da-privacao-materna-judicial-pela-acusacao-de-alienacao-parental-parte-v\/#primaryimage\"},\"thumbnailUrl\":\"https:\/\/jornalfatosenoticias.com.br\/wp-content\/uploads\/2021\/01\/entenda-como-a-privacao-materna-reflete-nos-filhos.jpg\",\"keywords\":[\"aliena\u00e7\u00e3o parental\",\"desamparo\",\"liga\u00e7\u00e3o\",\"m\u00e3e-beb\u00ea\",\"rompimento\"],\"articleSection\":[\"Comportamento &amp; Equil\u00edbrio\"],\"inLanguage\":\"pt-BR\",\"potentialAction\":[{\"@type\":\"CommentAction\",\"name\":\"Comment\",\"target\":[\"https:\/\/jornalfatosenoticias.com.br\/index.php\/2021\/01\/07\/estragos-permanentes-da-privacao-materna-judicial-pela-acusacao-de-alienacao-parental-parte-v\/#respond\"]}]},{\"@type\":\"WebPage\",\"@id\":\"https:\/\/jornalfatosenoticias.com.br\/index.php\/2021\/01\/07\/estragos-permanentes-da-privacao-materna-judicial-pela-acusacao-de-alienacao-parental-parte-v\/\",\"url\":\"https:\/\/jornalfatosenoticias.com.br\/index.php\/2021\/01\/07\/estragos-permanentes-da-privacao-materna-judicial-pela-acusacao-de-alienacao-parental-parte-v\/\",\"name\":\"Estragos Permanentes da Priva\u00e7\u00e3o Materna Judicial pela acusa\u00e7\u00e3o de Aliena\u00e7\u00e3o Parental \u2014 Parte V - Jornal Fatos e Not\u00edcias\",\"isPartOf\":{\"@id\":\"https:\/\/jornalfatosenoticias.com.br\/#website\"},\"primaryImageOfPage\":{\"@id\":\"https:\/\/jornalfatosenoticias.com.br\/index.php\/2021\/01\/07\/estragos-permanentes-da-privacao-materna-judicial-pela-acusacao-de-alienacao-parental-parte-v\/#primaryimage\"},\"image\":{\"@id\":\"https:\/\/jornalfatosenoticias.com.br\/index.php\/2021\/01\/07\/estragos-permanentes-da-privacao-materna-judicial-pela-acusacao-de-alienacao-parental-parte-v\/#primaryimage\"},\"thumbnailUrl\":\"https:\/\/jornalfatosenoticias.com.br\/wp-content\/uploads\/2021\/01\/entenda-como-a-privacao-materna-reflete-nos-filhos.jpg\",\"datePublished\":\"2021-01-07T20:23:56+00:00\",\"dateModified\":\"2021-01-07T20:24:01+00:00\",\"breadcrumb\":{\"@id\":\"https:\/\/jornalfatosenoticias.com.br\/index.php\/2021\/01\/07\/estragos-permanentes-da-privacao-materna-judicial-pela-acusacao-de-alienacao-parental-parte-v\/#breadcrumb\"},\"inLanguage\":\"pt-BR\",\"potentialAction\":[{\"@type\":\"ReadAction\",\"target\":[\"https:\/\/jornalfatosenoticias.com.br\/index.php\/2021\/01\/07\/estragos-permanentes-da-privacao-materna-judicial-pela-acusacao-de-alienacao-parental-parte-v\/\"]}]},{\"@type\":\"ImageObject\",\"inLanguage\":\"pt-BR\",\"@id\":\"https:\/\/jornalfatosenoticias.com.br\/index.php\/2021\/01\/07\/estragos-permanentes-da-privacao-materna-judicial-pela-acusacao-de-alienacao-parental-parte-v\/#primaryimage\",\"url\":\"https:\/\/jornalfatosenoticias.com.br\/wp-content\/uploads\/2021\/01\/entenda-como-a-privacao-materna-reflete-nos-filhos.jpg\",\"contentUrl\":\"https:\/\/jornalfatosenoticias.com.br\/wp-content\/uploads\/2021\/01\/entenda-como-a-privacao-materna-reflete-nos-filhos.jpg\",\"width\":1000,\"height\":666},{\"@type\":\"BreadcrumbList\",\"@id\":\"https:\/\/jornalfatosenoticias.com.br\/index.php\/2021\/01\/07\/estragos-permanentes-da-privacao-materna-judicial-pela-acusacao-de-alienacao-parental-parte-v\/#breadcrumb\",\"itemListElement\":[{\"@type\":\"ListItem\",\"position\":1,\"name\":\"In\u00edcio\",\"item\":\"https:\/\/jornalfatosenoticias.com.br\/\"},{\"@type\":\"ListItem\",\"position\":2,\"name\":\"Estragos Permanentes da Priva\u00e7\u00e3o Materna Judicial pela acusa\u00e7\u00e3o de Aliena\u00e7\u00e3o Parental \u2014 Parte V\"}]},{\"@type\":\"WebSite\",\"@id\":\"https:\/\/jornalfatosenoticias.com.br\/#website\",\"url\":\"https:\/\/jornalfatosenoticias.com.br\/\",\"name\":\"Jornal Fatos e Not\u00edcias\",\"description\":\"Not\u00edcias em geral\",\"publisher\":{\"@id\":\"https:\/\/jornalfatosenoticias.com.br\/#organization\"},\"potentialAction\":[{\"@type\":\"SearchAction\",\"target\":{\"@type\":\"EntryPoint\",\"urlTemplate\":\"https:\/\/jornalfatosenoticias.com.br\/?s={search_term_string}\"},\"query-input\":{\"@type\":\"PropertyValueSpecification\",\"valueRequired\":true,\"valueName\":\"search_term_string\"}}],\"inLanguage\":\"pt-BR\"},{\"@type\":\"Organization\",\"@id\":\"https:\/\/jornalfatosenoticias.com.br\/#organization\",\"name\":\"Jornal Fatos e Not\u00edcias\",\"url\":\"https:\/\/jornalfatosenoticias.com.br\/\",\"logo\":{\"@type\":\"ImageObject\",\"inLanguage\":\"pt-BR\",\"@id\":\"https:\/\/jornalfatosenoticias.com.br\/#\/schema\/logo\/image\/\",\"url\":\"https:\/\/jornalfatosenoticias.com.br\/wp-content\/uploads\/2020\/02\/logo120.png\",\"contentUrl\":\"https:\/\/jornalfatosenoticias.com.br\/wp-content\/uploads\/2020\/02\/logo120.png\",\"width\":1227,\"height\":120,\"caption\":\"Jornal Fatos e Not\u00edcias\"},\"image\":{\"@id\":\"https:\/\/jornalfatosenoticias.com.br\/#\/schema\/logo\/image\/\"}},{\"@type\":\"Person\",\"@id\":\"https:\/\/jornalfatosenoticias.com.br\/#\/schema\/person\/c33fcf5fb02d729d3fec92c6737a22d1\",\"name\":\"Ana Maria Iencarelli\",\"image\":{\"@type\":\"ImageObject\",\"inLanguage\":\"pt-BR\",\"@id\":\"https:\/\/jornalfatosenoticias.com.br\/#\/schema\/person\/image\/\",\"url\":\"https:\/\/jornalfatosenoticias.com.br\/wp-content\/uploads\/2020\/02\/Ana-Maria-Iencarelli-1-150x150.jpg\",\"contentUrl\":\"https:\/\/jornalfatosenoticias.com.br\/wp-content\/uploads\/2020\/02\/Ana-Maria-Iencarelli-1-150x150.jpg\",\"caption\":\"Ana Maria Iencarelli\"},\"description\":\"Psicanalista Cl\u00ednica, especializada no atendimento a Crian\u00e7as e Adolescentes. Presidente da ONG Vozes de Anjos.\",\"url\":\"https:\/\/jornalfatosenoticias.com.br\/index.php\/author\/anamaria\/\"}]}<\/script>\n<!-- \/ Yoast SEO plugin. -->","yoast_head_json":{"title":"Estragos Permanentes da Priva\u00e7\u00e3o Materna Judicial pela acusa\u00e7\u00e3o de Aliena\u00e7\u00e3o Parental \u2014 Parte V - Jornal Fatos e Not\u00edcias","robots":{"index":"index","follow":"follow","max-snippet":"max-snippet:-1","max-image-preview":"max-image-preview:large","max-video-preview":"max-video-preview:-1"},"canonical":"https:\/\/jornalfatosenoticias.com.br\/index.php\/2021\/01\/07\/estragos-permanentes-da-privacao-materna-judicial-pela-acusacao-de-alienacao-parental-parte-v\/","og_locale":"pt_BR","og_type":"article","og_title":"Estragos Permanentes da Priva\u00e7\u00e3o Materna Judicial pela acusa\u00e7\u00e3o de Aliena\u00e7\u00e3o Parental \u2014 Parte V - Jornal Fatos e Not\u00edcias","og_description":"S\u00e3o os mais variados os estragos da Priva\u00e7\u00e3o Materna Judicial. O rompimento abrupto do conv\u00edvio com a m\u00e3e, em especial na primeira inf\u00e2ncia, promove um enorme e danoso desamparo. Conhecemos e reconhecemos as sequelas do rompimento da liga\u00e7\u00e3o m\u00e3e-beb\u00ea, sem dificuldade. Para a Crian\u00e7a, a viv\u00eancia \u00e9 de abandono materno. A quest\u00e3o principal est\u00e1, exatamente, [&hellip;]","og_url":"https:\/\/jornalfatosenoticias.com.br\/index.php\/2021\/01\/07\/estragos-permanentes-da-privacao-materna-judicial-pela-acusacao-de-alienacao-parental-parte-v\/","og_site_name":"Jornal Fatos e Not\u00edcias","article_published_time":"2021-01-07T20:23:56+00:00","article_modified_time":"2021-01-07T20:24:01+00:00","og_image":[{"width":1000,"height":666,"url":"https:\/\/jornalfatosenoticias.com.br\/wp-content\/uploads\/2021\/01\/entenda-como-a-privacao-materna-reflete-nos-filhos.jpg","type":"image\/jpeg"}],"author":"Ana Maria Iencarelli","twitter_card":"summary_large_image","twitter_misc":{"Escrito por":"Ana Maria Iencarelli","Est. tempo de leitura":"6 minutos"},"schema":{"@context":"https:\/\/schema.org","@graph":[{"@type":"Article","@id":"https:\/\/jornalfatosenoticias.com.br\/index.php\/2021\/01\/07\/estragos-permanentes-da-privacao-materna-judicial-pela-acusacao-de-alienacao-parental-parte-v\/#article","isPartOf":{"@id":"https:\/\/jornalfatosenoticias.com.br\/index.php\/2021\/01\/07\/estragos-permanentes-da-privacao-materna-judicial-pela-acusacao-de-alienacao-parental-parte-v\/"},"author":{"name":"Ana Maria Iencarelli","@id":"https:\/\/jornalfatosenoticias.com.br\/#\/schema\/person\/c33fcf5fb02d729d3fec92c6737a22d1"},"headline":"Estragos Permanentes da Priva\u00e7\u00e3o Materna Judicial pela acusa\u00e7\u00e3o de Aliena\u00e7\u00e3o Parental \u2014 Parte V","datePublished":"2021-01-07T20:23:56+00:00","dateModified":"2021-01-07T20:24:01+00:00","mainEntityOfPage":{"@id":"https:\/\/jornalfatosenoticias.com.br\/index.php\/2021\/01\/07\/estragos-permanentes-da-privacao-materna-judicial-pela-acusacao-de-alienacao-parental-parte-v\/"},"wordCount":1169,"commentCount":0,"publisher":{"@id":"https:\/\/jornalfatosenoticias.com.br\/#organization"},"image":{"@id":"https:\/\/jornalfatosenoticias.com.br\/index.php\/2021\/01\/07\/estragos-permanentes-da-privacao-materna-judicial-pela-acusacao-de-alienacao-parental-parte-v\/#primaryimage"},"thumbnailUrl":"https:\/\/jornalfatosenoticias.com.br\/wp-content\/uploads\/2021\/01\/entenda-como-a-privacao-materna-reflete-nos-filhos.jpg","keywords":["aliena\u00e7\u00e3o parental","desamparo","liga\u00e7\u00e3o","m\u00e3e-beb\u00ea","rompimento"],"articleSection":["Comportamento &amp; Equil\u00edbrio"],"inLanguage":"pt-BR","potentialAction":[{"@type":"CommentAction","name":"Comment","target":["https:\/\/jornalfatosenoticias.com.br\/index.php\/2021\/01\/07\/estragos-permanentes-da-privacao-materna-judicial-pela-acusacao-de-alienacao-parental-parte-v\/#respond"]}]},{"@type":"WebPage","@id":"https:\/\/jornalfatosenoticias.com.br\/index.php\/2021\/01\/07\/estragos-permanentes-da-privacao-materna-judicial-pela-acusacao-de-alienacao-parental-parte-v\/","url":"https:\/\/jornalfatosenoticias.com.br\/index.php\/2021\/01\/07\/estragos-permanentes-da-privacao-materna-judicial-pela-acusacao-de-alienacao-parental-parte-v\/","name":"Estragos Permanentes da Priva\u00e7\u00e3o Materna Judicial pela acusa\u00e7\u00e3o de Aliena\u00e7\u00e3o Parental \u2014 Parte V - Jornal Fatos e Not\u00edcias","isPartOf":{"@id":"https:\/\/jornalfatosenoticias.com.br\/#website"},"primaryImageOfPage":{"@id":"https:\/\/jornalfatosenoticias.com.br\/index.php\/2021\/01\/07\/estragos-permanentes-da-privacao-materna-judicial-pela-acusacao-de-alienacao-parental-parte-v\/#primaryimage"},"image":{"@id":"https:\/\/jornalfatosenoticias.com.br\/index.php\/2021\/01\/07\/estragos-permanentes-da-privacao-materna-judicial-pela-acusacao-de-alienacao-parental-parte-v\/#primaryimage"},"thumbnailUrl":"https:\/\/jornalfatosenoticias.com.br\/wp-content\/uploads\/2021\/01\/entenda-como-a-privacao-materna-reflete-nos-filhos.jpg","datePublished":"2021-01-07T20:23:56+00:00","dateModified":"2021-01-07T20:24:01+00:00","breadcrumb":{"@id":"https:\/\/jornalfatosenoticias.com.br\/index.php\/2021\/01\/07\/estragos-permanentes-da-privacao-materna-judicial-pela-acusacao-de-alienacao-parental-parte-v\/#breadcrumb"},"inLanguage":"pt-BR","potentialAction":[{"@type":"ReadAction","target":["https:\/\/jornalfatosenoticias.com.br\/index.php\/2021\/01\/07\/estragos-permanentes-da-privacao-materna-judicial-pela-acusacao-de-alienacao-parental-parte-v\/"]}]},{"@type":"ImageObject","inLanguage":"pt-BR","@id":"https:\/\/jornalfatosenoticias.com.br\/index.php\/2021\/01\/07\/estragos-permanentes-da-privacao-materna-judicial-pela-acusacao-de-alienacao-parental-parte-v\/#primaryimage","url":"https:\/\/jornalfatosenoticias.com.br\/wp-content\/uploads\/2021\/01\/entenda-como-a-privacao-materna-reflete-nos-filhos.jpg","contentUrl":"https:\/\/jornalfatosenoticias.com.br\/wp-content\/uploads\/2021\/01\/entenda-como-a-privacao-materna-reflete-nos-filhos.jpg","width":1000,"height":666},{"@type":"BreadcrumbList","@id":"https:\/\/jornalfatosenoticias.com.br\/index.php\/2021\/01\/07\/estragos-permanentes-da-privacao-materna-judicial-pela-acusacao-de-alienacao-parental-parte-v\/#breadcrumb","itemListElement":[{"@type":"ListItem","position":1,"name":"In\u00edcio","item":"https:\/\/jornalfatosenoticias.com.br\/"},{"@type":"ListItem","position":2,"name":"Estragos Permanentes da Priva\u00e7\u00e3o Materna Judicial pela acusa\u00e7\u00e3o de Aliena\u00e7\u00e3o Parental \u2014 Parte V"}]},{"@type":"WebSite","@id":"https:\/\/jornalfatosenoticias.com.br\/#website","url":"https:\/\/jornalfatosenoticias.com.br\/","name":"Jornal Fatos e Not\u00edcias","description":"Not\u00edcias em geral","publisher":{"@id":"https:\/\/jornalfatosenoticias.com.br\/#organization"},"potentialAction":[{"@type":"SearchAction","target":{"@type":"EntryPoint","urlTemplate":"https:\/\/jornalfatosenoticias.com.br\/?s={search_term_string}"},"query-input":{"@type":"PropertyValueSpecification","valueRequired":true,"valueName":"search_term_string"}}],"inLanguage":"pt-BR"},{"@type":"Organization","@id":"https:\/\/jornalfatosenoticias.com.br\/#organization","name":"Jornal Fatos e Not\u00edcias","url":"https:\/\/jornalfatosenoticias.com.br\/","logo":{"@type":"ImageObject","inLanguage":"pt-BR","@id":"https:\/\/jornalfatosenoticias.com.br\/#\/schema\/logo\/image\/","url":"https:\/\/jornalfatosenoticias.com.br\/wp-content\/uploads\/2020\/02\/logo120.png","contentUrl":"https:\/\/jornalfatosenoticias.com.br\/wp-content\/uploads\/2020\/02\/logo120.png","width":1227,"height":120,"caption":"Jornal Fatos e Not\u00edcias"},"image":{"@id":"https:\/\/jornalfatosenoticias.com.br\/#\/schema\/logo\/image\/"}},{"@type":"Person","@id":"https:\/\/jornalfatosenoticias.com.br\/#\/schema\/person\/c33fcf5fb02d729d3fec92c6737a22d1","name":"Ana Maria Iencarelli","image":{"@type":"ImageObject","inLanguage":"pt-BR","@id":"https:\/\/jornalfatosenoticias.com.br\/#\/schema\/person\/image\/","url":"https:\/\/jornalfatosenoticias.com.br\/wp-content\/uploads\/2020\/02\/Ana-Maria-Iencarelli-1-150x150.jpg","contentUrl":"https:\/\/jornalfatosenoticias.com.br\/wp-content\/uploads\/2020\/02\/Ana-Maria-Iencarelli-1-150x150.jpg","caption":"Ana Maria Iencarelli"},"description":"Psicanalista Cl\u00ednica, especializada no atendimento a Crian\u00e7as e Adolescentes. Presidente da ONG Vozes de Anjos.","url":"https:\/\/jornalfatosenoticias.com.br\/index.php\/author\/anamaria\/"}]}},"cc_featured_image_caption":{"caption_text":"Menina e m\u00e3e (Foto: iStock)","source_text":"","source_url":""},"jetpack_featured_media_url":"https:\/\/jornalfatosenoticias.com.br\/wp-content\/uploads\/2021\/01\/entenda-como-a-privacao-materna-reflete-nos-filhos.jpg","_links":{"self":[{"href":"https:\/\/jornalfatosenoticias.com.br\/index.php\/wp-json\/wp\/v2\/posts\/13144","targetHints":{"allow":["GET"]}}],"collection":[{"href":"https:\/\/jornalfatosenoticias.com.br\/index.php\/wp-json\/wp\/v2\/posts"}],"about":[{"href":"https:\/\/jornalfatosenoticias.com.br\/index.php\/wp-json\/wp\/v2\/types\/post"}],"author":[{"embeddable":true,"href":"https:\/\/jornalfatosenoticias.com.br\/index.php\/wp-json\/wp\/v2\/users\/8"}],"replies":[{"embeddable":true,"href":"https:\/\/jornalfatosenoticias.com.br\/index.php\/wp-json\/wp\/v2\/comments?post=13144"}],"version-history":[{"count":0,"href":"https:\/\/jornalfatosenoticias.com.br\/index.php\/wp-json\/wp\/v2\/posts\/13144\/revisions"}],"wp:featuredmedia":[{"embeddable":true,"href":"https:\/\/jornalfatosenoticias.com.br\/index.php\/wp-json\/wp\/v2\/media\/13146"}],"wp:attachment":[{"href":"https:\/\/jornalfatosenoticias.com.br\/index.php\/wp-json\/wp\/v2\/media?parent=13144"}],"wp:term":[{"taxonomy":"category","embeddable":true,"href":"https:\/\/jornalfatosenoticias.com.br\/index.php\/wp-json\/wp\/v2\/categories?post=13144"},{"taxonomy":"post_tag","embeddable":true,"href":"https:\/\/jornalfatosenoticias.com.br\/index.php\/wp-json\/wp\/v2\/tags?post=13144"}],"curies":[{"name":"wp","href":"https:\/\/api.w.org\/{rel}","templated":true}]}}