{"id":13155,"date":"2021-01-07T17:39:23","date_gmt":"2021-01-07T20:39:23","guid":{"rendered":"https:\/\/jornalfatosenoticias.com.br\/?p=13155"},"modified":"2021-01-07T17:39:28","modified_gmt":"2021-01-07T20:39:28","slug":"celulas-tronco-de-dentes-sao-estudadas-para-tratar-idosos","status":"publish","type":"post","link":"https:\/\/jornalfatosenoticias.com.br\/index.php\/2021\/01\/07\/celulas-tronco-de-dentes-sao-estudadas-para-tratar-idosos\/","title":{"rendered":"C\u00e9lulas-tronco de dentes s\u00e3o estudadas para tratar idosos"},"content":{"rendered":"\n<h6 class=\"wp-block-heading\"><em>Expectativa de pesquisadores \u00e9 conseguir autoriza\u00e7\u00e3o da Anvisa at\u00e9 janeiro para iniciar no mesmo m\u00eas a fase de recrutamento de pacientes volunt\u00e1rios<\/em><\/h6>\n\n\n\n<p>Um estudo cl\u00ednico brasileiro sobre o novo coronav\u00edrus pretende utilizar c\u00e9lulas-tronco, extra\u00eddas de polpas de dentes de leite de doadores, em pacientes idosos que estejam no est\u00e1gio moderado da inflama\u00e7\u00e3o, permitindo, assim, que a pessoa infectada pela covid-19 enfrente a doen\u00e7a em melhores condi\u00e7\u00f5es. O objetivo do tratamento \u00e9 reduzir os processos inflamat\u00f3rios exacerbados que podem surgir nas pessoas infectadas. Para o desenvolvimento do ensaio, que ter\u00e1 dura\u00e7\u00e3o aproximada de seis meses, a Sociedade Brasileira de Direito M\u00e9dico e Bio\u00e9tica (Anadem) iniciou uma alian\u00e7a cient\u00edfica com a R-Crio Criogenia, especialista em criopreserva\u00e7\u00e3o.<br>&#8220;Nossa estrat\u00e9gia com as c\u00e9lulas-troncos mesenquimais \u00e9 mitigar a rea\u00e7\u00e3o inflamat\u00f3ria do organismo. \u00c9 robustecer o organismo do paciente infectado com a doen\u00e7a para aliviar a inflama\u00e7\u00e3o e o comprometimento dos pulm\u00f5es, al\u00e9m de reduzir as poss\u00edveis sequelas e, desta forma, o pr\u00f3prio sistema imunol\u00f3gico do organismo cria uma defesa contra aquele v\u00edrus&#8221;, afirma Raul Canal, presidente da Anadem e mestrando em medicina regenerativa. O organismo cria defesas, s\u00f3 que em alguns casos at\u00e9 o organismo criar a imunologia contra aquele v\u00edrus, a resposta inflamat\u00f3ria exacerbada pode matar a v\u00edtima antes&#8221;.<br>Segundo o pesquisador Jos\u00e9 Ricardo Muniz Ferreira, fundador do Centro de Processamento Celular R-Crio Criogenia e membro da International Society for Cellular Therapy (ISCT), as c\u00e9lulas-tronco mesenquimais recebem esse nome em raz\u00e3o da origem embriol\u00f3gica dessas c\u00e9lulas. &#8220;Apresentam capacidade de se diferenciar em c\u00e9lulas formadoras de \u00f3rg\u00e3os e tecidos duros e modular a resposta inflamat\u00f3ria com grande compet\u00eancia&#8221;.<br>Inicialmente, ser\u00e3o usadas c\u00e9lulas heterog\u00eaneas no estudo, ou seja, c\u00e9lulas de doadores. Sobre poss\u00edveis rea\u00e7\u00f5es ao paciente, o presidente da Anadem explica que diferentemente de um transplante de \u00f3rg\u00e3o, n\u00e3o existe o risco de rejei\u00e7\u00e3o. &#8220;A \u00fanica coisa question\u00e1vel \u00e9 que como \u00e9 uma c\u00e9lula-tronco carrega o DNA, leva a identidade da pessoa de quem foi extra\u00edda. Todavia n\u00e3o h\u00e1 contraindica\u00e7\u00e3o. Todas as c\u00e9lulas quando coletadas passam por toda pesquisa sorol\u00f3gica para todas as doen\u00e7as como HIV, HPV, S\u00edfilis e Mal\u00e1ria. Toda pesquisa na pr\u00f3pria regulariza\u00e7\u00e3o da Ag\u00eancia Nacional de Vigil\u00e2ncia Sanit\u00e1ria (Anvisa) quando faz a coleta tem que fazer a an\u00e1lise sorol\u00f3gica. Ent\u00e3o, n\u00e3o existe perigo de cont\u00e1gio e rea\u00e7\u00e3o al\u00e9rgica&#8221;, acrescenta Canal, que n\u00e3o descarta que &#8220;futuramente a pessoa poder\u00e1 realizar a coleta de suas pr\u00f3prias c\u00e9lulas-tronco&#8221;, criopreserv\u00e1-las e us\u00e1-las para tratar qualquer doen\u00e7a que tiver posteriormente.<br>Conforme o presidente da Anadem, uma vez comprovada a efic\u00e1cia do estudo, as infus\u00f5es poder\u00e3o ser a solu\u00e7\u00e3o para quaisquer outros v\u00edrus que vierem ap\u00f3s a covid-19. &#8220;Estamos muito otimista e entendemos que isso \u00e9 algo muito recente. A primeira resolu\u00e7\u00e3o regulamentando essas terapias avan\u00e7adas no Brasil \u00e9 de 2018&#8221;, diz ele.<br>&#8220;Atrav\u00e9s de um grande esfor\u00e7o da Anvisa, o Brasil passou a fazer parte de um grupo internacional de vanguarda, estabelecendo um marco regulat\u00f3rio composto pelas resolu\u00e7\u00f5es 214\/2018, 260\/2018 e 338\/2020, que d\u00e3o as diretrizes para que as pesquisas cl\u00ednicas aconte\u00e7am de forma estruturada e multidisciplinar e viabilizem a pr\u00e1tica das terapias celular e gen\u00e9tica&#8221;, complementa o fundador do Centro de Processamento Celular R-Crio Criogenia.<br>Ferreira acredita que os avan\u00e7os ser\u00e3o profundos em todas as esferas das pr\u00e1ticas m\u00e9dicas e odontol\u00f3gicas. &#8220;Estamos fechando um ciclo mundial de uma d\u00e9cada dedicada ao entendimento das regras para que as terapias celular e gen\u00e9tica sejam homologadas e passem a fazer parte desse novo pilar da pr\u00e1tica m\u00e9dica voltada \u00e0 preven\u00e7\u00e3o, controle e tratamento das chamadas doen\u00e7as degenerativas, a partir dos resultados favor\u00e1veis de pesquisas e registros junto \u00e0s ag\u00eancias reguladoras competentes como, por exemplo, a Anvisa e a ag\u00eancia americana que regula medicamentos e alimentos, a Food and Drug Administration (FDA)&#8221;, estima ele.<br>Diretamente ligado \u00e0 inova\u00e7\u00e3o das terapias celulares, o estudo cl\u00ednico j\u00e1 foi aprovado pela Comiss\u00e3o Nacional de \u00c9tica em Pesquisa (Conep), j\u00e1 tem formado um comit\u00ea independente de biosseguran\u00e7a, por exig\u00eancia da Conep, e agora aguarda autoriza\u00e7\u00e3o da Anvisa para iniciar a fase de recrutamento de pacientes.<br>&#8220;A primeira fase da pesquisa foi com o Comit\u00ea de \u00c9tica em Pesquisa (CEP) da Faculdade de Medicina e Odontologia e Centro de Pesquisas Odontol\u00f3gicas S\u00e3o Leopoldo Mandic (SLMANDIC), em Campinas, no interior paulista. Depois, a fase do Conep. Agora, est\u00e1 na fase pr\u00e9-cl\u00ednica da Anvisa, que \u00e9 mais uma fase documental&#8221;, explica o presidente da Anadem.<\/p>\n\n\n\n<figure class=\"wp-block-image size-large\"><img loading=\"lazy\" decoding=\"async\" width=\"1000\" height=\"748\" src=\"https:\/\/jornalfatosenoticias.com.br\/wp-content\/uploads\/2021\/01\/celulas-tronco-dos-dentes.jpg\" alt=\"\" class=\"wp-image-13156\" srcset=\"https:\/\/jornalfatosenoticias.com.br\/wp-content\/uploads\/2021\/01\/celulas-tronco-dos-dentes.jpg 1000w, https:\/\/jornalfatosenoticias.com.br\/wp-content\/uploads\/2021\/01\/celulas-tronco-dos-dentes-300x224.jpg 300w, https:\/\/jornalfatosenoticias.com.br\/wp-content\/uploads\/2021\/01\/celulas-tronco-dos-dentes-768x574.jpg 768w\" sizes=\"auto, (max-width: 1000px) 100vw, 1000px\" \/><figcaption><em>Raul Canal, da Anadem, ao lado de Walker Jeveaux (centro) e Jos\u00e9 Ricardo Muniz Ferreira (de \u00f3culos), da R-Crio Criogenia (Foto: Divulga\u00e7\u00e3o\/Estad\u00e3o Conte\u00fado)<\/em><\/figcaption><\/figure>\n\n\n\n<p>A expectativa \u00e9 que nos pr\u00f3ximos 20 dias a Anvisa emita a autoriza\u00e7\u00e3o para que possa ser iniciada a fase cl\u00ednica com a sele\u00e7\u00e3o de pacientes volunt\u00e1rios. Ser\u00e3o recrutados idosos com mais de 60 anos e com pelo menos duas comorbidades, ou seja, pacientes graves, mas no est\u00e1gio moderado da inflama\u00e7\u00e3o pela covid-19.<br>Dentro deste perfil, ser\u00e3o selecionados 48 pacientes do Hospital Regional da Asa Norte (Hran), em Bras\u00edlia, e do Hospital Municipal de Aparecida de Goi\u00e2nia (HMAP), em Goi\u00e1s, ambos refer\u00eancia no tratamento do novo coronav\u00edrus.<br>&#8220;Eles ser\u00e3o agrupados de forma aleat\u00f3ria em dois grupos, j\u00e1 que o estudo tem um car\u00e1ter duplo-cego com o intuito de garantir a isen\u00e7\u00e3o e a seguran\u00e7a aos protocolos e processos. Ser\u00e1 um grupo experimental com 24 pacientes que receber\u00e3o a terapia com c\u00e9lulas-tronco obtidas a partir de polpas de dentes de leite de 24 doadores e outro grupo com outros 24 pacientes que receber\u00e3o placebo (solu\u00e7\u00e3o salina in\u00f3cua)&#8221;, explica o fundador do Centro de Processamento Celular R-Crio.<br>A terapia celular ser\u00e1 conduzida por meio de quatro sess\u00f5es de infus\u00f5es nos dias 1,3,5 e 7 do estudo. &#8220;Cada paciente do grupo experimental receber\u00e1 um milh\u00e3o de c\u00e9lulas por quilo de peso, dilu\u00eddas em 100ml de soro, por cada sess\u00e3o de infus\u00e3o endovenosa&#8221;, afirma Ferreira.<br>&#8220;Todas as c\u00e9lulas-tronco s\u00e3o extra\u00eddas de polpas do dentes de leite. S\u00e3o c\u00e9lulas-tronco com m\u00e9dia de sete e oito anos de idade. Imagina o rejuvenescimento que ser\u00e1 introduzido no organismo dos pacientes&#8221;, acrescenta Canal.<\/p>\n\n\n\n<p><strong><em>Fonte: <a href=\"https:\/\/www.terra.com.br\/vida-e-estilo\/saude\/celulas-tronco-de-dentes-sao-estudadas-para-tratar-idosos,f595f8eb537076a7325f56a9e6a7fa7c6yqrddvd.html\">Terra<\/a><\/em><\/strong><\/p>\n","protected":false},"excerpt":{"rendered":"<p>Expectativa de pesquisadores \u00e9 conseguir autoriza\u00e7\u00e3o da Anvisa at\u00e9 janeiro para iniciar no mesmo m\u00eas a fase de recrutamento de pacientes volunt\u00e1rios Um estudo cl\u00ednico brasileiro sobre o novo coronav\u00edrus pretende utilizar c\u00e9lulas-tronco, extra\u00eddas de polpas de dentes de leite de doadores, em pacientes idosos que estejam no est\u00e1gio moderado da inflama\u00e7\u00e3o, permitindo, assim, que [&hellip;]<\/p>\n","protected":false},"author":2,"featured_media":13157,"comment_status":"open","ping_status":"open","sticky":false,"template":"","format":"standard","meta":{"footnotes":""},"categories":[11],"tags":[3187,6814,6815,850],"class_list":["post-13155","post","type-post","status-publish","format-standard","has-post-thumbnail","hentry","category-saude","tag-celulas-tronco","tag-criogenia","tag-criopreservacao","tag-idosos"],"yoast_head":"<!-- This site is optimized with the Yoast SEO plugin v26.5 - https:\/\/yoast.com\/wordpress\/plugins\/seo\/ -->\n<title>C\u00e9lulas-tronco de dentes s\u00e3o estudadas para tratar idosos - Jornal Fatos e Not\u00edcias<\/title>\n<meta name=\"robots\" content=\"index, follow, max-snippet:-1, max-image-preview:large, max-video-preview:-1\" \/>\n<link rel=\"canonical\" href=\"https:\/\/jornalfatosenoticias.com.br\/index.php\/2021\/01\/07\/celulas-tronco-de-dentes-sao-estudadas-para-tratar-idosos\/\" \/>\n<meta property=\"og:locale\" content=\"pt_BR\" \/>\n<meta property=\"og:type\" content=\"article\" \/>\n<meta property=\"og:title\" content=\"C\u00e9lulas-tronco de dentes s\u00e3o estudadas para tratar idosos - Jornal Fatos e Not\u00edcias\" \/>\n<meta property=\"og:description\" content=\"Expectativa de pesquisadores \u00e9 conseguir autoriza\u00e7\u00e3o da Anvisa at\u00e9 janeiro para iniciar no mesmo m\u00eas a fase de recrutamento de pacientes volunt\u00e1rios Um estudo cl\u00ednico brasileiro sobre o novo coronav\u00edrus pretende utilizar c\u00e9lulas-tronco, extra\u00eddas de polpas de dentes de leite de doadores, em pacientes idosos que estejam no est\u00e1gio moderado da inflama\u00e7\u00e3o, permitindo, assim, que [&hellip;]\" \/>\n<meta property=\"og:url\" content=\"https:\/\/jornalfatosenoticias.com.br\/index.php\/2021\/01\/07\/celulas-tronco-de-dentes-sao-estudadas-para-tratar-idosos\/\" \/>\n<meta property=\"og:site_name\" content=\"Jornal Fatos e Not\u00edcias\" \/>\n<meta property=\"article:published_time\" content=\"2021-01-07T20:39:23+00:00\" \/>\n<meta property=\"article:modified_time\" content=\"2021-01-07T20:39:28+00:00\" \/>\n<meta property=\"og:image\" content=\"https:\/\/jornalfatosenoticias.com.br\/wp-content\/uploads\/2021\/01\/celulas-tronco-capa.jpg\" \/>\n\t<meta property=\"og:image:width\" content=\"1000\" \/>\n\t<meta property=\"og:image:height\" content=\"626\" \/>\n\t<meta property=\"og:image:type\" content=\"image\/jpeg\" \/>\n<meta name=\"author\" content=\"Luzimara Fernandes\" \/>\n<meta name=\"twitter:card\" content=\"summary_large_image\" \/>\n<meta name=\"twitter:label1\" content=\"Escrito por\" \/>\n\t<meta name=\"twitter:data1\" content=\"Luzimara Fernandes\" \/>\n\t<meta name=\"twitter:label2\" content=\"Est. tempo de leitura\" \/>\n\t<meta name=\"twitter:data2\" content=\"6 minutos\" \/>\n<script type=\"application\/ld+json\" class=\"yoast-schema-graph\">{\"@context\":\"https:\/\/schema.org\",\"@graph\":[{\"@type\":\"Article\",\"@id\":\"https:\/\/jornalfatosenoticias.com.br\/index.php\/2021\/01\/07\/celulas-tronco-de-dentes-sao-estudadas-para-tratar-idosos\/#article\",\"isPartOf\":{\"@id\":\"https:\/\/jornalfatosenoticias.com.br\/index.php\/2021\/01\/07\/celulas-tronco-de-dentes-sao-estudadas-para-tratar-idosos\/\"},\"author\":{\"name\":\"Luzimara Fernandes\",\"@id\":\"https:\/\/jornalfatosenoticias.com.br\/#\/schema\/person\/d63837fa13ac8666eb9e74e0985d6f81\"},\"headline\":\"C\u00e9lulas-tronco de dentes s\u00e3o estudadas para tratar idosos\",\"datePublished\":\"2021-01-07T20:39:23+00:00\",\"dateModified\":\"2021-01-07T20:39:28+00:00\",\"mainEntityOfPage\":{\"@id\":\"https:\/\/jornalfatosenoticias.com.br\/index.php\/2021\/01\/07\/celulas-tronco-de-dentes-sao-estudadas-para-tratar-idosos\/\"},\"wordCount\":1133,\"commentCount\":0,\"publisher\":{\"@id\":\"https:\/\/jornalfatosenoticias.com.br\/#organization\"},\"image\":{\"@id\":\"https:\/\/jornalfatosenoticias.com.br\/index.php\/2021\/01\/07\/celulas-tronco-de-dentes-sao-estudadas-para-tratar-idosos\/#primaryimage\"},\"thumbnailUrl\":\"https:\/\/jornalfatosenoticias.com.br\/wp-content\/uploads\/2021\/01\/celulas-tronco-capa.jpg\",\"keywords\":[\"c\u00e9lulas-tronco\",\"criogenia\",\"criopreserva\u00e7\u00e3o\",\"idosos\"],\"articleSection\":[\"Sa\u00fade\"],\"inLanguage\":\"pt-BR\",\"potentialAction\":[{\"@type\":\"CommentAction\",\"name\":\"Comment\",\"target\":[\"https:\/\/jornalfatosenoticias.com.br\/index.php\/2021\/01\/07\/celulas-tronco-de-dentes-sao-estudadas-para-tratar-idosos\/#respond\"]}]},{\"@type\":\"WebPage\",\"@id\":\"https:\/\/jornalfatosenoticias.com.br\/index.php\/2021\/01\/07\/celulas-tronco-de-dentes-sao-estudadas-para-tratar-idosos\/\",\"url\":\"https:\/\/jornalfatosenoticias.com.br\/index.php\/2021\/01\/07\/celulas-tronco-de-dentes-sao-estudadas-para-tratar-idosos\/\",\"name\":\"C\u00e9lulas-tronco de dentes s\u00e3o estudadas para tratar idosos - Jornal Fatos e Not\u00edcias\",\"isPartOf\":{\"@id\":\"https:\/\/jornalfatosenoticias.com.br\/#website\"},\"primaryImageOfPage\":{\"@id\":\"https:\/\/jornalfatosenoticias.com.br\/index.php\/2021\/01\/07\/celulas-tronco-de-dentes-sao-estudadas-para-tratar-idosos\/#primaryimage\"},\"image\":{\"@id\":\"https:\/\/jornalfatosenoticias.com.br\/index.php\/2021\/01\/07\/celulas-tronco-de-dentes-sao-estudadas-para-tratar-idosos\/#primaryimage\"},\"thumbnailUrl\":\"https:\/\/jornalfatosenoticias.com.br\/wp-content\/uploads\/2021\/01\/celulas-tronco-capa.jpg\",\"datePublished\":\"2021-01-07T20:39:23+00:00\",\"dateModified\":\"2021-01-07T20:39:28+00:00\",\"breadcrumb\":{\"@id\":\"https:\/\/jornalfatosenoticias.com.br\/index.php\/2021\/01\/07\/celulas-tronco-de-dentes-sao-estudadas-para-tratar-idosos\/#breadcrumb\"},\"inLanguage\":\"pt-BR\",\"potentialAction\":[{\"@type\":\"ReadAction\",\"target\":[\"https:\/\/jornalfatosenoticias.com.br\/index.php\/2021\/01\/07\/celulas-tronco-de-dentes-sao-estudadas-para-tratar-idosos\/\"]}]},{\"@type\":\"ImageObject\",\"inLanguage\":\"pt-BR\",\"@id\":\"https:\/\/jornalfatosenoticias.com.br\/index.php\/2021\/01\/07\/celulas-tronco-de-dentes-sao-estudadas-para-tratar-idosos\/#primaryimage\",\"url\":\"https:\/\/jornalfatosenoticias.com.br\/wp-content\/uploads\/2021\/01\/celulas-tronco-capa.jpg\",\"contentUrl\":\"https:\/\/jornalfatosenoticias.com.br\/wp-content\/uploads\/2021\/01\/celulas-tronco-capa.jpg\",\"width\":1000,\"height\":626},{\"@type\":\"BreadcrumbList\",\"@id\":\"https:\/\/jornalfatosenoticias.com.br\/index.php\/2021\/01\/07\/celulas-tronco-de-dentes-sao-estudadas-para-tratar-idosos\/#breadcrumb\",\"itemListElement\":[{\"@type\":\"ListItem\",\"position\":1,\"name\":\"In\u00edcio\",\"item\":\"https:\/\/jornalfatosenoticias.com.br\/\"},{\"@type\":\"ListItem\",\"position\":2,\"name\":\"C\u00e9lulas-tronco de dentes s\u00e3o estudadas para tratar idosos\"}]},{\"@type\":\"WebSite\",\"@id\":\"https:\/\/jornalfatosenoticias.com.br\/#website\",\"url\":\"https:\/\/jornalfatosenoticias.com.br\/\",\"name\":\"Jornal Fatos e Not\u00edcias\",\"description\":\"Not\u00edcias em geral\",\"publisher\":{\"@id\":\"https:\/\/jornalfatosenoticias.com.br\/#organization\"},\"potentialAction\":[{\"@type\":\"SearchAction\",\"target\":{\"@type\":\"EntryPoint\",\"urlTemplate\":\"https:\/\/jornalfatosenoticias.com.br\/?s={search_term_string}\"},\"query-input\":{\"@type\":\"PropertyValueSpecification\",\"valueRequired\":true,\"valueName\":\"search_term_string\"}}],\"inLanguage\":\"pt-BR\"},{\"@type\":\"Organization\",\"@id\":\"https:\/\/jornalfatosenoticias.com.br\/#organization\",\"name\":\"Jornal Fatos e Not\u00edcias\",\"url\":\"https:\/\/jornalfatosenoticias.com.br\/\",\"logo\":{\"@type\":\"ImageObject\",\"inLanguage\":\"pt-BR\",\"@id\":\"https:\/\/jornalfatosenoticias.com.br\/#\/schema\/logo\/image\/\",\"url\":\"https:\/\/jornalfatosenoticias.com.br\/wp-content\/uploads\/2020\/02\/logo120.png\",\"contentUrl\":\"https:\/\/jornalfatosenoticias.com.br\/wp-content\/uploads\/2020\/02\/logo120.png\",\"width\":1227,\"height\":120,\"caption\":\"Jornal Fatos e Not\u00edcias\"},\"image\":{\"@id\":\"https:\/\/jornalfatosenoticias.com.br\/#\/schema\/logo\/image\/\"}},{\"@type\":\"Person\",\"@id\":\"https:\/\/jornalfatosenoticias.com.br\/#\/schema\/person\/d63837fa13ac8666eb9e74e0985d6f81\",\"name\":\"Luzimara Fernandes\",\"image\":{\"@type\":\"ImageObject\",\"inLanguage\":\"pt-BR\",\"@id\":\"https:\/\/jornalfatosenoticias.com.br\/#\/schema\/person\/image\/\",\"url\":\"https:\/\/jornalfatosenoticias.com.br\/wp-content\/uploads\/2025\/05\/EU_portal.jpg\",\"contentUrl\":\"https:\/\/jornalfatosenoticias.com.br\/wp-content\/uploads\/2025\/05\/EU_portal.jpg\",\"caption\":\"Luzimara Fernandes\"},\"description\":\"Jornalista MTB 2358-ES\",\"sameAs\":[\"https:\/\/jornalfatosenoticias.com.br\"],\"url\":\"https:\/\/jornalfatosenoticias.com.br\/index.php\/author\/luzimara\/\"}]}<\/script>\n<!-- \/ Yoast SEO plugin. -->","yoast_head_json":{"title":"C\u00e9lulas-tronco de dentes s\u00e3o estudadas para tratar idosos - Jornal Fatos e Not\u00edcias","robots":{"index":"index","follow":"follow","max-snippet":"max-snippet:-1","max-image-preview":"max-image-preview:large","max-video-preview":"max-video-preview:-1"},"canonical":"https:\/\/jornalfatosenoticias.com.br\/index.php\/2021\/01\/07\/celulas-tronco-de-dentes-sao-estudadas-para-tratar-idosos\/","og_locale":"pt_BR","og_type":"article","og_title":"C\u00e9lulas-tronco de dentes s\u00e3o estudadas para tratar idosos - Jornal Fatos e Not\u00edcias","og_description":"Expectativa de pesquisadores \u00e9 conseguir autoriza\u00e7\u00e3o da Anvisa at\u00e9 janeiro para iniciar no mesmo m\u00eas a fase de recrutamento de pacientes volunt\u00e1rios Um estudo cl\u00ednico brasileiro sobre o novo coronav\u00edrus pretende utilizar c\u00e9lulas-tronco, extra\u00eddas de polpas de dentes de leite de doadores, em pacientes idosos que estejam no est\u00e1gio moderado da inflama\u00e7\u00e3o, permitindo, assim, que [&hellip;]","og_url":"https:\/\/jornalfatosenoticias.com.br\/index.php\/2021\/01\/07\/celulas-tronco-de-dentes-sao-estudadas-para-tratar-idosos\/","og_site_name":"Jornal Fatos e Not\u00edcias","article_published_time":"2021-01-07T20:39:23+00:00","article_modified_time":"2021-01-07T20:39:28+00:00","og_image":[{"width":1000,"height":626,"url":"https:\/\/jornalfatosenoticias.com.br\/wp-content\/uploads\/2021\/01\/celulas-tronco-capa.jpg","type":"image\/jpeg"}],"author":"Luzimara Fernandes","twitter_card":"summary_large_image","twitter_misc":{"Escrito por":"Luzimara Fernandes","Est. tempo de leitura":"6 minutos"},"schema":{"@context":"https:\/\/schema.org","@graph":[{"@type":"Article","@id":"https:\/\/jornalfatosenoticias.com.br\/index.php\/2021\/01\/07\/celulas-tronco-de-dentes-sao-estudadas-para-tratar-idosos\/#article","isPartOf":{"@id":"https:\/\/jornalfatosenoticias.com.br\/index.php\/2021\/01\/07\/celulas-tronco-de-dentes-sao-estudadas-para-tratar-idosos\/"},"author":{"name":"Luzimara Fernandes","@id":"https:\/\/jornalfatosenoticias.com.br\/#\/schema\/person\/d63837fa13ac8666eb9e74e0985d6f81"},"headline":"C\u00e9lulas-tronco de dentes s\u00e3o estudadas para tratar idosos","datePublished":"2021-01-07T20:39:23+00:00","dateModified":"2021-01-07T20:39:28+00:00","mainEntityOfPage":{"@id":"https:\/\/jornalfatosenoticias.com.br\/index.php\/2021\/01\/07\/celulas-tronco-de-dentes-sao-estudadas-para-tratar-idosos\/"},"wordCount":1133,"commentCount":0,"publisher":{"@id":"https:\/\/jornalfatosenoticias.com.br\/#organization"},"image":{"@id":"https:\/\/jornalfatosenoticias.com.br\/index.php\/2021\/01\/07\/celulas-tronco-de-dentes-sao-estudadas-para-tratar-idosos\/#primaryimage"},"thumbnailUrl":"https:\/\/jornalfatosenoticias.com.br\/wp-content\/uploads\/2021\/01\/celulas-tronco-capa.jpg","keywords":["c\u00e9lulas-tronco","criogenia","criopreserva\u00e7\u00e3o","idosos"],"articleSection":["Sa\u00fade"],"inLanguage":"pt-BR","potentialAction":[{"@type":"CommentAction","name":"Comment","target":["https:\/\/jornalfatosenoticias.com.br\/index.php\/2021\/01\/07\/celulas-tronco-de-dentes-sao-estudadas-para-tratar-idosos\/#respond"]}]},{"@type":"WebPage","@id":"https:\/\/jornalfatosenoticias.com.br\/index.php\/2021\/01\/07\/celulas-tronco-de-dentes-sao-estudadas-para-tratar-idosos\/","url":"https:\/\/jornalfatosenoticias.com.br\/index.php\/2021\/01\/07\/celulas-tronco-de-dentes-sao-estudadas-para-tratar-idosos\/","name":"C\u00e9lulas-tronco de dentes s\u00e3o estudadas para tratar idosos - Jornal Fatos e Not\u00edcias","isPartOf":{"@id":"https:\/\/jornalfatosenoticias.com.br\/#website"},"primaryImageOfPage":{"@id":"https:\/\/jornalfatosenoticias.com.br\/index.php\/2021\/01\/07\/celulas-tronco-de-dentes-sao-estudadas-para-tratar-idosos\/#primaryimage"},"image":{"@id":"https:\/\/jornalfatosenoticias.com.br\/index.php\/2021\/01\/07\/celulas-tronco-de-dentes-sao-estudadas-para-tratar-idosos\/#primaryimage"},"thumbnailUrl":"https:\/\/jornalfatosenoticias.com.br\/wp-content\/uploads\/2021\/01\/celulas-tronco-capa.jpg","datePublished":"2021-01-07T20:39:23+00:00","dateModified":"2021-01-07T20:39:28+00:00","breadcrumb":{"@id":"https:\/\/jornalfatosenoticias.com.br\/index.php\/2021\/01\/07\/celulas-tronco-de-dentes-sao-estudadas-para-tratar-idosos\/#breadcrumb"},"inLanguage":"pt-BR","potentialAction":[{"@type":"ReadAction","target":["https:\/\/jornalfatosenoticias.com.br\/index.php\/2021\/01\/07\/celulas-tronco-de-dentes-sao-estudadas-para-tratar-idosos\/"]}]},{"@type":"ImageObject","inLanguage":"pt-BR","@id":"https:\/\/jornalfatosenoticias.com.br\/index.php\/2021\/01\/07\/celulas-tronco-de-dentes-sao-estudadas-para-tratar-idosos\/#primaryimage","url":"https:\/\/jornalfatosenoticias.com.br\/wp-content\/uploads\/2021\/01\/celulas-tronco-capa.jpg","contentUrl":"https:\/\/jornalfatosenoticias.com.br\/wp-content\/uploads\/2021\/01\/celulas-tronco-capa.jpg","width":1000,"height":626},{"@type":"BreadcrumbList","@id":"https:\/\/jornalfatosenoticias.com.br\/index.php\/2021\/01\/07\/celulas-tronco-de-dentes-sao-estudadas-para-tratar-idosos\/#breadcrumb","itemListElement":[{"@type":"ListItem","position":1,"name":"In\u00edcio","item":"https:\/\/jornalfatosenoticias.com.br\/"},{"@type":"ListItem","position":2,"name":"C\u00e9lulas-tronco de dentes s\u00e3o estudadas para tratar idosos"}]},{"@type":"WebSite","@id":"https:\/\/jornalfatosenoticias.com.br\/#website","url":"https:\/\/jornalfatosenoticias.com.br\/","name":"Jornal Fatos e Not\u00edcias","description":"Not\u00edcias em geral","publisher":{"@id":"https:\/\/jornalfatosenoticias.com.br\/#organization"},"potentialAction":[{"@type":"SearchAction","target":{"@type":"EntryPoint","urlTemplate":"https:\/\/jornalfatosenoticias.com.br\/?s={search_term_string}"},"query-input":{"@type":"PropertyValueSpecification","valueRequired":true,"valueName":"search_term_string"}}],"inLanguage":"pt-BR"},{"@type":"Organization","@id":"https:\/\/jornalfatosenoticias.com.br\/#organization","name":"Jornal Fatos e Not\u00edcias","url":"https:\/\/jornalfatosenoticias.com.br\/","logo":{"@type":"ImageObject","inLanguage":"pt-BR","@id":"https:\/\/jornalfatosenoticias.com.br\/#\/schema\/logo\/image\/","url":"https:\/\/jornalfatosenoticias.com.br\/wp-content\/uploads\/2020\/02\/logo120.png","contentUrl":"https:\/\/jornalfatosenoticias.com.br\/wp-content\/uploads\/2020\/02\/logo120.png","width":1227,"height":120,"caption":"Jornal Fatos e Not\u00edcias"},"image":{"@id":"https:\/\/jornalfatosenoticias.com.br\/#\/schema\/logo\/image\/"}},{"@type":"Person","@id":"https:\/\/jornalfatosenoticias.com.br\/#\/schema\/person\/d63837fa13ac8666eb9e74e0985d6f81","name":"Luzimara Fernandes","image":{"@type":"ImageObject","inLanguage":"pt-BR","@id":"https:\/\/jornalfatosenoticias.com.br\/#\/schema\/person\/image\/","url":"https:\/\/jornalfatosenoticias.com.br\/wp-content\/uploads\/2025\/05\/EU_portal.jpg","contentUrl":"https:\/\/jornalfatosenoticias.com.br\/wp-content\/uploads\/2025\/05\/EU_portal.jpg","caption":"Luzimara Fernandes"},"description":"Jornalista MTB 2358-ES","sameAs":["https:\/\/jornalfatosenoticias.com.br"],"url":"https:\/\/jornalfatosenoticias.com.br\/index.php\/author\/luzimara\/"}]}},"cc_featured_image_caption":{"caption_text":"C\u00e9lulas-tronco (Foto: Dino)","source_text":"","source_url":""},"jetpack_featured_media_url":"https:\/\/jornalfatosenoticias.com.br\/wp-content\/uploads\/2021\/01\/celulas-tronco-capa.jpg","_links":{"self":[{"href":"https:\/\/jornalfatosenoticias.com.br\/index.php\/wp-json\/wp\/v2\/posts\/13155","targetHints":{"allow":["GET"]}}],"collection":[{"href":"https:\/\/jornalfatosenoticias.com.br\/index.php\/wp-json\/wp\/v2\/posts"}],"about":[{"href":"https:\/\/jornalfatosenoticias.com.br\/index.php\/wp-json\/wp\/v2\/types\/post"}],"author":[{"embeddable":true,"href":"https:\/\/jornalfatosenoticias.com.br\/index.php\/wp-json\/wp\/v2\/users\/2"}],"replies":[{"embeddable":true,"href":"https:\/\/jornalfatosenoticias.com.br\/index.php\/wp-json\/wp\/v2\/comments?post=13155"}],"version-history":[{"count":0,"href":"https:\/\/jornalfatosenoticias.com.br\/index.php\/wp-json\/wp\/v2\/posts\/13155\/revisions"}],"wp:featuredmedia":[{"embeddable":true,"href":"https:\/\/jornalfatosenoticias.com.br\/index.php\/wp-json\/wp\/v2\/media\/13157"}],"wp:attachment":[{"href":"https:\/\/jornalfatosenoticias.com.br\/index.php\/wp-json\/wp\/v2\/media?parent=13155"}],"wp:term":[{"taxonomy":"category","embeddable":true,"href":"https:\/\/jornalfatosenoticias.com.br\/index.php\/wp-json\/wp\/v2\/categories?post=13155"},{"taxonomy":"post_tag","embeddable":true,"href":"https:\/\/jornalfatosenoticias.com.br\/index.php\/wp-json\/wp\/v2\/tags?post=13155"}],"curies":[{"name":"wp","href":"https:\/\/api.w.org\/{rel}","templated":true}]}}