{"id":13218,"date":"2021-01-08T09:49:40","date_gmt":"2021-01-08T12:49:40","guid":{"rendered":"https:\/\/jornalfatosenoticias.com.br\/?p=13218"},"modified":"2021-01-08T09:49:44","modified_gmt":"2021-01-08T12:49:44","slug":"tinta-resfria-superficies-e-pode-substituir-ar-condicionado","status":"publish","type":"post","link":"https:\/\/jornalfatosenoticias.com.br\/index.php\/2021\/01\/08\/tinta-resfria-superficies-e-pode-substituir-ar-condicionado\/","title":{"rendered":"Tinta resfria superf\u00edcies e pode substituir ar-condicionado"},"content":{"rendered":"\n<h6 class=\"wp-block-heading\"><em>Tinta criada por pesquisadores americanos pode reduzir o calor em constru\u00e7\u00f5es e ajudar a combater aquecimento global<\/em><\/h6>\n\n\n\n<p>Engenheiros da Universidade Purdue, nos Estados Unidos, criaram uma tinta branca capaz de resfriar superf\u00edcies em at\u00e9 8\u00b0C, fazendo isso sem o uso de eletricidade. De acordo com os pesquisadores, a tinta poderia substituir o uso do ar-condicionado ao deixar de absorver a energia e o calor provocado pelo sol. E sem o aquecimento provocado pelo sol na superf\u00edcie das constru\u00e7\u00f5es, n\u00e3o seria necess\u00e1rio ligar o equipamento para manter o interior resfriado.<br>\u201cPode parecer muito improv\u00e1vel que uma superf\u00edcie em contato direto com a luz do sol tenha uma temperatura mais baixa do que a mostrada nos term\u00f4metros para determinada \u00e1rea, mas estamos mostrando que isso \u00e9 poss\u00edvel\u201d, explica <a href=\"https:\/\/engineering.purdue.edu\/ME\/People\/ptProfile?resource_id=29343\" target=\"_blank\" rel=\"noreferrer noopener\">Xiulin Ruan<\/a>, professor de Engenharia Mec\u00e2nica na Universidade Purdue.<br>Al\u00e9m de afastar o calor das superf\u00edcies, a tinta pode contribuir no combate ao aquecimento global j\u00e1 que ajuda a diminuir a absor\u00e7\u00e3o de calor na atmosfera. \u201cN\u00f3s n\u00e3o estamos apenas transferindo o calor da superf\u00edcie para a atmosfera, mas afastando este aquecimento da nossa atmosfera\u201d, garante outro pesquisador, o p\u00f3s-doutorando do Instituto Massachusetts de Tecnologia, Xiangyu Li.<br>A superf\u00edcie da terra pode se resfriar com o uso desta tecnologia se a tinta fosse aplicada em uma variedade de constru\u00e7\u00f5es, incluindo coberturas de edif\u00edcios, carros, estradas e telhados em todo o planeta, defendem os cientistas. Em um artigo publicado pelo peri\u00f3dico <a href=\"https:\/\/doi.org\/10.1016\/j.xcrp.2020.100221\" target=\"_blank\" rel=\"noreferrer noopener\">Cell Reports Physical Science<\/a>, os pesquisadores mostram que, em compara\u00e7\u00e3o com uma tinta branca tradicional, a tinta criada na Universidade Purdue mant\u00e9m a temperatura mais baixa em uma superf\u00edcie com incid\u00eancia de luz solar direta gra\u00e7as \u00e0 reflex\u00e3o dos raios ultravioleta.<\/p>\n\n\n\n<figure class=\"wp-block-image size-large\"><img loading=\"lazy\" decoding=\"async\" width=\"1000\" height=\"799\" src=\"https:\/\/jornalfatosenoticias.com.br\/wp-content\/uploads\/2021\/01\/tinta-vermelha-refrigera-2.jpg\" alt=\"\" class=\"wp-image-13219\" srcset=\"https:\/\/jornalfatosenoticias.com.br\/wp-content\/uploads\/2021\/01\/tinta-vermelha-refrigera-2.jpg 1000w, https:\/\/jornalfatosenoticias.com.br\/wp-content\/uploads\/2021\/01\/tinta-vermelha-refrigera-2-300x240.jpg 300w, https:\/\/jornalfatosenoticias.com.br\/wp-content\/uploads\/2021\/01\/tinta-vermelha-refrigera-2-768x614.jpg 768w\" sizes=\"auto, (max-width: 1000px) 100vw, 1000px\" \/><figcaption><em>Uma c\u00e2mera infravermelha mostra que a tinta branca criada pelos engenheiros pode manter uma superf\u00edcie mais fria do que a mesma \u00e1rea pintada com tinta convencional (Foto: Universidade Purdue\/Joseph Peoples)<\/em><\/figcaption><\/figure>\n\n\n\n<p>Algumas tintas dispon\u00edveis no mercado hoje prometem diminuir o calor nas superf\u00edcies, mas estes produtos refletem apenas de 80% a 90% da luz solar e n\u00e3o s\u00e3o capazes de fazer com que as temperaturas caiam mais do que a temperatura ambiente. J\u00e1 a tinta desenvolvida pelos pesquisadores pode refletir at\u00e9 95,5% da luz solar e \u00e9 capaz de dispersas o calor infravermelho.<br>Para que esta tecnologia fosse desenvolvida foram necess\u00e1rios seis anos de pesquisa e testes. Os cientistas analisaram mais de 100 combina\u00e7\u00f5es entre diferentes materiais, escolheram as 10 melhores alternativas e ent\u00e3o testaram mais 50 outras varia\u00e7\u00f5es para cada material. A combina\u00e7\u00e3o final tem em sua f\u00f3rmula carbonato de c\u00e1lcio, um componente abundante na superf\u00edcie terrestre e facilmente encontrado em rochas e conchas marinhas.<br>Com este componente, a tinta final tem os mesmos resultados est\u00e9ticos que as tintas tradicionais, mas com a diferen\u00e7a de resfriar significativamente as superf\u00edcies pintadas. O carbonato de c\u00e1lcio absorve quase todos os raios ultravioletas por conta de sua estrutura at\u00f4mica e tamb\u00e9m tem uma variedade de part\u00edculas com diferentes tamanhos o que faz com que a tinta se espalhe bem em superf\u00edcies com diferentes texturas.<\/p>\n\n\n\n<figure class=\"wp-block-image size-large\"><img loading=\"lazy\" decoding=\"async\" width=\"1000\" height=\"563\" src=\"https:\/\/jornalfatosenoticias.com.br\/wp-content\/uploads\/2021\/01\/tinta-branca-refrigera-3.jpg\" alt=\"\" class=\"wp-image-13220\" srcset=\"https:\/\/jornalfatosenoticias.com.br\/wp-content\/uploads\/2021\/01\/tinta-branca-refrigera-3.jpg 1000w, https:\/\/jornalfatosenoticias.com.br\/wp-content\/uploads\/2021\/01\/tinta-branca-refrigera-3-300x169.jpg 300w, https:\/\/jornalfatosenoticias.com.br\/wp-content\/uploads\/2021\/01\/tinta-branca-refrigera-3-768x432.jpg 768w\" sizes=\"auto, (max-width: 1000px) 100vw, 1000px\" \/><figcaption><em>O pesquisador Joseph Peoples usa uma c\u00e2mera infravermelha para avaliar os resultados de duas amostras de tinta em uma cobertura (Foto: Universidade Purdue\/Jared Pike)<\/em><\/figcaption><\/figure>\n\n\n\n<p>De acordo com os engenheiros, a produ\u00e7\u00e3o da tinta \u00e9 mais barata do que a fabrica\u00e7\u00e3o das tintas comerciais e seu uso se torna ainda mais econ\u00f4mico ao poupar o uso do ar-condicionado \u2014 e da energia el\u00e9trica necess\u00e1ria para o equipamento. \u201cEsta tinta praticamente substitui o ar-condicionado ao refletir os raios solares e diminuir o calor absorvido pelo interior das constru\u00e7\u00f5es\u201d, afirma Joseph Peoples, doutorando em Engenharia Mec\u00e2nica na Universidade Purdue e um dos autores do estudo.<br>Ao diminuir o uso do ar-condicionado, a tinta tamb\u00e9m ajuda a evitar o consumo de energia el\u00e9trica e, consequentemente, de recursos naturais. De acordo com Joseph Peoples, ainda est\u00e3o sendo realizados estudos para mensurar todos os benef\u00edcios da tecnologia. A f\u00f3rmula original foi patenteada e agora os pesquisadores est\u00e3o trabalhando em desenvolver outras cores para a tinta, com os mesmo benef\u00edcios da tinta branca que eles criaram.<\/p>\n\n\n\n<p><em><strong>Foto de capa:<\/strong> Universidade Purdue\/Jared Pike<\/em><\/p>\n\n\n\n<p><strong><em>Fonte: <a href=\"https:\/\/ciclovivo.com.br\/inovacao\/tecnologia\/tinta-resfria-superficies-e-pode-substituir-ar-condicionado\/#:~:text=Engenheiros%20da%20Purdue%20University%2C%20nos,o%20calor%20provocado%20pelo%20sol.\">CicloVivo<\/a><\/em><\/strong><\/p>\n","protected":false},"excerpt":{"rendered":"<p>Tinta criada por pesquisadores americanos pode reduzir o calor em constru\u00e7\u00f5es e ajudar a combater aquecimento global Engenheiros da Universidade Purdue, nos Estados Unidos, criaram uma tinta branca capaz de resfriar superf\u00edcies em at\u00e9 8\u00b0C, fazendo isso sem o uso de eletricidade. De acordo com os pesquisadores, a tinta poderia substituir o uso do ar-condicionado [&hellip;]<\/p>\n","protected":false},"author":2,"featured_media":13221,"comment_status":"open","ping_status":"open","sticky":false,"template":"","format":"standard","meta":{"footnotes":""},"categories":[3],"tags":[362,6849,6848],"class_list":["post-13218","post","type-post","status-publish","format-standard","has-post-thumbnail","hentry","category-tecnologia","tag-aquecimento-global","tag-ar-condicionado","tag-tinta-que-resfria"],"yoast_head":"<!-- This site is optimized with the Yoast SEO plugin v26.5 - https:\/\/yoast.com\/wordpress\/plugins\/seo\/ -->\n<title>Tinta resfria superf\u00edcies e pode substituir ar-condicionado - Jornal Fatos e Not\u00edcias<\/title>\n<meta name=\"robots\" content=\"index, follow, max-snippet:-1, max-image-preview:large, max-video-preview:-1\" \/>\n<link rel=\"canonical\" href=\"https:\/\/jornalfatosenoticias.com.br\/index.php\/2021\/01\/08\/tinta-resfria-superficies-e-pode-substituir-ar-condicionado\/\" \/>\n<meta property=\"og:locale\" content=\"pt_BR\" \/>\n<meta property=\"og:type\" content=\"article\" \/>\n<meta property=\"og:title\" content=\"Tinta resfria superf\u00edcies e pode substituir ar-condicionado - Jornal Fatos e Not\u00edcias\" \/>\n<meta property=\"og:description\" content=\"Tinta criada por pesquisadores americanos pode reduzir o calor em constru\u00e7\u00f5es e ajudar a combater aquecimento global Engenheiros da Universidade Purdue, nos Estados Unidos, criaram uma tinta branca capaz de resfriar superf\u00edcies em at\u00e9 8\u00b0C, fazendo isso sem o uso de eletricidade. De acordo com os pesquisadores, a tinta poderia substituir o uso do ar-condicionado [&hellip;]\" \/>\n<meta property=\"og:url\" content=\"https:\/\/jornalfatosenoticias.com.br\/index.php\/2021\/01\/08\/tinta-resfria-superficies-e-pode-substituir-ar-condicionado\/\" \/>\n<meta property=\"og:site_name\" content=\"Jornal Fatos e Not\u00edcias\" \/>\n<meta property=\"article:published_time\" content=\"2021-01-08T12:49:40+00:00\" \/>\n<meta property=\"article:modified_time\" content=\"2021-01-08T12:49:44+00:00\" \/>\n<meta property=\"og:image\" content=\"https:\/\/jornalfatosenoticias.com.br\/wp-content\/uploads\/2021\/01\/tinta-branca-refrigera.jpg\" \/>\n\t<meta property=\"og:image:width\" content=\"1000\" \/>\n\t<meta property=\"og:image:height\" content=\"638\" \/>\n\t<meta property=\"og:image:type\" content=\"image\/jpeg\" \/>\n<meta name=\"author\" content=\"Luzimara Fernandes\" \/>\n<meta name=\"twitter:card\" content=\"summary_large_image\" \/>\n<meta name=\"twitter:label1\" content=\"Escrito por\" \/>\n\t<meta name=\"twitter:data1\" content=\"Luzimara Fernandes\" \/>\n\t<meta name=\"twitter:label2\" content=\"Est. tempo de leitura\" \/>\n\t<meta name=\"twitter:data2\" content=\"4 minutos\" \/>\n<script type=\"application\/ld+json\" class=\"yoast-schema-graph\">{\"@context\":\"https:\/\/schema.org\",\"@graph\":[{\"@type\":\"Article\",\"@id\":\"https:\/\/jornalfatosenoticias.com.br\/index.php\/2021\/01\/08\/tinta-resfria-superficies-e-pode-substituir-ar-condicionado\/#article\",\"isPartOf\":{\"@id\":\"https:\/\/jornalfatosenoticias.com.br\/index.php\/2021\/01\/08\/tinta-resfria-superficies-e-pode-substituir-ar-condicionado\/\"},\"author\":{\"name\":\"Luzimara Fernandes\",\"@id\":\"https:\/\/jornalfatosenoticias.com.br\/#\/schema\/person\/d63837fa13ac8666eb9e74e0985d6f81\"},\"headline\":\"Tinta resfria superf\u00edcies e pode substituir ar-condicionado\",\"datePublished\":\"2021-01-08T12:49:40+00:00\",\"dateModified\":\"2021-01-08T12:49:44+00:00\",\"mainEntityOfPage\":{\"@id\":\"https:\/\/jornalfatosenoticias.com.br\/index.php\/2021\/01\/08\/tinta-resfria-superficies-e-pode-substituir-ar-condicionado\/\"},\"wordCount\":740,\"commentCount\":0,\"publisher\":{\"@id\":\"https:\/\/jornalfatosenoticias.com.br\/#organization\"},\"image\":{\"@id\":\"https:\/\/jornalfatosenoticias.com.br\/index.php\/2021\/01\/08\/tinta-resfria-superficies-e-pode-substituir-ar-condicionado\/#primaryimage\"},\"thumbnailUrl\":\"https:\/\/jornalfatosenoticias.com.br\/wp-content\/uploads\/2021\/01\/tinta-branca-refrigera.jpg\",\"keywords\":[\"aquecimento global\",\"ar-condicionado\",\"tinta que resfria\"],\"articleSection\":[\"Tecnologia &amp; Inova\u00e7\u00e3o\"],\"inLanguage\":\"pt-BR\",\"potentialAction\":[{\"@type\":\"CommentAction\",\"name\":\"Comment\",\"target\":[\"https:\/\/jornalfatosenoticias.com.br\/index.php\/2021\/01\/08\/tinta-resfria-superficies-e-pode-substituir-ar-condicionado\/#respond\"]}]},{\"@type\":\"WebPage\",\"@id\":\"https:\/\/jornalfatosenoticias.com.br\/index.php\/2021\/01\/08\/tinta-resfria-superficies-e-pode-substituir-ar-condicionado\/\",\"url\":\"https:\/\/jornalfatosenoticias.com.br\/index.php\/2021\/01\/08\/tinta-resfria-superficies-e-pode-substituir-ar-condicionado\/\",\"name\":\"Tinta resfria superf\u00edcies e pode substituir ar-condicionado - Jornal Fatos e Not\u00edcias\",\"isPartOf\":{\"@id\":\"https:\/\/jornalfatosenoticias.com.br\/#website\"},\"primaryImageOfPage\":{\"@id\":\"https:\/\/jornalfatosenoticias.com.br\/index.php\/2021\/01\/08\/tinta-resfria-superficies-e-pode-substituir-ar-condicionado\/#primaryimage\"},\"image\":{\"@id\":\"https:\/\/jornalfatosenoticias.com.br\/index.php\/2021\/01\/08\/tinta-resfria-superficies-e-pode-substituir-ar-condicionado\/#primaryimage\"},\"thumbnailUrl\":\"https:\/\/jornalfatosenoticias.com.br\/wp-content\/uploads\/2021\/01\/tinta-branca-refrigera.jpg\",\"datePublished\":\"2021-01-08T12:49:40+00:00\",\"dateModified\":\"2021-01-08T12:49:44+00:00\",\"breadcrumb\":{\"@id\":\"https:\/\/jornalfatosenoticias.com.br\/index.php\/2021\/01\/08\/tinta-resfria-superficies-e-pode-substituir-ar-condicionado\/#breadcrumb\"},\"inLanguage\":\"pt-BR\",\"potentialAction\":[{\"@type\":\"ReadAction\",\"target\":[\"https:\/\/jornalfatosenoticias.com.br\/index.php\/2021\/01\/08\/tinta-resfria-superficies-e-pode-substituir-ar-condicionado\/\"]}]},{\"@type\":\"ImageObject\",\"inLanguage\":\"pt-BR\",\"@id\":\"https:\/\/jornalfatosenoticias.com.br\/index.php\/2021\/01\/08\/tinta-resfria-superficies-e-pode-substituir-ar-condicionado\/#primaryimage\",\"url\":\"https:\/\/jornalfatosenoticias.com.br\/wp-content\/uploads\/2021\/01\/tinta-branca-refrigera.jpg\",\"contentUrl\":\"https:\/\/jornalfatosenoticias.com.br\/wp-content\/uploads\/2021\/01\/tinta-branca-refrigera.jpg\",\"width\":1000,\"height\":638},{\"@type\":\"BreadcrumbList\",\"@id\":\"https:\/\/jornalfatosenoticias.com.br\/index.php\/2021\/01\/08\/tinta-resfria-superficies-e-pode-substituir-ar-condicionado\/#breadcrumb\",\"itemListElement\":[{\"@type\":\"ListItem\",\"position\":1,\"name\":\"In\u00edcio\",\"item\":\"https:\/\/jornalfatosenoticias.com.br\/\"},{\"@type\":\"ListItem\",\"position\":2,\"name\":\"Tinta resfria superf\u00edcies e pode substituir ar-condicionado\"}]},{\"@type\":\"WebSite\",\"@id\":\"https:\/\/jornalfatosenoticias.com.br\/#website\",\"url\":\"https:\/\/jornalfatosenoticias.com.br\/\",\"name\":\"Jornal Fatos e Not\u00edcias\",\"description\":\"Not\u00edcias em geral\",\"publisher\":{\"@id\":\"https:\/\/jornalfatosenoticias.com.br\/#organization\"},\"potentialAction\":[{\"@type\":\"SearchAction\",\"target\":{\"@type\":\"EntryPoint\",\"urlTemplate\":\"https:\/\/jornalfatosenoticias.com.br\/?s={search_term_string}\"},\"query-input\":{\"@type\":\"PropertyValueSpecification\",\"valueRequired\":true,\"valueName\":\"search_term_string\"}}],\"inLanguage\":\"pt-BR\"},{\"@type\":\"Organization\",\"@id\":\"https:\/\/jornalfatosenoticias.com.br\/#organization\",\"name\":\"Jornal Fatos e Not\u00edcias\",\"url\":\"https:\/\/jornalfatosenoticias.com.br\/\",\"logo\":{\"@type\":\"ImageObject\",\"inLanguage\":\"pt-BR\",\"@id\":\"https:\/\/jornalfatosenoticias.com.br\/#\/schema\/logo\/image\/\",\"url\":\"https:\/\/jornalfatosenoticias.com.br\/wp-content\/uploads\/2020\/02\/logo120.png\",\"contentUrl\":\"https:\/\/jornalfatosenoticias.com.br\/wp-content\/uploads\/2020\/02\/logo120.png\",\"width\":1227,\"height\":120,\"caption\":\"Jornal Fatos e Not\u00edcias\"},\"image\":{\"@id\":\"https:\/\/jornalfatosenoticias.com.br\/#\/schema\/logo\/image\/\"}},{\"@type\":\"Person\",\"@id\":\"https:\/\/jornalfatosenoticias.com.br\/#\/schema\/person\/d63837fa13ac8666eb9e74e0985d6f81\",\"name\":\"Luzimara Fernandes\",\"image\":{\"@type\":\"ImageObject\",\"inLanguage\":\"pt-BR\",\"@id\":\"https:\/\/jornalfatosenoticias.com.br\/#\/schema\/person\/image\/\",\"url\":\"https:\/\/jornalfatosenoticias.com.br\/wp-content\/uploads\/2025\/05\/EU_portal.jpg\",\"contentUrl\":\"https:\/\/jornalfatosenoticias.com.br\/wp-content\/uploads\/2025\/05\/EU_portal.jpg\",\"caption\":\"Luzimara Fernandes\"},\"description\":\"Jornalista MTB 2358-ES\",\"sameAs\":[\"https:\/\/jornalfatosenoticias.com.br\"],\"url\":\"https:\/\/jornalfatosenoticias.com.br\/index.php\/author\/luzimara\/\"}]}<\/script>\n<!-- \/ Yoast SEO plugin. -->","yoast_head_json":{"title":"Tinta resfria superf\u00edcies e pode substituir ar-condicionado - Jornal Fatos e Not\u00edcias","robots":{"index":"index","follow":"follow","max-snippet":"max-snippet:-1","max-image-preview":"max-image-preview:large","max-video-preview":"max-video-preview:-1"},"canonical":"https:\/\/jornalfatosenoticias.com.br\/index.php\/2021\/01\/08\/tinta-resfria-superficies-e-pode-substituir-ar-condicionado\/","og_locale":"pt_BR","og_type":"article","og_title":"Tinta resfria superf\u00edcies e pode substituir ar-condicionado - Jornal Fatos e Not\u00edcias","og_description":"Tinta criada por pesquisadores americanos pode reduzir o calor em constru\u00e7\u00f5es e ajudar a combater aquecimento global Engenheiros da Universidade Purdue, nos Estados Unidos, criaram uma tinta branca capaz de resfriar superf\u00edcies em at\u00e9 8\u00b0C, fazendo isso sem o uso de eletricidade. De acordo com os pesquisadores, a tinta poderia substituir o uso do ar-condicionado [&hellip;]","og_url":"https:\/\/jornalfatosenoticias.com.br\/index.php\/2021\/01\/08\/tinta-resfria-superficies-e-pode-substituir-ar-condicionado\/","og_site_name":"Jornal Fatos e Not\u00edcias","article_published_time":"2021-01-08T12:49:40+00:00","article_modified_time":"2021-01-08T12:49:44+00:00","og_image":[{"width":1000,"height":638,"url":"https:\/\/jornalfatosenoticias.com.br\/wp-content\/uploads\/2021\/01\/tinta-branca-refrigera.jpg","type":"image\/jpeg"}],"author":"Luzimara Fernandes","twitter_card":"summary_large_image","twitter_misc":{"Escrito por":"Luzimara Fernandes","Est. tempo de leitura":"4 minutos"},"schema":{"@context":"https:\/\/schema.org","@graph":[{"@type":"Article","@id":"https:\/\/jornalfatosenoticias.com.br\/index.php\/2021\/01\/08\/tinta-resfria-superficies-e-pode-substituir-ar-condicionado\/#article","isPartOf":{"@id":"https:\/\/jornalfatosenoticias.com.br\/index.php\/2021\/01\/08\/tinta-resfria-superficies-e-pode-substituir-ar-condicionado\/"},"author":{"name":"Luzimara Fernandes","@id":"https:\/\/jornalfatosenoticias.com.br\/#\/schema\/person\/d63837fa13ac8666eb9e74e0985d6f81"},"headline":"Tinta resfria superf\u00edcies e pode substituir ar-condicionado","datePublished":"2021-01-08T12:49:40+00:00","dateModified":"2021-01-08T12:49:44+00:00","mainEntityOfPage":{"@id":"https:\/\/jornalfatosenoticias.com.br\/index.php\/2021\/01\/08\/tinta-resfria-superficies-e-pode-substituir-ar-condicionado\/"},"wordCount":740,"commentCount":0,"publisher":{"@id":"https:\/\/jornalfatosenoticias.com.br\/#organization"},"image":{"@id":"https:\/\/jornalfatosenoticias.com.br\/index.php\/2021\/01\/08\/tinta-resfria-superficies-e-pode-substituir-ar-condicionado\/#primaryimage"},"thumbnailUrl":"https:\/\/jornalfatosenoticias.com.br\/wp-content\/uploads\/2021\/01\/tinta-branca-refrigera.jpg","keywords":["aquecimento global","ar-condicionado","tinta que resfria"],"articleSection":["Tecnologia &amp; Inova\u00e7\u00e3o"],"inLanguage":"pt-BR","potentialAction":[{"@type":"CommentAction","name":"Comment","target":["https:\/\/jornalfatosenoticias.com.br\/index.php\/2021\/01\/08\/tinta-resfria-superficies-e-pode-substituir-ar-condicionado\/#respond"]}]},{"@type":"WebPage","@id":"https:\/\/jornalfatosenoticias.com.br\/index.php\/2021\/01\/08\/tinta-resfria-superficies-e-pode-substituir-ar-condicionado\/","url":"https:\/\/jornalfatosenoticias.com.br\/index.php\/2021\/01\/08\/tinta-resfria-superficies-e-pode-substituir-ar-condicionado\/","name":"Tinta resfria superf\u00edcies e pode substituir ar-condicionado - Jornal Fatos e Not\u00edcias","isPartOf":{"@id":"https:\/\/jornalfatosenoticias.com.br\/#website"},"primaryImageOfPage":{"@id":"https:\/\/jornalfatosenoticias.com.br\/index.php\/2021\/01\/08\/tinta-resfria-superficies-e-pode-substituir-ar-condicionado\/#primaryimage"},"image":{"@id":"https:\/\/jornalfatosenoticias.com.br\/index.php\/2021\/01\/08\/tinta-resfria-superficies-e-pode-substituir-ar-condicionado\/#primaryimage"},"thumbnailUrl":"https:\/\/jornalfatosenoticias.com.br\/wp-content\/uploads\/2021\/01\/tinta-branca-refrigera.jpg","datePublished":"2021-01-08T12:49:40+00:00","dateModified":"2021-01-08T12:49:44+00:00","breadcrumb":{"@id":"https:\/\/jornalfatosenoticias.com.br\/index.php\/2021\/01\/08\/tinta-resfria-superficies-e-pode-substituir-ar-condicionado\/#breadcrumb"},"inLanguage":"pt-BR","potentialAction":[{"@type":"ReadAction","target":["https:\/\/jornalfatosenoticias.com.br\/index.php\/2021\/01\/08\/tinta-resfria-superficies-e-pode-substituir-ar-condicionado\/"]}]},{"@type":"ImageObject","inLanguage":"pt-BR","@id":"https:\/\/jornalfatosenoticias.com.br\/index.php\/2021\/01\/08\/tinta-resfria-superficies-e-pode-substituir-ar-condicionado\/#primaryimage","url":"https:\/\/jornalfatosenoticias.com.br\/wp-content\/uploads\/2021\/01\/tinta-branca-refrigera.jpg","contentUrl":"https:\/\/jornalfatosenoticias.com.br\/wp-content\/uploads\/2021\/01\/tinta-branca-refrigera.jpg","width":1000,"height":638},{"@type":"BreadcrumbList","@id":"https:\/\/jornalfatosenoticias.com.br\/index.php\/2021\/01\/08\/tinta-resfria-superficies-e-pode-substituir-ar-condicionado\/#breadcrumb","itemListElement":[{"@type":"ListItem","position":1,"name":"In\u00edcio","item":"https:\/\/jornalfatosenoticias.com.br\/"},{"@type":"ListItem","position":2,"name":"Tinta resfria superf\u00edcies e pode substituir ar-condicionado"}]},{"@type":"WebSite","@id":"https:\/\/jornalfatosenoticias.com.br\/#website","url":"https:\/\/jornalfatosenoticias.com.br\/","name":"Jornal Fatos e Not\u00edcias","description":"Not\u00edcias em geral","publisher":{"@id":"https:\/\/jornalfatosenoticias.com.br\/#organization"},"potentialAction":[{"@type":"SearchAction","target":{"@type":"EntryPoint","urlTemplate":"https:\/\/jornalfatosenoticias.com.br\/?s={search_term_string}"},"query-input":{"@type":"PropertyValueSpecification","valueRequired":true,"valueName":"search_term_string"}}],"inLanguage":"pt-BR"},{"@type":"Organization","@id":"https:\/\/jornalfatosenoticias.com.br\/#organization","name":"Jornal Fatos e Not\u00edcias","url":"https:\/\/jornalfatosenoticias.com.br\/","logo":{"@type":"ImageObject","inLanguage":"pt-BR","@id":"https:\/\/jornalfatosenoticias.com.br\/#\/schema\/logo\/image\/","url":"https:\/\/jornalfatosenoticias.com.br\/wp-content\/uploads\/2020\/02\/logo120.png","contentUrl":"https:\/\/jornalfatosenoticias.com.br\/wp-content\/uploads\/2020\/02\/logo120.png","width":1227,"height":120,"caption":"Jornal Fatos e Not\u00edcias"},"image":{"@id":"https:\/\/jornalfatosenoticias.com.br\/#\/schema\/logo\/image\/"}},{"@type":"Person","@id":"https:\/\/jornalfatosenoticias.com.br\/#\/schema\/person\/d63837fa13ac8666eb9e74e0985d6f81","name":"Luzimara Fernandes","image":{"@type":"ImageObject","inLanguage":"pt-BR","@id":"https:\/\/jornalfatosenoticias.com.br\/#\/schema\/person\/image\/","url":"https:\/\/jornalfatosenoticias.com.br\/wp-content\/uploads\/2025\/05\/EU_portal.jpg","contentUrl":"https:\/\/jornalfatosenoticias.com.br\/wp-content\/uploads\/2025\/05\/EU_portal.jpg","caption":"Luzimara Fernandes"},"description":"Jornalista MTB 2358-ES","sameAs":["https:\/\/jornalfatosenoticias.com.br"],"url":"https:\/\/jornalfatosenoticias.com.br\/index.php\/author\/luzimara\/"}]}},"cc_featured_image_caption":{"caption_text":"","source_text":"","source_url":""},"jetpack_featured_media_url":"https:\/\/jornalfatosenoticias.com.br\/wp-content\/uploads\/2021\/01\/tinta-branca-refrigera.jpg","_links":{"self":[{"href":"https:\/\/jornalfatosenoticias.com.br\/index.php\/wp-json\/wp\/v2\/posts\/13218","targetHints":{"allow":["GET"]}}],"collection":[{"href":"https:\/\/jornalfatosenoticias.com.br\/index.php\/wp-json\/wp\/v2\/posts"}],"about":[{"href":"https:\/\/jornalfatosenoticias.com.br\/index.php\/wp-json\/wp\/v2\/types\/post"}],"author":[{"embeddable":true,"href":"https:\/\/jornalfatosenoticias.com.br\/index.php\/wp-json\/wp\/v2\/users\/2"}],"replies":[{"embeddable":true,"href":"https:\/\/jornalfatosenoticias.com.br\/index.php\/wp-json\/wp\/v2\/comments?post=13218"}],"version-history":[{"count":0,"href":"https:\/\/jornalfatosenoticias.com.br\/index.php\/wp-json\/wp\/v2\/posts\/13218\/revisions"}],"wp:featuredmedia":[{"embeddable":true,"href":"https:\/\/jornalfatosenoticias.com.br\/index.php\/wp-json\/wp\/v2\/media\/13221"}],"wp:attachment":[{"href":"https:\/\/jornalfatosenoticias.com.br\/index.php\/wp-json\/wp\/v2\/media?parent=13218"}],"wp:term":[{"taxonomy":"category","embeddable":true,"href":"https:\/\/jornalfatosenoticias.com.br\/index.php\/wp-json\/wp\/v2\/categories?post=13218"},{"taxonomy":"post_tag","embeddable":true,"href":"https:\/\/jornalfatosenoticias.com.br\/index.php\/wp-json\/wp\/v2\/tags?post=13218"}],"curies":[{"name":"wp","href":"https:\/\/api.w.org\/{rel}","templated":true}]}}