{"id":13231,"date":"2021-01-08T10:32:50","date_gmt":"2021-01-08T13:32:50","guid":{"rendered":"https:\/\/jornalfatosenoticias.com.br\/?p=13231"},"modified":"2021-01-08T10:32:54","modified_gmt":"2021-01-08T13:32:54","slug":"oncafari-confirma-1a-reintroducao-bem-sucedida-de-oncas-pintadas-do-mundo","status":"publish","type":"post","link":"https:\/\/jornalfatosenoticias.com.br\/index.php\/2021\/01\/08\/oncafari-confirma-1a-reintroducao-bem-sucedida-de-oncas-pintadas-do-mundo\/","title":{"rendered":"On\u00e7afari confirma 1\u00aa reintrodu\u00e7\u00e3o bem-sucedida de on\u00e7as-pintadas do mundo"},"content":{"rendered":"\n<h6 class=\"wp-block-heading\"><em>A\u00e7\u00e3o come\u00e7ou em 2014 e o sucesso foi confirmado com nascimento de filhotes f\u00e9rteis e neto de on\u00e7a reintroduzida<\/em><\/h6>\n\n\n\n<p>As a\u00e7\u00f5es de reintrodu\u00e7\u00e3o de on\u00e7as na natureza iniciadas pelo On\u00e7afari, projeto para o estudo e conserva\u00e7\u00e3o de on\u00e7as-pintadas, tiveram seu sucesso confirmado e podem ser consideradas o primeiro caso bem-sucedido do mundo. O trabalho de reintrodu\u00e7\u00e3o come\u00e7ou em 2014, com dois recintos destinados \u00e0 reabilita\u00e7\u00e3o e soltura, localizados no Ref\u00fagio Ecol\u00f3gico Caiman, no Pantanal; e na Pousada Thaima\u00e7u, na Amaz\u00f4nia.<br>Seis anos depois, a reintrodu\u00e7\u00e3o j\u00e1 demonstra resultados. Duas on\u00e7as-pintadas, as irm\u00e3s Isa e Fera, que passaram pelo processo j\u00e1 geraram descendentes, totalizando oito animais a mais na natureza at\u00e9 dezembro de 2020.<br>\u201cO sucesso acontece quando os animais soltos geram descendentes, que, por sua vez, devem ser f\u00e9rteis. O processo come\u00e7ou a gerar resultados em 2018, com o nascimento dos primeiros filhotes em vida livre. Em 2020, nasceram as segundas crias e a Isa ainda se tornou av\u00f3, confirmando o \u00eaxito da reintrodu\u00e7\u00e3o. No total, s\u00e3o tr\u00eas filhotes da Fera e dois da Isa, que tamb\u00e9m ganhou um neto. Sendo assim, s\u00e3o oito on\u00e7as a mais no Pantanal. \u00c9 a primeira vez no mundo que este tipo de iniciativa deu certo\u201d, destaca Lilian Rampim, bi\u00f3loga do On\u00e7afari.<br>As irm\u00e3s Isa e Fera perderam a m\u00e3e ainda filhotes e foram recebidas pelo On\u00e7afari, para iniciar o processo de reintrodu\u00e7\u00e3o no Pantanal, em 2014. O processo durou exatamente um ano e, durante esse tempo, Isa e Fera foram observadas, estimuladas para aprenderem a ca\u00e7ar e, pouco a pouco, foram se tornando cada vez mais aptas \u00e0 vida na natureza. Quando chegou o momento de soltura, ambas receberam um r\u00e1dio-colar individual para monitoramento.<\/p>\n\n\n\n<h4 class=\"wp-block-heading\">Como funciona?<\/h4>\n\n\n\n<figure class=\"wp-block-image size-large is-resized\"><img loading=\"lazy\" decoding=\"async\" src=\"https:\/\/jornalfatosenoticias.com.br\/wp-content\/uploads\/2021\/01\/oncas-oncafari-2.jpg\" alt=\"\" class=\"wp-image-13232\" width=\"529\" height=\"352\" srcset=\"https:\/\/jornalfatosenoticias.com.br\/wp-content\/uploads\/2021\/01\/oncas-oncafari-2.jpg 1000w, https:\/\/jornalfatosenoticias.com.br\/wp-content\/uploads\/2021\/01\/oncas-oncafari-2-300x200.jpg 300w, https:\/\/jornalfatosenoticias.com.br\/wp-content\/uploads\/2021\/01\/oncas-oncafari-2-768x511.jpg 768w\" sizes=\"auto, (max-width: 529px) 100vw, 529px\" \/><figcaption><em>Fera e um dos filhotes no Pantanal sul-mato-grossense (Foto: Jo\u00e3o Bachur\/On\u00e7afari)<\/em><\/figcaption><\/figure>\n\n\n\n<p>Maior felino das Am\u00e9ricas e terceiro maior felino do mundo, atr\u00e1s apenas do tigre (Panthera tigris) e do le\u00e3o (Panthera leo), a on\u00e7a-pintada (Panthera onca), por exemplo, \u00e9 considerada \u201cquase amea\u00e7ada\u201d pela Uni\u00e3o Internacional para a Conserva\u00e7\u00e3o da Natureza (IUCN).<br>O processo de reintrodu\u00e7\u00e3o dos animais pode durar cerca de um ano ou at\u00e9 mais, dependendo das especificidades de cada caso, sendo uma importante ferramenta para a recupera\u00e7\u00e3o de popula\u00e7\u00f5es em risco de extin\u00e7\u00e3o.<br>Assim que acontece o resgate, s\u00e3o avaliados a sa\u00fade e o comportamento dos animais e verificado se h\u00e1 condi\u00e7\u00e3o de reintroduzi-los com sucesso \u00e0 vida selvagem. \u201cEm seguida, os felinos s\u00e3o inseridos em uma \u00e1rea de semicativeiro, com as mesmas caracter\u00edsticas do habitat natural, para que possam aprender a ca\u00e7ar e interagir com o ambiente como qualquer animal selvagem. Trata-se de um espa\u00e7o onde podem ser observados, compreendidos e avaliados constantemente pelos coordenadores do projeto\u201d, explica M\u00e1rio Haberfeld, fundador do On\u00e7afari.<br>Se considerados aptos para serem reintroduzidos na natureza, os animais s\u00e3o equipados com r\u00e1dio-colares dotados de GPS para o monitoramento ap\u00f3s a soltura, e reintroduzidos no habitat natural.<\/p>\n\n\n\n<blockquote class=\"wp-block-quote is-layout-flow wp-block-quote-is-layout-flow\"><p>\u201cO On\u00e7afari monitora as on\u00e7as para avaliar se est\u00e3o conseguindo lidar com os desafios na natureza. No caso de n\u00e3o se adaptarem, h\u00e1 um novo resgate. Entretanto, essa a\u00e7\u00e3o n\u00e3o foi necess\u00e1ria at\u00e9 o momento\u201d, M\u00e1rio Haberfeld, fundador do On\u00e7afari<\/p><\/blockquote>\n\n\n\n<figure class=\"wp-block-image size-large is-resized\"><img loading=\"lazy\" decoding=\"async\" src=\"https:\/\/jornalfatosenoticias.com.br\/wp-content\/uploads\/2021\/01\/Oncas3.jpg\" alt=\"\" class=\"wp-image-13233\" width=\"529\" height=\"305\" srcset=\"https:\/\/jornalfatosenoticias.com.br\/wp-content\/uploads\/2021\/01\/Oncas3.jpg 1000w, https:\/\/jornalfatosenoticias.com.br\/wp-content\/uploads\/2021\/01\/Oncas3-300x173.jpg 300w, https:\/\/jornalfatosenoticias.com.br\/wp-content\/uploads\/2021\/01\/Oncas3-768x444.jpg 768w\" sizes=\"auto, (max-width: 529px) 100vw, 529px\" \/><figcaption><em>On\u00e7as-pintadas (Foto: Edu Fragoso\/On\u00e7afari)<\/em><\/figcaption><\/figure>\n\n\n\n<h4 class=\"wp-block-heading\">Pandora e Vivara \u2014 as irm\u00e3s amaz\u00f4nicas<\/h4>\n\n\n\n<p>Mais uma a\u00e7\u00e3o com resultados positivos teve in\u00edcio em 2016. Resgatadas com poucos dias de vida e ficando sob cuidados de profissionais do NEX, em Bras\u00edlia (DF), as on\u00e7as-pintadas Pandora e Vivara estrearam o recinto de reintrodu\u00e7\u00e3o de aproximadamente 15 mil metros quadrados na base do On\u00e7afari, na Amaz\u00f4nia, constru\u00eddo a tempo para receb\u00ea-las, quando tinham um ano.<br>No local, viveram por 12 meses, sendo observadas e tendo seus instintos de ca\u00e7a desenvolvidos, para depois serem soltas na Reserva do Cachimbo, \u00e1rea de preserva\u00e7\u00e3o da For\u00e7a A\u00e9rea Brasileira (FAB), e poderem viver livremente.<br>Depois que as irm\u00e3s amaz\u00f4nicas foram soltas, continuaram sendo monitoradas por meio de r\u00e1dio-colares e armadilhas fotogr\u00e1ficas. \u201cHoje, elas vivem totalmente adaptadas ao habitat e integradas ao ecossistema exatamente como a natureza pede\u201d, comenta Haberfeld.<\/p>\n\n\n\n<h4 class=\"wp-block-heading\">On\u00e7a-parda passa pela reintrodu\u00e7\u00e3o no Pantanal<\/h4>\n\n\n\n<figure class=\"wp-block-image size-large\"><img loading=\"lazy\" decoding=\"async\" width=\"1000\" height=\"665\" src=\"https:\/\/jornalfatosenoticias.com.br\/wp-content\/uploads\/2021\/01\/onca-pantanal.jpg\" alt=\"\" class=\"wp-image-13234\" srcset=\"https:\/\/jornalfatosenoticias.com.br\/wp-content\/uploads\/2021\/01\/onca-pantanal.jpg 1000w, https:\/\/jornalfatosenoticias.com.br\/wp-content\/uploads\/2021\/01\/onca-pantanal-300x200.jpg 300w, https:\/\/jornalfatosenoticias.com.br\/wp-content\/uploads\/2021\/01\/onca-pantanal-768x511.jpg 768w\" sizes=\"auto, (max-width: 1000px) 100vw, 1000px\" \/><figcaption><em>Cacau \u00e9 a primeira on\u00e7a-parda sob os cuidados do On\u00e7afari no Pantanal (Foto: Lawrence Wahba)<\/em><\/figcaption><\/figure>\n\n\n\n<p>Cacau \u00e9 a primeira on\u00e7a-parda sob os cuidados do On\u00e7afari. Ela foi acolhida pelo projeto no segundo semestre de 2020, no Pantanal, depois de viver toda a vida em um espa\u00e7o de poucos metros quadrados. Arisca e independente, o que contribui para o processo, a on\u00e7a est\u00e1 passando por um trabalho intenso de observa\u00e7\u00e3o comportamental somado ao treinamento para a ca\u00e7a, com a expectativa de que em breve se integrar\u00e1 novamente ao seu habitat.<br>\u201cA fragmenta\u00e7\u00e3o de habitats, a ca\u00e7a em retalia\u00e7\u00e3o \u00e0 preda\u00e7\u00e3o de animais dom\u00e9sticos e de corte, e a perda de \u00e1reas de floresta em raz\u00e3o da a\u00e7\u00e3o humana s\u00e3o as principais amea\u00e7as \u00e0s on\u00e7as. \u00c1reas desmatadas para a produ\u00e7\u00e3o agropecu\u00e1ria e a expans\u00e3o de cidades diminuem as \u00e1reas de vida desses predadores, diminuindo tamb\u00e9m a disponibilidade de presas naturais. Por isso, acreditamos ser fundamental esse trabalho de resgate e reabilita\u00e7\u00e3o dos animais, associado com a\u00e7\u00f5es educativas para que a popula\u00e7\u00e3o entenda a import\u00e2ncia de cada indiv\u00edduo no ecossistema\u201d, finaliza Haberfeld.<\/p>\n\n\n\n<p><strong><em>Fonte: <a href=\"https:\/\/ciclovivo.com.br\/planeta\/meio-ambiente\/oncafari-confirma-1a-reintroducao-bem-sucedida-de-oncas-pintadas-do-mundo\/\">CicloVivo<\/a><\/em><\/strong><\/p>\n","protected":false},"excerpt":{"rendered":"<p>A\u00e7\u00e3o come\u00e7ou em 2014 e o sucesso foi confirmado com nascimento de filhotes f\u00e9rteis e neto de on\u00e7a reintroduzida As a\u00e7\u00f5es de reintrodu\u00e7\u00e3o de on\u00e7as na natureza iniciadas pelo On\u00e7afari, projeto para o estudo e conserva\u00e7\u00e3o de on\u00e7as-pintadas, tiveram seu sucesso confirmado e podem ser consideradas o primeiro caso bem-sucedido do mundo. O trabalho de [&hellip;]<\/p>\n","protected":false},"author":2,"featured_media":13235,"comment_status":"open","ping_status":"open","sticky":false,"template":"","format":"standard","meta":{"footnotes":""},"categories":[8],"tags":[123,655,6851,6436,778,6852],"class_list":["post-13231","post","type-post","status-publish","format-standard","has-post-thumbnail","hentry","category-meio-ambiente","tag-amazonia","tag-natureza","tag-oncafari","tag-oncas-pintadas","tag-pantanal","tag-reintroducao"],"yoast_head":"<!-- This site is optimized with the Yoast SEO plugin v26.5 - https:\/\/yoast.com\/wordpress\/plugins\/seo\/ -->\n<title>On\u00e7afari confirma 1\u00aa reintrodu\u00e7\u00e3o bem-sucedida de on\u00e7as-pintadas do mundo - Jornal Fatos e Not\u00edcias<\/title>\n<meta name=\"robots\" content=\"index, follow, max-snippet:-1, max-image-preview:large, max-video-preview:-1\" \/>\n<link rel=\"canonical\" href=\"https:\/\/jornalfatosenoticias.com.br\/index.php\/2021\/01\/08\/oncafari-confirma-1a-reintroducao-bem-sucedida-de-oncas-pintadas-do-mundo\/\" \/>\n<meta property=\"og:locale\" content=\"pt_BR\" \/>\n<meta property=\"og:type\" content=\"article\" \/>\n<meta property=\"og:title\" content=\"On\u00e7afari confirma 1\u00aa reintrodu\u00e7\u00e3o bem-sucedida de on\u00e7as-pintadas do mundo - Jornal Fatos e Not\u00edcias\" \/>\n<meta property=\"og:description\" content=\"A\u00e7\u00e3o come\u00e7ou em 2014 e o sucesso foi confirmado com nascimento de filhotes f\u00e9rteis e neto de on\u00e7a reintroduzida As a\u00e7\u00f5es de reintrodu\u00e7\u00e3o de on\u00e7as na natureza iniciadas pelo On\u00e7afari, projeto para o estudo e conserva\u00e7\u00e3o de on\u00e7as-pintadas, tiveram seu sucesso confirmado e podem ser consideradas o primeiro caso bem-sucedido do mundo. O trabalho de [&hellip;]\" \/>\n<meta property=\"og:url\" content=\"https:\/\/jornalfatosenoticias.com.br\/index.php\/2021\/01\/08\/oncafari-confirma-1a-reintroducao-bem-sucedida-de-oncas-pintadas-do-mundo\/\" \/>\n<meta property=\"og:site_name\" content=\"Jornal Fatos e Not\u00edcias\" \/>\n<meta property=\"article:published_time\" content=\"2021-01-08T13:32:50+00:00\" \/>\n<meta property=\"article:modified_time\" content=\"2021-01-08T13:32:54+00:00\" \/>\n<meta property=\"og:image\" content=\"https:\/\/jornalfatosenoticias.com.br\/wp-content\/uploads\/2021\/01\/oncas-oncafari.jpg\" \/>\n\t<meta property=\"og:image:width\" content=\"1000\" \/>\n\t<meta property=\"og:image:height\" content=\"666\" \/>\n\t<meta property=\"og:image:type\" content=\"image\/jpeg\" \/>\n<meta name=\"author\" content=\"Luzimara Fernandes\" \/>\n<meta name=\"twitter:card\" content=\"summary_large_image\" \/>\n<meta name=\"twitter:label1\" content=\"Escrito por\" \/>\n\t<meta name=\"twitter:data1\" content=\"Luzimara Fernandes\" \/>\n\t<meta name=\"twitter:label2\" content=\"Est. tempo de leitura\" \/>\n\t<meta name=\"twitter:data2\" content=\"5 minutos\" \/>\n<script type=\"application\/ld+json\" class=\"yoast-schema-graph\">{\"@context\":\"https:\/\/schema.org\",\"@graph\":[{\"@type\":\"Article\",\"@id\":\"https:\/\/jornalfatosenoticias.com.br\/index.php\/2021\/01\/08\/oncafari-confirma-1a-reintroducao-bem-sucedida-de-oncas-pintadas-do-mundo\/#article\",\"isPartOf\":{\"@id\":\"https:\/\/jornalfatosenoticias.com.br\/index.php\/2021\/01\/08\/oncafari-confirma-1a-reintroducao-bem-sucedida-de-oncas-pintadas-do-mundo\/\"},\"author\":{\"name\":\"Luzimara Fernandes\",\"@id\":\"https:\/\/jornalfatosenoticias.com.br\/#\/schema\/person\/d63837fa13ac8666eb9e74e0985d6f81\"},\"headline\":\"On\u00e7afari confirma 1\u00aa reintrodu\u00e7\u00e3o bem-sucedida de on\u00e7as-pintadas do mundo\",\"datePublished\":\"2021-01-08T13:32:50+00:00\",\"dateModified\":\"2021-01-08T13:32:54+00:00\",\"mainEntityOfPage\":{\"@id\":\"https:\/\/jornalfatosenoticias.com.br\/index.php\/2021\/01\/08\/oncafari-confirma-1a-reintroducao-bem-sucedida-de-oncas-pintadas-do-mundo\/\"},\"wordCount\":957,\"commentCount\":0,\"publisher\":{\"@id\":\"https:\/\/jornalfatosenoticias.com.br\/#organization\"},\"image\":{\"@id\":\"https:\/\/jornalfatosenoticias.com.br\/index.php\/2021\/01\/08\/oncafari-confirma-1a-reintroducao-bem-sucedida-de-oncas-pintadas-do-mundo\/#primaryimage\"},\"thumbnailUrl\":\"https:\/\/jornalfatosenoticias.com.br\/wp-content\/uploads\/2021\/01\/oncas-oncafari.jpg\",\"keywords\":[\"amaz\u00f4nia\",\"natureza\",\"On\u00e7afari\",\"on\u00e7as-pintadas\",\"Pantanal\",\"reintrodu\u00e7\u00e3o\"],\"articleSection\":[\"Meio ambiente\"],\"inLanguage\":\"pt-BR\",\"potentialAction\":[{\"@type\":\"CommentAction\",\"name\":\"Comment\",\"target\":[\"https:\/\/jornalfatosenoticias.com.br\/index.php\/2021\/01\/08\/oncafari-confirma-1a-reintroducao-bem-sucedida-de-oncas-pintadas-do-mundo\/#respond\"]}]},{\"@type\":\"WebPage\",\"@id\":\"https:\/\/jornalfatosenoticias.com.br\/index.php\/2021\/01\/08\/oncafari-confirma-1a-reintroducao-bem-sucedida-de-oncas-pintadas-do-mundo\/\",\"url\":\"https:\/\/jornalfatosenoticias.com.br\/index.php\/2021\/01\/08\/oncafari-confirma-1a-reintroducao-bem-sucedida-de-oncas-pintadas-do-mundo\/\",\"name\":\"On\u00e7afari confirma 1\u00aa reintrodu\u00e7\u00e3o bem-sucedida de on\u00e7as-pintadas do mundo - Jornal Fatos e Not\u00edcias\",\"isPartOf\":{\"@id\":\"https:\/\/jornalfatosenoticias.com.br\/#website\"},\"primaryImageOfPage\":{\"@id\":\"https:\/\/jornalfatosenoticias.com.br\/index.php\/2021\/01\/08\/oncafari-confirma-1a-reintroducao-bem-sucedida-de-oncas-pintadas-do-mundo\/#primaryimage\"},\"image\":{\"@id\":\"https:\/\/jornalfatosenoticias.com.br\/index.php\/2021\/01\/08\/oncafari-confirma-1a-reintroducao-bem-sucedida-de-oncas-pintadas-do-mundo\/#primaryimage\"},\"thumbnailUrl\":\"https:\/\/jornalfatosenoticias.com.br\/wp-content\/uploads\/2021\/01\/oncas-oncafari.jpg\",\"datePublished\":\"2021-01-08T13:32:50+00:00\",\"dateModified\":\"2021-01-08T13:32:54+00:00\",\"breadcrumb\":{\"@id\":\"https:\/\/jornalfatosenoticias.com.br\/index.php\/2021\/01\/08\/oncafari-confirma-1a-reintroducao-bem-sucedida-de-oncas-pintadas-do-mundo\/#breadcrumb\"},\"inLanguage\":\"pt-BR\",\"potentialAction\":[{\"@type\":\"ReadAction\",\"target\":[\"https:\/\/jornalfatosenoticias.com.br\/index.php\/2021\/01\/08\/oncafari-confirma-1a-reintroducao-bem-sucedida-de-oncas-pintadas-do-mundo\/\"]}]},{\"@type\":\"ImageObject\",\"inLanguage\":\"pt-BR\",\"@id\":\"https:\/\/jornalfatosenoticias.com.br\/index.php\/2021\/01\/08\/oncafari-confirma-1a-reintroducao-bem-sucedida-de-oncas-pintadas-do-mundo\/#primaryimage\",\"url\":\"https:\/\/jornalfatosenoticias.com.br\/wp-content\/uploads\/2021\/01\/oncas-oncafari.jpg\",\"contentUrl\":\"https:\/\/jornalfatosenoticias.com.br\/wp-content\/uploads\/2021\/01\/oncas-oncafari.jpg\",\"width\":1000,\"height\":666},{\"@type\":\"BreadcrumbList\",\"@id\":\"https:\/\/jornalfatosenoticias.com.br\/index.php\/2021\/01\/08\/oncafari-confirma-1a-reintroducao-bem-sucedida-de-oncas-pintadas-do-mundo\/#breadcrumb\",\"itemListElement\":[{\"@type\":\"ListItem\",\"position\":1,\"name\":\"In\u00edcio\",\"item\":\"https:\/\/jornalfatosenoticias.com.br\/\"},{\"@type\":\"ListItem\",\"position\":2,\"name\":\"On\u00e7afari confirma 1\u00aa reintrodu\u00e7\u00e3o bem-sucedida de on\u00e7as-pintadas do mundo\"}]},{\"@type\":\"WebSite\",\"@id\":\"https:\/\/jornalfatosenoticias.com.br\/#website\",\"url\":\"https:\/\/jornalfatosenoticias.com.br\/\",\"name\":\"Jornal Fatos e Not\u00edcias\",\"description\":\"Not\u00edcias em geral\",\"publisher\":{\"@id\":\"https:\/\/jornalfatosenoticias.com.br\/#organization\"},\"potentialAction\":[{\"@type\":\"SearchAction\",\"target\":{\"@type\":\"EntryPoint\",\"urlTemplate\":\"https:\/\/jornalfatosenoticias.com.br\/?s={search_term_string}\"},\"query-input\":{\"@type\":\"PropertyValueSpecification\",\"valueRequired\":true,\"valueName\":\"search_term_string\"}}],\"inLanguage\":\"pt-BR\"},{\"@type\":\"Organization\",\"@id\":\"https:\/\/jornalfatosenoticias.com.br\/#organization\",\"name\":\"Jornal Fatos e Not\u00edcias\",\"url\":\"https:\/\/jornalfatosenoticias.com.br\/\",\"logo\":{\"@type\":\"ImageObject\",\"inLanguage\":\"pt-BR\",\"@id\":\"https:\/\/jornalfatosenoticias.com.br\/#\/schema\/logo\/image\/\",\"url\":\"https:\/\/jornalfatosenoticias.com.br\/wp-content\/uploads\/2020\/02\/logo120.png\",\"contentUrl\":\"https:\/\/jornalfatosenoticias.com.br\/wp-content\/uploads\/2020\/02\/logo120.png\",\"width\":1227,\"height\":120,\"caption\":\"Jornal Fatos e Not\u00edcias\"},\"image\":{\"@id\":\"https:\/\/jornalfatosenoticias.com.br\/#\/schema\/logo\/image\/\"}},{\"@type\":\"Person\",\"@id\":\"https:\/\/jornalfatosenoticias.com.br\/#\/schema\/person\/d63837fa13ac8666eb9e74e0985d6f81\",\"name\":\"Luzimara Fernandes\",\"image\":{\"@type\":\"ImageObject\",\"inLanguage\":\"pt-BR\",\"@id\":\"https:\/\/jornalfatosenoticias.com.br\/#\/schema\/person\/image\/\",\"url\":\"https:\/\/jornalfatosenoticias.com.br\/wp-content\/uploads\/2025\/05\/EU_portal.jpg\",\"contentUrl\":\"https:\/\/jornalfatosenoticias.com.br\/wp-content\/uploads\/2025\/05\/EU_portal.jpg\",\"caption\":\"Luzimara Fernandes\"},\"description\":\"Jornalista MTB 2358-ES\",\"sameAs\":[\"https:\/\/jornalfatosenoticias.com.br\"],\"url\":\"https:\/\/jornalfatosenoticias.com.br\/index.php\/author\/luzimara\/\"}]}<\/script>\n<!-- \/ Yoast SEO plugin. -->","yoast_head_json":{"title":"On\u00e7afari confirma 1\u00aa reintrodu\u00e7\u00e3o bem-sucedida de on\u00e7as-pintadas do mundo - Jornal Fatos e Not\u00edcias","robots":{"index":"index","follow":"follow","max-snippet":"max-snippet:-1","max-image-preview":"max-image-preview:large","max-video-preview":"max-video-preview:-1"},"canonical":"https:\/\/jornalfatosenoticias.com.br\/index.php\/2021\/01\/08\/oncafari-confirma-1a-reintroducao-bem-sucedida-de-oncas-pintadas-do-mundo\/","og_locale":"pt_BR","og_type":"article","og_title":"On\u00e7afari confirma 1\u00aa reintrodu\u00e7\u00e3o bem-sucedida de on\u00e7as-pintadas do mundo - Jornal Fatos e Not\u00edcias","og_description":"A\u00e7\u00e3o come\u00e7ou em 2014 e o sucesso foi confirmado com nascimento de filhotes f\u00e9rteis e neto de on\u00e7a reintroduzida As a\u00e7\u00f5es de reintrodu\u00e7\u00e3o de on\u00e7as na natureza iniciadas pelo On\u00e7afari, projeto para o estudo e conserva\u00e7\u00e3o de on\u00e7as-pintadas, tiveram seu sucesso confirmado e podem ser consideradas o primeiro caso bem-sucedido do mundo. O trabalho de [&hellip;]","og_url":"https:\/\/jornalfatosenoticias.com.br\/index.php\/2021\/01\/08\/oncafari-confirma-1a-reintroducao-bem-sucedida-de-oncas-pintadas-do-mundo\/","og_site_name":"Jornal Fatos e Not\u00edcias","article_published_time":"2021-01-08T13:32:50+00:00","article_modified_time":"2021-01-08T13:32:54+00:00","og_image":[{"width":1000,"height":666,"url":"https:\/\/jornalfatosenoticias.com.br\/wp-content\/uploads\/2021\/01\/oncas-oncafari.jpg","type":"image\/jpeg"}],"author":"Luzimara Fernandes","twitter_card":"summary_large_image","twitter_misc":{"Escrito por":"Luzimara Fernandes","Est. tempo de leitura":"5 minutos"},"schema":{"@context":"https:\/\/schema.org","@graph":[{"@type":"Article","@id":"https:\/\/jornalfatosenoticias.com.br\/index.php\/2021\/01\/08\/oncafari-confirma-1a-reintroducao-bem-sucedida-de-oncas-pintadas-do-mundo\/#article","isPartOf":{"@id":"https:\/\/jornalfatosenoticias.com.br\/index.php\/2021\/01\/08\/oncafari-confirma-1a-reintroducao-bem-sucedida-de-oncas-pintadas-do-mundo\/"},"author":{"name":"Luzimara Fernandes","@id":"https:\/\/jornalfatosenoticias.com.br\/#\/schema\/person\/d63837fa13ac8666eb9e74e0985d6f81"},"headline":"On\u00e7afari confirma 1\u00aa reintrodu\u00e7\u00e3o bem-sucedida de on\u00e7as-pintadas do mundo","datePublished":"2021-01-08T13:32:50+00:00","dateModified":"2021-01-08T13:32:54+00:00","mainEntityOfPage":{"@id":"https:\/\/jornalfatosenoticias.com.br\/index.php\/2021\/01\/08\/oncafari-confirma-1a-reintroducao-bem-sucedida-de-oncas-pintadas-do-mundo\/"},"wordCount":957,"commentCount":0,"publisher":{"@id":"https:\/\/jornalfatosenoticias.com.br\/#organization"},"image":{"@id":"https:\/\/jornalfatosenoticias.com.br\/index.php\/2021\/01\/08\/oncafari-confirma-1a-reintroducao-bem-sucedida-de-oncas-pintadas-do-mundo\/#primaryimage"},"thumbnailUrl":"https:\/\/jornalfatosenoticias.com.br\/wp-content\/uploads\/2021\/01\/oncas-oncafari.jpg","keywords":["amaz\u00f4nia","natureza","On\u00e7afari","on\u00e7as-pintadas","Pantanal","reintrodu\u00e7\u00e3o"],"articleSection":["Meio ambiente"],"inLanguage":"pt-BR","potentialAction":[{"@type":"CommentAction","name":"Comment","target":["https:\/\/jornalfatosenoticias.com.br\/index.php\/2021\/01\/08\/oncafari-confirma-1a-reintroducao-bem-sucedida-de-oncas-pintadas-do-mundo\/#respond"]}]},{"@type":"WebPage","@id":"https:\/\/jornalfatosenoticias.com.br\/index.php\/2021\/01\/08\/oncafari-confirma-1a-reintroducao-bem-sucedida-de-oncas-pintadas-do-mundo\/","url":"https:\/\/jornalfatosenoticias.com.br\/index.php\/2021\/01\/08\/oncafari-confirma-1a-reintroducao-bem-sucedida-de-oncas-pintadas-do-mundo\/","name":"On\u00e7afari confirma 1\u00aa reintrodu\u00e7\u00e3o bem-sucedida de on\u00e7as-pintadas do mundo - Jornal Fatos e Not\u00edcias","isPartOf":{"@id":"https:\/\/jornalfatosenoticias.com.br\/#website"},"primaryImageOfPage":{"@id":"https:\/\/jornalfatosenoticias.com.br\/index.php\/2021\/01\/08\/oncafari-confirma-1a-reintroducao-bem-sucedida-de-oncas-pintadas-do-mundo\/#primaryimage"},"image":{"@id":"https:\/\/jornalfatosenoticias.com.br\/index.php\/2021\/01\/08\/oncafari-confirma-1a-reintroducao-bem-sucedida-de-oncas-pintadas-do-mundo\/#primaryimage"},"thumbnailUrl":"https:\/\/jornalfatosenoticias.com.br\/wp-content\/uploads\/2021\/01\/oncas-oncafari.jpg","datePublished":"2021-01-08T13:32:50+00:00","dateModified":"2021-01-08T13:32:54+00:00","breadcrumb":{"@id":"https:\/\/jornalfatosenoticias.com.br\/index.php\/2021\/01\/08\/oncafari-confirma-1a-reintroducao-bem-sucedida-de-oncas-pintadas-do-mundo\/#breadcrumb"},"inLanguage":"pt-BR","potentialAction":[{"@type":"ReadAction","target":["https:\/\/jornalfatosenoticias.com.br\/index.php\/2021\/01\/08\/oncafari-confirma-1a-reintroducao-bem-sucedida-de-oncas-pintadas-do-mundo\/"]}]},{"@type":"ImageObject","inLanguage":"pt-BR","@id":"https:\/\/jornalfatosenoticias.com.br\/index.php\/2021\/01\/08\/oncafari-confirma-1a-reintroducao-bem-sucedida-de-oncas-pintadas-do-mundo\/#primaryimage","url":"https:\/\/jornalfatosenoticias.com.br\/wp-content\/uploads\/2021\/01\/oncas-oncafari.jpg","contentUrl":"https:\/\/jornalfatosenoticias.com.br\/wp-content\/uploads\/2021\/01\/oncas-oncafari.jpg","width":1000,"height":666},{"@type":"BreadcrumbList","@id":"https:\/\/jornalfatosenoticias.com.br\/index.php\/2021\/01\/08\/oncafari-confirma-1a-reintroducao-bem-sucedida-de-oncas-pintadas-do-mundo\/#breadcrumb","itemListElement":[{"@type":"ListItem","position":1,"name":"In\u00edcio","item":"https:\/\/jornalfatosenoticias.com.br\/"},{"@type":"ListItem","position":2,"name":"On\u00e7afari confirma 1\u00aa reintrodu\u00e7\u00e3o bem-sucedida de on\u00e7as-pintadas do mundo"}]},{"@type":"WebSite","@id":"https:\/\/jornalfatosenoticias.com.br\/#website","url":"https:\/\/jornalfatosenoticias.com.br\/","name":"Jornal Fatos e Not\u00edcias","description":"Not\u00edcias em geral","publisher":{"@id":"https:\/\/jornalfatosenoticias.com.br\/#organization"},"potentialAction":[{"@type":"SearchAction","target":{"@type":"EntryPoint","urlTemplate":"https:\/\/jornalfatosenoticias.com.br\/?s={search_term_string}"},"query-input":{"@type":"PropertyValueSpecification","valueRequired":true,"valueName":"search_term_string"}}],"inLanguage":"pt-BR"},{"@type":"Organization","@id":"https:\/\/jornalfatosenoticias.com.br\/#organization","name":"Jornal Fatos e Not\u00edcias","url":"https:\/\/jornalfatosenoticias.com.br\/","logo":{"@type":"ImageObject","inLanguage":"pt-BR","@id":"https:\/\/jornalfatosenoticias.com.br\/#\/schema\/logo\/image\/","url":"https:\/\/jornalfatosenoticias.com.br\/wp-content\/uploads\/2020\/02\/logo120.png","contentUrl":"https:\/\/jornalfatosenoticias.com.br\/wp-content\/uploads\/2020\/02\/logo120.png","width":1227,"height":120,"caption":"Jornal Fatos e Not\u00edcias"},"image":{"@id":"https:\/\/jornalfatosenoticias.com.br\/#\/schema\/logo\/image\/"}},{"@type":"Person","@id":"https:\/\/jornalfatosenoticias.com.br\/#\/schema\/person\/d63837fa13ac8666eb9e74e0985d6f81","name":"Luzimara Fernandes","image":{"@type":"ImageObject","inLanguage":"pt-BR","@id":"https:\/\/jornalfatosenoticias.com.br\/#\/schema\/person\/image\/","url":"https:\/\/jornalfatosenoticias.com.br\/wp-content\/uploads\/2025\/05\/EU_portal.jpg","contentUrl":"https:\/\/jornalfatosenoticias.com.br\/wp-content\/uploads\/2025\/05\/EU_portal.jpg","caption":"Luzimara Fernandes"},"description":"Jornalista MTB 2358-ES","sameAs":["https:\/\/jornalfatosenoticias.com.br"],"url":"https:\/\/jornalfatosenoticias.com.br\/index.php\/author\/luzimara\/"}]}},"cc_featured_image_caption":{"caption_text":"(Foto: Jo\u00e3o Bachur\/On\u00e7afari)","source_text":"","source_url":""},"jetpack_featured_media_url":"https:\/\/jornalfatosenoticias.com.br\/wp-content\/uploads\/2021\/01\/oncas-oncafari.jpg","_links":{"self":[{"href":"https:\/\/jornalfatosenoticias.com.br\/index.php\/wp-json\/wp\/v2\/posts\/13231","targetHints":{"allow":["GET"]}}],"collection":[{"href":"https:\/\/jornalfatosenoticias.com.br\/index.php\/wp-json\/wp\/v2\/posts"}],"about":[{"href":"https:\/\/jornalfatosenoticias.com.br\/index.php\/wp-json\/wp\/v2\/types\/post"}],"author":[{"embeddable":true,"href":"https:\/\/jornalfatosenoticias.com.br\/index.php\/wp-json\/wp\/v2\/users\/2"}],"replies":[{"embeddable":true,"href":"https:\/\/jornalfatosenoticias.com.br\/index.php\/wp-json\/wp\/v2\/comments?post=13231"}],"version-history":[{"count":0,"href":"https:\/\/jornalfatosenoticias.com.br\/index.php\/wp-json\/wp\/v2\/posts\/13231\/revisions"}],"wp:featuredmedia":[{"embeddable":true,"href":"https:\/\/jornalfatosenoticias.com.br\/index.php\/wp-json\/wp\/v2\/media\/13235"}],"wp:attachment":[{"href":"https:\/\/jornalfatosenoticias.com.br\/index.php\/wp-json\/wp\/v2\/media?parent=13231"}],"wp:term":[{"taxonomy":"category","embeddable":true,"href":"https:\/\/jornalfatosenoticias.com.br\/index.php\/wp-json\/wp\/v2\/categories?post=13231"},{"taxonomy":"post_tag","embeddable":true,"href":"https:\/\/jornalfatosenoticias.com.br\/index.php\/wp-json\/wp\/v2\/tags?post=13231"}],"curies":[{"name":"wp","href":"https:\/\/api.w.org\/{rel}","templated":true}]}}