{"id":13240,"date":"2021-01-08T10:49:31","date_gmt":"2021-01-08T13:49:31","guid":{"rendered":"https:\/\/jornalfatosenoticias.com.br\/?p=13240"},"modified":"2021-01-08T10:49:37","modified_gmt":"2021-01-08T13:49:37","slug":"brincar-contribui-para-o-desenvolvimento-e-bem-estar","status":"publish","type":"post","link":"https:\/\/jornalfatosenoticias.com.br\/index.php\/2021\/01\/08\/brincar-contribui-para-o-desenvolvimento-e-bem-estar\/","title":{"rendered":"Brincar contribui para o desenvolvimento e bem-estar"},"content":{"rendered":"\n<h6 class=\"wp-block-heading\"><em>Confira dicas para valorizar e incentivar o brincar mesmo em meio \u00e0 pandemia<\/em><\/h6>\n\n\n\n<p>As f\u00e9rias de ver\u00e3o chegaram e, em um ano marcado pela pandemia do coronav\u00edrus, as atividades com as crian\u00e7as e a valoriza\u00e7\u00e3o da inf\u00e2ncia se tornaram ainda mais importantes. Com suas rotinas modificadas com aulas remotas, encontros por meio da tela, v\u00ednculos e visitas suspensos, qual a melhor maneira de vivenciar as f\u00e9rias e valorizar o brincar com as crian\u00e7as?<br>Brincar \u00e9 antes de tudo um direito das crian\u00e7as que deve ser garantido, mas tornou-se uma ferramenta ainda mais importante de express\u00e3o e comunica\u00e7\u00e3o no momento atual.<\/p>\n\n\n\n<blockquote class=\"wp-block-quote is-layout-flow wp-block-quote-is-layout-flow\"><p>\u201cA brincadeira \u00e9 uma maneira de explorar os sentimentos e as emo\u00e7\u00f5es dos pequenos. Diante de tantas mudan\u00e7as desse ano, aproveitar as f\u00e9rias para brincar \u00e9 uma garantia de desenvolvimento e bem-estar f\u00edsico e emocional\u201d, explica Sheila Pomilho, diretora do Marista Escola Social Irm\u00e3o Justino.<\/p><\/blockquote>\n\n\n\n<h4 class=\"wp-block-heading\">Novo normal e espa\u00e7os limitados<\/h4>\n\n\n\n<p>As brincadeiras sempre foram um momento importante de contato e conviv\u00eancia social, seja em casa, na escola ou em outros espa\u00e7os. Por\u00e9m, com a pandemia, esse cen\u00e1rio se modificou e exige a presen\u00e7a ainda mais efetiva dos adultos. \u201cNo per\u00edodo de f\u00e9rias, a crian\u00e7a gosta de estar com a mente livre, de poder interagir com os objetos, criar suas pr\u00f3prias hist\u00f3rias e lembran\u00e7as. Diante do novo cen\u00e1rio, \u00e9 uma oportunidade para os pais e fam\u00edlias fortalecerem o v\u00ednculo\u201d, refor\u00e7a Sheila.<br>Neste per\u00edodo, \u00e9 essencial ter compreens\u00e3o do momento que estamos vivendo.<\/p>\n\n\n\n<blockquote class=\"wp-block-quote is-layout-flow wp-block-quote-is-layout-flow\"><p>\u201cF\u00e9rias \u00e9 um tempo de muitas descobertas e possibilidades, o brincar estimula a cria\u00e7\u00e3o por meio de sons, cores e movimentos. Ao brincarem juntos, os v\u00ednculos entre pais e filhos s\u00e3o fortalecidos\u201d, afirma Sheila.<\/p><\/blockquote>\n\n\n\n<p><em>A especialista em d\u00e1 dicas de como aproveitar as f\u00e9rias com brincadeiras para todas as idades:<\/em><\/p>\n\n\n\n<p><strong>1) Use a imagina\u00e7\u00e3o<br><\/strong>Mesmo sem qualquer recurso, \u00e9 poss\u00edvel criar brincadeiras por meio da imagina\u00e7\u00e3o, como contar hist\u00f3rias, montar cabanas, criar teatros, responder perguntas apenas com palavras que comecem com seu pr\u00f3prio nome. M\u00edmicas e imita\u00e7\u00f5es tamb\u00e9m rendem bons momentos de divers\u00e3o.<\/p>\n\n\n\n<p><strong>2) Materiais reutiliz\u00e1veis<br><\/strong>Muitas das brincadeiras favoritas das crian\u00e7as envolvem o processo de cria\u00e7\u00e3o e nessa hora vale utilizar diversos itens, como garrafas de pl\u00e1stico, que podem virar um telefone sem fio, caixas de papel\u00e3o que podem ser transformadas em uma cabana ou uma m\u00e1quina de escrever ou caixas de sapato que podem virar bonecos e bonecas. \u201cA crian\u00e7a valoriza o processo de decidir com quais materiais quer criar, o que fazer e como fazer, esses momentos incentivam ainda mais a criatividade e a imagina\u00e7\u00e3o\u201d, refor\u00e7a Sheila.<\/p>\n\n\n\n<p><strong>3) Conte com a natureza<br><\/strong><\/p>\n\n\n\n<div class=\"wp-block-image\"><figure class=\"alignleft size-large is-resized\"><img decoding=\"async\" src=\"https:\/\/jornalfatosenoticias.com.br\/wp-content\/uploads\/2021\/01\/brincar-ferias-katherine-hanton_unsplash-663x1024.jpg\" alt=\"\" class=\"wp-image-13241\" width=\"-78\" height=\"-120\" srcset=\"https:\/\/jornalfatosenoticias.com.br\/wp-content\/uploads\/2021\/01\/brincar-ferias-katherine-hanton_unsplash-663x1024.jpg 663w, https:\/\/jornalfatosenoticias.com.br\/wp-content\/uploads\/2021\/01\/brincar-ferias-katherine-hanton_unsplash-194x300.jpg 194w, https:\/\/jornalfatosenoticias.com.br\/wp-content\/uploads\/2021\/01\/brincar-ferias-katherine-hanton_unsplash-768x1187.jpg 768w, https:\/\/jornalfatosenoticias.com.br\/wp-content\/uploads\/2021\/01\/brincar-ferias-katherine-hanton_unsplash-994x1536.jpg 994w, https:\/\/jornalfatosenoticias.com.br\/wp-content\/uploads\/2021\/01\/brincar-ferias-katherine-hanton_unsplash.jpg 1000w\" sizes=\"(max-width: 663px) 100vw, 663px\" \/><figcaption><em>Brincar, f\u00e9rias (Foto: Katherine Hanlon\/Unsplash)<\/em><\/figcaption><\/figure><\/div>\n\n\n\n<p>Com a dist\u00e2ncia de espa\u00e7os da natureza, aprender sobre a preserva\u00e7\u00e3o tamb\u00e9m pode render momentos de entretenimento em casa, al\u00e9m de serem importantes para o desenvolvimento das crian\u00e7as. Plantar um vaso utilizando um copo descart\u00e1vel ou feij\u00e3o no algod\u00e3o, olhar o c\u00e9u, a mudan\u00e7a do tempo, o movimento das nuvens, ouvir o canto dos p\u00e1ssaros e compar\u00e1-los, entre tantas outras possibilidades fazem com que a crian\u00e7a entre em contato com esse universo.<\/p>\n\n\n\n<p><strong>4) Convide outras pessoas para brincar a dist\u00e2ncia<br><\/strong>Usar a tecnologia para encontros virtuais e propor brincadeiras, mesmo que por meio da tela em um tempo limitado, como encontrar o primeiro objeto que inicie com determinada letra do alfabeto, \u00e9 uma atividade para todas as idades e ainda ajuda a diminuir as saudades de colegas ou familiares.<\/p>\n\n\n\n<p><strong>5) Se aproprie do mundo do faz de conta<br><\/strong>Nessas f\u00e9rias \u00e9 importante usar a imagina\u00e7\u00e3o, uma rodada de conta\u00e7\u00e3o de hist\u00f3rias, um desfile com chap\u00e9us de papel\u00e3o ou at\u00e9 mesmo uma sess\u00e3o de fotografias com o celular. \u201cO mundo do faz de conta j\u00e1 faz parte da crian\u00e7a, e nada melhor do que o adulto demonstrar interesse por esse universo da crian\u00e7a para entender as suas emo\u00e7\u00f5es e viver momentos divertidos e com significado\u201d, sugere Sheila.<\/p>\n\n\n\n<p><strong><em>Fonte: <a href=\"https:\/\/ciclovivo.com.br\/vida-sustentavel\/bem-estar\/brincar-ferias-desenvolvimento-bem-estar\/\">CicloVivo<\/a><\/em><\/strong><\/p>\n","protected":false},"excerpt":{"rendered":"<p>Confira dicas para valorizar e incentivar o brincar mesmo em meio \u00e0 pandemia As f\u00e9rias de ver\u00e3o chegaram e, em um ano marcado pela pandemia do coronav\u00edrus, as atividades com as crian\u00e7as e a valoriza\u00e7\u00e3o da inf\u00e2ncia se tornaram ainda mais importantes. Com suas rotinas modificadas com aulas remotas, encontros por meio da tela, v\u00ednculos [&hellip;]<\/p>\n","protected":false},"author":2,"featured_media":13242,"comment_status":"open","ping_status":"open","sticky":false,"template":"","format":"standard","meta":{"footnotes":""},"categories":[42],"tags":[385,3951,1042,6853,2607],"class_list":["post-13240","post","type-post","status-publish","format-standard","has-post-thumbnail","hentry","category-bem-estar","tag-bem-estar","tag-brincar","tag-desenvolvimento-infantil","tag-ferias-escolares","tag-infancia"],"yoast_head":"<!-- This site is optimized with the Yoast SEO plugin v26.5 - https:\/\/yoast.com\/wordpress\/plugins\/seo\/ -->\n<title>Brincar contribui para o desenvolvimento e bem-estar - Jornal Fatos e Not\u00edcias<\/title>\n<meta name=\"robots\" content=\"index, follow, max-snippet:-1, max-image-preview:large, max-video-preview:-1\" \/>\n<link rel=\"canonical\" href=\"https:\/\/jornalfatosenoticias.com.br\/index.php\/2021\/01\/08\/brincar-contribui-para-o-desenvolvimento-e-bem-estar\/\" \/>\n<meta property=\"og:locale\" content=\"pt_BR\" \/>\n<meta property=\"og:type\" content=\"article\" \/>\n<meta property=\"og:title\" content=\"Brincar contribui para o desenvolvimento e bem-estar - Jornal Fatos e Not\u00edcias\" \/>\n<meta property=\"og:description\" content=\"Confira dicas para valorizar e incentivar o brincar mesmo em meio \u00e0 pandemia As f\u00e9rias de ver\u00e3o chegaram e, em um ano marcado pela pandemia do coronav\u00edrus, as atividades com as crian\u00e7as e a valoriza\u00e7\u00e3o da inf\u00e2ncia se tornaram ainda mais importantes. Com suas rotinas modificadas com aulas remotas, encontros por meio da tela, v\u00ednculos [&hellip;]\" \/>\n<meta property=\"og:url\" content=\"https:\/\/jornalfatosenoticias.com.br\/index.php\/2021\/01\/08\/brincar-contribui-para-o-desenvolvimento-e-bem-estar\/\" \/>\n<meta property=\"og:site_name\" content=\"Jornal Fatos e Not\u00edcias\" \/>\n<meta property=\"article:published_time\" content=\"2021-01-08T13:49:31+00:00\" \/>\n<meta property=\"article:modified_time\" content=\"2021-01-08T13:49:37+00:00\" \/>\n<meta property=\"og:image\" content=\"https:\/\/jornalfatosenoticias.com.br\/wp-content\/uploads\/2021\/01\/ferias-criancas-debby-hudson_unsplash.jpg\" \/>\n\t<meta property=\"og:image:width\" content=\"1000\" \/>\n\t<meta property=\"og:image:height\" content=\"672\" \/>\n\t<meta property=\"og:image:type\" content=\"image\/jpeg\" \/>\n<meta name=\"author\" content=\"Luzimara Fernandes\" \/>\n<meta name=\"twitter:card\" content=\"summary_large_image\" \/>\n<meta name=\"twitter:label1\" content=\"Escrito por\" \/>\n\t<meta name=\"twitter:data1\" content=\"Luzimara Fernandes\" \/>\n\t<meta name=\"twitter:label2\" content=\"Est. tempo de leitura\" \/>\n\t<meta name=\"twitter:data2\" content=\"4 minutos\" \/>\n<script type=\"application\/ld+json\" class=\"yoast-schema-graph\">{\"@context\":\"https:\/\/schema.org\",\"@graph\":[{\"@type\":\"Article\",\"@id\":\"https:\/\/jornalfatosenoticias.com.br\/index.php\/2021\/01\/08\/brincar-contribui-para-o-desenvolvimento-e-bem-estar\/#article\",\"isPartOf\":{\"@id\":\"https:\/\/jornalfatosenoticias.com.br\/index.php\/2021\/01\/08\/brincar-contribui-para-o-desenvolvimento-e-bem-estar\/\"},\"author\":{\"name\":\"Luzimara Fernandes\",\"@id\":\"https:\/\/jornalfatosenoticias.com.br\/#\/schema\/person\/d63837fa13ac8666eb9e74e0985d6f81\"},\"headline\":\"Brincar contribui para o desenvolvimento e bem-estar\",\"datePublished\":\"2021-01-08T13:49:31+00:00\",\"dateModified\":\"2021-01-08T13:49:37+00:00\",\"mainEntityOfPage\":{\"@id\":\"https:\/\/jornalfatosenoticias.com.br\/index.php\/2021\/01\/08\/brincar-contribui-para-o-desenvolvimento-e-bem-estar\/\"},\"wordCount\":716,\"commentCount\":0,\"publisher\":{\"@id\":\"https:\/\/jornalfatosenoticias.com.br\/#organization\"},\"image\":{\"@id\":\"https:\/\/jornalfatosenoticias.com.br\/index.php\/2021\/01\/08\/brincar-contribui-para-o-desenvolvimento-e-bem-estar\/#primaryimage\"},\"thumbnailUrl\":\"https:\/\/jornalfatosenoticias.com.br\/wp-content\/uploads\/2021\/01\/ferias-criancas-debby-hudson_unsplash.jpg\",\"keywords\":[\"bem-estar\",\"brincar\",\"desenvolvimento infantil\",\"f\u00e9rias escolares\",\"inf\u00e2ncia\"],\"articleSection\":[\"Bem-estar\"],\"inLanguage\":\"pt-BR\",\"potentialAction\":[{\"@type\":\"CommentAction\",\"name\":\"Comment\",\"target\":[\"https:\/\/jornalfatosenoticias.com.br\/index.php\/2021\/01\/08\/brincar-contribui-para-o-desenvolvimento-e-bem-estar\/#respond\"]}]},{\"@type\":\"WebPage\",\"@id\":\"https:\/\/jornalfatosenoticias.com.br\/index.php\/2021\/01\/08\/brincar-contribui-para-o-desenvolvimento-e-bem-estar\/\",\"url\":\"https:\/\/jornalfatosenoticias.com.br\/index.php\/2021\/01\/08\/brincar-contribui-para-o-desenvolvimento-e-bem-estar\/\",\"name\":\"Brincar contribui para o desenvolvimento e bem-estar - Jornal Fatos e Not\u00edcias\",\"isPartOf\":{\"@id\":\"https:\/\/jornalfatosenoticias.com.br\/#website\"},\"primaryImageOfPage\":{\"@id\":\"https:\/\/jornalfatosenoticias.com.br\/index.php\/2021\/01\/08\/brincar-contribui-para-o-desenvolvimento-e-bem-estar\/#primaryimage\"},\"image\":{\"@id\":\"https:\/\/jornalfatosenoticias.com.br\/index.php\/2021\/01\/08\/brincar-contribui-para-o-desenvolvimento-e-bem-estar\/#primaryimage\"},\"thumbnailUrl\":\"https:\/\/jornalfatosenoticias.com.br\/wp-content\/uploads\/2021\/01\/ferias-criancas-debby-hudson_unsplash.jpg\",\"datePublished\":\"2021-01-08T13:49:31+00:00\",\"dateModified\":\"2021-01-08T13:49:37+00:00\",\"breadcrumb\":{\"@id\":\"https:\/\/jornalfatosenoticias.com.br\/index.php\/2021\/01\/08\/brincar-contribui-para-o-desenvolvimento-e-bem-estar\/#breadcrumb\"},\"inLanguage\":\"pt-BR\",\"potentialAction\":[{\"@type\":\"ReadAction\",\"target\":[\"https:\/\/jornalfatosenoticias.com.br\/index.php\/2021\/01\/08\/brincar-contribui-para-o-desenvolvimento-e-bem-estar\/\"]}]},{\"@type\":\"ImageObject\",\"inLanguage\":\"pt-BR\",\"@id\":\"https:\/\/jornalfatosenoticias.com.br\/index.php\/2021\/01\/08\/brincar-contribui-para-o-desenvolvimento-e-bem-estar\/#primaryimage\",\"url\":\"https:\/\/jornalfatosenoticias.com.br\/wp-content\/uploads\/2021\/01\/ferias-criancas-debby-hudson_unsplash.jpg\",\"contentUrl\":\"https:\/\/jornalfatosenoticias.com.br\/wp-content\/uploads\/2021\/01\/ferias-criancas-debby-hudson_unsplash.jpg\",\"width\":1000,\"height\":672},{\"@type\":\"BreadcrumbList\",\"@id\":\"https:\/\/jornalfatosenoticias.com.br\/index.php\/2021\/01\/08\/brincar-contribui-para-o-desenvolvimento-e-bem-estar\/#breadcrumb\",\"itemListElement\":[{\"@type\":\"ListItem\",\"position\":1,\"name\":\"In\u00edcio\",\"item\":\"https:\/\/jornalfatosenoticias.com.br\/\"},{\"@type\":\"ListItem\",\"position\":2,\"name\":\"Brincar contribui para o desenvolvimento e bem-estar\"}]},{\"@type\":\"WebSite\",\"@id\":\"https:\/\/jornalfatosenoticias.com.br\/#website\",\"url\":\"https:\/\/jornalfatosenoticias.com.br\/\",\"name\":\"Jornal Fatos e Not\u00edcias\",\"description\":\"Not\u00edcias em geral\",\"publisher\":{\"@id\":\"https:\/\/jornalfatosenoticias.com.br\/#organization\"},\"potentialAction\":[{\"@type\":\"SearchAction\",\"target\":{\"@type\":\"EntryPoint\",\"urlTemplate\":\"https:\/\/jornalfatosenoticias.com.br\/?s={search_term_string}\"},\"query-input\":{\"@type\":\"PropertyValueSpecification\",\"valueRequired\":true,\"valueName\":\"search_term_string\"}}],\"inLanguage\":\"pt-BR\"},{\"@type\":\"Organization\",\"@id\":\"https:\/\/jornalfatosenoticias.com.br\/#organization\",\"name\":\"Jornal Fatos e Not\u00edcias\",\"url\":\"https:\/\/jornalfatosenoticias.com.br\/\",\"logo\":{\"@type\":\"ImageObject\",\"inLanguage\":\"pt-BR\",\"@id\":\"https:\/\/jornalfatosenoticias.com.br\/#\/schema\/logo\/image\/\",\"url\":\"https:\/\/jornalfatosenoticias.com.br\/wp-content\/uploads\/2020\/02\/logo120.png\",\"contentUrl\":\"https:\/\/jornalfatosenoticias.com.br\/wp-content\/uploads\/2020\/02\/logo120.png\",\"width\":1227,\"height\":120,\"caption\":\"Jornal Fatos e Not\u00edcias\"},\"image\":{\"@id\":\"https:\/\/jornalfatosenoticias.com.br\/#\/schema\/logo\/image\/\"}},{\"@type\":\"Person\",\"@id\":\"https:\/\/jornalfatosenoticias.com.br\/#\/schema\/person\/d63837fa13ac8666eb9e74e0985d6f81\",\"name\":\"Luzimara Fernandes\",\"image\":{\"@type\":\"ImageObject\",\"inLanguage\":\"pt-BR\",\"@id\":\"https:\/\/jornalfatosenoticias.com.br\/#\/schema\/person\/image\/\",\"url\":\"https:\/\/jornalfatosenoticias.com.br\/wp-content\/uploads\/2025\/05\/EU_portal.jpg\",\"contentUrl\":\"https:\/\/jornalfatosenoticias.com.br\/wp-content\/uploads\/2025\/05\/EU_portal.jpg\",\"caption\":\"Luzimara Fernandes\"},\"description\":\"Jornalista MTB 2358-ES\",\"sameAs\":[\"https:\/\/jornalfatosenoticias.com.br\"],\"url\":\"https:\/\/jornalfatosenoticias.com.br\/index.php\/author\/luzimara\/\"}]}<\/script>\n<!-- \/ Yoast SEO plugin. -->","yoast_head_json":{"title":"Brincar contribui para o desenvolvimento e bem-estar - Jornal Fatos e Not\u00edcias","robots":{"index":"index","follow":"follow","max-snippet":"max-snippet:-1","max-image-preview":"max-image-preview:large","max-video-preview":"max-video-preview:-1"},"canonical":"https:\/\/jornalfatosenoticias.com.br\/index.php\/2021\/01\/08\/brincar-contribui-para-o-desenvolvimento-e-bem-estar\/","og_locale":"pt_BR","og_type":"article","og_title":"Brincar contribui para o desenvolvimento e bem-estar - Jornal Fatos e Not\u00edcias","og_description":"Confira dicas para valorizar e incentivar o brincar mesmo em meio \u00e0 pandemia As f\u00e9rias de ver\u00e3o chegaram e, em um ano marcado pela pandemia do coronav\u00edrus, as atividades com as crian\u00e7as e a valoriza\u00e7\u00e3o da inf\u00e2ncia se tornaram ainda mais importantes. Com suas rotinas modificadas com aulas remotas, encontros por meio da tela, v\u00ednculos [&hellip;]","og_url":"https:\/\/jornalfatosenoticias.com.br\/index.php\/2021\/01\/08\/brincar-contribui-para-o-desenvolvimento-e-bem-estar\/","og_site_name":"Jornal Fatos e Not\u00edcias","article_published_time":"2021-01-08T13:49:31+00:00","article_modified_time":"2021-01-08T13:49:37+00:00","og_image":[{"width":1000,"height":672,"url":"https:\/\/jornalfatosenoticias.com.br\/wp-content\/uploads\/2021\/01\/ferias-criancas-debby-hudson_unsplash.jpg","type":"image\/jpeg"}],"author":"Luzimara Fernandes","twitter_card":"summary_large_image","twitter_misc":{"Escrito por":"Luzimara Fernandes","Est. tempo de leitura":"4 minutos"},"schema":{"@context":"https:\/\/schema.org","@graph":[{"@type":"Article","@id":"https:\/\/jornalfatosenoticias.com.br\/index.php\/2021\/01\/08\/brincar-contribui-para-o-desenvolvimento-e-bem-estar\/#article","isPartOf":{"@id":"https:\/\/jornalfatosenoticias.com.br\/index.php\/2021\/01\/08\/brincar-contribui-para-o-desenvolvimento-e-bem-estar\/"},"author":{"name":"Luzimara Fernandes","@id":"https:\/\/jornalfatosenoticias.com.br\/#\/schema\/person\/d63837fa13ac8666eb9e74e0985d6f81"},"headline":"Brincar contribui para o desenvolvimento e bem-estar","datePublished":"2021-01-08T13:49:31+00:00","dateModified":"2021-01-08T13:49:37+00:00","mainEntityOfPage":{"@id":"https:\/\/jornalfatosenoticias.com.br\/index.php\/2021\/01\/08\/brincar-contribui-para-o-desenvolvimento-e-bem-estar\/"},"wordCount":716,"commentCount":0,"publisher":{"@id":"https:\/\/jornalfatosenoticias.com.br\/#organization"},"image":{"@id":"https:\/\/jornalfatosenoticias.com.br\/index.php\/2021\/01\/08\/brincar-contribui-para-o-desenvolvimento-e-bem-estar\/#primaryimage"},"thumbnailUrl":"https:\/\/jornalfatosenoticias.com.br\/wp-content\/uploads\/2021\/01\/ferias-criancas-debby-hudson_unsplash.jpg","keywords":["bem-estar","brincar","desenvolvimento infantil","f\u00e9rias escolares","inf\u00e2ncia"],"articleSection":["Bem-estar"],"inLanguage":"pt-BR","potentialAction":[{"@type":"CommentAction","name":"Comment","target":["https:\/\/jornalfatosenoticias.com.br\/index.php\/2021\/01\/08\/brincar-contribui-para-o-desenvolvimento-e-bem-estar\/#respond"]}]},{"@type":"WebPage","@id":"https:\/\/jornalfatosenoticias.com.br\/index.php\/2021\/01\/08\/brincar-contribui-para-o-desenvolvimento-e-bem-estar\/","url":"https:\/\/jornalfatosenoticias.com.br\/index.php\/2021\/01\/08\/brincar-contribui-para-o-desenvolvimento-e-bem-estar\/","name":"Brincar contribui para o desenvolvimento e bem-estar - Jornal Fatos e Not\u00edcias","isPartOf":{"@id":"https:\/\/jornalfatosenoticias.com.br\/#website"},"primaryImageOfPage":{"@id":"https:\/\/jornalfatosenoticias.com.br\/index.php\/2021\/01\/08\/brincar-contribui-para-o-desenvolvimento-e-bem-estar\/#primaryimage"},"image":{"@id":"https:\/\/jornalfatosenoticias.com.br\/index.php\/2021\/01\/08\/brincar-contribui-para-o-desenvolvimento-e-bem-estar\/#primaryimage"},"thumbnailUrl":"https:\/\/jornalfatosenoticias.com.br\/wp-content\/uploads\/2021\/01\/ferias-criancas-debby-hudson_unsplash.jpg","datePublished":"2021-01-08T13:49:31+00:00","dateModified":"2021-01-08T13:49:37+00:00","breadcrumb":{"@id":"https:\/\/jornalfatosenoticias.com.br\/index.php\/2021\/01\/08\/brincar-contribui-para-o-desenvolvimento-e-bem-estar\/#breadcrumb"},"inLanguage":"pt-BR","potentialAction":[{"@type":"ReadAction","target":["https:\/\/jornalfatosenoticias.com.br\/index.php\/2021\/01\/08\/brincar-contribui-para-o-desenvolvimento-e-bem-estar\/"]}]},{"@type":"ImageObject","inLanguage":"pt-BR","@id":"https:\/\/jornalfatosenoticias.com.br\/index.php\/2021\/01\/08\/brincar-contribui-para-o-desenvolvimento-e-bem-estar\/#primaryimage","url":"https:\/\/jornalfatosenoticias.com.br\/wp-content\/uploads\/2021\/01\/ferias-criancas-debby-hudson_unsplash.jpg","contentUrl":"https:\/\/jornalfatosenoticias.com.br\/wp-content\/uploads\/2021\/01\/ferias-criancas-debby-hudson_unsplash.jpg","width":1000,"height":672},{"@type":"BreadcrumbList","@id":"https:\/\/jornalfatosenoticias.com.br\/index.php\/2021\/01\/08\/brincar-contribui-para-o-desenvolvimento-e-bem-estar\/#breadcrumb","itemListElement":[{"@type":"ListItem","position":1,"name":"In\u00edcio","item":"https:\/\/jornalfatosenoticias.com.br\/"},{"@type":"ListItem","position":2,"name":"Brincar contribui para o desenvolvimento e bem-estar"}]},{"@type":"WebSite","@id":"https:\/\/jornalfatosenoticias.com.br\/#website","url":"https:\/\/jornalfatosenoticias.com.br\/","name":"Jornal Fatos e Not\u00edcias","description":"Not\u00edcias em geral","publisher":{"@id":"https:\/\/jornalfatosenoticias.com.br\/#organization"},"potentialAction":[{"@type":"SearchAction","target":{"@type":"EntryPoint","urlTemplate":"https:\/\/jornalfatosenoticias.com.br\/?s={search_term_string}"},"query-input":{"@type":"PropertyValueSpecification","valueRequired":true,"valueName":"search_term_string"}}],"inLanguage":"pt-BR"},{"@type":"Organization","@id":"https:\/\/jornalfatosenoticias.com.br\/#organization","name":"Jornal Fatos e Not\u00edcias","url":"https:\/\/jornalfatosenoticias.com.br\/","logo":{"@type":"ImageObject","inLanguage":"pt-BR","@id":"https:\/\/jornalfatosenoticias.com.br\/#\/schema\/logo\/image\/","url":"https:\/\/jornalfatosenoticias.com.br\/wp-content\/uploads\/2020\/02\/logo120.png","contentUrl":"https:\/\/jornalfatosenoticias.com.br\/wp-content\/uploads\/2020\/02\/logo120.png","width":1227,"height":120,"caption":"Jornal Fatos e Not\u00edcias"},"image":{"@id":"https:\/\/jornalfatosenoticias.com.br\/#\/schema\/logo\/image\/"}},{"@type":"Person","@id":"https:\/\/jornalfatosenoticias.com.br\/#\/schema\/person\/d63837fa13ac8666eb9e74e0985d6f81","name":"Luzimara Fernandes","image":{"@type":"ImageObject","inLanguage":"pt-BR","@id":"https:\/\/jornalfatosenoticias.com.br\/#\/schema\/person\/image\/","url":"https:\/\/jornalfatosenoticias.com.br\/wp-content\/uploads\/2025\/05\/EU_portal.jpg","contentUrl":"https:\/\/jornalfatosenoticias.com.br\/wp-content\/uploads\/2025\/05\/EU_portal.jpg","caption":"Luzimara Fernandes"},"description":"Jornalista MTB 2358-ES","sameAs":["https:\/\/jornalfatosenoticias.com.br"],"url":"https:\/\/jornalfatosenoticias.com.br\/index.php\/author\/luzimara\/"}]}},"cc_featured_image_caption":{"caption_text":"(Foto: Debby Hudson\/Unsplash)","source_text":"","source_url":""},"jetpack_featured_media_url":"https:\/\/jornalfatosenoticias.com.br\/wp-content\/uploads\/2021\/01\/ferias-criancas-debby-hudson_unsplash.jpg","_links":{"self":[{"href":"https:\/\/jornalfatosenoticias.com.br\/index.php\/wp-json\/wp\/v2\/posts\/13240","targetHints":{"allow":["GET"]}}],"collection":[{"href":"https:\/\/jornalfatosenoticias.com.br\/index.php\/wp-json\/wp\/v2\/posts"}],"about":[{"href":"https:\/\/jornalfatosenoticias.com.br\/index.php\/wp-json\/wp\/v2\/types\/post"}],"author":[{"embeddable":true,"href":"https:\/\/jornalfatosenoticias.com.br\/index.php\/wp-json\/wp\/v2\/users\/2"}],"replies":[{"embeddable":true,"href":"https:\/\/jornalfatosenoticias.com.br\/index.php\/wp-json\/wp\/v2\/comments?post=13240"}],"version-history":[{"count":0,"href":"https:\/\/jornalfatosenoticias.com.br\/index.php\/wp-json\/wp\/v2\/posts\/13240\/revisions"}],"wp:featuredmedia":[{"embeddable":true,"href":"https:\/\/jornalfatosenoticias.com.br\/index.php\/wp-json\/wp\/v2\/media\/13242"}],"wp:attachment":[{"href":"https:\/\/jornalfatosenoticias.com.br\/index.php\/wp-json\/wp\/v2\/media?parent=13240"}],"wp:term":[{"taxonomy":"category","embeddable":true,"href":"https:\/\/jornalfatosenoticias.com.br\/index.php\/wp-json\/wp\/v2\/categories?post=13240"},{"taxonomy":"post_tag","embeddable":true,"href":"https:\/\/jornalfatosenoticias.com.br\/index.php\/wp-json\/wp\/v2\/tags?post=13240"}],"curies":[{"name":"wp","href":"https:\/\/api.w.org\/{rel}","templated":true}]}}