{"id":1328,"date":"2020-02-21T10:59:45","date_gmt":"2020-02-21T13:59:45","guid":{"rendered":"https:\/\/jornalfatosenoticias.com.br\/?p=1328"},"modified":"2020-02-21T10:59:50","modified_gmt":"2020-02-21T13:59:50","slug":"diversidade-de-arvores-e-reduzida-apos-acao-humana-na-amazonia-dizem-pesquisadores","status":"publish","type":"post","link":"https:\/\/jornalfatosenoticias.com.br\/index.php\/2020\/02\/21\/diversidade-de-arvores-e-reduzida-apos-acao-humana-na-amazonia-dizem-pesquisadores\/","title":{"rendered":"Diversidade de \u00e1rvores \u00e9 reduzida ap\u00f3s a\u00e7\u00e3o humana na Amaz\u00f4nia, dizem pesquisadores"},"content":{"rendered":"\n<h6 class=\"wp-block-heading\"><em>Cientistas de diversas institui\u00e7\u00f5es de pesquisa, como o Museu Goeldi, indicam que o desmatamento e a degrada\u00e7\u00e3o florestal na regi\u00e3o amaz\u00f4nica podem custar mais caro do que se calcula atualmente<\/em><\/h6>\n\n\n\n<p>Nova pesquisa constata que a perturba\u00e7\u00e3o da floresta tropical vai al\u00e9m de perda de esp\u00e9cies e inclui um aumento na propor\u00e7\u00e3o de plantas dispersas por animais, impactando nas fun\u00e7\u00f5es do ecossistema. Os resultados est\u00e3o descritos no artigo \u201cA large-scale assessment of plant dispersal mode and seed traits across human-modified Amazonian forests\u201d, publicado pelo Jornal da Sociedade Brit\u00e2nica de Ecologia, Journal of Ecology. O artigo tem, como primeiro autor, Joseph Hawes, da Anglia Ruskin University, ec\u00f3logo que, \u00e0 \u00e9poca do estudo, cursava p\u00f3s-doutorado no Instituto Nacional de Ci\u00eancia e Tecnologia (INCT) \u2013 Biodiversidade e Uso da Terra na Amaz\u00f4nia, liderado por Ima Vieira, pesquisadora do Museu Paraense Em\u00edlio Goeldi e uma das coautoras.<br>\nO estudo analisou regi\u00f5es na Amaz\u00f4nia brasileira com diferentes n\u00edveis de perturba\u00e7\u00e3o, como \u00e1reas com explora\u00e7\u00e3o madeireira e queimada. Os pesquisadores descobriram que a a\u00e7\u00e3o humana n\u00e3o s\u00f3 reduziu a diversidade geral de \u00e1rvores, como tamb\u00e9m aumentou a propor\u00e7\u00e3o de \u00e1rvores com sementes dispersas pelos animais, em oposi\u00e7\u00e3o a outros mecanismos, como a dispers\u00e3o pelo vento.<br>\nA perturba\u00e7\u00e3o tamb\u00e9m levou a uma mudan\u00e7a significativa em dire\u00e7\u00e3o a esp\u00e9cies de sementes pequenas, com maior probabilidade de serem dispersadas por animais menores, como p\u00e1ssaros e morcegos. N\u00e3o est\u00e1 claro se essas sementes menores podem alimentar animais que consomem frutos grandes e que se especializaram em plantas de sementes grandes.<br>\nOs pesquisadores observaram efeitos semelhantes entre florestas prim\u00e1rias e florestas secund\u00e1rias. As florestas secund\u00e1rias mais antigas tinham plantas funcionalmente semelhantes \u00e0s florestas prim\u00e1rias mais perturbadas.<br>\nJoseph Hawes aponta que \u201cestudos anteriores em florestas tropicais perturbadas mostram que comunidades de plantas s\u00e3o mais propensas a ter esp\u00e9cies com sementes dispersas pelo vento e outros mecanismos abi\u00f3ticos, em vez de animais frug\u00edvoros. Por\u00e9m, nosso estudo constatou que a perturba\u00e7\u00e3o levou a comunidades de \u00e1rvores nas quais uma propor\u00e7\u00e3o maior de esp\u00e9cies e indiv\u00edduos depende da dispers\u00e3o animal\u201d.<br>\nProvavelmente, existem v\u00e1rias raz\u00f5es para essa mudan\u00e7a. Inc\u00eandios florestais e explora\u00e7\u00e3o seletiva afetam desproporcionalmente certas esp\u00e9cies de \u00e1rvores, o que pode influenciar os padr\u00f5es de dispers\u00e3o. A ca\u00e7a tamb\u00e9m pode reduzir a dispers\u00e3o de sementes por grandes p\u00e1ssaros e mam\u00edferos, deixando animais menores dispersarem sementes menores.<br>\n\u201cEssas descobertas significam que a fun\u00e7\u00e3o do ecossistema pode ser fortemente afetada, mesmo que a riqueza de esp\u00e9cies seja mantida pr\u00f3xima dos n\u00edveis pr\u00e9-perturba\u00e7\u00e3o\u201d, conclui Joseph Hawes.<br>\nPara Ima Vieira, o artigo demonstra \u201cque o desmatamento e a degrada\u00e7\u00e3o florestal na regi\u00e3o amaz\u00f4nica podem ter um custo real maior que o custo considerado at\u00e9 agora e entender a funcionalidade ecossist\u00eamica \u00e9 importante para melhorar as pr\u00e1ticas de conserva\u00e7\u00e3o e restaura\u00e7\u00e3o nessa regi\u00e3o. Devido \u00e0 mudan\u00e7a nas caracter\u00edsticas das sementes em rela\u00e7\u00e3o \u00e0s intera\u00e7\u00f5es mutual\u00edsticas com os animais, precisamos considerar a fauna em projetos de restaura\u00e7\u00e3o. No entanto, hoje existe uma abordagem focada na vegeta\u00e7\u00e3o em projetos de restaura\u00e7\u00e3o ecol\u00f3gica. Se queremos um ecossistema restaurado rico em biodiversidade, \u00e9 importante considerar esse aspecto negligenciado em projetos de restaura\u00e7\u00e3o. No Brasil, foram propostas metas ambiciosas de restaura\u00e7\u00e3o: 12 milh\u00f5es de hectares at\u00e9 2030\u201d.<br>\nO cientista Jos Barlow, da Universidade Federal de Lavras, no Brasil, e da Universidade de Lancaster, no Reino Unido, que, durante o estudo, era pesquisador visitante do Museu Goeldi, ressalta que \u201co trabalho foi financiado por uma subven\u00e7\u00e3o do conselho de pesquisa brasileiro a professores visitantes\u201d, diz ele, destacando o valor \u201cdas colabora\u00e7\u00f5es cient\u00edficas de longo prazo para orientar o manejo de florestas na Amaz\u00f4nia\u201d.<\/p>\n\n\n\n<figure class=\"wp-block-image size-large\"><img loading=\"lazy\" decoding=\"async\" width=\"960\" height=\"640\" src=\"https:\/\/jornalfatosenoticias.com.br\/wp-content\/uploads\/2020\/02\/arvore_alterada.jpg\" alt=\"\" class=\"wp-image-1329\" srcset=\"https:\/\/jornalfatosenoticias.com.br\/wp-content\/uploads\/2020\/02\/arvore_alterada.jpg 960w, https:\/\/jornalfatosenoticias.com.br\/wp-content\/uploads\/2020\/02\/arvore_alterada-300x200.jpg 300w, https:\/\/jornalfatosenoticias.com.br\/wp-content\/uploads\/2020\/02\/arvore_alterada-768x512.jpg 768w\" sizes=\"auto, (max-width: 960px) 100vw, 960px\" \/><figcaption><em>\u00c1rvore ca\u00edda (Foto: Divulga\u00e7\u00e3o\/Ipam)<\/em><\/figcaption><\/figure>\n\n\n\n<h2 class=\"wp-block-heading\">Desequil\u00edbrios<\/h2>\n\n\n\n<p>As florestas tropicais s\u00e3o de fundamental import\u00e2ncia para a biodiversidade global, a regula\u00e7\u00e3o do clima e os meios de subsist\u00eancia humanos, mas est\u00e3o cada vez mais amea\u00e7adas pelos impactos da a\u00e7\u00e3o humana. Atualmente, 80% das paisagens de florestas tropicais existem em um estado modificado, como floresta prim\u00e1ria degradada ou floresta secund\u00e1ria em recupera\u00e7\u00e3o.<br>\n\u201cA press\u00e3o da expans\u00e3o agropecu\u00e1ria \u00e9 alta na Amaz\u00f4nia oriental, mas essa press\u00e3o n\u00e3o \u00e9 uniforme e algumas \u00e1reas s\u00e3o mais afetadas do que outras. Este tamb\u00e9m \u00e9 o caso de press\u00f5es como as de planta\u00e7\u00f5es de \u00e1rvores, extra\u00e7\u00e3o seletiva de madeira e inc\u00eandios\u201d, pondera Hawes.<br>\nOs tra\u00e7os funcionais das esp\u00e9cies s\u00e3o componentes importantes de um ecossistema e podem apoiar processos ecol\u00f3gicos estrat\u00e9gicos, mesmo quando a riqueza de esp\u00e9cies \u00e9 reduzida. Em compara\u00e7\u00e3o com outras caracter\u00edsticas das plantas, como \u00e1rea foliar e densidade da madeira, as caracter\u00edsticas reprodutivas s\u00e3o relativamente pouco estudadas, apesar de sua relev\u00e2ncia nas rela\u00e7\u00f5es mutualistas e o papel no recrutamento de novas \u00e1rvores.<br>\nNeste estudo, os pesquisadores analisaram 230 parcelas florestais em duas regi\u00f5es da Amaz\u00f4nia Oriental Brasileira. As parcelas cobriram um gradiente florestal desde floresta prim\u00e1ria sem perturba\u00e7\u00f5es at\u00e9 florestas queimadas ou exploradas ou ainda queimadas e exploradas. No total, foram registradas 26.533 \u00e1rvores vivas de 846 esp\u00e9cies arb\u00f3reas.<br>\nA partir de elementos fornecidos por herb\u00e1rios e pela literatura especializada, os cientistas compilaram informa\u00e7\u00f5es sobre o n\u00famero de frutos e caracter\u00edsticas das sementes, como tamanho, tipo, forma e m\u00e9todo de dispers\u00e3o para cada esp\u00e9cie. Os pesquisadores n\u00e3o consideraram outros fatores que podem influenciar o recrutamento de uma planta bem-sucedida. Isso foi limitado por uma escassez de informa\u00e7\u00f5es sobre o que constitui a dispers\u00e3o eficaz de sementes por diferentes esp\u00e9cies animais.<br>\nA expectativa \u00e9 dar continuidade ao estudo. \u201cUma das pr\u00f3ximas etapas para entender os impactos ecol\u00f3gicos a longo prazo dos dist\u00farbios humanos nas florestas tropicais \u00e9 criar um banco de dados abrangente para as caracter\u00edsticas das plantas, incluindo medidas como o tamanho das sementes que foram inclu\u00eddas em nosso estudo. Contribu\u00edmos com nossos dados para o banco de informa\u00e7\u00f5es chamado TRY \u2013 Plant Trait Database, um esfor\u00e7o de pesquisa global para compilar e fornecer acesso livre e aberto aos dados de caracter\u00edsticas da planta\u201d, indica Hawes.  <\/p>\n\n\n\n<blockquote class=\"wp-block-quote is-layout-flow wp-block-quote-is-layout-flow\"><p><\/p><cite>A press\u00e3o da expans\u00e3o agropecu\u00e1ria \u00e9 alta na Amaz\u00f4nia oriental, mas essa press\u00e3o n\u00e3o \u00e9 uniforme e algumas \u00e1reas s\u00e3o mais afetadas do que outras. Este tamb\u00e9m \u00e9 o caso de press\u00f5es como as de planta\u00e7\u00f5es de \u00e1rvores, extra\u00e7\u00e3o seletiva de madeira e inc\u00eandios\u201d<\/cite><\/blockquote>\n\n\n\n<p><strong><em>Fonte: Portal Amaz\u00f4nia<\/em><\/strong><\/p>\n","protected":false},"excerpt":{"rendered":"<p>Cientistas de diversas institui\u00e7\u00f5es de pesquisa, como o Museu Goeldi, indicam que o desmatamento e a degrada\u00e7\u00e3o florestal na regi\u00e3o amaz\u00f4nica podem custar mais caro do que se calcula atualmente Nova pesquisa constata que a perturba\u00e7\u00e3o da floresta tropical vai al\u00e9m de perda de esp\u00e9cies e inclui um aumento na propor\u00e7\u00e3o de plantas dispersas por [&hellip;]<\/p>\n","protected":false},"author":2,"featured_media":1330,"comment_status":"open","ping_status":"open","sticky":false,"template":"","format":"standard","meta":{"footnotes":""},"categories":[2],"tags":[],"class_list":["post-1328","post","type-post","status-publish","format-standard","has-post-thumbnail","hentry","category-ciencia"],"yoast_head":"<!-- This site is optimized with the Yoast SEO plugin v26.5 - https:\/\/yoast.com\/wordpress\/plugins\/seo\/ -->\n<title>Diversidade de \u00e1rvores \u00e9 reduzida ap\u00f3s a\u00e7\u00e3o humana na Amaz\u00f4nia, dizem pesquisadores - Jornal Fatos e Not\u00edcias<\/title>\n<meta name=\"robots\" content=\"index, follow, max-snippet:-1, max-image-preview:large, max-video-preview:-1\" \/>\n<link rel=\"canonical\" href=\"https:\/\/jornalfatosenoticias.com.br\/index.php\/2020\/02\/21\/diversidade-de-arvores-e-reduzida-apos-acao-humana-na-amazonia-dizem-pesquisadores\/\" \/>\n<meta property=\"og:locale\" content=\"pt_BR\" \/>\n<meta property=\"og:type\" content=\"article\" \/>\n<meta property=\"og:title\" content=\"Diversidade de \u00e1rvores \u00e9 reduzida ap\u00f3s a\u00e7\u00e3o humana na Amaz\u00f4nia, dizem pesquisadores - Jornal Fatos e Not\u00edcias\" \/>\n<meta property=\"og:description\" content=\"Cientistas de diversas institui\u00e7\u00f5es de pesquisa, como o Museu Goeldi, indicam que o desmatamento e a degrada\u00e7\u00e3o florestal na regi\u00e3o amaz\u00f4nica podem custar mais caro do que se calcula atualmente Nova pesquisa constata que a perturba\u00e7\u00e3o da floresta tropical vai al\u00e9m de perda de esp\u00e9cies e inclui um aumento na propor\u00e7\u00e3o de plantas dispersas por [&hellip;]\" \/>\n<meta property=\"og:url\" content=\"https:\/\/jornalfatosenoticias.com.br\/index.php\/2020\/02\/21\/diversidade-de-arvores-e-reduzida-apos-acao-humana-na-amazonia-dizem-pesquisadores\/\" \/>\n<meta property=\"og:site_name\" content=\"Jornal Fatos e Not\u00edcias\" \/>\n<meta property=\"article:published_time\" content=\"2020-02-21T13:59:45+00:00\" \/>\n<meta property=\"article:modified_time\" content=\"2020-02-21T13:59:50+00:00\" \/>\n<meta property=\"og:image\" content=\"https:\/\/jornalfatosenoticias.com.br\/wp-content\/uploads\/2020\/02\/sementes_amazonicas.jpg\" \/>\n\t<meta property=\"og:image:width\" content=\"960\" \/>\n\t<meta property=\"og:image:height\" content=\"640\" \/>\n\t<meta property=\"og:image:type\" content=\"image\/jpeg\" \/>\n<meta name=\"author\" content=\"Luzimara Fernandes\" \/>\n<meta name=\"twitter:card\" content=\"summary_large_image\" \/>\n<meta name=\"twitter:label1\" content=\"Escrito por\" \/>\n\t<meta name=\"twitter:data1\" content=\"Luzimara Fernandes\" \/>\n\t<meta name=\"twitter:label2\" content=\"Est. tempo de leitura\" \/>\n\t<meta name=\"twitter:data2\" content=\"6 minutos\" \/>\n<script type=\"application\/ld+json\" class=\"yoast-schema-graph\">{\"@context\":\"https:\/\/schema.org\",\"@graph\":[{\"@type\":\"Article\",\"@id\":\"https:\/\/jornalfatosenoticias.com.br\/index.php\/2020\/02\/21\/diversidade-de-arvores-e-reduzida-apos-acao-humana-na-amazonia-dizem-pesquisadores\/#article\",\"isPartOf\":{\"@id\":\"https:\/\/jornalfatosenoticias.com.br\/index.php\/2020\/02\/21\/diversidade-de-arvores-e-reduzida-apos-acao-humana-na-amazonia-dizem-pesquisadores\/\"},\"author\":{\"name\":\"Luzimara Fernandes\",\"@id\":\"https:\/\/jornalfatosenoticias.com.br\/#\/schema\/person\/d63837fa13ac8666eb9e74e0985d6f81\"},\"headline\":\"Diversidade de \u00e1rvores \u00e9 reduzida ap\u00f3s a\u00e7\u00e3o humana na Amaz\u00f4nia, dizem pesquisadores\",\"datePublished\":\"2020-02-21T13:59:45+00:00\",\"dateModified\":\"2020-02-21T13:59:50+00:00\",\"mainEntityOfPage\":{\"@id\":\"https:\/\/jornalfatosenoticias.com.br\/index.php\/2020\/02\/21\/diversidade-de-arvores-e-reduzida-apos-acao-humana-na-amazonia-dizem-pesquisadores\/\"},\"wordCount\":1163,\"commentCount\":0,\"publisher\":{\"@id\":\"https:\/\/jornalfatosenoticias.com.br\/#organization\"},\"image\":{\"@id\":\"https:\/\/jornalfatosenoticias.com.br\/index.php\/2020\/02\/21\/diversidade-de-arvores-e-reduzida-apos-acao-humana-na-amazonia-dizem-pesquisadores\/#primaryimage\"},\"thumbnailUrl\":\"https:\/\/jornalfatosenoticias.com.br\/wp-content\/uploads\/2020\/02\/sementes_amazonicas.jpg\",\"articleSection\":[\"Ci\u00eancia\"],\"inLanguage\":\"pt-BR\",\"potentialAction\":[{\"@type\":\"CommentAction\",\"name\":\"Comment\",\"target\":[\"https:\/\/jornalfatosenoticias.com.br\/index.php\/2020\/02\/21\/diversidade-de-arvores-e-reduzida-apos-acao-humana-na-amazonia-dizem-pesquisadores\/#respond\"]}]},{\"@type\":\"WebPage\",\"@id\":\"https:\/\/jornalfatosenoticias.com.br\/index.php\/2020\/02\/21\/diversidade-de-arvores-e-reduzida-apos-acao-humana-na-amazonia-dizem-pesquisadores\/\",\"url\":\"https:\/\/jornalfatosenoticias.com.br\/index.php\/2020\/02\/21\/diversidade-de-arvores-e-reduzida-apos-acao-humana-na-amazonia-dizem-pesquisadores\/\",\"name\":\"Diversidade de \u00e1rvores \u00e9 reduzida ap\u00f3s a\u00e7\u00e3o humana na Amaz\u00f4nia, dizem pesquisadores - Jornal Fatos e Not\u00edcias\",\"isPartOf\":{\"@id\":\"https:\/\/jornalfatosenoticias.com.br\/#website\"},\"primaryImageOfPage\":{\"@id\":\"https:\/\/jornalfatosenoticias.com.br\/index.php\/2020\/02\/21\/diversidade-de-arvores-e-reduzida-apos-acao-humana-na-amazonia-dizem-pesquisadores\/#primaryimage\"},\"image\":{\"@id\":\"https:\/\/jornalfatosenoticias.com.br\/index.php\/2020\/02\/21\/diversidade-de-arvores-e-reduzida-apos-acao-humana-na-amazonia-dizem-pesquisadores\/#primaryimage\"},\"thumbnailUrl\":\"https:\/\/jornalfatosenoticias.com.br\/wp-content\/uploads\/2020\/02\/sementes_amazonicas.jpg\",\"datePublished\":\"2020-02-21T13:59:45+00:00\",\"dateModified\":\"2020-02-21T13:59:50+00:00\",\"breadcrumb\":{\"@id\":\"https:\/\/jornalfatosenoticias.com.br\/index.php\/2020\/02\/21\/diversidade-de-arvores-e-reduzida-apos-acao-humana-na-amazonia-dizem-pesquisadores\/#breadcrumb\"},\"inLanguage\":\"pt-BR\",\"potentialAction\":[{\"@type\":\"ReadAction\",\"target\":[\"https:\/\/jornalfatosenoticias.com.br\/index.php\/2020\/02\/21\/diversidade-de-arvores-e-reduzida-apos-acao-humana-na-amazonia-dizem-pesquisadores\/\"]}]},{\"@type\":\"ImageObject\",\"inLanguage\":\"pt-BR\",\"@id\":\"https:\/\/jornalfatosenoticias.com.br\/index.php\/2020\/02\/21\/diversidade-de-arvores-e-reduzida-apos-acao-humana-na-amazonia-dizem-pesquisadores\/#primaryimage\",\"url\":\"https:\/\/jornalfatosenoticias.com.br\/wp-content\/uploads\/2020\/02\/sementes_amazonicas.jpg\",\"contentUrl\":\"https:\/\/jornalfatosenoticias.com.br\/wp-content\/uploads\/2020\/02\/sementes_amazonicas.jpg\",\"width\":960,\"height\":640},{\"@type\":\"BreadcrumbList\",\"@id\":\"https:\/\/jornalfatosenoticias.com.br\/index.php\/2020\/02\/21\/diversidade-de-arvores-e-reduzida-apos-acao-humana-na-amazonia-dizem-pesquisadores\/#breadcrumb\",\"itemListElement\":[{\"@type\":\"ListItem\",\"position\":1,\"name\":\"In\u00edcio\",\"item\":\"https:\/\/jornalfatosenoticias.com.br\/\"},{\"@type\":\"ListItem\",\"position\":2,\"name\":\"Diversidade de \u00e1rvores \u00e9 reduzida ap\u00f3s a\u00e7\u00e3o humana na Amaz\u00f4nia, dizem pesquisadores\"}]},{\"@type\":\"WebSite\",\"@id\":\"https:\/\/jornalfatosenoticias.com.br\/#website\",\"url\":\"https:\/\/jornalfatosenoticias.com.br\/\",\"name\":\"Jornal Fatos e Not\u00edcias\",\"description\":\"Not\u00edcias em geral\",\"publisher\":{\"@id\":\"https:\/\/jornalfatosenoticias.com.br\/#organization\"},\"potentialAction\":[{\"@type\":\"SearchAction\",\"target\":{\"@type\":\"EntryPoint\",\"urlTemplate\":\"https:\/\/jornalfatosenoticias.com.br\/?s={search_term_string}\"},\"query-input\":{\"@type\":\"PropertyValueSpecification\",\"valueRequired\":true,\"valueName\":\"search_term_string\"}}],\"inLanguage\":\"pt-BR\"},{\"@type\":\"Organization\",\"@id\":\"https:\/\/jornalfatosenoticias.com.br\/#organization\",\"name\":\"Jornal Fatos e Not\u00edcias\",\"url\":\"https:\/\/jornalfatosenoticias.com.br\/\",\"logo\":{\"@type\":\"ImageObject\",\"inLanguage\":\"pt-BR\",\"@id\":\"https:\/\/jornalfatosenoticias.com.br\/#\/schema\/logo\/image\/\",\"url\":\"https:\/\/jornalfatosenoticias.com.br\/wp-content\/uploads\/2020\/02\/logo120.png\",\"contentUrl\":\"https:\/\/jornalfatosenoticias.com.br\/wp-content\/uploads\/2020\/02\/logo120.png\",\"width\":1227,\"height\":120,\"caption\":\"Jornal Fatos e Not\u00edcias\"},\"image\":{\"@id\":\"https:\/\/jornalfatosenoticias.com.br\/#\/schema\/logo\/image\/\"}},{\"@type\":\"Person\",\"@id\":\"https:\/\/jornalfatosenoticias.com.br\/#\/schema\/person\/d63837fa13ac8666eb9e74e0985d6f81\",\"name\":\"Luzimara Fernandes\",\"image\":{\"@type\":\"ImageObject\",\"inLanguage\":\"pt-BR\",\"@id\":\"https:\/\/jornalfatosenoticias.com.br\/#\/schema\/person\/image\/\",\"url\":\"https:\/\/jornalfatosenoticias.com.br\/wp-content\/uploads\/2025\/05\/EU_portal.jpg\",\"contentUrl\":\"https:\/\/jornalfatosenoticias.com.br\/wp-content\/uploads\/2025\/05\/EU_portal.jpg\",\"caption\":\"Luzimara Fernandes\"},\"description\":\"Jornalista MTB 2358-ES\",\"sameAs\":[\"https:\/\/jornalfatosenoticias.com.br\"],\"url\":\"https:\/\/jornalfatosenoticias.com.br\/index.php\/author\/luzimara\/\"}]}<\/script>\n<!-- \/ Yoast SEO plugin. -->","yoast_head_json":{"title":"Diversidade de \u00e1rvores \u00e9 reduzida ap\u00f3s a\u00e7\u00e3o humana na Amaz\u00f4nia, dizem pesquisadores - Jornal Fatos e Not\u00edcias","robots":{"index":"index","follow":"follow","max-snippet":"max-snippet:-1","max-image-preview":"max-image-preview:large","max-video-preview":"max-video-preview:-1"},"canonical":"https:\/\/jornalfatosenoticias.com.br\/index.php\/2020\/02\/21\/diversidade-de-arvores-e-reduzida-apos-acao-humana-na-amazonia-dizem-pesquisadores\/","og_locale":"pt_BR","og_type":"article","og_title":"Diversidade de \u00e1rvores \u00e9 reduzida ap\u00f3s a\u00e7\u00e3o humana na Amaz\u00f4nia, dizem pesquisadores - Jornal Fatos e Not\u00edcias","og_description":"Cientistas de diversas institui\u00e7\u00f5es de pesquisa, como o Museu Goeldi, indicam que o desmatamento e a degrada\u00e7\u00e3o florestal na regi\u00e3o amaz\u00f4nica podem custar mais caro do que se calcula atualmente Nova pesquisa constata que a perturba\u00e7\u00e3o da floresta tropical vai al\u00e9m de perda de esp\u00e9cies e inclui um aumento na propor\u00e7\u00e3o de plantas dispersas por [&hellip;]","og_url":"https:\/\/jornalfatosenoticias.com.br\/index.php\/2020\/02\/21\/diversidade-de-arvores-e-reduzida-apos-acao-humana-na-amazonia-dizem-pesquisadores\/","og_site_name":"Jornal Fatos e Not\u00edcias","article_published_time":"2020-02-21T13:59:45+00:00","article_modified_time":"2020-02-21T13:59:50+00:00","og_image":[{"width":960,"height":640,"url":"https:\/\/jornalfatosenoticias.com.br\/wp-content\/uploads\/2020\/02\/sementes_amazonicas.jpg","type":"image\/jpeg"}],"author":"Luzimara Fernandes","twitter_card":"summary_large_image","twitter_misc":{"Escrito por":"Luzimara Fernandes","Est. tempo de leitura":"6 minutos"},"schema":{"@context":"https:\/\/schema.org","@graph":[{"@type":"Article","@id":"https:\/\/jornalfatosenoticias.com.br\/index.php\/2020\/02\/21\/diversidade-de-arvores-e-reduzida-apos-acao-humana-na-amazonia-dizem-pesquisadores\/#article","isPartOf":{"@id":"https:\/\/jornalfatosenoticias.com.br\/index.php\/2020\/02\/21\/diversidade-de-arvores-e-reduzida-apos-acao-humana-na-amazonia-dizem-pesquisadores\/"},"author":{"name":"Luzimara Fernandes","@id":"https:\/\/jornalfatosenoticias.com.br\/#\/schema\/person\/d63837fa13ac8666eb9e74e0985d6f81"},"headline":"Diversidade de \u00e1rvores \u00e9 reduzida ap\u00f3s a\u00e7\u00e3o humana na Amaz\u00f4nia, dizem pesquisadores","datePublished":"2020-02-21T13:59:45+00:00","dateModified":"2020-02-21T13:59:50+00:00","mainEntityOfPage":{"@id":"https:\/\/jornalfatosenoticias.com.br\/index.php\/2020\/02\/21\/diversidade-de-arvores-e-reduzida-apos-acao-humana-na-amazonia-dizem-pesquisadores\/"},"wordCount":1163,"commentCount":0,"publisher":{"@id":"https:\/\/jornalfatosenoticias.com.br\/#organization"},"image":{"@id":"https:\/\/jornalfatosenoticias.com.br\/index.php\/2020\/02\/21\/diversidade-de-arvores-e-reduzida-apos-acao-humana-na-amazonia-dizem-pesquisadores\/#primaryimage"},"thumbnailUrl":"https:\/\/jornalfatosenoticias.com.br\/wp-content\/uploads\/2020\/02\/sementes_amazonicas.jpg","articleSection":["Ci\u00eancia"],"inLanguage":"pt-BR","potentialAction":[{"@type":"CommentAction","name":"Comment","target":["https:\/\/jornalfatosenoticias.com.br\/index.php\/2020\/02\/21\/diversidade-de-arvores-e-reduzida-apos-acao-humana-na-amazonia-dizem-pesquisadores\/#respond"]}]},{"@type":"WebPage","@id":"https:\/\/jornalfatosenoticias.com.br\/index.php\/2020\/02\/21\/diversidade-de-arvores-e-reduzida-apos-acao-humana-na-amazonia-dizem-pesquisadores\/","url":"https:\/\/jornalfatosenoticias.com.br\/index.php\/2020\/02\/21\/diversidade-de-arvores-e-reduzida-apos-acao-humana-na-amazonia-dizem-pesquisadores\/","name":"Diversidade de \u00e1rvores \u00e9 reduzida ap\u00f3s a\u00e7\u00e3o humana na Amaz\u00f4nia, dizem pesquisadores - Jornal Fatos e Not\u00edcias","isPartOf":{"@id":"https:\/\/jornalfatosenoticias.com.br\/#website"},"primaryImageOfPage":{"@id":"https:\/\/jornalfatosenoticias.com.br\/index.php\/2020\/02\/21\/diversidade-de-arvores-e-reduzida-apos-acao-humana-na-amazonia-dizem-pesquisadores\/#primaryimage"},"image":{"@id":"https:\/\/jornalfatosenoticias.com.br\/index.php\/2020\/02\/21\/diversidade-de-arvores-e-reduzida-apos-acao-humana-na-amazonia-dizem-pesquisadores\/#primaryimage"},"thumbnailUrl":"https:\/\/jornalfatosenoticias.com.br\/wp-content\/uploads\/2020\/02\/sementes_amazonicas.jpg","datePublished":"2020-02-21T13:59:45+00:00","dateModified":"2020-02-21T13:59:50+00:00","breadcrumb":{"@id":"https:\/\/jornalfatosenoticias.com.br\/index.php\/2020\/02\/21\/diversidade-de-arvores-e-reduzida-apos-acao-humana-na-amazonia-dizem-pesquisadores\/#breadcrumb"},"inLanguage":"pt-BR","potentialAction":[{"@type":"ReadAction","target":["https:\/\/jornalfatosenoticias.com.br\/index.php\/2020\/02\/21\/diversidade-de-arvores-e-reduzida-apos-acao-humana-na-amazonia-dizem-pesquisadores\/"]}]},{"@type":"ImageObject","inLanguage":"pt-BR","@id":"https:\/\/jornalfatosenoticias.com.br\/index.php\/2020\/02\/21\/diversidade-de-arvores-e-reduzida-apos-acao-humana-na-amazonia-dizem-pesquisadores\/#primaryimage","url":"https:\/\/jornalfatosenoticias.com.br\/wp-content\/uploads\/2020\/02\/sementes_amazonicas.jpg","contentUrl":"https:\/\/jornalfatosenoticias.com.br\/wp-content\/uploads\/2020\/02\/sementes_amazonicas.jpg","width":960,"height":640},{"@type":"BreadcrumbList","@id":"https:\/\/jornalfatosenoticias.com.br\/index.php\/2020\/02\/21\/diversidade-de-arvores-e-reduzida-apos-acao-humana-na-amazonia-dizem-pesquisadores\/#breadcrumb","itemListElement":[{"@type":"ListItem","position":1,"name":"In\u00edcio","item":"https:\/\/jornalfatosenoticias.com.br\/"},{"@type":"ListItem","position":2,"name":"Diversidade de \u00e1rvores \u00e9 reduzida ap\u00f3s a\u00e7\u00e3o humana na Amaz\u00f4nia, dizem pesquisadores"}]},{"@type":"WebSite","@id":"https:\/\/jornalfatosenoticias.com.br\/#website","url":"https:\/\/jornalfatosenoticias.com.br\/","name":"Jornal Fatos e Not\u00edcias","description":"Not\u00edcias em geral","publisher":{"@id":"https:\/\/jornalfatosenoticias.com.br\/#organization"},"potentialAction":[{"@type":"SearchAction","target":{"@type":"EntryPoint","urlTemplate":"https:\/\/jornalfatosenoticias.com.br\/?s={search_term_string}"},"query-input":{"@type":"PropertyValueSpecification","valueRequired":true,"valueName":"search_term_string"}}],"inLanguage":"pt-BR"},{"@type":"Organization","@id":"https:\/\/jornalfatosenoticias.com.br\/#organization","name":"Jornal Fatos e Not\u00edcias","url":"https:\/\/jornalfatosenoticias.com.br\/","logo":{"@type":"ImageObject","inLanguage":"pt-BR","@id":"https:\/\/jornalfatosenoticias.com.br\/#\/schema\/logo\/image\/","url":"https:\/\/jornalfatosenoticias.com.br\/wp-content\/uploads\/2020\/02\/logo120.png","contentUrl":"https:\/\/jornalfatosenoticias.com.br\/wp-content\/uploads\/2020\/02\/logo120.png","width":1227,"height":120,"caption":"Jornal Fatos e Not\u00edcias"},"image":{"@id":"https:\/\/jornalfatosenoticias.com.br\/#\/schema\/logo\/image\/"}},{"@type":"Person","@id":"https:\/\/jornalfatosenoticias.com.br\/#\/schema\/person\/d63837fa13ac8666eb9e74e0985d6f81","name":"Luzimara Fernandes","image":{"@type":"ImageObject","inLanguage":"pt-BR","@id":"https:\/\/jornalfatosenoticias.com.br\/#\/schema\/person\/image\/","url":"https:\/\/jornalfatosenoticias.com.br\/wp-content\/uploads\/2025\/05\/EU_portal.jpg","contentUrl":"https:\/\/jornalfatosenoticias.com.br\/wp-content\/uploads\/2025\/05\/EU_portal.jpg","caption":"Luzimara Fernandes"},"description":"Jornalista MTB 2358-ES","sameAs":["https:\/\/jornalfatosenoticias.com.br"],"url":"https:\/\/jornalfatosenoticias.com.br\/index.php\/author\/luzimara\/"}]}},"cc_featured_image_caption":{"caption_text":"","source_text":"","source_url":""},"jetpack_featured_media_url":"https:\/\/jornalfatosenoticias.com.br\/wp-content\/uploads\/2020\/02\/sementes_amazonicas.jpg","_links":{"self":[{"href":"https:\/\/jornalfatosenoticias.com.br\/index.php\/wp-json\/wp\/v2\/posts\/1328","targetHints":{"allow":["GET"]}}],"collection":[{"href":"https:\/\/jornalfatosenoticias.com.br\/index.php\/wp-json\/wp\/v2\/posts"}],"about":[{"href":"https:\/\/jornalfatosenoticias.com.br\/index.php\/wp-json\/wp\/v2\/types\/post"}],"author":[{"embeddable":true,"href":"https:\/\/jornalfatosenoticias.com.br\/index.php\/wp-json\/wp\/v2\/users\/2"}],"replies":[{"embeddable":true,"href":"https:\/\/jornalfatosenoticias.com.br\/index.php\/wp-json\/wp\/v2\/comments?post=1328"}],"version-history":[{"count":0,"href":"https:\/\/jornalfatosenoticias.com.br\/index.php\/wp-json\/wp\/v2\/posts\/1328\/revisions"}],"wp:featuredmedia":[{"embeddable":true,"href":"https:\/\/jornalfatosenoticias.com.br\/index.php\/wp-json\/wp\/v2\/media\/1330"}],"wp:attachment":[{"href":"https:\/\/jornalfatosenoticias.com.br\/index.php\/wp-json\/wp\/v2\/media?parent=1328"}],"wp:term":[{"taxonomy":"category","embeddable":true,"href":"https:\/\/jornalfatosenoticias.com.br\/index.php\/wp-json\/wp\/v2\/categories?post=1328"},{"taxonomy":"post_tag","embeddable":true,"href":"https:\/\/jornalfatosenoticias.com.br\/index.php\/wp-json\/wp\/v2\/tags?post=1328"}],"curies":[{"name":"wp","href":"https:\/\/api.w.org\/{rel}","templated":true}]}}