{"id":13307,"date":"2021-01-12T16:56:08","date_gmt":"2021-01-12T19:56:08","guid":{"rendered":"https:\/\/jornalfatosenoticias.com.br\/?p=13307"},"modified":"2021-01-12T16:56:14","modified_gmt":"2021-01-12T19:56:14","slug":"torneios-de-volei-de-praia-agitaram-o-espaco-10-no-final-de-semana","status":"publish","type":"post","link":"https:\/\/jornalfatosenoticias.com.br\/index.php\/2021\/01\/12\/torneios-de-volei-de-praia-agitaram-o-espaco-10-no-final-de-semana\/","title":{"rendered":"Torneios de v\u00f4lei de praia agitaram o Espa\u00e7o 10 no final de semana"},"content":{"rendered":"\n<p>Aconteceu, no \u00faltimo final de semana, no Espa\u00e7o 10, em Jacara\u00edpe, o 9\u00ba Torneio Feminino de V\u00f4lei de Praia e o 1\u00ba Torneio Masculino Rei da Praia. O evento recebeu atletas de v\u00e1rios lugares do Estado. Para a organizadora do torneio, Penha Caetano de Albuquerque, este ano foi um pouco mais dif\u00edcil em fun\u00e7\u00e3o do momento de pandemia que vivemos. \u201cDeu mais trabalho para trazermos patrocinadores, mesmo porque, sem eles, o evento ficaria comprometido. O torneio contou com atletas de toda a Grande Vit\u00f3ria e de outros estados tamb\u00e9m e como \u00e9 categoria master, tivemos atletas de n\u00edvel profissional, j\u00e1 que todas elas fazem o circuito brasileiro\u201d, disse.<br>Penha tamb\u00e9m agradeceu todo o apoio recebido. \u201cDo fundo do meu cora\u00e7\u00e3o, quero registrar meus agradecimentos, pelo apoio que recebi, aos amigos, \u00e0 Prefeitura da Serra (PMS) e aos patrocinadores Havaianas a melhor sand\u00e1lia, Bremenkamp Material de Constru\u00e7\u00e3o e Madeiras, Restaurante Berro D\u2019\u00e1gua, Cravos da \u00cdndia-Roupas, Loop Bag \u2014 mochilas e bolsas, Emp\u00f3rio 520 \u2014 Roupas e Acess\u00f3rios, Rei da Borracha, Est\u00fadio Josiane Saramelo, Carcar\u00e1 Artesanatos, Est\u00fadio Patr\u00edcia Rodrigues \u2014 Est\u00e9tica, Conex\u00e3o Jacara\u00edpe, Atelier do Croch\u00ea, Dias produ\u00e7\u00f5es, ALPER E ABTS\/ES, Boutique de flores frescas e Serra Grande Hotel e Churrascaria, sem eles n\u00e3o seria poss\u00edvel fazer nada disso\u201d, enalteceu.<\/p>\n\n\n\n<div class=\"wp-block-jetpack-slideshow aligncenter\" data-effect=\"slide\"><div class=\"wp-block-jetpack-slideshow_container swiper-container\"><ul class=\"wp-block-jetpack-slideshow_swiper-wrapper swiper-wrapper\"><li class=\"wp-block-jetpack-slideshow_slide swiper-slide\"><figure><img loading=\"lazy\" decoding=\"async\" width=\"1000\" height=\"562\" alt=\"\" class=\"wp-block-jetpack-slideshow_image wp-image-13308\" data-id=\"13308\" src=\"https:\/\/jornalfatosenoticias.com.br\/wp-content\/uploads\/2021\/01\/Espaco-10-396.jpg\" srcset=\"https:\/\/jornalfatosenoticias.com.br\/wp-content\/uploads\/2021\/01\/Espaco-10-396.jpg 1000w, https:\/\/jornalfatosenoticias.com.br\/wp-content\/uploads\/2021\/01\/Espaco-10-396-300x169.jpg 300w, https:\/\/jornalfatosenoticias.com.br\/wp-content\/uploads\/2021\/01\/Espaco-10-396-768x432.jpg 768w\" sizes=\"auto, (max-width: 1000px) 100vw, 1000px\" \/><figcaption class=\"wp-block-jetpack-slideshow_caption gallery-caption\">defaultImagem a\u00e9rea do Espa\u00e7o 10 (Foto: Eduardo Pelegrine Drone)<\/figcaption><\/figure><\/li><li class=\"wp-block-jetpack-slideshow_slide swiper-slide\"><figure><img loading=\"lazy\" decoding=\"async\" width=\"1000\" height=\"605\" alt=\"\" class=\"wp-block-jetpack-slideshow_image wp-image-13309\" data-id=\"13309\" src=\"https:\/\/jornalfatosenoticias.com.br\/wp-content\/uploads\/2021\/01\/Joao-Luiz-396.jpg\" srcset=\"https:\/\/jornalfatosenoticias.com.br\/wp-content\/uploads\/2021\/01\/Joao-Luiz-396.jpg 1000w, https:\/\/jornalfatosenoticias.com.br\/wp-content\/uploads\/2021\/01\/Joao-Luiz-396-300x182.jpg 300w, https:\/\/jornalfatosenoticias.com.br\/wp-content\/uploads\/2021\/01\/Joao-Luiz-396-768x465.jpg 768w\" sizes=\"auto, (max-width: 1000px) 100vw, 1000px\" \/><figcaption class=\"wp-block-jetpack-slideshow_caption gallery-caption\">Jo\u00e3o Luiz (Foto: Penha Albuquerque) <\/figcaption><\/figure><\/li><li class=\"wp-block-jetpack-slideshow_slide swiper-slide\"><figure><img loading=\"lazy\" decoding=\"async\" width=\"1000\" height=\"613\" alt=\"\" class=\"wp-block-jetpack-slideshow_image wp-image-13310\" data-id=\"13310\" src=\"https:\/\/jornalfatosenoticias.com.br\/wp-content\/uploads\/2021\/01\/PENHA_SIMONI.jpg\" srcset=\"https:\/\/jornalfatosenoticias.com.br\/wp-content\/uploads\/2021\/01\/PENHA_SIMONI.jpg 1000w, https:\/\/jornalfatosenoticias.com.br\/wp-content\/uploads\/2021\/01\/PENHA_SIMONI-300x184.jpg 300w, https:\/\/jornalfatosenoticias.com.br\/wp-content\/uploads\/2021\/01\/PENHA_SIMONI-768x471.jpg 768w\" sizes=\"auto, (max-width: 1000px) 100vw, 1000px\" \/><figcaption class=\"wp-block-jetpack-slideshow_caption gallery-caption\">Simoni Steiner e Penha Albuquerque (Foto: Haroldo Cordeiro Filho) <\/figcaption><\/figure><\/li><\/ul><a class=\"wp-block-jetpack-slideshow_button-prev swiper-button-prev swiper-button-white\" role=\"button\"><\/a><a class=\"wp-block-jetpack-slideshow_button-next swiper-button-next swiper-button-white\" role=\"button\"><\/a><a aria-label=\"Pause Slideshow\" class=\"wp-block-jetpack-slideshow_button-pause\" role=\"button\"><\/a><div class=\"wp-block-jetpack-slideshow_pagination swiper-pagination swiper-pagination-white\"><\/div><\/div><\/div>\n\n\n\n<p>Outra figura que n\u00e3o poderia deixar de ser citada \u00e9 o cara que deu todo apoio ao evento, Jo\u00e3o Luiz: idealizador do Espa\u00e7o 10 onde, segundo ele, h\u00e1 15 anos era um ponto viciado de lixo. \u201cPessoas vinham de outros bairros jogar lixo aqui\u2026 todo esse espa\u00e7o era um grande dep\u00f3sito de lixo, mas, aos poucos, fomos conscientizando as pessoas de que a \u00e1rea podia se tornar uma pra\u00e7a esportiva, e aconteceu! A gente vem nessa pegada h\u00e1 um bom tempo e, agora, cada dia que passa, vai se estruturando mais. T\u00ednhamos apenas uma quadra e, hoje, temos cinco, as coisas est\u00e3o acontecendo. O Espa\u00e7o 10 recebe pessoas de outros estados durante todo o ano, vem gente de Bras\u00edlia, do Rio de Janeiro, de S\u00e3o Paulo, de Minas Gerais e de outros munic\u00edpios capixabas. Estou sempre \u00e0 disposi\u00e7\u00e3o dos frequentadores, gosto do que fa\u00e7o e, com certeza, com essa nova gest\u00e3o, o Espa\u00e7o 10 ser\u00e1 mais assistido pelo poder p\u00fablico municipal. N\u00e3o precisamos de concreto na \u00e1rea, apenas limpeza, ilumina\u00e7\u00e3o, uma vez ou outra uma m\u00e1quina para nivelar o terreno e eucalipto, para fazer uma coisa r\u00fastica, que \u00e9 o que as pessoas gostam\u201d, explicou Jo\u00e3o Luiz.<br>Simoni Stainer, que j\u00e1 atuou como profissional na modalidade, parabenizou a organiza\u00e7\u00e3o e disse que a cada ano tem crescido o n\u00famero de atletas de n\u00edvel t\u00e9cnico e que \u00e9 preciso um olhar mais apurado do poder p\u00fablico no incentivo ao esporte. \u201cAntes eram atletas do munic\u00edpio da Serra e agora temos atletas de Minas Gerais, de Bras\u00edlia e de outros estados que est\u00e3o sempre participando de etapas do Brasileiro, como Santos, Fortaleza e Saquarema, que possuem os principais eventos da modalidade. A Serra, com o Espa\u00e7o 10, vem crescendo muito e, se a gente tiver mais apoio, com certeza vai crescer mais. Podemos observar que o n\u00edvel t\u00e9cnico vem melhorando e, por isso, precisamos dar apoio de todas as formas. S\u00e3o atletas com mais de 30 anos, que j\u00e1 est\u00e3o estabilizadas e que treinam a semana toda para participarem dos eventos por amor ao esporte e \u00e0 sa\u00fade\u201d, frisou.<\/p>\n","protected":false},"excerpt":{"rendered":"<p>Aconteceu, no \u00faltimo final de semana, no Espa\u00e7o 10, em Jacara\u00edpe, o 9\u00ba Torneio Feminino de V\u00f4lei de Praia e o 1\u00ba Torneio Masculino Rei da Praia. O evento recebeu atletas de v\u00e1rios lugares do Estado. Para a organizadora do torneio, Penha Caetano de Albuquerque, este ano foi um pouco mais dif\u00edcil em fun\u00e7\u00e3o do [&hellip;]<\/p>\n","protected":false},"author":3,"featured_media":13311,"comment_status":"open","ping_status":"open","sticky":false,"template":"","format":"standard","meta":{"footnotes":""},"categories":[12],"tags":[6878,2988,6879,2033],"class_list":["post-13307","post","type-post","status-publish","format-standard","has-post-thumbnail","hentry","category-esportes","tag-espaco-10","tag-jacaraipe","tag-torneios","tag-volei-de-praia"],"yoast_head":"<!-- This site is optimized with the Yoast SEO plugin v26.5 - https:\/\/yoast.com\/wordpress\/plugins\/seo\/ -->\n<title>Torneios de v\u00f4lei de praia agitaram o Espa\u00e7o 10 no final de semana - Jornal Fatos e Not\u00edcias<\/title>\n<meta name=\"robots\" content=\"index, follow, max-snippet:-1, max-image-preview:large, max-video-preview:-1\" \/>\n<link rel=\"canonical\" href=\"https:\/\/jornalfatosenoticias.com.br\/index.php\/2021\/01\/12\/torneios-de-volei-de-praia-agitaram-o-espaco-10-no-final-de-semana\/\" \/>\n<meta property=\"og:locale\" content=\"pt_BR\" \/>\n<meta property=\"og:type\" content=\"article\" \/>\n<meta property=\"og:title\" content=\"Torneios de v\u00f4lei de praia agitaram o Espa\u00e7o 10 no final de semana - Jornal Fatos e Not\u00edcias\" \/>\n<meta property=\"og:description\" content=\"Aconteceu, no \u00faltimo final de semana, no Espa\u00e7o 10, em Jacara\u00edpe, o 9\u00ba Torneio Feminino de V\u00f4lei de Praia e o 1\u00ba Torneio Masculino Rei da Praia. O evento recebeu atletas de v\u00e1rios lugares do Estado. Para a organizadora do torneio, Penha Caetano de Albuquerque, este ano foi um pouco mais dif\u00edcil em fun\u00e7\u00e3o do [&hellip;]\" \/>\n<meta property=\"og:url\" content=\"https:\/\/jornalfatosenoticias.com.br\/index.php\/2021\/01\/12\/torneios-de-volei-de-praia-agitaram-o-espaco-10-no-final-de-semana\/\" \/>\n<meta property=\"og:site_name\" content=\"Jornal Fatos e Not\u00edcias\" \/>\n<meta property=\"article:published_time\" content=\"2021-01-12T19:56:08+00:00\" \/>\n<meta property=\"article:modified_time\" content=\"2021-01-12T19:56:14+00:00\" \/>\n<meta property=\"og:image\" content=\"https:\/\/jornalfatosenoticias.com.br\/wp-content\/uploads\/2021\/01\/TIME-VOLEI.jpg\" \/>\n\t<meta property=\"og:image:width\" content=\"1000\" \/>\n\t<meta property=\"og:image:height\" content=\"586\" \/>\n\t<meta property=\"og:image:type\" content=\"image\/jpeg\" \/>\n<meta name=\"author\" content=\"Haroldo Filho\" \/>\n<meta name=\"twitter:card\" content=\"summary_large_image\" \/>\n<meta name=\"twitter:label1\" content=\"Escrito por\" \/>\n\t<meta name=\"twitter:data1\" content=\"Haroldo Filho\" \/>\n\t<meta name=\"twitter:label2\" content=\"Est. tempo de leitura\" \/>\n\t<meta name=\"twitter:data2\" content=\"3 minutos\" \/>\n<script type=\"application\/ld+json\" class=\"yoast-schema-graph\">{\"@context\":\"https:\/\/schema.org\",\"@graph\":[{\"@type\":\"Article\",\"@id\":\"https:\/\/jornalfatosenoticias.com.br\/index.php\/2021\/01\/12\/torneios-de-volei-de-praia-agitaram-o-espaco-10-no-final-de-semana\/#article\",\"isPartOf\":{\"@id\":\"https:\/\/jornalfatosenoticias.com.br\/index.php\/2021\/01\/12\/torneios-de-volei-de-praia-agitaram-o-espaco-10-no-final-de-semana\/\"},\"author\":{\"name\":\"Haroldo Filho\",\"@id\":\"https:\/\/jornalfatosenoticias.com.br\/#\/schema\/person\/05c46cc25b42a5c27e004fb0fa6b4965\"},\"headline\":\"Torneios de v\u00f4lei de praia agitaram o Espa\u00e7o 10 no final de semana\",\"datePublished\":\"2021-01-12T19:56:08+00:00\",\"dateModified\":\"2021-01-12T19:56:14+00:00\",\"mainEntityOfPage\":{\"@id\":\"https:\/\/jornalfatosenoticias.com.br\/index.php\/2021\/01\/12\/torneios-de-volei-de-praia-agitaram-o-espaco-10-no-final-de-semana\/\"},\"wordCount\":636,\"commentCount\":0,\"publisher\":{\"@id\":\"https:\/\/jornalfatosenoticias.com.br\/#organization\"},\"image\":{\"@id\":\"https:\/\/jornalfatosenoticias.com.br\/index.php\/2021\/01\/12\/torneios-de-volei-de-praia-agitaram-o-espaco-10-no-final-de-semana\/#primaryimage\"},\"thumbnailUrl\":\"https:\/\/jornalfatosenoticias.com.br\/wp-content\/uploads\/2021\/01\/TIME-VOLEI.jpg\",\"keywords\":[\"Espa\u00e7o 10\",\"Jacara\u00edpe\",\"torneios\",\"v\u00f4lei de praia\"],\"articleSection\":[\"Esportes\"],\"inLanguage\":\"pt-BR\",\"potentialAction\":[{\"@type\":\"CommentAction\",\"name\":\"Comment\",\"target\":[\"https:\/\/jornalfatosenoticias.com.br\/index.php\/2021\/01\/12\/torneios-de-volei-de-praia-agitaram-o-espaco-10-no-final-de-semana\/#respond\"]}]},{\"@type\":\"WebPage\",\"@id\":\"https:\/\/jornalfatosenoticias.com.br\/index.php\/2021\/01\/12\/torneios-de-volei-de-praia-agitaram-o-espaco-10-no-final-de-semana\/\",\"url\":\"https:\/\/jornalfatosenoticias.com.br\/index.php\/2021\/01\/12\/torneios-de-volei-de-praia-agitaram-o-espaco-10-no-final-de-semana\/\",\"name\":\"Torneios de v\u00f4lei de praia agitaram o Espa\u00e7o 10 no final de semana - Jornal Fatos e Not\u00edcias\",\"isPartOf\":{\"@id\":\"https:\/\/jornalfatosenoticias.com.br\/#website\"},\"primaryImageOfPage\":{\"@id\":\"https:\/\/jornalfatosenoticias.com.br\/index.php\/2021\/01\/12\/torneios-de-volei-de-praia-agitaram-o-espaco-10-no-final-de-semana\/#primaryimage\"},\"image\":{\"@id\":\"https:\/\/jornalfatosenoticias.com.br\/index.php\/2021\/01\/12\/torneios-de-volei-de-praia-agitaram-o-espaco-10-no-final-de-semana\/#primaryimage\"},\"thumbnailUrl\":\"https:\/\/jornalfatosenoticias.com.br\/wp-content\/uploads\/2021\/01\/TIME-VOLEI.jpg\",\"datePublished\":\"2021-01-12T19:56:08+00:00\",\"dateModified\":\"2021-01-12T19:56:14+00:00\",\"breadcrumb\":{\"@id\":\"https:\/\/jornalfatosenoticias.com.br\/index.php\/2021\/01\/12\/torneios-de-volei-de-praia-agitaram-o-espaco-10-no-final-de-semana\/#breadcrumb\"},\"inLanguage\":\"pt-BR\",\"potentialAction\":[{\"@type\":\"ReadAction\",\"target\":[\"https:\/\/jornalfatosenoticias.com.br\/index.php\/2021\/01\/12\/torneios-de-volei-de-praia-agitaram-o-espaco-10-no-final-de-semana\/\"]}]},{\"@type\":\"ImageObject\",\"inLanguage\":\"pt-BR\",\"@id\":\"https:\/\/jornalfatosenoticias.com.br\/index.php\/2021\/01\/12\/torneios-de-volei-de-praia-agitaram-o-espaco-10-no-final-de-semana\/#primaryimage\",\"url\":\"https:\/\/jornalfatosenoticias.com.br\/wp-content\/uploads\/2021\/01\/TIME-VOLEI.jpg\",\"contentUrl\":\"https:\/\/jornalfatosenoticias.com.br\/wp-content\/uploads\/2021\/01\/TIME-VOLEI.jpg\",\"width\":1000,\"height\":586},{\"@type\":\"BreadcrumbList\",\"@id\":\"https:\/\/jornalfatosenoticias.com.br\/index.php\/2021\/01\/12\/torneios-de-volei-de-praia-agitaram-o-espaco-10-no-final-de-semana\/#breadcrumb\",\"itemListElement\":[{\"@type\":\"ListItem\",\"position\":1,\"name\":\"In\u00edcio\",\"item\":\"https:\/\/jornalfatosenoticias.com.br\/\"},{\"@type\":\"ListItem\",\"position\":2,\"name\":\"Torneios de v\u00f4lei de praia agitaram o Espa\u00e7o 10 no final de semana\"}]},{\"@type\":\"WebSite\",\"@id\":\"https:\/\/jornalfatosenoticias.com.br\/#website\",\"url\":\"https:\/\/jornalfatosenoticias.com.br\/\",\"name\":\"Jornal Fatos e Not\u00edcias\",\"description\":\"Not\u00edcias em geral\",\"publisher\":{\"@id\":\"https:\/\/jornalfatosenoticias.com.br\/#organization\"},\"potentialAction\":[{\"@type\":\"SearchAction\",\"target\":{\"@type\":\"EntryPoint\",\"urlTemplate\":\"https:\/\/jornalfatosenoticias.com.br\/?s={search_term_string}\"},\"query-input\":{\"@type\":\"PropertyValueSpecification\",\"valueRequired\":true,\"valueName\":\"search_term_string\"}}],\"inLanguage\":\"pt-BR\"},{\"@type\":\"Organization\",\"@id\":\"https:\/\/jornalfatosenoticias.com.br\/#organization\",\"name\":\"Jornal Fatos e Not\u00edcias\",\"url\":\"https:\/\/jornalfatosenoticias.com.br\/\",\"logo\":{\"@type\":\"ImageObject\",\"inLanguage\":\"pt-BR\",\"@id\":\"https:\/\/jornalfatosenoticias.com.br\/#\/schema\/logo\/image\/\",\"url\":\"https:\/\/jornalfatosenoticias.com.br\/wp-content\/uploads\/2020\/02\/logo120.png\",\"contentUrl\":\"https:\/\/jornalfatosenoticias.com.br\/wp-content\/uploads\/2020\/02\/logo120.png\",\"width\":1227,\"height\":120,\"caption\":\"Jornal Fatos e Not\u00edcias\"},\"image\":{\"@id\":\"https:\/\/jornalfatosenoticias.com.br\/#\/schema\/logo\/image\/\"}},{\"@type\":\"Person\",\"@id\":\"https:\/\/jornalfatosenoticias.com.br\/#\/schema\/person\/05c46cc25b42a5c27e004fb0fa6b4965\",\"name\":\"Haroldo Filho\",\"image\":{\"@type\":\"ImageObject\",\"inLanguage\":\"pt-BR\",\"@id\":\"https:\/\/jornalfatosenoticias.com.br\/#\/schema\/person\/image\/\",\"url\":\"https:\/\/jornalfatosenoticias.com.br\/wp-content\/uploads\/2025\/08\/WhatsApp-Image-2025-08-18-at-15.30.28-150x150.jpeg\",\"contentUrl\":\"https:\/\/jornalfatosenoticias.com.br\/wp-content\/uploads\/2025\/08\/WhatsApp-Image-2025-08-18-at-15.30.28-150x150.jpeg\",\"caption\":\"Haroldo Filho\"},\"description\":\"Jornalista \u2013 DRT: 0003818\/ES Coordenador-geral da ONG Educar para Crescer\",\"url\":\"https:\/\/jornalfatosenoticias.com.br\/index.php\/author\/haroldo\/\"}]}<\/script>\n<!-- \/ Yoast SEO plugin. -->","yoast_head_json":{"title":"Torneios de v\u00f4lei de praia agitaram o Espa\u00e7o 10 no final de semana - Jornal Fatos e Not\u00edcias","robots":{"index":"index","follow":"follow","max-snippet":"max-snippet:-1","max-image-preview":"max-image-preview:large","max-video-preview":"max-video-preview:-1"},"canonical":"https:\/\/jornalfatosenoticias.com.br\/index.php\/2021\/01\/12\/torneios-de-volei-de-praia-agitaram-o-espaco-10-no-final-de-semana\/","og_locale":"pt_BR","og_type":"article","og_title":"Torneios de v\u00f4lei de praia agitaram o Espa\u00e7o 10 no final de semana - Jornal Fatos e Not\u00edcias","og_description":"Aconteceu, no \u00faltimo final de semana, no Espa\u00e7o 10, em Jacara\u00edpe, o 9\u00ba Torneio Feminino de V\u00f4lei de Praia e o 1\u00ba Torneio Masculino Rei da Praia. O evento recebeu atletas de v\u00e1rios lugares do Estado. Para a organizadora do torneio, Penha Caetano de Albuquerque, este ano foi um pouco mais dif\u00edcil em fun\u00e7\u00e3o do [&hellip;]","og_url":"https:\/\/jornalfatosenoticias.com.br\/index.php\/2021\/01\/12\/torneios-de-volei-de-praia-agitaram-o-espaco-10-no-final-de-semana\/","og_site_name":"Jornal Fatos e Not\u00edcias","article_published_time":"2021-01-12T19:56:08+00:00","article_modified_time":"2021-01-12T19:56:14+00:00","og_image":[{"width":1000,"height":586,"url":"https:\/\/jornalfatosenoticias.com.br\/wp-content\/uploads\/2021\/01\/TIME-VOLEI.jpg","type":"image\/jpeg"}],"author":"Haroldo Filho","twitter_card":"summary_large_image","twitter_misc":{"Escrito por":"Haroldo Filho","Est. tempo de leitura":"3 minutos"},"schema":{"@context":"https:\/\/schema.org","@graph":[{"@type":"Article","@id":"https:\/\/jornalfatosenoticias.com.br\/index.php\/2021\/01\/12\/torneios-de-volei-de-praia-agitaram-o-espaco-10-no-final-de-semana\/#article","isPartOf":{"@id":"https:\/\/jornalfatosenoticias.com.br\/index.php\/2021\/01\/12\/torneios-de-volei-de-praia-agitaram-o-espaco-10-no-final-de-semana\/"},"author":{"name":"Haroldo Filho","@id":"https:\/\/jornalfatosenoticias.com.br\/#\/schema\/person\/05c46cc25b42a5c27e004fb0fa6b4965"},"headline":"Torneios de v\u00f4lei de praia agitaram o Espa\u00e7o 10 no final de semana","datePublished":"2021-01-12T19:56:08+00:00","dateModified":"2021-01-12T19:56:14+00:00","mainEntityOfPage":{"@id":"https:\/\/jornalfatosenoticias.com.br\/index.php\/2021\/01\/12\/torneios-de-volei-de-praia-agitaram-o-espaco-10-no-final-de-semana\/"},"wordCount":636,"commentCount":0,"publisher":{"@id":"https:\/\/jornalfatosenoticias.com.br\/#organization"},"image":{"@id":"https:\/\/jornalfatosenoticias.com.br\/index.php\/2021\/01\/12\/torneios-de-volei-de-praia-agitaram-o-espaco-10-no-final-de-semana\/#primaryimage"},"thumbnailUrl":"https:\/\/jornalfatosenoticias.com.br\/wp-content\/uploads\/2021\/01\/TIME-VOLEI.jpg","keywords":["Espa\u00e7o 10","Jacara\u00edpe","torneios","v\u00f4lei de praia"],"articleSection":["Esportes"],"inLanguage":"pt-BR","potentialAction":[{"@type":"CommentAction","name":"Comment","target":["https:\/\/jornalfatosenoticias.com.br\/index.php\/2021\/01\/12\/torneios-de-volei-de-praia-agitaram-o-espaco-10-no-final-de-semana\/#respond"]}]},{"@type":"WebPage","@id":"https:\/\/jornalfatosenoticias.com.br\/index.php\/2021\/01\/12\/torneios-de-volei-de-praia-agitaram-o-espaco-10-no-final-de-semana\/","url":"https:\/\/jornalfatosenoticias.com.br\/index.php\/2021\/01\/12\/torneios-de-volei-de-praia-agitaram-o-espaco-10-no-final-de-semana\/","name":"Torneios de v\u00f4lei de praia agitaram o Espa\u00e7o 10 no final de semana - Jornal Fatos e Not\u00edcias","isPartOf":{"@id":"https:\/\/jornalfatosenoticias.com.br\/#website"},"primaryImageOfPage":{"@id":"https:\/\/jornalfatosenoticias.com.br\/index.php\/2021\/01\/12\/torneios-de-volei-de-praia-agitaram-o-espaco-10-no-final-de-semana\/#primaryimage"},"image":{"@id":"https:\/\/jornalfatosenoticias.com.br\/index.php\/2021\/01\/12\/torneios-de-volei-de-praia-agitaram-o-espaco-10-no-final-de-semana\/#primaryimage"},"thumbnailUrl":"https:\/\/jornalfatosenoticias.com.br\/wp-content\/uploads\/2021\/01\/TIME-VOLEI.jpg","datePublished":"2021-01-12T19:56:08+00:00","dateModified":"2021-01-12T19:56:14+00:00","breadcrumb":{"@id":"https:\/\/jornalfatosenoticias.com.br\/index.php\/2021\/01\/12\/torneios-de-volei-de-praia-agitaram-o-espaco-10-no-final-de-semana\/#breadcrumb"},"inLanguage":"pt-BR","potentialAction":[{"@type":"ReadAction","target":["https:\/\/jornalfatosenoticias.com.br\/index.php\/2021\/01\/12\/torneios-de-volei-de-praia-agitaram-o-espaco-10-no-final-de-semana\/"]}]},{"@type":"ImageObject","inLanguage":"pt-BR","@id":"https:\/\/jornalfatosenoticias.com.br\/index.php\/2021\/01\/12\/torneios-de-volei-de-praia-agitaram-o-espaco-10-no-final-de-semana\/#primaryimage","url":"https:\/\/jornalfatosenoticias.com.br\/wp-content\/uploads\/2021\/01\/TIME-VOLEI.jpg","contentUrl":"https:\/\/jornalfatosenoticias.com.br\/wp-content\/uploads\/2021\/01\/TIME-VOLEI.jpg","width":1000,"height":586},{"@type":"BreadcrumbList","@id":"https:\/\/jornalfatosenoticias.com.br\/index.php\/2021\/01\/12\/torneios-de-volei-de-praia-agitaram-o-espaco-10-no-final-de-semana\/#breadcrumb","itemListElement":[{"@type":"ListItem","position":1,"name":"In\u00edcio","item":"https:\/\/jornalfatosenoticias.com.br\/"},{"@type":"ListItem","position":2,"name":"Torneios de v\u00f4lei de praia agitaram o Espa\u00e7o 10 no final de semana"}]},{"@type":"WebSite","@id":"https:\/\/jornalfatosenoticias.com.br\/#website","url":"https:\/\/jornalfatosenoticias.com.br\/","name":"Jornal Fatos e Not\u00edcias","description":"Not\u00edcias em geral","publisher":{"@id":"https:\/\/jornalfatosenoticias.com.br\/#organization"},"potentialAction":[{"@type":"SearchAction","target":{"@type":"EntryPoint","urlTemplate":"https:\/\/jornalfatosenoticias.com.br\/?s={search_term_string}"},"query-input":{"@type":"PropertyValueSpecification","valueRequired":true,"valueName":"search_term_string"}}],"inLanguage":"pt-BR"},{"@type":"Organization","@id":"https:\/\/jornalfatosenoticias.com.br\/#organization","name":"Jornal Fatos e Not\u00edcias","url":"https:\/\/jornalfatosenoticias.com.br\/","logo":{"@type":"ImageObject","inLanguage":"pt-BR","@id":"https:\/\/jornalfatosenoticias.com.br\/#\/schema\/logo\/image\/","url":"https:\/\/jornalfatosenoticias.com.br\/wp-content\/uploads\/2020\/02\/logo120.png","contentUrl":"https:\/\/jornalfatosenoticias.com.br\/wp-content\/uploads\/2020\/02\/logo120.png","width":1227,"height":120,"caption":"Jornal Fatos e Not\u00edcias"},"image":{"@id":"https:\/\/jornalfatosenoticias.com.br\/#\/schema\/logo\/image\/"}},{"@type":"Person","@id":"https:\/\/jornalfatosenoticias.com.br\/#\/schema\/person\/05c46cc25b42a5c27e004fb0fa6b4965","name":"Haroldo Filho","image":{"@type":"ImageObject","inLanguage":"pt-BR","@id":"https:\/\/jornalfatosenoticias.com.br\/#\/schema\/person\/image\/","url":"https:\/\/jornalfatosenoticias.com.br\/wp-content\/uploads\/2025\/08\/WhatsApp-Image-2025-08-18-at-15.30.28-150x150.jpeg","contentUrl":"https:\/\/jornalfatosenoticias.com.br\/wp-content\/uploads\/2025\/08\/WhatsApp-Image-2025-08-18-at-15.30.28-150x150.jpeg","caption":"Haroldo Filho"},"description":"Jornalista \u2013 DRT: 0003818\/ES Coordenador-geral da ONG Educar para Crescer","url":"https:\/\/jornalfatosenoticias.com.br\/index.php\/author\/haroldo\/"}]}},"cc_featured_image_caption":{"caption_text":"(Foto: Haroldo Cordeiro Filho)\r\n","source_text":"","source_url":""},"jetpack_featured_media_url":"https:\/\/jornalfatosenoticias.com.br\/wp-content\/uploads\/2021\/01\/TIME-VOLEI.jpg","_links":{"self":[{"href":"https:\/\/jornalfatosenoticias.com.br\/index.php\/wp-json\/wp\/v2\/posts\/13307","targetHints":{"allow":["GET"]}}],"collection":[{"href":"https:\/\/jornalfatosenoticias.com.br\/index.php\/wp-json\/wp\/v2\/posts"}],"about":[{"href":"https:\/\/jornalfatosenoticias.com.br\/index.php\/wp-json\/wp\/v2\/types\/post"}],"author":[{"embeddable":true,"href":"https:\/\/jornalfatosenoticias.com.br\/index.php\/wp-json\/wp\/v2\/users\/3"}],"replies":[{"embeddable":true,"href":"https:\/\/jornalfatosenoticias.com.br\/index.php\/wp-json\/wp\/v2\/comments?post=13307"}],"version-history":[{"count":0,"href":"https:\/\/jornalfatosenoticias.com.br\/index.php\/wp-json\/wp\/v2\/posts\/13307\/revisions"}],"wp:featuredmedia":[{"embeddable":true,"href":"https:\/\/jornalfatosenoticias.com.br\/index.php\/wp-json\/wp\/v2\/media\/13311"}],"wp:attachment":[{"href":"https:\/\/jornalfatosenoticias.com.br\/index.php\/wp-json\/wp\/v2\/media?parent=13307"}],"wp:term":[{"taxonomy":"category","embeddable":true,"href":"https:\/\/jornalfatosenoticias.com.br\/index.php\/wp-json\/wp\/v2\/categories?post=13307"},{"taxonomy":"post_tag","embeddable":true,"href":"https:\/\/jornalfatosenoticias.com.br\/index.php\/wp-json\/wp\/v2\/tags?post=13307"}],"curies":[{"name":"wp","href":"https:\/\/api.w.org\/{rel}","templated":true}]}}