{"id":13313,"date":"2021-01-12T16:59:12","date_gmt":"2021-01-12T19:59:12","guid":{"rendered":"https:\/\/jornalfatosenoticias.com.br\/?p=13313"},"modified":"2021-01-12T16:59:16","modified_gmt":"2021-01-12T19:59:16","slug":"ces-2021-tvs-lg-vao-de-transparente-a-alta-luminosidade","status":"publish","type":"post","link":"https:\/\/jornalfatosenoticias.com.br\/index.php\/2021\/01\/12\/ces-2021-tvs-lg-vao-de-transparente-a-alta-luminosidade\/","title":{"rendered":"CES 2021: TVs LG v\u00e3o de transparente a alta luminosidade"},"content":{"rendered":"\n<p>Entre os destaques da LG na Consumer Electronics Show 2021 (CES 2021) est\u00e1 um prot\u00f3tipo de TV transparente com painel OLED de 55 polegadas. Os 40% de transpar\u00eancia da tela permitem ver atrav\u00e9s dela mesmo quando ela est\u00e1 ligada. At\u00e9 agora, as telas transparentes da marca eram apenas 10% transl\u00facidas.<br>Os alto-falantes s\u00e3o embutidos na moldura da tela. Por enquanto, trata-se apenas de um conceito \u2014 n\u00e3o, ainda n\u00e3o d\u00e1 para comprar uma! \u2014 mas a LG imagina o produto at\u00e9 al\u00e9m dos limites de casa, em restaurantes, no varejo ou no transporte p\u00fablico, por exemplo.<br>O modelo da LG n\u00e3o \u00e9 uma total novidade na CES 2021: Samsung, Panasonic e a pr\u00f3pria LG mostraram prot\u00f3tipos de TV com telas transparentes em anos anteriores. Por outro lado, \u00e9 a primeira vez que a marca apresenta uma op\u00e7\u00e3o para casas \u2014 n\u00e3o apenas em espa\u00e7os comerciais.<\/p>\n\n\n\n<h4 class=\"wp-block-heading\">TVs LG para o mundo real<\/h4>\n\n\n\n<p>Ainda n\u00e3o se sabe se e quando esse modelo vai realmente se tornar um produto comercial. Para n\u00e3o ficar totalmente fora do mundo real, a marca mostrou o painel \u201cOLED Evo\u201d. Segundo a LG, a tecnologia permite que as telas mantenham o alto brilho da imagem mesmo em ambientes intensamente iluminados.<br>O OLED Evo equipa a fam\u00edlia G1 de TVs, que tem op\u00e7\u00f5es com 55, 65 e 77 polegadas. Para quem tem um espa\u00e7o ainda mais, a linha C1 oferece uma op\u00e7\u00e3o de 83 polegadas. J\u00e1 quem est\u00e1 em busca de um modelo menor, tem a op\u00e7\u00e3o da TV com o menor painel OLED at\u00e9 agora: um modelo de 42 polegadas.<br>Ambas as linhas usam o processador de imagem alpha9 de quarta gera\u00e7\u00e3o, que analisa o tipo de cena mostrada na TV e ajusta a imagem de acordo. Para a LG, essa evolu\u00e7\u00e3o \u00e9 compar\u00e1vel ao desenvolvimento do 4K HDR e \u00e0 introdu\u00e7\u00e3o do 8K.<\/p>\n\n\n\n<p><strong><em>Fonte: <a href=\"https:\/\/olhardigital.com.br\/2021\/01\/11\/videos\/ces-2021-tvs-lg-vao-de-transparente-ate-a-alta-luminosidade\/\">Olhar Digital<\/a><\/em><\/strong><\/p>\n","protected":false},"excerpt":{"rendered":"<p>Entre os destaques da LG na Consumer Electronics Show 2021 (CES 2021) est\u00e1 um prot\u00f3tipo de TV transparente com painel OLED de 55 polegadas. Os 40% de transpar\u00eancia da tela permitem ver atrav\u00e9s dela mesmo quando ela est\u00e1 ligada. At\u00e9 agora, as telas transparentes da marca eram apenas 10% transl\u00facidas.Os alto-falantes s\u00e3o embutidos na moldura [&hellip;]<\/p>\n","protected":false},"author":2,"featured_media":13314,"comment_status":"open","ping_status":"open","sticky":false,"template":"","format":"standard","meta":{"footnotes":""},"categories":[3],"tags":[6880,6881,5436,6883,6882],"class_list":["post-13313","post","type-post","status-publish","format-standard","has-post-thumbnail","hentry","category-tecnologia","tag-ces-2021","tag-consumer-electronics-show-2021","tag-lg","tag-transparente","tag-tvs"],"yoast_head":"<!-- This site is optimized with the Yoast SEO plugin v26.5 - https:\/\/yoast.com\/wordpress\/plugins\/seo\/ -->\n<title>CES 2021: TVs LG v\u00e3o de transparente a alta luminosidade - Jornal Fatos e Not\u00edcias<\/title>\n<meta name=\"robots\" content=\"index, follow, max-snippet:-1, max-image-preview:large, max-video-preview:-1\" \/>\n<link rel=\"canonical\" href=\"https:\/\/jornalfatosenoticias.com.br\/index.php\/2021\/01\/12\/ces-2021-tvs-lg-vao-de-transparente-a-alta-luminosidade\/\" \/>\n<meta property=\"og:locale\" content=\"pt_BR\" \/>\n<meta property=\"og:type\" content=\"article\" \/>\n<meta property=\"og:title\" content=\"CES 2021: TVs LG v\u00e3o de transparente a alta luminosidade - Jornal Fatos e Not\u00edcias\" \/>\n<meta property=\"og:description\" content=\"Entre os destaques da LG na Consumer Electronics Show 2021 (CES 2021) est\u00e1 um prot\u00f3tipo de TV transparente com painel OLED de 55 polegadas. Os 40% de transpar\u00eancia da tela permitem ver atrav\u00e9s dela mesmo quando ela est\u00e1 ligada. At\u00e9 agora, as telas transparentes da marca eram apenas 10% transl\u00facidas.Os alto-falantes s\u00e3o embutidos na moldura [&hellip;]\" \/>\n<meta property=\"og:url\" content=\"https:\/\/jornalfatosenoticias.com.br\/index.php\/2021\/01\/12\/ces-2021-tvs-lg-vao-de-transparente-a-alta-luminosidade\/\" \/>\n<meta property=\"og:site_name\" content=\"Jornal Fatos e Not\u00edcias\" \/>\n<meta property=\"article:published_time\" content=\"2021-01-12T19:59:12+00:00\" \/>\n<meta property=\"article:modified_time\" content=\"2021-01-12T19:59:16+00:00\" \/>\n<meta property=\"og:image\" content=\"https:\/\/jornalfatosenoticias.com.br\/wp-content\/uploads\/2021\/01\/tv-transparente-LG.jpg\" \/>\n\t<meta property=\"og:image:width\" content=\"1000\" \/>\n\t<meta property=\"og:image:height\" content=\"666\" \/>\n\t<meta property=\"og:image:type\" content=\"image\/jpeg\" \/>\n<meta name=\"author\" content=\"Luzimara Fernandes\" \/>\n<meta name=\"twitter:card\" content=\"summary_large_image\" \/>\n<meta name=\"twitter:label1\" content=\"Escrito por\" \/>\n\t<meta name=\"twitter:data1\" content=\"Luzimara Fernandes\" \/>\n\t<meta name=\"twitter:label2\" content=\"Est. tempo de leitura\" \/>\n\t<meta name=\"twitter:data2\" content=\"2 minutos\" \/>\n<script type=\"application\/ld+json\" class=\"yoast-schema-graph\">{\"@context\":\"https:\/\/schema.org\",\"@graph\":[{\"@type\":\"Article\",\"@id\":\"https:\/\/jornalfatosenoticias.com.br\/index.php\/2021\/01\/12\/ces-2021-tvs-lg-vao-de-transparente-a-alta-luminosidade\/#article\",\"isPartOf\":{\"@id\":\"https:\/\/jornalfatosenoticias.com.br\/index.php\/2021\/01\/12\/ces-2021-tvs-lg-vao-de-transparente-a-alta-luminosidade\/\"},\"author\":{\"name\":\"Luzimara Fernandes\",\"@id\":\"https:\/\/jornalfatosenoticias.com.br\/#\/schema\/person\/d63837fa13ac8666eb9e74e0985d6f81\"},\"headline\":\"CES 2021: TVs LG v\u00e3o de transparente a alta luminosidade\",\"datePublished\":\"2021-01-12T19:59:12+00:00\",\"dateModified\":\"2021-01-12T19:59:16+00:00\",\"mainEntityOfPage\":{\"@id\":\"https:\/\/jornalfatosenoticias.com.br\/index.php\/2021\/01\/12\/ces-2021-tvs-lg-vao-de-transparente-a-alta-luminosidade\/\"},\"wordCount\":327,\"commentCount\":0,\"publisher\":{\"@id\":\"https:\/\/jornalfatosenoticias.com.br\/#organization\"},\"image\":{\"@id\":\"https:\/\/jornalfatosenoticias.com.br\/index.php\/2021\/01\/12\/ces-2021-tvs-lg-vao-de-transparente-a-alta-luminosidade\/#primaryimage\"},\"thumbnailUrl\":\"https:\/\/jornalfatosenoticias.com.br\/wp-content\/uploads\/2021\/01\/tv-transparente-LG.jpg\",\"keywords\":[\"CES 2021\",\"Consumer Electronics Show 2021\",\"LG\",\"transparente\",\"TVs\"],\"articleSection\":[\"Tecnologia &amp; Inova\u00e7\u00e3o\"],\"inLanguage\":\"pt-BR\",\"potentialAction\":[{\"@type\":\"CommentAction\",\"name\":\"Comment\",\"target\":[\"https:\/\/jornalfatosenoticias.com.br\/index.php\/2021\/01\/12\/ces-2021-tvs-lg-vao-de-transparente-a-alta-luminosidade\/#respond\"]}]},{\"@type\":\"WebPage\",\"@id\":\"https:\/\/jornalfatosenoticias.com.br\/index.php\/2021\/01\/12\/ces-2021-tvs-lg-vao-de-transparente-a-alta-luminosidade\/\",\"url\":\"https:\/\/jornalfatosenoticias.com.br\/index.php\/2021\/01\/12\/ces-2021-tvs-lg-vao-de-transparente-a-alta-luminosidade\/\",\"name\":\"CES 2021: TVs LG v\u00e3o de transparente a alta luminosidade - Jornal Fatos e Not\u00edcias\",\"isPartOf\":{\"@id\":\"https:\/\/jornalfatosenoticias.com.br\/#website\"},\"primaryImageOfPage\":{\"@id\":\"https:\/\/jornalfatosenoticias.com.br\/index.php\/2021\/01\/12\/ces-2021-tvs-lg-vao-de-transparente-a-alta-luminosidade\/#primaryimage\"},\"image\":{\"@id\":\"https:\/\/jornalfatosenoticias.com.br\/index.php\/2021\/01\/12\/ces-2021-tvs-lg-vao-de-transparente-a-alta-luminosidade\/#primaryimage\"},\"thumbnailUrl\":\"https:\/\/jornalfatosenoticias.com.br\/wp-content\/uploads\/2021\/01\/tv-transparente-LG.jpg\",\"datePublished\":\"2021-01-12T19:59:12+00:00\",\"dateModified\":\"2021-01-12T19:59:16+00:00\",\"breadcrumb\":{\"@id\":\"https:\/\/jornalfatosenoticias.com.br\/index.php\/2021\/01\/12\/ces-2021-tvs-lg-vao-de-transparente-a-alta-luminosidade\/#breadcrumb\"},\"inLanguage\":\"pt-BR\",\"potentialAction\":[{\"@type\":\"ReadAction\",\"target\":[\"https:\/\/jornalfatosenoticias.com.br\/index.php\/2021\/01\/12\/ces-2021-tvs-lg-vao-de-transparente-a-alta-luminosidade\/\"]}]},{\"@type\":\"ImageObject\",\"inLanguage\":\"pt-BR\",\"@id\":\"https:\/\/jornalfatosenoticias.com.br\/index.php\/2021\/01\/12\/ces-2021-tvs-lg-vao-de-transparente-a-alta-luminosidade\/#primaryimage\",\"url\":\"https:\/\/jornalfatosenoticias.com.br\/wp-content\/uploads\/2021\/01\/tv-transparente-LG.jpg\",\"contentUrl\":\"https:\/\/jornalfatosenoticias.com.br\/wp-content\/uploads\/2021\/01\/tv-transparente-LG.jpg\",\"width\":1000,\"height\":666},{\"@type\":\"BreadcrumbList\",\"@id\":\"https:\/\/jornalfatosenoticias.com.br\/index.php\/2021\/01\/12\/ces-2021-tvs-lg-vao-de-transparente-a-alta-luminosidade\/#breadcrumb\",\"itemListElement\":[{\"@type\":\"ListItem\",\"position\":1,\"name\":\"In\u00edcio\",\"item\":\"https:\/\/jornalfatosenoticias.com.br\/\"},{\"@type\":\"ListItem\",\"position\":2,\"name\":\"CES 2021: TVs LG v\u00e3o de transparente a alta luminosidade\"}]},{\"@type\":\"WebSite\",\"@id\":\"https:\/\/jornalfatosenoticias.com.br\/#website\",\"url\":\"https:\/\/jornalfatosenoticias.com.br\/\",\"name\":\"Jornal Fatos e Not\u00edcias\",\"description\":\"Not\u00edcias em geral\",\"publisher\":{\"@id\":\"https:\/\/jornalfatosenoticias.com.br\/#organization\"},\"potentialAction\":[{\"@type\":\"SearchAction\",\"target\":{\"@type\":\"EntryPoint\",\"urlTemplate\":\"https:\/\/jornalfatosenoticias.com.br\/?s={search_term_string}\"},\"query-input\":{\"@type\":\"PropertyValueSpecification\",\"valueRequired\":true,\"valueName\":\"search_term_string\"}}],\"inLanguage\":\"pt-BR\"},{\"@type\":\"Organization\",\"@id\":\"https:\/\/jornalfatosenoticias.com.br\/#organization\",\"name\":\"Jornal Fatos e Not\u00edcias\",\"url\":\"https:\/\/jornalfatosenoticias.com.br\/\",\"logo\":{\"@type\":\"ImageObject\",\"inLanguage\":\"pt-BR\",\"@id\":\"https:\/\/jornalfatosenoticias.com.br\/#\/schema\/logo\/image\/\",\"url\":\"https:\/\/jornalfatosenoticias.com.br\/wp-content\/uploads\/2020\/02\/logo120.png\",\"contentUrl\":\"https:\/\/jornalfatosenoticias.com.br\/wp-content\/uploads\/2020\/02\/logo120.png\",\"width\":1227,\"height\":120,\"caption\":\"Jornal Fatos e Not\u00edcias\"},\"image\":{\"@id\":\"https:\/\/jornalfatosenoticias.com.br\/#\/schema\/logo\/image\/\"}},{\"@type\":\"Person\",\"@id\":\"https:\/\/jornalfatosenoticias.com.br\/#\/schema\/person\/d63837fa13ac8666eb9e74e0985d6f81\",\"name\":\"Luzimara Fernandes\",\"image\":{\"@type\":\"ImageObject\",\"inLanguage\":\"pt-BR\",\"@id\":\"https:\/\/jornalfatosenoticias.com.br\/#\/schema\/person\/image\/\",\"url\":\"https:\/\/jornalfatosenoticias.com.br\/wp-content\/uploads\/2025\/05\/EU_portal.jpg\",\"contentUrl\":\"https:\/\/jornalfatosenoticias.com.br\/wp-content\/uploads\/2025\/05\/EU_portal.jpg\",\"caption\":\"Luzimara Fernandes\"},\"description\":\"Jornalista MTB 2358-ES\",\"sameAs\":[\"https:\/\/jornalfatosenoticias.com.br\"],\"url\":\"https:\/\/jornalfatosenoticias.com.br\/index.php\/author\/luzimara\/\"}]}<\/script>\n<!-- \/ Yoast SEO plugin. -->","yoast_head_json":{"title":"CES 2021: TVs LG v\u00e3o de transparente a alta luminosidade - Jornal Fatos e Not\u00edcias","robots":{"index":"index","follow":"follow","max-snippet":"max-snippet:-1","max-image-preview":"max-image-preview:large","max-video-preview":"max-video-preview:-1"},"canonical":"https:\/\/jornalfatosenoticias.com.br\/index.php\/2021\/01\/12\/ces-2021-tvs-lg-vao-de-transparente-a-alta-luminosidade\/","og_locale":"pt_BR","og_type":"article","og_title":"CES 2021: TVs LG v\u00e3o de transparente a alta luminosidade - Jornal Fatos e Not\u00edcias","og_description":"Entre os destaques da LG na Consumer Electronics Show 2021 (CES 2021) est\u00e1 um prot\u00f3tipo de TV transparente com painel OLED de 55 polegadas. Os 40% de transpar\u00eancia da tela permitem ver atrav\u00e9s dela mesmo quando ela est\u00e1 ligada. At\u00e9 agora, as telas transparentes da marca eram apenas 10% transl\u00facidas.Os alto-falantes s\u00e3o embutidos na moldura [&hellip;]","og_url":"https:\/\/jornalfatosenoticias.com.br\/index.php\/2021\/01\/12\/ces-2021-tvs-lg-vao-de-transparente-a-alta-luminosidade\/","og_site_name":"Jornal Fatos e Not\u00edcias","article_published_time":"2021-01-12T19:59:12+00:00","article_modified_time":"2021-01-12T19:59:16+00:00","og_image":[{"width":1000,"height":666,"url":"https:\/\/jornalfatosenoticias.com.br\/wp-content\/uploads\/2021\/01\/tv-transparente-LG.jpg","type":"image\/jpeg"}],"author":"Luzimara Fernandes","twitter_card":"summary_large_image","twitter_misc":{"Escrito por":"Luzimara Fernandes","Est. tempo de leitura":"2 minutos"},"schema":{"@context":"https:\/\/schema.org","@graph":[{"@type":"Article","@id":"https:\/\/jornalfatosenoticias.com.br\/index.php\/2021\/01\/12\/ces-2021-tvs-lg-vao-de-transparente-a-alta-luminosidade\/#article","isPartOf":{"@id":"https:\/\/jornalfatosenoticias.com.br\/index.php\/2021\/01\/12\/ces-2021-tvs-lg-vao-de-transparente-a-alta-luminosidade\/"},"author":{"name":"Luzimara Fernandes","@id":"https:\/\/jornalfatosenoticias.com.br\/#\/schema\/person\/d63837fa13ac8666eb9e74e0985d6f81"},"headline":"CES 2021: TVs LG v\u00e3o de transparente a alta luminosidade","datePublished":"2021-01-12T19:59:12+00:00","dateModified":"2021-01-12T19:59:16+00:00","mainEntityOfPage":{"@id":"https:\/\/jornalfatosenoticias.com.br\/index.php\/2021\/01\/12\/ces-2021-tvs-lg-vao-de-transparente-a-alta-luminosidade\/"},"wordCount":327,"commentCount":0,"publisher":{"@id":"https:\/\/jornalfatosenoticias.com.br\/#organization"},"image":{"@id":"https:\/\/jornalfatosenoticias.com.br\/index.php\/2021\/01\/12\/ces-2021-tvs-lg-vao-de-transparente-a-alta-luminosidade\/#primaryimage"},"thumbnailUrl":"https:\/\/jornalfatosenoticias.com.br\/wp-content\/uploads\/2021\/01\/tv-transparente-LG.jpg","keywords":["CES 2021","Consumer Electronics Show 2021","LG","transparente","TVs"],"articleSection":["Tecnologia &amp; Inova\u00e7\u00e3o"],"inLanguage":"pt-BR","potentialAction":[{"@type":"CommentAction","name":"Comment","target":["https:\/\/jornalfatosenoticias.com.br\/index.php\/2021\/01\/12\/ces-2021-tvs-lg-vao-de-transparente-a-alta-luminosidade\/#respond"]}]},{"@type":"WebPage","@id":"https:\/\/jornalfatosenoticias.com.br\/index.php\/2021\/01\/12\/ces-2021-tvs-lg-vao-de-transparente-a-alta-luminosidade\/","url":"https:\/\/jornalfatosenoticias.com.br\/index.php\/2021\/01\/12\/ces-2021-tvs-lg-vao-de-transparente-a-alta-luminosidade\/","name":"CES 2021: TVs LG v\u00e3o de transparente a alta luminosidade - Jornal Fatos e Not\u00edcias","isPartOf":{"@id":"https:\/\/jornalfatosenoticias.com.br\/#website"},"primaryImageOfPage":{"@id":"https:\/\/jornalfatosenoticias.com.br\/index.php\/2021\/01\/12\/ces-2021-tvs-lg-vao-de-transparente-a-alta-luminosidade\/#primaryimage"},"image":{"@id":"https:\/\/jornalfatosenoticias.com.br\/index.php\/2021\/01\/12\/ces-2021-tvs-lg-vao-de-transparente-a-alta-luminosidade\/#primaryimage"},"thumbnailUrl":"https:\/\/jornalfatosenoticias.com.br\/wp-content\/uploads\/2021\/01\/tv-transparente-LG.jpg","datePublished":"2021-01-12T19:59:12+00:00","dateModified":"2021-01-12T19:59:16+00:00","breadcrumb":{"@id":"https:\/\/jornalfatosenoticias.com.br\/index.php\/2021\/01\/12\/ces-2021-tvs-lg-vao-de-transparente-a-alta-luminosidade\/#breadcrumb"},"inLanguage":"pt-BR","potentialAction":[{"@type":"ReadAction","target":["https:\/\/jornalfatosenoticias.com.br\/index.php\/2021\/01\/12\/ces-2021-tvs-lg-vao-de-transparente-a-alta-luminosidade\/"]}]},{"@type":"ImageObject","inLanguage":"pt-BR","@id":"https:\/\/jornalfatosenoticias.com.br\/index.php\/2021\/01\/12\/ces-2021-tvs-lg-vao-de-transparente-a-alta-luminosidade\/#primaryimage","url":"https:\/\/jornalfatosenoticias.com.br\/wp-content\/uploads\/2021\/01\/tv-transparente-LG.jpg","contentUrl":"https:\/\/jornalfatosenoticias.com.br\/wp-content\/uploads\/2021\/01\/tv-transparente-LG.jpg","width":1000,"height":666},{"@type":"BreadcrumbList","@id":"https:\/\/jornalfatosenoticias.com.br\/index.php\/2021\/01\/12\/ces-2021-tvs-lg-vao-de-transparente-a-alta-luminosidade\/#breadcrumb","itemListElement":[{"@type":"ListItem","position":1,"name":"In\u00edcio","item":"https:\/\/jornalfatosenoticias.com.br\/"},{"@type":"ListItem","position":2,"name":"CES 2021: TVs LG v\u00e3o de transparente a alta luminosidade"}]},{"@type":"WebSite","@id":"https:\/\/jornalfatosenoticias.com.br\/#website","url":"https:\/\/jornalfatosenoticias.com.br\/","name":"Jornal Fatos e Not\u00edcias","description":"Not\u00edcias em geral","publisher":{"@id":"https:\/\/jornalfatosenoticias.com.br\/#organization"},"potentialAction":[{"@type":"SearchAction","target":{"@type":"EntryPoint","urlTemplate":"https:\/\/jornalfatosenoticias.com.br\/?s={search_term_string}"},"query-input":{"@type":"PropertyValueSpecification","valueRequired":true,"valueName":"search_term_string"}}],"inLanguage":"pt-BR"},{"@type":"Organization","@id":"https:\/\/jornalfatosenoticias.com.br\/#organization","name":"Jornal Fatos e Not\u00edcias","url":"https:\/\/jornalfatosenoticias.com.br\/","logo":{"@type":"ImageObject","inLanguage":"pt-BR","@id":"https:\/\/jornalfatosenoticias.com.br\/#\/schema\/logo\/image\/","url":"https:\/\/jornalfatosenoticias.com.br\/wp-content\/uploads\/2020\/02\/logo120.png","contentUrl":"https:\/\/jornalfatosenoticias.com.br\/wp-content\/uploads\/2020\/02\/logo120.png","width":1227,"height":120,"caption":"Jornal Fatos e Not\u00edcias"},"image":{"@id":"https:\/\/jornalfatosenoticias.com.br\/#\/schema\/logo\/image\/"}},{"@type":"Person","@id":"https:\/\/jornalfatosenoticias.com.br\/#\/schema\/person\/d63837fa13ac8666eb9e74e0985d6f81","name":"Luzimara Fernandes","image":{"@type":"ImageObject","inLanguage":"pt-BR","@id":"https:\/\/jornalfatosenoticias.com.br\/#\/schema\/person\/image\/","url":"https:\/\/jornalfatosenoticias.com.br\/wp-content\/uploads\/2025\/05\/EU_portal.jpg","contentUrl":"https:\/\/jornalfatosenoticias.com.br\/wp-content\/uploads\/2025\/05\/EU_portal.jpg","caption":"Luzimara Fernandes"},"description":"Jornalista MTB 2358-ES","sameAs":["https:\/\/jornalfatosenoticias.com.br"],"url":"https:\/\/jornalfatosenoticias.com.br\/index.php\/author\/luzimara\/"}]}},"cc_featured_image_caption":{"caption_text":"(Foto: \u00a9LG Display) ","source_text":"","source_url":""},"jetpack_featured_media_url":"https:\/\/jornalfatosenoticias.com.br\/wp-content\/uploads\/2021\/01\/tv-transparente-LG.jpg","_links":{"self":[{"href":"https:\/\/jornalfatosenoticias.com.br\/index.php\/wp-json\/wp\/v2\/posts\/13313","targetHints":{"allow":["GET"]}}],"collection":[{"href":"https:\/\/jornalfatosenoticias.com.br\/index.php\/wp-json\/wp\/v2\/posts"}],"about":[{"href":"https:\/\/jornalfatosenoticias.com.br\/index.php\/wp-json\/wp\/v2\/types\/post"}],"author":[{"embeddable":true,"href":"https:\/\/jornalfatosenoticias.com.br\/index.php\/wp-json\/wp\/v2\/users\/2"}],"replies":[{"embeddable":true,"href":"https:\/\/jornalfatosenoticias.com.br\/index.php\/wp-json\/wp\/v2\/comments?post=13313"}],"version-history":[{"count":0,"href":"https:\/\/jornalfatosenoticias.com.br\/index.php\/wp-json\/wp\/v2\/posts\/13313\/revisions"}],"wp:featuredmedia":[{"embeddable":true,"href":"https:\/\/jornalfatosenoticias.com.br\/index.php\/wp-json\/wp\/v2\/media\/13314"}],"wp:attachment":[{"href":"https:\/\/jornalfatosenoticias.com.br\/index.php\/wp-json\/wp\/v2\/media?parent=13313"}],"wp:term":[{"taxonomy":"category","embeddable":true,"href":"https:\/\/jornalfatosenoticias.com.br\/index.php\/wp-json\/wp\/v2\/categories?post=13313"},{"taxonomy":"post_tag","embeddable":true,"href":"https:\/\/jornalfatosenoticias.com.br\/index.php\/wp-json\/wp\/v2\/tags?post=13313"}],"curies":[{"name":"wp","href":"https:\/\/api.w.org\/{rel}","templated":true}]}}