{"id":1332,"date":"2020-02-21T11:13:05","date_gmt":"2020-02-21T14:13:05","guid":{"rendered":"https:\/\/jornalfatosenoticias.com.br\/?p=1332"},"modified":"2020-02-21T11:13:10","modified_gmt":"2020-02-21T14:13:10","slug":"ararinhas-azuis-de-volta-a-caatinga","status":"publish","type":"post","link":"https:\/\/jornalfatosenoticias.com.br\/index.php\/2020\/02\/21\/ararinhas-azuis-de-volta-a-caatinga\/","title":{"rendered":"Ararinhas-azuis de volta \u00e0 Caatinga"},"content":{"rendered":"\n<h6 class=\"wp-block-heading\"><em>Extintas na natureza, aves que estavam na Alemanha chegam ao Brasil para iniciar processo de reintrodu\u00e7\u00e3o em seu habitat<\/em><\/h6>\n\n\n\n<p>O in\u00edcio da jornada que trar\u00e1 as ararinhas-azuis de volta ao cora\u00e7\u00e3o da Caatinga j\u00e1 tem data para acontecer. No dia 3 de mar\u00e7o (ter\u00e7a-feira), cinquenta aves, vindas da Alemanha, desembarcar\u00e3o no Aeroporto de Petrolina\/Senador Nilo Coelho (PE) e seguir\u00e3o para a cidade de Cura\u00e7\u00e1 (BA), onde um centro de reprodu\u00e7\u00e3o foi constru\u00eddo para que as aves sejam soltas na natureza. A data, 3 de mar\u00e7o, foi escolhida por ser o Dia Internacional da Vida Selvagem, cujo objetivo \u00e9 celebrar a fauna e a flora do planeta, assim como alertar para os perigos do tr\u00e1fico de esp\u00e9cies animais selvagens no mundo. As ararinhas-azuis s\u00e3o consideradas extintas na natureza desde o ano 2000, devido \u00e0s a\u00e7\u00f5es de ca\u00e7adores e traficantes de animais.<br>\nAinda no aeroporto, uma coletiva de imprensa ser\u00e1 realizada com a presen\u00e7a do ministro do Meio Ambiente, Ricardo Salles; o presidente do ICMBio, Homero Cerqueira; e o presidente da institui\u00e7\u00e3o alem\u00e3 Association for the Conservation of Threatend Parrots (ACTP), Martin Guth. Os jornalistas que quiserem participar da coletiva de imprensa dever\u00e3o realizar o credenciamento enviando um e-mail para a Divis\u00e3o de Comunica\u00e7\u00e3o Social do ICMBio.<\/p>\n\n\n\n<figure class=\"wp-block-image size-large\"><img loading=\"lazy\" decoding=\"async\" width=\"980\" height=\"653\" src=\"https:\/\/jornalfatosenoticias.com.br\/wp-content\/uploads\/2020\/02\/Ararinha-azul_Carla_e_Tiago_ACTP_8.jpg\" alt=\"\" class=\"wp-image-1333\" srcset=\"https:\/\/jornalfatosenoticias.com.br\/wp-content\/uploads\/2020\/02\/Ararinha-azul_Carla_e_Tiago_ACTP_8.jpg 980w, https:\/\/jornalfatosenoticias.com.br\/wp-content\/uploads\/2020\/02\/Ararinha-azul_Carla_e_Tiago_ACTP_8-300x200.jpg 300w, https:\/\/jornalfatosenoticias.com.br\/wp-content\/uploads\/2020\/02\/Ararinha-azul_Carla_e_Tiago_ACTP_8-768x512.jpg 768w\" sizes=\"auto, (max-width: 980px) 100vw, 980px\" \/><figcaption><em>Extinta na natureza h\u00e1 quase vinte anos, ararinha-azul est\u00e1 de volta \u00e0 Caatinga (Foto: ACTP)<\/em><\/figcaption><\/figure>\n\n\n\n<h2 class=\"wp-block-heading\">Esp\u00e9cie exclusiva <\/h2>\n\n\n\n<p>Descoberta no in\u00edcio do s\u00e9culo 19 pelo naturalista alem\u00e3o Johann Baptist von Spix, a ararinha-azul (Cyanopsitta spixii), esp\u00e9cie exclusiva da Caatinga brasileira, teve sua popula\u00e7\u00e3o dizimada pela a\u00e7\u00e3o do homem. O \u00faltimo exemplar conhecido na natureza desapareceu em outubro de 2000.<br>\nDesde ent\u00e3o, os poucos exemplares que restaram em cole\u00e7\u00f5es particulares v\u00eam sendo usados para reproduzir a esp\u00e9cie em cativeiro, quase todos no exterior. A ararinha \u00e9 considerada uma das esp\u00e9cies de aves mais amea\u00e7adas do mundo. Em 2000, foi classificada como Criticamente em Perigo (CR) possivelmente Extinta na Natureza (EW), restando apenas indiv\u00edduos em cativeiro.<br>\nRara, a esp\u00e9cie vivia originalmente numa pequena regi\u00e3o do interior de Juazeiro e Cura\u00e7\u00e1, no norte da Bahia, onde o Governo Federal criou, em junho de 2018, duas unidades de conserva\u00e7\u00e3o: o Ref\u00fagio de Vida Silvestre da Ararinha-Azul (com 29,2 mil hectares) e a \u00c1rea de Prote\u00e7\u00e3o Ambiental da Ararinha-azul (com 90,6 mil hectares), destinadas \u00e0 reintrodu\u00e7\u00e3o e prote\u00e7\u00e3o da esp\u00e9cie, e conserva\u00e7\u00e3o do bioma da Caatinga.<br>\nA constru\u00e7\u00e3o do Centro e o projeto de reintrodu\u00e7\u00e3o s\u00e3o custeados pela ONG ACTP. A primeira soltura est\u00e1 prevista para 2021. Ao longo deste per\u00edodo os animais passar\u00e3o por processo de adapta\u00e7\u00e3o e treinamento para viverem em vida livre. Al\u00e9m disto, ser\u00e3o realizados testes de soltura com um papagaio conhecido como Maracan\u00e3.<\/p>\n\n\n\n<p><strong><em>Fonte: ICMBio<\/em><\/strong><\/p>\n","protected":false},"excerpt":{"rendered":"<p>Extintas na natureza, aves que estavam na Alemanha chegam ao Brasil para iniciar processo de reintrodu\u00e7\u00e3o em seu habitat O in\u00edcio da jornada que trar\u00e1 as ararinhas-azuis de volta ao cora\u00e7\u00e3o da Caatinga j\u00e1 tem data para acontecer. No dia 3 de mar\u00e7o (ter\u00e7a-feira), cinquenta aves, vindas da Alemanha, desembarcar\u00e3o no Aeroporto de Petrolina\/Senador Nilo [&hellip;]<\/p>\n","protected":false},"author":2,"featured_media":1336,"comment_status":"open","ping_status":"open","sticky":false,"template":"","format":"standard","meta":{"footnotes":""},"categories":[8],"tags":[],"class_list":["post-1332","post","type-post","status-publish","format-standard","has-post-thumbnail","hentry","category-meio-ambiente"],"yoast_head":"<!-- This site is optimized with the Yoast SEO plugin v26.5 - https:\/\/yoast.com\/wordpress\/plugins\/seo\/ -->\n<title>Ararinhas-azuis de volta \u00e0 Caatinga - Jornal Fatos e Not\u00edcias<\/title>\n<meta name=\"robots\" content=\"index, follow, max-snippet:-1, max-image-preview:large, max-video-preview:-1\" \/>\n<link rel=\"canonical\" href=\"https:\/\/jornalfatosenoticias.com.br\/index.php\/2020\/02\/21\/ararinhas-azuis-de-volta-a-caatinga\/\" \/>\n<meta property=\"og:locale\" content=\"pt_BR\" \/>\n<meta property=\"og:type\" content=\"article\" \/>\n<meta property=\"og:title\" content=\"Ararinhas-azuis de volta \u00e0 Caatinga - Jornal Fatos e Not\u00edcias\" \/>\n<meta property=\"og:description\" content=\"Extintas na natureza, aves que estavam na Alemanha chegam ao Brasil para iniciar processo de reintrodu\u00e7\u00e3o em seu habitat O in\u00edcio da jornada que trar\u00e1 as ararinhas-azuis de volta ao cora\u00e7\u00e3o da Caatinga j\u00e1 tem data para acontecer. No dia 3 de mar\u00e7o (ter\u00e7a-feira), cinquenta aves, vindas da Alemanha, desembarcar\u00e3o no Aeroporto de Petrolina\/Senador Nilo [&hellip;]\" \/>\n<meta property=\"og:url\" content=\"https:\/\/jornalfatosenoticias.com.br\/index.php\/2020\/02\/21\/ararinhas-azuis-de-volta-a-caatinga\/\" \/>\n<meta property=\"og:site_name\" content=\"Jornal Fatos e Not\u00edcias\" \/>\n<meta property=\"article:published_time\" content=\"2020-02-21T14:13:05+00:00\" \/>\n<meta property=\"article:modified_time\" content=\"2020-02-21T14:13:10+00:00\" \/>\n<meta property=\"og:image\" content=\"https:\/\/jornalfatosenoticias.com.br\/wp-content\/uploads\/2020\/02\/coletiva_das_ararinhas.png\" \/>\n\t<meta property=\"og:image:width\" content=\"1195\" \/>\n\t<meta property=\"og:image:height\" content=\"735\" \/>\n\t<meta property=\"og:image:type\" content=\"image\/png\" \/>\n<meta name=\"author\" content=\"Luzimara Fernandes\" \/>\n<meta name=\"twitter:card\" content=\"summary_large_image\" \/>\n<meta name=\"twitter:label1\" content=\"Escrito por\" \/>\n\t<meta name=\"twitter:data1\" content=\"Luzimara Fernandes\" \/>\n\t<meta name=\"twitter:label2\" content=\"Est. tempo de leitura\" \/>\n\t<meta name=\"twitter:data2\" content=\"2 minutos\" \/>\n<script type=\"application\/ld+json\" class=\"yoast-schema-graph\">{\"@context\":\"https:\/\/schema.org\",\"@graph\":[{\"@type\":\"Article\",\"@id\":\"https:\/\/jornalfatosenoticias.com.br\/index.php\/2020\/02\/21\/ararinhas-azuis-de-volta-a-caatinga\/#article\",\"isPartOf\":{\"@id\":\"https:\/\/jornalfatosenoticias.com.br\/index.php\/2020\/02\/21\/ararinhas-azuis-de-volta-a-caatinga\/\"},\"author\":{\"name\":\"Luzimara Fernandes\",\"@id\":\"https:\/\/jornalfatosenoticias.com.br\/#\/schema\/person\/d63837fa13ac8666eb9e74e0985d6f81\"},\"headline\":\"Ararinhas-azuis de volta \u00e0 Caatinga\",\"datePublished\":\"2020-02-21T14:13:05+00:00\",\"dateModified\":\"2020-02-21T14:13:10+00:00\",\"mainEntityOfPage\":{\"@id\":\"https:\/\/jornalfatosenoticias.com.br\/index.php\/2020\/02\/21\/ararinhas-azuis-de-volta-a-caatinga\/\"},\"wordCount\":481,\"commentCount\":0,\"publisher\":{\"@id\":\"https:\/\/jornalfatosenoticias.com.br\/#organization\"},\"image\":{\"@id\":\"https:\/\/jornalfatosenoticias.com.br\/index.php\/2020\/02\/21\/ararinhas-azuis-de-volta-a-caatinga\/#primaryimage\"},\"thumbnailUrl\":\"https:\/\/jornalfatosenoticias.com.br\/wp-content\/uploads\/2020\/02\/coletiva_das_ararinhas.png\",\"articleSection\":[\"Meio ambiente\"],\"inLanguage\":\"pt-BR\",\"potentialAction\":[{\"@type\":\"CommentAction\",\"name\":\"Comment\",\"target\":[\"https:\/\/jornalfatosenoticias.com.br\/index.php\/2020\/02\/21\/ararinhas-azuis-de-volta-a-caatinga\/#respond\"]}]},{\"@type\":\"WebPage\",\"@id\":\"https:\/\/jornalfatosenoticias.com.br\/index.php\/2020\/02\/21\/ararinhas-azuis-de-volta-a-caatinga\/\",\"url\":\"https:\/\/jornalfatosenoticias.com.br\/index.php\/2020\/02\/21\/ararinhas-azuis-de-volta-a-caatinga\/\",\"name\":\"Ararinhas-azuis de volta \u00e0 Caatinga - Jornal Fatos e Not\u00edcias\",\"isPartOf\":{\"@id\":\"https:\/\/jornalfatosenoticias.com.br\/#website\"},\"primaryImageOfPage\":{\"@id\":\"https:\/\/jornalfatosenoticias.com.br\/index.php\/2020\/02\/21\/ararinhas-azuis-de-volta-a-caatinga\/#primaryimage\"},\"image\":{\"@id\":\"https:\/\/jornalfatosenoticias.com.br\/index.php\/2020\/02\/21\/ararinhas-azuis-de-volta-a-caatinga\/#primaryimage\"},\"thumbnailUrl\":\"https:\/\/jornalfatosenoticias.com.br\/wp-content\/uploads\/2020\/02\/coletiva_das_ararinhas.png\",\"datePublished\":\"2020-02-21T14:13:05+00:00\",\"dateModified\":\"2020-02-21T14:13:10+00:00\",\"breadcrumb\":{\"@id\":\"https:\/\/jornalfatosenoticias.com.br\/index.php\/2020\/02\/21\/ararinhas-azuis-de-volta-a-caatinga\/#breadcrumb\"},\"inLanguage\":\"pt-BR\",\"potentialAction\":[{\"@type\":\"ReadAction\",\"target\":[\"https:\/\/jornalfatosenoticias.com.br\/index.php\/2020\/02\/21\/ararinhas-azuis-de-volta-a-caatinga\/\"]}]},{\"@type\":\"ImageObject\",\"inLanguage\":\"pt-BR\",\"@id\":\"https:\/\/jornalfatosenoticias.com.br\/index.php\/2020\/02\/21\/ararinhas-azuis-de-volta-a-caatinga\/#primaryimage\",\"url\":\"https:\/\/jornalfatosenoticias.com.br\/wp-content\/uploads\/2020\/02\/coletiva_das_ararinhas.png\",\"contentUrl\":\"https:\/\/jornalfatosenoticias.com.br\/wp-content\/uploads\/2020\/02\/coletiva_das_ararinhas.png\",\"width\":1195,\"height\":735},{\"@type\":\"BreadcrumbList\",\"@id\":\"https:\/\/jornalfatosenoticias.com.br\/index.php\/2020\/02\/21\/ararinhas-azuis-de-volta-a-caatinga\/#breadcrumb\",\"itemListElement\":[{\"@type\":\"ListItem\",\"position\":1,\"name\":\"In\u00edcio\",\"item\":\"https:\/\/jornalfatosenoticias.com.br\/\"},{\"@type\":\"ListItem\",\"position\":2,\"name\":\"Ararinhas-azuis de volta \u00e0 Caatinga\"}]},{\"@type\":\"WebSite\",\"@id\":\"https:\/\/jornalfatosenoticias.com.br\/#website\",\"url\":\"https:\/\/jornalfatosenoticias.com.br\/\",\"name\":\"Jornal Fatos e Not\u00edcias\",\"description\":\"Not\u00edcias em geral\",\"publisher\":{\"@id\":\"https:\/\/jornalfatosenoticias.com.br\/#organization\"},\"potentialAction\":[{\"@type\":\"SearchAction\",\"target\":{\"@type\":\"EntryPoint\",\"urlTemplate\":\"https:\/\/jornalfatosenoticias.com.br\/?s={search_term_string}\"},\"query-input\":{\"@type\":\"PropertyValueSpecification\",\"valueRequired\":true,\"valueName\":\"search_term_string\"}}],\"inLanguage\":\"pt-BR\"},{\"@type\":\"Organization\",\"@id\":\"https:\/\/jornalfatosenoticias.com.br\/#organization\",\"name\":\"Jornal Fatos e Not\u00edcias\",\"url\":\"https:\/\/jornalfatosenoticias.com.br\/\",\"logo\":{\"@type\":\"ImageObject\",\"inLanguage\":\"pt-BR\",\"@id\":\"https:\/\/jornalfatosenoticias.com.br\/#\/schema\/logo\/image\/\",\"url\":\"https:\/\/jornalfatosenoticias.com.br\/wp-content\/uploads\/2020\/02\/logo120.png\",\"contentUrl\":\"https:\/\/jornalfatosenoticias.com.br\/wp-content\/uploads\/2020\/02\/logo120.png\",\"width\":1227,\"height\":120,\"caption\":\"Jornal Fatos e Not\u00edcias\"},\"image\":{\"@id\":\"https:\/\/jornalfatosenoticias.com.br\/#\/schema\/logo\/image\/\"}},{\"@type\":\"Person\",\"@id\":\"https:\/\/jornalfatosenoticias.com.br\/#\/schema\/person\/d63837fa13ac8666eb9e74e0985d6f81\",\"name\":\"Luzimara Fernandes\",\"image\":{\"@type\":\"ImageObject\",\"inLanguage\":\"pt-BR\",\"@id\":\"https:\/\/jornalfatosenoticias.com.br\/#\/schema\/person\/image\/\",\"url\":\"https:\/\/jornalfatosenoticias.com.br\/wp-content\/uploads\/2025\/05\/EU_portal.jpg\",\"contentUrl\":\"https:\/\/jornalfatosenoticias.com.br\/wp-content\/uploads\/2025\/05\/EU_portal.jpg\",\"caption\":\"Luzimara Fernandes\"},\"description\":\"Jornalista MTB 2358-ES\",\"sameAs\":[\"https:\/\/jornalfatosenoticias.com.br\"],\"url\":\"https:\/\/jornalfatosenoticias.com.br\/index.php\/author\/luzimara\/\"}]}<\/script>\n<!-- \/ Yoast SEO plugin. -->","yoast_head_json":{"title":"Ararinhas-azuis de volta \u00e0 Caatinga - Jornal Fatos e Not\u00edcias","robots":{"index":"index","follow":"follow","max-snippet":"max-snippet:-1","max-image-preview":"max-image-preview:large","max-video-preview":"max-video-preview:-1"},"canonical":"https:\/\/jornalfatosenoticias.com.br\/index.php\/2020\/02\/21\/ararinhas-azuis-de-volta-a-caatinga\/","og_locale":"pt_BR","og_type":"article","og_title":"Ararinhas-azuis de volta \u00e0 Caatinga - Jornal Fatos e Not\u00edcias","og_description":"Extintas na natureza, aves que estavam na Alemanha chegam ao Brasil para iniciar processo de reintrodu\u00e7\u00e3o em seu habitat O in\u00edcio da jornada que trar\u00e1 as ararinhas-azuis de volta ao cora\u00e7\u00e3o da Caatinga j\u00e1 tem data para acontecer. No dia 3 de mar\u00e7o (ter\u00e7a-feira), cinquenta aves, vindas da Alemanha, desembarcar\u00e3o no Aeroporto de Petrolina\/Senador Nilo [&hellip;]","og_url":"https:\/\/jornalfatosenoticias.com.br\/index.php\/2020\/02\/21\/ararinhas-azuis-de-volta-a-caatinga\/","og_site_name":"Jornal Fatos e Not\u00edcias","article_published_time":"2020-02-21T14:13:05+00:00","article_modified_time":"2020-02-21T14:13:10+00:00","og_image":[{"width":1195,"height":735,"url":"https:\/\/jornalfatosenoticias.com.br\/wp-content\/uploads\/2020\/02\/coletiva_das_ararinhas.png","type":"image\/png"}],"author":"Luzimara Fernandes","twitter_card":"summary_large_image","twitter_misc":{"Escrito por":"Luzimara Fernandes","Est. tempo de leitura":"2 minutos"},"schema":{"@context":"https:\/\/schema.org","@graph":[{"@type":"Article","@id":"https:\/\/jornalfatosenoticias.com.br\/index.php\/2020\/02\/21\/ararinhas-azuis-de-volta-a-caatinga\/#article","isPartOf":{"@id":"https:\/\/jornalfatosenoticias.com.br\/index.php\/2020\/02\/21\/ararinhas-azuis-de-volta-a-caatinga\/"},"author":{"name":"Luzimara Fernandes","@id":"https:\/\/jornalfatosenoticias.com.br\/#\/schema\/person\/d63837fa13ac8666eb9e74e0985d6f81"},"headline":"Ararinhas-azuis de volta \u00e0 Caatinga","datePublished":"2020-02-21T14:13:05+00:00","dateModified":"2020-02-21T14:13:10+00:00","mainEntityOfPage":{"@id":"https:\/\/jornalfatosenoticias.com.br\/index.php\/2020\/02\/21\/ararinhas-azuis-de-volta-a-caatinga\/"},"wordCount":481,"commentCount":0,"publisher":{"@id":"https:\/\/jornalfatosenoticias.com.br\/#organization"},"image":{"@id":"https:\/\/jornalfatosenoticias.com.br\/index.php\/2020\/02\/21\/ararinhas-azuis-de-volta-a-caatinga\/#primaryimage"},"thumbnailUrl":"https:\/\/jornalfatosenoticias.com.br\/wp-content\/uploads\/2020\/02\/coletiva_das_ararinhas.png","articleSection":["Meio ambiente"],"inLanguage":"pt-BR","potentialAction":[{"@type":"CommentAction","name":"Comment","target":["https:\/\/jornalfatosenoticias.com.br\/index.php\/2020\/02\/21\/ararinhas-azuis-de-volta-a-caatinga\/#respond"]}]},{"@type":"WebPage","@id":"https:\/\/jornalfatosenoticias.com.br\/index.php\/2020\/02\/21\/ararinhas-azuis-de-volta-a-caatinga\/","url":"https:\/\/jornalfatosenoticias.com.br\/index.php\/2020\/02\/21\/ararinhas-azuis-de-volta-a-caatinga\/","name":"Ararinhas-azuis de volta \u00e0 Caatinga - Jornal Fatos e Not\u00edcias","isPartOf":{"@id":"https:\/\/jornalfatosenoticias.com.br\/#website"},"primaryImageOfPage":{"@id":"https:\/\/jornalfatosenoticias.com.br\/index.php\/2020\/02\/21\/ararinhas-azuis-de-volta-a-caatinga\/#primaryimage"},"image":{"@id":"https:\/\/jornalfatosenoticias.com.br\/index.php\/2020\/02\/21\/ararinhas-azuis-de-volta-a-caatinga\/#primaryimage"},"thumbnailUrl":"https:\/\/jornalfatosenoticias.com.br\/wp-content\/uploads\/2020\/02\/coletiva_das_ararinhas.png","datePublished":"2020-02-21T14:13:05+00:00","dateModified":"2020-02-21T14:13:10+00:00","breadcrumb":{"@id":"https:\/\/jornalfatosenoticias.com.br\/index.php\/2020\/02\/21\/ararinhas-azuis-de-volta-a-caatinga\/#breadcrumb"},"inLanguage":"pt-BR","potentialAction":[{"@type":"ReadAction","target":["https:\/\/jornalfatosenoticias.com.br\/index.php\/2020\/02\/21\/ararinhas-azuis-de-volta-a-caatinga\/"]}]},{"@type":"ImageObject","inLanguage":"pt-BR","@id":"https:\/\/jornalfatosenoticias.com.br\/index.php\/2020\/02\/21\/ararinhas-azuis-de-volta-a-caatinga\/#primaryimage","url":"https:\/\/jornalfatosenoticias.com.br\/wp-content\/uploads\/2020\/02\/coletiva_das_ararinhas.png","contentUrl":"https:\/\/jornalfatosenoticias.com.br\/wp-content\/uploads\/2020\/02\/coletiva_das_ararinhas.png","width":1195,"height":735},{"@type":"BreadcrumbList","@id":"https:\/\/jornalfatosenoticias.com.br\/index.php\/2020\/02\/21\/ararinhas-azuis-de-volta-a-caatinga\/#breadcrumb","itemListElement":[{"@type":"ListItem","position":1,"name":"In\u00edcio","item":"https:\/\/jornalfatosenoticias.com.br\/"},{"@type":"ListItem","position":2,"name":"Ararinhas-azuis de volta \u00e0 Caatinga"}]},{"@type":"WebSite","@id":"https:\/\/jornalfatosenoticias.com.br\/#website","url":"https:\/\/jornalfatosenoticias.com.br\/","name":"Jornal Fatos e Not\u00edcias","description":"Not\u00edcias em geral","publisher":{"@id":"https:\/\/jornalfatosenoticias.com.br\/#organization"},"potentialAction":[{"@type":"SearchAction","target":{"@type":"EntryPoint","urlTemplate":"https:\/\/jornalfatosenoticias.com.br\/?s={search_term_string}"},"query-input":{"@type":"PropertyValueSpecification","valueRequired":true,"valueName":"search_term_string"}}],"inLanguage":"pt-BR"},{"@type":"Organization","@id":"https:\/\/jornalfatosenoticias.com.br\/#organization","name":"Jornal Fatos e Not\u00edcias","url":"https:\/\/jornalfatosenoticias.com.br\/","logo":{"@type":"ImageObject","inLanguage":"pt-BR","@id":"https:\/\/jornalfatosenoticias.com.br\/#\/schema\/logo\/image\/","url":"https:\/\/jornalfatosenoticias.com.br\/wp-content\/uploads\/2020\/02\/logo120.png","contentUrl":"https:\/\/jornalfatosenoticias.com.br\/wp-content\/uploads\/2020\/02\/logo120.png","width":1227,"height":120,"caption":"Jornal Fatos e Not\u00edcias"},"image":{"@id":"https:\/\/jornalfatosenoticias.com.br\/#\/schema\/logo\/image\/"}},{"@type":"Person","@id":"https:\/\/jornalfatosenoticias.com.br\/#\/schema\/person\/d63837fa13ac8666eb9e74e0985d6f81","name":"Luzimara Fernandes","image":{"@type":"ImageObject","inLanguage":"pt-BR","@id":"https:\/\/jornalfatosenoticias.com.br\/#\/schema\/person\/image\/","url":"https:\/\/jornalfatosenoticias.com.br\/wp-content\/uploads\/2025\/05\/EU_portal.jpg","contentUrl":"https:\/\/jornalfatosenoticias.com.br\/wp-content\/uploads\/2025\/05\/EU_portal.jpg","caption":"Luzimara Fernandes"},"description":"Jornalista MTB 2358-ES","sameAs":["https:\/\/jornalfatosenoticias.com.br"],"url":"https:\/\/jornalfatosenoticias.com.br\/index.php\/author\/luzimara\/"}]}},"cc_featured_image_caption":{"caption_text":"","source_text":"","source_url":""},"jetpack_featured_media_url":"https:\/\/jornalfatosenoticias.com.br\/wp-content\/uploads\/2020\/02\/coletiva_das_ararinhas.png","_links":{"self":[{"href":"https:\/\/jornalfatosenoticias.com.br\/index.php\/wp-json\/wp\/v2\/posts\/1332","targetHints":{"allow":["GET"]}}],"collection":[{"href":"https:\/\/jornalfatosenoticias.com.br\/index.php\/wp-json\/wp\/v2\/posts"}],"about":[{"href":"https:\/\/jornalfatosenoticias.com.br\/index.php\/wp-json\/wp\/v2\/types\/post"}],"author":[{"embeddable":true,"href":"https:\/\/jornalfatosenoticias.com.br\/index.php\/wp-json\/wp\/v2\/users\/2"}],"replies":[{"embeddable":true,"href":"https:\/\/jornalfatosenoticias.com.br\/index.php\/wp-json\/wp\/v2\/comments?post=1332"}],"version-history":[{"count":0,"href":"https:\/\/jornalfatosenoticias.com.br\/index.php\/wp-json\/wp\/v2\/posts\/1332\/revisions"}],"wp:featuredmedia":[{"embeddable":true,"href":"https:\/\/jornalfatosenoticias.com.br\/index.php\/wp-json\/wp\/v2\/media\/1336"}],"wp:attachment":[{"href":"https:\/\/jornalfatosenoticias.com.br\/index.php\/wp-json\/wp\/v2\/media?parent=1332"}],"wp:term":[{"taxonomy":"category","embeddable":true,"href":"https:\/\/jornalfatosenoticias.com.br\/index.php\/wp-json\/wp\/v2\/categories?post=1332"},{"taxonomy":"post_tag","embeddable":true,"href":"https:\/\/jornalfatosenoticias.com.br\/index.php\/wp-json\/wp\/v2\/tags?post=1332"}],"curies":[{"name":"wp","href":"https:\/\/api.w.org\/{rel}","templated":true}]}}