{"id":13389,"date":"2021-01-12T18:41:29","date_gmt":"2021-01-12T21:41:29","guid":{"rendered":"https:\/\/jornalfatosenoticias.com.br\/?p=13389"},"modified":"2021-01-12T18:41:34","modified_gmt":"2021-01-12T21:41:34","slug":"estudos-usam-a-matematica-para-desvendar-a-semantica-dos-sonhos-na-pandemia","status":"publish","type":"post","link":"https:\/\/jornalfatosenoticias.com.br\/index.php\/2021\/01\/12\/estudos-usam-a-matematica-para-desvendar-a-semantica-dos-sonhos-na-pandemia\/","title":{"rendered":"Estudos usam a matem\u00e1tica para desvendar a sem\u00e2ntica dos sonhos na pandemia"},"content":{"rendered":"\n<p>A pandemia da covid-19 tem causado impacto no comportamento do brasileiro. Sentimentos como medo, apreens\u00e3o, tristeza e ansiedade s\u00e3o parte do cotidiano de muitas fam\u00edlias desde que os primeiros casos da doen\u00e7a come\u00e7aram a ser registrados oficialmente no pa\u00eds, em fevereiro do ano passado.<br>Toda essa preocupa\u00e7\u00e3o refletem-se nos sonhos, que exprimem uma carga maior de sofrimento mental, temor de contamina\u00e7\u00e3o e at\u00e9 mesmo repercuss\u00f5es do isolamento social e da falta de contato f\u00edsico com outras pessoas. Al\u00e9m disso, os sonhos neste per\u00edodo apresentaram maior propor\u00e7\u00e3o de termos ligados a &#8220;limpeza&#8221; e &#8220;contamina\u00e7\u00e3o&#8221; e de palavras relacionadas a &#8220;raiva&#8221; e &#8220;tristeza&#8221;.<br>A neurocientista Nat\u00e1lia Bezerra Mota, p\u00f3s-doutoranda no Instituto do C\u00e9rebro da Universidade Federal do Rio Grande do Norte (UFRN), lidera pesquisa que busca medir o impacto da pandemia por meio de estudo dos sonhos. O trabalho foi publicado na revista PLOS ONE, em 30 de novembro.<br>O estudo faz parte do projeto de p\u00f3s-doutorado de Mota, supervisionado pelos pesquisadores Sidarta Ribeiro (UFRN) e Mauro Copelli, da Universidade Federal de Pernambuco (UFPE), que integram o Centro de Pesquisa, Inova\u00e7\u00e3o e Difus\u00e3o em Neuromatem\u00e1tica, um Centro de Pesquisa, Inova\u00e7\u00e3o e Difus\u00e3o, apoiado pela Fapesp, com sede na Universidade de S\u00e3o Paulo (USP).<br>Os resultados s\u00e3o consistentes com a hip\u00f3tese de que os sonhos refletem os desafios de vig\u00edlia apresentados pela pandemia da covid-19 e que emo\u00e7\u00f5es negativas como raiva e tristeza s\u00e3o mais proeminentes durante o per\u00edodo pand\u00eamico, refletindo uma maior carga emocional a ser processada, afirma o estudo. Em entrevista \u00e0 Ag\u00eancia Fapesp, Mota explica que estas conclus\u00f5es foram corroboradas por outros artigos publicados posteriormente nos Estados Unidos, Alemanha e Finl\u00e2ndia.<br>A pesquisa brasileira j\u00e1 havia sido divulgada no fim de maio na plataforma medRxiv, em vers\u00e3o preprint, sem a revis\u00e3o por pares. &#8220;Foi o primeiro estudo sobre o tema a ver empiricamente esses sinais de sofrimento mental e a associa\u00e7\u00e3o deles com as peculiaridades dos sonhos na pandemia&#8221;, completa a neurocientista.<br>J\u00e1 Ribeiro destaca que a pesquisa conseguiu documentar a continuidade entre o que o acontece no mundo on\u00edrico e na vida mental das pessoas (o sofrimento ps\u00edquico). &#8220;Isso \u00e9 interessante do ponto de vista da teoria sobre sonhos. Outro destaque importante do estudo \u00e9 ter feito isso de maneira quantitativa, usando mecanismos matem\u00e1ticos para tentar extrair sem\u00e2ntica&#8221;, afirma o pesquisador.<br>No trabalho, o grupo usou ferramentas de processamento de linguagem natural para estudar 239 relatos de sonhos de 67 indiv\u00edduos, feitos antes dos casos de contamina\u00e7\u00e3o pelo SARS-CoV-2 e durante os meses de mar\u00e7o e abril, logo ap\u00f3s a Organiza\u00e7\u00e3o Mundial da Sa\u00fade (OMS) ter declarado a pandemia de covid.<br>Segundo Mota, um estudo multic\u00eantrico, envolvendo USP, UFRN e as universidades federais de Minas Gerais (UFMG), do Rio Grande do Sul (UFRGS) e do Rio de Janeiro (UFRJ), est\u00e1 analisando agora dados coletados por um per\u00edodo maior da pandemia (at\u00e9 julho). O objetivo \u00e9 avaliar se h\u00e1 impacto nos sonhos dos volunt\u00e1rios provocado por mortes de familiares e pessoas pr\u00f3ximas. &#8220;A inten\u00e7\u00e3o \u00e9 divulgar rapidamente os resultados, assim que estiverem prontos, para que, a partir desse conhecimento, sejam tra\u00e7adas estrat\u00e9gias de sa\u00fade mental&#8221;.<\/p>\n\n\n\n<h4 class=\"wp-block-heading\">Metodologia<\/h4>\n\n\n\n<p>O grupo de pesquisadores brasileiros vinha desenvolvendo e adotando aplicativos e softwares que permitem, por meio da an\u00e1lise do discurso, diagnosticar doen\u00e7as psiqui\u00e1tricas, como a esquizofrenia. Essas ferramentas foram adaptadas para fazer avalia\u00e7\u00f5es cognitivas.<br>Os relatos dos sonhos dos volunt\u00e1rios foram colhidos em \u00e1udio por meio de um aplicativo para smartphone. Depois, os pesquisadores utilizaram tr\u00eas ferramentas de computador. A primeira \u00e9 focada na estrutura do discurso, para comparar a complexidade e conex\u00e3o da trajet\u00f3ria de palavras usadas na narrativa.<br>As outras duas se concentram no conte\u00fado. Uma mede a propor\u00e7\u00e3o de palavras inseridas em determinadas classes, como conte\u00fado sentimental, e as compara a uma lista predefinida para analisar a associa\u00e7\u00e3o com emo\u00e7\u00f5es positivas e negativas. A outra mede a semelhan\u00e7a dos relatos a temas espec\u00edficos por meio da constru\u00e7\u00e3o de mapas de similaridade sem\u00e2ntica, permitindo avaliar o quanto as palavras est\u00e3o pr\u00f3ximas de termos como &#8220;contamina\u00e7\u00e3o&#8221;, &#8220;limpeza&#8221;, &#8220;doen\u00e7a&#8221;, &#8220;sa\u00fade&#8221;, &#8220;morte&#8221; e &#8220;vida&#8221;.<br>&#8220;A semelhan\u00e7a significativa com &#8216;limpeza&#8217; em relatos de sonhos aponta para novas estrat\u00e9gias sociais (por exemplo, uso de m\u00e1scaras, evitar o contato f\u00edsico) e novas pr\u00e1ticas de higiene (como o uso de desinfetante para as m\u00e3os e outros produtos de limpeza) que se tornaram centrais para novas regras sociais e comportamento. Tomados em conjunto, esses achados parecem mostrar que os conte\u00fados dos sonhos refletem as diferentes fontes de medo e frustra\u00e7\u00e3o decorrentes do cen\u00e1rio atual&#8221;, escrevem os pesquisadores no artigo publicado na PLOS ONE.<br>Mota destaca que, apesar de ter sido detectado de forma colateral, chama a aten\u00e7\u00e3o o maior sofrimento expresso nos sonhos da popula\u00e7\u00e3o feminina. &#8220;H\u00e1 na literatura estudos sobre a diferen\u00e7a de g\u00eanero. O p\u00fablico feminino relata maior conte\u00fado negativo e mais pesadelos. Acho que est\u00e1 ligado \u00e0 situa\u00e7\u00e3o hist\u00f3rica do cotidiano das mulheres, em que elas exercem duas, tr\u00eas jornadas, com uma carga mental maior, preocupa\u00e7\u00e3o com trabalho, casa, filhos. Isso se agravou na pandemia&#8221;, avalia a neurocientista.<\/p>\n\n\n\n<p><strong><em>Fonte: <a href=\"https:\/\/www.uol.com.br\/vivabem\/noticias\/redacao\/2021\/01\/12\/estudos-usam-a-matematica-para-desvendar-a-semantica-dos-sonhos-na-pandemia.htm\">UOL<\/a><\/em><\/strong><\/p>\n","protected":false},"excerpt":{"rendered":"<p>A pandemia da covid-19 tem causado impacto no comportamento do brasileiro. Sentimentos como medo, apreens\u00e3o, tristeza e ansiedade s\u00e3o parte do cotidiano de muitas fam\u00edlias desde que os primeiros casos da doen\u00e7a come\u00e7aram a ser registrados oficialmente no pa\u00eds, em fevereiro do ano passado.Toda essa preocupa\u00e7\u00e3o refletem-se nos sonhos, que exprimem uma carga maior de [&hellip;]<\/p>\n","protected":false},"author":2,"featured_media":13390,"comment_status":"open","ping_status":"open","sticky":false,"template":"","format":"standard","meta":{"footnotes":""},"categories":[2],"tags":[2279,2383,1557,330,2251,2623],"class_list":["post-13389","post","type-post","status-publish","format-standard","has-post-thumbnail","hentry","category-ciencia","tag-ansiedade","tag-apreensao","tag-medo","tag-pandemia","tag-sonhos","tag-tristeza"],"yoast_head":"<!-- This site is optimized with the Yoast SEO plugin v26.5 - https:\/\/yoast.com\/wordpress\/plugins\/seo\/ -->\n<title>Estudos usam a matem\u00e1tica para desvendar a sem\u00e2ntica dos sonhos na pandemia - Jornal Fatos e Not\u00edcias<\/title>\n<meta name=\"robots\" content=\"index, follow, max-snippet:-1, max-image-preview:large, max-video-preview:-1\" \/>\n<link rel=\"canonical\" href=\"https:\/\/jornalfatosenoticias.com.br\/index.php\/2021\/01\/12\/estudos-usam-a-matematica-para-desvendar-a-semantica-dos-sonhos-na-pandemia\/\" \/>\n<meta property=\"og:locale\" content=\"pt_BR\" \/>\n<meta property=\"og:type\" content=\"article\" \/>\n<meta property=\"og:title\" content=\"Estudos usam a matem\u00e1tica para desvendar a sem\u00e2ntica dos sonhos na pandemia - Jornal Fatos e Not\u00edcias\" \/>\n<meta property=\"og:description\" content=\"A pandemia da covid-19 tem causado impacto no comportamento do brasileiro. Sentimentos como medo, apreens\u00e3o, tristeza e ansiedade s\u00e3o parte do cotidiano de muitas fam\u00edlias desde que os primeiros casos da doen\u00e7a come\u00e7aram a ser registrados oficialmente no pa\u00eds, em fevereiro do ano passado.Toda essa preocupa\u00e7\u00e3o refletem-se nos sonhos, que exprimem uma carga maior de [&hellip;]\" \/>\n<meta property=\"og:url\" content=\"https:\/\/jornalfatosenoticias.com.br\/index.php\/2021\/01\/12\/estudos-usam-a-matematica-para-desvendar-a-semantica-dos-sonhos-na-pandemia\/\" \/>\n<meta property=\"og:site_name\" content=\"Jornal Fatos e Not\u00edcias\" \/>\n<meta property=\"article:published_time\" content=\"2021-01-12T21:41:29+00:00\" \/>\n<meta property=\"article:modified_time\" content=\"2021-01-12T21:41:34+00:00\" \/>\n<meta property=\"og:image\" content=\"https:\/\/jornalfatosenoticias.com.br\/wp-content\/uploads\/2021\/01\/iStock-sonhos-na-pandemia.jpg\" \/>\n\t<meta property=\"og:image:width\" content=\"1000\" \/>\n\t<meta property=\"og:image:height\" content=\"666\" \/>\n\t<meta property=\"og:image:type\" content=\"image\/jpeg\" \/>\n<meta name=\"author\" content=\"Luzimara Fernandes\" \/>\n<meta name=\"twitter:card\" content=\"summary_large_image\" \/>\n<meta name=\"twitter:label1\" content=\"Escrito por\" \/>\n\t<meta name=\"twitter:data1\" content=\"Luzimara Fernandes\" \/>\n\t<meta name=\"twitter:label2\" content=\"Est. tempo de leitura\" \/>\n\t<meta name=\"twitter:data2\" content=\"5 minutos\" \/>\n<script type=\"application\/ld+json\" class=\"yoast-schema-graph\">{\"@context\":\"https:\/\/schema.org\",\"@graph\":[{\"@type\":\"Article\",\"@id\":\"https:\/\/jornalfatosenoticias.com.br\/index.php\/2021\/01\/12\/estudos-usam-a-matematica-para-desvendar-a-semantica-dos-sonhos-na-pandemia\/#article\",\"isPartOf\":{\"@id\":\"https:\/\/jornalfatosenoticias.com.br\/index.php\/2021\/01\/12\/estudos-usam-a-matematica-para-desvendar-a-semantica-dos-sonhos-na-pandemia\/\"},\"author\":{\"name\":\"Luzimara Fernandes\",\"@id\":\"https:\/\/jornalfatosenoticias.com.br\/#\/schema\/person\/d63837fa13ac8666eb9e74e0985d6f81\"},\"headline\":\"Estudos usam a matem\u00e1tica para desvendar a sem\u00e2ntica dos sonhos na pandemia\",\"datePublished\":\"2021-01-12T21:41:29+00:00\",\"dateModified\":\"2021-01-12T21:41:34+00:00\",\"mainEntityOfPage\":{\"@id\":\"https:\/\/jornalfatosenoticias.com.br\/index.php\/2021\/01\/12\/estudos-usam-a-matematica-para-desvendar-a-semantica-dos-sonhos-na-pandemia\/\"},\"wordCount\":933,\"commentCount\":0,\"publisher\":{\"@id\":\"https:\/\/jornalfatosenoticias.com.br\/#organization\"},\"image\":{\"@id\":\"https:\/\/jornalfatosenoticias.com.br\/index.php\/2021\/01\/12\/estudos-usam-a-matematica-para-desvendar-a-semantica-dos-sonhos-na-pandemia\/#primaryimage\"},\"thumbnailUrl\":\"https:\/\/jornalfatosenoticias.com.br\/wp-content\/uploads\/2021\/01\/iStock-sonhos-na-pandemia.jpg\",\"keywords\":[\"ansiedade\",\"apreens\u00e3o\",\"medo\",\"pandemia\",\"sonhos\",\"tristeza\"],\"articleSection\":[\"Ci\u00eancia\"],\"inLanguage\":\"pt-BR\",\"potentialAction\":[{\"@type\":\"CommentAction\",\"name\":\"Comment\",\"target\":[\"https:\/\/jornalfatosenoticias.com.br\/index.php\/2021\/01\/12\/estudos-usam-a-matematica-para-desvendar-a-semantica-dos-sonhos-na-pandemia\/#respond\"]}]},{\"@type\":\"WebPage\",\"@id\":\"https:\/\/jornalfatosenoticias.com.br\/index.php\/2021\/01\/12\/estudos-usam-a-matematica-para-desvendar-a-semantica-dos-sonhos-na-pandemia\/\",\"url\":\"https:\/\/jornalfatosenoticias.com.br\/index.php\/2021\/01\/12\/estudos-usam-a-matematica-para-desvendar-a-semantica-dos-sonhos-na-pandemia\/\",\"name\":\"Estudos usam a matem\u00e1tica para desvendar a sem\u00e2ntica dos sonhos na pandemia - Jornal Fatos e Not\u00edcias\",\"isPartOf\":{\"@id\":\"https:\/\/jornalfatosenoticias.com.br\/#website\"},\"primaryImageOfPage\":{\"@id\":\"https:\/\/jornalfatosenoticias.com.br\/index.php\/2021\/01\/12\/estudos-usam-a-matematica-para-desvendar-a-semantica-dos-sonhos-na-pandemia\/#primaryimage\"},\"image\":{\"@id\":\"https:\/\/jornalfatosenoticias.com.br\/index.php\/2021\/01\/12\/estudos-usam-a-matematica-para-desvendar-a-semantica-dos-sonhos-na-pandemia\/#primaryimage\"},\"thumbnailUrl\":\"https:\/\/jornalfatosenoticias.com.br\/wp-content\/uploads\/2021\/01\/iStock-sonhos-na-pandemia.jpg\",\"datePublished\":\"2021-01-12T21:41:29+00:00\",\"dateModified\":\"2021-01-12T21:41:34+00:00\",\"breadcrumb\":{\"@id\":\"https:\/\/jornalfatosenoticias.com.br\/index.php\/2021\/01\/12\/estudos-usam-a-matematica-para-desvendar-a-semantica-dos-sonhos-na-pandemia\/#breadcrumb\"},\"inLanguage\":\"pt-BR\",\"potentialAction\":[{\"@type\":\"ReadAction\",\"target\":[\"https:\/\/jornalfatosenoticias.com.br\/index.php\/2021\/01\/12\/estudos-usam-a-matematica-para-desvendar-a-semantica-dos-sonhos-na-pandemia\/\"]}]},{\"@type\":\"ImageObject\",\"inLanguage\":\"pt-BR\",\"@id\":\"https:\/\/jornalfatosenoticias.com.br\/index.php\/2021\/01\/12\/estudos-usam-a-matematica-para-desvendar-a-semantica-dos-sonhos-na-pandemia\/#primaryimage\",\"url\":\"https:\/\/jornalfatosenoticias.com.br\/wp-content\/uploads\/2021\/01\/iStock-sonhos-na-pandemia.jpg\",\"contentUrl\":\"https:\/\/jornalfatosenoticias.com.br\/wp-content\/uploads\/2021\/01\/iStock-sonhos-na-pandemia.jpg\",\"width\":1000,\"height\":666,\"caption\":\"Shot of an attractive young woman sleeping in her bed in the morning at home\"},{\"@type\":\"BreadcrumbList\",\"@id\":\"https:\/\/jornalfatosenoticias.com.br\/index.php\/2021\/01\/12\/estudos-usam-a-matematica-para-desvendar-a-semantica-dos-sonhos-na-pandemia\/#breadcrumb\",\"itemListElement\":[{\"@type\":\"ListItem\",\"position\":1,\"name\":\"In\u00edcio\",\"item\":\"https:\/\/jornalfatosenoticias.com.br\/\"},{\"@type\":\"ListItem\",\"position\":2,\"name\":\"Estudos usam a matem\u00e1tica para desvendar a sem\u00e2ntica dos sonhos na pandemia\"}]},{\"@type\":\"WebSite\",\"@id\":\"https:\/\/jornalfatosenoticias.com.br\/#website\",\"url\":\"https:\/\/jornalfatosenoticias.com.br\/\",\"name\":\"Jornal Fatos e Not\u00edcias\",\"description\":\"Not\u00edcias em geral\",\"publisher\":{\"@id\":\"https:\/\/jornalfatosenoticias.com.br\/#organization\"},\"potentialAction\":[{\"@type\":\"SearchAction\",\"target\":{\"@type\":\"EntryPoint\",\"urlTemplate\":\"https:\/\/jornalfatosenoticias.com.br\/?s={search_term_string}\"},\"query-input\":{\"@type\":\"PropertyValueSpecification\",\"valueRequired\":true,\"valueName\":\"search_term_string\"}}],\"inLanguage\":\"pt-BR\"},{\"@type\":\"Organization\",\"@id\":\"https:\/\/jornalfatosenoticias.com.br\/#organization\",\"name\":\"Jornal Fatos e Not\u00edcias\",\"url\":\"https:\/\/jornalfatosenoticias.com.br\/\",\"logo\":{\"@type\":\"ImageObject\",\"inLanguage\":\"pt-BR\",\"@id\":\"https:\/\/jornalfatosenoticias.com.br\/#\/schema\/logo\/image\/\",\"url\":\"https:\/\/jornalfatosenoticias.com.br\/wp-content\/uploads\/2020\/02\/logo120.png\",\"contentUrl\":\"https:\/\/jornalfatosenoticias.com.br\/wp-content\/uploads\/2020\/02\/logo120.png\",\"width\":1227,\"height\":120,\"caption\":\"Jornal Fatos e Not\u00edcias\"},\"image\":{\"@id\":\"https:\/\/jornalfatosenoticias.com.br\/#\/schema\/logo\/image\/\"}},{\"@type\":\"Person\",\"@id\":\"https:\/\/jornalfatosenoticias.com.br\/#\/schema\/person\/d63837fa13ac8666eb9e74e0985d6f81\",\"name\":\"Luzimara Fernandes\",\"image\":{\"@type\":\"ImageObject\",\"inLanguage\":\"pt-BR\",\"@id\":\"https:\/\/jornalfatosenoticias.com.br\/#\/schema\/person\/image\/\",\"url\":\"https:\/\/jornalfatosenoticias.com.br\/wp-content\/uploads\/2025\/05\/EU_portal.jpg\",\"contentUrl\":\"https:\/\/jornalfatosenoticias.com.br\/wp-content\/uploads\/2025\/05\/EU_portal.jpg\",\"caption\":\"Luzimara Fernandes\"},\"description\":\"Jornalista MTB 2358-ES\",\"sameAs\":[\"https:\/\/jornalfatosenoticias.com.br\"],\"url\":\"https:\/\/jornalfatosenoticias.com.br\/index.php\/author\/luzimara\/\"}]}<\/script>\n<!-- \/ Yoast SEO plugin. -->","yoast_head_json":{"title":"Estudos usam a matem\u00e1tica para desvendar a sem\u00e2ntica dos sonhos na pandemia - Jornal Fatos e Not\u00edcias","robots":{"index":"index","follow":"follow","max-snippet":"max-snippet:-1","max-image-preview":"max-image-preview:large","max-video-preview":"max-video-preview:-1"},"canonical":"https:\/\/jornalfatosenoticias.com.br\/index.php\/2021\/01\/12\/estudos-usam-a-matematica-para-desvendar-a-semantica-dos-sonhos-na-pandemia\/","og_locale":"pt_BR","og_type":"article","og_title":"Estudos usam a matem\u00e1tica para desvendar a sem\u00e2ntica dos sonhos na pandemia - Jornal Fatos e Not\u00edcias","og_description":"A pandemia da covid-19 tem causado impacto no comportamento do brasileiro. Sentimentos como medo, apreens\u00e3o, tristeza e ansiedade s\u00e3o parte do cotidiano de muitas fam\u00edlias desde que os primeiros casos da doen\u00e7a come\u00e7aram a ser registrados oficialmente no pa\u00eds, em fevereiro do ano passado.Toda essa preocupa\u00e7\u00e3o refletem-se nos sonhos, que exprimem uma carga maior de [&hellip;]","og_url":"https:\/\/jornalfatosenoticias.com.br\/index.php\/2021\/01\/12\/estudos-usam-a-matematica-para-desvendar-a-semantica-dos-sonhos-na-pandemia\/","og_site_name":"Jornal Fatos e Not\u00edcias","article_published_time":"2021-01-12T21:41:29+00:00","article_modified_time":"2021-01-12T21:41:34+00:00","og_image":[{"width":1000,"height":666,"url":"https:\/\/jornalfatosenoticias.com.br\/wp-content\/uploads\/2021\/01\/iStock-sonhos-na-pandemia.jpg","type":"image\/jpeg"}],"author":"Luzimara Fernandes","twitter_card":"summary_large_image","twitter_misc":{"Escrito por":"Luzimara Fernandes","Est. tempo de leitura":"5 minutos"},"schema":{"@context":"https:\/\/schema.org","@graph":[{"@type":"Article","@id":"https:\/\/jornalfatosenoticias.com.br\/index.php\/2021\/01\/12\/estudos-usam-a-matematica-para-desvendar-a-semantica-dos-sonhos-na-pandemia\/#article","isPartOf":{"@id":"https:\/\/jornalfatosenoticias.com.br\/index.php\/2021\/01\/12\/estudos-usam-a-matematica-para-desvendar-a-semantica-dos-sonhos-na-pandemia\/"},"author":{"name":"Luzimara Fernandes","@id":"https:\/\/jornalfatosenoticias.com.br\/#\/schema\/person\/d63837fa13ac8666eb9e74e0985d6f81"},"headline":"Estudos usam a matem\u00e1tica para desvendar a sem\u00e2ntica dos sonhos na pandemia","datePublished":"2021-01-12T21:41:29+00:00","dateModified":"2021-01-12T21:41:34+00:00","mainEntityOfPage":{"@id":"https:\/\/jornalfatosenoticias.com.br\/index.php\/2021\/01\/12\/estudos-usam-a-matematica-para-desvendar-a-semantica-dos-sonhos-na-pandemia\/"},"wordCount":933,"commentCount":0,"publisher":{"@id":"https:\/\/jornalfatosenoticias.com.br\/#organization"},"image":{"@id":"https:\/\/jornalfatosenoticias.com.br\/index.php\/2021\/01\/12\/estudos-usam-a-matematica-para-desvendar-a-semantica-dos-sonhos-na-pandemia\/#primaryimage"},"thumbnailUrl":"https:\/\/jornalfatosenoticias.com.br\/wp-content\/uploads\/2021\/01\/iStock-sonhos-na-pandemia.jpg","keywords":["ansiedade","apreens\u00e3o","medo","pandemia","sonhos","tristeza"],"articleSection":["Ci\u00eancia"],"inLanguage":"pt-BR","potentialAction":[{"@type":"CommentAction","name":"Comment","target":["https:\/\/jornalfatosenoticias.com.br\/index.php\/2021\/01\/12\/estudos-usam-a-matematica-para-desvendar-a-semantica-dos-sonhos-na-pandemia\/#respond"]}]},{"@type":"WebPage","@id":"https:\/\/jornalfatosenoticias.com.br\/index.php\/2021\/01\/12\/estudos-usam-a-matematica-para-desvendar-a-semantica-dos-sonhos-na-pandemia\/","url":"https:\/\/jornalfatosenoticias.com.br\/index.php\/2021\/01\/12\/estudos-usam-a-matematica-para-desvendar-a-semantica-dos-sonhos-na-pandemia\/","name":"Estudos usam a matem\u00e1tica para desvendar a sem\u00e2ntica dos sonhos na pandemia - Jornal Fatos e Not\u00edcias","isPartOf":{"@id":"https:\/\/jornalfatosenoticias.com.br\/#website"},"primaryImageOfPage":{"@id":"https:\/\/jornalfatosenoticias.com.br\/index.php\/2021\/01\/12\/estudos-usam-a-matematica-para-desvendar-a-semantica-dos-sonhos-na-pandemia\/#primaryimage"},"image":{"@id":"https:\/\/jornalfatosenoticias.com.br\/index.php\/2021\/01\/12\/estudos-usam-a-matematica-para-desvendar-a-semantica-dos-sonhos-na-pandemia\/#primaryimage"},"thumbnailUrl":"https:\/\/jornalfatosenoticias.com.br\/wp-content\/uploads\/2021\/01\/iStock-sonhos-na-pandemia.jpg","datePublished":"2021-01-12T21:41:29+00:00","dateModified":"2021-01-12T21:41:34+00:00","breadcrumb":{"@id":"https:\/\/jornalfatosenoticias.com.br\/index.php\/2021\/01\/12\/estudos-usam-a-matematica-para-desvendar-a-semantica-dos-sonhos-na-pandemia\/#breadcrumb"},"inLanguage":"pt-BR","potentialAction":[{"@type":"ReadAction","target":["https:\/\/jornalfatosenoticias.com.br\/index.php\/2021\/01\/12\/estudos-usam-a-matematica-para-desvendar-a-semantica-dos-sonhos-na-pandemia\/"]}]},{"@type":"ImageObject","inLanguage":"pt-BR","@id":"https:\/\/jornalfatosenoticias.com.br\/index.php\/2021\/01\/12\/estudos-usam-a-matematica-para-desvendar-a-semantica-dos-sonhos-na-pandemia\/#primaryimage","url":"https:\/\/jornalfatosenoticias.com.br\/wp-content\/uploads\/2021\/01\/iStock-sonhos-na-pandemia.jpg","contentUrl":"https:\/\/jornalfatosenoticias.com.br\/wp-content\/uploads\/2021\/01\/iStock-sonhos-na-pandemia.jpg","width":1000,"height":666,"caption":"Shot of an attractive young woman sleeping in her bed in the morning at home"},{"@type":"BreadcrumbList","@id":"https:\/\/jornalfatosenoticias.com.br\/index.php\/2021\/01\/12\/estudos-usam-a-matematica-para-desvendar-a-semantica-dos-sonhos-na-pandemia\/#breadcrumb","itemListElement":[{"@type":"ListItem","position":1,"name":"In\u00edcio","item":"https:\/\/jornalfatosenoticias.com.br\/"},{"@type":"ListItem","position":2,"name":"Estudos usam a matem\u00e1tica para desvendar a sem\u00e2ntica dos sonhos na pandemia"}]},{"@type":"WebSite","@id":"https:\/\/jornalfatosenoticias.com.br\/#website","url":"https:\/\/jornalfatosenoticias.com.br\/","name":"Jornal Fatos e Not\u00edcias","description":"Not\u00edcias em geral","publisher":{"@id":"https:\/\/jornalfatosenoticias.com.br\/#organization"},"potentialAction":[{"@type":"SearchAction","target":{"@type":"EntryPoint","urlTemplate":"https:\/\/jornalfatosenoticias.com.br\/?s={search_term_string}"},"query-input":{"@type":"PropertyValueSpecification","valueRequired":true,"valueName":"search_term_string"}}],"inLanguage":"pt-BR"},{"@type":"Organization","@id":"https:\/\/jornalfatosenoticias.com.br\/#organization","name":"Jornal Fatos e Not\u00edcias","url":"https:\/\/jornalfatosenoticias.com.br\/","logo":{"@type":"ImageObject","inLanguage":"pt-BR","@id":"https:\/\/jornalfatosenoticias.com.br\/#\/schema\/logo\/image\/","url":"https:\/\/jornalfatosenoticias.com.br\/wp-content\/uploads\/2020\/02\/logo120.png","contentUrl":"https:\/\/jornalfatosenoticias.com.br\/wp-content\/uploads\/2020\/02\/logo120.png","width":1227,"height":120,"caption":"Jornal Fatos e Not\u00edcias"},"image":{"@id":"https:\/\/jornalfatosenoticias.com.br\/#\/schema\/logo\/image\/"}},{"@type":"Person","@id":"https:\/\/jornalfatosenoticias.com.br\/#\/schema\/person\/d63837fa13ac8666eb9e74e0985d6f81","name":"Luzimara Fernandes","image":{"@type":"ImageObject","inLanguage":"pt-BR","@id":"https:\/\/jornalfatosenoticias.com.br\/#\/schema\/person\/image\/","url":"https:\/\/jornalfatosenoticias.com.br\/wp-content\/uploads\/2025\/05\/EU_portal.jpg","contentUrl":"https:\/\/jornalfatosenoticias.com.br\/wp-content\/uploads\/2025\/05\/EU_portal.jpg","caption":"Luzimara Fernandes"},"description":"Jornalista MTB 2358-ES","sameAs":["https:\/\/jornalfatosenoticias.com.br"],"url":"https:\/\/jornalfatosenoticias.com.br\/index.php\/author\/luzimara\/"}]}},"cc_featured_image_caption":{"caption_text":"(Foto: iStock\/Getty Images)","source_text":"","source_url":""},"jetpack_featured_media_url":"https:\/\/jornalfatosenoticias.com.br\/wp-content\/uploads\/2021\/01\/iStock-sonhos-na-pandemia.jpg","_links":{"self":[{"href":"https:\/\/jornalfatosenoticias.com.br\/index.php\/wp-json\/wp\/v2\/posts\/13389","targetHints":{"allow":["GET"]}}],"collection":[{"href":"https:\/\/jornalfatosenoticias.com.br\/index.php\/wp-json\/wp\/v2\/posts"}],"about":[{"href":"https:\/\/jornalfatosenoticias.com.br\/index.php\/wp-json\/wp\/v2\/types\/post"}],"author":[{"embeddable":true,"href":"https:\/\/jornalfatosenoticias.com.br\/index.php\/wp-json\/wp\/v2\/users\/2"}],"replies":[{"embeddable":true,"href":"https:\/\/jornalfatosenoticias.com.br\/index.php\/wp-json\/wp\/v2\/comments?post=13389"}],"version-history":[{"count":0,"href":"https:\/\/jornalfatosenoticias.com.br\/index.php\/wp-json\/wp\/v2\/posts\/13389\/revisions"}],"wp:featuredmedia":[{"embeddable":true,"href":"https:\/\/jornalfatosenoticias.com.br\/index.php\/wp-json\/wp\/v2\/media\/13390"}],"wp:attachment":[{"href":"https:\/\/jornalfatosenoticias.com.br\/index.php\/wp-json\/wp\/v2\/media?parent=13389"}],"wp:term":[{"taxonomy":"category","embeddable":true,"href":"https:\/\/jornalfatosenoticias.com.br\/index.php\/wp-json\/wp\/v2\/categories?post=13389"},{"taxonomy":"post_tag","embeddable":true,"href":"https:\/\/jornalfatosenoticias.com.br\/index.php\/wp-json\/wp\/v2\/tags?post=13389"}],"curies":[{"name":"wp","href":"https:\/\/api.w.org\/{rel}","templated":true}]}}