{"id":13393,"date":"2021-01-13T10:12:56","date_gmt":"2021-01-13T13:12:56","guid":{"rendered":"https:\/\/jornalfatosenoticias.com.br\/?p=13393"},"modified":"2021-01-13T10:13:00","modified_gmt":"2021-01-13T13:13:00","slug":"apresentacao-de-videos-marca-84-anos-do-museu-nacional-de-belas-artes","status":"publish","type":"post","link":"https:\/\/jornalfatosenoticias.com.br\/index.php\/2021\/01\/13\/apresentacao-de-videos-marca-84-anos-do-museu-nacional-de-belas-artes\/","title":{"rendered":"Apresenta\u00e7\u00e3o de v\u00eddeos marca 84 anos do Museu Nacional de Belas Artes"},"content":{"rendered":"\n<h6 class=\"wp-block-heading\"><em>Homenagem ser\u00e1 feita pelo projeto Rede Afetiva do Museu<\/em><\/h6>\n\n\n\n<p>O Projeto Rede Afetiva dos 84 anos do Museu Nacional de Belas Artes (MNBA) comemora hoje (13) o anivers\u00e1rio da entidade, vinculada ao Instituto Brasileiro de Museus (Ibram) e situada no centro hist\u00f3rico do Rio de Janeiro, na Cinel\u00e2ndia. Entre os v\u00eddeos que ser\u00e3o apresentados nesta quarta-feira est\u00e3o o do artista pl\u00e1stico Luiz Aquila e da diretora do museu, M\u00f4nica Xex\u00e9o.<br>O edif\u00edcio, de arquitetura ecl\u00e9tica, foi projetado em 1908 pelo arquiteto Adolfo Morales de los Rios para sediar a Escola Nacional de Belas Artes (EBA), que sucedeu \u00e0 Academia Imperial de Belas Artes. O pr\u00e9dio foi constru\u00eddo durante as obras de moderniza\u00e7\u00e3o urban\u00edstica realizadas pelo prefeito Pereira Passos na ent\u00e3o capital federal.<br>O Projeto Rede Afetiva dos 84 anos do Museu Nacional de Belas Artes ocorrer\u00e1 nos dias 13, 15, 20, 22 e 27, sempre \u00e0s 11h, apresentando v\u00eddeos de profissionais que comp\u00f5em o universo da arte e da cultura falando sobre o museu. Tamb\u00e9m ser\u00e3o divulgados v\u00eddeos do adido Cultural da Fran\u00e7a Pierre Romain, do jornalista Joaquim Ferreira dos Santos, al\u00e9m da curadora e cr\u00edtica de arte Araci Amaral.<br>O MNBA foi criado oficialmente em 1937, por decreto do presidente Get\u00falio Vargas, e dividiu a ocupa\u00e7\u00e3o do pr\u00e9dio com a Escola Nacional de Belas Artes at\u00e9 1976, quando a EBA foi deslocada para a Ilha do Fund\u00e3o, na zona norte da capital fluminense. Nesse mesmo ano, com a cria\u00e7\u00e3o da Funda\u00e7\u00e3o Nacional de Arte (Funarte), houve novo compartilhamento. Em 24 de maio de 1973, o Instituto do Patrim\u00f4nio Hist\u00f3rico e Art\u00edstico Nacional (Iphan) determinou o tombamento do edif\u00edcio da Avenida Rio Branco, n\u00famero 199 e, a partir de 2003, a constru\u00e7\u00e3o passou a abrigar o MNBA em sua totalidade.<\/p>\n\n\n\n<h4 class=\"wp-block-heading\">Outras atra\u00e7\u00f5es<\/h4>\n\n\n\n<p>No dia 14, \u00e0s 11h, haver\u00e1 a exibi\u00e7\u00e3o do v\u00eddeo Antinoo, sobre a escultura original romana em m\u00e1rmore da \u00e9poca do Imperador Adriano, que foi encontrada em 1878 nas escava\u00e7\u00f5es patrocinadas pela Imperatriz do Brasil Tereza Cristina nas vizinhan\u00e7as de Roma, mais precisamente em Veio, antiga cidade etrusca. O busto de Antinoo est\u00e1 na Galeria de Moldagens do MNBA, de cujo acervo \u00e9 uma das obras mais conhecidas. O v\u00eddeo conta um pouco tamb\u00e9m da hist\u00f3ria do equipamento.<br>No dia 26, \u00e0s 17h, ser\u00e1 divulgada exposi\u00e7\u00e3o do Instituto dos Arquitetos do Brasil (IAB) no MNBA, comemorando 100 anos da entidade. No pr\u00f3ximo dia 28, \u00e0s 11h, est\u00e1 prevista uma performance do artista \u00edtalo-brasileiro Lucio Salvatore, intitulada Campo, Cuide Um do Outro. Na ocasi\u00e3o, Salvatore vai criar uma obra de arte usando elementos da pandemia do novo coronav\u00edrus e da vacina\u00e7\u00e3o contra a covid-19.<\/p>\n\n\n\n<h4 class=\"wp-block-heading\">Patrim\u00f4nio<\/h4>\n\n\n\n<p>O MNBA continua em obras de moderniza\u00e7\u00e3o e requalifica\u00e7\u00e3o. Elas foram iniciadas no ano passado e prosseguir\u00e3o at\u00e9 2022, informou \u00e0 Ag\u00eancia Brasil a assessoria de imprensa do museu. Devido aos trabalhos de restaura\u00e7\u00e3o de c\u00fapulas e fachadas, a visita\u00e7\u00e3o foi totalmente suspensa. As obras t\u00eam custo de R$ 25 milh\u00f5es, com recursos do Fundo de Direitos Difusos do Minist\u00e9rio da Justi\u00e7a.<br>Para a diretora do MNBA, M\u00f4nica Xex\u00e9o, a reforma abre nova perspectiva para o museu, \u201cque ser\u00e1 entregue modernizado, com os equipamentos de seguran\u00e7a e preserva\u00e7\u00e3o de todo o patrim\u00f4nio, que \u00e9 a joia cultural de todos os brasileiros\u201d. M\u00f4nica n\u00e3o tem d\u00favida de que depois de todos os trabalhos conclu\u00eddos, o museu ser\u00e1 devolvido \u00e0 visita\u00e7\u00e3o em melhores condi\u00e7\u00f5es f\u00edsicas, de seguran\u00e7a e de conserva\u00e7\u00e3o do acervo, que j\u00e1 atingiu 100 mil itens.<\/p>\n\n\n\n<h4 class=\"wp-block-heading\">Quarentena<\/h4>\n\n\n\n<p>Durante a pandemia do novo coronav\u00edrus, o MNBA\/Ibram criou o projeto Arte em Di\u00e1logo \u2014 Na Quarentena, para proporcionar aos artistas contempor\u00e2neos e \u00e0 sociedade uma intera\u00e7\u00e3o afetiva e reflexiva. O projeto \u00e9 apresentado nas redes sociais do MNBA (Facebook: MNBARio e Instagram: @mnbario) a partir de um v\u00eddeo, feito em celular ou com c\u00e2mera pelo pr\u00f3prio artista, em um clima de conversa informal. O artista fala a respeito do seu processo de cria\u00e7\u00e3o e o seu laborat\u00f3rio de trabalho. A ideia \u00e9 fazer coment\u00e1rios sobre algumas das obras produzidas.<br>Os v\u00eddeos ser\u00e3o incorporados ao acervo do canal do MNBA no YouTube: MNBA Rio, ficando dispon\u00edveis para consultas dos interessados. O projeto Arte em Di\u00e1logo \u2014 Na Quarentena n\u00e3o tem fins lucrativos. A ideia \u00e9 proporcionar ao p\u00fablico acessibilidade e divulga\u00e7\u00e3o de cap\u00edtulos importantes da arte brasileira contempor\u00e2nea.<\/p>\n\n\n\n<p><em><strong>Foto:<\/strong> Divulga\u00e7\u00e3o\/Museu Nacional de Belas Artes<\/em><\/p>\n\n\n\n<p><strong><em>Fonte: <a href=\"https:\/\/agenciabrasil.ebc.com.br\/geral\/noticia\/2021-01\/apresentacao-de-videos-marca-84-anos-do-museu-nacional-de-belas-artes#\">Ag\u00eancia Brasil<\/a><\/em><\/strong><\/p>\n","protected":false},"excerpt":{"rendered":"<p>Homenagem ser\u00e1 feita pelo projeto Rede Afetiva do Museu O Projeto Rede Afetiva dos 84 anos do Museu Nacional de Belas Artes (MNBA) comemora hoje (13) o anivers\u00e1rio da entidade, vinculada ao Instituto Brasileiro de Museus (Ibram) e situada no centro hist\u00f3rico do Rio de Janeiro, na Cinel\u00e2ndia. Entre os v\u00eddeos que ser\u00e3o apresentados nesta [&hellip;]<\/p>\n","protected":false},"author":2,"featured_media":13394,"comment_status":"open","ping_status":"open","sticky":false,"template":"","format":"standard","meta":{"footnotes":""},"categories":[4],"tags":[6922,6921,6920,825],"class_list":["post-13393","post","type-post","status-publish","format-standard","has-post-thumbnail","hentry","category-cultura","tag-84-anos","tag-mnba","tag-museu-nacional-de-belas-artes","tag-projeto"],"yoast_head":"<!-- This site is optimized with the Yoast SEO plugin v26.5 - https:\/\/yoast.com\/wordpress\/plugins\/seo\/ -->\n<title>Apresenta\u00e7\u00e3o de v\u00eddeos marca 84 anos do Museu Nacional de Belas Artes - Jornal Fatos e Not\u00edcias<\/title>\n<meta name=\"robots\" content=\"index, follow, max-snippet:-1, max-image-preview:large, max-video-preview:-1\" \/>\n<link rel=\"canonical\" href=\"https:\/\/jornalfatosenoticias.com.br\/index.php\/2021\/01\/13\/apresentacao-de-videos-marca-84-anos-do-museu-nacional-de-belas-artes\/\" \/>\n<meta property=\"og:locale\" content=\"pt_BR\" \/>\n<meta property=\"og:type\" content=\"article\" \/>\n<meta property=\"og:title\" content=\"Apresenta\u00e7\u00e3o de v\u00eddeos marca 84 anos do Museu Nacional de Belas Artes - Jornal Fatos e Not\u00edcias\" \/>\n<meta property=\"og:description\" content=\"Homenagem ser\u00e1 feita pelo projeto Rede Afetiva do Museu O Projeto Rede Afetiva dos 84 anos do Museu Nacional de Belas Artes (MNBA) comemora hoje (13) o anivers\u00e1rio da entidade, vinculada ao Instituto Brasileiro de Museus (Ibram) e situada no centro hist\u00f3rico do Rio de Janeiro, na Cinel\u00e2ndia. Entre os v\u00eddeos que ser\u00e3o apresentados nesta [&hellip;]\" \/>\n<meta property=\"og:url\" content=\"https:\/\/jornalfatosenoticias.com.br\/index.php\/2021\/01\/13\/apresentacao-de-videos-marca-84-anos-do-museu-nacional-de-belas-artes\/\" \/>\n<meta property=\"og:site_name\" content=\"Jornal Fatos e Not\u00edcias\" \/>\n<meta property=\"article:published_time\" content=\"2021-01-13T13:12:56+00:00\" \/>\n<meta property=\"article:modified_time\" content=\"2021-01-13T13:13:00+00:00\" \/>\n<meta property=\"og:image\" content=\"https:\/\/jornalfatosenoticias.com.br\/wp-content\/uploads\/2021\/01\/museu_nacional_de_belas_artes.jpg\" \/>\n\t<meta property=\"og:image:width\" content=\"1000\" \/>\n\t<meta property=\"og:image:height\" content=\"598\" \/>\n\t<meta property=\"og:image:type\" content=\"image\/jpeg\" \/>\n<meta name=\"author\" content=\"Luzimara Fernandes\" \/>\n<meta name=\"twitter:card\" content=\"summary_large_image\" \/>\n<meta name=\"twitter:label1\" content=\"Escrito por\" \/>\n\t<meta name=\"twitter:data1\" content=\"Luzimara Fernandes\" \/>\n\t<meta name=\"twitter:label2\" content=\"Est. tempo de leitura\" \/>\n\t<meta name=\"twitter:data2\" content=\"4 minutos\" \/>\n<script type=\"application\/ld+json\" class=\"yoast-schema-graph\">{\"@context\":\"https:\/\/schema.org\",\"@graph\":[{\"@type\":\"Article\",\"@id\":\"https:\/\/jornalfatosenoticias.com.br\/index.php\/2021\/01\/13\/apresentacao-de-videos-marca-84-anos-do-museu-nacional-de-belas-artes\/#article\",\"isPartOf\":{\"@id\":\"https:\/\/jornalfatosenoticias.com.br\/index.php\/2021\/01\/13\/apresentacao-de-videos-marca-84-anos-do-museu-nacional-de-belas-artes\/\"},\"author\":{\"name\":\"Luzimara Fernandes\",\"@id\":\"https:\/\/jornalfatosenoticias.com.br\/#\/schema\/person\/d63837fa13ac8666eb9e74e0985d6f81\"},\"headline\":\"Apresenta\u00e7\u00e3o de v\u00eddeos marca 84 anos do Museu Nacional de Belas Artes\",\"datePublished\":\"2021-01-13T13:12:56+00:00\",\"dateModified\":\"2021-01-13T13:13:00+00:00\",\"mainEntityOfPage\":{\"@id\":\"https:\/\/jornalfatosenoticias.com.br\/index.php\/2021\/01\/13\/apresentacao-de-videos-marca-84-anos-do-museu-nacional-de-belas-artes\/\"},\"wordCount\":798,\"commentCount\":0,\"publisher\":{\"@id\":\"https:\/\/jornalfatosenoticias.com.br\/#organization\"},\"image\":{\"@id\":\"https:\/\/jornalfatosenoticias.com.br\/index.php\/2021\/01\/13\/apresentacao-de-videos-marca-84-anos-do-museu-nacional-de-belas-artes\/#primaryimage\"},\"thumbnailUrl\":\"https:\/\/jornalfatosenoticias.com.br\/wp-content\/uploads\/2021\/01\/museu_nacional_de_belas_artes.jpg\",\"keywords\":[\"84 anos\",\"MNBA\",\"Museu Nacional de Belas Artes\",\"projeto\"],\"articleSection\":[\"Cultura\"],\"inLanguage\":\"pt-BR\",\"potentialAction\":[{\"@type\":\"CommentAction\",\"name\":\"Comment\",\"target\":[\"https:\/\/jornalfatosenoticias.com.br\/index.php\/2021\/01\/13\/apresentacao-de-videos-marca-84-anos-do-museu-nacional-de-belas-artes\/#respond\"]}]},{\"@type\":\"WebPage\",\"@id\":\"https:\/\/jornalfatosenoticias.com.br\/index.php\/2021\/01\/13\/apresentacao-de-videos-marca-84-anos-do-museu-nacional-de-belas-artes\/\",\"url\":\"https:\/\/jornalfatosenoticias.com.br\/index.php\/2021\/01\/13\/apresentacao-de-videos-marca-84-anos-do-museu-nacional-de-belas-artes\/\",\"name\":\"Apresenta\u00e7\u00e3o de v\u00eddeos marca 84 anos do Museu Nacional de Belas Artes - Jornal Fatos e Not\u00edcias\",\"isPartOf\":{\"@id\":\"https:\/\/jornalfatosenoticias.com.br\/#website\"},\"primaryImageOfPage\":{\"@id\":\"https:\/\/jornalfatosenoticias.com.br\/index.php\/2021\/01\/13\/apresentacao-de-videos-marca-84-anos-do-museu-nacional-de-belas-artes\/#primaryimage\"},\"image\":{\"@id\":\"https:\/\/jornalfatosenoticias.com.br\/index.php\/2021\/01\/13\/apresentacao-de-videos-marca-84-anos-do-museu-nacional-de-belas-artes\/#primaryimage\"},\"thumbnailUrl\":\"https:\/\/jornalfatosenoticias.com.br\/wp-content\/uploads\/2021\/01\/museu_nacional_de_belas_artes.jpg\",\"datePublished\":\"2021-01-13T13:12:56+00:00\",\"dateModified\":\"2021-01-13T13:13:00+00:00\",\"breadcrumb\":{\"@id\":\"https:\/\/jornalfatosenoticias.com.br\/index.php\/2021\/01\/13\/apresentacao-de-videos-marca-84-anos-do-museu-nacional-de-belas-artes\/#breadcrumb\"},\"inLanguage\":\"pt-BR\",\"potentialAction\":[{\"@type\":\"ReadAction\",\"target\":[\"https:\/\/jornalfatosenoticias.com.br\/index.php\/2021\/01\/13\/apresentacao-de-videos-marca-84-anos-do-museu-nacional-de-belas-artes\/\"]}]},{\"@type\":\"ImageObject\",\"inLanguage\":\"pt-BR\",\"@id\":\"https:\/\/jornalfatosenoticias.com.br\/index.php\/2021\/01\/13\/apresentacao-de-videos-marca-84-anos-do-museu-nacional-de-belas-artes\/#primaryimage\",\"url\":\"https:\/\/jornalfatosenoticias.com.br\/wp-content\/uploads\/2021\/01\/museu_nacional_de_belas_artes.jpg\",\"contentUrl\":\"https:\/\/jornalfatosenoticias.com.br\/wp-content\/uploads\/2021\/01\/museu_nacional_de_belas_artes.jpg\",\"width\":1000,\"height\":598,\"caption\":\"Museu Nacional de Belas Artes, no Rio de Janeiro.\"},{\"@type\":\"BreadcrumbList\",\"@id\":\"https:\/\/jornalfatosenoticias.com.br\/index.php\/2021\/01\/13\/apresentacao-de-videos-marca-84-anos-do-museu-nacional-de-belas-artes\/#breadcrumb\",\"itemListElement\":[{\"@type\":\"ListItem\",\"position\":1,\"name\":\"In\u00edcio\",\"item\":\"https:\/\/jornalfatosenoticias.com.br\/\"},{\"@type\":\"ListItem\",\"position\":2,\"name\":\"Apresenta\u00e7\u00e3o de v\u00eddeos marca 84 anos do Museu Nacional de Belas Artes\"}]},{\"@type\":\"WebSite\",\"@id\":\"https:\/\/jornalfatosenoticias.com.br\/#website\",\"url\":\"https:\/\/jornalfatosenoticias.com.br\/\",\"name\":\"Jornal Fatos e Not\u00edcias\",\"description\":\"Not\u00edcias em geral\",\"publisher\":{\"@id\":\"https:\/\/jornalfatosenoticias.com.br\/#organization\"},\"potentialAction\":[{\"@type\":\"SearchAction\",\"target\":{\"@type\":\"EntryPoint\",\"urlTemplate\":\"https:\/\/jornalfatosenoticias.com.br\/?s={search_term_string}\"},\"query-input\":{\"@type\":\"PropertyValueSpecification\",\"valueRequired\":true,\"valueName\":\"search_term_string\"}}],\"inLanguage\":\"pt-BR\"},{\"@type\":\"Organization\",\"@id\":\"https:\/\/jornalfatosenoticias.com.br\/#organization\",\"name\":\"Jornal Fatos e Not\u00edcias\",\"url\":\"https:\/\/jornalfatosenoticias.com.br\/\",\"logo\":{\"@type\":\"ImageObject\",\"inLanguage\":\"pt-BR\",\"@id\":\"https:\/\/jornalfatosenoticias.com.br\/#\/schema\/logo\/image\/\",\"url\":\"https:\/\/jornalfatosenoticias.com.br\/wp-content\/uploads\/2020\/02\/logo120.png\",\"contentUrl\":\"https:\/\/jornalfatosenoticias.com.br\/wp-content\/uploads\/2020\/02\/logo120.png\",\"width\":1227,\"height\":120,\"caption\":\"Jornal Fatos e Not\u00edcias\"},\"image\":{\"@id\":\"https:\/\/jornalfatosenoticias.com.br\/#\/schema\/logo\/image\/\"}},{\"@type\":\"Person\",\"@id\":\"https:\/\/jornalfatosenoticias.com.br\/#\/schema\/person\/d63837fa13ac8666eb9e74e0985d6f81\",\"name\":\"Luzimara Fernandes\",\"image\":{\"@type\":\"ImageObject\",\"inLanguage\":\"pt-BR\",\"@id\":\"https:\/\/jornalfatosenoticias.com.br\/#\/schema\/person\/image\/\",\"url\":\"https:\/\/jornalfatosenoticias.com.br\/wp-content\/uploads\/2025\/05\/EU_portal.jpg\",\"contentUrl\":\"https:\/\/jornalfatosenoticias.com.br\/wp-content\/uploads\/2025\/05\/EU_portal.jpg\",\"caption\":\"Luzimara Fernandes\"},\"description\":\"Jornalista MTB 2358-ES\",\"sameAs\":[\"https:\/\/jornalfatosenoticias.com.br\"],\"url\":\"https:\/\/jornalfatosenoticias.com.br\/index.php\/author\/luzimara\/\"}]}<\/script>\n<!-- \/ Yoast SEO plugin. -->","yoast_head_json":{"title":"Apresenta\u00e7\u00e3o de v\u00eddeos marca 84 anos do Museu Nacional de Belas Artes - Jornal Fatos e Not\u00edcias","robots":{"index":"index","follow":"follow","max-snippet":"max-snippet:-1","max-image-preview":"max-image-preview:large","max-video-preview":"max-video-preview:-1"},"canonical":"https:\/\/jornalfatosenoticias.com.br\/index.php\/2021\/01\/13\/apresentacao-de-videos-marca-84-anos-do-museu-nacional-de-belas-artes\/","og_locale":"pt_BR","og_type":"article","og_title":"Apresenta\u00e7\u00e3o de v\u00eddeos marca 84 anos do Museu Nacional de Belas Artes - Jornal Fatos e Not\u00edcias","og_description":"Homenagem ser\u00e1 feita pelo projeto Rede Afetiva do Museu O Projeto Rede Afetiva dos 84 anos do Museu Nacional de Belas Artes (MNBA) comemora hoje (13) o anivers\u00e1rio da entidade, vinculada ao Instituto Brasileiro de Museus (Ibram) e situada no centro hist\u00f3rico do Rio de Janeiro, na Cinel\u00e2ndia. Entre os v\u00eddeos que ser\u00e3o apresentados nesta [&hellip;]","og_url":"https:\/\/jornalfatosenoticias.com.br\/index.php\/2021\/01\/13\/apresentacao-de-videos-marca-84-anos-do-museu-nacional-de-belas-artes\/","og_site_name":"Jornal Fatos e Not\u00edcias","article_published_time":"2021-01-13T13:12:56+00:00","article_modified_time":"2021-01-13T13:13:00+00:00","og_image":[{"width":1000,"height":598,"url":"https:\/\/jornalfatosenoticias.com.br\/wp-content\/uploads\/2021\/01\/museu_nacional_de_belas_artes.jpg","type":"image\/jpeg"}],"author":"Luzimara Fernandes","twitter_card":"summary_large_image","twitter_misc":{"Escrito por":"Luzimara Fernandes","Est. tempo de leitura":"4 minutos"},"schema":{"@context":"https:\/\/schema.org","@graph":[{"@type":"Article","@id":"https:\/\/jornalfatosenoticias.com.br\/index.php\/2021\/01\/13\/apresentacao-de-videos-marca-84-anos-do-museu-nacional-de-belas-artes\/#article","isPartOf":{"@id":"https:\/\/jornalfatosenoticias.com.br\/index.php\/2021\/01\/13\/apresentacao-de-videos-marca-84-anos-do-museu-nacional-de-belas-artes\/"},"author":{"name":"Luzimara Fernandes","@id":"https:\/\/jornalfatosenoticias.com.br\/#\/schema\/person\/d63837fa13ac8666eb9e74e0985d6f81"},"headline":"Apresenta\u00e7\u00e3o de v\u00eddeos marca 84 anos do Museu Nacional de Belas Artes","datePublished":"2021-01-13T13:12:56+00:00","dateModified":"2021-01-13T13:13:00+00:00","mainEntityOfPage":{"@id":"https:\/\/jornalfatosenoticias.com.br\/index.php\/2021\/01\/13\/apresentacao-de-videos-marca-84-anos-do-museu-nacional-de-belas-artes\/"},"wordCount":798,"commentCount":0,"publisher":{"@id":"https:\/\/jornalfatosenoticias.com.br\/#organization"},"image":{"@id":"https:\/\/jornalfatosenoticias.com.br\/index.php\/2021\/01\/13\/apresentacao-de-videos-marca-84-anos-do-museu-nacional-de-belas-artes\/#primaryimage"},"thumbnailUrl":"https:\/\/jornalfatosenoticias.com.br\/wp-content\/uploads\/2021\/01\/museu_nacional_de_belas_artes.jpg","keywords":["84 anos","MNBA","Museu Nacional de Belas Artes","projeto"],"articleSection":["Cultura"],"inLanguage":"pt-BR","potentialAction":[{"@type":"CommentAction","name":"Comment","target":["https:\/\/jornalfatosenoticias.com.br\/index.php\/2021\/01\/13\/apresentacao-de-videos-marca-84-anos-do-museu-nacional-de-belas-artes\/#respond"]}]},{"@type":"WebPage","@id":"https:\/\/jornalfatosenoticias.com.br\/index.php\/2021\/01\/13\/apresentacao-de-videos-marca-84-anos-do-museu-nacional-de-belas-artes\/","url":"https:\/\/jornalfatosenoticias.com.br\/index.php\/2021\/01\/13\/apresentacao-de-videos-marca-84-anos-do-museu-nacional-de-belas-artes\/","name":"Apresenta\u00e7\u00e3o de v\u00eddeos marca 84 anos do Museu Nacional de Belas Artes - Jornal Fatos e Not\u00edcias","isPartOf":{"@id":"https:\/\/jornalfatosenoticias.com.br\/#website"},"primaryImageOfPage":{"@id":"https:\/\/jornalfatosenoticias.com.br\/index.php\/2021\/01\/13\/apresentacao-de-videos-marca-84-anos-do-museu-nacional-de-belas-artes\/#primaryimage"},"image":{"@id":"https:\/\/jornalfatosenoticias.com.br\/index.php\/2021\/01\/13\/apresentacao-de-videos-marca-84-anos-do-museu-nacional-de-belas-artes\/#primaryimage"},"thumbnailUrl":"https:\/\/jornalfatosenoticias.com.br\/wp-content\/uploads\/2021\/01\/museu_nacional_de_belas_artes.jpg","datePublished":"2021-01-13T13:12:56+00:00","dateModified":"2021-01-13T13:13:00+00:00","breadcrumb":{"@id":"https:\/\/jornalfatosenoticias.com.br\/index.php\/2021\/01\/13\/apresentacao-de-videos-marca-84-anos-do-museu-nacional-de-belas-artes\/#breadcrumb"},"inLanguage":"pt-BR","potentialAction":[{"@type":"ReadAction","target":["https:\/\/jornalfatosenoticias.com.br\/index.php\/2021\/01\/13\/apresentacao-de-videos-marca-84-anos-do-museu-nacional-de-belas-artes\/"]}]},{"@type":"ImageObject","inLanguage":"pt-BR","@id":"https:\/\/jornalfatosenoticias.com.br\/index.php\/2021\/01\/13\/apresentacao-de-videos-marca-84-anos-do-museu-nacional-de-belas-artes\/#primaryimage","url":"https:\/\/jornalfatosenoticias.com.br\/wp-content\/uploads\/2021\/01\/museu_nacional_de_belas_artes.jpg","contentUrl":"https:\/\/jornalfatosenoticias.com.br\/wp-content\/uploads\/2021\/01\/museu_nacional_de_belas_artes.jpg","width":1000,"height":598,"caption":"Museu Nacional de Belas Artes, no Rio de Janeiro."},{"@type":"BreadcrumbList","@id":"https:\/\/jornalfatosenoticias.com.br\/index.php\/2021\/01\/13\/apresentacao-de-videos-marca-84-anos-do-museu-nacional-de-belas-artes\/#breadcrumb","itemListElement":[{"@type":"ListItem","position":1,"name":"In\u00edcio","item":"https:\/\/jornalfatosenoticias.com.br\/"},{"@type":"ListItem","position":2,"name":"Apresenta\u00e7\u00e3o de v\u00eddeos marca 84 anos do Museu Nacional de Belas Artes"}]},{"@type":"WebSite","@id":"https:\/\/jornalfatosenoticias.com.br\/#website","url":"https:\/\/jornalfatosenoticias.com.br\/","name":"Jornal Fatos e Not\u00edcias","description":"Not\u00edcias em geral","publisher":{"@id":"https:\/\/jornalfatosenoticias.com.br\/#organization"},"potentialAction":[{"@type":"SearchAction","target":{"@type":"EntryPoint","urlTemplate":"https:\/\/jornalfatosenoticias.com.br\/?s={search_term_string}"},"query-input":{"@type":"PropertyValueSpecification","valueRequired":true,"valueName":"search_term_string"}}],"inLanguage":"pt-BR"},{"@type":"Organization","@id":"https:\/\/jornalfatosenoticias.com.br\/#organization","name":"Jornal Fatos e Not\u00edcias","url":"https:\/\/jornalfatosenoticias.com.br\/","logo":{"@type":"ImageObject","inLanguage":"pt-BR","@id":"https:\/\/jornalfatosenoticias.com.br\/#\/schema\/logo\/image\/","url":"https:\/\/jornalfatosenoticias.com.br\/wp-content\/uploads\/2020\/02\/logo120.png","contentUrl":"https:\/\/jornalfatosenoticias.com.br\/wp-content\/uploads\/2020\/02\/logo120.png","width":1227,"height":120,"caption":"Jornal Fatos e Not\u00edcias"},"image":{"@id":"https:\/\/jornalfatosenoticias.com.br\/#\/schema\/logo\/image\/"}},{"@type":"Person","@id":"https:\/\/jornalfatosenoticias.com.br\/#\/schema\/person\/d63837fa13ac8666eb9e74e0985d6f81","name":"Luzimara Fernandes","image":{"@type":"ImageObject","inLanguage":"pt-BR","@id":"https:\/\/jornalfatosenoticias.com.br\/#\/schema\/person\/image\/","url":"https:\/\/jornalfatosenoticias.com.br\/wp-content\/uploads\/2025\/05\/EU_portal.jpg","contentUrl":"https:\/\/jornalfatosenoticias.com.br\/wp-content\/uploads\/2025\/05\/EU_portal.jpg","caption":"Luzimara Fernandes"},"description":"Jornalista MTB 2358-ES","sameAs":["https:\/\/jornalfatosenoticias.com.br"],"url":"https:\/\/jornalfatosenoticias.com.br\/index.php\/author\/luzimara\/"}]}},"cc_featured_image_caption":{"caption_text":"","source_text":"","source_url":""},"jetpack_featured_media_url":"https:\/\/jornalfatosenoticias.com.br\/wp-content\/uploads\/2021\/01\/museu_nacional_de_belas_artes.jpg","_links":{"self":[{"href":"https:\/\/jornalfatosenoticias.com.br\/index.php\/wp-json\/wp\/v2\/posts\/13393","targetHints":{"allow":["GET"]}}],"collection":[{"href":"https:\/\/jornalfatosenoticias.com.br\/index.php\/wp-json\/wp\/v2\/posts"}],"about":[{"href":"https:\/\/jornalfatosenoticias.com.br\/index.php\/wp-json\/wp\/v2\/types\/post"}],"author":[{"embeddable":true,"href":"https:\/\/jornalfatosenoticias.com.br\/index.php\/wp-json\/wp\/v2\/users\/2"}],"replies":[{"embeddable":true,"href":"https:\/\/jornalfatosenoticias.com.br\/index.php\/wp-json\/wp\/v2\/comments?post=13393"}],"version-history":[{"count":0,"href":"https:\/\/jornalfatosenoticias.com.br\/index.php\/wp-json\/wp\/v2\/posts\/13393\/revisions"}],"wp:featuredmedia":[{"embeddable":true,"href":"https:\/\/jornalfatosenoticias.com.br\/index.php\/wp-json\/wp\/v2\/media\/13394"}],"wp:attachment":[{"href":"https:\/\/jornalfatosenoticias.com.br\/index.php\/wp-json\/wp\/v2\/media?parent=13393"}],"wp:term":[{"taxonomy":"category","embeddable":true,"href":"https:\/\/jornalfatosenoticias.com.br\/index.php\/wp-json\/wp\/v2\/categories?post=13393"},{"taxonomy":"post_tag","embeddable":true,"href":"https:\/\/jornalfatosenoticias.com.br\/index.php\/wp-json\/wp\/v2\/tags?post=13393"}],"curies":[{"name":"wp","href":"https:\/\/api.w.org\/{rel}","templated":true}]}}