{"id":13415,"date":"2021-01-13T15:01:19","date_gmt":"2021-01-13T18:01:19","guid":{"rendered":"https:\/\/jornalfatosenoticias.com.br\/?p=13415"},"modified":"2021-01-13T15:01:22","modified_gmt":"2021-01-13T18:01:22","slug":"estudo-preve-colapso-da-floresta-amazonica-para-2064","status":"publish","type":"post","link":"https:\/\/jornalfatosenoticias.com.br\/index.php\/2021\/01\/13\/estudo-preve-colapso-da-floresta-amazonica-para-2064\/","title":{"rendered":"Estudo prev\u00ea colapso da floresta amaz\u00f4nica para 2064"},"content":{"rendered":"\n<h6 class=\"wp-block-heading\"><em>\u201cA magnitude da cat\u00e1strofe vai ser muito pior do que era imaginada\u201d, diz relat\u00f3rio<\/em><\/h6>\n\n\n\n<p>Um novo estudo publicado pela <a href=\"Environment: Science and Policy for Sustainable Development\">Environment: Science and Policy for Sustainable Development <\/a>traz uma previs\u00e3o alarmante para o futuro da Floresta Amaz\u00f4nica: a maior floresta tropical do mundo vai entrar em colapso e se tornar uma plan\u00edcie seca coberta de arbustos em 2064.<br>De acordo com o autor do estudo, <a href=\"https:\/\/www.upi.com\/Science_News\/2020\/12\/29\/Florida-professor-predicts-Amazon-rainforest-collapse-by-2064\/8881608822676\/\">Robert Toovey Walker<\/a>, ge\u00f3logo da Universidade da Fl\u00f3rida, as causas desta trag\u00e9dia ambiental s\u00e3o o desmatamento, as mudan\u00e7as clim\u00e1ticas e o desenvolvimento desordenado.<br>Em seu estudo, Walker usou pesquisas recentes que mostram que o desenvolvimento e a explora\u00e7\u00e3o econ\u00f4mica, vem devastando a floresta e amea\u00e7ando levar todo o ecossistema ao ponto da destrui\u00e7\u00e3o sem volta.<br>A floresta tropical, em seu estado natural, produz a pr\u00f3pria chuva por meio das copas das \u00e1rvores. O ambiente e seus habitantes t\u00eam acesso \u00e0 \u00e1gua necess\u00e1ria para sua sobreviv\u00eancia. Este ecossistema pode se recuperar de pequenos per\u00edodos de seca, mas os eventos clim\u00e1ticos que atingem a regi\u00e3o est\u00e3o se tornando cada vez mais longos e severos e minando a resili\u00eancia da floresta, sua capacidade de sobreviver a longo prazo, como mostra relat\u00f3rio da <a href=\"https:\/\/interestingengineering.com\/amazon-rainforest-will-be-decimated-by-2064-professor-claims\" target=\"_blank\" rel=\"noreferrer noopener\">Interesting Engineering<\/a>.<br>Os per\u00edodos mais longos de seca, que a floresta j\u00e1 est\u00e1 atravessando, s\u00e3o agravados pelo desmatamento e pelas mudan\u00e7as clim\u00e1ticas. Com isso, as copas das \u00e1rvores n\u00e3o conseguem se recuperar das queimadas que tamb\u00e9m se tornam cada vez mais constantes. A vegeta\u00e7\u00e3o mais seca e inflam\u00e1vel vai tomando conta da paisagem; a floresta tropical se tornando cada vez mais seca e at\u00e9 que vai se transformar em uma savana tropical, de acordo com o estudo.<\/p>\n\n\n\n<figure class=\"wp-block-image size-large is-resized\"><img loading=\"lazy\" decoding=\"async\" src=\"https:\/\/jornalfatosenoticias.com.br\/wp-content\/uploads\/2021\/01\/amazonia-christian-braga-greenpeace-FOGO.jpg\" alt=\"\" class=\"wp-image-13419\" width=\"529\" height=\"345\" srcset=\"https:\/\/jornalfatosenoticias.com.br\/wp-content\/uploads\/2021\/01\/amazonia-christian-braga-greenpeace-FOGO.jpg 1000w, https:\/\/jornalfatosenoticias.com.br\/wp-content\/uploads\/2021\/01\/amazonia-christian-braga-greenpeace-FOGO-300x196.jpg 300w, https:\/\/jornalfatosenoticias.com.br\/wp-content\/uploads\/2021\/01\/amazonia-christian-braga-greenpeace-FOGO-768x502.jpg 768w\" sizes=\"auto, (max-width: 529px) 100vw, 529px\" \/><figcaption><em>Amaz\u00f4nia, fogo (Foto: Christian Braga\/Greenpeace)<\/em><\/figcaption><\/figure>\n\n\n\n<h4 class=\"wp-block-heading\">Alarme antigo<\/h4>\n\n\n\n<blockquote class=\"wp-block-quote is-layout-flow wp-block-quote-is-layout-flow\"><p>\u201cA floresta \u00e9 incapaz de resistir se a copa das suas \u00e1rvores precisarem de mais de quatro anos para se recuperarem de uma seca anual\u201d, Walker escreveu no relat\u00f3rio.<\/p><\/blockquote>\n\n\n\n<p>\u201cA parte sul da Amaz\u00f4nia pode chegar ao ponto de n\u00e3o retorno antes mesmo de 2064, se as secas seguirem nas taxas atuais\u201d.<br>Outro estudo havia apontado o <a href=\"https:\/\/www.ecowatch.com\/amazon-ecosystem-collapse-2645458118.html\">colapso da floresta amaz\u00f4nica em menos de 50 anos<\/a>, gra\u00e7as ao desmatamento. Mas, de acordo com as \u00faltimas an\u00e1lises, publicadas por Walker, este per\u00edodo diminuiu em cinco anos e \u00e9 j\u00e1 poss\u00edvel apontar a data espec\u00edfica para o colapso do ecossistema de uma maneira que nunca havia sido poss\u00edvel at\u00e9 ent\u00e3o, mas com pelos mesmos motivos citados em pesquisas anteriores.<br>Queimadas, desmatamento e extra\u00e7\u00e3o de madeira s\u00e3o as tr\u00eas principais causas de perda de \u00e1rvores na floresta. Pecu\u00e1ria e produ\u00e7\u00e3o de soja em escalas industriais tamb\u00e9m entram neste c\u00e1lculo. Completa o cen\u00e1rio de destrui\u00e7\u00e3o o garimpo ilegal que devasta a floresta e polui os rios.<\/p>\n\n\n\n<h4 class=\"wp-block-heading\">Boiada<\/h4>\n\n\n\n<p>O atual governo \u00e9 acusado de abrir a floresta para explora\u00e7\u00e3o e incitar o desmatamento. No governo Bolsonaro, as taxas de desmatamento atingiram recordes hist\u00f3ricos. At\u00e9 a pandemia foi usada como cortina de fuma\u00e7a para o desmonte ambiental em curso no Pa\u00eds, com a famosa cita\u00e7\u00e3o do ministro do Meio Ambiente de que era preciso aproveitar o momento em que as aten\u00e7\u00f5es estavam voltadas ao controle do novo coronav\u00edrus para \u201cpassar a boiada\u201d.<\/p>\n\n\n\n<figure class=\"wp-block-image size-large\"><img loading=\"lazy\" decoding=\"async\" width=\"1000\" height=\"681\" src=\"https:\/\/jornalfatosenoticias.com.br\/wp-content\/uploads\/2021\/01\/ricardo-salles.jpg\" alt=\"\" class=\"wp-image-13418\" srcset=\"https:\/\/jornalfatosenoticias.com.br\/wp-content\/uploads\/2021\/01\/ricardo-salles.jpg 1000w, https:\/\/jornalfatosenoticias.com.br\/wp-content\/uploads\/2021\/01\/ricardo-salles-300x204.jpg 300w, https:\/\/jornalfatosenoticias.com.br\/wp-content\/uploads\/2021\/01\/ricardo-salles-768x523.jpg 768w\" sizes=\"auto, (max-width: 1000px) 100vw, 1000px\" \/><figcaption><em>Ricardo Salles, ministro do Meio Ambiente (Foto: Lula Marques)<\/em><\/figcaption><\/figure>\n\n\n\n<p>Walker tamb\u00e9m critica o governo brasileiro por \u201caparentemente ter a inten\u00e7\u00e3o de eliminar todas as restri\u00e7\u00f5es para a livre explora\u00e7\u00e3o dos recursos naturais da floresta amaz\u00f4nica\u201d.<br>De acordo com seu relat\u00f3rio, Walker estima que a Amaz\u00f4nia perdeu 20% de seu territ\u00f3rio para a atividade humana e que os per\u00edodos de seca j\u00e1 est\u00e3o mais longos na regi\u00e3o sul aumentando 6,5 dias a cada d\u00e9cada.<br>O modelo estat\u00edstico do estudo da <a href=\"https:\/\/www.sciencealert.com\/new-report-predicts-southern-amazon-rainforest-is-heading-for-collapse-by-2064\" target=\"_blank\" rel=\"noreferrer noopener\">Science Alert<\/a>\u00a0prev\u00ea que com o desmatamento da regi\u00e3o sul entre 30 e 50%, a precipita\u00e7\u00e3o de chuvas vai cair em 40% na parte oeste, consolidando a destrui\u00e7\u00e3o do ecossistema atual que vai passar de uma floresta tropical para uma savana aberta.<br>\u201cA melhor maneira de entendermos o ecossistema amaz\u00f4nico \u00e9 compar\u00e1-lo com uma bomba\u201d, explica Walker<\/p>\n\n\n\n<blockquote class=\"wp-block-quote is-layout-flow wp-block-quote-is-layout-flow\"><p>\u201cA floresta recicla sua umidade, o que garante o ciclo de chuvas. Se voc\u00ea desmata a floresta, o ciclo de chuvas diminui\u2026 e voc\u00ea acaba destruindo a bomba\u201d.<\/p><\/blockquote>\n\n\n\n<figure class=\"wp-block-image size-large\"><img loading=\"lazy\" decoding=\"async\" width=\"1000\" height=\"665\" src=\"https:\/\/jornalfatosenoticias.com.br\/wp-content\/uploads\/2021\/01\/africa-savana-pixabay-1024x681-1.jpg\" alt=\"\" class=\"wp-image-13417\" srcset=\"https:\/\/jornalfatosenoticias.com.br\/wp-content\/uploads\/2021\/01\/africa-savana-pixabay-1024x681-1.jpg 1000w, https:\/\/jornalfatosenoticias.com.br\/wp-content\/uploads\/2021\/01\/africa-savana-pixabay-1024x681-1-300x200.jpg 300w, https:\/\/jornalfatosenoticias.com.br\/wp-content\/uploads\/2021\/01\/africa-savana-pixabay-1024x681-1-768x511.jpg 768w\" sizes=\"auto, (max-width: 1000px) 100vw, 1000px\" \/><figcaption><em>Savana na \u00c1frica (Foto: Pixabay)<\/em><\/figcaption><\/figure>\n\n\n\n<h4 class=\"wp-block-heading\">Cat\u00e1strofe multidimensional<\/h4>\n\n\n\n<p>Uma vez que a floresta se transforme em uma savana, todos os seus servi\u00e7os ambientais e benef\u00edcios ecol\u00f3gicos tamb\u00e9m ir\u00e3o desaparecer e isso ser\u00e1 uma cat\u00e1strofe multidimensional, de acordo com Walker.<br>O primeiro impacto seria na seguran\u00e7a h\u00eddrica de mais de 35 milh\u00f5es de pessoas que vivem na regi\u00e3o. Todo o continente depende da Floresta Amaz\u00f4nica para o fornecimento de \u00e1gua.<\/p>\n\n\n\n<blockquote class=\"wp-block-quote is-layout-flow wp-block-quote-is-layout-flow\"><p>\u201cA magnitude da cat\u00e1strofe vai ser muito pior do que era imaginada\u201d, Robert Toovey Walker<\/p><\/blockquote>\n\n\n\n<figure class=\"wp-block-image size-large\"><img loading=\"lazy\" decoding=\"async\" width=\"1000\" height=\"666\" src=\"https:\/\/jornalfatosenoticias.com.br\/wp-content\/uploads\/2021\/01\/colapso-fogo-amazonia-pixabay.jpg\" alt=\"\" class=\"wp-image-13416\" srcset=\"https:\/\/jornalfatosenoticias.com.br\/wp-content\/uploads\/2021\/01\/colapso-fogo-amazonia-pixabay.jpg 1000w, https:\/\/jornalfatosenoticias.com.br\/wp-content\/uploads\/2021\/01\/colapso-fogo-amazonia-pixabay-300x200.jpg 300w, https:\/\/jornalfatosenoticias.com.br\/wp-content\/uploads\/2021\/01\/colapso-fogo-amazonia-pixabay-768x511.jpg 768w\" sizes=\"auto, (max-width: 1000px) 100vw, 1000px\" \/><figcaption><em>(Foto: Ria Sopala\/Pixabay)<\/em><\/figcaption><\/figure>\n\n\n\n<p>Al\u00e9m disso, acontecer\u00e1 a extin\u00e7\u00e3o em massa de esp\u00e9cies de fauna e flora. Entre estas esp\u00e9cies podem estar novas descobertas de curas para a medicina e importantes fontes de alimento, por exemplo. A madeira e outros recursos preciosos tamb\u00e9m ser\u00e3o extintos.<br>Finalmente, de acordo com o estudo, a floresta perderia a sua capacidade de armazenar carbono. Isso seria ainda mais grave uma vez que esta fun\u00e7\u00e3o \u00e9 fundamental para o controle da temperatura e do clima do planeta. Alguns cientistas acreditam que a floresta pode passar de uma reserva para uma fonte de carbono por volta de 2035.<br>Walker conclui seu estudo afirmando que \u00e9 muito dif\u00edcil que a floresta amaz\u00f4nica mantenha a sua resili\u00eancia no futuro com todas as amea\u00e7as \u00e0 sua sobreviv\u00eancia.<\/p>\n\n\n\n<p><strong><em>Fonte: C<a href=\"https:\/\/ciclovivo.com.br\/planeta\/meio-ambiente\/estudo-preve-colapso-da-floresta-amazonica-para-2064\/\">icloVivo<\/a><\/em><\/strong><\/p>\n","protected":false},"excerpt":{"rendered":"<p>\u201cA magnitude da cat\u00e1strofe vai ser muito pior do que era imaginada\u201d, diz relat\u00f3rio Um novo estudo publicado pela Environment: Science and Policy for Sustainable Development traz uma previs\u00e3o alarmante para o futuro da Floresta Amaz\u00f4nica: a maior floresta tropical do mundo vai entrar em colapso e se tornar uma plan\u00edcie seca coberta de arbustos [&hellip;]<\/p>\n","protected":false},"author":2,"featured_media":13420,"comment_status":"open","ping_status":"open","sticky":false,"template":"","format":"standard","meta":{"footnotes":""},"categories":[8],"tags":[781,6933,1844,1631,183,2134],"class_list":["post-13415","post","type-post","status-publish","format-standard","has-post-thumbnail","hentry","category-meio-ambiente","tag-arvores","tag-desertificacao","tag-desmatamento","tag-ecossistema","tag-florestas","tag-seca"],"yoast_head":"<!-- This site is optimized with the Yoast SEO plugin v26.5 - https:\/\/yoast.com\/wordpress\/plugins\/seo\/ -->\n<title>Estudo prev\u00ea colapso da floresta amaz\u00f4nica para 2064 - Jornal Fatos e Not\u00edcias<\/title>\n<meta name=\"robots\" content=\"index, follow, max-snippet:-1, max-image-preview:large, max-video-preview:-1\" \/>\n<link rel=\"canonical\" href=\"https:\/\/jornalfatosenoticias.com.br\/index.php\/2021\/01\/13\/estudo-preve-colapso-da-floresta-amazonica-para-2064\/\" \/>\n<meta property=\"og:locale\" content=\"pt_BR\" \/>\n<meta property=\"og:type\" content=\"article\" \/>\n<meta property=\"og:title\" content=\"Estudo prev\u00ea colapso da floresta amaz\u00f4nica para 2064 - Jornal Fatos e Not\u00edcias\" \/>\n<meta property=\"og:description\" content=\"\u201cA magnitude da cat\u00e1strofe vai ser muito pior do que era imaginada\u201d, diz relat\u00f3rio Um novo estudo publicado pela Environment: Science and Policy for Sustainable Development traz uma previs\u00e3o alarmante para o futuro da Floresta Amaz\u00f4nica: a maior floresta tropical do mundo vai entrar em colapso e se tornar uma plan\u00edcie seca coberta de arbustos [&hellip;]\" \/>\n<meta property=\"og:url\" content=\"https:\/\/jornalfatosenoticias.com.br\/index.php\/2021\/01\/13\/estudo-preve-colapso-da-floresta-amazonica-para-2064\/\" \/>\n<meta property=\"og:site_name\" content=\"Jornal Fatos e Not\u00edcias\" \/>\n<meta property=\"article:published_time\" content=\"2021-01-13T18:01:19+00:00\" \/>\n<meta property=\"article:modified_time\" content=\"2021-01-13T18:01:22+00:00\" \/>\n<meta property=\"og:image\" content=\"https:\/\/jornalfatosenoticias.com.br\/wp-content\/uploads\/2021\/01\/temporada-de-fogo-amazonia-768x429-1.jpg\" \/>\n\t<meta property=\"og:image:width\" content=\"1000\" \/>\n\t<meta property=\"og:image:height\" content=\"558\" \/>\n\t<meta property=\"og:image:type\" content=\"image\/jpeg\" \/>\n<meta name=\"author\" content=\"Luzimara Fernandes\" \/>\n<meta name=\"twitter:card\" content=\"summary_large_image\" \/>\n<meta name=\"twitter:label1\" content=\"Escrito por\" \/>\n\t<meta name=\"twitter:data1\" content=\"Luzimara Fernandes\" \/>\n\t<meta name=\"twitter:label2\" content=\"Est. tempo de leitura\" \/>\n\t<meta name=\"twitter:data2\" content=\"5 minutos\" \/>\n<script type=\"application\/ld+json\" class=\"yoast-schema-graph\">{\"@context\":\"https:\/\/schema.org\",\"@graph\":[{\"@type\":\"Article\",\"@id\":\"https:\/\/jornalfatosenoticias.com.br\/index.php\/2021\/01\/13\/estudo-preve-colapso-da-floresta-amazonica-para-2064\/#article\",\"isPartOf\":{\"@id\":\"https:\/\/jornalfatosenoticias.com.br\/index.php\/2021\/01\/13\/estudo-preve-colapso-da-floresta-amazonica-para-2064\/\"},\"author\":{\"name\":\"Luzimara Fernandes\",\"@id\":\"https:\/\/jornalfatosenoticias.com.br\/#\/schema\/person\/d63837fa13ac8666eb9e74e0985d6f81\"},\"headline\":\"Estudo prev\u00ea colapso da floresta amaz\u00f4nica para 2064\",\"datePublished\":\"2021-01-13T18:01:19+00:00\",\"dateModified\":\"2021-01-13T18:01:22+00:00\",\"mainEntityOfPage\":{\"@id\":\"https:\/\/jornalfatosenoticias.com.br\/index.php\/2021\/01\/13\/estudo-preve-colapso-da-floresta-amazonica-para-2064\/\"},\"wordCount\":985,\"commentCount\":0,\"publisher\":{\"@id\":\"https:\/\/jornalfatosenoticias.com.br\/#organization\"},\"image\":{\"@id\":\"https:\/\/jornalfatosenoticias.com.br\/index.php\/2021\/01\/13\/estudo-preve-colapso-da-floresta-amazonica-para-2064\/#primaryimage\"},\"thumbnailUrl\":\"https:\/\/jornalfatosenoticias.com.br\/wp-content\/uploads\/2021\/01\/temporada-de-fogo-amazonia-768x429-1.jpg\",\"keywords\":[\"\u00e1rvores\",\"desertifica\u00e7\u00e3o\",\"desmatamento\",\"ecossistema\",\"florestas\",\"seca\"],\"articleSection\":[\"Meio ambiente\"],\"inLanguage\":\"pt-BR\",\"potentialAction\":[{\"@type\":\"CommentAction\",\"name\":\"Comment\",\"target\":[\"https:\/\/jornalfatosenoticias.com.br\/index.php\/2021\/01\/13\/estudo-preve-colapso-da-floresta-amazonica-para-2064\/#respond\"]}]},{\"@type\":\"WebPage\",\"@id\":\"https:\/\/jornalfatosenoticias.com.br\/index.php\/2021\/01\/13\/estudo-preve-colapso-da-floresta-amazonica-para-2064\/\",\"url\":\"https:\/\/jornalfatosenoticias.com.br\/index.php\/2021\/01\/13\/estudo-preve-colapso-da-floresta-amazonica-para-2064\/\",\"name\":\"Estudo prev\u00ea colapso da floresta amaz\u00f4nica para 2064 - Jornal Fatos e Not\u00edcias\",\"isPartOf\":{\"@id\":\"https:\/\/jornalfatosenoticias.com.br\/#website\"},\"primaryImageOfPage\":{\"@id\":\"https:\/\/jornalfatosenoticias.com.br\/index.php\/2021\/01\/13\/estudo-preve-colapso-da-floresta-amazonica-para-2064\/#primaryimage\"},\"image\":{\"@id\":\"https:\/\/jornalfatosenoticias.com.br\/index.php\/2021\/01\/13\/estudo-preve-colapso-da-floresta-amazonica-para-2064\/#primaryimage\"},\"thumbnailUrl\":\"https:\/\/jornalfatosenoticias.com.br\/wp-content\/uploads\/2021\/01\/temporada-de-fogo-amazonia-768x429-1.jpg\",\"datePublished\":\"2021-01-13T18:01:19+00:00\",\"dateModified\":\"2021-01-13T18:01:22+00:00\",\"breadcrumb\":{\"@id\":\"https:\/\/jornalfatosenoticias.com.br\/index.php\/2021\/01\/13\/estudo-preve-colapso-da-floresta-amazonica-para-2064\/#breadcrumb\"},\"inLanguage\":\"pt-BR\",\"potentialAction\":[{\"@type\":\"ReadAction\",\"target\":[\"https:\/\/jornalfatosenoticias.com.br\/index.php\/2021\/01\/13\/estudo-preve-colapso-da-floresta-amazonica-para-2064\/\"]}]},{\"@type\":\"ImageObject\",\"inLanguage\":\"pt-BR\",\"@id\":\"https:\/\/jornalfatosenoticias.com.br\/index.php\/2021\/01\/13\/estudo-preve-colapso-da-floresta-amazonica-para-2064\/#primaryimage\",\"url\":\"https:\/\/jornalfatosenoticias.com.br\/wp-content\/uploads\/2021\/01\/temporada-de-fogo-amazonia-768x429-1.jpg\",\"contentUrl\":\"https:\/\/jornalfatosenoticias.com.br\/wp-content\/uploads\/2021\/01\/temporada-de-fogo-amazonia-768x429-1.jpg\",\"width\":1000,\"height\":558},{\"@type\":\"BreadcrumbList\",\"@id\":\"https:\/\/jornalfatosenoticias.com.br\/index.php\/2021\/01\/13\/estudo-preve-colapso-da-floresta-amazonica-para-2064\/#breadcrumb\",\"itemListElement\":[{\"@type\":\"ListItem\",\"position\":1,\"name\":\"In\u00edcio\",\"item\":\"https:\/\/jornalfatosenoticias.com.br\/\"},{\"@type\":\"ListItem\",\"position\":2,\"name\":\"Estudo prev\u00ea colapso da floresta amaz\u00f4nica para 2064\"}]},{\"@type\":\"WebSite\",\"@id\":\"https:\/\/jornalfatosenoticias.com.br\/#website\",\"url\":\"https:\/\/jornalfatosenoticias.com.br\/\",\"name\":\"Jornal Fatos e Not\u00edcias\",\"description\":\"Not\u00edcias em geral\",\"publisher\":{\"@id\":\"https:\/\/jornalfatosenoticias.com.br\/#organization\"},\"potentialAction\":[{\"@type\":\"SearchAction\",\"target\":{\"@type\":\"EntryPoint\",\"urlTemplate\":\"https:\/\/jornalfatosenoticias.com.br\/?s={search_term_string}\"},\"query-input\":{\"@type\":\"PropertyValueSpecification\",\"valueRequired\":true,\"valueName\":\"search_term_string\"}}],\"inLanguage\":\"pt-BR\"},{\"@type\":\"Organization\",\"@id\":\"https:\/\/jornalfatosenoticias.com.br\/#organization\",\"name\":\"Jornal Fatos e Not\u00edcias\",\"url\":\"https:\/\/jornalfatosenoticias.com.br\/\",\"logo\":{\"@type\":\"ImageObject\",\"inLanguage\":\"pt-BR\",\"@id\":\"https:\/\/jornalfatosenoticias.com.br\/#\/schema\/logo\/image\/\",\"url\":\"https:\/\/jornalfatosenoticias.com.br\/wp-content\/uploads\/2020\/02\/logo120.png\",\"contentUrl\":\"https:\/\/jornalfatosenoticias.com.br\/wp-content\/uploads\/2020\/02\/logo120.png\",\"width\":1227,\"height\":120,\"caption\":\"Jornal Fatos e Not\u00edcias\"},\"image\":{\"@id\":\"https:\/\/jornalfatosenoticias.com.br\/#\/schema\/logo\/image\/\"}},{\"@type\":\"Person\",\"@id\":\"https:\/\/jornalfatosenoticias.com.br\/#\/schema\/person\/d63837fa13ac8666eb9e74e0985d6f81\",\"name\":\"Luzimara Fernandes\",\"image\":{\"@type\":\"ImageObject\",\"inLanguage\":\"pt-BR\",\"@id\":\"https:\/\/jornalfatosenoticias.com.br\/#\/schema\/person\/image\/\",\"url\":\"https:\/\/jornalfatosenoticias.com.br\/wp-content\/uploads\/2025\/05\/EU_portal.jpg\",\"contentUrl\":\"https:\/\/jornalfatosenoticias.com.br\/wp-content\/uploads\/2025\/05\/EU_portal.jpg\",\"caption\":\"Luzimara Fernandes\"},\"description\":\"Jornalista MTB 2358-ES\",\"sameAs\":[\"https:\/\/jornalfatosenoticias.com.br\"],\"url\":\"https:\/\/jornalfatosenoticias.com.br\/index.php\/author\/luzimara\/\"}]}<\/script>\n<!-- \/ Yoast SEO plugin. -->","yoast_head_json":{"title":"Estudo prev\u00ea colapso da floresta amaz\u00f4nica para 2064 - Jornal Fatos e Not\u00edcias","robots":{"index":"index","follow":"follow","max-snippet":"max-snippet:-1","max-image-preview":"max-image-preview:large","max-video-preview":"max-video-preview:-1"},"canonical":"https:\/\/jornalfatosenoticias.com.br\/index.php\/2021\/01\/13\/estudo-preve-colapso-da-floresta-amazonica-para-2064\/","og_locale":"pt_BR","og_type":"article","og_title":"Estudo prev\u00ea colapso da floresta amaz\u00f4nica para 2064 - Jornal Fatos e Not\u00edcias","og_description":"\u201cA magnitude da cat\u00e1strofe vai ser muito pior do que era imaginada\u201d, diz relat\u00f3rio Um novo estudo publicado pela Environment: Science and Policy for Sustainable Development traz uma previs\u00e3o alarmante para o futuro da Floresta Amaz\u00f4nica: a maior floresta tropical do mundo vai entrar em colapso e se tornar uma plan\u00edcie seca coberta de arbustos [&hellip;]","og_url":"https:\/\/jornalfatosenoticias.com.br\/index.php\/2021\/01\/13\/estudo-preve-colapso-da-floresta-amazonica-para-2064\/","og_site_name":"Jornal Fatos e Not\u00edcias","article_published_time":"2021-01-13T18:01:19+00:00","article_modified_time":"2021-01-13T18:01:22+00:00","og_image":[{"width":1000,"height":558,"url":"https:\/\/jornalfatosenoticias.com.br\/wp-content\/uploads\/2021\/01\/temporada-de-fogo-amazonia-768x429-1.jpg","type":"image\/jpeg"}],"author":"Luzimara Fernandes","twitter_card":"summary_large_image","twitter_misc":{"Escrito por":"Luzimara Fernandes","Est. tempo de leitura":"5 minutos"},"schema":{"@context":"https:\/\/schema.org","@graph":[{"@type":"Article","@id":"https:\/\/jornalfatosenoticias.com.br\/index.php\/2021\/01\/13\/estudo-preve-colapso-da-floresta-amazonica-para-2064\/#article","isPartOf":{"@id":"https:\/\/jornalfatosenoticias.com.br\/index.php\/2021\/01\/13\/estudo-preve-colapso-da-floresta-amazonica-para-2064\/"},"author":{"name":"Luzimara Fernandes","@id":"https:\/\/jornalfatosenoticias.com.br\/#\/schema\/person\/d63837fa13ac8666eb9e74e0985d6f81"},"headline":"Estudo prev\u00ea colapso da floresta amaz\u00f4nica para 2064","datePublished":"2021-01-13T18:01:19+00:00","dateModified":"2021-01-13T18:01:22+00:00","mainEntityOfPage":{"@id":"https:\/\/jornalfatosenoticias.com.br\/index.php\/2021\/01\/13\/estudo-preve-colapso-da-floresta-amazonica-para-2064\/"},"wordCount":985,"commentCount":0,"publisher":{"@id":"https:\/\/jornalfatosenoticias.com.br\/#organization"},"image":{"@id":"https:\/\/jornalfatosenoticias.com.br\/index.php\/2021\/01\/13\/estudo-preve-colapso-da-floresta-amazonica-para-2064\/#primaryimage"},"thumbnailUrl":"https:\/\/jornalfatosenoticias.com.br\/wp-content\/uploads\/2021\/01\/temporada-de-fogo-amazonia-768x429-1.jpg","keywords":["\u00e1rvores","desertifica\u00e7\u00e3o","desmatamento","ecossistema","florestas","seca"],"articleSection":["Meio ambiente"],"inLanguage":"pt-BR","potentialAction":[{"@type":"CommentAction","name":"Comment","target":["https:\/\/jornalfatosenoticias.com.br\/index.php\/2021\/01\/13\/estudo-preve-colapso-da-floresta-amazonica-para-2064\/#respond"]}]},{"@type":"WebPage","@id":"https:\/\/jornalfatosenoticias.com.br\/index.php\/2021\/01\/13\/estudo-preve-colapso-da-floresta-amazonica-para-2064\/","url":"https:\/\/jornalfatosenoticias.com.br\/index.php\/2021\/01\/13\/estudo-preve-colapso-da-floresta-amazonica-para-2064\/","name":"Estudo prev\u00ea colapso da floresta amaz\u00f4nica para 2064 - Jornal Fatos e Not\u00edcias","isPartOf":{"@id":"https:\/\/jornalfatosenoticias.com.br\/#website"},"primaryImageOfPage":{"@id":"https:\/\/jornalfatosenoticias.com.br\/index.php\/2021\/01\/13\/estudo-preve-colapso-da-floresta-amazonica-para-2064\/#primaryimage"},"image":{"@id":"https:\/\/jornalfatosenoticias.com.br\/index.php\/2021\/01\/13\/estudo-preve-colapso-da-floresta-amazonica-para-2064\/#primaryimage"},"thumbnailUrl":"https:\/\/jornalfatosenoticias.com.br\/wp-content\/uploads\/2021\/01\/temporada-de-fogo-amazonia-768x429-1.jpg","datePublished":"2021-01-13T18:01:19+00:00","dateModified":"2021-01-13T18:01:22+00:00","breadcrumb":{"@id":"https:\/\/jornalfatosenoticias.com.br\/index.php\/2021\/01\/13\/estudo-preve-colapso-da-floresta-amazonica-para-2064\/#breadcrumb"},"inLanguage":"pt-BR","potentialAction":[{"@type":"ReadAction","target":["https:\/\/jornalfatosenoticias.com.br\/index.php\/2021\/01\/13\/estudo-preve-colapso-da-floresta-amazonica-para-2064\/"]}]},{"@type":"ImageObject","inLanguage":"pt-BR","@id":"https:\/\/jornalfatosenoticias.com.br\/index.php\/2021\/01\/13\/estudo-preve-colapso-da-floresta-amazonica-para-2064\/#primaryimage","url":"https:\/\/jornalfatosenoticias.com.br\/wp-content\/uploads\/2021\/01\/temporada-de-fogo-amazonia-768x429-1.jpg","contentUrl":"https:\/\/jornalfatosenoticias.com.br\/wp-content\/uploads\/2021\/01\/temporada-de-fogo-amazonia-768x429-1.jpg","width":1000,"height":558},{"@type":"BreadcrumbList","@id":"https:\/\/jornalfatosenoticias.com.br\/index.php\/2021\/01\/13\/estudo-preve-colapso-da-floresta-amazonica-para-2064\/#breadcrumb","itemListElement":[{"@type":"ListItem","position":1,"name":"In\u00edcio","item":"https:\/\/jornalfatosenoticias.com.br\/"},{"@type":"ListItem","position":2,"name":"Estudo prev\u00ea colapso da floresta amaz\u00f4nica para 2064"}]},{"@type":"WebSite","@id":"https:\/\/jornalfatosenoticias.com.br\/#website","url":"https:\/\/jornalfatosenoticias.com.br\/","name":"Jornal Fatos e Not\u00edcias","description":"Not\u00edcias em geral","publisher":{"@id":"https:\/\/jornalfatosenoticias.com.br\/#organization"},"potentialAction":[{"@type":"SearchAction","target":{"@type":"EntryPoint","urlTemplate":"https:\/\/jornalfatosenoticias.com.br\/?s={search_term_string}"},"query-input":{"@type":"PropertyValueSpecification","valueRequired":true,"valueName":"search_term_string"}}],"inLanguage":"pt-BR"},{"@type":"Organization","@id":"https:\/\/jornalfatosenoticias.com.br\/#organization","name":"Jornal Fatos e Not\u00edcias","url":"https:\/\/jornalfatosenoticias.com.br\/","logo":{"@type":"ImageObject","inLanguage":"pt-BR","@id":"https:\/\/jornalfatosenoticias.com.br\/#\/schema\/logo\/image\/","url":"https:\/\/jornalfatosenoticias.com.br\/wp-content\/uploads\/2020\/02\/logo120.png","contentUrl":"https:\/\/jornalfatosenoticias.com.br\/wp-content\/uploads\/2020\/02\/logo120.png","width":1227,"height":120,"caption":"Jornal Fatos e Not\u00edcias"},"image":{"@id":"https:\/\/jornalfatosenoticias.com.br\/#\/schema\/logo\/image\/"}},{"@type":"Person","@id":"https:\/\/jornalfatosenoticias.com.br\/#\/schema\/person\/d63837fa13ac8666eb9e74e0985d6f81","name":"Luzimara Fernandes","image":{"@type":"ImageObject","inLanguage":"pt-BR","@id":"https:\/\/jornalfatosenoticias.com.br\/#\/schema\/person\/image\/","url":"https:\/\/jornalfatosenoticias.com.br\/wp-content\/uploads\/2025\/05\/EU_portal.jpg","contentUrl":"https:\/\/jornalfatosenoticias.com.br\/wp-content\/uploads\/2025\/05\/EU_portal.jpg","caption":"Luzimara Fernandes"},"description":"Jornalista MTB 2358-ES","sameAs":["https:\/\/jornalfatosenoticias.com.br"],"url":"https:\/\/jornalfatosenoticias.com.br\/index.php\/author\/luzimara\/"}]}},"cc_featured_image_caption":{"caption_text":"(Foto: Ascom CBPA)","source_text":"","source_url":""},"jetpack_featured_media_url":"https:\/\/jornalfatosenoticias.com.br\/wp-content\/uploads\/2021\/01\/temporada-de-fogo-amazonia-768x429-1.jpg","_links":{"self":[{"href":"https:\/\/jornalfatosenoticias.com.br\/index.php\/wp-json\/wp\/v2\/posts\/13415","targetHints":{"allow":["GET"]}}],"collection":[{"href":"https:\/\/jornalfatosenoticias.com.br\/index.php\/wp-json\/wp\/v2\/posts"}],"about":[{"href":"https:\/\/jornalfatosenoticias.com.br\/index.php\/wp-json\/wp\/v2\/types\/post"}],"author":[{"embeddable":true,"href":"https:\/\/jornalfatosenoticias.com.br\/index.php\/wp-json\/wp\/v2\/users\/2"}],"replies":[{"embeddable":true,"href":"https:\/\/jornalfatosenoticias.com.br\/index.php\/wp-json\/wp\/v2\/comments?post=13415"}],"version-history":[{"count":0,"href":"https:\/\/jornalfatosenoticias.com.br\/index.php\/wp-json\/wp\/v2\/posts\/13415\/revisions"}],"wp:featuredmedia":[{"embeddable":true,"href":"https:\/\/jornalfatosenoticias.com.br\/index.php\/wp-json\/wp\/v2\/media\/13420"}],"wp:attachment":[{"href":"https:\/\/jornalfatosenoticias.com.br\/index.php\/wp-json\/wp\/v2\/media?parent=13415"}],"wp:term":[{"taxonomy":"category","embeddable":true,"href":"https:\/\/jornalfatosenoticias.com.br\/index.php\/wp-json\/wp\/v2\/categories?post=13415"},{"taxonomy":"post_tag","embeddable":true,"href":"https:\/\/jornalfatosenoticias.com.br\/index.php\/wp-json\/wp\/v2\/tags?post=13415"}],"curies":[{"name":"wp","href":"https:\/\/api.w.org\/{rel}","templated":true}]}}