{"id":13422,"date":"2021-01-13T15:11:29","date_gmt":"2021-01-13T18:11:29","guid":{"rendered":"https:\/\/jornalfatosenoticias.com.br\/?p=13422"},"modified":"2021-01-13T15:11:35","modified_gmt":"2021-01-13T18:11:35","slug":"marca-de-sorvetes-lanca-sabores-da-mata-atlantica","status":"publish","type":"post","link":"https:\/\/jornalfatosenoticias.com.br\/index.php\/2021\/01\/13\/marca-de-sorvetes-lanca-sabores-da-mata-atlantica\/","title":{"rendered":"Marca de sorvetes lan\u00e7a sabores da Mata Atl\u00e2ntica"},"content":{"rendered":"\n<h6 class=\"wp-block-heading\"><em>Parceria com Instituto AU\u00c1 quer fortalecer o cultivo de frutas nativas em agroflorestas e o empreendedorismo socioambiental<\/em><\/h6>\n\n\n\n<p>A Sorvetes Rochinha, tradicional marca do litoral norte paulista, lan\u00e7ou uma nova linha de em parceria com o Instituto AU\u00c1, que trabalha com o desenvolvimento sustent\u00e1vel no Cintur\u00e3o Verde de S\u00e3o Paulo. Os novos sorvetes Sabores da Mata Atl\u00e2ntica: Uvaia e Cambuci, trazem sabores de frutos \u00edcones da Mata Atl\u00e2ntica no Sudeste.<br>A nova linha tem como objetivo ajudar na preserva\u00e7\u00e3o agroflorestal, no desenvolvimento do pequeno agricultor e o fomento do ecomercado. As novidades estar\u00e3o nas franquias da marca em S\u00e3o Paulo \u2014 litoral e interior, Matinhos e Guaratuba (Paran\u00e1), Itapema (Santa Catarina) e Angra dos Reis (RJ), al\u00e9m da Food Kombi.<br>Para Gabriel Menezes, presidente do Instituto AU\u00c1, a parceria com a Sorvetes Rochinha \u00e9 o come\u00e7o da materializa\u00e7\u00e3o do prop\u00f3sito de se unir com marcas importantes, que tenham consci\u00eancia sustent\u00e1vel e for\u00e7a para apresentar para o p\u00fablico as frutas nativas da Mata Atl\u00e2ntica.<br>\u201cQuando fechamos uma parceria com uma ind\u00fastria do porte da Rochinha, entendemos que \u00e9 uma vitrine para que o consumidor conhe\u00e7a nossos sabores e tamb\u00e9m o trabalho executado por n\u00f3s para preservar a floresta e suas riquezas, incentivar o pequeno produtor e fomentar o ecomercado. \u00c9 mostrar para o consumidor toda a riqueza do bioma paulista por uma marca tradicionalmente paulista\u201d, explica.<\/p>\n\n\n\n<div class=\"wp-block-jetpack-slideshow aligncenter\" data-effect=\"slide\"><div class=\"wp-block-jetpack-slideshow_container swiper-container\"><ul class=\"wp-block-jetpack-slideshow_swiper-wrapper swiper-wrapper\"><li class=\"wp-block-jetpack-slideshow_slide swiper-slide\"><figure><img loading=\"lazy\" decoding=\"async\" width=\"1000\" height=\"666\" alt=\"\" class=\"wp-block-jetpack-slideshow_image wp-image-13423\" data-id=\"13423\" src=\"https:\/\/jornalfatosenoticias.com.br\/wp-content\/uploads\/2021\/01\/Rochinha-Cambuci.jpg\" srcset=\"https:\/\/jornalfatosenoticias.com.br\/wp-content\/uploads\/2021\/01\/Rochinha-Cambuci.jpg 1000w, https:\/\/jornalfatosenoticias.com.br\/wp-content\/uploads\/2021\/01\/Rochinha-Cambuci-300x200.jpg 300w, https:\/\/jornalfatosenoticias.com.br\/wp-content\/uploads\/2021\/01\/Rochinha-Cambuci-768x511.jpg 768w\" sizes=\"auto, (max-width: 1000px) 100vw, 1000px\" \/><figcaption class=\"wp-block-jetpack-slideshow_caption gallery-caption\">Rochinha Cambuci (Foto: Divulga\u00e7\u00e3o\/Sorvetes Rochinha)<\/figcaption><\/figure><\/li><li class=\"wp-block-jetpack-slideshow_slide swiper-slide\"><figure><img loading=\"lazy\" decoding=\"async\" width=\"1000\" height=\"666\" alt=\"\" class=\"wp-block-jetpack-slideshow_image wp-image-13424\" data-id=\"13424\" src=\"https:\/\/jornalfatosenoticias.com.br\/wp-content\/uploads\/2021\/01\/Rochinha-Uvaia.jpg\" srcset=\"https:\/\/jornalfatosenoticias.com.br\/wp-content\/uploads\/2021\/01\/Rochinha-Uvaia.jpg 1000w, https:\/\/jornalfatosenoticias.com.br\/wp-content\/uploads\/2021\/01\/Rochinha-Uvaia-300x200.jpg 300w, https:\/\/jornalfatosenoticias.com.br\/wp-content\/uploads\/2021\/01\/Rochinha-Uvaia-768x511.jpg 768w\" sizes=\"auto, (max-width: 1000px) 100vw, 1000px\" \/><figcaption class=\"wp-block-jetpack-slideshow_caption gallery-caption\">Rochinha Uvaia (Foto: Divulga\u00e7\u00e3o\/Sorvetes Rochinha)<\/figcaption><\/figure><\/li><\/ul><a class=\"wp-block-jetpack-slideshow_button-prev swiper-button-prev swiper-button-white\" role=\"button\"><\/a><a class=\"wp-block-jetpack-slideshow_button-next swiper-button-next swiper-button-white\" role=\"button\"><\/a><a aria-label=\"Pause Slideshow\" class=\"wp-block-jetpack-slideshow_button-pause\" role=\"button\"><\/a><div class=\"wp-block-jetpack-slideshow_pagination swiper-pagination swiper-pagination-white\"><\/div><\/div><\/div>\n\n\n\n<p>Com a iniciativa, a Sorvetes Rochinha acredita que \u00e9 poss\u00edvel potencializar os pequenos neg\u00f3cios e contribuir com a preserva\u00e7\u00e3o dos biomas brasileiros de maneira sustent\u00e1vel e, ao mesmo tempo, lucrativa para todas as esferas do desenvolvimento socioecon\u00f4mico. \u201cEssa \u00e9 a ess\u00eancia do lan\u00e7amento: incentivar a preserva\u00e7\u00e3o dos biomas pela agrofloresta, a economia local e os pequenos produtores\u201d, revela Lupercio Moraes, CEO da Sorvetes Rochinha<\/p>\n\n\n\n<h4 class=\"wp-block-heading\">Instituto AU\u00c1<\/h4>\n\n\n\n<p>Fundado em 1997 com o prop\u00f3sito do desenvolvimento sustent\u00e1vel no Cintur\u00e3o Verde de S\u00e3o Paulo a partir da Educa\u00e7\u00e3o Integral e do Ecomercado, o Instituto Au\u00e1 atua desde 2009 na coordena\u00e7\u00e3o do movimento de valoriza\u00e7\u00e3o das esp\u00e9cies nativas da Mata Atl\u00e2ntica e recupera\u00e7\u00e3o do Bioma pela Agroecologia, chamado <a href=\"http:\/\/institutoaua.org.br\/empreendimentos\/rota-do-cambuci\/\">Rota do Cambuci<\/a>.<\/p>\n\n\n\n<p><strong><em>Fonte: <a href=\"https:\/\/ciclovivo.com.br\/inovacao\/negocios\/sorvetes-rochinha-lanca-sabores-da-mata-atlantica\/\">CicloVivo<\/a><\/em><\/strong><\/p>\n","protected":false},"excerpt":{"rendered":"<p>Parceria com Instituto AU\u00c1 quer fortalecer o cultivo de frutas nativas em agroflorestas e o empreendedorismo socioambiental A Sorvetes Rochinha, tradicional marca do litoral norte paulista, lan\u00e7ou uma nova linha de em parceria com o Instituto AU\u00c1, que trabalha com o desenvolvimento sustent\u00e1vel no Cintur\u00e3o Verde de S\u00e3o Paulo. Os novos sorvetes Sabores da Mata [&hellip;]<\/p>\n","protected":false},"author":2,"featured_media":13425,"comment_status":"open","ping_status":"open","sticky":false,"template":"","format":"standard","meta":{"footnotes":""},"categories":[42],"tags":[6934,6935,6936,258,2792,6937],"class_list":["post-13422","post","type-post","status-publish","format-standard","has-post-thumbnail","hentry","category-bem-estar","tag-agrofloresta","tag-cinturao-verde","tag-instituto-aua","tag-mata-atlantica","tag-sabores","tag-sorvete"],"yoast_head":"<!-- This site is optimized with the Yoast SEO plugin v26.5 - https:\/\/yoast.com\/wordpress\/plugins\/seo\/ -->\n<title>Marca de sorvetes lan\u00e7a sabores da Mata Atl\u00e2ntica - Jornal Fatos e Not\u00edcias<\/title>\n<meta name=\"robots\" content=\"index, follow, max-snippet:-1, max-image-preview:large, max-video-preview:-1\" \/>\n<link rel=\"canonical\" href=\"https:\/\/jornalfatosenoticias.com.br\/index.php\/2021\/01\/13\/marca-de-sorvetes-lanca-sabores-da-mata-atlantica\/\" \/>\n<meta property=\"og:locale\" content=\"pt_BR\" \/>\n<meta property=\"og:type\" content=\"article\" \/>\n<meta property=\"og:title\" content=\"Marca de sorvetes lan\u00e7a sabores da Mata Atl\u00e2ntica - Jornal Fatos e Not\u00edcias\" \/>\n<meta property=\"og:description\" content=\"Parceria com Instituto AU\u00c1 quer fortalecer o cultivo de frutas nativas em agroflorestas e o empreendedorismo socioambiental A Sorvetes Rochinha, tradicional marca do litoral norte paulista, lan\u00e7ou uma nova linha de em parceria com o Instituto AU\u00c1, que trabalha com o desenvolvimento sustent\u00e1vel no Cintur\u00e3o Verde de S\u00e3o Paulo. Os novos sorvetes Sabores da Mata [&hellip;]\" \/>\n<meta property=\"og:url\" content=\"https:\/\/jornalfatosenoticias.com.br\/index.php\/2021\/01\/13\/marca-de-sorvetes-lanca-sabores-da-mata-atlantica\/\" \/>\n<meta property=\"og:site_name\" content=\"Jornal Fatos e Not\u00edcias\" \/>\n<meta property=\"article:published_time\" content=\"2021-01-13T18:11:29+00:00\" \/>\n<meta property=\"article:modified_time\" content=\"2021-01-13T18:11:35+00:00\" \/>\n<meta property=\"og:image\" content=\"https:\/\/jornalfatosenoticias.com.br\/wp-content\/uploads\/2021\/01\/Rochinha-sorvetes.jpg\" \/>\n\t<meta property=\"og:image:width\" content=\"1000\" \/>\n\t<meta property=\"og:image:height\" content=\"666\" \/>\n\t<meta property=\"og:image:type\" content=\"image\/jpeg\" \/>\n<meta name=\"author\" content=\"Luzimara Fernandes\" \/>\n<meta name=\"twitter:card\" content=\"summary_large_image\" \/>\n<meta name=\"twitter:label1\" content=\"Escrito por\" \/>\n\t<meta name=\"twitter:data1\" content=\"Luzimara Fernandes\" \/>\n\t<meta name=\"twitter:label2\" content=\"Est. tempo de leitura\" \/>\n\t<meta name=\"twitter:data2\" content=\"2 minutos\" \/>\n<script type=\"application\/ld+json\" class=\"yoast-schema-graph\">{\"@context\":\"https:\/\/schema.org\",\"@graph\":[{\"@type\":\"Article\",\"@id\":\"https:\/\/jornalfatosenoticias.com.br\/index.php\/2021\/01\/13\/marca-de-sorvetes-lanca-sabores-da-mata-atlantica\/#article\",\"isPartOf\":{\"@id\":\"https:\/\/jornalfatosenoticias.com.br\/index.php\/2021\/01\/13\/marca-de-sorvetes-lanca-sabores-da-mata-atlantica\/\"},\"author\":{\"name\":\"Luzimara Fernandes\",\"@id\":\"https:\/\/jornalfatosenoticias.com.br\/#\/schema\/person\/d63837fa13ac8666eb9e74e0985d6f81\"},\"headline\":\"Marca de sorvetes lan\u00e7a sabores da Mata Atl\u00e2ntica\",\"datePublished\":\"2021-01-13T18:11:29+00:00\",\"dateModified\":\"2021-01-13T18:11:35+00:00\",\"mainEntityOfPage\":{\"@id\":\"https:\/\/jornalfatosenoticias.com.br\/index.php\/2021\/01\/13\/marca-de-sorvetes-lanca-sabores-da-mata-atlantica\/\"},\"wordCount\":399,\"commentCount\":0,\"publisher\":{\"@id\":\"https:\/\/jornalfatosenoticias.com.br\/#organization\"},\"image\":{\"@id\":\"https:\/\/jornalfatosenoticias.com.br\/index.php\/2021\/01\/13\/marca-de-sorvetes-lanca-sabores-da-mata-atlantica\/#primaryimage\"},\"thumbnailUrl\":\"https:\/\/jornalfatosenoticias.com.br\/wp-content\/uploads\/2021\/01\/Rochinha-sorvetes.jpg\",\"keywords\":[\"agrofloresta\",\"cintur\u00e3o verde\",\"Instituto AU\u00c1\",\"mata atl\u00e2ntica\",\"sabores\",\"sorvete\"],\"articleSection\":[\"Bem-estar\"],\"inLanguage\":\"pt-BR\",\"potentialAction\":[{\"@type\":\"CommentAction\",\"name\":\"Comment\",\"target\":[\"https:\/\/jornalfatosenoticias.com.br\/index.php\/2021\/01\/13\/marca-de-sorvetes-lanca-sabores-da-mata-atlantica\/#respond\"]}]},{\"@type\":\"WebPage\",\"@id\":\"https:\/\/jornalfatosenoticias.com.br\/index.php\/2021\/01\/13\/marca-de-sorvetes-lanca-sabores-da-mata-atlantica\/\",\"url\":\"https:\/\/jornalfatosenoticias.com.br\/index.php\/2021\/01\/13\/marca-de-sorvetes-lanca-sabores-da-mata-atlantica\/\",\"name\":\"Marca de sorvetes lan\u00e7a sabores da Mata Atl\u00e2ntica - Jornal Fatos e Not\u00edcias\",\"isPartOf\":{\"@id\":\"https:\/\/jornalfatosenoticias.com.br\/#website\"},\"primaryImageOfPage\":{\"@id\":\"https:\/\/jornalfatosenoticias.com.br\/index.php\/2021\/01\/13\/marca-de-sorvetes-lanca-sabores-da-mata-atlantica\/#primaryimage\"},\"image\":{\"@id\":\"https:\/\/jornalfatosenoticias.com.br\/index.php\/2021\/01\/13\/marca-de-sorvetes-lanca-sabores-da-mata-atlantica\/#primaryimage\"},\"thumbnailUrl\":\"https:\/\/jornalfatosenoticias.com.br\/wp-content\/uploads\/2021\/01\/Rochinha-sorvetes.jpg\",\"datePublished\":\"2021-01-13T18:11:29+00:00\",\"dateModified\":\"2021-01-13T18:11:35+00:00\",\"breadcrumb\":{\"@id\":\"https:\/\/jornalfatosenoticias.com.br\/index.php\/2021\/01\/13\/marca-de-sorvetes-lanca-sabores-da-mata-atlantica\/#breadcrumb\"},\"inLanguage\":\"pt-BR\",\"potentialAction\":[{\"@type\":\"ReadAction\",\"target\":[\"https:\/\/jornalfatosenoticias.com.br\/index.php\/2021\/01\/13\/marca-de-sorvetes-lanca-sabores-da-mata-atlantica\/\"]}]},{\"@type\":\"ImageObject\",\"inLanguage\":\"pt-BR\",\"@id\":\"https:\/\/jornalfatosenoticias.com.br\/index.php\/2021\/01\/13\/marca-de-sorvetes-lanca-sabores-da-mata-atlantica\/#primaryimage\",\"url\":\"https:\/\/jornalfatosenoticias.com.br\/wp-content\/uploads\/2021\/01\/Rochinha-sorvetes.jpg\",\"contentUrl\":\"https:\/\/jornalfatosenoticias.com.br\/wp-content\/uploads\/2021\/01\/Rochinha-sorvetes.jpg\",\"width\":1000,\"height\":666},{\"@type\":\"BreadcrumbList\",\"@id\":\"https:\/\/jornalfatosenoticias.com.br\/index.php\/2021\/01\/13\/marca-de-sorvetes-lanca-sabores-da-mata-atlantica\/#breadcrumb\",\"itemListElement\":[{\"@type\":\"ListItem\",\"position\":1,\"name\":\"In\u00edcio\",\"item\":\"https:\/\/jornalfatosenoticias.com.br\/\"},{\"@type\":\"ListItem\",\"position\":2,\"name\":\"Marca de sorvetes lan\u00e7a sabores da Mata Atl\u00e2ntica\"}]},{\"@type\":\"WebSite\",\"@id\":\"https:\/\/jornalfatosenoticias.com.br\/#website\",\"url\":\"https:\/\/jornalfatosenoticias.com.br\/\",\"name\":\"Jornal Fatos e Not\u00edcias\",\"description\":\"Not\u00edcias em geral\",\"publisher\":{\"@id\":\"https:\/\/jornalfatosenoticias.com.br\/#organization\"},\"potentialAction\":[{\"@type\":\"SearchAction\",\"target\":{\"@type\":\"EntryPoint\",\"urlTemplate\":\"https:\/\/jornalfatosenoticias.com.br\/?s={search_term_string}\"},\"query-input\":{\"@type\":\"PropertyValueSpecification\",\"valueRequired\":true,\"valueName\":\"search_term_string\"}}],\"inLanguage\":\"pt-BR\"},{\"@type\":\"Organization\",\"@id\":\"https:\/\/jornalfatosenoticias.com.br\/#organization\",\"name\":\"Jornal Fatos e Not\u00edcias\",\"url\":\"https:\/\/jornalfatosenoticias.com.br\/\",\"logo\":{\"@type\":\"ImageObject\",\"inLanguage\":\"pt-BR\",\"@id\":\"https:\/\/jornalfatosenoticias.com.br\/#\/schema\/logo\/image\/\",\"url\":\"https:\/\/jornalfatosenoticias.com.br\/wp-content\/uploads\/2020\/02\/logo120.png\",\"contentUrl\":\"https:\/\/jornalfatosenoticias.com.br\/wp-content\/uploads\/2020\/02\/logo120.png\",\"width\":1227,\"height\":120,\"caption\":\"Jornal Fatos e Not\u00edcias\"},\"image\":{\"@id\":\"https:\/\/jornalfatosenoticias.com.br\/#\/schema\/logo\/image\/\"}},{\"@type\":\"Person\",\"@id\":\"https:\/\/jornalfatosenoticias.com.br\/#\/schema\/person\/d63837fa13ac8666eb9e74e0985d6f81\",\"name\":\"Luzimara Fernandes\",\"image\":{\"@type\":\"ImageObject\",\"inLanguage\":\"pt-BR\",\"@id\":\"https:\/\/jornalfatosenoticias.com.br\/#\/schema\/person\/image\/\",\"url\":\"https:\/\/jornalfatosenoticias.com.br\/wp-content\/uploads\/2025\/05\/EU_portal.jpg\",\"contentUrl\":\"https:\/\/jornalfatosenoticias.com.br\/wp-content\/uploads\/2025\/05\/EU_portal.jpg\",\"caption\":\"Luzimara Fernandes\"},\"description\":\"Jornalista MTB 2358-ES\",\"sameAs\":[\"https:\/\/jornalfatosenoticias.com.br\"],\"url\":\"https:\/\/jornalfatosenoticias.com.br\/index.php\/author\/luzimara\/\"}]}<\/script>\n<!-- \/ Yoast SEO plugin. -->","yoast_head_json":{"title":"Marca de sorvetes lan\u00e7a sabores da Mata Atl\u00e2ntica - Jornal Fatos e Not\u00edcias","robots":{"index":"index","follow":"follow","max-snippet":"max-snippet:-1","max-image-preview":"max-image-preview:large","max-video-preview":"max-video-preview:-1"},"canonical":"https:\/\/jornalfatosenoticias.com.br\/index.php\/2021\/01\/13\/marca-de-sorvetes-lanca-sabores-da-mata-atlantica\/","og_locale":"pt_BR","og_type":"article","og_title":"Marca de sorvetes lan\u00e7a sabores da Mata Atl\u00e2ntica - Jornal Fatos e Not\u00edcias","og_description":"Parceria com Instituto AU\u00c1 quer fortalecer o cultivo de frutas nativas em agroflorestas e o empreendedorismo socioambiental A Sorvetes Rochinha, tradicional marca do litoral norte paulista, lan\u00e7ou uma nova linha de em parceria com o Instituto AU\u00c1, que trabalha com o desenvolvimento sustent\u00e1vel no Cintur\u00e3o Verde de S\u00e3o Paulo. Os novos sorvetes Sabores da Mata [&hellip;]","og_url":"https:\/\/jornalfatosenoticias.com.br\/index.php\/2021\/01\/13\/marca-de-sorvetes-lanca-sabores-da-mata-atlantica\/","og_site_name":"Jornal Fatos e Not\u00edcias","article_published_time":"2021-01-13T18:11:29+00:00","article_modified_time":"2021-01-13T18:11:35+00:00","og_image":[{"width":1000,"height":666,"url":"https:\/\/jornalfatosenoticias.com.br\/wp-content\/uploads\/2021\/01\/Rochinha-sorvetes.jpg","type":"image\/jpeg"}],"author":"Luzimara Fernandes","twitter_card":"summary_large_image","twitter_misc":{"Escrito por":"Luzimara Fernandes","Est. tempo de leitura":"2 minutos"},"schema":{"@context":"https:\/\/schema.org","@graph":[{"@type":"Article","@id":"https:\/\/jornalfatosenoticias.com.br\/index.php\/2021\/01\/13\/marca-de-sorvetes-lanca-sabores-da-mata-atlantica\/#article","isPartOf":{"@id":"https:\/\/jornalfatosenoticias.com.br\/index.php\/2021\/01\/13\/marca-de-sorvetes-lanca-sabores-da-mata-atlantica\/"},"author":{"name":"Luzimara Fernandes","@id":"https:\/\/jornalfatosenoticias.com.br\/#\/schema\/person\/d63837fa13ac8666eb9e74e0985d6f81"},"headline":"Marca de sorvetes lan\u00e7a sabores da Mata Atl\u00e2ntica","datePublished":"2021-01-13T18:11:29+00:00","dateModified":"2021-01-13T18:11:35+00:00","mainEntityOfPage":{"@id":"https:\/\/jornalfatosenoticias.com.br\/index.php\/2021\/01\/13\/marca-de-sorvetes-lanca-sabores-da-mata-atlantica\/"},"wordCount":399,"commentCount":0,"publisher":{"@id":"https:\/\/jornalfatosenoticias.com.br\/#organization"},"image":{"@id":"https:\/\/jornalfatosenoticias.com.br\/index.php\/2021\/01\/13\/marca-de-sorvetes-lanca-sabores-da-mata-atlantica\/#primaryimage"},"thumbnailUrl":"https:\/\/jornalfatosenoticias.com.br\/wp-content\/uploads\/2021\/01\/Rochinha-sorvetes.jpg","keywords":["agrofloresta","cintur\u00e3o verde","Instituto AU\u00c1","mata atl\u00e2ntica","sabores","sorvete"],"articleSection":["Bem-estar"],"inLanguage":"pt-BR","potentialAction":[{"@type":"CommentAction","name":"Comment","target":["https:\/\/jornalfatosenoticias.com.br\/index.php\/2021\/01\/13\/marca-de-sorvetes-lanca-sabores-da-mata-atlantica\/#respond"]}]},{"@type":"WebPage","@id":"https:\/\/jornalfatosenoticias.com.br\/index.php\/2021\/01\/13\/marca-de-sorvetes-lanca-sabores-da-mata-atlantica\/","url":"https:\/\/jornalfatosenoticias.com.br\/index.php\/2021\/01\/13\/marca-de-sorvetes-lanca-sabores-da-mata-atlantica\/","name":"Marca de sorvetes lan\u00e7a sabores da Mata Atl\u00e2ntica - Jornal Fatos e Not\u00edcias","isPartOf":{"@id":"https:\/\/jornalfatosenoticias.com.br\/#website"},"primaryImageOfPage":{"@id":"https:\/\/jornalfatosenoticias.com.br\/index.php\/2021\/01\/13\/marca-de-sorvetes-lanca-sabores-da-mata-atlantica\/#primaryimage"},"image":{"@id":"https:\/\/jornalfatosenoticias.com.br\/index.php\/2021\/01\/13\/marca-de-sorvetes-lanca-sabores-da-mata-atlantica\/#primaryimage"},"thumbnailUrl":"https:\/\/jornalfatosenoticias.com.br\/wp-content\/uploads\/2021\/01\/Rochinha-sorvetes.jpg","datePublished":"2021-01-13T18:11:29+00:00","dateModified":"2021-01-13T18:11:35+00:00","breadcrumb":{"@id":"https:\/\/jornalfatosenoticias.com.br\/index.php\/2021\/01\/13\/marca-de-sorvetes-lanca-sabores-da-mata-atlantica\/#breadcrumb"},"inLanguage":"pt-BR","potentialAction":[{"@type":"ReadAction","target":["https:\/\/jornalfatosenoticias.com.br\/index.php\/2021\/01\/13\/marca-de-sorvetes-lanca-sabores-da-mata-atlantica\/"]}]},{"@type":"ImageObject","inLanguage":"pt-BR","@id":"https:\/\/jornalfatosenoticias.com.br\/index.php\/2021\/01\/13\/marca-de-sorvetes-lanca-sabores-da-mata-atlantica\/#primaryimage","url":"https:\/\/jornalfatosenoticias.com.br\/wp-content\/uploads\/2021\/01\/Rochinha-sorvetes.jpg","contentUrl":"https:\/\/jornalfatosenoticias.com.br\/wp-content\/uploads\/2021\/01\/Rochinha-sorvetes.jpg","width":1000,"height":666},{"@type":"BreadcrumbList","@id":"https:\/\/jornalfatosenoticias.com.br\/index.php\/2021\/01\/13\/marca-de-sorvetes-lanca-sabores-da-mata-atlantica\/#breadcrumb","itemListElement":[{"@type":"ListItem","position":1,"name":"In\u00edcio","item":"https:\/\/jornalfatosenoticias.com.br\/"},{"@type":"ListItem","position":2,"name":"Marca de sorvetes lan\u00e7a sabores da Mata Atl\u00e2ntica"}]},{"@type":"WebSite","@id":"https:\/\/jornalfatosenoticias.com.br\/#website","url":"https:\/\/jornalfatosenoticias.com.br\/","name":"Jornal Fatos e Not\u00edcias","description":"Not\u00edcias em geral","publisher":{"@id":"https:\/\/jornalfatosenoticias.com.br\/#organization"},"potentialAction":[{"@type":"SearchAction","target":{"@type":"EntryPoint","urlTemplate":"https:\/\/jornalfatosenoticias.com.br\/?s={search_term_string}"},"query-input":{"@type":"PropertyValueSpecification","valueRequired":true,"valueName":"search_term_string"}}],"inLanguage":"pt-BR"},{"@type":"Organization","@id":"https:\/\/jornalfatosenoticias.com.br\/#organization","name":"Jornal Fatos e Not\u00edcias","url":"https:\/\/jornalfatosenoticias.com.br\/","logo":{"@type":"ImageObject","inLanguage":"pt-BR","@id":"https:\/\/jornalfatosenoticias.com.br\/#\/schema\/logo\/image\/","url":"https:\/\/jornalfatosenoticias.com.br\/wp-content\/uploads\/2020\/02\/logo120.png","contentUrl":"https:\/\/jornalfatosenoticias.com.br\/wp-content\/uploads\/2020\/02\/logo120.png","width":1227,"height":120,"caption":"Jornal Fatos e Not\u00edcias"},"image":{"@id":"https:\/\/jornalfatosenoticias.com.br\/#\/schema\/logo\/image\/"}},{"@type":"Person","@id":"https:\/\/jornalfatosenoticias.com.br\/#\/schema\/person\/d63837fa13ac8666eb9e74e0985d6f81","name":"Luzimara Fernandes","image":{"@type":"ImageObject","inLanguage":"pt-BR","@id":"https:\/\/jornalfatosenoticias.com.br\/#\/schema\/person\/image\/","url":"https:\/\/jornalfatosenoticias.com.br\/wp-content\/uploads\/2025\/05\/EU_portal.jpg","contentUrl":"https:\/\/jornalfatosenoticias.com.br\/wp-content\/uploads\/2025\/05\/EU_portal.jpg","caption":"Luzimara Fernandes"},"description":"Jornalista MTB 2358-ES","sameAs":["https:\/\/jornalfatosenoticias.com.br"],"url":"https:\/\/jornalfatosenoticias.com.br\/index.php\/author\/luzimara\/"}]}},"cc_featured_image_caption":{"caption_text":" (Divulga\u00e7\u00e3o\/Sorvetes Rochinha)","source_text":"","source_url":""},"jetpack_featured_media_url":"https:\/\/jornalfatosenoticias.com.br\/wp-content\/uploads\/2021\/01\/Rochinha-sorvetes.jpg","_links":{"self":[{"href":"https:\/\/jornalfatosenoticias.com.br\/index.php\/wp-json\/wp\/v2\/posts\/13422","targetHints":{"allow":["GET"]}}],"collection":[{"href":"https:\/\/jornalfatosenoticias.com.br\/index.php\/wp-json\/wp\/v2\/posts"}],"about":[{"href":"https:\/\/jornalfatosenoticias.com.br\/index.php\/wp-json\/wp\/v2\/types\/post"}],"author":[{"embeddable":true,"href":"https:\/\/jornalfatosenoticias.com.br\/index.php\/wp-json\/wp\/v2\/users\/2"}],"replies":[{"embeddable":true,"href":"https:\/\/jornalfatosenoticias.com.br\/index.php\/wp-json\/wp\/v2\/comments?post=13422"}],"version-history":[{"count":0,"href":"https:\/\/jornalfatosenoticias.com.br\/index.php\/wp-json\/wp\/v2\/posts\/13422\/revisions"}],"wp:featuredmedia":[{"embeddable":true,"href":"https:\/\/jornalfatosenoticias.com.br\/index.php\/wp-json\/wp\/v2\/media\/13425"}],"wp:attachment":[{"href":"https:\/\/jornalfatosenoticias.com.br\/index.php\/wp-json\/wp\/v2\/media?parent=13422"}],"wp:term":[{"taxonomy":"category","embeddable":true,"href":"https:\/\/jornalfatosenoticias.com.br\/index.php\/wp-json\/wp\/v2\/categories?post=13422"},{"taxonomy":"post_tag","embeddable":true,"href":"https:\/\/jornalfatosenoticias.com.br\/index.php\/wp-json\/wp\/v2\/tags?post=13422"}],"curies":[{"name":"wp","href":"https:\/\/api.w.org\/{rel}","templated":true}]}}