{"id":13427,"date":"2021-01-13T15:20:54","date_gmt":"2021-01-13T18:20:54","guid":{"rendered":"https:\/\/jornalfatosenoticias.com.br\/?p=13427"},"modified":"2021-01-13T15:20:58","modified_gmt":"2021-01-13T18:20:58","slug":"populacao-deve-manter-afastamento-social-defende-pazuello","status":"publish","type":"post","link":"https:\/\/jornalfatosenoticias.com.br\/index.php\/2021\/01\/13\/populacao-deve-manter-afastamento-social-defende-pazuello\/","title":{"rendered":"Popula\u00e7\u00e3o deve manter afastamento social, defende Pazuello"},"content":{"rendered":"\n<h6 class=\"wp-block-heading\"><em>Ministro reafirma que vacina\u00e7\u00e3o deve come\u00e7ar ainda em janeiro<\/em><\/h6>\n\n\n\n<p>O ministro da Sa\u00fade, Eduardo Pazuello, defendeu, hoje (13), a import\u00e2ncia de os brasileiros continuarem seguindo as recomenda\u00e7\u00f5es das autoridades de sa\u00fade como forma de tentar conter o aumento do n\u00famero de casos do novo coronav\u00edrus (covid-19).<br>\u201cTodo mundo deve estar focado em salvar vidas. Cada um no seu papel. Se o papel da pessoa \u00e9 se prevenir para n\u00e3o ficar doente, tomar seus cuidados, manter o afastamento social, este \u00e9 o papel dela\u201d, disse o ministro, em Manaus, onde apresentou um balan\u00e7o das a\u00e7\u00f5es dos governos federal e estadual para tentar controlar a dissemina\u00e7\u00e3o do coronav\u00edrus no estado.<\/p>\n\n\n\n<blockquote class=\"wp-block-quote is-layout-flow wp-block-quote-is-layout-flow\"><p>\u201cTemos que nos cuidar. Temos que seguir as orienta\u00e7\u00f5es dos gestores. N\u00e3o adianta lutar contra isto\u201d, disse Pazuello ap\u00f3s afirmar que todos t\u00eam que colaborar para que o Pa\u00eds consiga superar a doen\u00e7a.<\/p><\/blockquote>\n\n\n\n<p>\u201cO papel das equipes de m\u00eddia \u00e9 informar, manter a popula\u00e7\u00e3o a par do que est\u00e1 acontecendo para que ela fique calma e confie em quem est\u00e1 trabalhando. O dos empres\u00e1rios \u00e9 manter suas estruturas funcionando para preservar os empregos das pessoas, mas com a devida preven\u00e7\u00e3o e cuidados m\u00e9dicos\u201d.<br>O ministro reafirmou que a popula\u00e7\u00e3o brasileira come\u00e7ar\u00e1 a ser vacinada ainda este m\u00eas. E que as vacinas, cuja seguran\u00e7a e efic\u00e1cia forem comprovadas, ser\u00e3o distribu\u00eddas para todo o Pa\u00eds ao mesmo tempo, de acordo com a propor\u00e7\u00e3o populacional dos grupos considerados priorit\u00e1rios. Pazuello tamb\u00e9m ressaltou que a popula\u00e7\u00e3o dever\u00e1 manter os cuidados que j\u00e1 v\u00eam sendo recomendados, como o uso de m\u00e1scara, o distanciamento social e a aten\u00e7\u00e3o \u00e0 higiene das m\u00e3os e de objetos, mesmo ap\u00f3s o in\u00edcio da vacina\u00e7\u00e3o.<\/p>\n\n\n\n<blockquote class=\"wp-block-quote is-layout-flow wp-block-quote-is-layout-flow\"><p>\u201cVamos vacinar em janeiro. A vacina induz \u00e0 produ\u00e7\u00e3o de anticorpos, mas isto n\u00e3o acontece no dia seguinte. A literatura [m\u00e9dica] fala em 30 a 60 dias. N\u00e3o \u00e9 tomar a vacina no dia 20 e, no dia 22 estar na rua fazendo festa\u201d, alertou Pazuello.<\/p><\/blockquote>\n\n\n\n<h4 class=\"wp-block-heading\">Tratamento precoce<\/h4>\n\n\n\n<p>O ministro disse que devido \u00e0 gravidade da situa\u00e7\u00e3o atual em Manaus, a prioridade deve ser o tratamento precoce nas unidades b\u00e1sicas de sa\u00fade. Desde dezembro, o n\u00famero de casos da covid-19 na capital manauara n\u00e3o para de aumentar.<br>\u201cN\u00e3o temos 30 ou 60 dias para esperar a imuniza\u00e7\u00e3o total [de parte da popula\u00e7\u00e3o a partir da aplica\u00e7\u00e3o da vacina]. A vacina faz parte de uma estrat\u00e9gia, cuja principal [a\u00e7\u00e3o] \u00e9 o tratamento na unidade b\u00e1sica de sa\u00fade, o diagn\u00f3stico cl\u00ednico feito pelo m\u00e9dico\u201d, disse o ministro, acrescentando que n\u00e3o h\u00e1 \u201ccomo resolver esta situa\u00e7\u00e3o se n\u00e3o transformarmos o atendimento precoce em prioridade da prefeitura de Manaus\u201d.<br>Dentre as a\u00e7\u00f5es em curso, como a abertura de novos leitos hospitalares para atendimento de pacientes com a covid-19 e o transporte de cilindros de oxig\u00eanio para suprir o aumento da demanda, o ministro mencionou uma parceria com o Hospital S\u00edrio-Liban\u00eas de \u201caux\u00edlio na gest\u00e3o hospitalar\u201d. De acordo com o ministro, a proposta \u00e9 que especialistas verifiquem os casos de pacientes internados j\u00e1 em condi\u00e7\u00f5es de deixar os hospitais, abrindo vaga para outras pessoas.<br>\u201cNa correria, \u00e0s vezes os m\u00e9dicos est\u00e3o mais ocupados com salvar algu\u00e9m do que em ver quem pode ir para l\u00e1 ou para c\u00e1. Ent\u00e3o, um apoio externo, neste momento, ajudar\u00e1 nesta responsabilidade. Com isso, pretendemos ter mais 150 leitos [dispon\u00edveis] ainda esta semana, por desospitaliza\u00e7\u00e3o para tratamento residencial\u201d, explicou Pazuello.<\/p>\n\n\n\n<p><em><strong>Fonte: <a href=\"https:\/\/agenciabrasil.ebc.com.br\/saude\/noticia\/2021-01\/populacao-deve-manter-afastamento-social-diz-pazuello\">Ag\u00eancia Brasil<\/a><\/strong><\/em><\/p>\n","protected":false},"excerpt":{"rendered":"<p>Ministro reafirma que vacina\u00e7\u00e3o deve come\u00e7ar ainda em janeiro O ministro da Sa\u00fade, Eduardo Pazuello, defendeu, hoje (13), a import\u00e2ncia de os brasileiros continuarem seguindo as recomenda\u00e7\u00f5es das autoridades de sa\u00fade como forma de tentar conter o aumento do n\u00famero de casos do novo coronav\u00edrus (covid-19).\u201cTodo mundo deve estar focado em salvar vidas. Cada um [&hellip;]<\/p>\n","protected":false},"author":2,"featured_media":13428,"comment_status":"open","ping_status":"open","sticky":false,"template":"","format":"standard","meta":{"footnotes":""},"categories":[11],"tags":[73,5002,3856,6938,563],"class_list":["post-13427","post","type-post","status-publish","format-standard","has-post-thumbnail","hentry","category-saude","tag-coronavirus","tag-eduardo-pazuello","tag-manaus","tag-ministro-da-saude","tag-vacina"],"yoast_head":"<!-- This site is optimized with the Yoast SEO plugin v26.5 - https:\/\/yoast.com\/wordpress\/plugins\/seo\/ -->\n<title>Popula\u00e7\u00e3o deve manter afastamento social, defende Pazuello - Jornal Fatos e Not\u00edcias<\/title>\n<meta name=\"robots\" content=\"index, follow, max-snippet:-1, max-image-preview:large, max-video-preview:-1\" \/>\n<link rel=\"canonical\" href=\"https:\/\/jornalfatosenoticias.com.br\/index.php\/2021\/01\/13\/populacao-deve-manter-afastamento-social-defende-pazuello\/\" \/>\n<meta property=\"og:locale\" content=\"pt_BR\" \/>\n<meta property=\"og:type\" content=\"article\" \/>\n<meta property=\"og:title\" content=\"Popula\u00e7\u00e3o deve manter afastamento social, defende Pazuello - Jornal Fatos e Not\u00edcias\" \/>\n<meta property=\"og:description\" content=\"Ministro reafirma que vacina\u00e7\u00e3o deve come\u00e7ar ainda em janeiro O ministro da Sa\u00fade, Eduardo Pazuello, defendeu, hoje (13), a import\u00e2ncia de os brasileiros continuarem seguindo as recomenda\u00e7\u00f5es das autoridades de sa\u00fade como forma de tentar conter o aumento do n\u00famero de casos do novo coronav\u00edrus (covid-19).\u201cTodo mundo deve estar focado em salvar vidas. Cada um [&hellip;]\" \/>\n<meta property=\"og:url\" content=\"https:\/\/jornalfatosenoticias.com.br\/index.php\/2021\/01\/13\/populacao-deve-manter-afastamento-social-defende-pazuello\/\" \/>\n<meta property=\"og:site_name\" content=\"Jornal Fatos e Not\u00edcias\" \/>\n<meta property=\"article:published_time\" content=\"2021-01-13T18:20:54+00:00\" \/>\n<meta property=\"article:modified_time\" content=\"2021-01-13T18:20:58+00:00\" \/>\n<meta property=\"og:image\" content=\"https:\/\/jornalfatosenoticias.com.br\/wp-content\/uploads\/2021\/01\/pazuello-manaus-coletiva.jpg\" \/>\n\t<meta property=\"og:image:width\" content=\"1000\" \/>\n\t<meta property=\"og:image:height\" content=\"598\" \/>\n\t<meta property=\"og:image:type\" content=\"image\/jpeg\" \/>\n<meta name=\"author\" content=\"Luzimara Fernandes\" \/>\n<meta name=\"twitter:card\" content=\"summary_large_image\" \/>\n<meta name=\"twitter:label1\" content=\"Escrito por\" \/>\n\t<meta name=\"twitter:data1\" content=\"Luzimara Fernandes\" \/>\n\t<meta name=\"twitter:label2\" content=\"Est. tempo de leitura\" \/>\n\t<meta name=\"twitter:data2\" content=\"3 minutos\" \/>\n<script type=\"application\/ld+json\" class=\"yoast-schema-graph\">{\"@context\":\"https:\/\/schema.org\",\"@graph\":[{\"@type\":\"Article\",\"@id\":\"https:\/\/jornalfatosenoticias.com.br\/index.php\/2021\/01\/13\/populacao-deve-manter-afastamento-social-defende-pazuello\/#article\",\"isPartOf\":{\"@id\":\"https:\/\/jornalfatosenoticias.com.br\/index.php\/2021\/01\/13\/populacao-deve-manter-afastamento-social-defende-pazuello\/\"},\"author\":{\"name\":\"Luzimara Fernandes\",\"@id\":\"https:\/\/jornalfatosenoticias.com.br\/#\/schema\/person\/d63837fa13ac8666eb9e74e0985d6f81\"},\"headline\":\"Popula\u00e7\u00e3o deve manter afastamento social, defende Pazuello\",\"datePublished\":\"2021-01-13T18:20:54+00:00\",\"dateModified\":\"2021-01-13T18:20:58+00:00\",\"mainEntityOfPage\":{\"@id\":\"https:\/\/jornalfatosenoticias.com.br\/index.php\/2021\/01\/13\/populacao-deve-manter-afastamento-social-defende-pazuello\/\"},\"wordCount\":626,\"commentCount\":0,\"publisher\":{\"@id\":\"https:\/\/jornalfatosenoticias.com.br\/#organization\"},\"image\":{\"@id\":\"https:\/\/jornalfatosenoticias.com.br\/index.php\/2021\/01\/13\/populacao-deve-manter-afastamento-social-defende-pazuello\/#primaryimage\"},\"thumbnailUrl\":\"https:\/\/jornalfatosenoticias.com.br\/wp-content\/uploads\/2021\/01\/pazuello-manaus-coletiva.jpg\",\"keywords\":[\"coronav\u00edrus\",\"Eduardo Pazuello\",\"Manaus\",\"ministro da Sa\u00fade\",\"vacina\"],\"articleSection\":[\"Sa\u00fade\"],\"inLanguage\":\"pt-BR\",\"potentialAction\":[{\"@type\":\"CommentAction\",\"name\":\"Comment\",\"target\":[\"https:\/\/jornalfatosenoticias.com.br\/index.php\/2021\/01\/13\/populacao-deve-manter-afastamento-social-defende-pazuello\/#respond\"]}]},{\"@type\":\"WebPage\",\"@id\":\"https:\/\/jornalfatosenoticias.com.br\/index.php\/2021\/01\/13\/populacao-deve-manter-afastamento-social-defende-pazuello\/\",\"url\":\"https:\/\/jornalfatosenoticias.com.br\/index.php\/2021\/01\/13\/populacao-deve-manter-afastamento-social-defende-pazuello\/\",\"name\":\"Popula\u00e7\u00e3o deve manter afastamento social, defende Pazuello - Jornal Fatos e Not\u00edcias\",\"isPartOf\":{\"@id\":\"https:\/\/jornalfatosenoticias.com.br\/#website\"},\"primaryImageOfPage\":{\"@id\":\"https:\/\/jornalfatosenoticias.com.br\/index.php\/2021\/01\/13\/populacao-deve-manter-afastamento-social-defende-pazuello\/#primaryimage\"},\"image\":{\"@id\":\"https:\/\/jornalfatosenoticias.com.br\/index.php\/2021\/01\/13\/populacao-deve-manter-afastamento-social-defende-pazuello\/#primaryimage\"},\"thumbnailUrl\":\"https:\/\/jornalfatosenoticias.com.br\/wp-content\/uploads\/2021\/01\/pazuello-manaus-coletiva.jpg\",\"datePublished\":\"2021-01-13T18:20:54+00:00\",\"dateModified\":\"2021-01-13T18:20:58+00:00\",\"breadcrumb\":{\"@id\":\"https:\/\/jornalfatosenoticias.com.br\/index.php\/2021\/01\/13\/populacao-deve-manter-afastamento-social-defende-pazuello\/#breadcrumb\"},\"inLanguage\":\"pt-BR\",\"potentialAction\":[{\"@type\":\"ReadAction\",\"target\":[\"https:\/\/jornalfatosenoticias.com.br\/index.php\/2021\/01\/13\/populacao-deve-manter-afastamento-social-defende-pazuello\/\"]}]},{\"@type\":\"ImageObject\",\"inLanguage\":\"pt-BR\",\"@id\":\"https:\/\/jornalfatosenoticias.com.br\/index.php\/2021\/01\/13\/populacao-deve-manter-afastamento-social-defende-pazuello\/#primaryimage\",\"url\":\"https:\/\/jornalfatosenoticias.com.br\/wp-content\/uploads\/2021\/01\/pazuello-manaus-coletiva.jpg\",\"contentUrl\":\"https:\/\/jornalfatosenoticias.com.br\/wp-content\/uploads\/2021\/01\/pazuello-manaus-coletiva.jpg\",\"width\":1000,\"height\":598,\"caption\":\"Ministro da sa\u00fade, Eduardo Pazuello, em coletiva sobre a\u00e7\u00f5es de enfrentamento ao coronav\u00edrus do Governo Federal no Amazonas\"},{\"@type\":\"BreadcrumbList\",\"@id\":\"https:\/\/jornalfatosenoticias.com.br\/index.php\/2021\/01\/13\/populacao-deve-manter-afastamento-social-defende-pazuello\/#breadcrumb\",\"itemListElement\":[{\"@type\":\"ListItem\",\"position\":1,\"name\":\"In\u00edcio\",\"item\":\"https:\/\/jornalfatosenoticias.com.br\/\"},{\"@type\":\"ListItem\",\"position\":2,\"name\":\"Popula\u00e7\u00e3o deve manter afastamento social, defende Pazuello\"}]},{\"@type\":\"WebSite\",\"@id\":\"https:\/\/jornalfatosenoticias.com.br\/#website\",\"url\":\"https:\/\/jornalfatosenoticias.com.br\/\",\"name\":\"Jornal Fatos e Not\u00edcias\",\"description\":\"Not\u00edcias em geral\",\"publisher\":{\"@id\":\"https:\/\/jornalfatosenoticias.com.br\/#organization\"},\"potentialAction\":[{\"@type\":\"SearchAction\",\"target\":{\"@type\":\"EntryPoint\",\"urlTemplate\":\"https:\/\/jornalfatosenoticias.com.br\/?s={search_term_string}\"},\"query-input\":{\"@type\":\"PropertyValueSpecification\",\"valueRequired\":true,\"valueName\":\"search_term_string\"}}],\"inLanguage\":\"pt-BR\"},{\"@type\":\"Organization\",\"@id\":\"https:\/\/jornalfatosenoticias.com.br\/#organization\",\"name\":\"Jornal Fatos e Not\u00edcias\",\"url\":\"https:\/\/jornalfatosenoticias.com.br\/\",\"logo\":{\"@type\":\"ImageObject\",\"inLanguage\":\"pt-BR\",\"@id\":\"https:\/\/jornalfatosenoticias.com.br\/#\/schema\/logo\/image\/\",\"url\":\"https:\/\/jornalfatosenoticias.com.br\/wp-content\/uploads\/2020\/02\/logo120.png\",\"contentUrl\":\"https:\/\/jornalfatosenoticias.com.br\/wp-content\/uploads\/2020\/02\/logo120.png\",\"width\":1227,\"height\":120,\"caption\":\"Jornal Fatos e Not\u00edcias\"},\"image\":{\"@id\":\"https:\/\/jornalfatosenoticias.com.br\/#\/schema\/logo\/image\/\"}},{\"@type\":\"Person\",\"@id\":\"https:\/\/jornalfatosenoticias.com.br\/#\/schema\/person\/d63837fa13ac8666eb9e74e0985d6f81\",\"name\":\"Luzimara Fernandes\",\"image\":{\"@type\":\"ImageObject\",\"inLanguage\":\"pt-BR\",\"@id\":\"https:\/\/jornalfatosenoticias.com.br\/#\/schema\/person\/image\/\",\"url\":\"https:\/\/jornalfatosenoticias.com.br\/wp-content\/uploads\/2025\/05\/EU_portal.jpg\",\"contentUrl\":\"https:\/\/jornalfatosenoticias.com.br\/wp-content\/uploads\/2025\/05\/EU_portal.jpg\",\"caption\":\"Luzimara Fernandes\"},\"description\":\"Jornalista MTB 2358-ES\",\"sameAs\":[\"https:\/\/jornalfatosenoticias.com.br\"],\"url\":\"https:\/\/jornalfatosenoticias.com.br\/index.php\/author\/luzimara\/\"}]}<\/script>\n<!-- \/ Yoast SEO plugin. -->","yoast_head_json":{"title":"Popula\u00e7\u00e3o deve manter afastamento social, defende Pazuello - Jornal Fatos e Not\u00edcias","robots":{"index":"index","follow":"follow","max-snippet":"max-snippet:-1","max-image-preview":"max-image-preview:large","max-video-preview":"max-video-preview:-1"},"canonical":"https:\/\/jornalfatosenoticias.com.br\/index.php\/2021\/01\/13\/populacao-deve-manter-afastamento-social-defende-pazuello\/","og_locale":"pt_BR","og_type":"article","og_title":"Popula\u00e7\u00e3o deve manter afastamento social, defende Pazuello - Jornal Fatos e Not\u00edcias","og_description":"Ministro reafirma que vacina\u00e7\u00e3o deve come\u00e7ar ainda em janeiro O ministro da Sa\u00fade, Eduardo Pazuello, defendeu, hoje (13), a import\u00e2ncia de os brasileiros continuarem seguindo as recomenda\u00e7\u00f5es das autoridades de sa\u00fade como forma de tentar conter o aumento do n\u00famero de casos do novo coronav\u00edrus (covid-19).\u201cTodo mundo deve estar focado em salvar vidas. Cada um [&hellip;]","og_url":"https:\/\/jornalfatosenoticias.com.br\/index.php\/2021\/01\/13\/populacao-deve-manter-afastamento-social-defende-pazuello\/","og_site_name":"Jornal Fatos e Not\u00edcias","article_published_time":"2021-01-13T18:20:54+00:00","article_modified_time":"2021-01-13T18:20:58+00:00","og_image":[{"width":1000,"height":598,"url":"https:\/\/jornalfatosenoticias.com.br\/wp-content\/uploads\/2021\/01\/pazuello-manaus-coletiva.jpg","type":"image\/jpeg"}],"author":"Luzimara Fernandes","twitter_card":"summary_large_image","twitter_misc":{"Escrito por":"Luzimara Fernandes","Est. tempo de leitura":"3 minutos"},"schema":{"@context":"https:\/\/schema.org","@graph":[{"@type":"Article","@id":"https:\/\/jornalfatosenoticias.com.br\/index.php\/2021\/01\/13\/populacao-deve-manter-afastamento-social-defende-pazuello\/#article","isPartOf":{"@id":"https:\/\/jornalfatosenoticias.com.br\/index.php\/2021\/01\/13\/populacao-deve-manter-afastamento-social-defende-pazuello\/"},"author":{"name":"Luzimara Fernandes","@id":"https:\/\/jornalfatosenoticias.com.br\/#\/schema\/person\/d63837fa13ac8666eb9e74e0985d6f81"},"headline":"Popula\u00e7\u00e3o deve manter afastamento social, defende Pazuello","datePublished":"2021-01-13T18:20:54+00:00","dateModified":"2021-01-13T18:20:58+00:00","mainEntityOfPage":{"@id":"https:\/\/jornalfatosenoticias.com.br\/index.php\/2021\/01\/13\/populacao-deve-manter-afastamento-social-defende-pazuello\/"},"wordCount":626,"commentCount":0,"publisher":{"@id":"https:\/\/jornalfatosenoticias.com.br\/#organization"},"image":{"@id":"https:\/\/jornalfatosenoticias.com.br\/index.php\/2021\/01\/13\/populacao-deve-manter-afastamento-social-defende-pazuello\/#primaryimage"},"thumbnailUrl":"https:\/\/jornalfatosenoticias.com.br\/wp-content\/uploads\/2021\/01\/pazuello-manaus-coletiva.jpg","keywords":["coronav\u00edrus","Eduardo Pazuello","Manaus","ministro da Sa\u00fade","vacina"],"articleSection":["Sa\u00fade"],"inLanguage":"pt-BR","potentialAction":[{"@type":"CommentAction","name":"Comment","target":["https:\/\/jornalfatosenoticias.com.br\/index.php\/2021\/01\/13\/populacao-deve-manter-afastamento-social-defende-pazuello\/#respond"]}]},{"@type":"WebPage","@id":"https:\/\/jornalfatosenoticias.com.br\/index.php\/2021\/01\/13\/populacao-deve-manter-afastamento-social-defende-pazuello\/","url":"https:\/\/jornalfatosenoticias.com.br\/index.php\/2021\/01\/13\/populacao-deve-manter-afastamento-social-defende-pazuello\/","name":"Popula\u00e7\u00e3o deve manter afastamento social, defende Pazuello - Jornal Fatos e Not\u00edcias","isPartOf":{"@id":"https:\/\/jornalfatosenoticias.com.br\/#website"},"primaryImageOfPage":{"@id":"https:\/\/jornalfatosenoticias.com.br\/index.php\/2021\/01\/13\/populacao-deve-manter-afastamento-social-defende-pazuello\/#primaryimage"},"image":{"@id":"https:\/\/jornalfatosenoticias.com.br\/index.php\/2021\/01\/13\/populacao-deve-manter-afastamento-social-defende-pazuello\/#primaryimage"},"thumbnailUrl":"https:\/\/jornalfatosenoticias.com.br\/wp-content\/uploads\/2021\/01\/pazuello-manaus-coletiva.jpg","datePublished":"2021-01-13T18:20:54+00:00","dateModified":"2021-01-13T18:20:58+00:00","breadcrumb":{"@id":"https:\/\/jornalfatosenoticias.com.br\/index.php\/2021\/01\/13\/populacao-deve-manter-afastamento-social-defende-pazuello\/#breadcrumb"},"inLanguage":"pt-BR","potentialAction":[{"@type":"ReadAction","target":["https:\/\/jornalfatosenoticias.com.br\/index.php\/2021\/01\/13\/populacao-deve-manter-afastamento-social-defende-pazuello\/"]}]},{"@type":"ImageObject","inLanguage":"pt-BR","@id":"https:\/\/jornalfatosenoticias.com.br\/index.php\/2021\/01\/13\/populacao-deve-manter-afastamento-social-defende-pazuello\/#primaryimage","url":"https:\/\/jornalfatosenoticias.com.br\/wp-content\/uploads\/2021\/01\/pazuello-manaus-coletiva.jpg","contentUrl":"https:\/\/jornalfatosenoticias.com.br\/wp-content\/uploads\/2021\/01\/pazuello-manaus-coletiva.jpg","width":1000,"height":598,"caption":"Ministro da sa\u00fade, Eduardo Pazuello, em coletiva sobre a\u00e7\u00f5es de enfrentamento ao coronav\u00edrus do Governo Federal no Amazonas"},{"@type":"BreadcrumbList","@id":"https:\/\/jornalfatosenoticias.com.br\/index.php\/2021\/01\/13\/populacao-deve-manter-afastamento-social-defende-pazuello\/#breadcrumb","itemListElement":[{"@type":"ListItem","position":1,"name":"In\u00edcio","item":"https:\/\/jornalfatosenoticias.com.br\/"},{"@type":"ListItem","position":2,"name":"Popula\u00e7\u00e3o deve manter afastamento social, defende Pazuello"}]},{"@type":"WebSite","@id":"https:\/\/jornalfatosenoticias.com.br\/#website","url":"https:\/\/jornalfatosenoticias.com.br\/","name":"Jornal Fatos e Not\u00edcias","description":"Not\u00edcias em geral","publisher":{"@id":"https:\/\/jornalfatosenoticias.com.br\/#organization"},"potentialAction":[{"@type":"SearchAction","target":{"@type":"EntryPoint","urlTemplate":"https:\/\/jornalfatosenoticias.com.br\/?s={search_term_string}"},"query-input":{"@type":"PropertyValueSpecification","valueRequired":true,"valueName":"search_term_string"}}],"inLanguage":"pt-BR"},{"@type":"Organization","@id":"https:\/\/jornalfatosenoticias.com.br\/#organization","name":"Jornal Fatos e Not\u00edcias","url":"https:\/\/jornalfatosenoticias.com.br\/","logo":{"@type":"ImageObject","inLanguage":"pt-BR","@id":"https:\/\/jornalfatosenoticias.com.br\/#\/schema\/logo\/image\/","url":"https:\/\/jornalfatosenoticias.com.br\/wp-content\/uploads\/2020\/02\/logo120.png","contentUrl":"https:\/\/jornalfatosenoticias.com.br\/wp-content\/uploads\/2020\/02\/logo120.png","width":1227,"height":120,"caption":"Jornal Fatos e Not\u00edcias"},"image":{"@id":"https:\/\/jornalfatosenoticias.com.br\/#\/schema\/logo\/image\/"}},{"@type":"Person","@id":"https:\/\/jornalfatosenoticias.com.br\/#\/schema\/person\/d63837fa13ac8666eb9e74e0985d6f81","name":"Luzimara Fernandes","image":{"@type":"ImageObject","inLanguage":"pt-BR","@id":"https:\/\/jornalfatosenoticias.com.br\/#\/schema\/person\/image\/","url":"https:\/\/jornalfatosenoticias.com.br\/wp-content\/uploads\/2025\/05\/EU_portal.jpg","contentUrl":"https:\/\/jornalfatosenoticias.com.br\/wp-content\/uploads\/2025\/05\/EU_portal.jpg","caption":"Luzimara Fernandes"},"description":"Jornalista MTB 2358-ES","sameAs":["https:\/\/jornalfatosenoticias.com.br"],"url":"https:\/\/jornalfatosenoticias.com.br\/index.php\/author\/luzimara\/"}]}},"cc_featured_image_caption":{"caption_text":"(Euzivaldo Queiroz\/Especial MS)","source_text":"","source_url":""},"jetpack_featured_media_url":"https:\/\/jornalfatosenoticias.com.br\/wp-content\/uploads\/2021\/01\/pazuello-manaus-coletiva.jpg","_links":{"self":[{"href":"https:\/\/jornalfatosenoticias.com.br\/index.php\/wp-json\/wp\/v2\/posts\/13427","targetHints":{"allow":["GET"]}}],"collection":[{"href":"https:\/\/jornalfatosenoticias.com.br\/index.php\/wp-json\/wp\/v2\/posts"}],"about":[{"href":"https:\/\/jornalfatosenoticias.com.br\/index.php\/wp-json\/wp\/v2\/types\/post"}],"author":[{"embeddable":true,"href":"https:\/\/jornalfatosenoticias.com.br\/index.php\/wp-json\/wp\/v2\/users\/2"}],"replies":[{"embeddable":true,"href":"https:\/\/jornalfatosenoticias.com.br\/index.php\/wp-json\/wp\/v2\/comments?post=13427"}],"version-history":[{"count":0,"href":"https:\/\/jornalfatosenoticias.com.br\/index.php\/wp-json\/wp\/v2\/posts\/13427\/revisions"}],"wp:featuredmedia":[{"embeddable":true,"href":"https:\/\/jornalfatosenoticias.com.br\/index.php\/wp-json\/wp\/v2\/media\/13428"}],"wp:attachment":[{"href":"https:\/\/jornalfatosenoticias.com.br\/index.php\/wp-json\/wp\/v2\/media?parent=13427"}],"wp:term":[{"taxonomy":"category","embeddable":true,"href":"https:\/\/jornalfatosenoticias.com.br\/index.php\/wp-json\/wp\/v2\/categories?post=13427"},{"taxonomy":"post_tag","embeddable":true,"href":"https:\/\/jornalfatosenoticias.com.br\/index.php\/wp-json\/wp\/v2\/tags?post=13427"}],"curies":[{"name":"wp","href":"https:\/\/api.w.org\/{rel}","templated":true}]}}