{"id":13430,"date":"2021-01-13T15:33:44","date_gmt":"2021-01-13T18:33:44","guid":{"rendered":"https:\/\/jornalfatosenoticias.com.br\/?p=13430"},"modified":"2021-01-13T15:33:46","modified_gmt":"2021-01-13T18:33:46","slug":"novidades-das-organizacoes-curriculares-na-rede-escolar-publica-estadual-para-o-ano-letivo-de-2021","status":"publish","type":"post","link":"https:\/\/jornalfatosenoticias.com.br\/index.php\/2021\/01\/13\/novidades-das-organizacoes-curriculares-na-rede-escolar-publica-estadual-para-o-ano-letivo-de-2021\/","title":{"rendered":"Novidades das Organiza\u00e7\u00f5es Curriculares na Rede Escolar P\u00fablica Estadual para o Ano Letivo de 2021"},"content":{"rendered":"\n<p>A Secretaria da Educa\u00e7\u00e3o (Sedu) divulgou as diretrizes para as Organiza\u00e7\u00f5es Curriculares na Rede Escolar P\u00fablica Estadual para o ano letivo de 2021, por meio da Portaria n\u00ba 150-R, publicada na \u00faltima segunda-feira (14), no Di\u00e1rio Oficial do Estado, que disp\u00f5e sobre as regras.<br>A Educa\u00e7\u00e3o B\u00e1sica \u00e9 composta pelo Ensino Fundamental e Ensino M\u00e9dio e pode ser desenvolvida por meio das modalidades de ensino: Educa\u00e7\u00e3o de Jovens e Adultos (EJA), Educa\u00e7\u00e3o Especial, Educa\u00e7\u00e3o Escolar Ind\u00edgena, Educa\u00e7\u00e3o do Campo, Educa\u00e7\u00e3o Escolar Quilombola e Educa\u00e7\u00e3o Profissional T\u00e9cnica de N\u00edvel M\u00e9dio.<br>A subsecret\u00e1ria de Estado da Educa\u00e7\u00e3o B\u00e1sica e Profissional da Sedu, Andr\u00e9a Guzzo Pereira, ressaltou que, diante do atual contexto educacional vivenciado ao longo de 2020, as Organiza\u00e7\u00f5es Curriculares 2021 refletem a pol\u00edtica educacional da Rede P\u00fablica Estadual.<\/p>\n\n\n\n<blockquote class=\"wp-block-quote is-layout-flow wp-block-quote-is-layout-flow\"><p>\u201cPrimamos pela equidade da rede no que tange ao direito de aprendizagem de todas e todos estudantes, respeitando seus contextos, suas hist\u00f3rias, experi\u00eancias e viv\u00eancias\u201d, disse Andr\u00e9ia Guzzo.<\/p><\/blockquote>\n\n\n\n<h4 class=\"wp-block-heading\">Conhe\u00e7a as principais novidades<\/h4>\n\n\n\n<p><strong>Educa\u00e7\u00e3o em Tempo Integral<\/strong><\/p>\n\n\n\n<ul class=\"wp-block-list\"><li>Ser\u00e1 ofertado o modelo de sete horas, no turno matutino, em 10 escolas de munic\u00edpios diferentes;<\/li><li>A Escola Estadual de Ensino Fundamental e M\u00e9dio (EEEFM) Fazenda Em\u00edlio Schroeder, em Santa Maria de Jetib\u00e1, passar\u00e1 a ofertar pedagogia da altern\u00e2ncia em Tempo Integral.<\/li><\/ul>\n\n\n\n<p>Educa\u00e7\u00e3o de Jovens e Adultos (EJA) \u2014 Diurno<\/p>\n\n\n\n<ul class=\"wp-block-list\"><li>Implanta\u00e7\u00e3o do SEJA +: novas turmas com carga hor\u00e1ria ampliada e inclus\u00e3o das disciplinas \u201cMundo do Trabalho e suas Tecnologias\u201d e \u201cCultura Digital\u201d como prepara\u00e7\u00e3o para o Mundo do Trabalho;<\/li><li>Inclus\u00e3o das disciplinas \u201cPr\u00e1ticas e Viv\u00eancias Integradoras I e II\u201d, como Componente Integrador.<\/li><\/ul>\n\n\n\n<p><strong>Educa\u00e7\u00e3o de Jovens e Adultos (EJA) \u2014 Noturno<\/strong><\/p>\n\n\n\n<ul class=\"wp-block-list\"><li>Inclus\u00e3o das disciplinas \u201cMundo do Trabalho e suas Tecnologias\u201d e \u201cCultura Digital\u201d como prepara\u00e7\u00e3o para o Mundo do Trabalho;<\/li><li>Inclus\u00e3o do Projeto Integrador de Pesquisa e Articula\u00e7\u00e3o com o Territ\u00f3rio (PIPAT).<\/li><\/ul>\n\n\n\n<p><strong>Educa\u00e7\u00e3o de Jovens e Adultos (EJA) no Sistema Prisional<\/strong><\/p>\n\n\n\n<ul class=\"wp-block-list\"><li>Inclus\u00e3o das disciplinas \u201cMundo do Trabalho e suas Tecnologias\u201d como prepara\u00e7\u00e3o para o Mundo do Trabalho.<\/li><\/ul>\n\n\n\n<p><strong>Sistema Socioeducativo<\/strong><\/p>\n\n\n\n<ul class=\"wp-block-list\"><li>Oferta da Modalidade EJA nas Unidades: UNIP I, UNIMETRO, CSE e UNIS Norte, com a inclus\u00e3o da disciplina \u201cMundo do Trabalho e suas Tecnologias\u201d como prepara\u00e7\u00e3o para o Mundo do Trabalho;<\/li><li>Inclus\u00e3o da disciplina \u201cProjeto de Vida\u201d no Ensino Fundamental anos finais e Ensino M\u00e9dio.<\/li><\/ul>\n\n\n\n<p><strong>Ensino M\u00e9dio<\/strong><\/p>\n\n\n\n<ul class=\"wp-block-list\"><li>Todos os estudantes passar\u00e3o a ter carga hor\u00e1ria anual de 1.000 horas, o que equivale, nos turnos matutino e vespertino, a seis aulas de 50 minutos por dia;<\/li><li>Os estudantes passar\u00e3o a ter aulas eletivas, Estudo Orientado, Projeto de Vida, Reda\u00e7\u00e3o e Cultura Digital;<\/li><li>Os estudantes que optarem pela Educa\u00e7\u00e3o Profissional (Ensino M\u00e9dio Integrado), passar\u00e3o a cursar tanto a parte t\u00e9cnica, quanto a parte regular no mesmo turno.<\/li><\/ul>\n\n\n\n<p><strong>Educa\u00e7\u00e3o Infantil e Ensino Fundamental<\/strong><\/p>\n\n\n\n<ul class=\"wp-block-list\"><li>Possibilidade de amplia\u00e7\u00e3o da carga hor\u00e1ria anual para 1.010 horas, sendo seis aulas di\u00e1rias de 50 minutos cada e 20 minutos de recreio;<\/li><li>Nesse modelo, est\u00e1 a inser\u00e7\u00e3o dos componentes integradores: Projeto de Vida e Estudo Orientado, em todos os anos do Ensino Fundamental anos finais, sendo uma aula semanal de Projeto de Vida e duas aulas semanais de Estudo Orientado.<\/li><\/ul>\n\n\n\n<p>Leia atentamente a <a href=\"https:\/\/sedu.es.gov.br\/Media\/sedu\/pdf%20e%20Arquivos\/PORTARIA%20N%C2%BA%20150-R%20-%20Organiza%C3%A7%C3%B5es%20Curriculares%202021.pdf\">Portaria n\u00ba 150-R<\/a>.<br><a href=\"https:\/\/sedu.es.gov.br\/Media\/sedu\/pdf%20e%20Arquivos\/PORTARIA%20N%C2%BA%20166-R%20-%20Altera%20a%20Portaria%20n%C2%BA%20150-R-2020%20-%20Organiza%C3%A7%C3%A3o%20Curricular.pdf\">Portaria n\u00ba 166-R &#8211; Altera a Portaria n\u00ba 150-R\/2020<\/a><br><a href=\"https:\/\/sedu.es.gov.br\/Media\/sedu\/pdf%20e%20Arquivos\/PORTARIA%20N%C2%BA%20001-R%20-%20Altera%C3%A7%C3%A3o%20da%20Matriz%20Organiza%C3%A7%C3%A3o%20Curricular%20-%20OC%2003%20-%20PORTARIA%20N%C2%BA%20150-R-2020.pdf\">Portaria n\u00ba 001-R &#8211; Altera a Portaria n\u00ba 150-R\/2020<\/a><br>PORTARIA N\u00ba 001-R, DE 05 DE JANEIRO DE 2021<br>Leia Mais: <a href=\"https:\/\/sedu.es.gov.br\/Not%C3%ADcia\/secretaria-da-educacao-divulga-diretrizes-organizacionais-curriculares-da-rede-escolar-publica-estadual-para-ano-letivo-de-2021\" target=\"_blank\" rel=\"noreferrer noopener\">Secretaria da Educa\u00e7\u00e3o divulga Diretrizes para as Organiza\u00e7\u00f5es Curriculares na Rede Escolar P\u00fablica Estadual para o Ano Letivo de 2021<\/a><\/p>\n\n\n\n<p><strong><em>Fonte: <a href=\"https:\/\/sedu.es.gov.br\/Not%C3%ADcia\/conheca-as-novidades-das-organizacoes-curriculares-na-rede-escolar-publica-estadual-para-o-ano-letivo-de-2021\">Sedu-ES<\/a><\/em><\/strong><\/p>\n","protected":false},"excerpt":{"rendered":"<p>A Secretaria da Educa\u00e7\u00e3o (Sedu) divulgou as diretrizes para as Organiza\u00e7\u00f5es Curriculares na Rede Escolar P\u00fablica Estadual para o ano letivo de 2021, por meio da Portaria n\u00ba 150-R, publicada na \u00faltima segunda-feira (14), no Di\u00e1rio Oficial do Estado, que disp\u00f5e sobre as regras.A Educa\u00e7\u00e3o B\u00e1sica \u00e9 composta pelo Ensino Fundamental e Ensino M\u00e9dio e [&hellip;]<\/p>\n","protected":false},"author":2,"featured_media":13431,"comment_status":"open","ping_status":"open","sticky":false,"template":"","format":"standard","meta":{"footnotes":""},"categories":[7],"tags":[6939,5345,6127],"class_list":["post-13430","post","type-post","status-publish","format-standard","has-post-thumbnail","hentry","category-educacao","tag-organizacoes-curriculares-na-rede-escolar-publica-estadual","tag-rede-publica","tag-sedu-es"],"yoast_head":"<!-- This site is optimized with the Yoast SEO plugin v26.5 - https:\/\/yoast.com\/wordpress\/plugins\/seo\/ -->\n<title>Novidades das Organiza\u00e7\u00f5es Curriculares na Rede Escolar P\u00fablica Estadual para o Ano Letivo de 2021 - Jornal Fatos e Not\u00edcias<\/title>\n<meta name=\"robots\" content=\"index, follow, max-snippet:-1, max-image-preview:large, max-video-preview:-1\" \/>\n<link rel=\"canonical\" href=\"https:\/\/jornalfatosenoticias.com.br\/index.php\/2021\/01\/13\/novidades-das-organizacoes-curriculares-na-rede-escolar-publica-estadual-para-o-ano-letivo-de-2021\/\" \/>\n<meta property=\"og:locale\" content=\"pt_BR\" \/>\n<meta property=\"og:type\" content=\"article\" \/>\n<meta property=\"og:title\" content=\"Novidades das Organiza\u00e7\u00f5es Curriculares na Rede Escolar P\u00fablica Estadual para o Ano Letivo de 2021 - Jornal Fatos e Not\u00edcias\" \/>\n<meta property=\"og:description\" content=\"A Secretaria da Educa\u00e7\u00e3o (Sedu) divulgou as diretrizes para as Organiza\u00e7\u00f5es Curriculares na Rede Escolar P\u00fablica Estadual para o ano letivo de 2021, por meio da Portaria n\u00ba 150-R, publicada na \u00faltima segunda-feira (14), no Di\u00e1rio Oficial do Estado, que disp\u00f5e sobre as regras.A Educa\u00e7\u00e3o B\u00e1sica \u00e9 composta pelo Ensino Fundamental e Ensino M\u00e9dio e [&hellip;]\" \/>\n<meta property=\"og:url\" content=\"https:\/\/jornalfatosenoticias.com.br\/index.php\/2021\/01\/13\/novidades-das-organizacoes-curriculares-na-rede-escolar-publica-estadual-para-o-ano-letivo-de-2021\/\" \/>\n<meta property=\"og:site_name\" content=\"Jornal Fatos e Not\u00edcias\" \/>\n<meta property=\"article:published_time\" content=\"2021-01-13T18:33:44+00:00\" \/>\n<meta property=\"article:modified_time\" content=\"2021-01-13T18:33:46+00:00\" \/>\n<meta property=\"og:image\" content=\"https:\/\/jornalfatosenoticias.com.br\/wp-content\/uploads\/2021\/01\/diretrizes-curriculares_es.jpg\" \/>\n\t<meta property=\"og:image:width\" content=\"1000\" \/>\n\t<meta property=\"og:image:height\" content=\"666\" \/>\n\t<meta property=\"og:image:type\" content=\"image\/jpeg\" \/>\n<meta name=\"author\" content=\"Luzimara Fernandes\" \/>\n<meta name=\"twitter:card\" content=\"summary_large_image\" \/>\n<meta name=\"twitter:label1\" content=\"Escrito por\" \/>\n\t<meta name=\"twitter:data1\" content=\"Luzimara Fernandes\" \/>\n\t<meta name=\"twitter:label2\" content=\"Est. tempo de leitura\" \/>\n\t<meta name=\"twitter:data2\" content=\"3 minutos\" \/>\n<script type=\"application\/ld+json\" class=\"yoast-schema-graph\">{\"@context\":\"https:\/\/schema.org\",\"@graph\":[{\"@type\":\"Article\",\"@id\":\"https:\/\/jornalfatosenoticias.com.br\/index.php\/2021\/01\/13\/novidades-das-organizacoes-curriculares-na-rede-escolar-publica-estadual-para-o-ano-letivo-de-2021\/#article\",\"isPartOf\":{\"@id\":\"https:\/\/jornalfatosenoticias.com.br\/index.php\/2021\/01\/13\/novidades-das-organizacoes-curriculares-na-rede-escolar-publica-estadual-para-o-ano-letivo-de-2021\/\"},\"author\":{\"name\":\"Luzimara Fernandes\",\"@id\":\"https:\/\/jornalfatosenoticias.com.br\/#\/schema\/person\/d63837fa13ac8666eb9e74e0985d6f81\"},\"headline\":\"Novidades das Organiza\u00e7\u00f5es Curriculares na Rede Escolar P\u00fablica Estadual para o Ano Letivo de 2021\",\"datePublished\":\"2021-01-13T18:33:44+00:00\",\"dateModified\":\"2021-01-13T18:33:46+00:00\",\"mainEntityOfPage\":{\"@id\":\"https:\/\/jornalfatosenoticias.com.br\/index.php\/2021\/01\/13\/novidades-das-organizacoes-curriculares-na-rede-escolar-publica-estadual-para-o-ano-letivo-de-2021\/\"},\"wordCount\":632,\"commentCount\":0,\"publisher\":{\"@id\":\"https:\/\/jornalfatosenoticias.com.br\/#organization\"},\"image\":{\"@id\":\"https:\/\/jornalfatosenoticias.com.br\/index.php\/2021\/01\/13\/novidades-das-organizacoes-curriculares-na-rede-escolar-publica-estadual-para-o-ano-letivo-de-2021\/#primaryimage\"},\"thumbnailUrl\":\"https:\/\/jornalfatosenoticias.com.br\/wp-content\/uploads\/2021\/01\/diretrizes-curriculares_es.jpg\",\"keywords\":[\"Organiza\u00e7\u00f5es Curriculares na Rede Escolar P\u00fablica Estadual\",\"rede p\u00fablica\",\"Sedu-ES\"],\"articleSection\":[\"Educa\u00e7\u00e3o\"],\"inLanguage\":\"pt-BR\",\"potentialAction\":[{\"@type\":\"CommentAction\",\"name\":\"Comment\",\"target\":[\"https:\/\/jornalfatosenoticias.com.br\/index.php\/2021\/01\/13\/novidades-das-organizacoes-curriculares-na-rede-escolar-publica-estadual-para-o-ano-letivo-de-2021\/#respond\"]}]},{\"@type\":\"WebPage\",\"@id\":\"https:\/\/jornalfatosenoticias.com.br\/index.php\/2021\/01\/13\/novidades-das-organizacoes-curriculares-na-rede-escolar-publica-estadual-para-o-ano-letivo-de-2021\/\",\"url\":\"https:\/\/jornalfatosenoticias.com.br\/index.php\/2021\/01\/13\/novidades-das-organizacoes-curriculares-na-rede-escolar-publica-estadual-para-o-ano-letivo-de-2021\/\",\"name\":\"Novidades das Organiza\u00e7\u00f5es Curriculares na Rede Escolar P\u00fablica Estadual para o Ano Letivo de 2021 - Jornal Fatos e Not\u00edcias\",\"isPartOf\":{\"@id\":\"https:\/\/jornalfatosenoticias.com.br\/#website\"},\"primaryImageOfPage\":{\"@id\":\"https:\/\/jornalfatosenoticias.com.br\/index.php\/2021\/01\/13\/novidades-das-organizacoes-curriculares-na-rede-escolar-publica-estadual-para-o-ano-letivo-de-2021\/#primaryimage\"},\"image\":{\"@id\":\"https:\/\/jornalfatosenoticias.com.br\/index.php\/2021\/01\/13\/novidades-das-organizacoes-curriculares-na-rede-escolar-publica-estadual-para-o-ano-letivo-de-2021\/#primaryimage\"},\"thumbnailUrl\":\"https:\/\/jornalfatosenoticias.com.br\/wp-content\/uploads\/2021\/01\/diretrizes-curriculares_es.jpg\",\"datePublished\":\"2021-01-13T18:33:44+00:00\",\"dateModified\":\"2021-01-13T18:33:46+00:00\",\"breadcrumb\":{\"@id\":\"https:\/\/jornalfatosenoticias.com.br\/index.php\/2021\/01\/13\/novidades-das-organizacoes-curriculares-na-rede-escolar-publica-estadual-para-o-ano-letivo-de-2021\/#breadcrumb\"},\"inLanguage\":\"pt-BR\",\"potentialAction\":[{\"@type\":\"ReadAction\",\"target\":[\"https:\/\/jornalfatosenoticias.com.br\/index.php\/2021\/01\/13\/novidades-das-organizacoes-curriculares-na-rede-escolar-publica-estadual-para-o-ano-letivo-de-2021\/\"]}]},{\"@type\":\"ImageObject\",\"inLanguage\":\"pt-BR\",\"@id\":\"https:\/\/jornalfatosenoticias.com.br\/index.php\/2021\/01\/13\/novidades-das-organizacoes-curriculares-na-rede-escolar-publica-estadual-para-o-ano-letivo-de-2021\/#primaryimage\",\"url\":\"https:\/\/jornalfatosenoticias.com.br\/wp-content\/uploads\/2021\/01\/diretrizes-curriculares_es.jpg\",\"contentUrl\":\"https:\/\/jornalfatosenoticias.com.br\/wp-content\/uploads\/2021\/01\/diretrizes-curriculares_es.jpg\",\"width\":1000,\"height\":666},{\"@type\":\"BreadcrumbList\",\"@id\":\"https:\/\/jornalfatosenoticias.com.br\/index.php\/2021\/01\/13\/novidades-das-organizacoes-curriculares-na-rede-escolar-publica-estadual-para-o-ano-letivo-de-2021\/#breadcrumb\",\"itemListElement\":[{\"@type\":\"ListItem\",\"position\":1,\"name\":\"In\u00edcio\",\"item\":\"https:\/\/jornalfatosenoticias.com.br\/\"},{\"@type\":\"ListItem\",\"position\":2,\"name\":\"Novidades das Organiza\u00e7\u00f5es Curriculares na Rede Escolar P\u00fablica Estadual para o Ano Letivo de 2021\"}]},{\"@type\":\"WebSite\",\"@id\":\"https:\/\/jornalfatosenoticias.com.br\/#website\",\"url\":\"https:\/\/jornalfatosenoticias.com.br\/\",\"name\":\"Jornal Fatos e Not\u00edcias\",\"description\":\"Not\u00edcias em geral\",\"publisher\":{\"@id\":\"https:\/\/jornalfatosenoticias.com.br\/#organization\"},\"potentialAction\":[{\"@type\":\"SearchAction\",\"target\":{\"@type\":\"EntryPoint\",\"urlTemplate\":\"https:\/\/jornalfatosenoticias.com.br\/?s={search_term_string}\"},\"query-input\":{\"@type\":\"PropertyValueSpecification\",\"valueRequired\":true,\"valueName\":\"search_term_string\"}}],\"inLanguage\":\"pt-BR\"},{\"@type\":\"Organization\",\"@id\":\"https:\/\/jornalfatosenoticias.com.br\/#organization\",\"name\":\"Jornal Fatos e Not\u00edcias\",\"url\":\"https:\/\/jornalfatosenoticias.com.br\/\",\"logo\":{\"@type\":\"ImageObject\",\"inLanguage\":\"pt-BR\",\"@id\":\"https:\/\/jornalfatosenoticias.com.br\/#\/schema\/logo\/image\/\",\"url\":\"https:\/\/jornalfatosenoticias.com.br\/wp-content\/uploads\/2020\/02\/logo120.png\",\"contentUrl\":\"https:\/\/jornalfatosenoticias.com.br\/wp-content\/uploads\/2020\/02\/logo120.png\",\"width\":1227,\"height\":120,\"caption\":\"Jornal Fatos e Not\u00edcias\"},\"image\":{\"@id\":\"https:\/\/jornalfatosenoticias.com.br\/#\/schema\/logo\/image\/\"}},{\"@type\":\"Person\",\"@id\":\"https:\/\/jornalfatosenoticias.com.br\/#\/schema\/person\/d63837fa13ac8666eb9e74e0985d6f81\",\"name\":\"Luzimara Fernandes\",\"image\":{\"@type\":\"ImageObject\",\"inLanguage\":\"pt-BR\",\"@id\":\"https:\/\/jornalfatosenoticias.com.br\/#\/schema\/person\/image\/\",\"url\":\"https:\/\/jornalfatosenoticias.com.br\/wp-content\/uploads\/2025\/05\/EU_portal.jpg\",\"contentUrl\":\"https:\/\/jornalfatosenoticias.com.br\/wp-content\/uploads\/2025\/05\/EU_portal.jpg\",\"caption\":\"Luzimara Fernandes\"},\"description\":\"Jornalista MTB 2358-ES\",\"sameAs\":[\"https:\/\/jornalfatosenoticias.com.br\"],\"url\":\"https:\/\/jornalfatosenoticias.com.br\/index.php\/author\/luzimara\/\"}]}<\/script>\n<!-- \/ Yoast SEO plugin. -->","yoast_head_json":{"title":"Novidades das Organiza\u00e7\u00f5es Curriculares na Rede Escolar P\u00fablica Estadual para o Ano Letivo de 2021 - Jornal Fatos e Not\u00edcias","robots":{"index":"index","follow":"follow","max-snippet":"max-snippet:-1","max-image-preview":"max-image-preview:large","max-video-preview":"max-video-preview:-1"},"canonical":"https:\/\/jornalfatosenoticias.com.br\/index.php\/2021\/01\/13\/novidades-das-organizacoes-curriculares-na-rede-escolar-publica-estadual-para-o-ano-letivo-de-2021\/","og_locale":"pt_BR","og_type":"article","og_title":"Novidades das Organiza\u00e7\u00f5es Curriculares na Rede Escolar P\u00fablica Estadual para o Ano Letivo de 2021 - Jornal Fatos e Not\u00edcias","og_description":"A Secretaria da Educa\u00e7\u00e3o (Sedu) divulgou as diretrizes para as Organiza\u00e7\u00f5es Curriculares na Rede Escolar P\u00fablica Estadual para o ano letivo de 2021, por meio da Portaria n\u00ba 150-R, publicada na \u00faltima segunda-feira (14), no Di\u00e1rio Oficial do Estado, que disp\u00f5e sobre as regras.A Educa\u00e7\u00e3o B\u00e1sica \u00e9 composta pelo Ensino Fundamental e Ensino M\u00e9dio e [&hellip;]","og_url":"https:\/\/jornalfatosenoticias.com.br\/index.php\/2021\/01\/13\/novidades-das-organizacoes-curriculares-na-rede-escolar-publica-estadual-para-o-ano-letivo-de-2021\/","og_site_name":"Jornal Fatos e Not\u00edcias","article_published_time":"2021-01-13T18:33:44+00:00","article_modified_time":"2021-01-13T18:33:46+00:00","og_image":[{"width":1000,"height":666,"url":"https:\/\/jornalfatosenoticias.com.br\/wp-content\/uploads\/2021\/01\/diretrizes-curriculares_es.jpg","type":"image\/jpeg"}],"author":"Luzimara Fernandes","twitter_card":"summary_large_image","twitter_misc":{"Escrito por":"Luzimara Fernandes","Est. tempo de leitura":"3 minutos"},"schema":{"@context":"https:\/\/schema.org","@graph":[{"@type":"Article","@id":"https:\/\/jornalfatosenoticias.com.br\/index.php\/2021\/01\/13\/novidades-das-organizacoes-curriculares-na-rede-escolar-publica-estadual-para-o-ano-letivo-de-2021\/#article","isPartOf":{"@id":"https:\/\/jornalfatosenoticias.com.br\/index.php\/2021\/01\/13\/novidades-das-organizacoes-curriculares-na-rede-escolar-publica-estadual-para-o-ano-letivo-de-2021\/"},"author":{"name":"Luzimara Fernandes","@id":"https:\/\/jornalfatosenoticias.com.br\/#\/schema\/person\/d63837fa13ac8666eb9e74e0985d6f81"},"headline":"Novidades das Organiza\u00e7\u00f5es Curriculares na Rede Escolar P\u00fablica Estadual para o Ano Letivo de 2021","datePublished":"2021-01-13T18:33:44+00:00","dateModified":"2021-01-13T18:33:46+00:00","mainEntityOfPage":{"@id":"https:\/\/jornalfatosenoticias.com.br\/index.php\/2021\/01\/13\/novidades-das-organizacoes-curriculares-na-rede-escolar-publica-estadual-para-o-ano-letivo-de-2021\/"},"wordCount":632,"commentCount":0,"publisher":{"@id":"https:\/\/jornalfatosenoticias.com.br\/#organization"},"image":{"@id":"https:\/\/jornalfatosenoticias.com.br\/index.php\/2021\/01\/13\/novidades-das-organizacoes-curriculares-na-rede-escolar-publica-estadual-para-o-ano-letivo-de-2021\/#primaryimage"},"thumbnailUrl":"https:\/\/jornalfatosenoticias.com.br\/wp-content\/uploads\/2021\/01\/diretrizes-curriculares_es.jpg","keywords":["Organiza\u00e7\u00f5es Curriculares na Rede Escolar P\u00fablica Estadual","rede p\u00fablica","Sedu-ES"],"articleSection":["Educa\u00e7\u00e3o"],"inLanguage":"pt-BR","potentialAction":[{"@type":"CommentAction","name":"Comment","target":["https:\/\/jornalfatosenoticias.com.br\/index.php\/2021\/01\/13\/novidades-das-organizacoes-curriculares-na-rede-escolar-publica-estadual-para-o-ano-letivo-de-2021\/#respond"]}]},{"@type":"WebPage","@id":"https:\/\/jornalfatosenoticias.com.br\/index.php\/2021\/01\/13\/novidades-das-organizacoes-curriculares-na-rede-escolar-publica-estadual-para-o-ano-letivo-de-2021\/","url":"https:\/\/jornalfatosenoticias.com.br\/index.php\/2021\/01\/13\/novidades-das-organizacoes-curriculares-na-rede-escolar-publica-estadual-para-o-ano-letivo-de-2021\/","name":"Novidades das Organiza\u00e7\u00f5es Curriculares na Rede Escolar P\u00fablica Estadual para o Ano Letivo de 2021 - Jornal Fatos e Not\u00edcias","isPartOf":{"@id":"https:\/\/jornalfatosenoticias.com.br\/#website"},"primaryImageOfPage":{"@id":"https:\/\/jornalfatosenoticias.com.br\/index.php\/2021\/01\/13\/novidades-das-organizacoes-curriculares-na-rede-escolar-publica-estadual-para-o-ano-letivo-de-2021\/#primaryimage"},"image":{"@id":"https:\/\/jornalfatosenoticias.com.br\/index.php\/2021\/01\/13\/novidades-das-organizacoes-curriculares-na-rede-escolar-publica-estadual-para-o-ano-letivo-de-2021\/#primaryimage"},"thumbnailUrl":"https:\/\/jornalfatosenoticias.com.br\/wp-content\/uploads\/2021\/01\/diretrizes-curriculares_es.jpg","datePublished":"2021-01-13T18:33:44+00:00","dateModified":"2021-01-13T18:33:46+00:00","breadcrumb":{"@id":"https:\/\/jornalfatosenoticias.com.br\/index.php\/2021\/01\/13\/novidades-das-organizacoes-curriculares-na-rede-escolar-publica-estadual-para-o-ano-letivo-de-2021\/#breadcrumb"},"inLanguage":"pt-BR","potentialAction":[{"@type":"ReadAction","target":["https:\/\/jornalfatosenoticias.com.br\/index.php\/2021\/01\/13\/novidades-das-organizacoes-curriculares-na-rede-escolar-publica-estadual-para-o-ano-letivo-de-2021\/"]}]},{"@type":"ImageObject","inLanguage":"pt-BR","@id":"https:\/\/jornalfatosenoticias.com.br\/index.php\/2021\/01\/13\/novidades-das-organizacoes-curriculares-na-rede-escolar-publica-estadual-para-o-ano-letivo-de-2021\/#primaryimage","url":"https:\/\/jornalfatosenoticias.com.br\/wp-content\/uploads\/2021\/01\/diretrizes-curriculares_es.jpg","contentUrl":"https:\/\/jornalfatosenoticias.com.br\/wp-content\/uploads\/2021\/01\/diretrizes-curriculares_es.jpg","width":1000,"height":666},{"@type":"BreadcrumbList","@id":"https:\/\/jornalfatosenoticias.com.br\/index.php\/2021\/01\/13\/novidades-das-organizacoes-curriculares-na-rede-escolar-publica-estadual-para-o-ano-letivo-de-2021\/#breadcrumb","itemListElement":[{"@type":"ListItem","position":1,"name":"In\u00edcio","item":"https:\/\/jornalfatosenoticias.com.br\/"},{"@type":"ListItem","position":2,"name":"Novidades das Organiza\u00e7\u00f5es Curriculares na Rede Escolar P\u00fablica Estadual para o Ano Letivo de 2021"}]},{"@type":"WebSite","@id":"https:\/\/jornalfatosenoticias.com.br\/#website","url":"https:\/\/jornalfatosenoticias.com.br\/","name":"Jornal Fatos e Not\u00edcias","description":"Not\u00edcias em geral","publisher":{"@id":"https:\/\/jornalfatosenoticias.com.br\/#organization"},"potentialAction":[{"@type":"SearchAction","target":{"@type":"EntryPoint","urlTemplate":"https:\/\/jornalfatosenoticias.com.br\/?s={search_term_string}"},"query-input":{"@type":"PropertyValueSpecification","valueRequired":true,"valueName":"search_term_string"}}],"inLanguage":"pt-BR"},{"@type":"Organization","@id":"https:\/\/jornalfatosenoticias.com.br\/#organization","name":"Jornal Fatos e Not\u00edcias","url":"https:\/\/jornalfatosenoticias.com.br\/","logo":{"@type":"ImageObject","inLanguage":"pt-BR","@id":"https:\/\/jornalfatosenoticias.com.br\/#\/schema\/logo\/image\/","url":"https:\/\/jornalfatosenoticias.com.br\/wp-content\/uploads\/2020\/02\/logo120.png","contentUrl":"https:\/\/jornalfatosenoticias.com.br\/wp-content\/uploads\/2020\/02\/logo120.png","width":1227,"height":120,"caption":"Jornal Fatos e Not\u00edcias"},"image":{"@id":"https:\/\/jornalfatosenoticias.com.br\/#\/schema\/logo\/image\/"}},{"@type":"Person","@id":"https:\/\/jornalfatosenoticias.com.br\/#\/schema\/person\/d63837fa13ac8666eb9e74e0985d6f81","name":"Luzimara Fernandes","image":{"@type":"ImageObject","inLanguage":"pt-BR","@id":"https:\/\/jornalfatosenoticias.com.br\/#\/schema\/person\/image\/","url":"https:\/\/jornalfatosenoticias.com.br\/wp-content\/uploads\/2025\/05\/EU_portal.jpg","contentUrl":"https:\/\/jornalfatosenoticias.com.br\/wp-content\/uploads\/2025\/05\/EU_portal.jpg","caption":"Luzimara Fernandes"},"description":"Jornalista MTB 2358-ES","sameAs":["https:\/\/jornalfatosenoticias.com.br"],"url":"https:\/\/jornalfatosenoticias.com.br\/index.php\/author\/luzimara\/"}]}},"cc_featured_image_caption":{"caption_text":"(Foto: Ascom Sedu)","source_text":"","source_url":""},"jetpack_featured_media_url":"https:\/\/jornalfatosenoticias.com.br\/wp-content\/uploads\/2021\/01\/diretrizes-curriculares_es.jpg","_links":{"self":[{"href":"https:\/\/jornalfatosenoticias.com.br\/index.php\/wp-json\/wp\/v2\/posts\/13430","targetHints":{"allow":["GET"]}}],"collection":[{"href":"https:\/\/jornalfatosenoticias.com.br\/index.php\/wp-json\/wp\/v2\/posts"}],"about":[{"href":"https:\/\/jornalfatosenoticias.com.br\/index.php\/wp-json\/wp\/v2\/types\/post"}],"author":[{"embeddable":true,"href":"https:\/\/jornalfatosenoticias.com.br\/index.php\/wp-json\/wp\/v2\/users\/2"}],"replies":[{"embeddable":true,"href":"https:\/\/jornalfatosenoticias.com.br\/index.php\/wp-json\/wp\/v2\/comments?post=13430"}],"version-history":[{"count":0,"href":"https:\/\/jornalfatosenoticias.com.br\/index.php\/wp-json\/wp\/v2\/posts\/13430\/revisions"}],"wp:featuredmedia":[{"embeddable":true,"href":"https:\/\/jornalfatosenoticias.com.br\/index.php\/wp-json\/wp\/v2\/media\/13431"}],"wp:attachment":[{"href":"https:\/\/jornalfatosenoticias.com.br\/index.php\/wp-json\/wp\/v2\/media?parent=13430"}],"wp:term":[{"taxonomy":"category","embeddable":true,"href":"https:\/\/jornalfatosenoticias.com.br\/index.php\/wp-json\/wp\/v2\/categories?post=13430"},{"taxonomy":"post_tag","embeddable":true,"href":"https:\/\/jornalfatosenoticias.com.br\/index.php\/wp-json\/wp\/v2\/tags?post=13430"}],"curies":[{"name":"wp","href":"https:\/\/api.w.org\/{rel}","templated":true}]}}