{"id":13472,"date":"2021-01-14T18:57:33","date_gmt":"2021-01-14T21:57:33","guid":{"rendered":"https:\/\/jornalfatosenoticias.com.br\/?p=13472"},"modified":"2021-01-14T18:58:04","modified_gmt":"2021-01-14T21:58:04","slug":"vereador-leandro-piquet-protocola-projeto-de-lei-para-combater-furtos-de-fio-de-cobre-em-vitoria","status":"publish","type":"post","link":"https:\/\/jornalfatosenoticias.com.br\/index.php\/2021\/01\/14\/vereador-leandro-piquet-protocola-projeto-de-lei-para-combater-furtos-de-fio-de-cobre-em-vitoria\/","title":{"rendered":"Vereador Leandro Piquet protocola projeto de lei para combater furtos de fio de cobre em Vit\u00f3ria"},"content":{"rendered":"\n<p>O vereador Leandro Piquet (Republicanos) protocolou, nesta quinta-feira (14), seu primeiro projeto de lei que visa combater o problema de falta de luz em diversos pontos de Vit\u00f3ria em decorr\u00eancia de furtos de fios de cobre.<br>Atendendo a pedidos da popula\u00e7\u00e3o, a iniciativa pretende disciplinar compra e venda do cobre, bem como o funcionamento dos estabelecimentos que comercializam esse material.<\/p>\n\n\n\n<blockquote class=\"wp-block-quote is-layout-flow wp-block-quote-is-layout-flow\"><p>&#8220;Os locais que forem flagrados vendendo o produto sem origem comprovada podem at\u00e9 ser fechados pela fiscaliza\u00e7\u00e3o&#8221;.<\/p><\/blockquote>\n\n\n\n<figure class=\"wp-block-image size-large\"><img loading=\"lazy\" decoding=\"async\" width=\"1000\" height=\"561\" src=\"https:\/\/jornalfatosenoticias.com.br\/wp-content\/uploads\/2021\/01\/fio-de-cobre.jpeg\" alt=\"\" class=\"wp-image-13473\" srcset=\"https:\/\/jornalfatosenoticias.com.br\/wp-content\/uploads\/2021\/01\/fio-de-cobre.jpeg 1000w, https:\/\/jornalfatosenoticias.com.br\/wp-content\/uploads\/2021\/01\/fio-de-cobre-300x168.jpeg 300w, https:\/\/jornalfatosenoticias.com.br\/wp-content\/uploads\/2021\/01\/fio-de-cobre-768x431.jpeg 768w\" sizes=\"auto, (max-width: 1000px) 100vw, 1000px\" \/><figcaption><em>Fio de cobre (Foto: G1\/ES)<\/em><\/figcaption><\/figure>\n\n\n\n<p>Essa lei utiliza um dos mais modernos institutos jur\u00eddicos que \u00e9 a colabora\u00e7\u00e3o premiada administrativa, garantindo que o receptador de material furtado sofra imediata interdi\u00e7\u00e3o de seu estabelecimento, podendo continuar sua atividade desde que aponte quem forneceu o produto adquirido de forma ilegal.<br>Como o projeto n\u00e3o visa s\u00f3 a puni\u00e7\u00e3o, mas tamb\u00e9m garante o correto exerc\u00edcio dessa atividade, ser\u00e1 uma seguran\u00e7a para todos, inclusive para os catadores que trabalham corretamente reciclando o lixo.<br>A ideia \u00e9 que os outros munic\u00edpios da Grande Vit\u00f3ria abracem essa causa, para que se possa fechar o cerco contra esse crime, que provoca graves preju\u00edzos aos cofres p\u00fablicos e \u00e0 seguran\u00e7a de toda a popula\u00e7\u00e3o.<\/p>\n","protected":false},"excerpt":{"rendered":"<p>O vereador Leandro Piquet (Republicanos) protocolou, nesta quinta-feira (14), seu primeiro projeto de lei que visa combater o problema de falta de luz em diversos pontos de Vit\u00f3ria em decorr\u00eancia de furtos de fios de cobre.Atendendo a pedidos da popula\u00e7\u00e3o, a iniciativa pretende disciplinar compra e venda do cobre, bem como o funcionamento dos estabelecimentos [&hellip;]<\/p>\n","protected":false},"author":2,"featured_media":13474,"comment_status":"open","ping_status":"open","sticky":false,"template":"","format":"standard","meta":{"footnotes":""},"categories":[10],"tags":[6958,6957,6955,4261,6956,882],"class_list":["post-13472","post","type-post","status-publish","format-standard","has-post-thumbnail","hentry","category-politica","tag-fios-de-cobre","tag-furto","tag-leandro-piquet","tag-projeto-de-lei","tag-vereador","tag-vitoria"],"yoast_head":"<!-- This site is optimized with the Yoast SEO plugin v26.5 - https:\/\/yoast.com\/wordpress\/plugins\/seo\/ -->\n<title>Vereador Leandro Piquet protocola projeto de lei para combater furtos de fio de cobre em Vit\u00f3ria - Jornal Fatos e Not\u00edcias<\/title>\n<meta name=\"robots\" content=\"index, follow, max-snippet:-1, max-image-preview:large, max-video-preview:-1\" \/>\n<link rel=\"canonical\" href=\"https:\/\/jornalfatosenoticias.com.br\/index.php\/2021\/01\/14\/vereador-leandro-piquet-protocola-projeto-de-lei-para-combater-furtos-de-fio-de-cobre-em-vitoria\/\" \/>\n<meta property=\"og:locale\" content=\"pt_BR\" \/>\n<meta property=\"og:type\" content=\"article\" \/>\n<meta property=\"og:title\" content=\"Vereador Leandro Piquet protocola projeto de lei para combater furtos de fio de cobre em Vit\u00f3ria - Jornal Fatos e Not\u00edcias\" \/>\n<meta property=\"og:description\" content=\"O vereador Leandro Piquet (Republicanos) protocolou, nesta quinta-feira (14), seu primeiro projeto de lei que visa combater o problema de falta de luz em diversos pontos de Vit\u00f3ria em decorr\u00eancia de furtos de fios de cobre.Atendendo a pedidos da popula\u00e7\u00e3o, a iniciativa pretende disciplinar compra e venda do cobre, bem como o funcionamento dos estabelecimentos [&hellip;]\" \/>\n<meta property=\"og:url\" content=\"https:\/\/jornalfatosenoticias.com.br\/index.php\/2021\/01\/14\/vereador-leandro-piquet-protocola-projeto-de-lei-para-combater-furtos-de-fio-de-cobre-em-vitoria\/\" \/>\n<meta property=\"og:site_name\" content=\"Jornal Fatos e Not\u00edcias\" \/>\n<meta property=\"article:published_time\" content=\"2021-01-14T21:57:33+00:00\" \/>\n<meta property=\"article:modified_time\" content=\"2021-01-14T21:58:04+00:00\" \/>\n<meta property=\"og:image\" content=\"https:\/\/jornalfatosenoticias.com.br\/wp-content\/uploads\/2021\/01\/Piquet_capa.jpg\" \/>\n\t<meta property=\"og:image:width\" content=\"1000\" \/>\n\t<meta property=\"og:image:height\" content=\"883\" \/>\n\t<meta property=\"og:image:type\" content=\"image\/jpeg\" \/>\n<meta name=\"author\" content=\"Luzimara Fernandes\" \/>\n<meta name=\"twitter:card\" content=\"summary_large_image\" \/>\n<meta name=\"twitter:label1\" content=\"Escrito por\" \/>\n\t<meta name=\"twitter:data1\" content=\"Luzimara Fernandes\" \/>\n\t<meta name=\"twitter:label2\" content=\"Est. tempo de leitura\" \/>\n\t<meta name=\"twitter:data2\" content=\"1 minuto\" \/>\n<script type=\"application\/ld+json\" class=\"yoast-schema-graph\">{\"@context\":\"https:\/\/schema.org\",\"@graph\":[{\"@type\":\"Article\",\"@id\":\"https:\/\/jornalfatosenoticias.com.br\/index.php\/2021\/01\/14\/vereador-leandro-piquet-protocola-projeto-de-lei-para-combater-furtos-de-fio-de-cobre-em-vitoria\/#article\",\"isPartOf\":{\"@id\":\"https:\/\/jornalfatosenoticias.com.br\/index.php\/2021\/01\/14\/vereador-leandro-piquet-protocola-projeto-de-lei-para-combater-furtos-de-fio-de-cobre-em-vitoria\/\"},\"author\":{\"name\":\"Luzimara Fernandes\",\"@id\":\"https:\/\/jornalfatosenoticias.com.br\/#\/schema\/person\/d63837fa13ac8666eb9e74e0985d6f81\"},\"headline\":\"Vereador Leandro Piquet protocola projeto de lei para combater furtos de fio de cobre em Vit\u00f3ria\",\"datePublished\":\"2021-01-14T21:57:33+00:00\",\"dateModified\":\"2021-01-14T21:58:04+00:00\",\"mainEntityOfPage\":{\"@id\":\"https:\/\/jornalfatosenoticias.com.br\/index.php\/2021\/01\/14\/vereador-leandro-piquet-protocola-projeto-de-lei-para-combater-furtos-de-fio-de-cobre-em-vitoria\/\"},\"wordCount\":225,\"commentCount\":0,\"publisher\":{\"@id\":\"https:\/\/jornalfatosenoticias.com.br\/#organization\"},\"image\":{\"@id\":\"https:\/\/jornalfatosenoticias.com.br\/index.php\/2021\/01\/14\/vereador-leandro-piquet-protocola-projeto-de-lei-para-combater-furtos-de-fio-de-cobre-em-vitoria\/#primaryimage\"},\"thumbnailUrl\":\"https:\/\/jornalfatosenoticias.com.br\/wp-content\/uploads\/2021\/01\/Piquet_capa.jpg\",\"keywords\":[\"fios de cobre\",\"furto\",\"Leandro Piquet\",\"projeto de lei\",\"vereador\",\"Vit\u00f3ria\"],\"articleSection\":[\"Pol\u00edtica\"],\"inLanguage\":\"pt-BR\",\"potentialAction\":[{\"@type\":\"CommentAction\",\"name\":\"Comment\",\"target\":[\"https:\/\/jornalfatosenoticias.com.br\/index.php\/2021\/01\/14\/vereador-leandro-piquet-protocola-projeto-de-lei-para-combater-furtos-de-fio-de-cobre-em-vitoria\/#respond\"]}]},{\"@type\":\"WebPage\",\"@id\":\"https:\/\/jornalfatosenoticias.com.br\/index.php\/2021\/01\/14\/vereador-leandro-piquet-protocola-projeto-de-lei-para-combater-furtos-de-fio-de-cobre-em-vitoria\/\",\"url\":\"https:\/\/jornalfatosenoticias.com.br\/index.php\/2021\/01\/14\/vereador-leandro-piquet-protocola-projeto-de-lei-para-combater-furtos-de-fio-de-cobre-em-vitoria\/\",\"name\":\"Vereador Leandro Piquet protocola projeto de lei para combater furtos de fio de cobre em Vit\u00f3ria - Jornal Fatos e Not\u00edcias\",\"isPartOf\":{\"@id\":\"https:\/\/jornalfatosenoticias.com.br\/#website\"},\"primaryImageOfPage\":{\"@id\":\"https:\/\/jornalfatosenoticias.com.br\/index.php\/2021\/01\/14\/vereador-leandro-piquet-protocola-projeto-de-lei-para-combater-furtos-de-fio-de-cobre-em-vitoria\/#primaryimage\"},\"image\":{\"@id\":\"https:\/\/jornalfatosenoticias.com.br\/index.php\/2021\/01\/14\/vereador-leandro-piquet-protocola-projeto-de-lei-para-combater-furtos-de-fio-de-cobre-em-vitoria\/#primaryimage\"},\"thumbnailUrl\":\"https:\/\/jornalfatosenoticias.com.br\/wp-content\/uploads\/2021\/01\/Piquet_capa.jpg\",\"datePublished\":\"2021-01-14T21:57:33+00:00\",\"dateModified\":\"2021-01-14T21:58:04+00:00\",\"breadcrumb\":{\"@id\":\"https:\/\/jornalfatosenoticias.com.br\/index.php\/2021\/01\/14\/vereador-leandro-piquet-protocola-projeto-de-lei-para-combater-furtos-de-fio-de-cobre-em-vitoria\/#breadcrumb\"},\"inLanguage\":\"pt-BR\",\"potentialAction\":[{\"@type\":\"ReadAction\",\"target\":[\"https:\/\/jornalfatosenoticias.com.br\/index.php\/2021\/01\/14\/vereador-leandro-piquet-protocola-projeto-de-lei-para-combater-furtos-de-fio-de-cobre-em-vitoria\/\"]}]},{\"@type\":\"ImageObject\",\"inLanguage\":\"pt-BR\",\"@id\":\"https:\/\/jornalfatosenoticias.com.br\/index.php\/2021\/01\/14\/vereador-leandro-piquet-protocola-projeto-de-lei-para-combater-furtos-de-fio-de-cobre-em-vitoria\/#primaryimage\",\"url\":\"https:\/\/jornalfatosenoticias.com.br\/wp-content\/uploads\/2021\/01\/Piquet_capa.jpg\",\"contentUrl\":\"https:\/\/jornalfatosenoticias.com.br\/wp-content\/uploads\/2021\/01\/Piquet_capa.jpg\",\"width\":1000,\"height\":883},{\"@type\":\"BreadcrumbList\",\"@id\":\"https:\/\/jornalfatosenoticias.com.br\/index.php\/2021\/01\/14\/vereador-leandro-piquet-protocola-projeto-de-lei-para-combater-furtos-de-fio-de-cobre-em-vitoria\/#breadcrumb\",\"itemListElement\":[{\"@type\":\"ListItem\",\"position\":1,\"name\":\"In\u00edcio\",\"item\":\"https:\/\/jornalfatosenoticias.com.br\/\"},{\"@type\":\"ListItem\",\"position\":2,\"name\":\"Vereador Leandro Piquet protocola projeto de lei para combater furtos de fio de cobre em Vit\u00f3ria\"}]},{\"@type\":\"WebSite\",\"@id\":\"https:\/\/jornalfatosenoticias.com.br\/#website\",\"url\":\"https:\/\/jornalfatosenoticias.com.br\/\",\"name\":\"Jornal Fatos e Not\u00edcias\",\"description\":\"Not\u00edcias em geral\",\"publisher\":{\"@id\":\"https:\/\/jornalfatosenoticias.com.br\/#organization\"},\"potentialAction\":[{\"@type\":\"SearchAction\",\"target\":{\"@type\":\"EntryPoint\",\"urlTemplate\":\"https:\/\/jornalfatosenoticias.com.br\/?s={search_term_string}\"},\"query-input\":{\"@type\":\"PropertyValueSpecification\",\"valueRequired\":true,\"valueName\":\"search_term_string\"}}],\"inLanguage\":\"pt-BR\"},{\"@type\":\"Organization\",\"@id\":\"https:\/\/jornalfatosenoticias.com.br\/#organization\",\"name\":\"Jornal Fatos e Not\u00edcias\",\"url\":\"https:\/\/jornalfatosenoticias.com.br\/\",\"logo\":{\"@type\":\"ImageObject\",\"inLanguage\":\"pt-BR\",\"@id\":\"https:\/\/jornalfatosenoticias.com.br\/#\/schema\/logo\/image\/\",\"url\":\"https:\/\/jornalfatosenoticias.com.br\/wp-content\/uploads\/2020\/02\/logo120.png\",\"contentUrl\":\"https:\/\/jornalfatosenoticias.com.br\/wp-content\/uploads\/2020\/02\/logo120.png\",\"width\":1227,\"height\":120,\"caption\":\"Jornal Fatos e Not\u00edcias\"},\"image\":{\"@id\":\"https:\/\/jornalfatosenoticias.com.br\/#\/schema\/logo\/image\/\"}},{\"@type\":\"Person\",\"@id\":\"https:\/\/jornalfatosenoticias.com.br\/#\/schema\/person\/d63837fa13ac8666eb9e74e0985d6f81\",\"name\":\"Luzimara Fernandes\",\"image\":{\"@type\":\"ImageObject\",\"inLanguage\":\"pt-BR\",\"@id\":\"https:\/\/jornalfatosenoticias.com.br\/#\/schema\/person\/image\/\",\"url\":\"https:\/\/jornalfatosenoticias.com.br\/wp-content\/uploads\/2025\/05\/EU_portal.jpg\",\"contentUrl\":\"https:\/\/jornalfatosenoticias.com.br\/wp-content\/uploads\/2025\/05\/EU_portal.jpg\",\"caption\":\"Luzimara Fernandes\"},\"description\":\"Jornalista MTB 2358-ES\",\"sameAs\":[\"https:\/\/jornalfatosenoticias.com.br\"],\"url\":\"https:\/\/jornalfatosenoticias.com.br\/index.php\/author\/luzimara\/\"}]}<\/script>\n<!-- \/ Yoast SEO plugin. -->","yoast_head_json":{"title":"Vereador Leandro Piquet protocola projeto de lei para combater furtos de fio de cobre em Vit\u00f3ria - Jornal Fatos e Not\u00edcias","robots":{"index":"index","follow":"follow","max-snippet":"max-snippet:-1","max-image-preview":"max-image-preview:large","max-video-preview":"max-video-preview:-1"},"canonical":"https:\/\/jornalfatosenoticias.com.br\/index.php\/2021\/01\/14\/vereador-leandro-piquet-protocola-projeto-de-lei-para-combater-furtos-de-fio-de-cobre-em-vitoria\/","og_locale":"pt_BR","og_type":"article","og_title":"Vereador Leandro Piquet protocola projeto de lei para combater furtos de fio de cobre em Vit\u00f3ria - Jornal Fatos e Not\u00edcias","og_description":"O vereador Leandro Piquet (Republicanos) protocolou, nesta quinta-feira (14), seu primeiro projeto de lei que visa combater o problema de falta de luz em diversos pontos de Vit\u00f3ria em decorr\u00eancia de furtos de fios de cobre.Atendendo a pedidos da popula\u00e7\u00e3o, a iniciativa pretende disciplinar compra e venda do cobre, bem como o funcionamento dos estabelecimentos [&hellip;]","og_url":"https:\/\/jornalfatosenoticias.com.br\/index.php\/2021\/01\/14\/vereador-leandro-piquet-protocola-projeto-de-lei-para-combater-furtos-de-fio-de-cobre-em-vitoria\/","og_site_name":"Jornal Fatos e Not\u00edcias","article_published_time":"2021-01-14T21:57:33+00:00","article_modified_time":"2021-01-14T21:58:04+00:00","og_image":[{"width":1000,"height":883,"url":"https:\/\/jornalfatosenoticias.com.br\/wp-content\/uploads\/2021\/01\/Piquet_capa.jpg","type":"image\/jpeg"}],"author":"Luzimara Fernandes","twitter_card":"summary_large_image","twitter_misc":{"Escrito por":"Luzimara Fernandes","Est. tempo de leitura":"1 minuto"},"schema":{"@context":"https:\/\/schema.org","@graph":[{"@type":"Article","@id":"https:\/\/jornalfatosenoticias.com.br\/index.php\/2021\/01\/14\/vereador-leandro-piquet-protocola-projeto-de-lei-para-combater-furtos-de-fio-de-cobre-em-vitoria\/#article","isPartOf":{"@id":"https:\/\/jornalfatosenoticias.com.br\/index.php\/2021\/01\/14\/vereador-leandro-piquet-protocola-projeto-de-lei-para-combater-furtos-de-fio-de-cobre-em-vitoria\/"},"author":{"name":"Luzimara Fernandes","@id":"https:\/\/jornalfatosenoticias.com.br\/#\/schema\/person\/d63837fa13ac8666eb9e74e0985d6f81"},"headline":"Vereador Leandro Piquet protocola projeto de lei para combater furtos de fio de cobre em Vit\u00f3ria","datePublished":"2021-01-14T21:57:33+00:00","dateModified":"2021-01-14T21:58:04+00:00","mainEntityOfPage":{"@id":"https:\/\/jornalfatosenoticias.com.br\/index.php\/2021\/01\/14\/vereador-leandro-piquet-protocola-projeto-de-lei-para-combater-furtos-de-fio-de-cobre-em-vitoria\/"},"wordCount":225,"commentCount":0,"publisher":{"@id":"https:\/\/jornalfatosenoticias.com.br\/#organization"},"image":{"@id":"https:\/\/jornalfatosenoticias.com.br\/index.php\/2021\/01\/14\/vereador-leandro-piquet-protocola-projeto-de-lei-para-combater-furtos-de-fio-de-cobre-em-vitoria\/#primaryimage"},"thumbnailUrl":"https:\/\/jornalfatosenoticias.com.br\/wp-content\/uploads\/2021\/01\/Piquet_capa.jpg","keywords":["fios de cobre","furto","Leandro Piquet","projeto de lei","vereador","Vit\u00f3ria"],"articleSection":["Pol\u00edtica"],"inLanguage":"pt-BR","potentialAction":[{"@type":"CommentAction","name":"Comment","target":["https:\/\/jornalfatosenoticias.com.br\/index.php\/2021\/01\/14\/vereador-leandro-piquet-protocola-projeto-de-lei-para-combater-furtos-de-fio-de-cobre-em-vitoria\/#respond"]}]},{"@type":"WebPage","@id":"https:\/\/jornalfatosenoticias.com.br\/index.php\/2021\/01\/14\/vereador-leandro-piquet-protocola-projeto-de-lei-para-combater-furtos-de-fio-de-cobre-em-vitoria\/","url":"https:\/\/jornalfatosenoticias.com.br\/index.php\/2021\/01\/14\/vereador-leandro-piquet-protocola-projeto-de-lei-para-combater-furtos-de-fio-de-cobre-em-vitoria\/","name":"Vereador Leandro Piquet protocola projeto de lei para combater furtos de fio de cobre em Vit\u00f3ria - Jornal Fatos e Not\u00edcias","isPartOf":{"@id":"https:\/\/jornalfatosenoticias.com.br\/#website"},"primaryImageOfPage":{"@id":"https:\/\/jornalfatosenoticias.com.br\/index.php\/2021\/01\/14\/vereador-leandro-piquet-protocola-projeto-de-lei-para-combater-furtos-de-fio-de-cobre-em-vitoria\/#primaryimage"},"image":{"@id":"https:\/\/jornalfatosenoticias.com.br\/index.php\/2021\/01\/14\/vereador-leandro-piquet-protocola-projeto-de-lei-para-combater-furtos-de-fio-de-cobre-em-vitoria\/#primaryimage"},"thumbnailUrl":"https:\/\/jornalfatosenoticias.com.br\/wp-content\/uploads\/2021\/01\/Piquet_capa.jpg","datePublished":"2021-01-14T21:57:33+00:00","dateModified":"2021-01-14T21:58:04+00:00","breadcrumb":{"@id":"https:\/\/jornalfatosenoticias.com.br\/index.php\/2021\/01\/14\/vereador-leandro-piquet-protocola-projeto-de-lei-para-combater-furtos-de-fio-de-cobre-em-vitoria\/#breadcrumb"},"inLanguage":"pt-BR","potentialAction":[{"@type":"ReadAction","target":["https:\/\/jornalfatosenoticias.com.br\/index.php\/2021\/01\/14\/vereador-leandro-piquet-protocola-projeto-de-lei-para-combater-furtos-de-fio-de-cobre-em-vitoria\/"]}]},{"@type":"ImageObject","inLanguage":"pt-BR","@id":"https:\/\/jornalfatosenoticias.com.br\/index.php\/2021\/01\/14\/vereador-leandro-piquet-protocola-projeto-de-lei-para-combater-furtos-de-fio-de-cobre-em-vitoria\/#primaryimage","url":"https:\/\/jornalfatosenoticias.com.br\/wp-content\/uploads\/2021\/01\/Piquet_capa.jpg","contentUrl":"https:\/\/jornalfatosenoticias.com.br\/wp-content\/uploads\/2021\/01\/Piquet_capa.jpg","width":1000,"height":883},{"@type":"BreadcrumbList","@id":"https:\/\/jornalfatosenoticias.com.br\/index.php\/2021\/01\/14\/vereador-leandro-piquet-protocola-projeto-de-lei-para-combater-furtos-de-fio-de-cobre-em-vitoria\/#breadcrumb","itemListElement":[{"@type":"ListItem","position":1,"name":"In\u00edcio","item":"https:\/\/jornalfatosenoticias.com.br\/"},{"@type":"ListItem","position":2,"name":"Vereador Leandro Piquet protocola projeto de lei para combater furtos de fio de cobre em Vit\u00f3ria"}]},{"@type":"WebSite","@id":"https:\/\/jornalfatosenoticias.com.br\/#website","url":"https:\/\/jornalfatosenoticias.com.br\/","name":"Jornal Fatos e Not\u00edcias","description":"Not\u00edcias em geral","publisher":{"@id":"https:\/\/jornalfatosenoticias.com.br\/#organization"},"potentialAction":[{"@type":"SearchAction","target":{"@type":"EntryPoint","urlTemplate":"https:\/\/jornalfatosenoticias.com.br\/?s={search_term_string}"},"query-input":{"@type":"PropertyValueSpecification","valueRequired":true,"valueName":"search_term_string"}}],"inLanguage":"pt-BR"},{"@type":"Organization","@id":"https:\/\/jornalfatosenoticias.com.br\/#organization","name":"Jornal Fatos e Not\u00edcias","url":"https:\/\/jornalfatosenoticias.com.br\/","logo":{"@type":"ImageObject","inLanguage":"pt-BR","@id":"https:\/\/jornalfatosenoticias.com.br\/#\/schema\/logo\/image\/","url":"https:\/\/jornalfatosenoticias.com.br\/wp-content\/uploads\/2020\/02\/logo120.png","contentUrl":"https:\/\/jornalfatosenoticias.com.br\/wp-content\/uploads\/2020\/02\/logo120.png","width":1227,"height":120,"caption":"Jornal Fatos e Not\u00edcias"},"image":{"@id":"https:\/\/jornalfatosenoticias.com.br\/#\/schema\/logo\/image\/"}},{"@type":"Person","@id":"https:\/\/jornalfatosenoticias.com.br\/#\/schema\/person\/d63837fa13ac8666eb9e74e0985d6f81","name":"Luzimara Fernandes","image":{"@type":"ImageObject","inLanguage":"pt-BR","@id":"https:\/\/jornalfatosenoticias.com.br\/#\/schema\/person\/image\/","url":"https:\/\/jornalfatosenoticias.com.br\/wp-content\/uploads\/2025\/05\/EU_portal.jpg","contentUrl":"https:\/\/jornalfatosenoticias.com.br\/wp-content\/uploads\/2025\/05\/EU_portal.jpg","caption":"Luzimara Fernandes"},"description":"Jornalista MTB 2358-ES","sameAs":["https:\/\/jornalfatosenoticias.com.br"],"url":"https:\/\/jornalfatosenoticias.com.br\/index.php\/author\/luzimara\/"}]}},"cc_featured_image_caption":{"caption_text":"(Foto: Assessoria de Comunica\u00e7\u00e3o)","source_text":"","source_url":""},"jetpack_featured_media_url":"https:\/\/jornalfatosenoticias.com.br\/wp-content\/uploads\/2021\/01\/Piquet_capa.jpg","_links":{"self":[{"href":"https:\/\/jornalfatosenoticias.com.br\/index.php\/wp-json\/wp\/v2\/posts\/13472","targetHints":{"allow":["GET"]}}],"collection":[{"href":"https:\/\/jornalfatosenoticias.com.br\/index.php\/wp-json\/wp\/v2\/posts"}],"about":[{"href":"https:\/\/jornalfatosenoticias.com.br\/index.php\/wp-json\/wp\/v2\/types\/post"}],"author":[{"embeddable":true,"href":"https:\/\/jornalfatosenoticias.com.br\/index.php\/wp-json\/wp\/v2\/users\/2"}],"replies":[{"embeddable":true,"href":"https:\/\/jornalfatosenoticias.com.br\/index.php\/wp-json\/wp\/v2\/comments?post=13472"}],"version-history":[{"count":0,"href":"https:\/\/jornalfatosenoticias.com.br\/index.php\/wp-json\/wp\/v2\/posts\/13472\/revisions"}],"wp:featuredmedia":[{"embeddable":true,"href":"https:\/\/jornalfatosenoticias.com.br\/index.php\/wp-json\/wp\/v2\/media\/13474"}],"wp:attachment":[{"href":"https:\/\/jornalfatosenoticias.com.br\/index.php\/wp-json\/wp\/v2\/media?parent=13472"}],"wp:term":[{"taxonomy":"category","embeddable":true,"href":"https:\/\/jornalfatosenoticias.com.br\/index.php\/wp-json\/wp\/v2\/categories?post=13472"},{"taxonomy":"post_tag","embeddable":true,"href":"https:\/\/jornalfatosenoticias.com.br\/index.php\/wp-json\/wp\/v2\/tags?post=13472"}],"curies":[{"name":"wp","href":"https:\/\/api.w.org\/{rel}","templated":true}]}}