{"id":13477,"date":"2021-01-14T19:04:21","date_gmt":"2021-01-14T22:04:21","guid":{"rendered":"https:\/\/jornalfatosenoticias.com.br\/?p=13477"},"modified":"2021-01-14T19:04:27","modified_gmt":"2021-01-14T22:04:27","slug":"arvores-serao-menos-longevas-fenomeno-impacta-estoques-de-co2","status":"publish","type":"post","link":"https:\/\/jornalfatosenoticias.com.br\/index.php\/2021\/01\/14\/arvores-serao-menos-longevas-fenomeno-impacta-estoques-de-co2\/","title":{"rendered":"\u00c1rvores ser\u00e3o menos longevas: fen\u00f4meno impacta estoques de CO2"},"content":{"rendered":"\n<h6 class=\"wp-block-heading\"><em>Pesquisadores brasileiros analisaram dados de praticamente todos os biomas terrestres em conjunto com colegas de universidades da Inglaterra, Alemanha e Chile<\/em><\/h6>\n\n\n\n<p>Mesmo crescendo mais r\u00e1pido, as \u00e1rvores de florestas de todo o planeta passaram a ter uma vida mais curta, fen\u00f4meno que impacta diretamente a vida na Terra. Menos \u00e1rvores, mais g\u00e1s carb\u00f4nico na atmosfera. Altas concentra\u00e7\u00f5es de di\u00f3xido de carbono levam ao aumento do efeito estufa, eleva\u00e7\u00e3o da temperatura, derretimento das calotas de gelo, eleva\u00e7\u00e3o dos n\u00edveis oce\u00e2nicos e mudan\u00e7as nos padr\u00f5es de chuvas, entre outras consequ\u00eancias. As causas podem estar associadas \u00e0 baixa disponibilidade de \u00e1gua e ao aumento da temperatura terrestre. O artigo <a href=\"https:\/\/www.pnas.org\/content\/early\/2020\/12\/09\/2003873117\" target=\"_blank\" rel=\"noreferrer noopener\">\u201c<em>Global tree-ring analysis reveals rapid decrease in tropical tree longevity with temperature<\/em>&#8220;<\/a>, publicado na PNAS, demonstra os mecanismos por tr\u00e1s deste fen\u00f4meno e faz um alerta sobre a situa\u00e7\u00e3o.<br>Para chegar a esses resultados, pesquisadores dos Departamentos de Bot\u00e2nica e de Ecologia, do Instituto de Bioci\u00eancias (IB) da USP, em conjunto com colegas de universidades da Inglaterra, Alemanha e Chile, fizeram an\u00e1lise de dados de praticamente todos os biomas terrestres e trazem informa\u00e7\u00f5es mais detalhadas sobre a floresta amaz\u00f4nica. \u201cA redu\u00e7\u00e3o na longevidade das \u00e1rvores significa que o carbono ficar\u00e1 menos tempo estocado nos troncos. Quando elas morrem, liberam CO2 de volta para a atmosfera, tornando o ciclo do carbono mais din\u00e2mico, reduzindo potencialmente a quantidade de carbono nas florestas tropicais\u201d, explica o bi\u00f3logo Giuliano Locosselli, pesquisador e o primeiro autor do artigo.<br>No Brasil, a pesquisa foi conduzida pelo grupo do professor Marcos Buckeridge, do IB. Ele que \u00e9 um dos autores do artigo diz que os cientistas queriam saber se as plantas que comumente cresciam mais r\u00e1pido em altas condi\u00e7\u00f5es de CO2 e de temperatura tamb\u00e9m morreriam mais cedo. Foi essa a pergunta que o estudo procurou responder.<\/p>\n\n\n\n<p>Assista ao v\u00eddeo abaixo com as explica\u00e7\u00f5es do professor Buckeridge sobre as implica\u00e7\u00f5es das mudan\u00e7as clim\u00e1ticas no aceleramento do crescimento e mortalidade das \u00e1rvores das regi\u00f5es tropicais do planeta.<\/p>\n\n\n\n<figure class=\"wp-block-embed-youtube wp-block-embed is-type-video is-provider-youtube wp-embed-aspect-16-9 wp-has-aspect-ratio\"><div class=\"wp-block-embed__wrapper\">\n<iframe loading=\"lazy\" title=\"Mudan\u00e7as clim\u00e1ticas aceleram crescimento e mortandade de \u00e1rvores [Em Resumo]\" width=\"660\" height=\"371\" src=\"https:\/\/www.youtube.com\/embed\/-WoIynHJqao?feature=oembed\" frameborder=\"0\" allow=\"accelerometer; autoplay; clipboard-write; encrypted-media; gyroscope; picture-in-picture; web-share\" referrerpolicy=\"strict-origin-when-cross-origin\" allowfullscreen><\/iframe>\n<\/div><\/figure>\n\n\n\n<p>Segundo a pesquisa, em regi\u00f5es mais quentes \u00e1rvores crescem mais r\u00e1pido e tamb\u00e9m morrem mais cedo. O pesquisador explica que h\u00e1 uma rela\u00e7\u00e3o inversa entre longevidade e taxas de crescimento. As \u00e1rvores que crescem mais r\u00e1pido possuem tempo de vida menor. As \u00e1rvores tropicais, por exemplo, crescem, em m\u00e9dia, duas vezes mais r\u00e1pido em compara\u00e7\u00e3o com \u00e1rvores de biomas temperados e boreais e vivem significativamente menos, em m\u00e9dia (186 \u00b1 138 anos em compara\u00e7\u00e3o com 322 \u00b1 201 anos fora dos tr\u00f3picos).<br>Esses padr\u00f5es de longevidade e taxa de crescimento foram encontrados em florestas de todo o bioma mundial. Conforme se aproximava das regi\u00f5es tropicais, mais quentes e com maior disponibilidade de \u00e1gua, havia um crescimento mais r\u00e1pido das \u00e1rvores, por\u00e9m, essas mesmas esp\u00e9cies morriam mais rapidamente. Se, por um lado, elas usavam mais CO2 para realizar sua fotoss\u00edntese e crescer, cumprindo seu ciclo, por outro, morrem, devolvendo para a atmosfera todo o CO2 retido durante seu desenvolvimento.<br>O estudo analisou dados de florestas do mundo inteiro e nessas an\u00e1lises foi encontrado um valor cr\u00edtico de temperatura m\u00e9dia anual, que \u00e9 o de 25,4\u02daC, acima do qual a longevidade das \u00e1rvores tropicais diminui drasticamente. Na floresta amaz\u00f4nica, por exemplo, estudos mais recentes mostram que a temperatura ambiente vem se mantendo acima dessa medida j\u00e1 h\u00e1 algumas d\u00e9cadas. J\u00e1 a floresta do Congo, na \u00c1frica Central, a segunda maior floresta tropical do mundo, ter\u00e1 temperatura acima dessa medida at\u00e9 2050. H\u00e1 evid\u00eancias cient\u00edficas recentes do aumento da mortalidade naquela regi\u00e3o que n\u00e3o haviam sido observadas ao longo de d\u00e9cadas.<br>Como resultado secund\u00e1rio, mas n\u00e3o menos importante, devido ao desmantelamento atual dos \u00f3rg\u00e3os ambientais de fiscaliza\u00e7\u00e3o de desmatamento e queimadas na regi\u00e3o amaz\u00f4nica, tamb\u00e9m foi observado que a longevidade das \u00e1rvores diminui consistentemente em \u00e1reas sob maior influ\u00eancia humana. Dados de monitoramento por sat\u00e9lite do Instituto Nacional de Pesquisas Espaciais (Inpe) relatam aumento de 34% na taxa de desmatamento na Amaz\u00f4nia nos \u00faltimos 12 meses, comparado com o mesmo per\u00edodo do ano de 2019.<\/p>\n\n\n\n<h4 class=\"wp-block-heading\">An\u00e9is de crescimento<\/h4>\n\n\n\n<p>Para compreender a evolu\u00e7\u00e3o do crescimento e longevidade das \u00e1rvores, este estudo se baseou em centenas de trabalhos cient\u00edficos nacionais e internacionais publicados nas \u00faltimas d\u00e9cadas. Todos estes trabalhos analisaram os an\u00e9is de crescimento que est\u00e3o presentes no tronco das \u00e1rvores. Cada anel corresponde a um ano de vida da \u00e1rvore. \u201cSe o anel de crescimento \u00e9 largo, indica que a planta cresceu r\u00e1pido, caso contr\u00e1rio, houve crescimento mais lento\u201d, explica Locosselli. As an\u00e1lises do crescimento e longevidade foram feitas em mais de 100.000 \u00e1rvores de 438 esp\u00e9cies.<br>Alguns caminhos que minimizariam as condi\u00e7\u00f5es que estariam levando \u00e0 morte precoce das \u00e1rvores incluem a amplia\u00e7\u00e3o de pol\u00edticas p\u00fablicas ambientais, com foco no aumento do uso de energias renov\u00e1veis, incentivo aos meios de transportes alternativos, diminui\u00e7\u00e3o de combust\u00edveis f\u00f3sseis e redu\u00e7\u00e3o do desmatamento e das queimadas de florestas no mundo todo.<\/p>\n\n\n\n<p><strong><em>Fonte: <a href=\"https:\/\/ciclovivo.com.br\/planeta\/crise-climatica\/arvores-longevas-fenomeno-estoques-de-co2\/\">CicloVivo<\/a><\/em><\/strong><\/p>\n","protected":false},"excerpt":{"rendered":"<p>Pesquisadores brasileiros analisaram dados de praticamente todos os biomas terrestres em conjunto com colegas de universidades da Inglaterra, Alemanha e Chile Mesmo crescendo mais r\u00e1pido, as \u00e1rvores de florestas de todo o planeta passaram a ter uma vida mais curta, fen\u00f4meno que impacta diretamente a vida na Terra. Menos \u00e1rvores, mais g\u00e1s carb\u00f4nico na atmosfera. [&hellip;]<\/p>\n","protected":false},"author":2,"featured_media":13478,"comment_status":"open","ping_status":"open","sticky":false,"template":"","format":"standard","meta":{"footnotes":""},"categories":[8],"tags":[781,534,183,2293,165],"class_list":["post-13477","post","type-post","status-publish","format-standard","has-post-thumbnail","hentry","category-meio-ambiente","tag-arvores","tag-co2","tag-florestas","tag-gas-carbonico","tag-planeta"],"yoast_head":"<!-- This site is optimized with the Yoast SEO plugin v26.5 - https:\/\/yoast.com\/wordpress\/plugins\/seo\/ -->\n<title>\u00c1rvores ser\u00e3o menos longevas: fen\u00f4meno impacta estoques de CO2 - Jornal Fatos e Not\u00edcias<\/title>\n<meta name=\"robots\" content=\"index, follow, max-snippet:-1, max-image-preview:large, max-video-preview:-1\" \/>\n<link rel=\"canonical\" href=\"https:\/\/jornalfatosenoticias.com.br\/index.php\/2021\/01\/14\/arvores-serao-menos-longevas-fenomeno-impacta-estoques-de-co2\/\" \/>\n<meta property=\"og:locale\" content=\"pt_BR\" \/>\n<meta property=\"og:type\" content=\"article\" \/>\n<meta property=\"og:title\" content=\"\u00c1rvores ser\u00e3o menos longevas: fen\u00f4meno impacta estoques de CO2 - Jornal Fatos e Not\u00edcias\" \/>\n<meta property=\"og:description\" content=\"Pesquisadores brasileiros analisaram dados de praticamente todos os biomas terrestres em conjunto com colegas de universidades da Inglaterra, Alemanha e Chile Mesmo crescendo mais r\u00e1pido, as \u00e1rvores de florestas de todo o planeta passaram a ter uma vida mais curta, fen\u00f4meno que impacta diretamente a vida na Terra. Menos \u00e1rvores, mais g\u00e1s carb\u00f4nico na atmosfera. [&hellip;]\" \/>\n<meta property=\"og:url\" content=\"https:\/\/jornalfatosenoticias.com.br\/index.php\/2021\/01\/14\/arvores-serao-menos-longevas-fenomeno-impacta-estoques-de-co2\/\" \/>\n<meta property=\"og:site_name\" content=\"Jornal Fatos e Not\u00edcias\" \/>\n<meta property=\"article:published_time\" content=\"2021-01-14T22:04:21+00:00\" \/>\n<meta property=\"article:modified_time\" content=\"2021-01-14T22:04:27+00:00\" \/>\n<meta property=\"og:image\" content=\"https:\/\/jornalfatosenoticias.com.br\/wp-content\/uploads\/2021\/01\/arvores-crescimento-.jpg\" \/>\n\t<meta property=\"og:image:width\" content=\"1000\" \/>\n\t<meta property=\"og:image:height\" content=\"525\" \/>\n\t<meta property=\"og:image:type\" content=\"image\/jpeg\" \/>\n<meta name=\"author\" content=\"Luzimara Fernandes\" \/>\n<meta name=\"twitter:card\" content=\"summary_large_image\" \/>\n<meta name=\"twitter:label1\" content=\"Escrito por\" \/>\n\t<meta name=\"twitter:data1\" content=\"Luzimara Fernandes\" \/>\n\t<meta name=\"twitter:label2\" content=\"Est. tempo de leitura\" \/>\n\t<meta name=\"twitter:data2\" content=\"4 minutos\" \/>\n<script type=\"application\/ld+json\" class=\"yoast-schema-graph\">{\"@context\":\"https:\/\/schema.org\",\"@graph\":[{\"@type\":\"Article\",\"@id\":\"https:\/\/jornalfatosenoticias.com.br\/index.php\/2021\/01\/14\/arvores-serao-menos-longevas-fenomeno-impacta-estoques-de-co2\/#article\",\"isPartOf\":{\"@id\":\"https:\/\/jornalfatosenoticias.com.br\/index.php\/2021\/01\/14\/arvores-serao-menos-longevas-fenomeno-impacta-estoques-de-co2\/\"},\"author\":{\"name\":\"Luzimara Fernandes\",\"@id\":\"https:\/\/jornalfatosenoticias.com.br\/#\/schema\/person\/d63837fa13ac8666eb9e74e0985d6f81\"},\"headline\":\"\u00c1rvores ser\u00e3o menos longevas: fen\u00f4meno impacta estoques de CO2\",\"datePublished\":\"2021-01-14T22:04:21+00:00\",\"dateModified\":\"2021-01-14T22:04:27+00:00\",\"mainEntityOfPage\":{\"@id\":\"https:\/\/jornalfatosenoticias.com.br\/index.php\/2021\/01\/14\/arvores-serao-menos-longevas-fenomeno-impacta-estoques-de-co2\/\"},\"wordCount\":897,\"commentCount\":0,\"publisher\":{\"@id\":\"https:\/\/jornalfatosenoticias.com.br\/#organization\"},\"image\":{\"@id\":\"https:\/\/jornalfatosenoticias.com.br\/index.php\/2021\/01\/14\/arvores-serao-menos-longevas-fenomeno-impacta-estoques-de-co2\/#primaryimage\"},\"thumbnailUrl\":\"https:\/\/jornalfatosenoticias.com.br\/wp-content\/uploads\/2021\/01\/arvores-crescimento-.jpg\",\"keywords\":[\"\u00e1rvores\",\"CO2\",\"florestas\",\"g\u00e1s carb\u00f4nico\",\"planeta\"],\"articleSection\":[\"Meio ambiente\"],\"inLanguage\":\"pt-BR\",\"potentialAction\":[{\"@type\":\"CommentAction\",\"name\":\"Comment\",\"target\":[\"https:\/\/jornalfatosenoticias.com.br\/index.php\/2021\/01\/14\/arvores-serao-menos-longevas-fenomeno-impacta-estoques-de-co2\/#respond\"]}]},{\"@type\":\"WebPage\",\"@id\":\"https:\/\/jornalfatosenoticias.com.br\/index.php\/2021\/01\/14\/arvores-serao-menos-longevas-fenomeno-impacta-estoques-de-co2\/\",\"url\":\"https:\/\/jornalfatosenoticias.com.br\/index.php\/2021\/01\/14\/arvores-serao-menos-longevas-fenomeno-impacta-estoques-de-co2\/\",\"name\":\"\u00c1rvores ser\u00e3o menos longevas: fen\u00f4meno impacta estoques de CO2 - Jornal Fatos e Not\u00edcias\",\"isPartOf\":{\"@id\":\"https:\/\/jornalfatosenoticias.com.br\/#website\"},\"primaryImageOfPage\":{\"@id\":\"https:\/\/jornalfatosenoticias.com.br\/index.php\/2021\/01\/14\/arvores-serao-menos-longevas-fenomeno-impacta-estoques-de-co2\/#primaryimage\"},\"image\":{\"@id\":\"https:\/\/jornalfatosenoticias.com.br\/index.php\/2021\/01\/14\/arvores-serao-menos-longevas-fenomeno-impacta-estoques-de-co2\/#primaryimage\"},\"thumbnailUrl\":\"https:\/\/jornalfatosenoticias.com.br\/wp-content\/uploads\/2021\/01\/arvores-crescimento-.jpg\",\"datePublished\":\"2021-01-14T22:04:21+00:00\",\"dateModified\":\"2021-01-14T22:04:27+00:00\",\"breadcrumb\":{\"@id\":\"https:\/\/jornalfatosenoticias.com.br\/index.php\/2021\/01\/14\/arvores-serao-menos-longevas-fenomeno-impacta-estoques-de-co2\/#breadcrumb\"},\"inLanguage\":\"pt-BR\",\"potentialAction\":[{\"@type\":\"ReadAction\",\"target\":[\"https:\/\/jornalfatosenoticias.com.br\/index.php\/2021\/01\/14\/arvores-serao-menos-longevas-fenomeno-impacta-estoques-de-co2\/\"]}]},{\"@type\":\"ImageObject\",\"inLanguage\":\"pt-BR\",\"@id\":\"https:\/\/jornalfatosenoticias.com.br\/index.php\/2021\/01\/14\/arvores-serao-menos-longevas-fenomeno-impacta-estoques-de-co2\/#primaryimage\",\"url\":\"https:\/\/jornalfatosenoticias.com.br\/wp-content\/uploads\/2021\/01\/arvores-crescimento-.jpg\",\"contentUrl\":\"https:\/\/jornalfatosenoticias.com.br\/wp-content\/uploads\/2021\/01\/arvores-crescimento-.jpg\",\"width\":1000,\"height\":525},{\"@type\":\"BreadcrumbList\",\"@id\":\"https:\/\/jornalfatosenoticias.com.br\/index.php\/2021\/01\/14\/arvores-serao-menos-longevas-fenomeno-impacta-estoques-de-co2\/#breadcrumb\",\"itemListElement\":[{\"@type\":\"ListItem\",\"position\":1,\"name\":\"In\u00edcio\",\"item\":\"https:\/\/jornalfatosenoticias.com.br\/\"},{\"@type\":\"ListItem\",\"position\":2,\"name\":\"\u00c1rvores ser\u00e3o menos longevas: fen\u00f4meno impacta estoques de CO2\"}]},{\"@type\":\"WebSite\",\"@id\":\"https:\/\/jornalfatosenoticias.com.br\/#website\",\"url\":\"https:\/\/jornalfatosenoticias.com.br\/\",\"name\":\"Jornal Fatos e Not\u00edcias\",\"description\":\"Not\u00edcias em geral\",\"publisher\":{\"@id\":\"https:\/\/jornalfatosenoticias.com.br\/#organization\"},\"potentialAction\":[{\"@type\":\"SearchAction\",\"target\":{\"@type\":\"EntryPoint\",\"urlTemplate\":\"https:\/\/jornalfatosenoticias.com.br\/?s={search_term_string}\"},\"query-input\":{\"@type\":\"PropertyValueSpecification\",\"valueRequired\":true,\"valueName\":\"search_term_string\"}}],\"inLanguage\":\"pt-BR\"},{\"@type\":\"Organization\",\"@id\":\"https:\/\/jornalfatosenoticias.com.br\/#organization\",\"name\":\"Jornal Fatos e Not\u00edcias\",\"url\":\"https:\/\/jornalfatosenoticias.com.br\/\",\"logo\":{\"@type\":\"ImageObject\",\"inLanguage\":\"pt-BR\",\"@id\":\"https:\/\/jornalfatosenoticias.com.br\/#\/schema\/logo\/image\/\",\"url\":\"https:\/\/jornalfatosenoticias.com.br\/wp-content\/uploads\/2020\/02\/logo120.png\",\"contentUrl\":\"https:\/\/jornalfatosenoticias.com.br\/wp-content\/uploads\/2020\/02\/logo120.png\",\"width\":1227,\"height\":120,\"caption\":\"Jornal Fatos e Not\u00edcias\"},\"image\":{\"@id\":\"https:\/\/jornalfatosenoticias.com.br\/#\/schema\/logo\/image\/\"}},{\"@type\":\"Person\",\"@id\":\"https:\/\/jornalfatosenoticias.com.br\/#\/schema\/person\/d63837fa13ac8666eb9e74e0985d6f81\",\"name\":\"Luzimara Fernandes\",\"image\":{\"@type\":\"ImageObject\",\"inLanguage\":\"pt-BR\",\"@id\":\"https:\/\/jornalfatosenoticias.com.br\/#\/schema\/person\/image\/\",\"url\":\"https:\/\/jornalfatosenoticias.com.br\/wp-content\/uploads\/2025\/05\/EU_portal.jpg\",\"contentUrl\":\"https:\/\/jornalfatosenoticias.com.br\/wp-content\/uploads\/2025\/05\/EU_portal.jpg\",\"caption\":\"Luzimara Fernandes\"},\"description\":\"Jornalista MTB 2358-ES\",\"sameAs\":[\"https:\/\/jornalfatosenoticias.com.br\"],\"url\":\"https:\/\/jornalfatosenoticias.com.br\/index.php\/author\/luzimara\/\"}]}<\/script>\n<!-- \/ Yoast SEO plugin. -->","yoast_head_json":{"title":"\u00c1rvores ser\u00e3o menos longevas: fen\u00f4meno impacta estoques de CO2 - Jornal Fatos e Not\u00edcias","robots":{"index":"index","follow":"follow","max-snippet":"max-snippet:-1","max-image-preview":"max-image-preview:large","max-video-preview":"max-video-preview:-1"},"canonical":"https:\/\/jornalfatosenoticias.com.br\/index.php\/2021\/01\/14\/arvores-serao-menos-longevas-fenomeno-impacta-estoques-de-co2\/","og_locale":"pt_BR","og_type":"article","og_title":"\u00c1rvores ser\u00e3o menos longevas: fen\u00f4meno impacta estoques de CO2 - Jornal Fatos e Not\u00edcias","og_description":"Pesquisadores brasileiros analisaram dados de praticamente todos os biomas terrestres em conjunto com colegas de universidades da Inglaterra, Alemanha e Chile Mesmo crescendo mais r\u00e1pido, as \u00e1rvores de florestas de todo o planeta passaram a ter uma vida mais curta, fen\u00f4meno que impacta diretamente a vida na Terra. Menos \u00e1rvores, mais g\u00e1s carb\u00f4nico na atmosfera. [&hellip;]","og_url":"https:\/\/jornalfatosenoticias.com.br\/index.php\/2021\/01\/14\/arvores-serao-menos-longevas-fenomeno-impacta-estoques-de-co2\/","og_site_name":"Jornal Fatos e Not\u00edcias","article_published_time":"2021-01-14T22:04:21+00:00","article_modified_time":"2021-01-14T22:04:27+00:00","og_image":[{"width":1000,"height":525,"url":"https:\/\/jornalfatosenoticias.com.br\/wp-content\/uploads\/2021\/01\/arvores-crescimento-.jpg","type":"image\/jpeg"}],"author":"Luzimara Fernandes","twitter_card":"summary_large_image","twitter_misc":{"Escrito por":"Luzimara Fernandes","Est. tempo de leitura":"4 minutos"},"schema":{"@context":"https:\/\/schema.org","@graph":[{"@type":"Article","@id":"https:\/\/jornalfatosenoticias.com.br\/index.php\/2021\/01\/14\/arvores-serao-menos-longevas-fenomeno-impacta-estoques-de-co2\/#article","isPartOf":{"@id":"https:\/\/jornalfatosenoticias.com.br\/index.php\/2021\/01\/14\/arvores-serao-menos-longevas-fenomeno-impacta-estoques-de-co2\/"},"author":{"name":"Luzimara Fernandes","@id":"https:\/\/jornalfatosenoticias.com.br\/#\/schema\/person\/d63837fa13ac8666eb9e74e0985d6f81"},"headline":"\u00c1rvores ser\u00e3o menos longevas: fen\u00f4meno impacta estoques de CO2","datePublished":"2021-01-14T22:04:21+00:00","dateModified":"2021-01-14T22:04:27+00:00","mainEntityOfPage":{"@id":"https:\/\/jornalfatosenoticias.com.br\/index.php\/2021\/01\/14\/arvores-serao-menos-longevas-fenomeno-impacta-estoques-de-co2\/"},"wordCount":897,"commentCount":0,"publisher":{"@id":"https:\/\/jornalfatosenoticias.com.br\/#organization"},"image":{"@id":"https:\/\/jornalfatosenoticias.com.br\/index.php\/2021\/01\/14\/arvores-serao-menos-longevas-fenomeno-impacta-estoques-de-co2\/#primaryimage"},"thumbnailUrl":"https:\/\/jornalfatosenoticias.com.br\/wp-content\/uploads\/2021\/01\/arvores-crescimento-.jpg","keywords":["\u00e1rvores","CO2","florestas","g\u00e1s carb\u00f4nico","planeta"],"articleSection":["Meio ambiente"],"inLanguage":"pt-BR","potentialAction":[{"@type":"CommentAction","name":"Comment","target":["https:\/\/jornalfatosenoticias.com.br\/index.php\/2021\/01\/14\/arvores-serao-menos-longevas-fenomeno-impacta-estoques-de-co2\/#respond"]}]},{"@type":"WebPage","@id":"https:\/\/jornalfatosenoticias.com.br\/index.php\/2021\/01\/14\/arvores-serao-menos-longevas-fenomeno-impacta-estoques-de-co2\/","url":"https:\/\/jornalfatosenoticias.com.br\/index.php\/2021\/01\/14\/arvores-serao-menos-longevas-fenomeno-impacta-estoques-de-co2\/","name":"\u00c1rvores ser\u00e3o menos longevas: fen\u00f4meno impacta estoques de CO2 - Jornal Fatos e Not\u00edcias","isPartOf":{"@id":"https:\/\/jornalfatosenoticias.com.br\/#website"},"primaryImageOfPage":{"@id":"https:\/\/jornalfatosenoticias.com.br\/index.php\/2021\/01\/14\/arvores-serao-menos-longevas-fenomeno-impacta-estoques-de-co2\/#primaryimage"},"image":{"@id":"https:\/\/jornalfatosenoticias.com.br\/index.php\/2021\/01\/14\/arvores-serao-menos-longevas-fenomeno-impacta-estoques-de-co2\/#primaryimage"},"thumbnailUrl":"https:\/\/jornalfatosenoticias.com.br\/wp-content\/uploads\/2021\/01\/arvores-crescimento-.jpg","datePublished":"2021-01-14T22:04:21+00:00","dateModified":"2021-01-14T22:04:27+00:00","breadcrumb":{"@id":"https:\/\/jornalfatosenoticias.com.br\/index.php\/2021\/01\/14\/arvores-serao-menos-longevas-fenomeno-impacta-estoques-de-co2\/#breadcrumb"},"inLanguage":"pt-BR","potentialAction":[{"@type":"ReadAction","target":["https:\/\/jornalfatosenoticias.com.br\/index.php\/2021\/01\/14\/arvores-serao-menos-longevas-fenomeno-impacta-estoques-de-co2\/"]}]},{"@type":"ImageObject","inLanguage":"pt-BR","@id":"https:\/\/jornalfatosenoticias.com.br\/index.php\/2021\/01\/14\/arvores-serao-menos-longevas-fenomeno-impacta-estoques-de-co2\/#primaryimage","url":"https:\/\/jornalfatosenoticias.com.br\/wp-content\/uploads\/2021\/01\/arvores-crescimento-.jpg","contentUrl":"https:\/\/jornalfatosenoticias.com.br\/wp-content\/uploads\/2021\/01\/arvores-crescimento-.jpg","width":1000,"height":525},{"@type":"BreadcrumbList","@id":"https:\/\/jornalfatosenoticias.com.br\/index.php\/2021\/01\/14\/arvores-serao-menos-longevas-fenomeno-impacta-estoques-de-co2\/#breadcrumb","itemListElement":[{"@type":"ListItem","position":1,"name":"In\u00edcio","item":"https:\/\/jornalfatosenoticias.com.br\/"},{"@type":"ListItem","position":2,"name":"\u00c1rvores ser\u00e3o menos longevas: fen\u00f4meno impacta estoques de CO2"}]},{"@type":"WebSite","@id":"https:\/\/jornalfatosenoticias.com.br\/#website","url":"https:\/\/jornalfatosenoticias.com.br\/","name":"Jornal Fatos e Not\u00edcias","description":"Not\u00edcias em geral","publisher":{"@id":"https:\/\/jornalfatosenoticias.com.br\/#organization"},"potentialAction":[{"@type":"SearchAction","target":{"@type":"EntryPoint","urlTemplate":"https:\/\/jornalfatosenoticias.com.br\/?s={search_term_string}"},"query-input":{"@type":"PropertyValueSpecification","valueRequired":true,"valueName":"search_term_string"}}],"inLanguage":"pt-BR"},{"@type":"Organization","@id":"https:\/\/jornalfatosenoticias.com.br\/#organization","name":"Jornal Fatos e Not\u00edcias","url":"https:\/\/jornalfatosenoticias.com.br\/","logo":{"@type":"ImageObject","inLanguage":"pt-BR","@id":"https:\/\/jornalfatosenoticias.com.br\/#\/schema\/logo\/image\/","url":"https:\/\/jornalfatosenoticias.com.br\/wp-content\/uploads\/2020\/02\/logo120.png","contentUrl":"https:\/\/jornalfatosenoticias.com.br\/wp-content\/uploads\/2020\/02\/logo120.png","width":1227,"height":120,"caption":"Jornal Fatos e Not\u00edcias"},"image":{"@id":"https:\/\/jornalfatosenoticias.com.br\/#\/schema\/logo\/image\/"}},{"@type":"Person","@id":"https:\/\/jornalfatosenoticias.com.br\/#\/schema\/person\/d63837fa13ac8666eb9e74e0985d6f81","name":"Luzimara Fernandes","image":{"@type":"ImageObject","inLanguage":"pt-BR","@id":"https:\/\/jornalfatosenoticias.com.br\/#\/schema\/person\/image\/","url":"https:\/\/jornalfatosenoticias.com.br\/wp-content\/uploads\/2025\/05\/EU_portal.jpg","contentUrl":"https:\/\/jornalfatosenoticias.com.br\/wp-content\/uploads\/2025\/05\/EU_portal.jpg","caption":"Luzimara Fernandes"},"description":"Jornalista MTB 2358-ES","sameAs":["https:\/\/jornalfatosenoticias.com.br"],"url":"https:\/\/jornalfatosenoticias.com.br\/index.php\/author\/luzimara\/"}]}},"cc_featured_image_caption":{"caption_text":"(Cristiano Martins\/Fotos P\u00fablicas)","source_text":"","source_url":""},"jetpack_featured_media_url":"https:\/\/jornalfatosenoticias.com.br\/wp-content\/uploads\/2021\/01\/arvores-crescimento-.jpg","_links":{"self":[{"href":"https:\/\/jornalfatosenoticias.com.br\/index.php\/wp-json\/wp\/v2\/posts\/13477","targetHints":{"allow":["GET"]}}],"collection":[{"href":"https:\/\/jornalfatosenoticias.com.br\/index.php\/wp-json\/wp\/v2\/posts"}],"about":[{"href":"https:\/\/jornalfatosenoticias.com.br\/index.php\/wp-json\/wp\/v2\/types\/post"}],"author":[{"embeddable":true,"href":"https:\/\/jornalfatosenoticias.com.br\/index.php\/wp-json\/wp\/v2\/users\/2"}],"replies":[{"embeddable":true,"href":"https:\/\/jornalfatosenoticias.com.br\/index.php\/wp-json\/wp\/v2\/comments?post=13477"}],"version-history":[{"count":0,"href":"https:\/\/jornalfatosenoticias.com.br\/index.php\/wp-json\/wp\/v2\/posts\/13477\/revisions"}],"wp:featuredmedia":[{"embeddable":true,"href":"https:\/\/jornalfatosenoticias.com.br\/index.php\/wp-json\/wp\/v2\/media\/13478"}],"wp:attachment":[{"href":"https:\/\/jornalfatosenoticias.com.br\/index.php\/wp-json\/wp\/v2\/media?parent=13477"}],"wp:term":[{"taxonomy":"category","embeddable":true,"href":"https:\/\/jornalfatosenoticias.com.br\/index.php\/wp-json\/wp\/v2\/categories?post=13477"},{"taxonomy":"post_tag","embeddable":true,"href":"https:\/\/jornalfatosenoticias.com.br\/index.php\/wp-json\/wp\/v2\/tags?post=13477"}],"curies":[{"name":"wp","href":"https:\/\/api.w.org\/{rel}","templated":true}]}}