{"id":13481,"date":"2021-01-14T19:18:31","date_gmt":"2021-01-14T22:18:31","guid":{"rendered":"https:\/\/jornalfatosenoticias.com.br\/?p=13481"},"modified":"2021-01-14T19:18:33","modified_gmt":"2021-01-14T22:18:33","slug":"doze-filmes-de-animacao-para-assistir-com-as-criancas-nas-ferias","status":"publish","type":"post","link":"https:\/\/jornalfatosenoticias.com.br\/index.php\/2021\/01\/14\/doze-filmes-de-animacao-para-assistir-com-as-criancas-nas-ferias\/","title":{"rendered":"Doze filmes de anima\u00e7\u00e3o para assistir com as crian\u00e7as nas f\u00e9rias"},"content":{"rendered":"\n<h6 class=\"wp-block-heading\"><em>Produ\u00e7\u00f5es audiovisuais falam sobre natureza, sonhos, supera\u00e7\u00f5es, desafios e m\u00fasica em uma linguagem envolvente e acess\u00edvel para as crian\u00e7as<\/em><\/h6>\n\n\n\n<p>Est\u00e1 em busca de atividades para fazer com as crian\u00e7as nas f\u00e9rias? Para divertir e ainda explorar novos assuntos com os pequenos, as produ\u00e7\u00f5es audiovisuais podem ser boas alternativas neste per\u00edodo. Pensando nisso, fizemos uma sele\u00e7\u00e3o de 12 filmes de anima\u00e7\u00e3o que tratam de assuntos diversos, como a natureza, os sonhos, as supera\u00e7\u00f5es, desafios da vida e muita m\u00fasica. Os filmes est\u00e3o dispon\u00edveis nas plataformas Ciranda de Filmes, Tamandua.tv.br, Netflix e Looke. Clique sobre os t\u00edtulos para saber mais:<\/p>\n\n\n\n<p><strong><a href=\"https:\/\/cirandadefilmes.com.br\/cirandacirandinha\/atrapasuenos-verito-sonha-em-pascuales\/\" target=\"_blank\" rel=\"noreferrer noopener\"><strong>Atrapasue\u00f1os \u2013 Verito sonha em Pascuales<\/strong><\/a><\/strong><\/p>\n\n\n\n<figure class=\"wp-block-image size-large\"><img loading=\"lazy\" decoding=\"async\" width=\"1000\" height=\"453\" src=\"https:\/\/jornalfatosenoticias.com.br\/wp-content\/uploads\/2021\/01\/filmes-criancas_01.jpg\" alt=\"\" class=\"wp-image-13482\" srcset=\"https:\/\/jornalfatosenoticias.com.br\/wp-content\/uploads\/2021\/01\/filmes-criancas_01.jpg 1000w, https:\/\/jornalfatosenoticias.com.br\/wp-content\/uploads\/2021\/01\/filmes-criancas_01-300x136.jpg 300w, https:\/\/jornalfatosenoticias.com.br\/wp-content\/uploads\/2021\/01\/filmes-criancas_01-768x348.jpg 768w\" sizes=\"auto, (max-width: 1000px) 100vw, 1000px\" \/><figcaption><em>(Foto: Reprodu\u00e7\u00e3o)<\/em><\/figcaption><\/figure>\n\n\n\n<p>Vencedor do Festival comKids Prix Jeunesse Iberoamericano 2017, o curta mostra o mundo m\u00e1gico das crian\u00e7as, seu contexto e a diversidade \u00e9tnica e cultural do Pa\u00eds. Toda a hist\u00f3ria se passa na Amaz\u00f4nia, onde o menino ind\u00edgena sonha com a magia da cosmovis\u00e3o andina, lagartos, animais selvagens e le\u00f5es.<\/p>\n\n\n\n<p><strong><a href=\"https:\/\/cirandadefilmes.com.br\/cirandacirandinha\/anina\/\" target=\"_blank\" rel=\"noreferrer noopener\"><strong>Anina<\/strong><\/a><\/strong><\/p>\n\n\n\n<figure class=\"wp-block-image size-large\"><img loading=\"lazy\" decoding=\"async\" width=\"1000\" height=\"453\" src=\"https:\/\/jornalfatosenoticias.com.br\/wp-content\/uploads\/2021\/01\/filmes-criancas_02.jpg\" alt=\"\" class=\"wp-image-13483\" srcset=\"https:\/\/jornalfatosenoticias.com.br\/wp-content\/uploads\/2021\/01\/filmes-criancas_02.jpg 1000w, https:\/\/jornalfatosenoticias.com.br\/wp-content\/uploads\/2021\/01\/filmes-criancas_02-300x136.jpg 300w, https:\/\/jornalfatosenoticias.com.br\/wp-content\/uploads\/2021\/01\/filmes-criancas_02-768x348.jpg 768w\" sizes=\"auto, (max-width: 1000px) 100vw, 1000px\" \/><figcaption><em>(Foto: Reprodu\u00e7\u00e3o)<\/em><\/figcaption><\/figure>\n\n\n\n<p>Anina Yatay Salas \u00e9 uma menina de 10 anos que sofre com risadas e brincadeiras de mau gosto de alguns colegas. Em uma dessas provoca\u00e7\u00f5es, ela se envolve em uma briga e seus pais s\u00e3o chamados para uma reuni\u00e3o na escola.<\/p>\n\n\n\n<p><strong><a href=\"https:\/\/cirandadefilmes.com.br\/cirandacirandinha\/a-tartaruga-vermelha\/\" target=\"_blank\" rel=\"noreferrer noopener\"><strong>A tartaruga vermelha<\/strong><\/a><\/strong><\/p>\n\n\n\n<figure class=\"wp-block-image size-large\"><img loading=\"lazy\" decoding=\"async\" width=\"1000\" height=\"453\" src=\"https:\/\/jornalfatosenoticias.com.br\/wp-content\/uploads\/2021\/01\/filmes-criancas_03.jpg\" alt=\"\" class=\"wp-image-13484\" srcset=\"https:\/\/jornalfatosenoticias.com.br\/wp-content\/uploads\/2021\/01\/filmes-criancas_03.jpg 1000w, https:\/\/jornalfatosenoticias.com.br\/wp-content\/uploads\/2021\/01\/filmes-criancas_03-300x136.jpg 300w, https:\/\/jornalfatosenoticias.com.br\/wp-content\/uploads\/2021\/01\/filmes-criancas_03-768x348.jpg 768w\" sizes=\"auto, (max-width: 1000px) 100vw, 1000px\" \/><figcaption><em>(Foto: Reprodu\u00e7\u00e3o)<\/em><\/figcaption><\/figure>\n\n\n\n<p>O filme conta a hist\u00f3ria de um homem perdido em uma ilha que luta por sobreviv\u00eancia. No entanto, o seu encontro com uma tartaruga gigante traz novas perspectivas.<\/p>\n\n\n\n<p><strong><a href=\"https:\/\/cirandadefilmes.com.br\/cirandacirandinha\/nature\/\" target=\"_blank\" rel=\"noreferrer noopener\"><strong>Natureza<\/strong><\/a><\/strong><\/p>\n\n\n\n<figure class=\"wp-block-image size-large\"><img loading=\"lazy\" decoding=\"async\" width=\"1000\" height=\"453\" src=\"https:\/\/jornalfatosenoticias.com.br\/wp-content\/uploads\/2021\/01\/filmes-criancas_04.jpg\" alt=\"\" class=\"wp-image-13485\" srcset=\"https:\/\/jornalfatosenoticias.com.br\/wp-content\/uploads\/2021\/01\/filmes-criancas_04.jpg 1000w, https:\/\/jornalfatosenoticias.com.br\/wp-content\/uploads\/2021\/01\/filmes-criancas_04-300x136.jpg 300w, https:\/\/jornalfatosenoticias.com.br\/wp-content\/uploads\/2021\/01\/filmes-criancas_04-768x348.jpg 768w\" sizes=\"auto, (max-width: 1000px) 100vw, 1000px\" \/><figcaption><em>(Foto: Reprodu\u00e7\u00e3o)<\/em><\/figcaption><\/figure>\n\n\n\n<p>Produzida na Fran\u00e7a, a anima\u00e7\u00e3o mostra como os habitantes da floresta vivem e se comportam na aus\u00eancia dos seres humanos.<\/p>\n\n\n\n<p><strong><strong><a href=\"https:\/\/tamandua.tv.br\/busca\/?termo=%22Dia%20estrelado%22\" target=\"_blank\" rel=\"noreferrer noopener\">Dia estrelado<\/a><\/strong><\/strong><\/p>\n\n\n\n<figure class=\"wp-block-image size-large\"><img loading=\"lazy\" decoding=\"async\" width=\"1000\" height=\"453\" src=\"https:\/\/jornalfatosenoticias.com.br\/wp-content\/uploads\/2021\/01\/filmes-criancas_05.jpg\" alt=\"\" class=\"wp-image-13486\" srcset=\"https:\/\/jornalfatosenoticias.com.br\/wp-content\/uploads\/2021\/01\/filmes-criancas_05.jpg 1000w, https:\/\/jornalfatosenoticias.com.br\/wp-content\/uploads\/2021\/01\/filmes-criancas_05-300x136.jpg 300w, https:\/\/jornalfatosenoticias.com.br\/wp-content\/uploads\/2021\/01\/filmes-criancas_05-768x348.jpg 768w\" sizes=\"auto, (max-width: 1000px) 100vw, 1000px\" \/><figcaption><em>(Foto: Reprodu\u00e7\u00e3o)<\/em><\/figcaption><\/figure>\n\n\n\n<p>O filme fala sobre um menino e sua fam\u00edlia que lutam pela sobreviv\u00eancia em um lugar in\u00f3spito.<\/p>\n\n\n\n<p><strong><a href=\"https:\/\/tamandua.tv.br\/busca\/?termo=%22O%20c%C3%A9u%20no%20andar%20de%20baixo%22\" target=\"_blank\" rel=\"noreferrer noopener\"><strong>O c\u00e9u no andar de baixo<\/strong><\/a><\/strong><\/p>\n\n\n\n<figure class=\"wp-block-image size-large\"><img loading=\"lazy\" decoding=\"async\" width=\"1000\" height=\"453\" src=\"https:\/\/jornalfatosenoticias.com.br\/wp-content\/uploads\/2021\/01\/filmes-criancas_06.jpg\" alt=\"\" class=\"wp-image-13488\" srcset=\"https:\/\/jornalfatosenoticias.com.br\/wp-content\/uploads\/2021\/01\/filmes-criancas_06.jpg 1000w, https:\/\/jornalfatosenoticias.com.br\/wp-content\/uploads\/2021\/01\/filmes-criancas_06-300x136.jpg 300w, https:\/\/jornalfatosenoticias.com.br\/wp-content\/uploads\/2021\/01\/filmes-criancas_06-768x348.jpg 768w\" sizes=\"auto, (max-width: 1000px) 100vw, 1000px\" \/><figcaption><em>(Foto: Reprodu\u00e7\u00e3o)<\/em><\/figcaption><\/figure>\n\n\n\n<p>Francisco \u00e9 um menino que faz fotografias do c\u00e9u desde os 12 anos de idade. No entanto, um dia algo diferente aconteceu e mudou sua rotina.<\/p>\n\n\n\n<p><strong><a href=\"https:\/\/www.netflix.com\/br-en\/title\/80183187?source=35\" target=\"_blank\" rel=\"noreferrer noopener\"><strong>Klaus<\/strong><\/a><\/strong><\/p>\n\n\n\n<figure class=\"wp-block-image size-large\"><img loading=\"lazy\" decoding=\"async\" width=\"1000\" height=\"453\" src=\"https:\/\/jornalfatosenoticias.com.br\/wp-content\/uploads\/2021\/01\/filmes-criancas_07.jpg\" alt=\"\" class=\"wp-image-13489\" srcset=\"https:\/\/jornalfatosenoticias.com.br\/wp-content\/uploads\/2021\/01\/filmes-criancas_07.jpg 1000w, https:\/\/jornalfatosenoticias.com.br\/wp-content\/uploads\/2021\/01\/filmes-criancas_07-300x136.jpg 300w, https:\/\/jornalfatosenoticias.com.br\/wp-content\/uploads\/2021\/01\/filmes-criancas_07-768x348.jpg 768w\" sizes=\"auto, (max-width: 1000px) 100vw, 1000px\" \/><figcaption><em>(Foto: Reprodu\u00e7\u00e3o)<\/em><\/figcaption><\/figure>\n\n\n\n<p>O longa-metragem de anima\u00e7\u00e3o conta a hist\u00f3ria da amizade improv\u00e1vel entre um carteiro ego\u00edsta e um fabricante de brinquedos recluso. Juntos eles levam alegria para uma cidade fria e escura.<\/p>\n\n\n\n<p><strong><a href=\"https:\/\/www.netflix.com\/br-en\/title\/80166318?source=35\" target=\"_blank\" rel=\"noreferrer noopener\"><strong>A Bailarina<\/strong><\/a><\/strong><\/p>\n\n\n\n<figure class=\"wp-block-image size-large\"><img loading=\"lazy\" decoding=\"async\" width=\"1000\" height=\"453\" src=\"https:\/\/jornalfatosenoticias.com.br\/wp-content\/uploads\/2021\/01\/filmes-criancas_08.jpg\" alt=\"\" class=\"wp-image-13490\" srcset=\"https:\/\/jornalfatosenoticias.com.br\/wp-content\/uploads\/2021\/01\/filmes-criancas_08.jpg 1000w, https:\/\/jornalfatosenoticias.com.br\/wp-content\/uploads\/2021\/01\/filmes-criancas_08-300x136.jpg 300w, https:\/\/jornalfatosenoticias.com.br\/wp-content\/uploads\/2021\/01\/filmes-criancas_08-768x348.jpg 768w\" sizes=\"auto, (max-width: 1000px) 100vw, 1000px\" \/><figcaption><em>(Foto: Reprodu\u00e7\u00e3o)<\/em><\/figcaption><\/figure>\n\n\n\n<p>Com hist\u00f3ria que se passa na Fran\u00e7a de 1880, a anima\u00e7\u00e3o conta a hist\u00f3ria de F\u00e9licie e Victor, dois jovens amigos que fogem de um orfanato para perseguir seus sonhos na dan\u00e7a em Paris.<\/p>\n\n\n\n<p><strong><a href=\"https:\/\/www.looke.com.br\/filmes\/as-aventuras-de-ami\" target=\"_blank\" rel=\"noreferrer noopener\"><strong>As Aventuras de Am\u00ed<\/strong><\/a><\/strong><\/p>\n\n\n\n<figure class=\"wp-block-image size-large\"><img loading=\"lazy\" decoding=\"async\" width=\"1000\" height=\"453\" src=\"https:\/\/jornalfatosenoticias.com.br\/wp-content\/uploads\/2021\/01\/filmes-criancas_09.jpg\" alt=\"\" class=\"wp-image-13491\" srcset=\"https:\/\/jornalfatosenoticias.com.br\/wp-content\/uploads\/2021\/01\/filmes-criancas_09.jpg 1000w, https:\/\/jornalfatosenoticias.com.br\/wp-content\/uploads\/2021\/01\/filmes-criancas_09-300x136.jpg 300w, https:\/\/jornalfatosenoticias.com.br\/wp-content\/uploads\/2021\/01\/filmes-criancas_09-768x348.jpg 768w\" sizes=\"auto, (max-width: 1000px) 100vw, 1000px\" \/><figcaption><em>(Foto: Reprodu\u00e7\u00e3o)<\/em><\/figcaption><\/figure>\n\n\n\n<p>A anima\u00e7\u00e3o de oito epis\u00f3dios conta a hist\u00f3ria da pequena Am\u00ed, que se v\u00ea diante do dilema de querer brincar, mas ter que assumir algumas responsabilidades t\u00edpicas de sua idade, como tomar banho, escovar os dentes e arrumar o quarto.<\/p>\n\n\n\n<p><strong><a href=\"https:\/\/www.looke.com.br\/filmes\/dreamsheep\" target=\"_blank\" rel=\"noreferrer noopener\"><strong>Dreamsheep<\/strong><\/a><\/strong><\/p>\n\n\n\n<figure class=\"wp-block-image size-large\"><img loading=\"lazy\" decoding=\"async\" width=\"1000\" height=\"453\" src=\"https:\/\/jornalfatosenoticias.com.br\/wp-content\/uploads\/2021\/01\/filmes-criancas_10.jpg\" alt=\"\" class=\"wp-image-13492\" srcset=\"https:\/\/jornalfatosenoticias.com.br\/wp-content\/uploads\/2021\/01\/filmes-criancas_10.jpg 1000w, https:\/\/jornalfatosenoticias.com.br\/wp-content\/uploads\/2021\/01\/filmes-criancas_10-300x136.jpg 300w, https:\/\/jornalfatosenoticias.com.br\/wp-content\/uploads\/2021\/01\/filmes-criancas_10-768x348.jpg 768w\" sizes=\"auto, (max-width: 1000px) 100vw, 1000px\" \/><figcaption><em>(Foto: Reprodu\u00e7\u00e3o)<\/em><\/figcaption><\/figure>\n\n\n\n<p>Produzido na Col\u00f4mbia, o curta retrata as aventuras de Emma, uma menina de seis anos, que acorda com a surpresa de que uma ovelha escapou dos seus sonhos para pular na sua cama.<\/p>\n\n\n\n<p><strong><a href=\"https:\/\/www.looke.com.br\/filmes\/historietas-assombradas-para-criancas-malcriadas\" target=\"_blank\" rel=\"noreferrer noopener\"><strong>Historietas Assombradas \u2013 Para crian\u00e7as Malcriadas<\/strong><\/a><\/strong><\/p>\n\n\n\n<figure class=\"wp-block-image size-large\"><img loading=\"lazy\" decoding=\"async\" width=\"1000\" height=\"453\" src=\"https:\/\/jornalfatosenoticias.com.br\/wp-content\/uploads\/2021\/01\/filmes-criancas_11.jpg\" alt=\"\" class=\"wp-image-13493\" srcset=\"https:\/\/jornalfatosenoticias.com.br\/wp-content\/uploads\/2021\/01\/filmes-criancas_11.jpg 1000w, https:\/\/jornalfatosenoticias.com.br\/wp-content\/uploads\/2021\/01\/filmes-criancas_11-300x136.jpg 300w, https:\/\/jornalfatosenoticias.com.br\/wp-content\/uploads\/2021\/01\/filmes-criancas_11-768x348.jpg 768w\" sizes=\"auto, (max-width: 1000px) 100vw, 1000px\" \/><figcaption><em>(Foto: Reprodu\u00e7\u00e3o)<\/em><\/figcaption><\/figure>\n\n\n\n<p>Na anima\u00e7\u00e3o, uma av\u00f3 conta hist\u00f3rias um tanto quanto assombradas para sua netinha malcriada que n\u00e3o quer dormir.<\/p>\n\n\n\n<p><strong><a href=\"https:\/\/www.looke.com.br\/filmes\/alma-carioca-um-choro-de-menino\" target=\"_blank\" rel=\"noreferrer noopener\"><strong>Alma Carioca \u2013 Um Choro de Menino<\/strong><\/a><\/strong><\/p>\n\n\n\n<figure class=\"wp-block-image size-large\"><img loading=\"lazy\" decoding=\"async\" width=\"1000\" height=\"453\" src=\"https:\/\/jornalfatosenoticias.com.br\/wp-content\/uploads\/2021\/01\/filmes-criancas_12.jpg\" alt=\"\" class=\"wp-image-13494\" srcset=\"https:\/\/jornalfatosenoticias.com.br\/wp-content\/uploads\/2021\/01\/filmes-criancas_12.jpg 1000w, https:\/\/jornalfatosenoticias.com.br\/wp-content\/uploads\/2021\/01\/filmes-criancas_12-300x136.jpg 300w, https:\/\/jornalfatosenoticias.com.br\/wp-content\/uploads\/2021\/01\/filmes-criancas_12-768x348.jpg 768w\" sizes=\"auto, (max-width: 1000px) 100vw, 1000px\" \/><figcaption><em>(Foto: Reprodu\u00e7\u00e3o)<\/em><\/figcaption><\/figure>\n\n\n\n<p>Com muita m\u00fasica, a anima\u00e7\u00e3o mostra as descobertas de um menino que vive na zona portu\u00e1ria do Rio de Janeiro da d\u00e9cada de 1920 e testemunha o surgimento do choro entre grandes mestres pioneiros desse estilo.<\/p>\n\n\n\n<p><strong><em>Fonte: <a href=\"https:\/\/porvir.org\/12-filmes-de-animacao-para-assistir-com-as-criancas-nas-ferias\/\">Porvir<\/a><\/em><\/strong><\/p>\n","protected":false},"excerpt":{"rendered":"<p>Produ\u00e7\u00f5es audiovisuais falam sobre natureza, sonhos, supera\u00e7\u00f5es, desafios e m\u00fasica em uma linguagem envolvente e acess\u00edvel para as crian\u00e7as Est\u00e1 em busca de atividades para fazer com as crian\u00e7as nas f\u00e9rias? Para divertir e ainda explorar novos assuntos com os pequenos, as produ\u00e7\u00f5es audiovisuais podem ser boas alternativas neste per\u00edodo. Pensando nisso, fizemos uma sele\u00e7\u00e3o [&hellip;]<\/p>\n","protected":false},"author":2,"featured_media":13495,"comment_status":"open","ping_status":"open","sticky":false,"template":"","format":"standard","meta":{"footnotes":""},"categories":[4],"tags":[4745,6959,428,2507],"class_list":["post-13481","post","type-post","status-publish","format-standard","has-post-thumbnail","hentry","category-cultura","tag-animacoes","tag-animacoes-infantis","tag-cinema","tag-filmes"],"yoast_head":"<!-- This site is optimized with the Yoast SEO plugin v26.5 - https:\/\/yoast.com\/wordpress\/plugins\/seo\/ -->\n<title>Doze filmes de anima\u00e7\u00e3o para assistir com as crian\u00e7as nas f\u00e9rias - Jornal Fatos e Not\u00edcias<\/title>\n<meta name=\"robots\" content=\"index, follow, max-snippet:-1, max-image-preview:large, max-video-preview:-1\" \/>\n<link rel=\"canonical\" href=\"https:\/\/jornalfatosenoticias.com.br\/index.php\/2021\/01\/14\/doze-filmes-de-animacao-para-assistir-com-as-criancas-nas-ferias\/\" \/>\n<meta property=\"og:locale\" content=\"pt_BR\" \/>\n<meta property=\"og:type\" content=\"article\" \/>\n<meta property=\"og:title\" content=\"Doze filmes de anima\u00e7\u00e3o para assistir com as crian\u00e7as nas f\u00e9rias - Jornal Fatos e Not\u00edcias\" \/>\n<meta property=\"og:description\" content=\"Produ\u00e7\u00f5es audiovisuais falam sobre natureza, sonhos, supera\u00e7\u00f5es, desafios e m\u00fasica em uma linguagem envolvente e acess\u00edvel para as crian\u00e7as Est\u00e1 em busca de atividades para fazer com as crian\u00e7as nas f\u00e9rias? Para divertir e ainda explorar novos assuntos com os pequenos, as produ\u00e7\u00f5es audiovisuais podem ser boas alternativas neste per\u00edodo. Pensando nisso, fizemos uma sele\u00e7\u00e3o [&hellip;]\" \/>\n<meta property=\"og:url\" content=\"https:\/\/jornalfatosenoticias.com.br\/index.php\/2021\/01\/14\/doze-filmes-de-animacao-para-assistir-com-as-criancas-nas-ferias\/\" \/>\n<meta property=\"og:site_name\" content=\"Jornal Fatos e Not\u00edcias\" \/>\n<meta property=\"article:published_time\" content=\"2021-01-14T22:18:31+00:00\" \/>\n<meta property=\"article:modified_time\" content=\"2021-01-14T22:18:33+00:00\" \/>\n<meta property=\"og:image\" content=\"https:\/\/jornalfatosenoticias.com.br\/wp-content\/uploads\/2021\/01\/filmes-criancas.jpg\" \/>\n\t<meta property=\"og:image:width\" content=\"1000\" \/>\n\t<meta property=\"og:image:height\" content=\"688\" \/>\n\t<meta property=\"og:image:type\" content=\"image\/jpeg\" \/>\n<meta name=\"author\" content=\"Luzimara Fernandes\" \/>\n<meta name=\"twitter:card\" content=\"summary_large_image\" \/>\n<meta name=\"twitter:label1\" content=\"Escrito por\" \/>\n\t<meta name=\"twitter:data1\" content=\"Luzimara Fernandes\" \/>\n\t<meta name=\"twitter:label2\" content=\"Est. tempo de leitura\" \/>\n\t<meta name=\"twitter:data2\" content=\"3 minutos\" \/>\n<script type=\"application\/ld+json\" class=\"yoast-schema-graph\">{\"@context\":\"https:\/\/schema.org\",\"@graph\":[{\"@type\":\"Article\",\"@id\":\"https:\/\/jornalfatosenoticias.com.br\/index.php\/2021\/01\/14\/doze-filmes-de-animacao-para-assistir-com-as-criancas-nas-ferias\/#article\",\"isPartOf\":{\"@id\":\"https:\/\/jornalfatosenoticias.com.br\/index.php\/2021\/01\/14\/doze-filmes-de-animacao-para-assistir-com-as-criancas-nas-ferias\/\"},\"author\":{\"name\":\"Luzimara Fernandes\",\"@id\":\"https:\/\/jornalfatosenoticias.com.br\/#\/schema\/person\/d63837fa13ac8666eb9e74e0985d6f81\"},\"headline\":\"Doze filmes de anima\u00e7\u00e3o para assistir com as crian\u00e7as nas f\u00e9rias\",\"datePublished\":\"2021-01-14T22:18:31+00:00\",\"dateModified\":\"2021-01-14T22:18:33+00:00\",\"mainEntityOfPage\":{\"@id\":\"https:\/\/jornalfatosenoticias.com.br\/index.php\/2021\/01\/14\/doze-filmes-de-animacao-para-assistir-com-as-criancas-nas-ferias\/\"},\"wordCount\":614,\"commentCount\":0,\"publisher\":{\"@id\":\"https:\/\/jornalfatosenoticias.com.br\/#organization\"},\"image\":{\"@id\":\"https:\/\/jornalfatosenoticias.com.br\/index.php\/2021\/01\/14\/doze-filmes-de-animacao-para-assistir-com-as-criancas-nas-ferias\/#primaryimage\"},\"thumbnailUrl\":\"https:\/\/jornalfatosenoticias.com.br\/wp-content\/uploads\/2021\/01\/filmes-criancas.jpg\",\"keywords\":[\"anima\u00e7\u00f5es\",\"anima\u00e7\u00f5es infantis\",\"cinema\",\"filmes\"],\"articleSection\":[\"Cultura\"],\"inLanguage\":\"pt-BR\",\"potentialAction\":[{\"@type\":\"CommentAction\",\"name\":\"Comment\",\"target\":[\"https:\/\/jornalfatosenoticias.com.br\/index.php\/2021\/01\/14\/doze-filmes-de-animacao-para-assistir-com-as-criancas-nas-ferias\/#respond\"]}]},{\"@type\":\"WebPage\",\"@id\":\"https:\/\/jornalfatosenoticias.com.br\/index.php\/2021\/01\/14\/doze-filmes-de-animacao-para-assistir-com-as-criancas-nas-ferias\/\",\"url\":\"https:\/\/jornalfatosenoticias.com.br\/index.php\/2021\/01\/14\/doze-filmes-de-animacao-para-assistir-com-as-criancas-nas-ferias\/\",\"name\":\"Doze filmes de anima\u00e7\u00e3o para assistir com as crian\u00e7as nas f\u00e9rias - Jornal Fatos e Not\u00edcias\",\"isPartOf\":{\"@id\":\"https:\/\/jornalfatosenoticias.com.br\/#website\"},\"primaryImageOfPage\":{\"@id\":\"https:\/\/jornalfatosenoticias.com.br\/index.php\/2021\/01\/14\/doze-filmes-de-animacao-para-assistir-com-as-criancas-nas-ferias\/#primaryimage\"},\"image\":{\"@id\":\"https:\/\/jornalfatosenoticias.com.br\/index.php\/2021\/01\/14\/doze-filmes-de-animacao-para-assistir-com-as-criancas-nas-ferias\/#primaryimage\"},\"thumbnailUrl\":\"https:\/\/jornalfatosenoticias.com.br\/wp-content\/uploads\/2021\/01\/filmes-criancas.jpg\",\"datePublished\":\"2021-01-14T22:18:31+00:00\",\"dateModified\":\"2021-01-14T22:18:33+00:00\",\"breadcrumb\":{\"@id\":\"https:\/\/jornalfatosenoticias.com.br\/index.php\/2021\/01\/14\/doze-filmes-de-animacao-para-assistir-com-as-criancas-nas-ferias\/#breadcrumb\"},\"inLanguage\":\"pt-BR\",\"potentialAction\":[{\"@type\":\"ReadAction\",\"target\":[\"https:\/\/jornalfatosenoticias.com.br\/index.php\/2021\/01\/14\/doze-filmes-de-animacao-para-assistir-com-as-criancas-nas-ferias\/\"]}]},{\"@type\":\"ImageObject\",\"inLanguage\":\"pt-BR\",\"@id\":\"https:\/\/jornalfatosenoticias.com.br\/index.php\/2021\/01\/14\/doze-filmes-de-animacao-para-assistir-com-as-criancas-nas-ferias\/#primaryimage\",\"url\":\"https:\/\/jornalfatosenoticias.com.br\/wp-content\/uploads\/2021\/01\/filmes-criancas.jpg\",\"contentUrl\":\"https:\/\/jornalfatosenoticias.com.br\/wp-content\/uploads\/2021\/01\/filmes-criancas.jpg\",\"width\":1000,\"height\":688},{\"@type\":\"BreadcrumbList\",\"@id\":\"https:\/\/jornalfatosenoticias.com.br\/index.php\/2021\/01\/14\/doze-filmes-de-animacao-para-assistir-com-as-criancas-nas-ferias\/#breadcrumb\",\"itemListElement\":[{\"@type\":\"ListItem\",\"position\":1,\"name\":\"In\u00edcio\",\"item\":\"https:\/\/jornalfatosenoticias.com.br\/\"},{\"@type\":\"ListItem\",\"position\":2,\"name\":\"Doze filmes de anima\u00e7\u00e3o para assistir com as crian\u00e7as nas f\u00e9rias\"}]},{\"@type\":\"WebSite\",\"@id\":\"https:\/\/jornalfatosenoticias.com.br\/#website\",\"url\":\"https:\/\/jornalfatosenoticias.com.br\/\",\"name\":\"Jornal Fatos e Not\u00edcias\",\"description\":\"Not\u00edcias em geral\",\"publisher\":{\"@id\":\"https:\/\/jornalfatosenoticias.com.br\/#organization\"},\"potentialAction\":[{\"@type\":\"SearchAction\",\"target\":{\"@type\":\"EntryPoint\",\"urlTemplate\":\"https:\/\/jornalfatosenoticias.com.br\/?s={search_term_string}\"},\"query-input\":{\"@type\":\"PropertyValueSpecification\",\"valueRequired\":true,\"valueName\":\"search_term_string\"}}],\"inLanguage\":\"pt-BR\"},{\"@type\":\"Organization\",\"@id\":\"https:\/\/jornalfatosenoticias.com.br\/#organization\",\"name\":\"Jornal Fatos e Not\u00edcias\",\"url\":\"https:\/\/jornalfatosenoticias.com.br\/\",\"logo\":{\"@type\":\"ImageObject\",\"inLanguage\":\"pt-BR\",\"@id\":\"https:\/\/jornalfatosenoticias.com.br\/#\/schema\/logo\/image\/\",\"url\":\"https:\/\/jornalfatosenoticias.com.br\/wp-content\/uploads\/2020\/02\/logo120.png\",\"contentUrl\":\"https:\/\/jornalfatosenoticias.com.br\/wp-content\/uploads\/2020\/02\/logo120.png\",\"width\":1227,\"height\":120,\"caption\":\"Jornal Fatos e Not\u00edcias\"},\"image\":{\"@id\":\"https:\/\/jornalfatosenoticias.com.br\/#\/schema\/logo\/image\/\"}},{\"@type\":\"Person\",\"@id\":\"https:\/\/jornalfatosenoticias.com.br\/#\/schema\/person\/d63837fa13ac8666eb9e74e0985d6f81\",\"name\":\"Luzimara Fernandes\",\"image\":{\"@type\":\"ImageObject\",\"inLanguage\":\"pt-BR\",\"@id\":\"https:\/\/jornalfatosenoticias.com.br\/#\/schema\/person\/image\/\",\"url\":\"https:\/\/jornalfatosenoticias.com.br\/wp-content\/uploads\/2025\/05\/EU_portal.jpg\",\"contentUrl\":\"https:\/\/jornalfatosenoticias.com.br\/wp-content\/uploads\/2025\/05\/EU_portal.jpg\",\"caption\":\"Luzimara Fernandes\"},\"description\":\"Jornalista MTB 2358-ES\",\"sameAs\":[\"https:\/\/jornalfatosenoticias.com.br\"],\"url\":\"https:\/\/jornalfatosenoticias.com.br\/index.php\/author\/luzimara\/\"}]}<\/script>\n<!-- \/ Yoast SEO plugin. -->","yoast_head_json":{"title":"Doze filmes de anima\u00e7\u00e3o para assistir com as crian\u00e7as nas f\u00e9rias - Jornal Fatos e Not\u00edcias","robots":{"index":"index","follow":"follow","max-snippet":"max-snippet:-1","max-image-preview":"max-image-preview:large","max-video-preview":"max-video-preview:-1"},"canonical":"https:\/\/jornalfatosenoticias.com.br\/index.php\/2021\/01\/14\/doze-filmes-de-animacao-para-assistir-com-as-criancas-nas-ferias\/","og_locale":"pt_BR","og_type":"article","og_title":"Doze filmes de anima\u00e7\u00e3o para assistir com as crian\u00e7as nas f\u00e9rias - Jornal Fatos e Not\u00edcias","og_description":"Produ\u00e7\u00f5es audiovisuais falam sobre natureza, sonhos, supera\u00e7\u00f5es, desafios e m\u00fasica em uma linguagem envolvente e acess\u00edvel para as crian\u00e7as Est\u00e1 em busca de atividades para fazer com as crian\u00e7as nas f\u00e9rias? Para divertir e ainda explorar novos assuntos com os pequenos, as produ\u00e7\u00f5es audiovisuais podem ser boas alternativas neste per\u00edodo. Pensando nisso, fizemos uma sele\u00e7\u00e3o [&hellip;]","og_url":"https:\/\/jornalfatosenoticias.com.br\/index.php\/2021\/01\/14\/doze-filmes-de-animacao-para-assistir-com-as-criancas-nas-ferias\/","og_site_name":"Jornal Fatos e Not\u00edcias","article_published_time":"2021-01-14T22:18:31+00:00","article_modified_time":"2021-01-14T22:18:33+00:00","og_image":[{"width":1000,"height":688,"url":"https:\/\/jornalfatosenoticias.com.br\/wp-content\/uploads\/2021\/01\/filmes-criancas.jpg","type":"image\/jpeg"}],"author":"Luzimara Fernandes","twitter_card":"summary_large_image","twitter_misc":{"Escrito por":"Luzimara Fernandes","Est. tempo de leitura":"3 minutos"},"schema":{"@context":"https:\/\/schema.org","@graph":[{"@type":"Article","@id":"https:\/\/jornalfatosenoticias.com.br\/index.php\/2021\/01\/14\/doze-filmes-de-animacao-para-assistir-com-as-criancas-nas-ferias\/#article","isPartOf":{"@id":"https:\/\/jornalfatosenoticias.com.br\/index.php\/2021\/01\/14\/doze-filmes-de-animacao-para-assistir-com-as-criancas-nas-ferias\/"},"author":{"name":"Luzimara Fernandes","@id":"https:\/\/jornalfatosenoticias.com.br\/#\/schema\/person\/d63837fa13ac8666eb9e74e0985d6f81"},"headline":"Doze filmes de anima\u00e7\u00e3o para assistir com as crian\u00e7as nas f\u00e9rias","datePublished":"2021-01-14T22:18:31+00:00","dateModified":"2021-01-14T22:18:33+00:00","mainEntityOfPage":{"@id":"https:\/\/jornalfatosenoticias.com.br\/index.php\/2021\/01\/14\/doze-filmes-de-animacao-para-assistir-com-as-criancas-nas-ferias\/"},"wordCount":614,"commentCount":0,"publisher":{"@id":"https:\/\/jornalfatosenoticias.com.br\/#organization"},"image":{"@id":"https:\/\/jornalfatosenoticias.com.br\/index.php\/2021\/01\/14\/doze-filmes-de-animacao-para-assistir-com-as-criancas-nas-ferias\/#primaryimage"},"thumbnailUrl":"https:\/\/jornalfatosenoticias.com.br\/wp-content\/uploads\/2021\/01\/filmes-criancas.jpg","keywords":["anima\u00e7\u00f5es","anima\u00e7\u00f5es infantis","cinema","filmes"],"articleSection":["Cultura"],"inLanguage":"pt-BR","potentialAction":[{"@type":"CommentAction","name":"Comment","target":["https:\/\/jornalfatosenoticias.com.br\/index.php\/2021\/01\/14\/doze-filmes-de-animacao-para-assistir-com-as-criancas-nas-ferias\/#respond"]}]},{"@type":"WebPage","@id":"https:\/\/jornalfatosenoticias.com.br\/index.php\/2021\/01\/14\/doze-filmes-de-animacao-para-assistir-com-as-criancas-nas-ferias\/","url":"https:\/\/jornalfatosenoticias.com.br\/index.php\/2021\/01\/14\/doze-filmes-de-animacao-para-assistir-com-as-criancas-nas-ferias\/","name":"Doze filmes de anima\u00e7\u00e3o para assistir com as crian\u00e7as nas f\u00e9rias - Jornal Fatos e Not\u00edcias","isPartOf":{"@id":"https:\/\/jornalfatosenoticias.com.br\/#website"},"primaryImageOfPage":{"@id":"https:\/\/jornalfatosenoticias.com.br\/index.php\/2021\/01\/14\/doze-filmes-de-animacao-para-assistir-com-as-criancas-nas-ferias\/#primaryimage"},"image":{"@id":"https:\/\/jornalfatosenoticias.com.br\/index.php\/2021\/01\/14\/doze-filmes-de-animacao-para-assistir-com-as-criancas-nas-ferias\/#primaryimage"},"thumbnailUrl":"https:\/\/jornalfatosenoticias.com.br\/wp-content\/uploads\/2021\/01\/filmes-criancas.jpg","datePublished":"2021-01-14T22:18:31+00:00","dateModified":"2021-01-14T22:18:33+00:00","breadcrumb":{"@id":"https:\/\/jornalfatosenoticias.com.br\/index.php\/2021\/01\/14\/doze-filmes-de-animacao-para-assistir-com-as-criancas-nas-ferias\/#breadcrumb"},"inLanguage":"pt-BR","potentialAction":[{"@type":"ReadAction","target":["https:\/\/jornalfatosenoticias.com.br\/index.php\/2021\/01\/14\/doze-filmes-de-animacao-para-assistir-com-as-criancas-nas-ferias\/"]}]},{"@type":"ImageObject","inLanguage":"pt-BR","@id":"https:\/\/jornalfatosenoticias.com.br\/index.php\/2021\/01\/14\/doze-filmes-de-animacao-para-assistir-com-as-criancas-nas-ferias\/#primaryimage","url":"https:\/\/jornalfatosenoticias.com.br\/wp-content\/uploads\/2021\/01\/filmes-criancas.jpg","contentUrl":"https:\/\/jornalfatosenoticias.com.br\/wp-content\/uploads\/2021\/01\/filmes-criancas.jpg","width":1000,"height":688},{"@type":"BreadcrumbList","@id":"https:\/\/jornalfatosenoticias.com.br\/index.php\/2021\/01\/14\/doze-filmes-de-animacao-para-assistir-com-as-criancas-nas-ferias\/#breadcrumb","itemListElement":[{"@type":"ListItem","position":1,"name":"In\u00edcio","item":"https:\/\/jornalfatosenoticias.com.br\/"},{"@type":"ListItem","position":2,"name":"Doze filmes de anima\u00e7\u00e3o para assistir com as crian\u00e7as nas f\u00e9rias"}]},{"@type":"WebSite","@id":"https:\/\/jornalfatosenoticias.com.br\/#website","url":"https:\/\/jornalfatosenoticias.com.br\/","name":"Jornal Fatos e Not\u00edcias","description":"Not\u00edcias em geral","publisher":{"@id":"https:\/\/jornalfatosenoticias.com.br\/#organization"},"potentialAction":[{"@type":"SearchAction","target":{"@type":"EntryPoint","urlTemplate":"https:\/\/jornalfatosenoticias.com.br\/?s={search_term_string}"},"query-input":{"@type":"PropertyValueSpecification","valueRequired":true,"valueName":"search_term_string"}}],"inLanguage":"pt-BR"},{"@type":"Organization","@id":"https:\/\/jornalfatosenoticias.com.br\/#organization","name":"Jornal Fatos e Not\u00edcias","url":"https:\/\/jornalfatosenoticias.com.br\/","logo":{"@type":"ImageObject","inLanguage":"pt-BR","@id":"https:\/\/jornalfatosenoticias.com.br\/#\/schema\/logo\/image\/","url":"https:\/\/jornalfatosenoticias.com.br\/wp-content\/uploads\/2020\/02\/logo120.png","contentUrl":"https:\/\/jornalfatosenoticias.com.br\/wp-content\/uploads\/2020\/02\/logo120.png","width":1227,"height":120,"caption":"Jornal Fatos e Not\u00edcias"},"image":{"@id":"https:\/\/jornalfatosenoticias.com.br\/#\/schema\/logo\/image\/"}},{"@type":"Person","@id":"https:\/\/jornalfatosenoticias.com.br\/#\/schema\/person\/d63837fa13ac8666eb9e74e0985d6f81","name":"Luzimara Fernandes","image":{"@type":"ImageObject","inLanguage":"pt-BR","@id":"https:\/\/jornalfatosenoticias.com.br\/#\/schema\/person\/image\/","url":"https:\/\/jornalfatosenoticias.com.br\/wp-content\/uploads\/2025\/05\/EU_portal.jpg","contentUrl":"https:\/\/jornalfatosenoticias.com.br\/wp-content\/uploads\/2025\/05\/EU_portal.jpg","caption":"Luzimara Fernandes"},"description":"Jornalista MTB 2358-ES","sameAs":["https:\/\/jornalfatosenoticias.com.br"],"url":"https:\/\/jornalfatosenoticias.com.br\/index.php\/author\/luzimara\/"}]}},"cc_featured_image_caption":{"caption_text":"(Foto: Reprodu\u00e7\u00e3o) ","source_text":"","source_url":""},"jetpack_featured_media_url":"https:\/\/jornalfatosenoticias.com.br\/wp-content\/uploads\/2021\/01\/filmes-criancas.jpg","_links":{"self":[{"href":"https:\/\/jornalfatosenoticias.com.br\/index.php\/wp-json\/wp\/v2\/posts\/13481","targetHints":{"allow":["GET"]}}],"collection":[{"href":"https:\/\/jornalfatosenoticias.com.br\/index.php\/wp-json\/wp\/v2\/posts"}],"about":[{"href":"https:\/\/jornalfatosenoticias.com.br\/index.php\/wp-json\/wp\/v2\/types\/post"}],"author":[{"embeddable":true,"href":"https:\/\/jornalfatosenoticias.com.br\/index.php\/wp-json\/wp\/v2\/users\/2"}],"replies":[{"embeddable":true,"href":"https:\/\/jornalfatosenoticias.com.br\/index.php\/wp-json\/wp\/v2\/comments?post=13481"}],"version-history":[{"count":0,"href":"https:\/\/jornalfatosenoticias.com.br\/index.php\/wp-json\/wp\/v2\/posts\/13481\/revisions"}],"wp:featuredmedia":[{"embeddable":true,"href":"https:\/\/jornalfatosenoticias.com.br\/index.php\/wp-json\/wp\/v2\/media\/13495"}],"wp:attachment":[{"href":"https:\/\/jornalfatosenoticias.com.br\/index.php\/wp-json\/wp\/v2\/media?parent=13481"}],"wp:term":[{"taxonomy":"category","embeddable":true,"href":"https:\/\/jornalfatosenoticias.com.br\/index.php\/wp-json\/wp\/v2\/categories?post=13481"},{"taxonomy":"post_tag","embeddable":true,"href":"https:\/\/jornalfatosenoticias.com.br\/index.php\/wp-json\/wp\/v2\/tags?post=13481"}],"curies":[{"name":"wp","href":"https:\/\/api.w.org\/{rel}","templated":true}]}}