{"id":13512,"date":"2021-01-14T19:40:10","date_gmt":"2021-01-14T22:40:10","guid":{"rendered":"https:\/\/jornalfatosenoticias.com.br\/?p=13512"},"modified":"2021-01-14T19:40:14","modified_gmt":"2021-01-14T22:40:14","slug":"obras-da-av-abido-saadi-sairao-do-papel","status":"publish","type":"post","link":"https:\/\/jornalfatosenoticias.com.br\/index.php\/2021\/01\/14\/obras-da-av-abido-saadi-sairao-do-papel\/","title":{"rendered":"Obras da Av. Abido Saadi sair\u00e3o do papel"},"content":{"rendered":"\n<h6 class=\"wp-block-heading\"><em>&#8220;Enfim, chegou o grande dia. De todos os momentos e alegrias que vivi na vida p\u00fablica, este \u00e9, certamente, o mais importante da minha vida, do nosso mandato\u201d, desabafou o deputado estadual, Bruno Lamas<\/em><\/h6>\n\n\n\n<p>O governador Renato Casagrande (PSB-ES) fez quest\u00e3o de fazer um reconhecimento p\u00fablico ao deputado Bruno Lamas, do mesmo partido, durante a Ordem de Servi\u00e7o de reabilita\u00e7\u00e3o e reforma da avenida Abido Saadi, em Jacara\u00edpe, na Serra, na manh\u00e3 dessa quarta-feira (13). Na mesma solenidade, foi autorizado o in\u00edcio das obras de reforma da Escola Estadual de Ensino Fundamental e M\u00e9dio (EEEFM) Vila Nova de Colares e anunciada a publica\u00e7\u00e3o dos editais para reforma de outras duas unidades: a EEEFM Arlindo Ferreira Lopes e a EEEFM Professor Juraci Machado.<\/p>\n\n\n\n<blockquote class=\"wp-block-quote is-layout-flow wp-block-quote-is-layout-flow\"><p>\u201cComo morador, vereador, deputado, eu tinha vergonha de passar aqui. Era cobrado na peixaria, na farm\u00e1cia. E a\u00ed Bruno, e a nossa Abido Saadi, quando vai sair? Saiu! Foram 62 pronunciamentos na Assembleia\u201d, revelou.<\/p><\/blockquote>\n\n\n\n<p>\u201cVamos receber uma nova avenida, com nova drenagem, tr\u00e2nsito humanizado, nova ilumina\u00e7\u00e3o e pista duplicada. Aqui moram mais de 60 mil pessoas. Deputado n\u00e3o faz a obra, mas cobra, fiscaliza, faz emenda. Enfim, chegou o grande dia. De todos os momentos e alegrias que vivi na vida p\u00fablica, este \u00e9, certamente, o mais importante da minha vida, do nosso mandato\u201d, desabafou.<\/p>\n","protected":false},"excerpt":{"rendered":"<p>&#8220;Enfim, chegou o grande dia. De todos os momentos e alegrias que vivi na vida p\u00fablica, este \u00e9, certamente, o mais importante da minha vida, do nosso mandato\u201d, desabafou o deputado estadual, Bruno Lamas O governador Renato Casagrande (PSB-ES) fez quest\u00e3o de fazer um reconhecimento p\u00fablico ao deputado Bruno Lamas, do mesmo partido, durante a [&hellip;]<\/p>\n","protected":false},"author":2,"featured_media":13513,"comment_status":"open","ping_status":"open","sticky":false,"template":"","format":"standard","meta":{"footnotes":""},"categories":[5],"tags":[6969,1415,1310,6968],"class_list":["post-13512","post","type-post","status-publish","format-standard","has-post-thumbnail","hentry","category-geral","tag-bruno-lamas","tag-governo-do-es","tag-obras","tag-ordem-de-servico"],"yoast_head":"<!-- This site is optimized with the Yoast SEO plugin v26.5 - https:\/\/yoast.com\/wordpress\/plugins\/seo\/ -->\n<title>Obras da Av. Abido Saadi sair\u00e3o do papel - Jornal Fatos e Not\u00edcias<\/title>\n<meta name=\"robots\" content=\"index, follow, max-snippet:-1, max-image-preview:large, max-video-preview:-1\" \/>\n<link rel=\"canonical\" href=\"https:\/\/jornalfatosenoticias.com.br\/index.php\/2021\/01\/14\/obras-da-av-abido-saadi-sairao-do-papel\/\" \/>\n<meta property=\"og:locale\" content=\"pt_BR\" \/>\n<meta property=\"og:type\" content=\"article\" \/>\n<meta property=\"og:title\" content=\"Obras da Av. Abido Saadi sair\u00e3o do papel - Jornal Fatos e Not\u00edcias\" \/>\n<meta property=\"og:description\" content=\"&#8220;Enfim, chegou o grande dia. De todos os momentos e alegrias que vivi na vida p\u00fablica, este \u00e9, certamente, o mais importante da minha vida, do nosso mandato\u201d, desabafou o deputado estadual, Bruno Lamas O governador Renato Casagrande (PSB-ES) fez quest\u00e3o de fazer um reconhecimento p\u00fablico ao deputado Bruno Lamas, do mesmo partido, durante a [&hellip;]\" \/>\n<meta property=\"og:url\" content=\"https:\/\/jornalfatosenoticias.com.br\/index.php\/2021\/01\/14\/obras-da-av-abido-saadi-sairao-do-papel\/\" \/>\n<meta property=\"og:site_name\" content=\"Jornal Fatos e Not\u00edcias\" \/>\n<meta property=\"article:published_time\" content=\"2021-01-14T22:40:10+00:00\" \/>\n<meta property=\"article:modified_time\" content=\"2021-01-14T22:40:14+00:00\" \/>\n<meta property=\"og:image\" content=\"https:\/\/jornalfatosenoticias.com.br\/wp-content\/uploads\/2021\/01\/Bruno-Lamas-397.jpeg\" \/>\n\t<meta property=\"og:image:width\" content=\"960\" \/>\n\t<meta property=\"og:image:height\" content=\"719\" \/>\n\t<meta property=\"og:image:type\" content=\"image\/jpeg\" \/>\n<meta name=\"author\" content=\"Luzimara Fernandes\" \/>\n<meta name=\"twitter:card\" content=\"summary_large_image\" \/>\n<meta name=\"twitter:label1\" content=\"Escrito por\" \/>\n\t<meta name=\"twitter:data1\" content=\"Luzimara Fernandes\" \/>\n\t<meta name=\"twitter:label2\" content=\"Est. tempo de leitura\" \/>\n\t<meta name=\"twitter:data2\" content=\"1 minuto\" \/>\n<script type=\"application\/ld+json\" class=\"yoast-schema-graph\">{\"@context\":\"https:\/\/schema.org\",\"@graph\":[{\"@type\":\"Article\",\"@id\":\"https:\/\/jornalfatosenoticias.com.br\/index.php\/2021\/01\/14\/obras-da-av-abido-saadi-sairao-do-papel\/#article\",\"isPartOf\":{\"@id\":\"https:\/\/jornalfatosenoticias.com.br\/index.php\/2021\/01\/14\/obras-da-av-abido-saadi-sairao-do-papel\/\"},\"author\":{\"name\":\"Luzimara Fernandes\",\"@id\":\"https:\/\/jornalfatosenoticias.com.br\/#\/schema\/person\/d63837fa13ac8666eb9e74e0985d6f81\"},\"headline\":\"Obras da Av. Abido Saadi sair\u00e3o do papel\",\"datePublished\":\"2021-01-14T22:40:10+00:00\",\"dateModified\":\"2021-01-14T22:40:14+00:00\",\"mainEntityOfPage\":{\"@id\":\"https:\/\/jornalfatosenoticias.com.br\/index.php\/2021\/01\/14\/obras-da-av-abido-saadi-sairao-do-papel\/\"},\"wordCount\":235,\"commentCount\":0,\"publisher\":{\"@id\":\"https:\/\/jornalfatosenoticias.com.br\/#organization\"},\"image\":{\"@id\":\"https:\/\/jornalfatosenoticias.com.br\/index.php\/2021\/01\/14\/obras-da-av-abido-saadi-sairao-do-papel\/#primaryimage\"},\"thumbnailUrl\":\"https:\/\/jornalfatosenoticias.com.br\/wp-content\/uploads\/2021\/01\/Bruno-Lamas-397.jpeg\",\"keywords\":[\"Bruno Lamas\",\"Governo do ES\",\"obras\",\"Ordem de Servi\u00e7o\"],\"articleSection\":[\"Geral\"],\"inLanguage\":\"pt-BR\",\"potentialAction\":[{\"@type\":\"CommentAction\",\"name\":\"Comment\",\"target\":[\"https:\/\/jornalfatosenoticias.com.br\/index.php\/2021\/01\/14\/obras-da-av-abido-saadi-sairao-do-papel\/#respond\"]}]},{\"@type\":\"WebPage\",\"@id\":\"https:\/\/jornalfatosenoticias.com.br\/index.php\/2021\/01\/14\/obras-da-av-abido-saadi-sairao-do-papel\/\",\"url\":\"https:\/\/jornalfatosenoticias.com.br\/index.php\/2021\/01\/14\/obras-da-av-abido-saadi-sairao-do-papel\/\",\"name\":\"Obras da Av. Abido Saadi sair\u00e3o do papel - Jornal Fatos e Not\u00edcias\",\"isPartOf\":{\"@id\":\"https:\/\/jornalfatosenoticias.com.br\/#website\"},\"primaryImageOfPage\":{\"@id\":\"https:\/\/jornalfatosenoticias.com.br\/index.php\/2021\/01\/14\/obras-da-av-abido-saadi-sairao-do-papel\/#primaryimage\"},\"image\":{\"@id\":\"https:\/\/jornalfatosenoticias.com.br\/index.php\/2021\/01\/14\/obras-da-av-abido-saadi-sairao-do-papel\/#primaryimage\"},\"thumbnailUrl\":\"https:\/\/jornalfatosenoticias.com.br\/wp-content\/uploads\/2021\/01\/Bruno-Lamas-397.jpeg\",\"datePublished\":\"2021-01-14T22:40:10+00:00\",\"dateModified\":\"2021-01-14T22:40:14+00:00\",\"breadcrumb\":{\"@id\":\"https:\/\/jornalfatosenoticias.com.br\/index.php\/2021\/01\/14\/obras-da-av-abido-saadi-sairao-do-papel\/#breadcrumb\"},\"inLanguage\":\"pt-BR\",\"potentialAction\":[{\"@type\":\"ReadAction\",\"target\":[\"https:\/\/jornalfatosenoticias.com.br\/index.php\/2021\/01\/14\/obras-da-av-abido-saadi-sairao-do-papel\/\"]}]},{\"@type\":\"ImageObject\",\"inLanguage\":\"pt-BR\",\"@id\":\"https:\/\/jornalfatosenoticias.com.br\/index.php\/2021\/01\/14\/obras-da-av-abido-saadi-sairao-do-papel\/#primaryimage\",\"url\":\"https:\/\/jornalfatosenoticias.com.br\/wp-content\/uploads\/2021\/01\/Bruno-Lamas-397.jpeg\",\"contentUrl\":\"https:\/\/jornalfatosenoticias.com.br\/wp-content\/uploads\/2021\/01\/Bruno-Lamas-397.jpeg\",\"width\":960,\"height\":719},{\"@type\":\"BreadcrumbList\",\"@id\":\"https:\/\/jornalfatosenoticias.com.br\/index.php\/2021\/01\/14\/obras-da-av-abido-saadi-sairao-do-papel\/#breadcrumb\",\"itemListElement\":[{\"@type\":\"ListItem\",\"position\":1,\"name\":\"In\u00edcio\",\"item\":\"https:\/\/jornalfatosenoticias.com.br\/\"},{\"@type\":\"ListItem\",\"position\":2,\"name\":\"Obras da Av. Abido Saadi sair\u00e3o do papel\"}]},{\"@type\":\"WebSite\",\"@id\":\"https:\/\/jornalfatosenoticias.com.br\/#website\",\"url\":\"https:\/\/jornalfatosenoticias.com.br\/\",\"name\":\"Jornal Fatos e Not\u00edcias\",\"description\":\"Not\u00edcias em geral\",\"publisher\":{\"@id\":\"https:\/\/jornalfatosenoticias.com.br\/#organization\"},\"potentialAction\":[{\"@type\":\"SearchAction\",\"target\":{\"@type\":\"EntryPoint\",\"urlTemplate\":\"https:\/\/jornalfatosenoticias.com.br\/?s={search_term_string}\"},\"query-input\":{\"@type\":\"PropertyValueSpecification\",\"valueRequired\":true,\"valueName\":\"search_term_string\"}}],\"inLanguage\":\"pt-BR\"},{\"@type\":\"Organization\",\"@id\":\"https:\/\/jornalfatosenoticias.com.br\/#organization\",\"name\":\"Jornal Fatos e Not\u00edcias\",\"url\":\"https:\/\/jornalfatosenoticias.com.br\/\",\"logo\":{\"@type\":\"ImageObject\",\"inLanguage\":\"pt-BR\",\"@id\":\"https:\/\/jornalfatosenoticias.com.br\/#\/schema\/logo\/image\/\",\"url\":\"https:\/\/jornalfatosenoticias.com.br\/wp-content\/uploads\/2020\/02\/logo120.png\",\"contentUrl\":\"https:\/\/jornalfatosenoticias.com.br\/wp-content\/uploads\/2020\/02\/logo120.png\",\"width\":1227,\"height\":120,\"caption\":\"Jornal Fatos e Not\u00edcias\"},\"image\":{\"@id\":\"https:\/\/jornalfatosenoticias.com.br\/#\/schema\/logo\/image\/\"}},{\"@type\":\"Person\",\"@id\":\"https:\/\/jornalfatosenoticias.com.br\/#\/schema\/person\/d63837fa13ac8666eb9e74e0985d6f81\",\"name\":\"Luzimara Fernandes\",\"image\":{\"@type\":\"ImageObject\",\"inLanguage\":\"pt-BR\",\"@id\":\"https:\/\/jornalfatosenoticias.com.br\/#\/schema\/person\/image\/\",\"url\":\"https:\/\/jornalfatosenoticias.com.br\/wp-content\/uploads\/2025\/05\/EU_portal.jpg\",\"contentUrl\":\"https:\/\/jornalfatosenoticias.com.br\/wp-content\/uploads\/2025\/05\/EU_portal.jpg\",\"caption\":\"Luzimara Fernandes\"},\"description\":\"Jornalista MTB 2358-ES\",\"sameAs\":[\"https:\/\/jornalfatosenoticias.com.br\"],\"url\":\"https:\/\/jornalfatosenoticias.com.br\/index.php\/author\/luzimara\/\"}]}<\/script>\n<!-- \/ Yoast SEO plugin. -->","yoast_head_json":{"title":"Obras da Av. Abido Saadi sair\u00e3o do papel - Jornal Fatos e Not\u00edcias","robots":{"index":"index","follow":"follow","max-snippet":"max-snippet:-1","max-image-preview":"max-image-preview:large","max-video-preview":"max-video-preview:-1"},"canonical":"https:\/\/jornalfatosenoticias.com.br\/index.php\/2021\/01\/14\/obras-da-av-abido-saadi-sairao-do-papel\/","og_locale":"pt_BR","og_type":"article","og_title":"Obras da Av. Abido Saadi sair\u00e3o do papel - Jornal Fatos e Not\u00edcias","og_description":"&#8220;Enfim, chegou o grande dia. De todos os momentos e alegrias que vivi na vida p\u00fablica, este \u00e9, certamente, o mais importante da minha vida, do nosso mandato\u201d, desabafou o deputado estadual, Bruno Lamas O governador Renato Casagrande (PSB-ES) fez quest\u00e3o de fazer um reconhecimento p\u00fablico ao deputado Bruno Lamas, do mesmo partido, durante a [&hellip;]","og_url":"https:\/\/jornalfatosenoticias.com.br\/index.php\/2021\/01\/14\/obras-da-av-abido-saadi-sairao-do-papel\/","og_site_name":"Jornal Fatos e Not\u00edcias","article_published_time":"2021-01-14T22:40:10+00:00","article_modified_time":"2021-01-14T22:40:14+00:00","og_image":[{"width":960,"height":719,"url":"https:\/\/jornalfatosenoticias.com.br\/wp-content\/uploads\/2021\/01\/Bruno-Lamas-397.jpeg","type":"image\/jpeg"}],"author":"Luzimara Fernandes","twitter_card":"summary_large_image","twitter_misc":{"Escrito por":"Luzimara Fernandes","Est. tempo de leitura":"1 minuto"},"schema":{"@context":"https:\/\/schema.org","@graph":[{"@type":"Article","@id":"https:\/\/jornalfatosenoticias.com.br\/index.php\/2021\/01\/14\/obras-da-av-abido-saadi-sairao-do-papel\/#article","isPartOf":{"@id":"https:\/\/jornalfatosenoticias.com.br\/index.php\/2021\/01\/14\/obras-da-av-abido-saadi-sairao-do-papel\/"},"author":{"name":"Luzimara Fernandes","@id":"https:\/\/jornalfatosenoticias.com.br\/#\/schema\/person\/d63837fa13ac8666eb9e74e0985d6f81"},"headline":"Obras da Av. Abido Saadi sair\u00e3o do papel","datePublished":"2021-01-14T22:40:10+00:00","dateModified":"2021-01-14T22:40:14+00:00","mainEntityOfPage":{"@id":"https:\/\/jornalfatosenoticias.com.br\/index.php\/2021\/01\/14\/obras-da-av-abido-saadi-sairao-do-papel\/"},"wordCount":235,"commentCount":0,"publisher":{"@id":"https:\/\/jornalfatosenoticias.com.br\/#organization"},"image":{"@id":"https:\/\/jornalfatosenoticias.com.br\/index.php\/2021\/01\/14\/obras-da-av-abido-saadi-sairao-do-papel\/#primaryimage"},"thumbnailUrl":"https:\/\/jornalfatosenoticias.com.br\/wp-content\/uploads\/2021\/01\/Bruno-Lamas-397.jpeg","keywords":["Bruno Lamas","Governo do ES","obras","Ordem de Servi\u00e7o"],"articleSection":["Geral"],"inLanguage":"pt-BR","potentialAction":[{"@type":"CommentAction","name":"Comment","target":["https:\/\/jornalfatosenoticias.com.br\/index.php\/2021\/01\/14\/obras-da-av-abido-saadi-sairao-do-papel\/#respond"]}]},{"@type":"WebPage","@id":"https:\/\/jornalfatosenoticias.com.br\/index.php\/2021\/01\/14\/obras-da-av-abido-saadi-sairao-do-papel\/","url":"https:\/\/jornalfatosenoticias.com.br\/index.php\/2021\/01\/14\/obras-da-av-abido-saadi-sairao-do-papel\/","name":"Obras da Av. Abido Saadi sair\u00e3o do papel - Jornal Fatos e Not\u00edcias","isPartOf":{"@id":"https:\/\/jornalfatosenoticias.com.br\/#website"},"primaryImageOfPage":{"@id":"https:\/\/jornalfatosenoticias.com.br\/index.php\/2021\/01\/14\/obras-da-av-abido-saadi-sairao-do-papel\/#primaryimage"},"image":{"@id":"https:\/\/jornalfatosenoticias.com.br\/index.php\/2021\/01\/14\/obras-da-av-abido-saadi-sairao-do-papel\/#primaryimage"},"thumbnailUrl":"https:\/\/jornalfatosenoticias.com.br\/wp-content\/uploads\/2021\/01\/Bruno-Lamas-397.jpeg","datePublished":"2021-01-14T22:40:10+00:00","dateModified":"2021-01-14T22:40:14+00:00","breadcrumb":{"@id":"https:\/\/jornalfatosenoticias.com.br\/index.php\/2021\/01\/14\/obras-da-av-abido-saadi-sairao-do-papel\/#breadcrumb"},"inLanguage":"pt-BR","potentialAction":[{"@type":"ReadAction","target":["https:\/\/jornalfatosenoticias.com.br\/index.php\/2021\/01\/14\/obras-da-av-abido-saadi-sairao-do-papel\/"]}]},{"@type":"ImageObject","inLanguage":"pt-BR","@id":"https:\/\/jornalfatosenoticias.com.br\/index.php\/2021\/01\/14\/obras-da-av-abido-saadi-sairao-do-papel\/#primaryimage","url":"https:\/\/jornalfatosenoticias.com.br\/wp-content\/uploads\/2021\/01\/Bruno-Lamas-397.jpeg","contentUrl":"https:\/\/jornalfatosenoticias.com.br\/wp-content\/uploads\/2021\/01\/Bruno-Lamas-397.jpeg","width":960,"height":719},{"@type":"BreadcrumbList","@id":"https:\/\/jornalfatosenoticias.com.br\/index.php\/2021\/01\/14\/obras-da-av-abido-saadi-sairao-do-papel\/#breadcrumb","itemListElement":[{"@type":"ListItem","position":1,"name":"In\u00edcio","item":"https:\/\/jornalfatosenoticias.com.br\/"},{"@type":"ListItem","position":2,"name":"Obras da Av. Abido Saadi sair\u00e3o do papel"}]},{"@type":"WebSite","@id":"https:\/\/jornalfatosenoticias.com.br\/#website","url":"https:\/\/jornalfatosenoticias.com.br\/","name":"Jornal Fatos e Not\u00edcias","description":"Not\u00edcias em geral","publisher":{"@id":"https:\/\/jornalfatosenoticias.com.br\/#organization"},"potentialAction":[{"@type":"SearchAction","target":{"@type":"EntryPoint","urlTemplate":"https:\/\/jornalfatosenoticias.com.br\/?s={search_term_string}"},"query-input":{"@type":"PropertyValueSpecification","valueRequired":true,"valueName":"search_term_string"}}],"inLanguage":"pt-BR"},{"@type":"Organization","@id":"https:\/\/jornalfatosenoticias.com.br\/#organization","name":"Jornal Fatos e Not\u00edcias","url":"https:\/\/jornalfatosenoticias.com.br\/","logo":{"@type":"ImageObject","inLanguage":"pt-BR","@id":"https:\/\/jornalfatosenoticias.com.br\/#\/schema\/logo\/image\/","url":"https:\/\/jornalfatosenoticias.com.br\/wp-content\/uploads\/2020\/02\/logo120.png","contentUrl":"https:\/\/jornalfatosenoticias.com.br\/wp-content\/uploads\/2020\/02\/logo120.png","width":1227,"height":120,"caption":"Jornal Fatos e Not\u00edcias"},"image":{"@id":"https:\/\/jornalfatosenoticias.com.br\/#\/schema\/logo\/image\/"}},{"@type":"Person","@id":"https:\/\/jornalfatosenoticias.com.br\/#\/schema\/person\/d63837fa13ac8666eb9e74e0985d6f81","name":"Luzimara Fernandes","image":{"@type":"ImageObject","inLanguage":"pt-BR","@id":"https:\/\/jornalfatosenoticias.com.br\/#\/schema\/person\/image\/","url":"https:\/\/jornalfatosenoticias.com.br\/wp-content\/uploads\/2025\/05\/EU_portal.jpg","contentUrl":"https:\/\/jornalfatosenoticias.com.br\/wp-content\/uploads\/2025\/05\/EU_portal.jpg","caption":"Luzimara Fernandes"},"description":"Jornalista MTB 2358-ES","sameAs":["https:\/\/jornalfatosenoticias.com.br"],"url":"https:\/\/jornalfatosenoticias.com.br\/index.php\/author\/luzimara\/"}]}},"cc_featured_image_caption":{"caption_text":"(Foto: Rodrigo Ara\u00fajo\/Governo-ES)","source_text":"","source_url":""},"jetpack_featured_media_url":"https:\/\/jornalfatosenoticias.com.br\/wp-content\/uploads\/2021\/01\/Bruno-Lamas-397.jpeg","_links":{"self":[{"href":"https:\/\/jornalfatosenoticias.com.br\/index.php\/wp-json\/wp\/v2\/posts\/13512","targetHints":{"allow":["GET"]}}],"collection":[{"href":"https:\/\/jornalfatosenoticias.com.br\/index.php\/wp-json\/wp\/v2\/posts"}],"about":[{"href":"https:\/\/jornalfatosenoticias.com.br\/index.php\/wp-json\/wp\/v2\/types\/post"}],"author":[{"embeddable":true,"href":"https:\/\/jornalfatosenoticias.com.br\/index.php\/wp-json\/wp\/v2\/users\/2"}],"replies":[{"embeddable":true,"href":"https:\/\/jornalfatosenoticias.com.br\/index.php\/wp-json\/wp\/v2\/comments?post=13512"}],"version-history":[{"count":0,"href":"https:\/\/jornalfatosenoticias.com.br\/index.php\/wp-json\/wp\/v2\/posts\/13512\/revisions"}],"wp:featuredmedia":[{"embeddable":true,"href":"https:\/\/jornalfatosenoticias.com.br\/index.php\/wp-json\/wp\/v2\/media\/13513"}],"wp:attachment":[{"href":"https:\/\/jornalfatosenoticias.com.br\/index.php\/wp-json\/wp\/v2\/media?parent=13512"}],"wp:term":[{"taxonomy":"category","embeddable":true,"href":"https:\/\/jornalfatosenoticias.com.br\/index.php\/wp-json\/wp\/v2\/categories?post=13512"},{"taxonomy":"post_tag","embeddable":true,"href":"https:\/\/jornalfatosenoticias.com.br\/index.php\/wp-json\/wp\/v2\/tags?post=13512"}],"curies":[{"name":"wp","href":"https:\/\/api.w.org\/{rel}","templated":true}]}}