{"id":13563,"date":"2021-01-15T17:03:20","date_gmt":"2021-01-15T20:03:20","guid":{"rendered":"https:\/\/jornalfatosenoticias.com.br\/?p=13563"},"modified":"2021-01-15T17:04:22","modified_gmt":"2021-01-15T20:04:22","slug":"como-surgiu-o-sus-e-como-era-antes-do-sistema","status":"publish","type":"post","link":"https:\/\/jornalfatosenoticias.com.br\/index.php\/2021\/01\/15\/como-surgiu-o-sus-e-como-era-antes-do-sistema\/","title":{"rendered":"Como surgiu o SUS e como era antes do sistema"},"content":{"rendered":"\n<h6 class=\"wp-block-heading\"><em>Criado h\u00e1 mais de tr\u00eas d\u00e9cadas, o SUS representou uma grande mudan\u00e7a no sistema de sa\u00fade brasileiro<\/em><\/h6>\n\n\n\n<p>O <a href=\"https:\/\/aventurasnahistoria.uol.com.br\/noticias\/almanaque\/o-sistema-de-saude-publico-brasileiro-antes-do-sus.phtml\">Sistema \u00danico de Sa\u00fade<\/a> (SUS), vezes defendido e vezes alvo de intensos debates, trata milh\u00f5es de brasileiros todos os anos. Com origem na d\u00e9cada de 1980, \u00e9 considerado um dos maiores sistemas p\u00fablicos de sa\u00fade do mundo, sendo o \u00fanico a &#8216;garantir assist\u00eancia integral e completamente gratuita&#8217;, conforme informa\u00e7\u00f5es da Secretaria de Estado de Sa\u00fade de Minas Gerais.<\/p>\n\n\n\n<h4 class=\"wp-block-heading\">A cria\u00e7\u00e3o do SUS<\/h4>\n\n\n\n<p>Conforme\u00a0<a href=\"https:\/\/www.saude.mg.gov.br\/component\/gmg\/story\/7152-sus-27-anos-transformando-a-historia-da-saude-no-brasil#%3A~%3Atext%3DO%20SUS%20foi%20criado%20em%2Ca%20toda%20a%20popula%C3%83%C2%A7%C3%83%C2%A3o%20brasileira.%26text%3DJ%C3%83%C2%A1%20em%201990%2C%20o%20Congresso%2Cpreceitos%20que%20seguem%20at%C3%83%C2%A9%20hoje.\">documentado<\/a>\u00a0pela secretaria, a origem do SUS remonta a 1988 quando foi assinada a\u00a0<a href=\"https:\/\/aventurasnahistoria.uol.com.br\/noticias\/galeria\/historia-foto-constituicao-de-1988-ulysses-guimaraes.phtml\">Constitui\u00e7\u00e3o Federal Brasileira<\/a> \u2014 at\u00e9 hoje vigente. No artigo\u00a0<a href=\"https:\/\/www.senado.leg.br\/atividade\/const\/con1988\/CON1988_05.10.1988\/art_196_.asp\">196 do texto<\/a>\u00a0consta que: \u201ca\u00a0<a href=\"https:\/\/aventurasnahistoria.uol.com.br\/noticias\/historia-hoje\/fim-dieta-paleolitica-saude-ciencia-arqueologia.phtml\">sa\u00fade<\/a> \u00e9 direito de todos e dever do Estado, garantido mediante pol\u00edticas sociais e econ\u00f4micas que visem a redu\u00e7\u00e3o do risco de doen\u00e7a e de outros agravos e ao acesso universal e igualit\u00e1rio \u00e0s a\u00e7\u00f5es e servi\u00e7os para sua promo\u00e7\u00e3o, prote\u00e7\u00e3o e recupera\u00e7\u00e3o\u201d.<br>Mesmo antes de a Constitui\u00e7\u00e3o assegurar o direito \u00e0 sa\u00fade, v\u00e1rios grupos que integravam o movimento sanit\u00e1rio idealizaram e lutaram nos anos 70 e 80 por um sistema p\u00fablico de sa\u00fade. E foi assim, desde de o m\u00eas de setembro de 2000, que o SUS passou a ser administrado a partir de recursos provenientes dos or\u00e7amentos da Uni\u00e3o, dos Estados e dos Munic\u00edpios.<\/p>\n\n\n\n<h4 class=\"wp-block-heading\">Antes do SUS<\/h4>\n\n\n\n<p>Conforme informa o\u00a0<a href=\"https:\/\/drauziovarella.uol.com.br\/saude-publica\/antes-do-sus\/\">site do m\u00e9dico<\/a> Dr\u00e1uzio Varella, antes do SUS ser criado, a sa\u00fade p\u00fablica era liderada pelo Instituto Nacional de Assist\u00eancia M\u00e9dica e Previd\u00eancia Social (Inamps), criado em 1977. Contudo, esse sistema n\u00e3o fornecia acesso universal \u00e0 sa\u00fade, pois somente quem trabalhava em <a href=\"https:\/\/aventurasnahistoria.uol.com.br\/noticias\/historia-hoje\/patroa-e-condenada-por-manter-empregada-durante-35-anos-em-condicoes-analogas-a-escravidao.phtml\">empregos<\/a>\u00a0formais e contribu\u00edam com a\u00a0<a href=\"https:\/\/aventurasnahistoria.uol.com.br\/noticias\/historia-hoje\/historia-greve-contra-reforma-da-previdencia-para-cidade-de-paris-nesta-sexta-feira.phtml\">Previd\u00eancia<\/a> Social eram atendidos.<br>De acordo com o m\u00e9dico sanitarista e mestre em sa\u00fade p\u00fablica H\u00eaider Aur\u00e9lio Pinto, o Inamps surgiu pela press\u00e3o das grandes companhias, que n\u00e3o queriam que seus funcion\u00e1rios perdessem dias de trabalho por motivo de doen\u00e7a. O sistema era mantido tanto pelo governo, quanto pelo empregador e tamb\u00e9m pela popula\u00e7\u00e3o.<br>As pessoas que n\u00e3o se encaixavam na categoria exigida tinham de buscar o sistema privado ou mesmo institui\u00e7\u00f5es como as Santas Casas de Miseric\u00f3rdia e os hospitais universit\u00e1rios, que realizavam atendimento gratuito. O n\u00famero dessas institui\u00e7\u00f5es, no entanto, era muito pequeno para a demanda.<br>Assim, foi com a cria\u00e7\u00e3o do SUS que a sa\u00fade passou a ser universal e pensar no brasileiro como um ser humano e n\u00e3o uma m\u00e1quina.<\/p>\n\n\n\n<h4 class=\"wp-block-heading\">Servi\u00e7os<\/h4>\n\n\n\n<p>Assim, o Programa Nacional de Imuniza\u00e7\u00e3o (PNI), promovido pelo SUS, \u00e9 respons\u00e1vel, por exemplo, por 98% do mercado de disponibiliza\u00e7\u00e3o de vacinas em solo brasileiro. \u00c9 atrav\u00e9s desse sistema que o Brasil disponibiliza gratuitamente todas as\u00a0<a href=\"https:\/\/aventurasnahistoria.uol.com.br\/noticias\/coronavirus\/para-vice-diretora-da-oms-brasileiros-nao-serao-vacinados-em-massa-contra-covid-19-em-2021.phtml\">vacinas<\/a> indicadas pela OMS para combater diversas doen\u00e7as no Pa\u00eds.<br>Atrav\u00e9s do SUS, o Brasil tamb\u00e9m conta com o maior sistema p\u00fablico de transplante de \u00f3rg\u00e3os do mundo. Dados divulgados em 2019 pelo Minist\u00e9rio da Sa\u00fade indicam, por exemplo, que 96% dos procedimentos m\u00e9dicos de transplante s\u00e3o realizados atrav\u00e9s do sistema de sa\u00fade.<br>Al\u00e9m disso, o sistema tamb\u00e9m oferece assist\u00eancia gratuita para os brasileiros v\u00edtimas de HIV e tamb\u00e9m \u00e0queles que possuem problemas renais cr\u00f4nicos, tuberculose, hansen\u00edase e c\u00e2ncer.<\/p>\n\n\n\n<p><em><strong>Foto: <\/strong>\u00a9Divulga\u00e7\u00e3o\/Acervo Xico Tebaldi<\/em><\/p>\n\n\n\n<p><strong><em>Fonte: <a href=\"https:\/\/aventurasnahistoria.uol.com.br\/noticias\/reportagem\/como-surgiu-o-sus-e-como-era-antes-do-sistema.phtml\">Aventuras na Hist\u00f3ria<\/a><\/em><\/strong><\/p>\n","protected":false},"excerpt":{"rendered":"<p>Criado h\u00e1 mais de tr\u00eas d\u00e9cadas, o SUS representou uma grande mudan\u00e7a no sistema de sa\u00fade brasileiro O Sistema \u00danico de Sa\u00fade (SUS), vezes defendido e vezes alvo de intensos debates, trata milh\u00f5es de brasileiros todos os anos. Com origem na d\u00e9cada de 1980, \u00e9 considerado um dos maiores sistemas p\u00fablicos de sa\u00fade do mundo, [&hellip;]<\/p>\n","protected":false},"author":2,"featured_media":13564,"comment_status":"open","ping_status":"open","sticky":false,"template":"","format":"standard","meta":{"footnotes":""},"categories":[11],"tags":[1797,74,5362,126,563],"class_list":["post-13563","post","type-post","status-publish","format-standard","has-post-thumbnail","hentry","category-saude","tag-medico","tag-saude","tag-sistema","tag-sus","tag-vacina"],"yoast_head":"<!-- This site is optimized with the Yoast SEO plugin v26.5 - https:\/\/yoast.com\/wordpress\/plugins\/seo\/ -->\n<title>Como surgiu o SUS e como era antes do sistema - Jornal Fatos e Not\u00edcias<\/title>\n<meta name=\"robots\" content=\"index, follow, max-snippet:-1, max-image-preview:large, max-video-preview:-1\" \/>\n<link rel=\"canonical\" href=\"https:\/\/jornalfatosenoticias.com.br\/index.php\/2021\/01\/15\/como-surgiu-o-sus-e-como-era-antes-do-sistema\/\" \/>\n<meta property=\"og:locale\" content=\"pt_BR\" \/>\n<meta property=\"og:type\" content=\"article\" \/>\n<meta property=\"og:title\" content=\"Como surgiu o SUS e como era antes do sistema - Jornal Fatos e Not\u00edcias\" \/>\n<meta property=\"og:description\" content=\"Criado h\u00e1 mais de tr\u00eas d\u00e9cadas, o SUS representou uma grande mudan\u00e7a no sistema de sa\u00fade brasileiro O Sistema \u00danico de Sa\u00fade (SUS), vezes defendido e vezes alvo de intensos debates, trata milh\u00f5es de brasileiros todos os anos. Com origem na d\u00e9cada de 1980, \u00e9 considerado um dos maiores sistemas p\u00fablicos de sa\u00fade do mundo, [&hellip;]\" \/>\n<meta property=\"og:url\" content=\"https:\/\/jornalfatosenoticias.com.br\/index.php\/2021\/01\/15\/como-surgiu-o-sus-e-como-era-antes-do-sistema\/\" \/>\n<meta property=\"og:site_name\" content=\"Jornal Fatos e Not\u00edcias\" \/>\n<meta property=\"article:published_time\" content=\"2021-01-15T20:03:20+00:00\" \/>\n<meta property=\"article:modified_time\" content=\"2021-01-15T20:04:22+00:00\" \/>\n<meta property=\"og:image\" content=\"https:\/\/jornalfatosenoticias.com.br\/wp-content\/uploads\/2021\/01\/inamps-sus.jpg\" \/>\n\t<meta property=\"og:image:width\" content=\"1000\" \/>\n\t<meta property=\"og:image:height\" content=\"493\" \/>\n\t<meta property=\"og:image:type\" content=\"image\/jpeg\" \/>\n<meta name=\"author\" content=\"Luzimara Fernandes\" \/>\n<meta name=\"twitter:card\" content=\"summary_large_image\" \/>\n<meta name=\"twitter:label1\" content=\"Escrito por\" \/>\n\t<meta name=\"twitter:data1\" content=\"Luzimara Fernandes\" \/>\n\t<meta name=\"twitter:label2\" content=\"Est. tempo de leitura\" \/>\n\t<meta name=\"twitter:data2\" content=\"3 minutos\" \/>\n<script type=\"application\/ld+json\" class=\"yoast-schema-graph\">{\"@context\":\"https:\/\/schema.org\",\"@graph\":[{\"@type\":\"Article\",\"@id\":\"https:\/\/jornalfatosenoticias.com.br\/index.php\/2021\/01\/15\/como-surgiu-o-sus-e-como-era-antes-do-sistema\/#article\",\"isPartOf\":{\"@id\":\"https:\/\/jornalfatosenoticias.com.br\/index.php\/2021\/01\/15\/como-surgiu-o-sus-e-como-era-antes-do-sistema\/\"},\"author\":{\"name\":\"Luzimara Fernandes\",\"@id\":\"https:\/\/jornalfatosenoticias.com.br\/#\/schema\/person\/d63837fa13ac8666eb9e74e0985d6f81\"},\"headline\":\"Como surgiu o SUS e como era antes do sistema\",\"datePublished\":\"2021-01-15T20:03:20+00:00\",\"dateModified\":\"2021-01-15T20:04:22+00:00\",\"mainEntityOfPage\":{\"@id\":\"https:\/\/jornalfatosenoticias.com.br\/index.php\/2021\/01\/15\/como-surgiu-o-sus-e-como-era-antes-do-sistema\/\"},\"wordCount\":606,\"commentCount\":0,\"publisher\":{\"@id\":\"https:\/\/jornalfatosenoticias.com.br\/#organization\"},\"image\":{\"@id\":\"https:\/\/jornalfatosenoticias.com.br\/index.php\/2021\/01\/15\/como-surgiu-o-sus-e-como-era-antes-do-sistema\/#primaryimage\"},\"thumbnailUrl\":\"https:\/\/jornalfatosenoticias.com.br\/wp-content\/uploads\/2021\/01\/inamps-sus.jpg\",\"keywords\":[\"m\u00e9dico\",\"sa\u00fade\",\"sistema\",\"SUS\",\"vacina\"],\"articleSection\":[\"Sa\u00fade\"],\"inLanguage\":\"pt-BR\",\"potentialAction\":[{\"@type\":\"CommentAction\",\"name\":\"Comment\",\"target\":[\"https:\/\/jornalfatosenoticias.com.br\/index.php\/2021\/01\/15\/como-surgiu-o-sus-e-como-era-antes-do-sistema\/#respond\"]}]},{\"@type\":\"WebPage\",\"@id\":\"https:\/\/jornalfatosenoticias.com.br\/index.php\/2021\/01\/15\/como-surgiu-o-sus-e-como-era-antes-do-sistema\/\",\"url\":\"https:\/\/jornalfatosenoticias.com.br\/index.php\/2021\/01\/15\/como-surgiu-o-sus-e-como-era-antes-do-sistema\/\",\"name\":\"Como surgiu o SUS e como era antes do sistema - Jornal Fatos e Not\u00edcias\",\"isPartOf\":{\"@id\":\"https:\/\/jornalfatosenoticias.com.br\/#website\"},\"primaryImageOfPage\":{\"@id\":\"https:\/\/jornalfatosenoticias.com.br\/index.php\/2021\/01\/15\/como-surgiu-o-sus-e-como-era-antes-do-sistema\/#primaryimage\"},\"image\":{\"@id\":\"https:\/\/jornalfatosenoticias.com.br\/index.php\/2021\/01\/15\/como-surgiu-o-sus-e-como-era-antes-do-sistema\/#primaryimage\"},\"thumbnailUrl\":\"https:\/\/jornalfatosenoticias.com.br\/wp-content\/uploads\/2021\/01\/inamps-sus.jpg\",\"datePublished\":\"2021-01-15T20:03:20+00:00\",\"dateModified\":\"2021-01-15T20:04:22+00:00\",\"breadcrumb\":{\"@id\":\"https:\/\/jornalfatosenoticias.com.br\/index.php\/2021\/01\/15\/como-surgiu-o-sus-e-como-era-antes-do-sistema\/#breadcrumb\"},\"inLanguage\":\"pt-BR\",\"potentialAction\":[{\"@type\":\"ReadAction\",\"target\":[\"https:\/\/jornalfatosenoticias.com.br\/index.php\/2021\/01\/15\/como-surgiu-o-sus-e-como-era-antes-do-sistema\/\"]}]},{\"@type\":\"ImageObject\",\"inLanguage\":\"pt-BR\",\"@id\":\"https:\/\/jornalfatosenoticias.com.br\/index.php\/2021\/01\/15\/como-surgiu-o-sus-e-como-era-antes-do-sistema\/#primaryimage\",\"url\":\"https:\/\/jornalfatosenoticias.com.br\/wp-content\/uploads\/2021\/01\/inamps-sus.jpg\",\"contentUrl\":\"https:\/\/jornalfatosenoticias.com.br\/wp-content\/uploads\/2021\/01\/inamps-sus.jpg\",\"width\":1000,\"height\":493},{\"@type\":\"BreadcrumbList\",\"@id\":\"https:\/\/jornalfatosenoticias.com.br\/index.php\/2021\/01\/15\/como-surgiu-o-sus-e-como-era-antes-do-sistema\/#breadcrumb\",\"itemListElement\":[{\"@type\":\"ListItem\",\"position\":1,\"name\":\"In\u00edcio\",\"item\":\"https:\/\/jornalfatosenoticias.com.br\/\"},{\"@type\":\"ListItem\",\"position\":2,\"name\":\"Como surgiu o SUS e como era antes do sistema\"}]},{\"@type\":\"WebSite\",\"@id\":\"https:\/\/jornalfatosenoticias.com.br\/#website\",\"url\":\"https:\/\/jornalfatosenoticias.com.br\/\",\"name\":\"Jornal Fatos e Not\u00edcias\",\"description\":\"Not\u00edcias em geral\",\"publisher\":{\"@id\":\"https:\/\/jornalfatosenoticias.com.br\/#organization\"},\"potentialAction\":[{\"@type\":\"SearchAction\",\"target\":{\"@type\":\"EntryPoint\",\"urlTemplate\":\"https:\/\/jornalfatosenoticias.com.br\/?s={search_term_string}\"},\"query-input\":{\"@type\":\"PropertyValueSpecification\",\"valueRequired\":true,\"valueName\":\"search_term_string\"}}],\"inLanguage\":\"pt-BR\"},{\"@type\":\"Organization\",\"@id\":\"https:\/\/jornalfatosenoticias.com.br\/#organization\",\"name\":\"Jornal Fatos e Not\u00edcias\",\"url\":\"https:\/\/jornalfatosenoticias.com.br\/\",\"logo\":{\"@type\":\"ImageObject\",\"inLanguage\":\"pt-BR\",\"@id\":\"https:\/\/jornalfatosenoticias.com.br\/#\/schema\/logo\/image\/\",\"url\":\"https:\/\/jornalfatosenoticias.com.br\/wp-content\/uploads\/2020\/02\/logo120.png\",\"contentUrl\":\"https:\/\/jornalfatosenoticias.com.br\/wp-content\/uploads\/2020\/02\/logo120.png\",\"width\":1227,\"height\":120,\"caption\":\"Jornal Fatos e Not\u00edcias\"},\"image\":{\"@id\":\"https:\/\/jornalfatosenoticias.com.br\/#\/schema\/logo\/image\/\"}},{\"@type\":\"Person\",\"@id\":\"https:\/\/jornalfatosenoticias.com.br\/#\/schema\/person\/d63837fa13ac8666eb9e74e0985d6f81\",\"name\":\"Luzimara Fernandes\",\"image\":{\"@type\":\"ImageObject\",\"inLanguage\":\"pt-BR\",\"@id\":\"https:\/\/jornalfatosenoticias.com.br\/#\/schema\/person\/image\/\",\"url\":\"https:\/\/jornalfatosenoticias.com.br\/wp-content\/uploads\/2025\/05\/EU_portal.jpg\",\"contentUrl\":\"https:\/\/jornalfatosenoticias.com.br\/wp-content\/uploads\/2025\/05\/EU_portal.jpg\",\"caption\":\"Luzimara Fernandes\"},\"description\":\"Jornalista MTB 2358-ES\",\"sameAs\":[\"https:\/\/jornalfatosenoticias.com.br\"],\"url\":\"https:\/\/jornalfatosenoticias.com.br\/index.php\/author\/luzimara\/\"}]}<\/script>\n<!-- \/ Yoast SEO plugin. -->","yoast_head_json":{"title":"Como surgiu o SUS e como era antes do sistema - Jornal Fatos e Not\u00edcias","robots":{"index":"index","follow":"follow","max-snippet":"max-snippet:-1","max-image-preview":"max-image-preview:large","max-video-preview":"max-video-preview:-1"},"canonical":"https:\/\/jornalfatosenoticias.com.br\/index.php\/2021\/01\/15\/como-surgiu-o-sus-e-como-era-antes-do-sistema\/","og_locale":"pt_BR","og_type":"article","og_title":"Como surgiu o SUS e como era antes do sistema - Jornal Fatos e Not\u00edcias","og_description":"Criado h\u00e1 mais de tr\u00eas d\u00e9cadas, o SUS representou uma grande mudan\u00e7a no sistema de sa\u00fade brasileiro O Sistema \u00danico de Sa\u00fade (SUS), vezes defendido e vezes alvo de intensos debates, trata milh\u00f5es de brasileiros todos os anos. Com origem na d\u00e9cada de 1980, \u00e9 considerado um dos maiores sistemas p\u00fablicos de sa\u00fade do mundo, [&hellip;]","og_url":"https:\/\/jornalfatosenoticias.com.br\/index.php\/2021\/01\/15\/como-surgiu-o-sus-e-como-era-antes-do-sistema\/","og_site_name":"Jornal Fatos e Not\u00edcias","article_published_time":"2021-01-15T20:03:20+00:00","article_modified_time":"2021-01-15T20:04:22+00:00","og_image":[{"width":1000,"height":493,"url":"https:\/\/jornalfatosenoticias.com.br\/wp-content\/uploads\/2021\/01\/inamps-sus.jpg","type":"image\/jpeg"}],"author":"Luzimara Fernandes","twitter_card":"summary_large_image","twitter_misc":{"Escrito por":"Luzimara Fernandes","Est. tempo de leitura":"3 minutos"},"schema":{"@context":"https:\/\/schema.org","@graph":[{"@type":"Article","@id":"https:\/\/jornalfatosenoticias.com.br\/index.php\/2021\/01\/15\/como-surgiu-o-sus-e-como-era-antes-do-sistema\/#article","isPartOf":{"@id":"https:\/\/jornalfatosenoticias.com.br\/index.php\/2021\/01\/15\/como-surgiu-o-sus-e-como-era-antes-do-sistema\/"},"author":{"name":"Luzimara Fernandes","@id":"https:\/\/jornalfatosenoticias.com.br\/#\/schema\/person\/d63837fa13ac8666eb9e74e0985d6f81"},"headline":"Como surgiu o SUS e como era antes do sistema","datePublished":"2021-01-15T20:03:20+00:00","dateModified":"2021-01-15T20:04:22+00:00","mainEntityOfPage":{"@id":"https:\/\/jornalfatosenoticias.com.br\/index.php\/2021\/01\/15\/como-surgiu-o-sus-e-como-era-antes-do-sistema\/"},"wordCount":606,"commentCount":0,"publisher":{"@id":"https:\/\/jornalfatosenoticias.com.br\/#organization"},"image":{"@id":"https:\/\/jornalfatosenoticias.com.br\/index.php\/2021\/01\/15\/como-surgiu-o-sus-e-como-era-antes-do-sistema\/#primaryimage"},"thumbnailUrl":"https:\/\/jornalfatosenoticias.com.br\/wp-content\/uploads\/2021\/01\/inamps-sus.jpg","keywords":["m\u00e9dico","sa\u00fade","sistema","SUS","vacina"],"articleSection":["Sa\u00fade"],"inLanguage":"pt-BR","potentialAction":[{"@type":"CommentAction","name":"Comment","target":["https:\/\/jornalfatosenoticias.com.br\/index.php\/2021\/01\/15\/como-surgiu-o-sus-e-como-era-antes-do-sistema\/#respond"]}]},{"@type":"WebPage","@id":"https:\/\/jornalfatosenoticias.com.br\/index.php\/2021\/01\/15\/como-surgiu-o-sus-e-como-era-antes-do-sistema\/","url":"https:\/\/jornalfatosenoticias.com.br\/index.php\/2021\/01\/15\/como-surgiu-o-sus-e-como-era-antes-do-sistema\/","name":"Como surgiu o SUS e como era antes do sistema - Jornal Fatos e Not\u00edcias","isPartOf":{"@id":"https:\/\/jornalfatosenoticias.com.br\/#website"},"primaryImageOfPage":{"@id":"https:\/\/jornalfatosenoticias.com.br\/index.php\/2021\/01\/15\/como-surgiu-o-sus-e-como-era-antes-do-sistema\/#primaryimage"},"image":{"@id":"https:\/\/jornalfatosenoticias.com.br\/index.php\/2021\/01\/15\/como-surgiu-o-sus-e-como-era-antes-do-sistema\/#primaryimage"},"thumbnailUrl":"https:\/\/jornalfatosenoticias.com.br\/wp-content\/uploads\/2021\/01\/inamps-sus.jpg","datePublished":"2021-01-15T20:03:20+00:00","dateModified":"2021-01-15T20:04:22+00:00","breadcrumb":{"@id":"https:\/\/jornalfatosenoticias.com.br\/index.php\/2021\/01\/15\/como-surgiu-o-sus-e-como-era-antes-do-sistema\/#breadcrumb"},"inLanguage":"pt-BR","potentialAction":[{"@type":"ReadAction","target":["https:\/\/jornalfatosenoticias.com.br\/index.php\/2021\/01\/15\/como-surgiu-o-sus-e-como-era-antes-do-sistema\/"]}]},{"@type":"ImageObject","inLanguage":"pt-BR","@id":"https:\/\/jornalfatosenoticias.com.br\/index.php\/2021\/01\/15\/como-surgiu-o-sus-e-como-era-antes-do-sistema\/#primaryimage","url":"https:\/\/jornalfatosenoticias.com.br\/wp-content\/uploads\/2021\/01\/inamps-sus.jpg","contentUrl":"https:\/\/jornalfatosenoticias.com.br\/wp-content\/uploads\/2021\/01\/inamps-sus.jpg","width":1000,"height":493},{"@type":"BreadcrumbList","@id":"https:\/\/jornalfatosenoticias.com.br\/index.php\/2021\/01\/15\/como-surgiu-o-sus-e-como-era-antes-do-sistema\/#breadcrumb","itemListElement":[{"@type":"ListItem","position":1,"name":"In\u00edcio","item":"https:\/\/jornalfatosenoticias.com.br\/"},{"@type":"ListItem","position":2,"name":"Como surgiu o SUS e como era antes do sistema"}]},{"@type":"WebSite","@id":"https:\/\/jornalfatosenoticias.com.br\/#website","url":"https:\/\/jornalfatosenoticias.com.br\/","name":"Jornal Fatos e Not\u00edcias","description":"Not\u00edcias em geral","publisher":{"@id":"https:\/\/jornalfatosenoticias.com.br\/#organization"},"potentialAction":[{"@type":"SearchAction","target":{"@type":"EntryPoint","urlTemplate":"https:\/\/jornalfatosenoticias.com.br\/?s={search_term_string}"},"query-input":{"@type":"PropertyValueSpecification","valueRequired":true,"valueName":"search_term_string"}}],"inLanguage":"pt-BR"},{"@type":"Organization","@id":"https:\/\/jornalfatosenoticias.com.br\/#organization","name":"Jornal Fatos e Not\u00edcias","url":"https:\/\/jornalfatosenoticias.com.br\/","logo":{"@type":"ImageObject","inLanguage":"pt-BR","@id":"https:\/\/jornalfatosenoticias.com.br\/#\/schema\/logo\/image\/","url":"https:\/\/jornalfatosenoticias.com.br\/wp-content\/uploads\/2020\/02\/logo120.png","contentUrl":"https:\/\/jornalfatosenoticias.com.br\/wp-content\/uploads\/2020\/02\/logo120.png","width":1227,"height":120,"caption":"Jornal Fatos e Not\u00edcias"},"image":{"@id":"https:\/\/jornalfatosenoticias.com.br\/#\/schema\/logo\/image\/"}},{"@type":"Person","@id":"https:\/\/jornalfatosenoticias.com.br\/#\/schema\/person\/d63837fa13ac8666eb9e74e0985d6f81","name":"Luzimara Fernandes","image":{"@type":"ImageObject","inLanguage":"pt-BR","@id":"https:\/\/jornalfatosenoticias.com.br\/#\/schema\/person\/image\/","url":"https:\/\/jornalfatosenoticias.com.br\/wp-content\/uploads\/2025\/05\/EU_portal.jpg","contentUrl":"https:\/\/jornalfatosenoticias.com.br\/wp-content\/uploads\/2025\/05\/EU_portal.jpg","caption":"Luzimara Fernandes"},"description":"Jornalista MTB 2358-ES","sameAs":["https:\/\/jornalfatosenoticias.com.br"],"url":"https:\/\/jornalfatosenoticias.com.br\/index.php\/author\/luzimara\/"}]}},"cc_featured_image_caption":{"caption_text":"Ag\u00eancia do Inamps, d\u00e9cada de 60","source_text":"","source_url":""},"jetpack_featured_media_url":"https:\/\/jornalfatosenoticias.com.br\/wp-content\/uploads\/2021\/01\/inamps-sus.jpg","_links":{"self":[{"href":"https:\/\/jornalfatosenoticias.com.br\/index.php\/wp-json\/wp\/v2\/posts\/13563","targetHints":{"allow":["GET"]}}],"collection":[{"href":"https:\/\/jornalfatosenoticias.com.br\/index.php\/wp-json\/wp\/v2\/posts"}],"about":[{"href":"https:\/\/jornalfatosenoticias.com.br\/index.php\/wp-json\/wp\/v2\/types\/post"}],"author":[{"embeddable":true,"href":"https:\/\/jornalfatosenoticias.com.br\/index.php\/wp-json\/wp\/v2\/users\/2"}],"replies":[{"embeddable":true,"href":"https:\/\/jornalfatosenoticias.com.br\/index.php\/wp-json\/wp\/v2\/comments?post=13563"}],"version-history":[{"count":0,"href":"https:\/\/jornalfatosenoticias.com.br\/index.php\/wp-json\/wp\/v2\/posts\/13563\/revisions"}],"wp:featuredmedia":[{"embeddable":true,"href":"https:\/\/jornalfatosenoticias.com.br\/index.php\/wp-json\/wp\/v2\/media\/13564"}],"wp:attachment":[{"href":"https:\/\/jornalfatosenoticias.com.br\/index.php\/wp-json\/wp\/v2\/media?parent=13563"}],"wp:term":[{"taxonomy":"category","embeddable":true,"href":"https:\/\/jornalfatosenoticias.com.br\/index.php\/wp-json\/wp\/v2\/categories?post=13563"},{"taxonomy":"post_tag","embeddable":true,"href":"https:\/\/jornalfatosenoticias.com.br\/index.php\/wp-json\/wp\/v2\/tags?post=13563"}],"curies":[{"name":"wp","href":"https:\/\/api.w.org\/{rel}","templated":true}]}}