{"id":13580,"date":"2021-01-18T10:29:15","date_gmt":"2021-01-18T13:29:15","guid":{"rendered":"https:\/\/jornalfatosenoticias.com.br\/?p=13580"},"modified":"2021-01-18T10:29:19","modified_gmt":"2021-01-18T13:29:19","slug":"deputado-quer-memorial-em-homenagem-as-vitimas-de-covid-19","status":"publish","type":"post","link":"https:\/\/jornalfatosenoticias.com.br\/index.php\/2021\/01\/18\/deputado-quer-memorial-em-homenagem-as-vitimas-de-covid-19\/","title":{"rendered":"Deputado quer memorial em homenagem \u00e0s v\u00edtimas de covid-19"},"content":{"rendered":"\n<p>O Estado j\u00e1 contabiliza 5.450 mortes provocadas pelo novo coronav\u00edrus e 271.041 pessoas infectadas, de acordo com a atualiza\u00e7\u00e3o do Painel Covid da \u00faltima quinta-feira (14). Para o deputado estadual Bruno Lamas (PSB), a trag\u00e9dia sanit\u00e1ria que j\u00e1 tirou a vida de mais de 207 mil brasileiros em todo o Pa\u00eds n\u00e3o pode passar em branco.<br>Por isso, o parlamentar fez uma indica\u00e7\u00e3o ao governo do Estado requerendo a cria\u00e7\u00e3o e a gest\u00e3o do \u201cMemorial em Homenagem \u00e0s V\u00edtimas de Covid-19\u201d, que ele prop\u00f5e que seja constru\u00eddo na Serra, tendo em vista que o munic\u00edpio instalou no Hospital Jayme dos Santos Neves um centro de refer\u00eancia no combate ao coronav\u00edrus reconhecido em todo o Pa\u00eds.<br>De acordo com a proposta, o espa\u00e7o p\u00fablico seria usado por familiares e amigos das v\u00edtimas da doen\u00e7a, para homenagear e prestar luto aos seus entes queridos e, tamb\u00e9m, garantiria lugar de destaque para rever\u00eancia aos profissionais de sa\u00fade que foram v\u00edtimas da Covid-19.<br>O memorial dever\u00e1 conter, dentre outras informa\u00e7\u00f5es, o nome completo, data de nascimento e \u00f3bito e fotografias das v\u00edtimas.<\/p>\n\n\n\n<blockquote class=\"wp-block-quote is-layout-flow wp-block-quote-is-layout-flow\"><p>\u201cQue possamos aprender e refletir, bem como guardar para sempre na mem\u00f3ria \u00e0queles entes queridos que foram perdidos durante a pandemia. \u00c9 ineg\u00e1vel o interesse p\u00fablico no presente projeto, motivo pelo qual submeto a esta Casa para aprova\u00e7\u00e3o\u201d, justificou o deputado.<\/p><\/blockquote>\n\n\n\n<p>Para Bruno, a constru\u00e7\u00e3o de um memorial em homenagem \u00e0s v\u00edtimas da pandemia \u00e9 medida salutar e, sobretudo, de teor hist\u00f3rico. Segundo ele, \u201ca garantia de lembran\u00e7a e mem\u00f3ria daqueles que perderam suas vidas constitui ato maior de manifesta\u00e7\u00e3o do agir democr\u00e1tico e cidad\u00e3o\u201d.<\/p>\n\n\n\n<blockquote class=\"wp-block-quote is-layout-flow wp-block-quote-is-layout-flow\"><p>\u201cO desenvolvimento e avan\u00e7o de t\u00e9cnicas de combate a endemias e o esfor\u00e7o mundial pela vacina\u00e7\u00e3o foram alcan\u00e7ados a duras penas, dentre as quais, as vidas de milh\u00f5es de pessoas ao redor do mundo\u201d, frisou.<\/p><\/blockquote>\n\n\n\n<p>A indica\u00e7\u00e3o ainda ser\u00e1 votada pelos deputados, na volta do recesso parlamentar. Caso seja aprovada, ter\u00e1 de passar pela avalia\u00e7\u00e3o do governador Renato Casagrande (PSB).<\/p>\n","protected":false},"excerpt":{"rendered":"<p>O Estado j\u00e1 contabiliza 5.450 mortes provocadas pelo novo coronav\u00edrus e 271.041 pessoas infectadas, de acordo com a atualiza\u00e7\u00e3o do Painel Covid da \u00faltima quinta-feira (14). Para o deputado estadual Bruno Lamas (PSB), a trag\u00e9dia sanit\u00e1ria que j\u00e1 tirou a vida de mais de 207 mil brasileiros em todo o Pa\u00eds n\u00e3o pode passar em [&hellip;]<\/p>\n","protected":false},"author":2,"featured_media":13581,"comment_status":"open","ping_status":"open","sticky":false,"template":"","format":"standard","meta":{"footnotes":""},"categories":[10],"tags":[6969,6993,910,6994],"class_list":["post-13580","post","type-post","status-publish","format-standard","has-post-thumbnail","hentry","category-politica","tag-bruno-lamas","tag-memorial","tag-serra","tag-vitimas-de-covid-19"],"yoast_head":"<!-- This site is optimized with the Yoast SEO plugin v26.5 - https:\/\/yoast.com\/wordpress\/plugins\/seo\/ -->\n<title>Deputado quer memorial em homenagem \u00e0s v\u00edtimas de covid-19 - Jornal Fatos e Not\u00edcias<\/title>\n<meta name=\"robots\" content=\"index, follow, max-snippet:-1, max-image-preview:large, max-video-preview:-1\" \/>\n<link rel=\"canonical\" href=\"https:\/\/jornalfatosenoticias.com.br\/index.php\/2021\/01\/18\/deputado-quer-memorial-em-homenagem-as-vitimas-de-covid-19\/\" \/>\n<meta property=\"og:locale\" content=\"pt_BR\" \/>\n<meta property=\"og:type\" content=\"article\" \/>\n<meta property=\"og:title\" content=\"Deputado quer memorial em homenagem \u00e0s v\u00edtimas de covid-19 - Jornal Fatos e Not\u00edcias\" \/>\n<meta property=\"og:description\" content=\"O Estado j\u00e1 contabiliza 5.450 mortes provocadas pelo novo coronav\u00edrus e 271.041 pessoas infectadas, de acordo com a atualiza\u00e7\u00e3o do Painel Covid da \u00faltima quinta-feira (14). Para o deputado estadual Bruno Lamas (PSB), a trag\u00e9dia sanit\u00e1ria que j\u00e1 tirou a vida de mais de 207 mil brasileiros em todo o Pa\u00eds n\u00e3o pode passar em [&hellip;]\" \/>\n<meta property=\"og:url\" content=\"https:\/\/jornalfatosenoticias.com.br\/index.php\/2021\/01\/18\/deputado-quer-memorial-em-homenagem-as-vitimas-de-covid-19\/\" \/>\n<meta property=\"og:site_name\" content=\"Jornal Fatos e Not\u00edcias\" \/>\n<meta property=\"article:published_time\" content=\"2021-01-18T13:29:15+00:00\" \/>\n<meta property=\"article:modified_time\" content=\"2021-01-18T13:29:19+00:00\" \/>\n<meta property=\"og:image\" content=\"https:\/\/jornalfatosenoticias.com.br\/wp-content\/uploads\/2021\/01\/bruno-lamas.jpg\" \/>\n\t<meta property=\"og:image:width\" content=\"1000\" \/>\n\t<meta property=\"og:image:height\" content=\"666\" \/>\n\t<meta property=\"og:image:type\" content=\"image\/jpeg\" \/>\n<meta name=\"author\" content=\"Luzimara Fernandes\" \/>\n<meta name=\"twitter:card\" content=\"summary_large_image\" \/>\n<meta name=\"twitter:label1\" content=\"Escrito por\" \/>\n\t<meta name=\"twitter:data1\" content=\"Luzimara Fernandes\" \/>\n\t<meta name=\"twitter:label2\" content=\"Est. tempo de leitura\" \/>\n\t<meta name=\"twitter:data2\" content=\"2 minutos\" \/>\n<script type=\"application\/ld+json\" class=\"yoast-schema-graph\">{\"@context\":\"https:\/\/schema.org\",\"@graph\":[{\"@type\":\"Article\",\"@id\":\"https:\/\/jornalfatosenoticias.com.br\/index.php\/2021\/01\/18\/deputado-quer-memorial-em-homenagem-as-vitimas-de-covid-19\/#article\",\"isPartOf\":{\"@id\":\"https:\/\/jornalfatosenoticias.com.br\/index.php\/2021\/01\/18\/deputado-quer-memorial-em-homenagem-as-vitimas-de-covid-19\/\"},\"author\":{\"name\":\"Luzimara Fernandes\",\"@id\":\"https:\/\/jornalfatosenoticias.com.br\/#\/schema\/person\/d63837fa13ac8666eb9e74e0985d6f81\"},\"headline\":\"Deputado quer memorial em homenagem \u00e0s v\u00edtimas de covid-19\",\"datePublished\":\"2021-01-18T13:29:15+00:00\",\"dateModified\":\"2021-01-18T13:29:19+00:00\",\"mainEntityOfPage\":{\"@id\":\"https:\/\/jornalfatosenoticias.com.br\/index.php\/2021\/01\/18\/deputado-quer-memorial-em-homenagem-as-vitimas-de-covid-19\/\"},\"wordCount\":373,\"commentCount\":0,\"publisher\":{\"@id\":\"https:\/\/jornalfatosenoticias.com.br\/#organization\"},\"image\":{\"@id\":\"https:\/\/jornalfatosenoticias.com.br\/index.php\/2021\/01\/18\/deputado-quer-memorial-em-homenagem-as-vitimas-de-covid-19\/#primaryimage\"},\"thumbnailUrl\":\"https:\/\/jornalfatosenoticias.com.br\/wp-content\/uploads\/2021\/01\/bruno-lamas.jpg\",\"keywords\":[\"Bruno Lamas\",\"memorial\",\"Serra\",\"v\u00edtimas de covid-19\"],\"articleSection\":[\"Pol\u00edtica\"],\"inLanguage\":\"pt-BR\",\"potentialAction\":[{\"@type\":\"CommentAction\",\"name\":\"Comment\",\"target\":[\"https:\/\/jornalfatosenoticias.com.br\/index.php\/2021\/01\/18\/deputado-quer-memorial-em-homenagem-as-vitimas-de-covid-19\/#respond\"]}]},{\"@type\":\"WebPage\",\"@id\":\"https:\/\/jornalfatosenoticias.com.br\/index.php\/2021\/01\/18\/deputado-quer-memorial-em-homenagem-as-vitimas-de-covid-19\/\",\"url\":\"https:\/\/jornalfatosenoticias.com.br\/index.php\/2021\/01\/18\/deputado-quer-memorial-em-homenagem-as-vitimas-de-covid-19\/\",\"name\":\"Deputado quer memorial em homenagem \u00e0s v\u00edtimas de covid-19 - Jornal Fatos e Not\u00edcias\",\"isPartOf\":{\"@id\":\"https:\/\/jornalfatosenoticias.com.br\/#website\"},\"primaryImageOfPage\":{\"@id\":\"https:\/\/jornalfatosenoticias.com.br\/index.php\/2021\/01\/18\/deputado-quer-memorial-em-homenagem-as-vitimas-de-covid-19\/#primaryimage\"},\"image\":{\"@id\":\"https:\/\/jornalfatosenoticias.com.br\/index.php\/2021\/01\/18\/deputado-quer-memorial-em-homenagem-as-vitimas-de-covid-19\/#primaryimage\"},\"thumbnailUrl\":\"https:\/\/jornalfatosenoticias.com.br\/wp-content\/uploads\/2021\/01\/bruno-lamas.jpg\",\"datePublished\":\"2021-01-18T13:29:15+00:00\",\"dateModified\":\"2021-01-18T13:29:19+00:00\",\"breadcrumb\":{\"@id\":\"https:\/\/jornalfatosenoticias.com.br\/index.php\/2021\/01\/18\/deputado-quer-memorial-em-homenagem-as-vitimas-de-covid-19\/#breadcrumb\"},\"inLanguage\":\"pt-BR\",\"potentialAction\":[{\"@type\":\"ReadAction\",\"target\":[\"https:\/\/jornalfatosenoticias.com.br\/index.php\/2021\/01\/18\/deputado-quer-memorial-em-homenagem-as-vitimas-de-covid-19\/\"]}]},{\"@type\":\"ImageObject\",\"inLanguage\":\"pt-BR\",\"@id\":\"https:\/\/jornalfatosenoticias.com.br\/index.php\/2021\/01\/18\/deputado-quer-memorial-em-homenagem-as-vitimas-de-covid-19\/#primaryimage\",\"url\":\"https:\/\/jornalfatosenoticias.com.br\/wp-content\/uploads\/2021\/01\/bruno-lamas.jpg\",\"contentUrl\":\"https:\/\/jornalfatosenoticias.com.br\/wp-content\/uploads\/2021\/01\/bruno-lamas.jpg\",\"width\":1000,\"height\":666},{\"@type\":\"BreadcrumbList\",\"@id\":\"https:\/\/jornalfatosenoticias.com.br\/index.php\/2021\/01\/18\/deputado-quer-memorial-em-homenagem-as-vitimas-de-covid-19\/#breadcrumb\",\"itemListElement\":[{\"@type\":\"ListItem\",\"position\":1,\"name\":\"In\u00edcio\",\"item\":\"https:\/\/jornalfatosenoticias.com.br\/\"},{\"@type\":\"ListItem\",\"position\":2,\"name\":\"Deputado quer memorial em homenagem \u00e0s v\u00edtimas de covid-19\"}]},{\"@type\":\"WebSite\",\"@id\":\"https:\/\/jornalfatosenoticias.com.br\/#website\",\"url\":\"https:\/\/jornalfatosenoticias.com.br\/\",\"name\":\"Jornal Fatos e Not\u00edcias\",\"description\":\"Not\u00edcias em geral\",\"publisher\":{\"@id\":\"https:\/\/jornalfatosenoticias.com.br\/#organization\"},\"potentialAction\":[{\"@type\":\"SearchAction\",\"target\":{\"@type\":\"EntryPoint\",\"urlTemplate\":\"https:\/\/jornalfatosenoticias.com.br\/?s={search_term_string}\"},\"query-input\":{\"@type\":\"PropertyValueSpecification\",\"valueRequired\":true,\"valueName\":\"search_term_string\"}}],\"inLanguage\":\"pt-BR\"},{\"@type\":\"Organization\",\"@id\":\"https:\/\/jornalfatosenoticias.com.br\/#organization\",\"name\":\"Jornal Fatos e Not\u00edcias\",\"url\":\"https:\/\/jornalfatosenoticias.com.br\/\",\"logo\":{\"@type\":\"ImageObject\",\"inLanguage\":\"pt-BR\",\"@id\":\"https:\/\/jornalfatosenoticias.com.br\/#\/schema\/logo\/image\/\",\"url\":\"https:\/\/jornalfatosenoticias.com.br\/wp-content\/uploads\/2020\/02\/logo120.png\",\"contentUrl\":\"https:\/\/jornalfatosenoticias.com.br\/wp-content\/uploads\/2020\/02\/logo120.png\",\"width\":1227,\"height\":120,\"caption\":\"Jornal Fatos e Not\u00edcias\"},\"image\":{\"@id\":\"https:\/\/jornalfatosenoticias.com.br\/#\/schema\/logo\/image\/\"}},{\"@type\":\"Person\",\"@id\":\"https:\/\/jornalfatosenoticias.com.br\/#\/schema\/person\/d63837fa13ac8666eb9e74e0985d6f81\",\"name\":\"Luzimara Fernandes\",\"image\":{\"@type\":\"ImageObject\",\"inLanguage\":\"pt-BR\",\"@id\":\"https:\/\/jornalfatosenoticias.com.br\/#\/schema\/person\/image\/\",\"url\":\"https:\/\/jornalfatosenoticias.com.br\/wp-content\/uploads\/2025\/05\/EU_portal.jpg\",\"contentUrl\":\"https:\/\/jornalfatosenoticias.com.br\/wp-content\/uploads\/2025\/05\/EU_portal.jpg\",\"caption\":\"Luzimara Fernandes\"},\"description\":\"Jornalista MTB 2358-ES\",\"sameAs\":[\"https:\/\/jornalfatosenoticias.com.br\"],\"url\":\"https:\/\/jornalfatosenoticias.com.br\/index.php\/author\/luzimara\/\"}]}<\/script>\n<!-- \/ Yoast SEO plugin. -->","yoast_head_json":{"title":"Deputado quer memorial em homenagem \u00e0s v\u00edtimas de covid-19 - Jornal Fatos e Not\u00edcias","robots":{"index":"index","follow":"follow","max-snippet":"max-snippet:-1","max-image-preview":"max-image-preview:large","max-video-preview":"max-video-preview:-1"},"canonical":"https:\/\/jornalfatosenoticias.com.br\/index.php\/2021\/01\/18\/deputado-quer-memorial-em-homenagem-as-vitimas-de-covid-19\/","og_locale":"pt_BR","og_type":"article","og_title":"Deputado quer memorial em homenagem \u00e0s v\u00edtimas de covid-19 - Jornal Fatos e Not\u00edcias","og_description":"O Estado j\u00e1 contabiliza 5.450 mortes provocadas pelo novo coronav\u00edrus e 271.041 pessoas infectadas, de acordo com a atualiza\u00e7\u00e3o do Painel Covid da \u00faltima quinta-feira (14). Para o deputado estadual Bruno Lamas (PSB), a trag\u00e9dia sanit\u00e1ria que j\u00e1 tirou a vida de mais de 207 mil brasileiros em todo o Pa\u00eds n\u00e3o pode passar em [&hellip;]","og_url":"https:\/\/jornalfatosenoticias.com.br\/index.php\/2021\/01\/18\/deputado-quer-memorial-em-homenagem-as-vitimas-de-covid-19\/","og_site_name":"Jornal Fatos e Not\u00edcias","article_published_time":"2021-01-18T13:29:15+00:00","article_modified_time":"2021-01-18T13:29:19+00:00","og_image":[{"width":1000,"height":666,"url":"https:\/\/jornalfatosenoticias.com.br\/wp-content\/uploads\/2021\/01\/bruno-lamas.jpg","type":"image\/jpeg"}],"author":"Luzimara Fernandes","twitter_card":"summary_large_image","twitter_misc":{"Escrito por":"Luzimara Fernandes","Est. tempo de leitura":"2 minutos"},"schema":{"@context":"https:\/\/schema.org","@graph":[{"@type":"Article","@id":"https:\/\/jornalfatosenoticias.com.br\/index.php\/2021\/01\/18\/deputado-quer-memorial-em-homenagem-as-vitimas-de-covid-19\/#article","isPartOf":{"@id":"https:\/\/jornalfatosenoticias.com.br\/index.php\/2021\/01\/18\/deputado-quer-memorial-em-homenagem-as-vitimas-de-covid-19\/"},"author":{"name":"Luzimara Fernandes","@id":"https:\/\/jornalfatosenoticias.com.br\/#\/schema\/person\/d63837fa13ac8666eb9e74e0985d6f81"},"headline":"Deputado quer memorial em homenagem \u00e0s v\u00edtimas de covid-19","datePublished":"2021-01-18T13:29:15+00:00","dateModified":"2021-01-18T13:29:19+00:00","mainEntityOfPage":{"@id":"https:\/\/jornalfatosenoticias.com.br\/index.php\/2021\/01\/18\/deputado-quer-memorial-em-homenagem-as-vitimas-de-covid-19\/"},"wordCount":373,"commentCount":0,"publisher":{"@id":"https:\/\/jornalfatosenoticias.com.br\/#organization"},"image":{"@id":"https:\/\/jornalfatosenoticias.com.br\/index.php\/2021\/01\/18\/deputado-quer-memorial-em-homenagem-as-vitimas-de-covid-19\/#primaryimage"},"thumbnailUrl":"https:\/\/jornalfatosenoticias.com.br\/wp-content\/uploads\/2021\/01\/bruno-lamas.jpg","keywords":["Bruno Lamas","memorial","Serra","v\u00edtimas de covid-19"],"articleSection":["Pol\u00edtica"],"inLanguage":"pt-BR","potentialAction":[{"@type":"CommentAction","name":"Comment","target":["https:\/\/jornalfatosenoticias.com.br\/index.php\/2021\/01\/18\/deputado-quer-memorial-em-homenagem-as-vitimas-de-covid-19\/#respond"]}]},{"@type":"WebPage","@id":"https:\/\/jornalfatosenoticias.com.br\/index.php\/2021\/01\/18\/deputado-quer-memorial-em-homenagem-as-vitimas-de-covid-19\/","url":"https:\/\/jornalfatosenoticias.com.br\/index.php\/2021\/01\/18\/deputado-quer-memorial-em-homenagem-as-vitimas-de-covid-19\/","name":"Deputado quer memorial em homenagem \u00e0s v\u00edtimas de covid-19 - Jornal Fatos e Not\u00edcias","isPartOf":{"@id":"https:\/\/jornalfatosenoticias.com.br\/#website"},"primaryImageOfPage":{"@id":"https:\/\/jornalfatosenoticias.com.br\/index.php\/2021\/01\/18\/deputado-quer-memorial-em-homenagem-as-vitimas-de-covid-19\/#primaryimage"},"image":{"@id":"https:\/\/jornalfatosenoticias.com.br\/index.php\/2021\/01\/18\/deputado-quer-memorial-em-homenagem-as-vitimas-de-covid-19\/#primaryimage"},"thumbnailUrl":"https:\/\/jornalfatosenoticias.com.br\/wp-content\/uploads\/2021\/01\/bruno-lamas.jpg","datePublished":"2021-01-18T13:29:15+00:00","dateModified":"2021-01-18T13:29:19+00:00","breadcrumb":{"@id":"https:\/\/jornalfatosenoticias.com.br\/index.php\/2021\/01\/18\/deputado-quer-memorial-em-homenagem-as-vitimas-de-covid-19\/#breadcrumb"},"inLanguage":"pt-BR","potentialAction":[{"@type":"ReadAction","target":["https:\/\/jornalfatosenoticias.com.br\/index.php\/2021\/01\/18\/deputado-quer-memorial-em-homenagem-as-vitimas-de-covid-19\/"]}]},{"@type":"ImageObject","inLanguage":"pt-BR","@id":"https:\/\/jornalfatosenoticias.com.br\/index.php\/2021\/01\/18\/deputado-quer-memorial-em-homenagem-as-vitimas-de-covid-19\/#primaryimage","url":"https:\/\/jornalfatosenoticias.com.br\/wp-content\/uploads\/2021\/01\/bruno-lamas.jpg","contentUrl":"https:\/\/jornalfatosenoticias.com.br\/wp-content\/uploads\/2021\/01\/bruno-lamas.jpg","width":1000,"height":666},{"@type":"BreadcrumbList","@id":"https:\/\/jornalfatosenoticias.com.br\/index.php\/2021\/01\/18\/deputado-quer-memorial-em-homenagem-as-vitimas-de-covid-19\/#breadcrumb","itemListElement":[{"@type":"ListItem","position":1,"name":"In\u00edcio","item":"https:\/\/jornalfatosenoticias.com.br\/"},{"@type":"ListItem","position":2,"name":"Deputado quer memorial em homenagem \u00e0s v\u00edtimas de covid-19"}]},{"@type":"WebSite","@id":"https:\/\/jornalfatosenoticias.com.br\/#website","url":"https:\/\/jornalfatosenoticias.com.br\/","name":"Jornal Fatos e Not\u00edcias","description":"Not\u00edcias em geral","publisher":{"@id":"https:\/\/jornalfatosenoticias.com.br\/#organization"},"potentialAction":[{"@type":"SearchAction","target":{"@type":"EntryPoint","urlTemplate":"https:\/\/jornalfatosenoticias.com.br\/?s={search_term_string}"},"query-input":{"@type":"PropertyValueSpecification","valueRequired":true,"valueName":"search_term_string"}}],"inLanguage":"pt-BR"},{"@type":"Organization","@id":"https:\/\/jornalfatosenoticias.com.br\/#organization","name":"Jornal Fatos e Not\u00edcias","url":"https:\/\/jornalfatosenoticias.com.br\/","logo":{"@type":"ImageObject","inLanguage":"pt-BR","@id":"https:\/\/jornalfatosenoticias.com.br\/#\/schema\/logo\/image\/","url":"https:\/\/jornalfatosenoticias.com.br\/wp-content\/uploads\/2020\/02\/logo120.png","contentUrl":"https:\/\/jornalfatosenoticias.com.br\/wp-content\/uploads\/2020\/02\/logo120.png","width":1227,"height":120,"caption":"Jornal Fatos e Not\u00edcias"},"image":{"@id":"https:\/\/jornalfatosenoticias.com.br\/#\/schema\/logo\/image\/"}},{"@type":"Person","@id":"https:\/\/jornalfatosenoticias.com.br\/#\/schema\/person\/d63837fa13ac8666eb9e74e0985d6f81","name":"Luzimara Fernandes","image":{"@type":"ImageObject","inLanguage":"pt-BR","@id":"https:\/\/jornalfatosenoticias.com.br\/#\/schema\/person\/image\/","url":"https:\/\/jornalfatosenoticias.com.br\/wp-content\/uploads\/2025\/05\/EU_portal.jpg","contentUrl":"https:\/\/jornalfatosenoticias.com.br\/wp-content\/uploads\/2025\/05\/EU_portal.jpg","caption":"Luzimara Fernandes"},"description":"Jornalista MTB 2358-ES","sameAs":["https:\/\/jornalfatosenoticias.com.br"],"url":"https:\/\/jornalfatosenoticias.com.br\/index.php\/author\/luzimara\/"}]}},"cc_featured_image_caption":{"caption_text":"(Foto: Assessoria de Comunica\u00e7\u00e3o)","source_text":"","source_url":""},"jetpack_featured_media_url":"https:\/\/jornalfatosenoticias.com.br\/wp-content\/uploads\/2021\/01\/bruno-lamas.jpg","_links":{"self":[{"href":"https:\/\/jornalfatosenoticias.com.br\/index.php\/wp-json\/wp\/v2\/posts\/13580","targetHints":{"allow":["GET"]}}],"collection":[{"href":"https:\/\/jornalfatosenoticias.com.br\/index.php\/wp-json\/wp\/v2\/posts"}],"about":[{"href":"https:\/\/jornalfatosenoticias.com.br\/index.php\/wp-json\/wp\/v2\/types\/post"}],"author":[{"embeddable":true,"href":"https:\/\/jornalfatosenoticias.com.br\/index.php\/wp-json\/wp\/v2\/users\/2"}],"replies":[{"embeddable":true,"href":"https:\/\/jornalfatosenoticias.com.br\/index.php\/wp-json\/wp\/v2\/comments?post=13580"}],"version-history":[{"count":0,"href":"https:\/\/jornalfatosenoticias.com.br\/index.php\/wp-json\/wp\/v2\/posts\/13580\/revisions"}],"wp:featuredmedia":[{"embeddable":true,"href":"https:\/\/jornalfatosenoticias.com.br\/index.php\/wp-json\/wp\/v2\/media\/13581"}],"wp:attachment":[{"href":"https:\/\/jornalfatosenoticias.com.br\/index.php\/wp-json\/wp\/v2\/media?parent=13580"}],"wp:term":[{"taxonomy":"category","embeddable":true,"href":"https:\/\/jornalfatosenoticias.com.br\/index.php\/wp-json\/wp\/v2\/categories?post=13580"},{"taxonomy":"post_tag","embeddable":true,"href":"https:\/\/jornalfatosenoticias.com.br\/index.php\/wp-json\/wp\/v2\/tags?post=13580"}],"curies":[{"name":"wp","href":"https:\/\/api.w.org\/{rel}","templated":true}]}}