{"id":13583,"date":"2021-01-18T10:35:30","date_gmt":"2021-01-18T13:35:30","guid":{"rendered":"https:\/\/jornalfatosenoticias.com.br\/?p=13583"},"modified":"2021-01-18T10:35:36","modified_gmt":"2021-01-18T13:35:36","slug":"vacinacao-contra-covid-19-comeca-ainda-hoje-nos-estados-diz","status":"publish","type":"post","link":"https:\/\/jornalfatosenoticias.com.br\/index.php\/2021\/01\/18\/vacinacao-contra-covid-19-comeca-ainda-hoje-nos-estados-diz\/","title":{"rendered":"Vacina\u00e7\u00e3o contra covid-19 come\u00e7a ainda hoje nos estados, diz"},"content":{"rendered":"\n<h6 class=\"wp-block-heading\"><em>Primeiras aplica\u00e7\u00f5es devem ser feitas at\u00e9 as 17 horas<\/em><\/h6>\n\n\n\n<p>O ministro da Sa\u00fade, Eduardo Pazuello, afirmou hoje (18) que a vacina\u00e7\u00e3o contra o novo coronav\u00edrus come\u00e7ar\u00e1 nos estados ainda nesta segunda-feira. Ele disse que a previs\u00e3o \u00e9 que a distribui\u00e7\u00e3o das doses da vacina com uso de aeronaves da For\u00e7a A\u00e9rea Brasileira (FAB) ocorra at\u00e9 as 14h de hoje, e que as primeiras aplica\u00e7\u00f5es sejam feitas at\u00e9 as 17h.<\/p>\n\n\n\n<blockquote class=\"wp-block-quote is-layout-flow wp-block-quote-is-layout-flow\"><p>\u201cA vacina n\u00e3o determina o fim das medidas protetivas\u201d<\/p><\/blockquote>\n\n\n\n<p>Ao lado de governadores, Pazuello participou, nesta manh\u00e3, do ato simb\u00f3lico de entrega de 4,6 milh\u00f5es de doses da CoronaVac no Centro de Log\u00edstica do Aeroporto de Guarulhos, em S\u00e3o Paulo. As vacinas ser\u00e3o transportadas por via a\u00e9rea para o Distrito Federal e as capitais de dez estados: Acre, Amap\u00e1, Amazonas, Cear\u00e1, Goi\u00e1s, Mato Grosso do Sul, Piau\u00ed, Rond\u00f4nia, Roraima e Santa Catarina. Tamb\u00e9m h\u00e1 previs\u00e3o de distribui\u00e7\u00e3o de vacinas por via terrestre.<br>Segundo o ministro, o Instituto Butantan receber\u00e1 um of\u00edcio pedindo celeridade no envio do pedido de autoriza\u00e7\u00e3o \u00e0 Ag\u00eancia Nacional de Vigil\u00e2ncia Sanit\u00e1ria (Anvisa) para a produ\u00e7\u00e3o de mais dois milh\u00f5es de doses da CoronaVac. A documenta\u00e7\u00e3o deve ser analisada at\u00e9 31 de mar\u00e7o.<br>Ele refor\u00e7ou que os primeiros a receber as doses da vacina ser\u00e3o integrantes do grupo priorit\u00e1rio: profissionais da sa\u00fade, idosos e ind\u00edgenas. Pazuello destacou, ainda, que os cuidados com uso de m\u00e1scara e \u00e1lcool em gel n\u00e3o podem ser deixados de lado. \u201cA vacina n\u00e3o determina o fim das medidas protetivas\u201d, disse.<\/p>\n\n\n\n<p><strong><em>Fonte: <a href=\"https:\/\/agenciabrasil.ebc.com.br\/saude\/noticia\/2021-01\/vacinacao-contra-covid-comeca-hoje-nos-estados\">Ag\u00eancia Brasil<\/a><\/em><\/strong><\/p>\n","protected":false},"excerpt":{"rendered":"<p>Primeiras aplica\u00e7\u00f5es devem ser feitas at\u00e9 as 17 horas O ministro da Sa\u00fade, Eduardo Pazuello, afirmou hoje (18) que a vacina\u00e7\u00e3o contra o novo coronav\u00edrus come\u00e7ar\u00e1 nos estados ainda nesta segunda-feira. Ele disse que a previs\u00e3o \u00e9 que a distribui\u00e7\u00e3o das doses da vacina com uso de aeronaves da For\u00e7a A\u00e9rea Brasileira (FAB) ocorra at\u00e9 [&hellip;]<\/p>\n","protected":false},"author":2,"featured_media":13584,"comment_status":"open","ping_status":"open","sticky":false,"template":"","format":"standard","meta":{"footnotes":""},"categories":[11],"tags":[73,6995,1597,2681,1022],"class_list":["post-13583","post","type-post","status-publish","format-standard","has-post-thumbnail","hentry","category-saude","tag-coronavirus","tag-distribuicao","tag-estados","tag-pandemia-covid-19","tag-vacinas"],"yoast_head":"<!-- This site is optimized with the Yoast SEO plugin v26.5 - https:\/\/yoast.com\/wordpress\/plugins\/seo\/ -->\n<title>Vacina\u00e7\u00e3o contra covid-19 come\u00e7a ainda hoje nos estados, diz - Jornal Fatos e Not\u00edcias<\/title>\n<meta name=\"robots\" content=\"index, follow, max-snippet:-1, max-image-preview:large, max-video-preview:-1\" \/>\n<link rel=\"canonical\" href=\"https:\/\/jornalfatosenoticias.com.br\/index.php\/2021\/01\/18\/vacinacao-contra-covid-19-comeca-ainda-hoje-nos-estados-diz\/\" \/>\n<meta property=\"og:locale\" content=\"pt_BR\" \/>\n<meta property=\"og:type\" content=\"article\" \/>\n<meta property=\"og:title\" content=\"Vacina\u00e7\u00e3o contra covid-19 come\u00e7a ainda hoje nos estados, diz - Jornal Fatos e Not\u00edcias\" \/>\n<meta property=\"og:description\" content=\"Primeiras aplica\u00e7\u00f5es devem ser feitas at\u00e9 as 17 horas O ministro da Sa\u00fade, Eduardo Pazuello, afirmou hoje (18) que a vacina\u00e7\u00e3o contra o novo coronav\u00edrus come\u00e7ar\u00e1 nos estados ainda nesta segunda-feira. Ele disse que a previs\u00e3o \u00e9 que a distribui\u00e7\u00e3o das doses da vacina com uso de aeronaves da For\u00e7a A\u00e9rea Brasileira (FAB) ocorra at\u00e9 [&hellip;]\" \/>\n<meta property=\"og:url\" content=\"https:\/\/jornalfatosenoticias.com.br\/index.php\/2021\/01\/18\/vacinacao-contra-covid-19-comeca-ainda-hoje-nos-estados-diz\/\" \/>\n<meta property=\"og:site_name\" content=\"Jornal Fatos e Not\u00edcias\" \/>\n<meta property=\"article:published_time\" content=\"2021-01-18T13:35:30+00:00\" \/>\n<meta property=\"article:modified_time\" content=\"2021-01-18T13:35:36+00:00\" \/>\n<meta property=\"og:image\" content=\"https:\/\/jornalfatosenoticias.com.br\/wp-content\/uploads\/2021\/01\/saude_eduardo_pazuello.jpg\" \/>\n\t<meta property=\"og:image:width\" content=\"1000\" \/>\n\t<meta property=\"og:image:height\" content=\"598\" \/>\n\t<meta property=\"og:image:type\" content=\"image\/jpeg\" \/>\n<meta name=\"author\" content=\"Luzimara Fernandes\" \/>\n<meta name=\"twitter:card\" content=\"summary_large_image\" \/>\n<meta name=\"twitter:label1\" content=\"Escrito por\" \/>\n\t<meta name=\"twitter:data1\" content=\"Luzimara Fernandes\" \/>\n\t<meta name=\"twitter:label2\" content=\"Est. tempo de leitura\" \/>\n\t<meta name=\"twitter:data2\" content=\"1 minuto\" \/>\n<script type=\"application\/ld+json\" class=\"yoast-schema-graph\">{\"@context\":\"https:\/\/schema.org\",\"@graph\":[{\"@type\":\"Article\",\"@id\":\"https:\/\/jornalfatosenoticias.com.br\/index.php\/2021\/01\/18\/vacinacao-contra-covid-19-comeca-ainda-hoje-nos-estados-diz\/#article\",\"isPartOf\":{\"@id\":\"https:\/\/jornalfatosenoticias.com.br\/index.php\/2021\/01\/18\/vacinacao-contra-covid-19-comeca-ainda-hoje-nos-estados-diz\/\"},\"author\":{\"name\":\"Luzimara Fernandes\",\"@id\":\"https:\/\/jornalfatosenoticias.com.br\/#\/schema\/person\/d63837fa13ac8666eb9e74e0985d6f81\"},\"headline\":\"Vacina\u00e7\u00e3o contra covid-19 come\u00e7a ainda hoje nos estados, diz\",\"datePublished\":\"2021-01-18T13:35:30+00:00\",\"dateModified\":\"2021-01-18T13:35:36+00:00\",\"mainEntityOfPage\":{\"@id\":\"https:\/\/jornalfatosenoticias.com.br\/index.php\/2021\/01\/18\/vacinacao-contra-covid-19-comeca-ainda-hoje-nos-estados-diz\/\"},\"wordCount\":295,\"commentCount\":0,\"publisher\":{\"@id\":\"https:\/\/jornalfatosenoticias.com.br\/#organization\"},\"image\":{\"@id\":\"https:\/\/jornalfatosenoticias.com.br\/index.php\/2021\/01\/18\/vacinacao-contra-covid-19-comeca-ainda-hoje-nos-estados-diz\/#primaryimage\"},\"thumbnailUrl\":\"https:\/\/jornalfatosenoticias.com.br\/wp-content\/uploads\/2021\/01\/saude_eduardo_pazuello.jpg\",\"keywords\":[\"coronav\u00edrus\",\"distribui\u00e7\u00e3o\",\"estados\",\"pandemia covid-19\",\"vacinas\"],\"articleSection\":[\"Sa\u00fade\"],\"inLanguage\":\"pt-BR\",\"potentialAction\":[{\"@type\":\"CommentAction\",\"name\":\"Comment\",\"target\":[\"https:\/\/jornalfatosenoticias.com.br\/index.php\/2021\/01\/18\/vacinacao-contra-covid-19-comeca-ainda-hoje-nos-estados-diz\/#respond\"]}]},{\"@type\":\"WebPage\",\"@id\":\"https:\/\/jornalfatosenoticias.com.br\/index.php\/2021\/01\/18\/vacinacao-contra-covid-19-comeca-ainda-hoje-nos-estados-diz\/\",\"url\":\"https:\/\/jornalfatosenoticias.com.br\/index.php\/2021\/01\/18\/vacinacao-contra-covid-19-comeca-ainda-hoje-nos-estados-diz\/\",\"name\":\"Vacina\u00e7\u00e3o contra covid-19 come\u00e7a ainda hoje nos estados, diz - Jornal Fatos e Not\u00edcias\",\"isPartOf\":{\"@id\":\"https:\/\/jornalfatosenoticias.com.br\/#website\"},\"primaryImageOfPage\":{\"@id\":\"https:\/\/jornalfatosenoticias.com.br\/index.php\/2021\/01\/18\/vacinacao-contra-covid-19-comeca-ainda-hoje-nos-estados-diz\/#primaryimage\"},\"image\":{\"@id\":\"https:\/\/jornalfatosenoticias.com.br\/index.php\/2021\/01\/18\/vacinacao-contra-covid-19-comeca-ainda-hoje-nos-estados-diz\/#primaryimage\"},\"thumbnailUrl\":\"https:\/\/jornalfatosenoticias.com.br\/wp-content\/uploads\/2021\/01\/saude_eduardo_pazuello.jpg\",\"datePublished\":\"2021-01-18T13:35:30+00:00\",\"dateModified\":\"2021-01-18T13:35:36+00:00\",\"breadcrumb\":{\"@id\":\"https:\/\/jornalfatosenoticias.com.br\/index.php\/2021\/01\/18\/vacinacao-contra-covid-19-comeca-ainda-hoje-nos-estados-diz\/#breadcrumb\"},\"inLanguage\":\"pt-BR\",\"potentialAction\":[{\"@type\":\"ReadAction\",\"target\":[\"https:\/\/jornalfatosenoticias.com.br\/index.php\/2021\/01\/18\/vacinacao-contra-covid-19-comeca-ainda-hoje-nos-estados-diz\/\"]}]},{\"@type\":\"ImageObject\",\"inLanguage\":\"pt-BR\",\"@id\":\"https:\/\/jornalfatosenoticias.com.br\/index.php\/2021\/01\/18\/vacinacao-contra-covid-19-comeca-ainda-hoje-nos-estados-diz\/#primaryimage\",\"url\":\"https:\/\/jornalfatosenoticias.com.br\/wp-content\/uploads\/2021\/01\/saude_eduardo_pazuello.jpg\",\"contentUrl\":\"https:\/\/jornalfatosenoticias.com.br\/wp-content\/uploads\/2021\/01\/saude_eduardo_pazuello.jpg\",\"width\":1000,\"height\":598,\"caption\":\"O ministro da Sa\u00fade, Eduardo Pazuello, em entrevista coletiva no Instituto de Traumatologia e Ortopedia (Into) no Rio de Janeiro.\"},{\"@type\":\"BreadcrumbList\",\"@id\":\"https:\/\/jornalfatosenoticias.com.br\/index.php\/2021\/01\/18\/vacinacao-contra-covid-19-comeca-ainda-hoje-nos-estados-diz\/#breadcrumb\",\"itemListElement\":[{\"@type\":\"ListItem\",\"position\":1,\"name\":\"In\u00edcio\",\"item\":\"https:\/\/jornalfatosenoticias.com.br\/\"},{\"@type\":\"ListItem\",\"position\":2,\"name\":\"Vacina\u00e7\u00e3o contra covid-19 come\u00e7a ainda hoje nos estados, diz\"}]},{\"@type\":\"WebSite\",\"@id\":\"https:\/\/jornalfatosenoticias.com.br\/#website\",\"url\":\"https:\/\/jornalfatosenoticias.com.br\/\",\"name\":\"Jornal Fatos e Not\u00edcias\",\"description\":\"Not\u00edcias em geral\",\"publisher\":{\"@id\":\"https:\/\/jornalfatosenoticias.com.br\/#organization\"},\"potentialAction\":[{\"@type\":\"SearchAction\",\"target\":{\"@type\":\"EntryPoint\",\"urlTemplate\":\"https:\/\/jornalfatosenoticias.com.br\/?s={search_term_string}\"},\"query-input\":{\"@type\":\"PropertyValueSpecification\",\"valueRequired\":true,\"valueName\":\"search_term_string\"}}],\"inLanguage\":\"pt-BR\"},{\"@type\":\"Organization\",\"@id\":\"https:\/\/jornalfatosenoticias.com.br\/#organization\",\"name\":\"Jornal Fatos e Not\u00edcias\",\"url\":\"https:\/\/jornalfatosenoticias.com.br\/\",\"logo\":{\"@type\":\"ImageObject\",\"inLanguage\":\"pt-BR\",\"@id\":\"https:\/\/jornalfatosenoticias.com.br\/#\/schema\/logo\/image\/\",\"url\":\"https:\/\/jornalfatosenoticias.com.br\/wp-content\/uploads\/2020\/02\/logo120.png\",\"contentUrl\":\"https:\/\/jornalfatosenoticias.com.br\/wp-content\/uploads\/2020\/02\/logo120.png\",\"width\":1227,\"height\":120,\"caption\":\"Jornal Fatos e Not\u00edcias\"},\"image\":{\"@id\":\"https:\/\/jornalfatosenoticias.com.br\/#\/schema\/logo\/image\/\"}},{\"@type\":\"Person\",\"@id\":\"https:\/\/jornalfatosenoticias.com.br\/#\/schema\/person\/d63837fa13ac8666eb9e74e0985d6f81\",\"name\":\"Luzimara Fernandes\",\"image\":{\"@type\":\"ImageObject\",\"inLanguage\":\"pt-BR\",\"@id\":\"https:\/\/jornalfatosenoticias.com.br\/#\/schema\/person\/image\/\",\"url\":\"https:\/\/jornalfatosenoticias.com.br\/wp-content\/uploads\/2025\/05\/EU_portal.jpg\",\"contentUrl\":\"https:\/\/jornalfatosenoticias.com.br\/wp-content\/uploads\/2025\/05\/EU_portal.jpg\",\"caption\":\"Luzimara Fernandes\"},\"description\":\"Jornalista MTB 2358-ES\",\"sameAs\":[\"https:\/\/jornalfatosenoticias.com.br\"],\"url\":\"https:\/\/jornalfatosenoticias.com.br\/index.php\/author\/luzimara\/\"}]}<\/script>\n<!-- \/ Yoast SEO plugin. -->","yoast_head_json":{"title":"Vacina\u00e7\u00e3o contra covid-19 come\u00e7a ainda hoje nos estados, diz - Jornal Fatos e Not\u00edcias","robots":{"index":"index","follow":"follow","max-snippet":"max-snippet:-1","max-image-preview":"max-image-preview:large","max-video-preview":"max-video-preview:-1"},"canonical":"https:\/\/jornalfatosenoticias.com.br\/index.php\/2021\/01\/18\/vacinacao-contra-covid-19-comeca-ainda-hoje-nos-estados-diz\/","og_locale":"pt_BR","og_type":"article","og_title":"Vacina\u00e7\u00e3o contra covid-19 come\u00e7a ainda hoje nos estados, diz - Jornal Fatos e Not\u00edcias","og_description":"Primeiras aplica\u00e7\u00f5es devem ser feitas at\u00e9 as 17 horas O ministro da Sa\u00fade, Eduardo Pazuello, afirmou hoje (18) que a vacina\u00e7\u00e3o contra o novo coronav\u00edrus come\u00e7ar\u00e1 nos estados ainda nesta segunda-feira. Ele disse que a previs\u00e3o \u00e9 que a distribui\u00e7\u00e3o das doses da vacina com uso de aeronaves da For\u00e7a A\u00e9rea Brasileira (FAB) ocorra at\u00e9 [&hellip;]","og_url":"https:\/\/jornalfatosenoticias.com.br\/index.php\/2021\/01\/18\/vacinacao-contra-covid-19-comeca-ainda-hoje-nos-estados-diz\/","og_site_name":"Jornal Fatos e Not\u00edcias","article_published_time":"2021-01-18T13:35:30+00:00","article_modified_time":"2021-01-18T13:35:36+00:00","og_image":[{"width":1000,"height":598,"url":"https:\/\/jornalfatosenoticias.com.br\/wp-content\/uploads\/2021\/01\/saude_eduardo_pazuello.jpg","type":"image\/jpeg"}],"author":"Luzimara Fernandes","twitter_card":"summary_large_image","twitter_misc":{"Escrito por":"Luzimara Fernandes","Est. tempo de leitura":"1 minuto"},"schema":{"@context":"https:\/\/schema.org","@graph":[{"@type":"Article","@id":"https:\/\/jornalfatosenoticias.com.br\/index.php\/2021\/01\/18\/vacinacao-contra-covid-19-comeca-ainda-hoje-nos-estados-diz\/#article","isPartOf":{"@id":"https:\/\/jornalfatosenoticias.com.br\/index.php\/2021\/01\/18\/vacinacao-contra-covid-19-comeca-ainda-hoje-nos-estados-diz\/"},"author":{"name":"Luzimara Fernandes","@id":"https:\/\/jornalfatosenoticias.com.br\/#\/schema\/person\/d63837fa13ac8666eb9e74e0985d6f81"},"headline":"Vacina\u00e7\u00e3o contra covid-19 come\u00e7a ainda hoje nos estados, diz","datePublished":"2021-01-18T13:35:30+00:00","dateModified":"2021-01-18T13:35:36+00:00","mainEntityOfPage":{"@id":"https:\/\/jornalfatosenoticias.com.br\/index.php\/2021\/01\/18\/vacinacao-contra-covid-19-comeca-ainda-hoje-nos-estados-diz\/"},"wordCount":295,"commentCount":0,"publisher":{"@id":"https:\/\/jornalfatosenoticias.com.br\/#organization"},"image":{"@id":"https:\/\/jornalfatosenoticias.com.br\/index.php\/2021\/01\/18\/vacinacao-contra-covid-19-comeca-ainda-hoje-nos-estados-diz\/#primaryimage"},"thumbnailUrl":"https:\/\/jornalfatosenoticias.com.br\/wp-content\/uploads\/2021\/01\/saude_eduardo_pazuello.jpg","keywords":["coronav\u00edrus","distribui\u00e7\u00e3o","estados","pandemia covid-19","vacinas"],"articleSection":["Sa\u00fade"],"inLanguage":"pt-BR","potentialAction":[{"@type":"CommentAction","name":"Comment","target":["https:\/\/jornalfatosenoticias.com.br\/index.php\/2021\/01\/18\/vacinacao-contra-covid-19-comeca-ainda-hoje-nos-estados-diz\/#respond"]}]},{"@type":"WebPage","@id":"https:\/\/jornalfatosenoticias.com.br\/index.php\/2021\/01\/18\/vacinacao-contra-covid-19-comeca-ainda-hoje-nos-estados-diz\/","url":"https:\/\/jornalfatosenoticias.com.br\/index.php\/2021\/01\/18\/vacinacao-contra-covid-19-comeca-ainda-hoje-nos-estados-diz\/","name":"Vacina\u00e7\u00e3o contra covid-19 come\u00e7a ainda hoje nos estados, diz - Jornal Fatos e Not\u00edcias","isPartOf":{"@id":"https:\/\/jornalfatosenoticias.com.br\/#website"},"primaryImageOfPage":{"@id":"https:\/\/jornalfatosenoticias.com.br\/index.php\/2021\/01\/18\/vacinacao-contra-covid-19-comeca-ainda-hoje-nos-estados-diz\/#primaryimage"},"image":{"@id":"https:\/\/jornalfatosenoticias.com.br\/index.php\/2021\/01\/18\/vacinacao-contra-covid-19-comeca-ainda-hoje-nos-estados-diz\/#primaryimage"},"thumbnailUrl":"https:\/\/jornalfatosenoticias.com.br\/wp-content\/uploads\/2021\/01\/saude_eduardo_pazuello.jpg","datePublished":"2021-01-18T13:35:30+00:00","dateModified":"2021-01-18T13:35:36+00:00","breadcrumb":{"@id":"https:\/\/jornalfatosenoticias.com.br\/index.php\/2021\/01\/18\/vacinacao-contra-covid-19-comeca-ainda-hoje-nos-estados-diz\/#breadcrumb"},"inLanguage":"pt-BR","potentialAction":[{"@type":"ReadAction","target":["https:\/\/jornalfatosenoticias.com.br\/index.php\/2021\/01\/18\/vacinacao-contra-covid-19-comeca-ainda-hoje-nos-estados-diz\/"]}]},{"@type":"ImageObject","inLanguage":"pt-BR","@id":"https:\/\/jornalfatosenoticias.com.br\/index.php\/2021\/01\/18\/vacinacao-contra-covid-19-comeca-ainda-hoje-nos-estados-diz\/#primaryimage","url":"https:\/\/jornalfatosenoticias.com.br\/wp-content\/uploads\/2021\/01\/saude_eduardo_pazuello.jpg","contentUrl":"https:\/\/jornalfatosenoticias.com.br\/wp-content\/uploads\/2021\/01\/saude_eduardo_pazuello.jpg","width":1000,"height":598,"caption":"O ministro da Sa\u00fade, Eduardo Pazuello, em entrevista coletiva no Instituto de Traumatologia e Ortopedia (Into) no Rio de Janeiro."},{"@type":"BreadcrumbList","@id":"https:\/\/jornalfatosenoticias.com.br\/index.php\/2021\/01\/18\/vacinacao-contra-covid-19-comeca-ainda-hoje-nos-estados-diz\/#breadcrumb","itemListElement":[{"@type":"ListItem","position":1,"name":"In\u00edcio","item":"https:\/\/jornalfatosenoticias.com.br\/"},{"@type":"ListItem","position":2,"name":"Vacina\u00e7\u00e3o contra covid-19 come\u00e7a ainda hoje nos estados, diz"}]},{"@type":"WebSite","@id":"https:\/\/jornalfatosenoticias.com.br\/#website","url":"https:\/\/jornalfatosenoticias.com.br\/","name":"Jornal Fatos e Not\u00edcias","description":"Not\u00edcias em geral","publisher":{"@id":"https:\/\/jornalfatosenoticias.com.br\/#organization"},"potentialAction":[{"@type":"SearchAction","target":{"@type":"EntryPoint","urlTemplate":"https:\/\/jornalfatosenoticias.com.br\/?s={search_term_string}"},"query-input":{"@type":"PropertyValueSpecification","valueRequired":true,"valueName":"search_term_string"}}],"inLanguage":"pt-BR"},{"@type":"Organization","@id":"https:\/\/jornalfatosenoticias.com.br\/#organization","name":"Jornal Fatos e Not\u00edcias","url":"https:\/\/jornalfatosenoticias.com.br\/","logo":{"@type":"ImageObject","inLanguage":"pt-BR","@id":"https:\/\/jornalfatosenoticias.com.br\/#\/schema\/logo\/image\/","url":"https:\/\/jornalfatosenoticias.com.br\/wp-content\/uploads\/2020\/02\/logo120.png","contentUrl":"https:\/\/jornalfatosenoticias.com.br\/wp-content\/uploads\/2020\/02\/logo120.png","width":1227,"height":120,"caption":"Jornal Fatos e Not\u00edcias"},"image":{"@id":"https:\/\/jornalfatosenoticias.com.br\/#\/schema\/logo\/image\/"}},{"@type":"Person","@id":"https:\/\/jornalfatosenoticias.com.br\/#\/schema\/person\/d63837fa13ac8666eb9e74e0985d6f81","name":"Luzimara Fernandes","image":{"@type":"ImageObject","inLanguage":"pt-BR","@id":"https:\/\/jornalfatosenoticias.com.br\/#\/schema\/person\/image\/","url":"https:\/\/jornalfatosenoticias.com.br\/wp-content\/uploads\/2025\/05\/EU_portal.jpg","contentUrl":"https:\/\/jornalfatosenoticias.com.br\/wp-content\/uploads\/2025\/05\/EU_portal.jpg","caption":"Luzimara Fernandes"},"description":"Jornalista MTB 2358-ES","sameAs":["https:\/\/jornalfatosenoticias.com.br"],"url":"https:\/\/jornalfatosenoticias.com.br\/index.php\/author\/luzimara\/"}]}},"cc_featured_image_caption":{"caption_text":"(Foto: T\u00e2nia R\u00eago\/Ag\u00eancia Brasil)","source_text":"","source_url":""},"jetpack_featured_media_url":"https:\/\/jornalfatosenoticias.com.br\/wp-content\/uploads\/2021\/01\/saude_eduardo_pazuello.jpg","_links":{"self":[{"href":"https:\/\/jornalfatosenoticias.com.br\/index.php\/wp-json\/wp\/v2\/posts\/13583","targetHints":{"allow":["GET"]}}],"collection":[{"href":"https:\/\/jornalfatosenoticias.com.br\/index.php\/wp-json\/wp\/v2\/posts"}],"about":[{"href":"https:\/\/jornalfatosenoticias.com.br\/index.php\/wp-json\/wp\/v2\/types\/post"}],"author":[{"embeddable":true,"href":"https:\/\/jornalfatosenoticias.com.br\/index.php\/wp-json\/wp\/v2\/users\/2"}],"replies":[{"embeddable":true,"href":"https:\/\/jornalfatosenoticias.com.br\/index.php\/wp-json\/wp\/v2\/comments?post=13583"}],"version-history":[{"count":0,"href":"https:\/\/jornalfatosenoticias.com.br\/index.php\/wp-json\/wp\/v2\/posts\/13583\/revisions"}],"wp:featuredmedia":[{"embeddable":true,"href":"https:\/\/jornalfatosenoticias.com.br\/index.php\/wp-json\/wp\/v2\/media\/13584"}],"wp:attachment":[{"href":"https:\/\/jornalfatosenoticias.com.br\/index.php\/wp-json\/wp\/v2\/media?parent=13583"}],"wp:term":[{"taxonomy":"category","embeddable":true,"href":"https:\/\/jornalfatosenoticias.com.br\/index.php\/wp-json\/wp\/v2\/categories?post=13583"},{"taxonomy":"post_tag","embeddable":true,"href":"https:\/\/jornalfatosenoticias.com.br\/index.php\/wp-json\/wp\/v2\/tags?post=13583"}],"curies":[{"name":"wp","href":"https:\/\/api.w.org\/{rel}","templated":true}]}}