{"id":13586,"date":"2021-01-18T10:49:28","date_gmt":"2021-01-18T13:49:28","guid":{"rendered":"https:\/\/jornalfatosenoticias.com.br\/?p=13586"},"modified":"2021-01-18T10:49:33","modified_gmt":"2021-01-18T13:49:33","slug":"estigma-das-doencas-mentais-no-brasil-e-tema-da-redacao-do-enem","status":"publish","type":"post","link":"https:\/\/jornalfatosenoticias.com.br\/index.php\/2021\/01\/18\/estigma-das-doencas-mentais-no-brasil-e-tema-da-redacao-do-enem\/","title":{"rendered":"Estigma das doen\u00e7as mentais no Brasil \u00e9 tema da reda\u00e7\u00e3o do Enem"},"content":{"rendered":"\n<h6 class=\"wp-block-heading\"><em>Estudantes fizeram prova neste domingo<\/em><\/h6>\n\n\n\n<p>O tema da reda\u00e7\u00e3o do Exame Nacional do Ensino M\u00e9dio (Enem) desta edi\u00e7\u00e3o \u00e9 O Estigma Associado \u00e0s Doen\u00e7as Mentais na Sociedade Brasileira, conforme divulgou o Instituto Nacional de Estudos e Pesquisas Educacionais An\u00edsio Teixeira (Inep). Os candidatos fizeram as primeiras provas neste domingo (17).<\/p>\n\n\n\n<figure class=\"wp-block-embed-twitter wp-block-embed is-type-rich is-provider-twitter\"><div class=\"wp-block-embed__wrapper\">\n<blockquote class=\"twitter-tweet\" data-width=\"550\" data-dnt=\"true\"><p lang=\"pt\" dir=\"ltr\">Nesta edi\u00e7\u00e3o, o tema da reda\u00e7\u00e3o \u00e9 \u201cO estigma associado \u00e0s doen\u00e7as mentais na sociedade brasileira\u201d. Participantes t\u00eam at\u00e9 19h (hor\u00e1rio de Bras\u00edlia) para finalizar o exame. <a href=\"https:\/\/t.co\/va5gMhM6dF\">pic.twitter.com\/va5gMhM6dF<\/a><\/p>&mdash; Inep (@inep_oficial) <a href=\"https:\/\/twitter.com\/inep_oficial\/status\/1350848780858503177?ref_src=twsrc%5Etfw\">January 17, 2021<\/a><\/blockquote><script async src=\"https:\/\/platform.twitter.com\/widgets.js\" charset=\"utf-8\"><\/script>\n<\/div><\/figure>\n\n\n\n<p>A aplica\u00e7\u00e3o da vers\u00e3o impressa do Enem teve in\u00edcio ontem (17) e a segunda prova ser\u00e1 no pr\u00f3ximo domingo (24). A prova de ontem come\u00e7ou a ser<strong>\u00a0<a href=\"https:\/\/agenciabrasil.ebc.com.br\/educacao\/noticia\/2021-01\/para-evitar-aglomeracoes-portoes-de-acesso-ao-enem-abrem-mais-cedo\" target=\"_blank\" rel=\"noreferrer noopener\">aplicada \u00e0s 13h30<\/a><\/strong> e os estudantes tiveram at\u00e9 as 19h para termin\u00e1-la.<br>Os participantes <a href=\"https:\/\/agenciabrasil.ebc.com.br\/educacao\/noticia\/2021-01\/estudantes-fazem-hoje-primeira-prova-do-enem-2020\" target=\"_blank\" rel=\"noreferrer noopener\"><strong>fizeram as provas objetiva<\/strong><\/a><a href=\"http:\/\/agenciabrasil.ebc.com.br\/educacao\/noticia\/2021-01\/estudantes-fazem-hoje-primeira-prova-do-enem-2020\" target=\"_blank\" rel=\"noreferrer noopener\"><strong>s<\/strong><\/a>\u00a0de linguagens e ci\u00eancias humanas, com 45 quest\u00f5es cada,\u00a0<a href=\"https:\/\/agenciabrasil.ebc.com.br\/educacao\/noticia\/2021-01\/conheca-os-criterios-de-correcao-da-redacao-do-enem\" target=\"_blank\" rel=\"noreferrer noopener\"><strong>al\u00e9m da\u00a0reda\u00e7\u00e3o<\/strong><\/a>.<\/p>\n\n\n\n<h4 class=\"wp-block-heading\">Corre\u00e7\u00e3o<\/h4>\n\n\n\n<p>As reda\u00e7\u00f5es do Enem s\u00e3o avaliadas em cinco compet\u00eancias, cada uma vale 200 pontos: demonstrar dom\u00ednio da modalidade escrita formal da l\u00edngua portuguesa; compreender a proposta de reda\u00e7\u00e3o e aplicar conceitos das v\u00e1rias \u00e1reas de conhecimento para desenvolver o tema, dentro dos limites estruturais do texto dissertativo-argumentativo em prosa; selecionar, relacionar, organizar e interpretar informa\u00e7\u00f5es, fatos, opini\u00f5es e argumentos em defesa de um ponto de vista; demonstrar conhecimento dos mecanismos lingu\u00edsticos necess\u00e1rios para a constru\u00e7\u00e3o da argumenta\u00e7\u00e3o; e elaborar proposta de interven\u00e7\u00e3o para o problema abordado, respeitando os direitos humanos.<br>Cada prova passa por dois corretores. Caso haja uma diferen\u00e7a de mais de 100 pontos em rela\u00e7\u00e3o \u00e0 nota total da prova ou de mais de 80 pontos em rela\u00e7\u00e3o a alguma das compet\u00eancias, o texto passa, ent\u00e3o, por um terceiro corretor. Se a diferen\u00e7a persistir, a prova \u00e9 avaliada por uma banca composta por tr\u00eas professores, que atribuir\u00e1 a nota final do participante.<\/p>\n\n\n\n<h4 class=\"wp-block-heading\">Confira os temas das reda\u00e7\u00f5es de anos anteriores<\/h4>\n\n\n\n<p>Enem 2009: O indiv\u00edduo frente \u00e0 \u00e9tica nacional<\/p>\n\n\n\n<p>Enem 2010: O trabalho na constru\u00e7\u00e3o da dignidade humana<\/p>\n\n\n\n<p>Enem 2011: Viver em rede no s\u00e9culo XXI: os limites entre o p\u00fablico e o privado<\/p>\n\n\n\n<p>Enem 2012: O movimento imigrat\u00f3rio para o Brasil no s\u00e9culo XXI<\/p>\n\n\n\n<p>Enem 2013: Efeitos da implanta\u00e7\u00e3o da Lei Seca no Brasil<\/p>\n\n\n\n<p>Enem 2014: Publicidade infantil em quest\u00e3o no Brasil<\/p>\n\n\n\n<p>Enem 2015: A persist\u00eancia da viol\u00eancia contra a mulher na sociedade brasileira<\/p>\n\n\n\n<p>Enem 2016: Caminhos para combater a intoler\u00e2ncia religiosa no Brasil e Caminhos para combater o racismo no Brasil \u2014 neste ano houve duas aplica\u00e7\u00f5es regulares do exame.<\/p>\n\n\n\n<p>Enem 2017: Desafios para forma\u00e7\u00e3o educacional de surdos no Brasil<\/p>\n\n\n\n<p>Enem 2018: Manipula\u00e7\u00e3o do comportamento do usu\u00e1rio pelo controle de dados na internet<\/p>\n\n\n\n<p>Enem 2019: Democratiza\u00e7\u00e3o do acesso ao cinema no Brasil<\/p>\n\n\n\n<h4 class=\"wp-block-heading\">Enem<\/h4>\n\n\n\n<p>O Enem avalia o desempenho escolar ao final da educa\u00e7\u00e3o b\u00e1sica. A estrutura do exame conta com uma reda\u00e7\u00e3o e quest\u00f5es das quatro \u00e1reas de conhecimento: linguagens, c\u00f3digos e suas tecnologias; ci\u00eancias humanas e suas tecnologias; ci\u00eancias da natureza e suas tecnologias; e matem\u00e1tica e suas tecnologias. O Enem Digital 2020 ser\u00e1 aplicado nos dias 31 de janeiro e 7 de fevereiro. No total, considerando as duas vers\u00f5es (impressa e digital), o Inep confirmou 5.783.357 inscri\u00e7\u00f5es para o Enem 2020.<\/p>\n\n\n\n<p><strong><em>Fonte: <a href=\"https:\/\/agenciabrasil.ebc.com.br\/educacao\/noticia\/2021-01\/estigma-das-doencas-mentais-no-brasil-e-tema-da-redacao-do-enem\">Ag\u00eancia Brasil<\/a><\/em><\/strong><\/p>\n","protected":false},"excerpt":{"rendered":"<p>Estudantes fizeram prova neste domingo O tema da reda\u00e7\u00e3o do Exame Nacional do Ensino M\u00e9dio (Enem) desta edi\u00e7\u00e3o \u00e9 O Estigma Associado \u00e0s Doen\u00e7as Mentais na Sociedade Brasileira, conforme divulgou o Instituto Nacional de Estudos e Pesquisas Educacionais An\u00edsio Teixeira (Inep). Os candidatos fizeram as primeiras provas neste domingo (17). A aplica\u00e7\u00e3o da vers\u00e3o impressa [&hellip;]<\/p>\n","protected":false},"author":2,"featured_media":13587,"comment_status":"open","ping_status":"open","sticky":false,"template":"","format":"standard","meta":{"footnotes":""},"categories":[7],"tags":[921,1706,3405],"class_list":["post-13586","post","type-post","status-publish","format-standard","has-post-thumbnail","hentry","category-educacao","tag-enem","tag-enem-2020","tag-redacao"],"yoast_head":"<!-- This site is optimized with the Yoast SEO plugin v26.5 - https:\/\/yoast.com\/wordpress\/plugins\/seo\/ -->\n<title>Estigma das doen\u00e7as mentais no Brasil \u00e9 tema da reda\u00e7\u00e3o do Enem - Jornal Fatos e Not\u00edcias<\/title>\n<meta name=\"robots\" content=\"index, follow, max-snippet:-1, max-image-preview:large, max-video-preview:-1\" \/>\n<link rel=\"canonical\" href=\"https:\/\/jornalfatosenoticias.com.br\/index.php\/2021\/01\/18\/estigma-das-doencas-mentais-no-brasil-e-tema-da-redacao-do-enem\/\" \/>\n<meta property=\"og:locale\" content=\"pt_BR\" \/>\n<meta property=\"og:type\" content=\"article\" \/>\n<meta property=\"og:title\" content=\"Estigma das doen\u00e7as mentais no Brasil \u00e9 tema da reda\u00e7\u00e3o do Enem - Jornal Fatos e Not\u00edcias\" \/>\n<meta property=\"og:description\" content=\"Estudantes fizeram prova neste domingo O tema da reda\u00e7\u00e3o do Exame Nacional do Ensino M\u00e9dio (Enem) desta edi\u00e7\u00e3o \u00e9 O Estigma Associado \u00e0s Doen\u00e7as Mentais na Sociedade Brasileira, conforme divulgou o Instituto Nacional de Estudos e Pesquisas Educacionais An\u00edsio Teixeira (Inep). Os candidatos fizeram as primeiras provas neste domingo (17). A aplica\u00e7\u00e3o da vers\u00e3o impressa [&hellip;]\" \/>\n<meta property=\"og:url\" content=\"https:\/\/jornalfatosenoticias.com.br\/index.php\/2021\/01\/18\/estigma-das-doencas-mentais-no-brasil-e-tema-da-redacao-do-enem\/\" \/>\n<meta property=\"og:site_name\" content=\"Jornal Fatos e Not\u00edcias\" \/>\n<meta property=\"article:published_time\" content=\"2021-01-18T13:49:28+00:00\" \/>\n<meta property=\"article:modified_time\" content=\"2021-01-18T13:49:33+00:00\" \/>\n<meta property=\"og:image\" content=\"https:\/\/jornalfatosenoticias.com.br\/wp-content\/uploads\/2021\/01\/enem_redacao.jpg\" \/>\n\t<meta property=\"og:image:width\" content=\"1000\" \/>\n\t<meta property=\"og:image:height\" content=\"598\" \/>\n\t<meta property=\"og:image:type\" content=\"image\/jpeg\" \/>\n<meta name=\"author\" content=\"Luzimara Fernandes\" \/>\n<meta name=\"twitter:card\" content=\"summary_large_image\" \/>\n<meta name=\"twitter:label1\" content=\"Escrito por\" \/>\n\t<meta name=\"twitter:data1\" content=\"Luzimara Fernandes\" \/>\n\t<meta name=\"twitter:label2\" content=\"Est. tempo de leitura\" \/>\n\t<meta name=\"twitter:data2\" content=\"3 minutos\" \/>\n<script type=\"application\/ld+json\" class=\"yoast-schema-graph\">{\"@context\":\"https:\/\/schema.org\",\"@graph\":[{\"@type\":\"Article\",\"@id\":\"https:\/\/jornalfatosenoticias.com.br\/index.php\/2021\/01\/18\/estigma-das-doencas-mentais-no-brasil-e-tema-da-redacao-do-enem\/#article\",\"isPartOf\":{\"@id\":\"https:\/\/jornalfatosenoticias.com.br\/index.php\/2021\/01\/18\/estigma-das-doencas-mentais-no-brasil-e-tema-da-redacao-do-enem\/\"},\"author\":{\"name\":\"Luzimara Fernandes\",\"@id\":\"https:\/\/jornalfatosenoticias.com.br\/#\/schema\/person\/d63837fa13ac8666eb9e74e0985d6f81\"},\"headline\":\"Estigma das doen\u00e7as mentais no Brasil \u00e9 tema da reda\u00e7\u00e3o do Enem\",\"datePublished\":\"2021-01-18T13:49:28+00:00\",\"dateModified\":\"2021-01-18T13:49:33+00:00\",\"mainEntityOfPage\":{\"@id\":\"https:\/\/jornalfatosenoticias.com.br\/index.php\/2021\/01\/18\/estigma-das-doencas-mentais-no-brasil-e-tema-da-redacao-do-enem\/\"},\"wordCount\":571,\"commentCount\":0,\"publisher\":{\"@id\":\"https:\/\/jornalfatosenoticias.com.br\/#organization\"},\"image\":{\"@id\":\"https:\/\/jornalfatosenoticias.com.br\/index.php\/2021\/01\/18\/estigma-das-doencas-mentais-no-brasil-e-tema-da-redacao-do-enem\/#primaryimage\"},\"thumbnailUrl\":\"https:\/\/jornalfatosenoticias.com.br\/wp-content\/uploads\/2021\/01\/enem_redacao.jpg\",\"keywords\":[\"Enem\",\"Enem 2020\",\"reda\u00e7\u00e3o\"],\"articleSection\":[\"Educa\u00e7\u00e3o\"],\"inLanguage\":\"pt-BR\",\"potentialAction\":[{\"@type\":\"CommentAction\",\"name\":\"Comment\",\"target\":[\"https:\/\/jornalfatosenoticias.com.br\/index.php\/2021\/01\/18\/estigma-das-doencas-mentais-no-brasil-e-tema-da-redacao-do-enem\/#respond\"]}]},{\"@type\":\"WebPage\",\"@id\":\"https:\/\/jornalfatosenoticias.com.br\/index.php\/2021\/01\/18\/estigma-das-doencas-mentais-no-brasil-e-tema-da-redacao-do-enem\/\",\"url\":\"https:\/\/jornalfatosenoticias.com.br\/index.php\/2021\/01\/18\/estigma-das-doencas-mentais-no-brasil-e-tema-da-redacao-do-enem\/\",\"name\":\"Estigma das doen\u00e7as mentais no Brasil \u00e9 tema da reda\u00e7\u00e3o do Enem - Jornal Fatos e Not\u00edcias\",\"isPartOf\":{\"@id\":\"https:\/\/jornalfatosenoticias.com.br\/#website\"},\"primaryImageOfPage\":{\"@id\":\"https:\/\/jornalfatosenoticias.com.br\/index.php\/2021\/01\/18\/estigma-das-doencas-mentais-no-brasil-e-tema-da-redacao-do-enem\/#primaryimage\"},\"image\":{\"@id\":\"https:\/\/jornalfatosenoticias.com.br\/index.php\/2021\/01\/18\/estigma-das-doencas-mentais-no-brasil-e-tema-da-redacao-do-enem\/#primaryimage\"},\"thumbnailUrl\":\"https:\/\/jornalfatosenoticias.com.br\/wp-content\/uploads\/2021\/01\/enem_redacao.jpg\",\"datePublished\":\"2021-01-18T13:49:28+00:00\",\"dateModified\":\"2021-01-18T13:49:33+00:00\",\"breadcrumb\":{\"@id\":\"https:\/\/jornalfatosenoticias.com.br\/index.php\/2021\/01\/18\/estigma-das-doencas-mentais-no-brasil-e-tema-da-redacao-do-enem\/#breadcrumb\"},\"inLanguage\":\"pt-BR\",\"potentialAction\":[{\"@type\":\"ReadAction\",\"target\":[\"https:\/\/jornalfatosenoticias.com.br\/index.php\/2021\/01\/18\/estigma-das-doencas-mentais-no-brasil-e-tema-da-redacao-do-enem\/\"]}]},{\"@type\":\"ImageObject\",\"inLanguage\":\"pt-BR\",\"@id\":\"https:\/\/jornalfatosenoticias.com.br\/index.php\/2021\/01\/18\/estigma-das-doencas-mentais-no-brasil-e-tema-da-redacao-do-enem\/#primaryimage\",\"url\":\"https:\/\/jornalfatosenoticias.com.br\/wp-content\/uploads\/2021\/01\/enem_redacao.jpg\",\"contentUrl\":\"https:\/\/jornalfatosenoticias.com.br\/wp-content\/uploads\/2021\/01\/enem_redacao.jpg\",\"width\":1000,\"height\":598,\"caption\":\"Entrada dos candidatos para o primeiro dia de provas do Exame Nacional do Ensino M\u00e9dio (Enem) 2020, na Universidade Estadual do Rio de Janeiro(UERJ), na zona norte do Rio.\"},{\"@type\":\"BreadcrumbList\",\"@id\":\"https:\/\/jornalfatosenoticias.com.br\/index.php\/2021\/01\/18\/estigma-das-doencas-mentais-no-brasil-e-tema-da-redacao-do-enem\/#breadcrumb\",\"itemListElement\":[{\"@type\":\"ListItem\",\"position\":1,\"name\":\"In\u00edcio\",\"item\":\"https:\/\/jornalfatosenoticias.com.br\/\"},{\"@type\":\"ListItem\",\"position\":2,\"name\":\"Estigma das doen\u00e7as mentais no Brasil \u00e9 tema da reda\u00e7\u00e3o do Enem\"}]},{\"@type\":\"WebSite\",\"@id\":\"https:\/\/jornalfatosenoticias.com.br\/#website\",\"url\":\"https:\/\/jornalfatosenoticias.com.br\/\",\"name\":\"Jornal Fatos e Not\u00edcias\",\"description\":\"Not\u00edcias em geral\",\"publisher\":{\"@id\":\"https:\/\/jornalfatosenoticias.com.br\/#organization\"},\"potentialAction\":[{\"@type\":\"SearchAction\",\"target\":{\"@type\":\"EntryPoint\",\"urlTemplate\":\"https:\/\/jornalfatosenoticias.com.br\/?s={search_term_string}\"},\"query-input\":{\"@type\":\"PropertyValueSpecification\",\"valueRequired\":true,\"valueName\":\"search_term_string\"}}],\"inLanguage\":\"pt-BR\"},{\"@type\":\"Organization\",\"@id\":\"https:\/\/jornalfatosenoticias.com.br\/#organization\",\"name\":\"Jornal Fatos e Not\u00edcias\",\"url\":\"https:\/\/jornalfatosenoticias.com.br\/\",\"logo\":{\"@type\":\"ImageObject\",\"inLanguage\":\"pt-BR\",\"@id\":\"https:\/\/jornalfatosenoticias.com.br\/#\/schema\/logo\/image\/\",\"url\":\"https:\/\/jornalfatosenoticias.com.br\/wp-content\/uploads\/2020\/02\/logo120.png\",\"contentUrl\":\"https:\/\/jornalfatosenoticias.com.br\/wp-content\/uploads\/2020\/02\/logo120.png\",\"width\":1227,\"height\":120,\"caption\":\"Jornal Fatos e Not\u00edcias\"},\"image\":{\"@id\":\"https:\/\/jornalfatosenoticias.com.br\/#\/schema\/logo\/image\/\"}},{\"@type\":\"Person\",\"@id\":\"https:\/\/jornalfatosenoticias.com.br\/#\/schema\/person\/d63837fa13ac8666eb9e74e0985d6f81\",\"name\":\"Luzimara Fernandes\",\"image\":{\"@type\":\"ImageObject\",\"inLanguage\":\"pt-BR\",\"@id\":\"https:\/\/jornalfatosenoticias.com.br\/#\/schema\/person\/image\/\",\"url\":\"https:\/\/jornalfatosenoticias.com.br\/wp-content\/uploads\/2025\/05\/EU_portal.jpg\",\"contentUrl\":\"https:\/\/jornalfatosenoticias.com.br\/wp-content\/uploads\/2025\/05\/EU_portal.jpg\",\"caption\":\"Luzimara Fernandes\"},\"description\":\"Jornalista MTB 2358-ES\",\"sameAs\":[\"https:\/\/jornalfatosenoticias.com.br\"],\"url\":\"https:\/\/jornalfatosenoticias.com.br\/index.php\/author\/luzimara\/\"}]}<\/script>\n<!-- \/ Yoast SEO plugin. -->","yoast_head_json":{"title":"Estigma das doen\u00e7as mentais no Brasil \u00e9 tema da reda\u00e7\u00e3o do Enem - Jornal Fatos e Not\u00edcias","robots":{"index":"index","follow":"follow","max-snippet":"max-snippet:-1","max-image-preview":"max-image-preview:large","max-video-preview":"max-video-preview:-1"},"canonical":"https:\/\/jornalfatosenoticias.com.br\/index.php\/2021\/01\/18\/estigma-das-doencas-mentais-no-brasil-e-tema-da-redacao-do-enem\/","og_locale":"pt_BR","og_type":"article","og_title":"Estigma das doen\u00e7as mentais no Brasil \u00e9 tema da reda\u00e7\u00e3o do Enem - Jornal Fatos e Not\u00edcias","og_description":"Estudantes fizeram prova neste domingo O tema da reda\u00e7\u00e3o do Exame Nacional do Ensino M\u00e9dio (Enem) desta edi\u00e7\u00e3o \u00e9 O Estigma Associado \u00e0s Doen\u00e7as Mentais na Sociedade Brasileira, conforme divulgou o Instituto Nacional de Estudos e Pesquisas Educacionais An\u00edsio Teixeira (Inep). Os candidatos fizeram as primeiras provas neste domingo (17). A aplica\u00e7\u00e3o da vers\u00e3o impressa [&hellip;]","og_url":"https:\/\/jornalfatosenoticias.com.br\/index.php\/2021\/01\/18\/estigma-das-doencas-mentais-no-brasil-e-tema-da-redacao-do-enem\/","og_site_name":"Jornal Fatos e Not\u00edcias","article_published_time":"2021-01-18T13:49:28+00:00","article_modified_time":"2021-01-18T13:49:33+00:00","og_image":[{"width":1000,"height":598,"url":"https:\/\/jornalfatosenoticias.com.br\/wp-content\/uploads\/2021\/01\/enem_redacao.jpg","type":"image\/jpeg"}],"author":"Luzimara Fernandes","twitter_card":"summary_large_image","twitter_misc":{"Escrito por":"Luzimara Fernandes","Est. tempo de leitura":"3 minutos"},"schema":{"@context":"https:\/\/schema.org","@graph":[{"@type":"Article","@id":"https:\/\/jornalfatosenoticias.com.br\/index.php\/2021\/01\/18\/estigma-das-doencas-mentais-no-brasil-e-tema-da-redacao-do-enem\/#article","isPartOf":{"@id":"https:\/\/jornalfatosenoticias.com.br\/index.php\/2021\/01\/18\/estigma-das-doencas-mentais-no-brasil-e-tema-da-redacao-do-enem\/"},"author":{"name":"Luzimara Fernandes","@id":"https:\/\/jornalfatosenoticias.com.br\/#\/schema\/person\/d63837fa13ac8666eb9e74e0985d6f81"},"headline":"Estigma das doen\u00e7as mentais no Brasil \u00e9 tema da reda\u00e7\u00e3o do Enem","datePublished":"2021-01-18T13:49:28+00:00","dateModified":"2021-01-18T13:49:33+00:00","mainEntityOfPage":{"@id":"https:\/\/jornalfatosenoticias.com.br\/index.php\/2021\/01\/18\/estigma-das-doencas-mentais-no-brasil-e-tema-da-redacao-do-enem\/"},"wordCount":571,"commentCount":0,"publisher":{"@id":"https:\/\/jornalfatosenoticias.com.br\/#organization"},"image":{"@id":"https:\/\/jornalfatosenoticias.com.br\/index.php\/2021\/01\/18\/estigma-das-doencas-mentais-no-brasil-e-tema-da-redacao-do-enem\/#primaryimage"},"thumbnailUrl":"https:\/\/jornalfatosenoticias.com.br\/wp-content\/uploads\/2021\/01\/enem_redacao.jpg","keywords":["Enem","Enem 2020","reda\u00e7\u00e3o"],"articleSection":["Educa\u00e7\u00e3o"],"inLanguage":"pt-BR","potentialAction":[{"@type":"CommentAction","name":"Comment","target":["https:\/\/jornalfatosenoticias.com.br\/index.php\/2021\/01\/18\/estigma-das-doencas-mentais-no-brasil-e-tema-da-redacao-do-enem\/#respond"]}]},{"@type":"WebPage","@id":"https:\/\/jornalfatosenoticias.com.br\/index.php\/2021\/01\/18\/estigma-das-doencas-mentais-no-brasil-e-tema-da-redacao-do-enem\/","url":"https:\/\/jornalfatosenoticias.com.br\/index.php\/2021\/01\/18\/estigma-das-doencas-mentais-no-brasil-e-tema-da-redacao-do-enem\/","name":"Estigma das doen\u00e7as mentais no Brasil \u00e9 tema da reda\u00e7\u00e3o do Enem - Jornal Fatos e Not\u00edcias","isPartOf":{"@id":"https:\/\/jornalfatosenoticias.com.br\/#website"},"primaryImageOfPage":{"@id":"https:\/\/jornalfatosenoticias.com.br\/index.php\/2021\/01\/18\/estigma-das-doencas-mentais-no-brasil-e-tema-da-redacao-do-enem\/#primaryimage"},"image":{"@id":"https:\/\/jornalfatosenoticias.com.br\/index.php\/2021\/01\/18\/estigma-das-doencas-mentais-no-brasil-e-tema-da-redacao-do-enem\/#primaryimage"},"thumbnailUrl":"https:\/\/jornalfatosenoticias.com.br\/wp-content\/uploads\/2021\/01\/enem_redacao.jpg","datePublished":"2021-01-18T13:49:28+00:00","dateModified":"2021-01-18T13:49:33+00:00","breadcrumb":{"@id":"https:\/\/jornalfatosenoticias.com.br\/index.php\/2021\/01\/18\/estigma-das-doencas-mentais-no-brasil-e-tema-da-redacao-do-enem\/#breadcrumb"},"inLanguage":"pt-BR","potentialAction":[{"@type":"ReadAction","target":["https:\/\/jornalfatosenoticias.com.br\/index.php\/2021\/01\/18\/estigma-das-doencas-mentais-no-brasil-e-tema-da-redacao-do-enem\/"]}]},{"@type":"ImageObject","inLanguage":"pt-BR","@id":"https:\/\/jornalfatosenoticias.com.br\/index.php\/2021\/01\/18\/estigma-das-doencas-mentais-no-brasil-e-tema-da-redacao-do-enem\/#primaryimage","url":"https:\/\/jornalfatosenoticias.com.br\/wp-content\/uploads\/2021\/01\/enem_redacao.jpg","contentUrl":"https:\/\/jornalfatosenoticias.com.br\/wp-content\/uploads\/2021\/01\/enem_redacao.jpg","width":1000,"height":598,"caption":"Entrada dos candidatos para o primeiro dia de provas do Exame Nacional do Ensino M\u00e9dio (Enem) 2020, na Universidade Estadual do Rio de Janeiro(UERJ), na zona norte do Rio."},{"@type":"BreadcrumbList","@id":"https:\/\/jornalfatosenoticias.com.br\/index.php\/2021\/01\/18\/estigma-das-doencas-mentais-no-brasil-e-tema-da-redacao-do-enem\/#breadcrumb","itemListElement":[{"@type":"ListItem","position":1,"name":"In\u00edcio","item":"https:\/\/jornalfatosenoticias.com.br\/"},{"@type":"ListItem","position":2,"name":"Estigma das doen\u00e7as mentais no Brasil \u00e9 tema da reda\u00e7\u00e3o do Enem"}]},{"@type":"WebSite","@id":"https:\/\/jornalfatosenoticias.com.br\/#website","url":"https:\/\/jornalfatosenoticias.com.br\/","name":"Jornal Fatos e Not\u00edcias","description":"Not\u00edcias em geral","publisher":{"@id":"https:\/\/jornalfatosenoticias.com.br\/#organization"},"potentialAction":[{"@type":"SearchAction","target":{"@type":"EntryPoint","urlTemplate":"https:\/\/jornalfatosenoticias.com.br\/?s={search_term_string}"},"query-input":{"@type":"PropertyValueSpecification","valueRequired":true,"valueName":"search_term_string"}}],"inLanguage":"pt-BR"},{"@type":"Organization","@id":"https:\/\/jornalfatosenoticias.com.br\/#organization","name":"Jornal Fatos e Not\u00edcias","url":"https:\/\/jornalfatosenoticias.com.br\/","logo":{"@type":"ImageObject","inLanguage":"pt-BR","@id":"https:\/\/jornalfatosenoticias.com.br\/#\/schema\/logo\/image\/","url":"https:\/\/jornalfatosenoticias.com.br\/wp-content\/uploads\/2020\/02\/logo120.png","contentUrl":"https:\/\/jornalfatosenoticias.com.br\/wp-content\/uploads\/2020\/02\/logo120.png","width":1227,"height":120,"caption":"Jornal Fatos e Not\u00edcias"},"image":{"@id":"https:\/\/jornalfatosenoticias.com.br\/#\/schema\/logo\/image\/"}},{"@type":"Person","@id":"https:\/\/jornalfatosenoticias.com.br\/#\/schema\/person\/d63837fa13ac8666eb9e74e0985d6f81","name":"Luzimara Fernandes","image":{"@type":"ImageObject","inLanguage":"pt-BR","@id":"https:\/\/jornalfatosenoticias.com.br\/#\/schema\/person\/image\/","url":"https:\/\/jornalfatosenoticias.com.br\/wp-content\/uploads\/2025\/05\/EU_portal.jpg","contentUrl":"https:\/\/jornalfatosenoticias.com.br\/wp-content\/uploads\/2025\/05\/EU_portal.jpg","caption":"Luzimara Fernandes"},"description":"Jornalista MTB 2358-ES","sameAs":["https:\/\/jornalfatosenoticias.com.br"],"url":"https:\/\/jornalfatosenoticias.com.br\/index.php\/author\/luzimara\/"}]}},"cc_featured_image_caption":{"caption_text":"(Foto: T\u00e2nia R\u00eago\/Ag\u00eancia Brasil)","source_text":"","source_url":""},"jetpack_featured_media_url":"https:\/\/jornalfatosenoticias.com.br\/wp-content\/uploads\/2021\/01\/enem_redacao.jpg","_links":{"self":[{"href":"https:\/\/jornalfatosenoticias.com.br\/index.php\/wp-json\/wp\/v2\/posts\/13586","targetHints":{"allow":["GET"]}}],"collection":[{"href":"https:\/\/jornalfatosenoticias.com.br\/index.php\/wp-json\/wp\/v2\/posts"}],"about":[{"href":"https:\/\/jornalfatosenoticias.com.br\/index.php\/wp-json\/wp\/v2\/types\/post"}],"author":[{"embeddable":true,"href":"https:\/\/jornalfatosenoticias.com.br\/index.php\/wp-json\/wp\/v2\/users\/2"}],"replies":[{"embeddable":true,"href":"https:\/\/jornalfatosenoticias.com.br\/index.php\/wp-json\/wp\/v2\/comments?post=13586"}],"version-history":[{"count":0,"href":"https:\/\/jornalfatosenoticias.com.br\/index.php\/wp-json\/wp\/v2\/posts\/13586\/revisions"}],"wp:featuredmedia":[{"embeddable":true,"href":"https:\/\/jornalfatosenoticias.com.br\/index.php\/wp-json\/wp\/v2\/media\/13587"}],"wp:attachment":[{"href":"https:\/\/jornalfatosenoticias.com.br\/index.php\/wp-json\/wp\/v2\/media?parent=13586"}],"wp:term":[{"taxonomy":"category","embeddable":true,"href":"https:\/\/jornalfatosenoticias.com.br\/index.php\/wp-json\/wp\/v2\/categories?post=13586"},{"taxonomy":"post_tag","embeddable":true,"href":"https:\/\/jornalfatosenoticias.com.br\/index.php\/wp-json\/wp\/v2\/tags?post=13586"}],"curies":[{"name":"wp","href":"https:\/\/api.w.org\/{rel}","templated":true}]}}