{"id":13610,"date":"2021-01-18T14:24:43","date_gmt":"2021-01-18T17:24:43","guid":{"rendered":"https:\/\/jornalfatosenoticias.com.br\/?p=13610"},"modified":"2021-01-18T14:26:18","modified_gmt":"2021-01-18T17:26:18","slug":"governador-casagrande-anuncia-inicio-da-vacinacao-contra-covid-19-nesta-segunda-18","status":"publish","type":"post","link":"https:\/\/jornalfatosenoticias.com.br\/index.php\/2021\/01\/18\/governador-casagrande-anuncia-inicio-da-vacinacao-contra-covid-19-nesta-segunda-18\/","title":{"rendered":"Governador Casagrande anuncia in\u00edcio da vacina\u00e7\u00e3o contra covid-19 nesta segunda (18)"},"content":{"rendered":"\n<p>O governador do Esp\u00edrito Santo, Renato Casagrande, anunciou o in\u00edcio da vacina\u00e7\u00e3o contra o novo coronav\u00edrus (covid-19) para esta segunda-feira (18), assim que as doses da vacina estiverem dispon\u00edveis. A previs\u00e3o \u00e9 de que a primeira dose da CoronaVac seja aplicada em profissional de sa\u00fade, \u00e0s 17 horas, no Hospital Estadual Dr. Jayme dos Santos Neves, refer\u00eancia no tratamento de pacientes com a doen\u00e7a.<\/p>\n\n\n\n<blockquote class=\"wp-block-quote is-layout-flow wp-block-quote-is-layout-flow\"><p>\u201c\u00c9 um dia hist\u00f3rico para todos n\u00f3s. Estamos acompanhando o carregamento das vacinas nos cargueiros que ir\u00e3o para os Estados ainda hoje. Chegando ao Esp\u00edrito Santo, vamos iniciar imediatamente a imuniza\u00e7\u00e3o dos capixabas, seguindo o Plano Nacional de Imuniza\u00e7\u00e3o. Estamos preparados para iniciar a vacina\u00e7\u00e3o imediatamente\u201d, afirmou o governador Casagrande.<\/p><\/blockquote>\n\n\n\n<p>Pela manh\u00e3, o governador participou do ato simb\u00f3lico de entrega das doses da CoronaVac, realizado no Centro de Log\u00edstica do Minist\u00e9rio da Sa\u00fade, no Aeroporto de Guarulhos, em S\u00e3o Paulo (SP). No evento, o ministro da Sa\u00fade, Eduardo Pazuello, informou que as vacinas chegariam aos estados ainda nesta segunda.<br>Ap\u00f3s o ato solene, Casagrande e os demais governadores visitaram a c\u00e2mara fria onde estava estocada parte das vacinas. Em seguida, a comitiva foi at\u00e9 a base a\u00e9rea, de onde partem os avi\u00f5es cargueiros da For\u00e7a A\u00e9rea Brasileira (FAB) com as doses do imunizante para os estados.<br>O Esp\u00edrito Santo receber\u00e1 inicialmente 95.440 doses da vacina do Instituto Butantan, que ser\u00e3o destinadas aos grupos priorit\u00e1rios de vacina\u00e7\u00e3o, de acordo com o Plano Nacional de Imuniza\u00e7\u00f5es (PNI). O uso emergencial da CoronaVac foi aprovado nesse domingo (17) pela Ag\u00eancia Nacional de Vigil\u00e2ncia Sanit\u00e1ria (Anvisa).<br>O p\u00fablico-alvo dessa primeira etapa da imuniza\u00e7\u00e3o contra a Covid-19 \u00e9 formado por: trabalhadores da sa\u00fade da linha de frente no combate \u00e0 doen\u00e7a; pessoas idosas residentes em institui\u00e7\u00f5es de longa perman\u00eancia (institucionalizadas); pessoas a partir de 18 anos de idade com defici\u00eancia, residentes em Resid\u00eancias Inclusivas (institucionalizadas); e popula\u00e7\u00e3o ind\u00edgena vivendo em terras ind\u00edgenas.<\/p>\n\n\n\n<p><strong><em>Fonte: <a href=\"https:\/\/www.es.gov.br\/Noticia\/governador-casagrande-anuncia-inicio-da-vacinacao-contra-covid-19-nesta-segunda-18#prettyPhoto\">Governo-ES<\/a><\/em><\/strong><\/p>\n","protected":false},"excerpt":{"rendered":"<p>O governador do Esp\u00edrito Santo, Renato Casagrande, anunciou o in\u00edcio da vacina\u00e7\u00e3o contra o novo coronav\u00edrus (covid-19) para esta segunda-feira (18), assim que as doses da vacina estiverem dispon\u00edveis. A previs\u00e3o \u00e9 de que a primeira dose da CoronaVac seja aplicada em profissional de sa\u00fade, \u00e0s 17 horas, no Hospital Estadual Dr. Jayme dos Santos [&hellip;]<\/p>\n","protected":false},"author":2,"featured_media":13611,"comment_status":"open","ping_status":"open","sticky":false,"template":"","format":"standard","meta":{"footnotes":""},"categories":[5],"tags":[6482,273,706,563],"class_list":["post-13610","post","type-post","status-publish","format-standard","has-post-thumbnail","hentry","category-geral","tag-coronavac","tag-covid-19","tag-renato-casagrande","tag-vacina"],"yoast_head":"<!-- This site is optimized with the Yoast SEO plugin v26.5 - https:\/\/yoast.com\/wordpress\/plugins\/seo\/ -->\n<title>Governador Casagrande anuncia in\u00edcio da vacina\u00e7\u00e3o contra covid-19 nesta segunda (18) - Jornal Fatos e Not\u00edcias<\/title>\n<meta name=\"robots\" content=\"index, follow, max-snippet:-1, max-image-preview:large, max-video-preview:-1\" \/>\n<link rel=\"canonical\" href=\"https:\/\/jornalfatosenoticias.com.br\/index.php\/2021\/01\/18\/governador-casagrande-anuncia-inicio-da-vacinacao-contra-covid-19-nesta-segunda-18\/\" \/>\n<meta property=\"og:locale\" content=\"pt_BR\" \/>\n<meta property=\"og:type\" content=\"article\" \/>\n<meta property=\"og:title\" content=\"Governador Casagrande anuncia in\u00edcio da vacina\u00e7\u00e3o contra covid-19 nesta segunda (18) - Jornal Fatos e Not\u00edcias\" \/>\n<meta property=\"og:description\" content=\"O governador do Esp\u00edrito Santo, Renato Casagrande, anunciou o in\u00edcio da vacina\u00e7\u00e3o contra o novo coronav\u00edrus (covid-19) para esta segunda-feira (18), assim que as doses da vacina estiverem dispon\u00edveis. A previs\u00e3o \u00e9 de que a primeira dose da CoronaVac seja aplicada em profissional de sa\u00fade, \u00e0s 17 horas, no Hospital Estadual Dr. Jayme dos Santos [&hellip;]\" \/>\n<meta property=\"og:url\" content=\"https:\/\/jornalfatosenoticias.com.br\/index.php\/2021\/01\/18\/governador-casagrande-anuncia-inicio-da-vacinacao-contra-covid-19-nesta-segunda-18\/\" \/>\n<meta property=\"og:site_name\" content=\"Jornal Fatos e Not\u00edcias\" \/>\n<meta property=\"article:published_time\" content=\"2021-01-18T17:24:43+00:00\" \/>\n<meta property=\"article:modified_time\" content=\"2021-01-18T17:26:18+00:00\" \/>\n<meta property=\"og:image\" content=\"https:\/\/jornalfatosenoticias.com.br\/wp-content\/uploads\/2021\/01\/Casagrande_Giovani-Pagotto-Governo-ES.jpeg\" \/>\n\t<meta property=\"og:image:width\" content=\"1000\" \/>\n\t<meta property=\"og:image:height\" content=\"750\" \/>\n\t<meta property=\"og:image:type\" content=\"image\/jpeg\" \/>\n<meta name=\"author\" content=\"Luzimara Fernandes\" \/>\n<meta name=\"twitter:card\" content=\"summary_large_image\" \/>\n<meta name=\"twitter:label1\" content=\"Escrito por\" \/>\n\t<meta name=\"twitter:data1\" content=\"Luzimara Fernandes\" \/>\n\t<meta name=\"twitter:label2\" content=\"Est. tempo de leitura\" \/>\n\t<meta name=\"twitter:data2\" content=\"2 minutos\" \/>\n<script type=\"application\/ld+json\" class=\"yoast-schema-graph\">{\"@context\":\"https:\/\/schema.org\",\"@graph\":[{\"@type\":\"Article\",\"@id\":\"https:\/\/jornalfatosenoticias.com.br\/index.php\/2021\/01\/18\/governador-casagrande-anuncia-inicio-da-vacinacao-contra-covid-19-nesta-segunda-18\/#article\",\"isPartOf\":{\"@id\":\"https:\/\/jornalfatosenoticias.com.br\/index.php\/2021\/01\/18\/governador-casagrande-anuncia-inicio-da-vacinacao-contra-covid-19-nesta-segunda-18\/\"},\"author\":{\"name\":\"Luzimara Fernandes\",\"@id\":\"https:\/\/jornalfatosenoticias.com.br\/#\/schema\/person\/d63837fa13ac8666eb9e74e0985d6f81\"},\"headline\":\"Governador Casagrande anuncia in\u00edcio da vacina\u00e7\u00e3o contra covid-19 nesta segunda (18)\",\"datePublished\":\"2021-01-18T17:24:43+00:00\",\"dateModified\":\"2021-01-18T17:26:18+00:00\",\"mainEntityOfPage\":{\"@id\":\"https:\/\/jornalfatosenoticias.com.br\/index.php\/2021\/01\/18\/governador-casagrande-anuncia-inicio-da-vacinacao-contra-covid-19-nesta-segunda-18\/\"},\"wordCount\":363,\"commentCount\":0,\"publisher\":{\"@id\":\"https:\/\/jornalfatosenoticias.com.br\/#organization\"},\"image\":{\"@id\":\"https:\/\/jornalfatosenoticias.com.br\/index.php\/2021\/01\/18\/governador-casagrande-anuncia-inicio-da-vacinacao-contra-covid-19-nesta-segunda-18\/#primaryimage\"},\"thumbnailUrl\":\"https:\/\/jornalfatosenoticias.com.br\/wp-content\/uploads\/2021\/01\/Casagrande_Giovani-Pagotto-Governo-ES.jpeg\",\"keywords\":[\"CoronaVac\",\"covid-19\",\"Renato Casagrande\",\"vacina\"],\"articleSection\":[\"Geral\"],\"inLanguage\":\"pt-BR\",\"potentialAction\":[{\"@type\":\"CommentAction\",\"name\":\"Comment\",\"target\":[\"https:\/\/jornalfatosenoticias.com.br\/index.php\/2021\/01\/18\/governador-casagrande-anuncia-inicio-da-vacinacao-contra-covid-19-nesta-segunda-18\/#respond\"]}]},{\"@type\":\"WebPage\",\"@id\":\"https:\/\/jornalfatosenoticias.com.br\/index.php\/2021\/01\/18\/governador-casagrande-anuncia-inicio-da-vacinacao-contra-covid-19-nesta-segunda-18\/\",\"url\":\"https:\/\/jornalfatosenoticias.com.br\/index.php\/2021\/01\/18\/governador-casagrande-anuncia-inicio-da-vacinacao-contra-covid-19-nesta-segunda-18\/\",\"name\":\"Governador Casagrande anuncia in\u00edcio da vacina\u00e7\u00e3o contra covid-19 nesta segunda (18) - Jornal Fatos e Not\u00edcias\",\"isPartOf\":{\"@id\":\"https:\/\/jornalfatosenoticias.com.br\/#website\"},\"primaryImageOfPage\":{\"@id\":\"https:\/\/jornalfatosenoticias.com.br\/index.php\/2021\/01\/18\/governador-casagrande-anuncia-inicio-da-vacinacao-contra-covid-19-nesta-segunda-18\/#primaryimage\"},\"image\":{\"@id\":\"https:\/\/jornalfatosenoticias.com.br\/index.php\/2021\/01\/18\/governador-casagrande-anuncia-inicio-da-vacinacao-contra-covid-19-nesta-segunda-18\/#primaryimage\"},\"thumbnailUrl\":\"https:\/\/jornalfatosenoticias.com.br\/wp-content\/uploads\/2021\/01\/Casagrande_Giovani-Pagotto-Governo-ES.jpeg\",\"datePublished\":\"2021-01-18T17:24:43+00:00\",\"dateModified\":\"2021-01-18T17:26:18+00:00\",\"breadcrumb\":{\"@id\":\"https:\/\/jornalfatosenoticias.com.br\/index.php\/2021\/01\/18\/governador-casagrande-anuncia-inicio-da-vacinacao-contra-covid-19-nesta-segunda-18\/#breadcrumb\"},\"inLanguage\":\"pt-BR\",\"potentialAction\":[{\"@type\":\"ReadAction\",\"target\":[\"https:\/\/jornalfatosenoticias.com.br\/index.php\/2021\/01\/18\/governador-casagrande-anuncia-inicio-da-vacinacao-contra-covid-19-nesta-segunda-18\/\"]}]},{\"@type\":\"ImageObject\",\"inLanguage\":\"pt-BR\",\"@id\":\"https:\/\/jornalfatosenoticias.com.br\/index.php\/2021\/01\/18\/governador-casagrande-anuncia-inicio-da-vacinacao-contra-covid-19-nesta-segunda-18\/#primaryimage\",\"url\":\"https:\/\/jornalfatosenoticias.com.br\/wp-content\/uploads\/2021\/01\/Casagrande_Giovani-Pagotto-Governo-ES.jpeg\",\"contentUrl\":\"https:\/\/jornalfatosenoticias.com.br\/wp-content\/uploads\/2021\/01\/Casagrande_Giovani-Pagotto-Governo-ES.jpeg\",\"width\":1000,\"height\":750},{\"@type\":\"BreadcrumbList\",\"@id\":\"https:\/\/jornalfatosenoticias.com.br\/index.php\/2021\/01\/18\/governador-casagrande-anuncia-inicio-da-vacinacao-contra-covid-19-nesta-segunda-18\/#breadcrumb\",\"itemListElement\":[{\"@type\":\"ListItem\",\"position\":1,\"name\":\"In\u00edcio\",\"item\":\"https:\/\/jornalfatosenoticias.com.br\/\"},{\"@type\":\"ListItem\",\"position\":2,\"name\":\"Governador Casagrande anuncia in\u00edcio da vacina\u00e7\u00e3o contra covid-19 nesta segunda (18)\"}]},{\"@type\":\"WebSite\",\"@id\":\"https:\/\/jornalfatosenoticias.com.br\/#website\",\"url\":\"https:\/\/jornalfatosenoticias.com.br\/\",\"name\":\"Jornal Fatos e Not\u00edcias\",\"description\":\"Not\u00edcias em geral\",\"publisher\":{\"@id\":\"https:\/\/jornalfatosenoticias.com.br\/#organization\"},\"potentialAction\":[{\"@type\":\"SearchAction\",\"target\":{\"@type\":\"EntryPoint\",\"urlTemplate\":\"https:\/\/jornalfatosenoticias.com.br\/?s={search_term_string}\"},\"query-input\":{\"@type\":\"PropertyValueSpecification\",\"valueRequired\":true,\"valueName\":\"search_term_string\"}}],\"inLanguage\":\"pt-BR\"},{\"@type\":\"Organization\",\"@id\":\"https:\/\/jornalfatosenoticias.com.br\/#organization\",\"name\":\"Jornal Fatos e Not\u00edcias\",\"url\":\"https:\/\/jornalfatosenoticias.com.br\/\",\"logo\":{\"@type\":\"ImageObject\",\"inLanguage\":\"pt-BR\",\"@id\":\"https:\/\/jornalfatosenoticias.com.br\/#\/schema\/logo\/image\/\",\"url\":\"https:\/\/jornalfatosenoticias.com.br\/wp-content\/uploads\/2020\/02\/logo120.png\",\"contentUrl\":\"https:\/\/jornalfatosenoticias.com.br\/wp-content\/uploads\/2020\/02\/logo120.png\",\"width\":1227,\"height\":120,\"caption\":\"Jornal Fatos e Not\u00edcias\"},\"image\":{\"@id\":\"https:\/\/jornalfatosenoticias.com.br\/#\/schema\/logo\/image\/\"}},{\"@type\":\"Person\",\"@id\":\"https:\/\/jornalfatosenoticias.com.br\/#\/schema\/person\/d63837fa13ac8666eb9e74e0985d6f81\",\"name\":\"Luzimara Fernandes\",\"image\":{\"@type\":\"ImageObject\",\"inLanguage\":\"pt-BR\",\"@id\":\"https:\/\/jornalfatosenoticias.com.br\/#\/schema\/person\/image\/\",\"url\":\"https:\/\/jornalfatosenoticias.com.br\/wp-content\/uploads\/2025\/05\/EU_portal.jpg\",\"contentUrl\":\"https:\/\/jornalfatosenoticias.com.br\/wp-content\/uploads\/2025\/05\/EU_portal.jpg\",\"caption\":\"Luzimara Fernandes\"},\"description\":\"Jornalista MTB 2358-ES\",\"sameAs\":[\"https:\/\/jornalfatosenoticias.com.br\"],\"url\":\"https:\/\/jornalfatosenoticias.com.br\/index.php\/author\/luzimara\/\"}]}<\/script>\n<!-- \/ Yoast SEO plugin. -->","yoast_head_json":{"title":"Governador Casagrande anuncia in\u00edcio da vacina\u00e7\u00e3o contra covid-19 nesta segunda (18) - Jornal Fatos e Not\u00edcias","robots":{"index":"index","follow":"follow","max-snippet":"max-snippet:-1","max-image-preview":"max-image-preview:large","max-video-preview":"max-video-preview:-1"},"canonical":"https:\/\/jornalfatosenoticias.com.br\/index.php\/2021\/01\/18\/governador-casagrande-anuncia-inicio-da-vacinacao-contra-covid-19-nesta-segunda-18\/","og_locale":"pt_BR","og_type":"article","og_title":"Governador Casagrande anuncia in\u00edcio da vacina\u00e7\u00e3o contra covid-19 nesta segunda (18) - Jornal Fatos e Not\u00edcias","og_description":"O governador do Esp\u00edrito Santo, Renato Casagrande, anunciou o in\u00edcio da vacina\u00e7\u00e3o contra o novo coronav\u00edrus (covid-19) para esta segunda-feira (18), assim que as doses da vacina estiverem dispon\u00edveis. A previs\u00e3o \u00e9 de que a primeira dose da CoronaVac seja aplicada em profissional de sa\u00fade, \u00e0s 17 horas, no Hospital Estadual Dr. Jayme dos Santos [&hellip;]","og_url":"https:\/\/jornalfatosenoticias.com.br\/index.php\/2021\/01\/18\/governador-casagrande-anuncia-inicio-da-vacinacao-contra-covid-19-nesta-segunda-18\/","og_site_name":"Jornal Fatos e Not\u00edcias","article_published_time":"2021-01-18T17:24:43+00:00","article_modified_time":"2021-01-18T17:26:18+00:00","og_image":[{"width":1000,"height":750,"url":"https:\/\/jornalfatosenoticias.com.br\/wp-content\/uploads\/2021\/01\/Casagrande_Giovani-Pagotto-Governo-ES.jpeg","type":"image\/jpeg"}],"author":"Luzimara Fernandes","twitter_card":"summary_large_image","twitter_misc":{"Escrito por":"Luzimara Fernandes","Est. tempo de leitura":"2 minutos"},"schema":{"@context":"https:\/\/schema.org","@graph":[{"@type":"Article","@id":"https:\/\/jornalfatosenoticias.com.br\/index.php\/2021\/01\/18\/governador-casagrande-anuncia-inicio-da-vacinacao-contra-covid-19-nesta-segunda-18\/#article","isPartOf":{"@id":"https:\/\/jornalfatosenoticias.com.br\/index.php\/2021\/01\/18\/governador-casagrande-anuncia-inicio-da-vacinacao-contra-covid-19-nesta-segunda-18\/"},"author":{"name":"Luzimara Fernandes","@id":"https:\/\/jornalfatosenoticias.com.br\/#\/schema\/person\/d63837fa13ac8666eb9e74e0985d6f81"},"headline":"Governador Casagrande anuncia in\u00edcio da vacina\u00e7\u00e3o contra covid-19 nesta segunda (18)","datePublished":"2021-01-18T17:24:43+00:00","dateModified":"2021-01-18T17:26:18+00:00","mainEntityOfPage":{"@id":"https:\/\/jornalfatosenoticias.com.br\/index.php\/2021\/01\/18\/governador-casagrande-anuncia-inicio-da-vacinacao-contra-covid-19-nesta-segunda-18\/"},"wordCount":363,"commentCount":0,"publisher":{"@id":"https:\/\/jornalfatosenoticias.com.br\/#organization"},"image":{"@id":"https:\/\/jornalfatosenoticias.com.br\/index.php\/2021\/01\/18\/governador-casagrande-anuncia-inicio-da-vacinacao-contra-covid-19-nesta-segunda-18\/#primaryimage"},"thumbnailUrl":"https:\/\/jornalfatosenoticias.com.br\/wp-content\/uploads\/2021\/01\/Casagrande_Giovani-Pagotto-Governo-ES.jpeg","keywords":["CoronaVac","covid-19","Renato Casagrande","vacina"],"articleSection":["Geral"],"inLanguage":"pt-BR","potentialAction":[{"@type":"CommentAction","name":"Comment","target":["https:\/\/jornalfatosenoticias.com.br\/index.php\/2021\/01\/18\/governador-casagrande-anuncia-inicio-da-vacinacao-contra-covid-19-nesta-segunda-18\/#respond"]}]},{"@type":"WebPage","@id":"https:\/\/jornalfatosenoticias.com.br\/index.php\/2021\/01\/18\/governador-casagrande-anuncia-inicio-da-vacinacao-contra-covid-19-nesta-segunda-18\/","url":"https:\/\/jornalfatosenoticias.com.br\/index.php\/2021\/01\/18\/governador-casagrande-anuncia-inicio-da-vacinacao-contra-covid-19-nesta-segunda-18\/","name":"Governador Casagrande anuncia in\u00edcio da vacina\u00e7\u00e3o contra covid-19 nesta segunda (18) - Jornal Fatos e Not\u00edcias","isPartOf":{"@id":"https:\/\/jornalfatosenoticias.com.br\/#website"},"primaryImageOfPage":{"@id":"https:\/\/jornalfatosenoticias.com.br\/index.php\/2021\/01\/18\/governador-casagrande-anuncia-inicio-da-vacinacao-contra-covid-19-nesta-segunda-18\/#primaryimage"},"image":{"@id":"https:\/\/jornalfatosenoticias.com.br\/index.php\/2021\/01\/18\/governador-casagrande-anuncia-inicio-da-vacinacao-contra-covid-19-nesta-segunda-18\/#primaryimage"},"thumbnailUrl":"https:\/\/jornalfatosenoticias.com.br\/wp-content\/uploads\/2021\/01\/Casagrande_Giovani-Pagotto-Governo-ES.jpeg","datePublished":"2021-01-18T17:24:43+00:00","dateModified":"2021-01-18T17:26:18+00:00","breadcrumb":{"@id":"https:\/\/jornalfatosenoticias.com.br\/index.php\/2021\/01\/18\/governador-casagrande-anuncia-inicio-da-vacinacao-contra-covid-19-nesta-segunda-18\/#breadcrumb"},"inLanguage":"pt-BR","potentialAction":[{"@type":"ReadAction","target":["https:\/\/jornalfatosenoticias.com.br\/index.php\/2021\/01\/18\/governador-casagrande-anuncia-inicio-da-vacinacao-contra-covid-19-nesta-segunda-18\/"]}]},{"@type":"ImageObject","inLanguage":"pt-BR","@id":"https:\/\/jornalfatosenoticias.com.br\/index.php\/2021\/01\/18\/governador-casagrande-anuncia-inicio-da-vacinacao-contra-covid-19-nesta-segunda-18\/#primaryimage","url":"https:\/\/jornalfatosenoticias.com.br\/wp-content\/uploads\/2021\/01\/Casagrande_Giovani-Pagotto-Governo-ES.jpeg","contentUrl":"https:\/\/jornalfatosenoticias.com.br\/wp-content\/uploads\/2021\/01\/Casagrande_Giovani-Pagotto-Governo-ES.jpeg","width":1000,"height":750},{"@type":"BreadcrumbList","@id":"https:\/\/jornalfatosenoticias.com.br\/index.php\/2021\/01\/18\/governador-casagrande-anuncia-inicio-da-vacinacao-contra-covid-19-nesta-segunda-18\/#breadcrumb","itemListElement":[{"@type":"ListItem","position":1,"name":"In\u00edcio","item":"https:\/\/jornalfatosenoticias.com.br\/"},{"@type":"ListItem","position":2,"name":"Governador Casagrande anuncia in\u00edcio da vacina\u00e7\u00e3o contra covid-19 nesta segunda (18)"}]},{"@type":"WebSite","@id":"https:\/\/jornalfatosenoticias.com.br\/#website","url":"https:\/\/jornalfatosenoticias.com.br\/","name":"Jornal Fatos e Not\u00edcias","description":"Not\u00edcias em geral","publisher":{"@id":"https:\/\/jornalfatosenoticias.com.br\/#organization"},"potentialAction":[{"@type":"SearchAction","target":{"@type":"EntryPoint","urlTemplate":"https:\/\/jornalfatosenoticias.com.br\/?s={search_term_string}"},"query-input":{"@type":"PropertyValueSpecification","valueRequired":true,"valueName":"search_term_string"}}],"inLanguage":"pt-BR"},{"@type":"Organization","@id":"https:\/\/jornalfatosenoticias.com.br\/#organization","name":"Jornal Fatos e Not\u00edcias","url":"https:\/\/jornalfatosenoticias.com.br\/","logo":{"@type":"ImageObject","inLanguage":"pt-BR","@id":"https:\/\/jornalfatosenoticias.com.br\/#\/schema\/logo\/image\/","url":"https:\/\/jornalfatosenoticias.com.br\/wp-content\/uploads\/2020\/02\/logo120.png","contentUrl":"https:\/\/jornalfatosenoticias.com.br\/wp-content\/uploads\/2020\/02\/logo120.png","width":1227,"height":120,"caption":"Jornal Fatos e Not\u00edcias"},"image":{"@id":"https:\/\/jornalfatosenoticias.com.br\/#\/schema\/logo\/image\/"}},{"@type":"Person","@id":"https:\/\/jornalfatosenoticias.com.br\/#\/schema\/person\/d63837fa13ac8666eb9e74e0985d6f81","name":"Luzimara Fernandes","image":{"@type":"ImageObject","inLanguage":"pt-BR","@id":"https:\/\/jornalfatosenoticias.com.br\/#\/schema\/person\/image\/","url":"https:\/\/jornalfatosenoticias.com.br\/wp-content\/uploads\/2025\/05\/EU_portal.jpg","contentUrl":"https:\/\/jornalfatosenoticias.com.br\/wp-content\/uploads\/2025\/05\/EU_portal.jpg","caption":"Luzimara Fernandes"},"description":"Jornalista MTB 2358-ES","sameAs":["https:\/\/jornalfatosenoticias.com.br"],"url":"https:\/\/jornalfatosenoticias.com.br\/index.php\/author\/luzimara\/"}]}},"cc_featured_image_caption":{"caption_text":"(Giovani Pagotto\/Governo-ES)","source_text":"","source_url":""},"jetpack_featured_media_url":"https:\/\/jornalfatosenoticias.com.br\/wp-content\/uploads\/2021\/01\/Casagrande_Giovani-Pagotto-Governo-ES.jpeg","_links":{"self":[{"href":"https:\/\/jornalfatosenoticias.com.br\/index.php\/wp-json\/wp\/v2\/posts\/13610","targetHints":{"allow":["GET"]}}],"collection":[{"href":"https:\/\/jornalfatosenoticias.com.br\/index.php\/wp-json\/wp\/v2\/posts"}],"about":[{"href":"https:\/\/jornalfatosenoticias.com.br\/index.php\/wp-json\/wp\/v2\/types\/post"}],"author":[{"embeddable":true,"href":"https:\/\/jornalfatosenoticias.com.br\/index.php\/wp-json\/wp\/v2\/users\/2"}],"replies":[{"embeddable":true,"href":"https:\/\/jornalfatosenoticias.com.br\/index.php\/wp-json\/wp\/v2\/comments?post=13610"}],"version-history":[{"count":0,"href":"https:\/\/jornalfatosenoticias.com.br\/index.php\/wp-json\/wp\/v2\/posts\/13610\/revisions"}],"wp:featuredmedia":[{"embeddable":true,"href":"https:\/\/jornalfatosenoticias.com.br\/index.php\/wp-json\/wp\/v2\/media\/13611"}],"wp:attachment":[{"href":"https:\/\/jornalfatosenoticias.com.br\/index.php\/wp-json\/wp\/v2\/media?parent=13610"}],"wp:term":[{"taxonomy":"category","embeddable":true,"href":"https:\/\/jornalfatosenoticias.com.br\/index.php\/wp-json\/wp\/v2\/categories?post=13610"},{"taxonomy":"post_tag","embeddable":true,"href":"https:\/\/jornalfatosenoticias.com.br\/index.php\/wp-json\/wp\/v2\/tags?post=13610"}],"curies":[{"name":"wp","href":"https:\/\/api.w.org\/{rel}","templated":true}]}}