{"id":13613,"date":"2021-01-18T14:35:09","date_gmt":"2021-01-18T17:35:09","guid":{"rendered":"https:\/\/jornalfatosenoticias.com.br\/?p=13613"},"modified":"2021-01-18T14:35:14","modified_gmt":"2021-01-18T17:35:14","slug":"credito-para-empresas-do-setor-turistico","status":"publish","type":"post","link":"https:\/\/jornalfatosenoticias.com.br\/index.php\/2021\/01\/18\/credito-para-empresas-do-setor-turistico\/","title":{"rendered":"Cr\u00e9dito para empresas do setor tur\u00edstico"},"content":{"rendered":"\n<h6 class=\"wp-block-heading\"><em>Os empres\u00e1rios podem contratar recursos do Fundo Geral do Turismo, com o uso de garantia do Fundo de Aval Bandes<\/em><\/h6>\n\n\n\n<p>Os empreendimentos capixabas do setor tur\u00edstico fortemente impactados com as medidas de distanciamento social dos \u00faltimos meses t\u00eam recursos dispon\u00edveis com os financiamentos do Banco de Desenvolvimento do Esp\u00edrito Santo (Bandes). Os empres\u00e1rios podem contratar recursos do Fundo Geral do Turismo (Fungetur), com o uso de garantia do Fundo de Aval Bandes.<br>O Bandes \u00e9 uma das dez institui\u00e7\u00f5es de desenvolvimento no Pa\u00eds que repassa os recursos do Minist\u00e9rio do Turismo no Estado. Com o Fungetur, bares, lanchonetes, caf\u00e9s e empresas do ramo de hospedagem podem investir, com car\u00eancia e prazo de pagamentos adequados ao neg\u00f3cio, podendo chegar at\u00e9 60 meses.<br>As condi\u00e7\u00f5es da linha foram apresentadas, na \u00faltima quinta-feira (14), pelo diretor-presidente interino do Bandes, Luiz Fernando Castro de Mello Leit\u00e3o, durante posse da institui\u00e7\u00e3o no Conselho Estadual de Turismo (Contures). O conselho abrange tem\u00e1ticas de promo\u00e7\u00e3o tur\u00edstica, gest\u00e3o e regionaliza\u00e7\u00e3o, qualifica\u00e7\u00e3o profissional e infraestrutura tur\u00edstica do Estado.<\/p>\n\n\n\n<h4 class=\"wp-block-heading\">Amplia\u00e7\u00e3o de garantias ao cr\u00e9dito contratado<\/h4>\n\n\n\n<p>O Fundo de Aval Bandes \u00e9 um mecanismo garantidor \u00e0 contrata\u00e7\u00e3o de opera\u00e7\u00f5es de cr\u00e9dito para financiamento junto \u00e0s institui\u00e7\u00f5es financeiras, criado pelo governo do Estado como uma das a\u00e7\u00f5es econ\u00f4micas de enfrentamento \u00e0 pandemia. O Fundo, gerido pelo Bandes, tem o objetivo de prestar garantia, total ou parcial, aos empres\u00e1rios que n\u00e3o consigam apresentar outras formas de garantia. Ou seja, o Fundo de Aval atua como avalista do empreendedor do setor tur\u00edstico que mais precisa contar com os recursos neste momento.<\/p>\n\n\n\n<h4 class=\"wp-block-heading\">Quem pode contratar?<\/h4>\n\n\n\n<p>A linha \u00e9 destinada a microempreendedores individuais, microempresas e empresas de pequeno porte, cuja receita operacional bruta anual n\u00e3o ultrapasse o teto definido no Estatuto Nacional da Microempresa e da Empresa de Pequeno Porte (at\u00e9 R$ 4,8 milh\u00f5es).<br>Podem buscar os financiamentos empresas de hospedagem, ag\u00eancias de turismo, organizadoras de eventos, parques tem\u00e1ticos, acampamentos tur\u00edsticos, centros de conven\u00e7\u00f5es, parques aqu\u00e1ticos, prestadoras de servi\u00e7os de infraestrutura para eventos, restaurantes, cafeterias, bares, entre outros servi\u00e7os do setor de turismo com cadastro no Minist\u00e9rio do Turismo (Cadastur), que atuem em todos os munic\u00edpios capixabas.<br>A garantia do Fundo de Aval poder\u00e1 cobrir financiamentos de at\u00e9 15% da receita bruta e, no m\u00e1ximo, a 10% do valor de refer\u00eancia de enquadramento no Estatuto Nacional da Microempresa e da Empresa de Pequeno, ou seja, at\u00e9 R$ 480 mil.<\/p>\n\n\n\n<h4 class=\"wp-block-heading\">Como solicitar o financiamento<\/h4>\n\n\n\n<p>Para ter acesso aos recursos, as empresas precisam ter um documento emitido pelo Minist\u00e9rio do Turismo, o Cadastur. O empres\u00e1rio interessado no Fungetur tem \u00e0 disposi\u00e7\u00e3o atendimento remoto personalizado da equipe do banco, via website, por meio do link <a href=\"http:\/\/www.bandes.com.br\/emergencial\">www.bandes.com.br\/emergencial<\/a>.<\/p>\n\n\n\n<h4 class=\"wp-block-heading\">Condi\u00e7\u00f5es operacionais<\/h4>\n\n\n\n<ul class=\"wp-block-list\"><li>Fungetur Giro;<\/li><li>Taxa de juros: 5% ao ano + INPC<\/li><li>Valor m\u00e1ximo financi\u00e1vel: conforme capacidade de pagamento da empresa;<\/li><li>Car\u00eancia: at\u00e9 12 meses;<\/li><li>Prazo de pagamento: at\u00e9 60 meses;<\/li><li>Para se cadastrar no Cadastur, veja aqui: <a href=\"https:\/\/bit.ly\/2N8YiLC\">https:\/\/bit.ly\/2N8YiLC<\/a><\/li><li>Leia passo a passo sobre como se cadastrar aqui: <a href=\"https:\/\/setur.es.gov.br\/cadastur\">https:\/\/setur.es.gov.br\/cadastur<\/a><\/li><\/ul>\n\n\n\n<p><strong><em>Fonte: <a href=\"https:\/\/setur.es.gov.br\/Not%C3%ADcia\/credito-e-possibilidade-de-utilizacao-do-fundo-de-aval-bandes-para-empresas-setor-turistico\">Setur-ES<\/a><\/em><\/strong><\/p>\n","protected":false},"excerpt":{"rendered":"<p>Os empres\u00e1rios podem contratar recursos do Fundo Geral do Turismo, com o uso de garantia do Fundo de Aval Bandes Os empreendimentos capixabas do setor tur\u00edstico fortemente impactados com as medidas de distanciamento social dos \u00faltimos meses t\u00eam recursos dispon\u00edveis com os financiamentos do Banco de Desenvolvimento do Esp\u00edrito Santo (Bandes). Os empres\u00e1rios podem contratar [&hellip;]<\/p>\n","protected":false},"author":2,"featured_media":13614,"comment_status":"open","ping_status":"open","sticky":false,"template":"","format":"standard","meta":{"footnotes":""},"categories":[746],"tags":[1543,539,7002,6438],"class_list":["post-13613","post","type-post","status-publish","format-standard","has-post-thumbnail","hentry","category-turismo","tag-credito","tag-es","tag-setor-turistico","tag-turismo-capixaba"],"yoast_head":"<!-- This site is optimized with the Yoast SEO plugin v26.5 - https:\/\/yoast.com\/wordpress\/plugins\/seo\/ -->\n<title>Cr\u00e9dito para empresas do setor tur\u00edstico - Jornal Fatos e Not\u00edcias<\/title>\n<meta name=\"robots\" content=\"index, follow, max-snippet:-1, max-image-preview:large, max-video-preview:-1\" \/>\n<link rel=\"canonical\" href=\"https:\/\/jornalfatosenoticias.com.br\/index.php\/2021\/01\/18\/credito-para-empresas-do-setor-turistico\/\" \/>\n<meta property=\"og:locale\" content=\"pt_BR\" \/>\n<meta property=\"og:type\" content=\"article\" \/>\n<meta property=\"og:title\" content=\"Cr\u00e9dito para empresas do setor tur\u00edstico - Jornal Fatos e Not\u00edcias\" \/>\n<meta property=\"og:description\" content=\"Os empres\u00e1rios podem contratar recursos do Fundo Geral do Turismo, com o uso de garantia do Fundo de Aval Bandes Os empreendimentos capixabas do setor tur\u00edstico fortemente impactados com as medidas de distanciamento social dos \u00faltimos meses t\u00eam recursos dispon\u00edveis com os financiamentos do Banco de Desenvolvimento do Esp\u00edrito Santo (Bandes). Os empres\u00e1rios podem contratar [&hellip;]\" \/>\n<meta property=\"og:url\" content=\"https:\/\/jornalfatosenoticias.com.br\/index.php\/2021\/01\/18\/credito-para-empresas-do-setor-turistico\/\" \/>\n<meta property=\"og:site_name\" content=\"Jornal Fatos e Not\u00edcias\" \/>\n<meta property=\"article:published_time\" content=\"2021-01-18T17:35:09+00:00\" \/>\n<meta property=\"article:modified_time\" content=\"2021-01-18T17:35:14+00:00\" \/>\n<meta property=\"og:image\" content=\"https:\/\/jornalfatosenoticias.com.br\/wp-content\/uploads\/2021\/01\/Fungetur.jpg\" \/>\n\t<meta property=\"og:image:width\" content=\"1000\" \/>\n\t<meta property=\"og:image:height\" content=\"666\" \/>\n\t<meta property=\"og:image:type\" content=\"image\/jpeg\" \/>\n<meta name=\"author\" content=\"Luzimara Fernandes\" \/>\n<meta name=\"twitter:card\" content=\"summary_large_image\" \/>\n<meta name=\"twitter:label1\" content=\"Escrito por\" \/>\n\t<meta name=\"twitter:data1\" content=\"Luzimara Fernandes\" \/>\n\t<meta name=\"twitter:label2\" content=\"Est. tempo de leitura\" \/>\n\t<meta name=\"twitter:data2\" content=\"3 minutos\" \/>\n<script type=\"application\/ld+json\" class=\"yoast-schema-graph\">{\"@context\":\"https:\/\/schema.org\",\"@graph\":[{\"@type\":\"Article\",\"@id\":\"https:\/\/jornalfatosenoticias.com.br\/index.php\/2021\/01\/18\/credito-para-empresas-do-setor-turistico\/#article\",\"isPartOf\":{\"@id\":\"https:\/\/jornalfatosenoticias.com.br\/index.php\/2021\/01\/18\/credito-para-empresas-do-setor-turistico\/\"},\"author\":{\"name\":\"Luzimara Fernandes\",\"@id\":\"https:\/\/jornalfatosenoticias.com.br\/#\/schema\/person\/d63837fa13ac8666eb9e74e0985d6f81\"},\"headline\":\"Cr\u00e9dito para empresas do setor tur\u00edstico\",\"datePublished\":\"2021-01-18T17:35:09+00:00\",\"dateModified\":\"2021-01-18T17:35:14+00:00\",\"mainEntityOfPage\":{\"@id\":\"https:\/\/jornalfatosenoticias.com.br\/index.php\/2021\/01\/18\/credito-para-empresas-do-setor-turistico\/\"},\"wordCount\":546,\"commentCount\":0,\"publisher\":{\"@id\":\"https:\/\/jornalfatosenoticias.com.br\/#organization\"},\"image\":{\"@id\":\"https:\/\/jornalfatosenoticias.com.br\/index.php\/2021\/01\/18\/credito-para-empresas-do-setor-turistico\/#primaryimage\"},\"thumbnailUrl\":\"https:\/\/jornalfatosenoticias.com.br\/wp-content\/uploads\/2021\/01\/Fungetur.jpg\",\"keywords\":[\"cr\u00e9dito\",\"ES\",\"setor tur\u00edstico\",\"turismo capixaba\"],\"articleSection\":[\"Turismo\"],\"inLanguage\":\"pt-BR\",\"potentialAction\":[{\"@type\":\"CommentAction\",\"name\":\"Comment\",\"target\":[\"https:\/\/jornalfatosenoticias.com.br\/index.php\/2021\/01\/18\/credito-para-empresas-do-setor-turistico\/#respond\"]}]},{\"@type\":\"WebPage\",\"@id\":\"https:\/\/jornalfatosenoticias.com.br\/index.php\/2021\/01\/18\/credito-para-empresas-do-setor-turistico\/\",\"url\":\"https:\/\/jornalfatosenoticias.com.br\/index.php\/2021\/01\/18\/credito-para-empresas-do-setor-turistico\/\",\"name\":\"Cr\u00e9dito para empresas do setor tur\u00edstico - Jornal Fatos e Not\u00edcias\",\"isPartOf\":{\"@id\":\"https:\/\/jornalfatosenoticias.com.br\/#website\"},\"primaryImageOfPage\":{\"@id\":\"https:\/\/jornalfatosenoticias.com.br\/index.php\/2021\/01\/18\/credito-para-empresas-do-setor-turistico\/#primaryimage\"},\"image\":{\"@id\":\"https:\/\/jornalfatosenoticias.com.br\/index.php\/2021\/01\/18\/credito-para-empresas-do-setor-turistico\/#primaryimage\"},\"thumbnailUrl\":\"https:\/\/jornalfatosenoticias.com.br\/wp-content\/uploads\/2021\/01\/Fungetur.jpg\",\"datePublished\":\"2021-01-18T17:35:09+00:00\",\"dateModified\":\"2021-01-18T17:35:14+00:00\",\"breadcrumb\":{\"@id\":\"https:\/\/jornalfatosenoticias.com.br\/index.php\/2021\/01\/18\/credito-para-empresas-do-setor-turistico\/#breadcrumb\"},\"inLanguage\":\"pt-BR\",\"potentialAction\":[{\"@type\":\"ReadAction\",\"target\":[\"https:\/\/jornalfatosenoticias.com.br\/index.php\/2021\/01\/18\/credito-para-empresas-do-setor-turistico\/\"]}]},{\"@type\":\"ImageObject\",\"inLanguage\":\"pt-BR\",\"@id\":\"https:\/\/jornalfatosenoticias.com.br\/index.php\/2021\/01\/18\/credito-para-empresas-do-setor-turistico\/#primaryimage\",\"url\":\"https:\/\/jornalfatosenoticias.com.br\/wp-content\/uploads\/2021\/01\/Fungetur.jpg\",\"contentUrl\":\"https:\/\/jornalfatosenoticias.com.br\/wp-content\/uploads\/2021\/01\/Fungetur.jpg\",\"width\":1000,\"height\":666},{\"@type\":\"BreadcrumbList\",\"@id\":\"https:\/\/jornalfatosenoticias.com.br\/index.php\/2021\/01\/18\/credito-para-empresas-do-setor-turistico\/#breadcrumb\",\"itemListElement\":[{\"@type\":\"ListItem\",\"position\":1,\"name\":\"In\u00edcio\",\"item\":\"https:\/\/jornalfatosenoticias.com.br\/\"},{\"@type\":\"ListItem\",\"position\":2,\"name\":\"Cr\u00e9dito para empresas do setor tur\u00edstico\"}]},{\"@type\":\"WebSite\",\"@id\":\"https:\/\/jornalfatosenoticias.com.br\/#website\",\"url\":\"https:\/\/jornalfatosenoticias.com.br\/\",\"name\":\"Jornal Fatos e Not\u00edcias\",\"description\":\"Not\u00edcias em geral\",\"publisher\":{\"@id\":\"https:\/\/jornalfatosenoticias.com.br\/#organization\"},\"potentialAction\":[{\"@type\":\"SearchAction\",\"target\":{\"@type\":\"EntryPoint\",\"urlTemplate\":\"https:\/\/jornalfatosenoticias.com.br\/?s={search_term_string}\"},\"query-input\":{\"@type\":\"PropertyValueSpecification\",\"valueRequired\":true,\"valueName\":\"search_term_string\"}}],\"inLanguage\":\"pt-BR\"},{\"@type\":\"Organization\",\"@id\":\"https:\/\/jornalfatosenoticias.com.br\/#organization\",\"name\":\"Jornal Fatos e Not\u00edcias\",\"url\":\"https:\/\/jornalfatosenoticias.com.br\/\",\"logo\":{\"@type\":\"ImageObject\",\"inLanguage\":\"pt-BR\",\"@id\":\"https:\/\/jornalfatosenoticias.com.br\/#\/schema\/logo\/image\/\",\"url\":\"https:\/\/jornalfatosenoticias.com.br\/wp-content\/uploads\/2020\/02\/logo120.png\",\"contentUrl\":\"https:\/\/jornalfatosenoticias.com.br\/wp-content\/uploads\/2020\/02\/logo120.png\",\"width\":1227,\"height\":120,\"caption\":\"Jornal Fatos e Not\u00edcias\"},\"image\":{\"@id\":\"https:\/\/jornalfatosenoticias.com.br\/#\/schema\/logo\/image\/\"}},{\"@type\":\"Person\",\"@id\":\"https:\/\/jornalfatosenoticias.com.br\/#\/schema\/person\/d63837fa13ac8666eb9e74e0985d6f81\",\"name\":\"Luzimara Fernandes\",\"image\":{\"@type\":\"ImageObject\",\"inLanguage\":\"pt-BR\",\"@id\":\"https:\/\/jornalfatosenoticias.com.br\/#\/schema\/person\/image\/\",\"url\":\"https:\/\/jornalfatosenoticias.com.br\/wp-content\/uploads\/2025\/05\/EU_portal.jpg\",\"contentUrl\":\"https:\/\/jornalfatosenoticias.com.br\/wp-content\/uploads\/2025\/05\/EU_portal.jpg\",\"caption\":\"Luzimara Fernandes\"},\"description\":\"Jornalista MTB 2358-ES\",\"sameAs\":[\"https:\/\/jornalfatosenoticias.com.br\"],\"url\":\"https:\/\/jornalfatosenoticias.com.br\/index.php\/author\/luzimara\/\"}]}<\/script>\n<!-- \/ Yoast SEO plugin. -->","yoast_head_json":{"title":"Cr\u00e9dito para empresas do setor tur\u00edstico - Jornal Fatos e Not\u00edcias","robots":{"index":"index","follow":"follow","max-snippet":"max-snippet:-1","max-image-preview":"max-image-preview:large","max-video-preview":"max-video-preview:-1"},"canonical":"https:\/\/jornalfatosenoticias.com.br\/index.php\/2021\/01\/18\/credito-para-empresas-do-setor-turistico\/","og_locale":"pt_BR","og_type":"article","og_title":"Cr\u00e9dito para empresas do setor tur\u00edstico - Jornal Fatos e Not\u00edcias","og_description":"Os empres\u00e1rios podem contratar recursos do Fundo Geral do Turismo, com o uso de garantia do Fundo de Aval Bandes Os empreendimentos capixabas do setor tur\u00edstico fortemente impactados com as medidas de distanciamento social dos \u00faltimos meses t\u00eam recursos dispon\u00edveis com os financiamentos do Banco de Desenvolvimento do Esp\u00edrito Santo (Bandes). Os empres\u00e1rios podem contratar [&hellip;]","og_url":"https:\/\/jornalfatosenoticias.com.br\/index.php\/2021\/01\/18\/credito-para-empresas-do-setor-turistico\/","og_site_name":"Jornal Fatos e Not\u00edcias","article_published_time":"2021-01-18T17:35:09+00:00","article_modified_time":"2021-01-18T17:35:14+00:00","og_image":[{"width":1000,"height":666,"url":"https:\/\/jornalfatosenoticias.com.br\/wp-content\/uploads\/2021\/01\/Fungetur.jpg","type":"image\/jpeg"}],"author":"Luzimara Fernandes","twitter_card":"summary_large_image","twitter_misc":{"Escrito por":"Luzimara Fernandes","Est. tempo de leitura":"3 minutos"},"schema":{"@context":"https:\/\/schema.org","@graph":[{"@type":"Article","@id":"https:\/\/jornalfatosenoticias.com.br\/index.php\/2021\/01\/18\/credito-para-empresas-do-setor-turistico\/#article","isPartOf":{"@id":"https:\/\/jornalfatosenoticias.com.br\/index.php\/2021\/01\/18\/credito-para-empresas-do-setor-turistico\/"},"author":{"name":"Luzimara Fernandes","@id":"https:\/\/jornalfatosenoticias.com.br\/#\/schema\/person\/d63837fa13ac8666eb9e74e0985d6f81"},"headline":"Cr\u00e9dito para empresas do setor tur\u00edstico","datePublished":"2021-01-18T17:35:09+00:00","dateModified":"2021-01-18T17:35:14+00:00","mainEntityOfPage":{"@id":"https:\/\/jornalfatosenoticias.com.br\/index.php\/2021\/01\/18\/credito-para-empresas-do-setor-turistico\/"},"wordCount":546,"commentCount":0,"publisher":{"@id":"https:\/\/jornalfatosenoticias.com.br\/#organization"},"image":{"@id":"https:\/\/jornalfatosenoticias.com.br\/index.php\/2021\/01\/18\/credito-para-empresas-do-setor-turistico\/#primaryimage"},"thumbnailUrl":"https:\/\/jornalfatosenoticias.com.br\/wp-content\/uploads\/2021\/01\/Fungetur.jpg","keywords":["cr\u00e9dito","ES","setor tur\u00edstico","turismo capixaba"],"articleSection":["Turismo"],"inLanguage":"pt-BR","potentialAction":[{"@type":"CommentAction","name":"Comment","target":["https:\/\/jornalfatosenoticias.com.br\/index.php\/2021\/01\/18\/credito-para-empresas-do-setor-turistico\/#respond"]}]},{"@type":"WebPage","@id":"https:\/\/jornalfatosenoticias.com.br\/index.php\/2021\/01\/18\/credito-para-empresas-do-setor-turistico\/","url":"https:\/\/jornalfatosenoticias.com.br\/index.php\/2021\/01\/18\/credito-para-empresas-do-setor-turistico\/","name":"Cr\u00e9dito para empresas do setor tur\u00edstico - Jornal Fatos e Not\u00edcias","isPartOf":{"@id":"https:\/\/jornalfatosenoticias.com.br\/#website"},"primaryImageOfPage":{"@id":"https:\/\/jornalfatosenoticias.com.br\/index.php\/2021\/01\/18\/credito-para-empresas-do-setor-turistico\/#primaryimage"},"image":{"@id":"https:\/\/jornalfatosenoticias.com.br\/index.php\/2021\/01\/18\/credito-para-empresas-do-setor-turistico\/#primaryimage"},"thumbnailUrl":"https:\/\/jornalfatosenoticias.com.br\/wp-content\/uploads\/2021\/01\/Fungetur.jpg","datePublished":"2021-01-18T17:35:09+00:00","dateModified":"2021-01-18T17:35:14+00:00","breadcrumb":{"@id":"https:\/\/jornalfatosenoticias.com.br\/index.php\/2021\/01\/18\/credito-para-empresas-do-setor-turistico\/#breadcrumb"},"inLanguage":"pt-BR","potentialAction":[{"@type":"ReadAction","target":["https:\/\/jornalfatosenoticias.com.br\/index.php\/2021\/01\/18\/credito-para-empresas-do-setor-turistico\/"]}]},{"@type":"ImageObject","inLanguage":"pt-BR","@id":"https:\/\/jornalfatosenoticias.com.br\/index.php\/2021\/01\/18\/credito-para-empresas-do-setor-turistico\/#primaryimage","url":"https:\/\/jornalfatosenoticias.com.br\/wp-content\/uploads\/2021\/01\/Fungetur.jpg","contentUrl":"https:\/\/jornalfatosenoticias.com.br\/wp-content\/uploads\/2021\/01\/Fungetur.jpg","width":1000,"height":666},{"@type":"BreadcrumbList","@id":"https:\/\/jornalfatosenoticias.com.br\/index.php\/2021\/01\/18\/credito-para-empresas-do-setor-turistico\/#breadcrumb","itemListElement":[{"@type":"ListItem","position":1,"name":"In\u00edcio","item":"https:\/\/jornalfatosenoticias.com.br\/"},{"@type":"ListItem","position":2,"name":"Cr\u00e9dito para empresas do setor tur\u00edstico"}]},{"@type":"WebSite","@id":"https:\/\/jornalfatosenoticias.com.br\/#website","url":"https:\/\/jornalfatosenoticias.com.br\/","name":"Jornal Fatos e Not\u00edcias","description":"Not\u00edcias em geral","publisher":{"@id":"https:\/\/jornalfatosenoticias.com.br\/#organization"},"potentialAction":[{"@type":"SearchAction","target":{"@type":"EntryPoint","urlTemplate":"https:\/\/jornalfatosenoticias.com.br\/?s={search_term_string}"},"query-input":{"@type":"PropertyValueSpecification","valueRequired":true,"valueName":"search_term_string"}}],"inLanguage":"pt-BR"},{"@type":"Organization","@id":"https:\/\/jornalfatosenoticias.com.br\/#organization","name":"Jornal Fatos e Not\u00edcias","url":"https:\/\/jornalfatosenoticias.com.br\/","logo":{"@type":"ImageObject","inLanguage":"pt-BR","@id":"https:\/\/jornalfatosenoticias.com.br\/#\/schema\/logo\/image\/","url":"https:\/\/jornalfatosenoticias.com.br\/wp-content\/uploads\/2020\/02\/logo120.png","contentUrl":"https:\/\/jornalfatosenoticias.com.br\/wp-content\/uploads\/2020\/02\/logo120.png","width":1227,"height":120,"caption":"Jornal Fatos e Not\u00edcias"},"image":{"@id":"https:\/\/jornalfatosenoticias.com.br\/#\/schema\/logo\/image\/"}},{"@type":"Person","@id":"https:\/\/jornalfatosenoticias.com.br\/#\/schema\/person\/d63837fa13ac8666eb9e74e0985d6f81","name":"Luzimara Fernandes","image":{"@type":"ImageObject","inLanguage":"pt-BR","@id":"https:\/\/jornalfatosenoticias.com.br\/#\/schema\/person\/image\/","url":"https:\/\/jornalfatosenoticias.com.br\/wp-content\/uploads\/2025\/05\/EU_portal.jpg","contentUrl":"https:\/\/jornalfatosenoticias.com.br\/wp-content\/uploads\/2025\/05\/EU_portal.jpg","caption":"Luzimara Fernandes"},"description":"Jornalista MTB 2358-ES","sameAs":["https:\/\/jornalfatosenoticias.com.br"],"url":"https:\/\/jornalfatosenoticias.com.br\/index.php\/author\/luzimara\/"}]}},"cc_featured_image_caption":{"caption_text":"(Foto: Setur-ES)","source_text":"","source_url":""},"jetpack_featured_media_url":"https:\/\/jornalfatosenoticias.com.br\/wp-content\/uploads\/2021\/01\/Fungetur.jpg","_links":{"self":[{"href":"https:\/\/jornalfatosenoticias.com.br\/index.php\/wp-json\/wp\/v2\/posts\/13613","targetHints":{"allow":["GET"]}}],"collection":[{"href":"https:\/\/jornalfatosenoticias.com.br\/index.php\/wp-json\/wp\/v2\/posts"}],"about":[{"href":"https:\/\/jornalfatosenoticias.com.br\/index.php\/wp-json\/wp\/v2\/types\/post"}],"author":[{"embeddable":true,"href":"https:\/\/jornalfatosenoticias.com.br\/index.php\/wp-json\/wp\/v2\/users\/2"}],"replies":[{"embeddable":true,"href":"https:\/\/jornalfatosenoticias.com.br\/index.php\/wp-json\/wp\/v2\/comments?post=13613"}],"version-history":[{"count":0,"href":"https:\/\/jornalfatosenoticias.com.br\/index.php\/wp-json\/wp\/v2\/posts\/13613\/revisions"}],"wp:featuredmedia":[{"embeddable":true,"href":"https:\/\/jornalfatosenoticias.com.br\/index.php\/wp-json\/wp\/v2\/media\/13614"}],"wp:attachment":[{"href":"https:\/\/jornalfatosenoticias.com.br\/index.php\/wp-json\/wp\/v2\/media?parent=13613"}],"wp:term":[{"taxonomy":"category","embeddable":true,"href":"https:\/\/jornalfatosenoticias.com.br\/index.php\/wp-json\/wp\/v2\/categories?post=13613"},{"taxonomy":"post_tag","embeddable":true,"href":"https:\/\/jornalfatosenoticias.com.br\/index.php\/wp-json\/wp\/v2\/tags?post=13613"}],"curies":[{"name":"wp","href":"https:\/\/api.w.org\/{rel}","templated":true}]}}