{"id":13616,"date":"2021-01-18T14:46:01","date_gmt":"2021-01-18T17:46:01","guid":{"rendered":"https:\/\/jornalfatosenoticias.com.br\/?p=13616"},"modified":"2021-01-18T14:46:56","modified_gmt":"2021-01-18T17:46:56","slug":"empresa-israelense-cria-plataforma-para-veiculos-eletricos-sob-medida","status":"publish","type":"post","link":"https:\/\/jornalfatosenoticias.com.br\/index.php\/2021\/01\/18\/empresa-israelense-cria-plataforma-para-veiculos-eletricos-sob-medida\/","title":{"rendered":"Empresa israelense cria plataforma para ve\u00edculos el\u00e9tricos sob medida"},"content":{"rendered":"\n<p>A companhia israelense REE Automotive apresentou durante a <a href=\"https:\/\/olhardigital.com.br\/2021\/01\/15\/videos\/ces-2021-carro-eletrico-da-sony-e-testado-em-estradas-na-austria-2\/\">CES 2021<\/a>\u00a0dois produtos voltados para o segmento de \u201cMobilidade El\u00e9trica como Servi\u00e7o\u201d (MaaS), mais especificamente empresas interessadas em construir vans el\u00e9tricas\u00a0<a href=\"https:\/\/olhardigital.com.br\/2020\/12\/06\/carros-e-tecnologia\/amazon-lanca-sua-primeira-van-eletrica-para-entregas\/\">para entrega<\/a> ou transporte de passageiros.<br>As REEboards s\u00e3o chassis para ve\u00edculos el\u00e9tricos, conhecidos na ind\u00fastria como \u201cskateboards\u201d (pranchas de skate). Al\u00e9m de fornecer a estrutura b\u00e1sica do ve\u00edculo, as \u201cpranchas\u201d cont\u00eam a <a href=\"https:\/\/olhardigital.com.br\/2020\/10\/30\/noticias\/panasonic-trabalha-em-prototipo-da-4680-nova-bateria-da-tesla\/\">bateria<\/a>, eletr\u00f4nica para gerenciamento de carga e toda a fia\u00e7\u00e3o necess\u00e1ria para distribui\u00e7\u00e3o de energia e de comandos para acelera\u00e7\u00e3o, frenagem e dire\u00e7\u00e3o.<br>J\u00e1 os REECorners s\u00e3o unidades que ficam nos quatro cantos da prancha e cont\u00eam motor el\u00e9trico, sistema de frenagem, suspens\u00e3o, roda e pneu. A suspens\u00e3o \u00e9 mec\u00e2nica, j\u00e1 que conex\u00f5es hidr\u00e1ulicas complicariam o design.<\/p>\n\n\n\n<figure class=\"wp-block-embed-youtube wp-block-embed is-type-video is-provider-youtube wp-embed-aspect-16-9 wp-has-aspect-ratio\"><div class=\"wp-block-embed__wrapper\">\n<iframe loading=\"lazy\" title=\"REE on track\" width=\"660\" height=\"371\" src=\"https:\/\/www.youtube.com\/embed\/_tWXu372O3k?feature=oembed\" frameborder=\"0\" allow=\"accelerometer; autoplay; clipboard-write; encrypted-media; gyroscope; picture-in-picture; web-share\" referrerpolicy=\"strict-origin-when-cross-origin\" allowfullscreen><\/iframe>\n<\/div><\/figure>\n\n\n\n<p>Um conjunto com REEBoard e quatro REECorners forma a base para um ve\u00edculo el\u00e9trico que pode ser controlado por um motorista ou at\u00e9 mesmo por um sistema aut\u00f4nomo (n\u00e3o incluso).<br>Segundo a fabricante, as vantagens de sua tecnologia para uma montadora incluem a total liberdade no design do corpo do ve\u00edculo, grande capacidade de carga em um espa\u00e7o f\u00edsico pequeno, suporte a baterias de 48 a 800 volts, m\u00ednimo tempo de manuten\u00e7\u00e3o e atualiza\u00e7\u00f5es online, com manuten\u00e7\u00e3o preventiva a cargo de um sistema de intelig\u00eancia artificial.<\/p>\n\n\n\n<blockquote class=\"wp-block-quote is-layout-flow wp-block-quote-is-layout-flow\"><p>\u201cQueremos ser uma \u2018tela em branco\u2019 sobre a qual nossos parceiros e consumidores poder\u00e3o construir ve\u00edculos el\u00e9tricos e aut\u00f4nomos, feitos sob medida para suas necessidades, enquanto caminhamos para um futuro com emiss\u00f5es zero\u201d, diz Daniel Barel, CEO e cofundador da REE.<\/p><\/blockquote>\n\n\n\n<p>O desenvolvimento de plataformas unificadas para ve\u00edculos el\u00e9tricos \u00e9 uma tend\u00eancia entre as montadoras, j\u00e1 que simplifica os projetos, reduz custos e diminui o tempo entre a concep\u00e7\u00e3o do ve\u00edculo e sua chegada aos consumidores. <a href=\"https:\/\/olhardigital.com.br\/2020\/12\/03\/noticias\/veiculos-eletricos-da-hyundai-serao-baseados-em-nova-plataforma\/\" target=\"_blank\" rel=\"noreferrer noopener\">Hyundai<\/a>,\u00a0<a href=\"https:\/\/olhardigital.com.br\/2020\/03\/04\/carros-e-tecnologia\/gm-revela-nova-plataforma-de-veiculo-eletrico-para-concorrer-com-a-tesla\/\" target=\"_blank\" rel=\"noreferrer noopener\">GM<\/a>\u00a0e\u00a0<a href=\"https:\/\/olhardigital.com.br\/2019\/06\/07\/carros-e-tecnologia\/subaru-e-toyota-vao-co-desenvolver-nova-plataforma-de-carros-eletricos\/\" target=\"_blank\" rel=\"noreferrer noopener\">Subaru\/Toyota<\/a> s\u00e3o apenas algumas das montadoras que, recentemente, anunciariam suas plataformas.<\/p>\n\n\n\n<p><strong><em>Fonte: <a href=\"https:\/\/olhardigital.com.br\/2021\/01\/18\/carros-e-tecnologia\/empresa-israelense-cria-plataforma-para-veiculos-eletricos-sob-medida\/\">Olhar Digital<\/a><\/em><\/strong><\/p>\n","protected":false},"excerpt":{"rendered":"<p>A companhia israelense REE Automotive apresentou durante a CES 2021\u00a0dois produtos voltados para o segmento de \u201cMobilidade El\u00e9trica como Servi\u00e7o\u201d (MaaS), mais especificamente empresas interessadas em construir vans el\u00e9tricas\u00a0para entrega ou transporte de passageiros.As REEboards s\u00e3o chassis para ve\u00edculos el\u00e9tricos, conhecidos na ind\u00fastria como \u201cskateboards\u201d (pranchas de skate). Al\u00e9m de fornecer a estrutura b\u00e1sica do [&hellip;]<\/p>\n","protected":false},"author":2,"featured_media":13617,"comment_status":"open","ping_status":"open","sticky":false,"template":"","format":"standard","meta":{"footnotes":""},"categories":[3],"tags":[3108,7003,3050],"class_list":["post-13616","post","type-post","status-publish","format-standard","has-post-thumbnail","hentry","category-tecnologia","tag-carro-eletrico","tag-ree-automotive","tag-veiculo-eletrico"],"yoast_head":"<!-- This site is optimized with the Yoast SEO plugin v26.5 - https:\/\/yoast.com\/wordpress\/plugins\/seo\/ -->\n<title>Empresa israelense cria plataforma para ve\u00edculos el\u00e9tricos sob medida - Jornal Fatos e Not\u00edcias<\/title>\n<meta name=\"robots\" content=\"index, follow, max-snippet:-1, max-image-preview:large, max-video-preview:-1\" \/>\n<link rel=\"canonical\" href=\"https:\/\/jornalfatosenoticias.com.br\/index.php\/2021\/01\/18\/empresa-israelense-cria-plataforma-para-veiculos-eletricos-sob-medida\/\" \/>\n<meta property=\"og:locale\" content=\"pt_BR\" \/>\n<meta property=\"og:type\" content=\"article\" \/>\n<meta property=\"og:title\" content=\"Empresa israelense cria plataforma para ve\u00edculos el\u00e9tricos sob medida - Jornal Fatos e Not\u00edcias\" \/>\n<meta property=\"og:description\" content=\"A companhia israelense REE Automotive apresentou durante a CES 2021\u00a0dois produtos voltados para o segmento de \u201cMobilidade El\u00e9trica como Servi\u00e7o\u201d (MaaS), mais especificamente empresas interessadas em construir vans el\u00e9tricas\u00a0para entrega ou transporte de passageiros.As REEboards s\u00e3o chassis para ve\u00edculos el\u00e9tricos, conhecidos na ind\u00fastria como \u201cskateboards\u201d (pranchas de skate). Al\u00e9m de fornecer a estrutura b\u00e1sica do [&hellip;]\" \/>\n<meta property=\"og:url\" content=\"https:\/\/jornalfatosenoticias.com.br\/index.php\/2021\/01\/18\/empresa-israelense-cria-plataforma-para-veiculos-eletricos-sob-medida\/\" \/>\n<meta property=\"og:site_name\" content=\"Jornal Fatos e Not\u00edcias\" \/>\n<meta property=\"article:published_time\" content=\"2021-01-18T17:46:01+00:00\" \/>\n<meta property=\"article:modified_time\" content=\"2021-01-18T17:46:56+00:00\" \/>\n<meta property=\"og:image\" content=\"https:\/\/jornalfatosenoticias.com.br\/wp-content\/uploads\/2021\/01\/plataforma-israelense_ree.jpg\" \/>\n\t<meta property=\"og:image:width\" content=\"1000\" \/>\n\t<meta property=\"og:image:height\" content=\"666\" \/>\n\t<meta property=\"og:image:type\" content=\"image\/jpeg\" \/>\n<meta name=\"author\" content=\"Luzimara Fernandes\" \/>\n<meta name=\"twitter:card\" content=\"summary_large_image\" \/>\n<meta name=\"twitter:label1\" content=\"Escrito por\" \/>\n\t<meta name=\"twitter:data1\" content=\"Luzimara Fernandes\" \/>\n\t<meta name=\"twitter:label2\" content=\"Est. tempo de leitura\" \/>\n\t<meta name=\"twitter:data2\" content=\"2 minutos\" \/>\n<script type=\"application\/ld+json\" class=\"yoast-schema-graph\">{\"@context\":\"https:\/\/schema.org\",\"@graph\":[{\"@type\":\"Article\",\"@id\":\"https:\/\/jornalfatosenoticias.com.br\/index.php\/2021\/01\/18\/empresa-israelense-cria-plataforma-para-veiculos-eletricos-sob-medida\/#article\",\"isPartOf\":{\"@id\":\"https:\/\/jornalfatosenoticias.com.br\/index.php\/2021\/01\/18\/empresa-israelense-cria-plataforma-para-veiculos-eletricos-sob-medida\/\"},\"author\":{\"name\":\"Luzimara Fernandes\",\"@id\":\"https:\/\/jornalfatosenoticias.com.br\/#\/schema\/person\/d63837fa13ac8666eb9e74e0985d6f81\"},\"headline\":\"Empresa israelense cria plataforma para ve\u00edculos el\u00e9tricos sob medida\",\"datePublished\":\"2021-01-18T17:46:01+00:00\",\"dateModified\":\"2021-01-18T17:46:56+00:00\",\"mainEntityOfPage\":{\"@id\":\"https:\/\/jornalfatosenoticias.com.br\/index.php\/2021\/01\/18\/empresa-israelense-cria-plataforma-para-veiculos-eletricos-sob-medida\/\"},\"wordCount\":367,\"commentCount\":0,\"publisher\":{\"@id\":\"https:\/\/jornalfatosenoticias.com.br\/#organization\"},\"image\":{\"@id\":\"https:\/\/jornalfatosenoticias.com.br\/index.php\/2021\/01\/18\/empresa-israelense-cria-plataforma-para-veiculos-eletricos-sob-medida\/#primaryimage\"},\"thumbnailUrl\":\"https:\/\/jornalfatosenoticias.com.br\/wp-content\/uploads\/2021\/01\/plataforma-israelense_ree.jpg\",\"keywords\":[\"carro el\u00e9trico\",\"REE Automotive\",\"ve\u00edculo el\u00e9trico\"],\"articleSection\":[\"Tecnologia &amp; Inova\u00e7\u00e3o\"],\"inLanguage\":\"pt-BR\",\"potentialAction\":[{\"@type\":\"CommentAction\",\"name\":\"Comment\",\"target\":[\"https:\/\/jornalfatosenoticias.com.br\/index.php\/2021\/01\/18\/empresa-israelense-cria-plataforma-para-veiculos-eletricos-sob-medida\/#respond\"]}]},{\"@type\":\"WebPage\",\"@id\":\"https:\/\/jornalfatosenoticias.com.br\/index.php\/2021\/01\/18\/empresa-israelense-cria-plataforma-para-veiculos-eletricos-sob-medida\/\",\"url\":\"https:\/\/jornalfatosenoticias.com.br\/index.php\/2021\/01\/18\/empresa-israelense-cria-plataforma-para-veiculos-eletricos-sob-medida\/\",\"name\":\"Empresa israelense cria plataforma para ve\u00edculos el\u00e9tricos sob medida - Jornal Fatos e Not\u00edcias\",\"isPartOf\":{\"@id\":\"https:\/\/jornalfatosenoticias.com.br\/#website\"},\"primaryImageOfPage\":{\"@id\":\"https:\/\/jornalfatosenoticias.com.br\/index.php\/2021\/01\/18\/empresa-israelense-cria-plataforma-para-veiculos-eletricos-sob-medida\/#primaryimage\"},\"image\":{\"@id\":\"https:\/\/jornalfatosenoticias.com.br\/index.php\/2021\/01\/18\/empresa-israelense-cria-plataforma-para-veiculos-eletricos-sob-medida\/#primaryimage\"},\"thumbnailUrl\":\"https:\/\/jornalfatosenoticias.com.br\/wp-content\/uploads\/2021\/01\/plataforma-israelense_ree.jpg\",\"datePublished\":\"2021-01-18T17:46:01+00:00\",\"dateModified\":\"2021-01-18T17:46:56+00:00\",\"breadcrumb\":{\"@id\":\"https:\/\/jornalfatosenoticias.com.br\/index.php\/2021\/01\/18\/empresa-israelense-cria-plataforma-para-veiculos-eletricos-sob-medida\/#breadcrumb\"},\"inLanguage\":\"pt-BR\",\"potentialAction\":[{\"@type\":\"ReadAction\",\"target\":[\"https:\/\/jornalfatosenoticias.com.br\/index.php\/2021\/01\/18\/empresa-israelense-cria-plataforma-para-veiculos-eletricos-sob-medida\/\"]}]},{\"@type\":\"ImageObject\",\"inLanguage\":\"pt-BR\",\"@id\":\"https:\/\/jornalfatosenoticias.com.br\/index.php\/2021\/01\/18\/empresa-israelense-cria-plataforma-para-veiculos-eletricos-sob-medida\/#primaryimage\",\"url\":\"https:\/\/jornalfatosenoticias.com.br\/wp-content\/uploads\/2021\/01\/plataforma-israelense_ree.jpg\",\"contentUrl\":\"https:\/\/jornalfatosenoticias.com.br\/wp-content\/uploads\/2021\/01\/plataforma-israelense_ree.jpg\",\"width\":1000,\"height\":666},{\"@type\":\"BreadcrumbList\",\"@id\":\"https:\/\/jornalfatosenoticias.com.br\/index.php\/2021\/01\/18\/empresa-israelense-cria-plataforma-para-veiculos-eletricos-sob-medida\/#breadcrumb\",\"itemListElement\":[{\"@type\":\"ListItem\",\"position\":1,\"name\":\"In\u00edcio\",\"item\":\"https:\/\/jornalfatosenoticias.com.br\/\"},{\"@type\":\"ListItem\",\"position\":2,\"name\":\"Empresa israelense cria plataforma para ve\u00edculos el\u00e9tricos sob medida\"}]},{\"@type\":\"WebSite\",\"@id\":\"https:\/\/jornalfatosenoticias.com.br\/#website\",\"url\":\"https:\/\/jornalfatosenoticias.com.br\/\",\"name\":\"Jornal Fatos e Not\u00edcias\",\"description\":\"Not\u00edcias em geral\",\"publisher\":{\"@id\":\"https:\/\/jornalfatosenoticias.com.br\/#organization\"},\"potentialAction\":[{\"@type\":\"SearchAction\",\"target\":{\"@type\":\"EntryPoint\",\"urlTemplate\":\"https:\/\/jornalfatosenoticias.com.br\/?s={search_term_string}\"},\"query-input\":{\"@type\":\"PropertyValueSpecification\",\"valueRequired\":true,\"valueName\":\"search_term_string\"}}],\"inLanguage\":\"pt-BR\"},{\"@type\":\"Organization\",\"@id\":\"https:\/\/jornalfatosenoticias.com.br\/#organization\",\"name\":\"Jornal Fatos e Not\u00edcias\",\"url\":\"https:\/\/jornalfatosenoticias.com.br\/\",\"logo\":{\"@type\":\"ImageObject\",\"inLanguage\":\"pt-BR\",\"@id\":\"https:\/\/jornalfatosenoticias.com.br\/#\/schema\/logo\/image\/\",\"url\":\"https:\/\/jornalfatosenoticias.com.br\/wp-content\/uploads\/2020\/02\/logo120.png\",\"contentUrl\":\"https:\/\/jornalfatosenoticias.com.br\/wp-content\/uploads\/2020\/02\/logo120.png\",\"width\":1227,\"height\":120,\"caption\":\"Jornal Fatos e Not\u00edcias\"},\"image\":{\"@id\":\"https:\/\/jornalfatosenoticias.com.br\/#\/schema\/logo\/image\/\"}},{\"@type\":\"Person\",\"@id\":\"https:\/\/jornalfatosenoticias.com.br\/#\/schema\/person\/d63837fa13ac8666eb9e74e0985d6f81\",\"name\":\"Luzimara Fernandes\",\"image\":{\"@type\":\"ImageObject\",\"inLanguage\":\"pt-BR\",\"@id\":\"https:\/\/jornalfatosenoticias.com.br\/#\/schema\/person\/image\/\",\"url\":\"https:\/\/jornalfatosenoticias.com.br\/wp-content\/uploads\/2025\/05\/EU_portal.jpg\",\"contentUrl\":\"https:\/\/jornalfatosenoticias.com.br\/wp-content\/uploads\/2025\/05\/EU_portal.jpg\",\"caption\":\"Luzimara Fernandes\"},\"description\":\"Jornalista MTB 2358-ES\",\"sameAs\":[\"https:\/\/jornalfatosenoticias.com.br\"],\"url\":\"https:\/\/jornalfatosenoticias.com.br\/index.php\/author\/luzimara\/\"}]}<\/script>\n<!-- \/ Yoast SEO plugin. -->","yoast_head_json":{"title":"Empresa israelense cria plataforma para ve\u00edculos el\u00e9tricos sob medida - Jornal Fatos e Not\u00edcias","robots":{"index":"index","follow":"follow","max-snippet":"max-snippet:-1","max-image-preview":"max-image-preview:large","max-video-preview":"max-video-preview:-1"},"canonical":"https:\/\/jornalfatosenoticias.com.br\/index.php\/2021\/01\/18\/empresa-israelense-cria-plataforma-para-veiculos-eletricos-sob-medida\/","og_locale":"pt_BR","og_type":"article","og_title":"Empresa israelense cria plataforma para ve\u00edculos el\u00e9tricos sob medida - Jornal Fatos e Not\u00edcias","og_description":"A companhia israelense REE Automotive apresentou durante a CES 2021\u00a0dois produtos voltados para o segmento de \u201cMobilidade El\u00e9trica como Servi\u00e7o\u201d (MaaS), mais especificamente empresas interessadas em construir vans el\u00e9tricas\u00a0para entrega ou transporte de passageiros.As REEboards s\u00e3o chassis para ve\u00edculos el\u00e9tricos, conhecidos na ind\u00fastria como \u201cskateboards\u201d (pranchas de skate). Al\u00e9m de fornecer a estrutura b\u00e1sica do [&hellip;]","og_url":"https:\/\/jornalfatosenoticias.com.br\/index.php\/2021\/01\/18\/empresa-israelense-cria-plataforma-para-veiculos-eletricos-sob-medida\/","og_site_name":"Jornal Fatos e Not\u00edcias","article_published_time":"2021-01-18T17:46:01+00:00","article_modified_time":"2021-01-18T17:46:56+00:00","og_image":[{"width":1000,"height":666,"url":"https:\/\/jornalfatosenoticias.com.br\/wp-content\/uploads\/2021\/01\/plataforma-israelense_ree.jpg","type":"image\/jpeg"}],"author":"Luzimara Fernandes","twitter_card":"summary_large_image","twitter_misc":{"Escrito por":"Luzimara Fernandes","Est. tempo de leitura":"2 minutos"},"schema":{"@context":"https:\/\/schema.org","@graph":[{"@type":"Article","@id":"https:\/\/jornalfatosenoticias.com.br\/index.php\/2021\/01\/18\/empresa-israelense-cria-plataforma-para-veiculos-eletricos-sob-medida\/#article","isPartOf":{"@id":"https:\/\/jornalfatosenoticias.com.br\/index.php\/2021\/01\/18\/empresa-israelense-cria-plataforma-para-veiculos-eletricos-sob-medida\/"},"author":{"name":"Luzimara Fernandes","@id":"https:\/\/jornalfatosenoticias.com.br\/#\/schema\/person\/d63837fa13ac8666eb9e74e0985d6f81"},"headline":"Empresa israelense cria plataforma para ve\u00edculos el\u00e9tricos sob medida","datePublished":"2021-01-18T17:46:01+00:00","dateModified":"2021-01-18T17:46:56+00:00","mainEntityOfPage":{"@id":"https:\/\/jornalfatosenoticias.com.br\/index.php\/2021\/01\/18\/empresa-israelense-cria-plataforma-para-veiculos-eletricos-sob-medida\/"},"wordCount":367,"commentCount":0,"publisher":{"@id":"https:\/\/jornalfatosenoticias.com.br\/#organization"},"image":{"@id":"https:\/\/jornalfatosenoticias.com.br\/index.php\/2021\/01\/18\/empresa-israelense-cria-plataforma-para-veiculos-eletricos-sob-medida\/#primaryimage"},"thumbnailUrl":"https:\/\/jornalfatosenoticias.com.br\/wp-content\/uploads\/2021\/01\/plataforma-israelense_ree.jpg","keywords":["carro el\u00e9trico","REE Automotive","ve\u00edculo el\u00e9trico"],"articleSection":["Tecnologia &amp; Inova\u00e7\u00e3o"],"inLanguage":"pt-BR","potentialAction":[{"@type":"CommentAction","name":"Comment","target":["https:\/\/jornalfatosenoticias.com.br\/index.php\/2021\/01\/18\/empresa-israelense-cria-plataforma-para-veiculos-eletricos-sob-medida\/#respond"]}]},{"@type":"WebPage","@id":"https:\/\/jornalfatosenoticias.com.br\/index.php\/2021\/01\/18\/empresa-israelense-cria-plataforma-para-veiculos-eletricos-sob-medida\/","url":"https:\/\/jornalfatosenoticias.com.br\/index.php\/2021\/01\/18\/empresa-israelense-cria-plataforma-para-veiculos-eletricos-sob-medida\/","name":"Empresa israelense cria plataforma para ve\u00edculos el\u00e9tricos sob medida - Jornal Fatos e Not\u00edcias","isPartOf":{"@id":"https:\/\/jornalfatosenoticias.com.br\/#website"},"primaryImageOfPage":{"@id":"https:\/\/jornalfatosenoticias.com.br\/index.php\/2021\/01\/18\/empresa-israelense-cria-plataforma-para-veiculos-eletricos-sob-medida\/#primaryimage"},"image":{"@id":"https:\/\/jornalfatosenoticias.com.br\/index.php\/2021\/01\/18\/empresa-israelense-cria-plataforma-para-veiculos-eletricos-sob-medida\/#primaryimage"},"thumbnailUrl":"https:\/\/jornalfatosenoticias.com.br\/wp-content\/uploads\/2021\/01\/plataforma-israelense_ree.jpg","datePublished":"2021-01-18T17:46:01+00:00","dateModified":"2021-01-18T17:46:56+00:00","breadcrumb":{"@id":"https:\/\/jornalfatosenoticias.com.br\/index.php\/2021\/01\/18\/empresa-israelense-cria-plataforma-para-veiculos-eletricos-sob-medida\/#breadcrumb"},"inLanguage":"pt-BR","potentialAction":[{"@type":"ReadAction","target":["https:\/\/jornalfatosenoticias.com.br\/index.php\/2021\/01\/18\/empresa-israelense-cria-plataforma-para-veiculos-eletricos-sob-medida\/"]}]},{"@type":"ImageObject","inLanguage":"pt-BR","@id":"https:\/\/jornalfatosenoticias.com.br\/index.php\/2021\/01\/18\/empresa-israelense-cria-plataforma-para-veiculos-eletricos-sob-medida\/#primaryimage","url":"https:\/\/jornalfatosenoticias.com.br\/wp-content\/uploads\/2021\/01\/plataforma-israelense_ree.jpg","contentUrl":"https:\/\/jornalfatosenoticias.com.br\/wp-content\/uploads\/2021\/01\/plataforma-israelense_ree.jpg","width":1000,"height":666},{"@type":"BreadcrumbList","@id":"https:\/\/jornalfatosenoticias.com.br\/index.php\/2021\/01\/18\/empresa-israelense-cria-plataforma-para-veiculos-eletricos-sob-medida\/#breadcrumb","itemListElement":[{"@type":"ListItem","position":1,"name":"In\u00edcio","item":"https:\/\/jornalfatosenoticias.com.br\/"},{"@type":"ListItem","position":2,"name":"Empresa israelense cria plataforma para ve\u00edculos el\u00e9tricos sob medida"}]},{"@type":"WebSite","@id":"https:\/\/jornalfatosenoticias.com.br\/#website","url":"https:\/\/jornalfatosenoticias.com.br\/","name":"Jornal Fatos e Not\u00edcias","description":"Not\u00edcias em geral","publisher":{"@id":"https:\/\/jornalfatosenoticias.com.br\/#organization"},"potentialAction":[{"@type":"SearchAction","target":{"@type":"EntryPoint","urlTemplate":"https:\/\/jornalfatosenoticias.com.br\/?s={search_term_string}"},"query-input":{"@type":"PropertyValueSpecification","valueRequired":true,"valueName":"search_term_string"}}],"inLanguage":"pt-BR"},{"@type":"Organization","@id":"https:\/\/jornalfatosenoticias.com.br\/#organization","name":"Jornal Fatos e Not\u00edcias","url":"https:\/\/jornalfatosenoticias.com.br\/","logo":{"@type":"ImageObject","inLanguage":"pt-BR","@id":"https:\/\/jornalfatosenoticias.com.br\/#\/schema\/logo\/image\/","url":"https:\/\/jornalfatosenoticias.com.br\/wp-content\/uploads\/2020\/02\/logo120.png","contentUrl":"https:\/\/jornalfatosenoticias.com.br\/wp-content\/uploads\/2020\/02\/logo120.png","width":1227,"height":120,"caption":"Jornal Fatos e Not\u00edcias"},"image":{"@id":"https:\/\/jornalfatosenoticias.com.br\/#\/schema\/logo\/image\/"}},{"@type":"Person","@id":"https:\/\/jornalfatosenoticias.com.br\/#\/schema\/person\/d63837fa13ac8666eb9e74e0985d6f81","name":"Luzimara Fernandes","image":{"@type":"ImageObject","inLanguage":"pt-BR","@id":"https:\/\/jornalfatosenoticias.com.br\/#\/schema\/person\/image\/","url":"https:\/\/jornalfatosenoticias.com.br\/wp-content\/uploads\/2025\/05\/EU_portal.jpg","contentUrl":"https:\/\/jornalfatosenoticias.com.br\/wp-content\/uploads\/2025\/05\/EU_portal.jpg","caption":"Luzimara Fernandes"},"description":"Jornalista MTB 2358-ES","sameAs":["https:\/\/jornalfatosenoticias.com.br"],"url":"https:\/\/jornalfatosenoticias.com.br\/index.php\/author\/luzimara\/"}]}},"cc_featured_image_caption":{"caption_text":"(Foto: Reprodu\u00e7\u00e3o)","source_text":"","source_url":""},"jetpack_featured_media_url":"https:\/\/jornalfatosenoticias.com.br\/wp-content\/uploads\/2021\/01\/plataforma-israelense_ree.jpg","_links":{"self":[{"href":"https:\/\/jornalfatosenoticias.com.br\/index.php\/wp-json\/wp\/v2\/posts\/13616","targetHints":{"allow":["GET"]}}],"collection":[{"href":"https:\/\/jornalfatosenoticias.com.br\/index.php\/wp-json\/wp\/v2\/posts"}],"about":[{"href":"https:\/\/jornalfatosenoticias.com.br\/index.php\/wp-json\/wp\/v2\/types\/post"}],"author":[{"embeddable":true,"href":"https:\/\/jornalfatosenoticias.com.br\/index.php\/wp-json\/wp\/v2\/users\/2"}],"replies":[{"embeddable":true,"href":"https:\/\/jornalfatosenoticias.com.br\/index.php\/wp-json\/wp\/v2\/comments?post=13616"}],"version-history":[{"count":0,"href":"https:\/\/jornalfatosenoticias.com.br\/index.php\/wp-json\/wp\/v2\/posts\/13616\/revisions"}],"wp:featuredmedia":[{"embeddable":true,"href":"https:\/\/jornalfatosenoticias.com.br\/index.php\/wp-json\/wp\/v2\/media\/13617"}],"wp:attachment":[{"href":"https:\/\/jornalfatosenoticias.com.br\/index.php\/wp-json\/wp\/v2\/media?parent=13616"}],"wp:term":[{"taxonomy":"category","embeddable":true,"href":"https:\/\/jornalfatosenoticias.com.br\/index.php\/wp-json\/wp\/v2\/categories?post=13616"},{"taxonomy":"post_tag","embeddable":true,"href":"https:\/\/jornalfatosenoticias.com.br\/index.php\/wp-json\/wp\/v2\/tags?post=13616"}],"curies":[{"name":"wp","href":"https:\/\/api.w.org\/{rel}","templated":true}]}}