{"id":13654,"date":"2021-01-19T19:38:08","date_gmt":"2021-01-19T22:38:08","guid":{"rendered":"https:\/\/jornalfatosenoticias.com.br\/?p=13654"},"modified":"2021-01-19T19:38:12","modified_gmt":"2021-01-19T22:38:12","slug":"classico-de-frank-herbert-ganha-exuberante-edicao-em-quadrinhos","status":"publish","type":"post","link":"https:\/\/jornalfatosenoticias.com.br\/index.php\/2021\/01\/19\/classico-de-frank-herbert-ganha-exuberante-edicao-em-quadrinhos\/","title":{"rendered":"Cl\u00e1ssico de Frank Herbert ganha exuberante edi\u00e7\u00e3o em quadrinhos"},"content":{"rendered":"\n<h6 class=\"wp-block-heading\"><em>O livro Duna \u00e9 considerado um dos pilares da fic\u00e7\u00e3o cient\u00edfica e ter\u00e1 nova adapta\u00e7\u00e3o para o cinema<\/em><\/h6>\n\n\n\n<p>Lan\u00e7ado originalmente em 1965, Duna se tornou um marco da fic\u00e7\u00e3o cient\u00edfica moderna. Escrita por Frank Herbert, a s\u00e9rie liter\u00e1ria foi refer\u00eancia para cl\u00e1ssicos como <a href=\"https:\/\/aventurasnahistoria.uol.com.br\/noticias\/historia-hoje\/livro-explica-furo-de-roteiro-em-filme-da-trilogia-original-de-star-wars.phtml\">Star Wars\u00a0<\/a>e soma mais de 20 milh\u00f5es de exemplares vendidos.<br>Com uma narrativa pujante, que une fantasia, aventura, pol\u00edtica e religi\u00e3o, a saga continua atual e at\u00e9 hoje serve de inspira\u00e7\u00e3o para muitos autores. Em janeiro de 2021, a Intr\u00ednseca lan\u00e7a o primeiro volume da bel\u00edssima s\u00e9rie de graphic novels que aborda a luta pelo poder em um planeta des\u00e9rtico.<br>Para outubro, est\u00e1 programada a aguardada estreia da nova adapta\u00e7\u00e3o cinematogr\u00e1fica da obra, dirigida por Denis Villeneuve, diretor de A chegada, com Timoth\u00e9e Chalamet, de Me chame pelo seu nome, no elenco.<\/p>\n\n\n\n<div class=\"wp-block-image\"><figure class=\"alignleft size-large is-resized\"><img decoding=\"async\" src=\"https:\/\/jornalfatosenoticias.com.br\/wp-content\/uploads\/2021\/01\/duna_livro.jpg\" alt=\"\" class=\"wp-image-13655\" width=\"-128\" height=\"-196\" srcset=\"https:\/\/jornalfatosenoticias.com.br\/wp-content\/uploads\/2021\/01\/duna_livro.jpg 651w, https:\/\/jornalfatosenoticias.com.br\/wp-content\/uploads\/2021\/01\/duna_livro-195x300.jpg 195w\" sizes=\"(max-width: 651px) 100vw, 651px\" \/><figcaption><em>Ilustra\u00e7\u00e3o da capa da obra (Foto: Divulga\u00e7\u00e3o\/Intr\u00ednseca)<\/em><\/figcaption><\/figure><\/div>\n\n\n\n<p>A hist\u00f3ria se passa num futuro distante, numa sociedade feudal interestelar, na qual a casa Atreides, liderada pelo duque Leto, se prepara para uma jornada. O destino \u00e9 o planeta des\u00e9rtico de Arrakis, tamb\u00e9m conhecido como \u201cDuna\u201d, um lugar cercado de mist\u00e9rios e perigos, a \u00fanica fonte da subst\u00e2ncia mais valiosa do cosmos.<br>O duque precisar\u00e1 se aliar aos nativos, os fremen, se quiser impedir que a casa Harkonnen assuma o controle do planeta. \u00c9 l\u00e1 tamb\u00e9m que seu filho, Paul, conhecer\u00e1 seu destino. O jovem pode ser a chave para um plano tra\u00e7ado h\u00e1 s\u00e9culos e uma pe\u00e7a importante no jogo de poderes do imp\u00e9rio.<br>Adaptado com maestria por Brian Herbert, filho do autor, e por Kevin J. Anderson, este primeiro volume conta com as cores vibrantes das artes de Ra\u00fal All\u00e9n e Patricia Mart\u00edn. Com um universo extremamente complexo e bem desenvolvido, o livro de Frank Herbert extrapola os limites da fic\u00e7\u00e3o cient\u00edfica ao explorar temas atuais, como a desigualdade social, as guerras pol\u00edticas e o desequil\u00edbrio ambiental.<br>Com uma narrativa inovadora, a obra, vencedora do Hugo Award e do Nebula Award, os pr\u00eamios mais relevantes do g\u00eanero, segue conquistando milhares de f\u00e3s pelo mundo.<\/p>\n\n\n\n<p><strong><em>Fonte: <a href=\"https:\/\/aventurasnahistoria.uol.com.br\/noticias\/historia-hoje\/classico-duna-de-frank-herbert-ganha-exuberante-edicao-em-quadrinhos.phtml\">Aventuras na Hist\u00f3ria<\/a><\/em><\/strong><\/p>\n","protected":false},"excerpt":{"rendered":"<p>O livro Duna \u00e9 considerado um dos pilares da fic\u00e7\u00e3o cient\u00edfica e ter\u00e1 nova adapta\u00e7\u00e3o para o cinema Lan\u00e7ado originalmente em 1965, Duna se tornou um marco da fic\u00e7\u00e3o cient\u00edfica moderna. Escrita por Frank Herbert, a s\u00e9rie liter\u00e1ria foi refer\u00eancia para cl\u00e1ssicos como Star Wars\u00a0e soma mais de 20 milh\u00f5es de exemplares vendidos.Com uma narrativa [&hellip;]<\/p>\n","protected":false},"author":2,"featured_media":13656,"comment_status":"open","ping_status":"open","sticky":false,"template":"","format":"standard","meta":{"footnotes":""},"categories":[4],"tags":[7016,799,5390,1310],"class_list":["post-13654","post","type-post","status-publish","format-standard","has-post-thumbnail","hentry","category-cultura","tag-duna","tag-ficcao-cientifica","tag-livros","tag-obras"],"yoast_head":"<!-- This site is optimized with the Yoast SEO plugin v26.5 - https:\/\/yoast.com\/wordpress\/plugins\/seo\/ -->\n<title>Cl\u00e1ssico de Frank Herbert ganha exuberante edi\u00e7\u00e3o em quadrinhos - Jornal Fatos e Not\u00edcias<\/title>\n<meta name=\"robots\" content=\"index, follow, max-snippet:-1, max-image-preview:large, max-video-preview:-1\" \/>\n<link rel=\"canonical\" href=\"https:\/\/jornalfatosenoticias.com.br\/index.php\/2021\/01\/19\/classico-de-frank-herbert-ganha-exuberante-edicao-em-quadrinhos\/\" \/>\n<meta property=\"og:locale\" content=\"pt_BR\" \/>\n<meta property=\"og:type\" content=\"article\" \/>\n<meta property=\"og:title\" content=\"Cl\u00e1ssico de Frank Herbert ganha exuberante edi\u00e7\u00e3o em quadrinhos - Jornal Fatos e Not\u00edcias\" \/>\n<meta property=\"og:description\" content=\"O livro Duna \u00e9 considerado um dos pilares da fic\u00e7\u00e3o cient\u00edfica e ter\u00e1 nova adapta\u00e7\u00e3o para o cinema Lan\u00e7ado originalmente em 1965, Duna se tornou um marco da fic\u00e7\u00e3o cient\u00edfica moderna. Escrita por Frank Herbert, a s\u00e9rie liter\u00e1ria foi refer\u00eancia para cl\u00e1ssicos como Star Wars\u00a0e soma mais de 20 milh\u00f5es de exemplares vendidos.Com uma narrativa [&hellip;]\" \/>\n<meta property=\"og:url\" content=\"https:\/\/jornalfatosenoticias.com.br\/index.php\/2021\/01\/19\/classico-de-frank-herbert-ganha-exuberante-edicao-em-quadrinhos\/\" \/>\n<meta property=\"og:site_name\" content=\"Jornal Fatos e Not\u00edcias\" \/>\n<meta property=\"article:published_time\" content=\"2021-01-19T22:38:08+00:00\" \/>\n<meta property=\"article:modified_time\" content=\"2021-01-19T22:38:12+00:00\" \/>\n<meta property=\"og:image\" content=\"https:\/\/jornalfatosenoticias.com.br\/wp-content\/uploads\/2021\/01\/duna-livro_capa.jpg\" \/>\n\t<meta property=\"og:image:width\" content=\"1000\" \/>\n\t<meta property=\"og:image:height\" content=\"562\" \/>\n\t<meta property=\"og:image:type\" content=\"image\/jpeg\" \/>\n<meta name=\"author\" content=\"Luzimara Fernandes\" \/>\n<meta name=\"twitter:card\" content=\"summary_large_image\" \/>\n<meta name=\"twitter:label1\" content=\"Escrito por\" \/>\n\t<meta name=\"twitter:data1\" content=\"Luzimara Fernandes\" \/>\n\t<meta name=\"twitter:label2\" content=\"Est. tempo de leitura\" \/>\n\t<meta name=\"twitter:data2\" content=\"2 minutos\" \/>\n<script type=\"application\/ld+json\" class=\"yoast-schema-graph\">{\"@context\":\"https:\/\/schema.org\",\"@graph\":[{\"@type\":\"Article\",\"@id\":\"https:\/\/jornalfatosenoticias.com.br\/index.php\/2021\/01\/19\/classico-de-frank-herbert-ganha-exuberante-edicao-em-quadrinhos\/#article\",\"isPartOf\":{\"@id\":\"https:\/\/jornalfatosenoticias.com.br\/index.php\/2021\/01\/19\/classico-de-frank-herbert-ganha-exuberante-edicao-em-quadrinhos\/\"},\"author\":{\"name\":\"Luzimara Fernandes\",\"@id\":\"https:\/\/jornalfatosenoticias.com.br\/#\/schema\/person\/d63837fa13ac8666eb9e74e0985d6f81\"},\"headline\":\"Cl\u00e1ssico de Frank Herbert ganha exuberante edi\u00e7\u00e3o em quadrinhos\",\"datePublished\":\"2021-01-19T22:38:08+00:00\",\"dateModified\":\"2021-01-19T22:38:12+00:00\",\"mainEntityOfPage\":{\"@id\":\"https:\/\/jornalfatosenoticias.com.br\/index.php\/2021\/01\/19\/classico-de-frank-herbert-ganha-exuberante-edicao-em-quadrinhos\/\"},\"wordCount\":396,\"commentCount\":0,\"publisher\":{\"@id\":\"https:\/\/jornalfatosenoticias.com.br\/#organization\"},\"image\":{\"@id\":\"https:\/\/jornalfatosenoticias.com.br\/index.php\/2021\/01\/19\/classico-de-frank-herbert-ganha-exuberante-edicao-em-quadrinhos\/#primaryimage\"},\"thumbnailUrl\":\"https:\/\/jornalfatosenoticias.com.br\/wp-content\/uploads\/2021\/01\/duna-livro_capa.jpg\",\"keywords\":[\"Duna\",\"fic\u00e7\u00e3o cient\u00edfica\",\"livros\",\"obras\"],\"articleSection\":[\"Cultura\"],\"inLanguage\":\"pt-BR\",\"potentialAction\":[{\"@type\":\"CommentAction\",\"name\":\"Comment\",\"target\":[\"https:\/\/jornalfatosenoticias.com.br\/index.php\/2021\/01\/19\/classico-de-frank-herbert-ganha-exuberante-edicao-em-quadrinhos\/#respond\"]}]},{\"@type\":\"WebPage\",\"@id\":\"https:\/\/jornalfatosenoticias.com.br\/index.php\/2021\/01\/19\/classico-de-frank-herbert-ganha-exuberante-edicao-em-quadrinhos\/\",\"url\":\"https:\/\/jornalfatosenoticias.com.br\/index.php\/2021\/01\/19\/classico-de-frank-herbert-ganha-exuberante-edicao-em-quadrinhos\/\",\"name\":\"Cl\u00e1ssico de Frank Herbert ganha exuberante edi\u00e7\u00e3o em quadrinhos - Jornal Fatos e Not\u00edcias\",\"isPartOf\":{\"@id\":\"https:\/\/jornalfatosenoticias.com.br\/#website\"},\"primaryImageOfPage\":{\"@id\":\"https:\/\/jornalfatosenoticias.com.br\/index.php\/2021\/01\/19\/classico-de-frank-herbert-ganha-exuberante-edicao-em-quadrinhos\/#primaryimage\"},\"image\":{\"@id\":\"https:\/\/jornalfatosenoticias.com.br\/index.php\/2021\/01\/19\/classico-de-frank-herbert-ganha-exuberante-edicao-em-quadrinhos\/#primaryimage\"},\"thumbnailUrl\":\"https:\/\/jornalfatosenoticias.com.br\/wp-content\/uploads\/2021\/01\/duna-livro_capa.jpg\",\"datePublished\":\"2021-01-19T22:38:08+00:00\",\"dateModified\":\"2021-01-19T22:38:12+00:00\",\"breadcrumb\":{\"@id\":\"https:\/\/jornalfatosenoticias.com.br\/index.php\/2021\/01\/19\/classico-de-frank-herbert-ganha-exuberante-edicao-em-quadrinhos\/#breadcrumb\"},\"inLanguage\":\"pt-BR\",\"potentialAction\":[{\"@type\":\"ReadAction\",\"target\":[\"https:\/\/jornalfatosenoticias.com.br\/index.php\/2021\/01\/19\/classico-de-frank-herbert-ganha-exuberante-edicao-em-quadrinhos\/\"]}]},{\"@type\":\"ImageObject\",\"inLanguage\":\"pt-BR\",\"@id\":\"https:\/\/jornalfatosenoticias.com.br\/index.php\/2021\/01\/19\/classico-de-frank-herbert-ganha-exuberante-edicao-em-quadrinhos\/#primaryimage\",\"url\":\"https:\/\/jornalfatosenoticias.com.br\/wp-content\/uploads\/2021\/01\/duna-livro_capa.jpg\",\"contentUrl\":\"https:\/\/jornalfatosenoticias.com.br\/wp-content\/uploads\/2021\/01\/duna-livro_capa.jpg\",\"width\":1000,\"height\":562},{\"@type\":\"BreadcrumbList\",\"@id\":\"https:\/\/jornalfatosenoticias.com.br\/index.php\/2021\/01\/19\/classico-de-frank-herbert-ganha-exuberante-edicao-em-quadrinhos\/#breadcrumb\",\"itemListElement\":[{\"@type\":\"ListItem\",\"position\":1,\"name\":\"In\u00edcio\",\"item\":\"https:\/\/jornalfatosenoticias.com.br\/\"},{\"@type\":\"ListItem\",\"position\":2,\"name\":\"Cl\u00e1ssico de Frank Herbert ganha exuberante edi\u00e7\u00e3o em quadrinhos\"}]},{\"@type\":\"WebSite\",\"@id\":\"https:\/\/jornalfatosenoticias.com.br\/#website\",\"url\":\"https:\/\/jornalfatosenoticias.com.br\/\",\"name\":\"Jornal Fatos e Not\u00edcias\",\"description\":\"Not\u00edcias em geral\",\"publisher\":{\"@id\":\"https:\/\/jornalfatosenoticias.com.br\/#organization\"},\"potentialAction\":[{\"@type\":\"SearchAction\",\"target\":{\"@type\":\"EntryPoint\",\"urlTemplate\":\"https:\/\/jornalfatosenoticias.com.br\/?s={search_term_string}\"},\"query-input\":{\"@type\":\"PropertyValueSpecification\",\"valueRequired\":true,\"valueName\":\"search_term_string\"}}],\"inLanguage\":\"pt-BR\"},{\"@type\":\"Organization\",\"@id\":\"https:\/\/jornalfatosenoticias.com.br\/#organization\",\"name\":\"Jornal Fatos e Not\u00edcias\",\"url\":\"https:\/\/jornalfatosenoticias.com.br\/\",\"logo\":{\"@type\":\"ImageObject\",\"inLanguage\":\"pt-BR\",\"@id\":\"https:\/\/jornalfatosenoticias.com.br\/#\/schema\/logo\/image\/\",\"url\":\"https:\/\/jornalfatosenoticias.com.br\/wp-content\/uploads\/2020\/02\/logo120.png\",\"contentUrl\":\"https:\/\/jornalfatosenoticias.com.br\/wp-content\/uploads\/2020\/02\/logo120.png\",\"width\":1227,\"height\":120,\"caption\":\"Jornal Fatos e Not\u00edcias\"},\"image\":{\"@id\":\"https:\/\/jornalfatosenoticias.com.br\/#\/schema\/logo\/image\/\"}},{\"@type\":\"Person\",\"@id\":\"https:\/\/jornalfatosenoticias.com.br\/#\/schema\/person\/d63837fa13ac8666eb9e74e0985d6f81\",\"name\":\"Luzimara Fernandes\",\"image\":{\"@type\":\"ImageObject\",\"inLanguage\":\"pt-BR\",\"@id\":\"https:\/\/jornalfatosenoticias.com.br\/#\/schema\/person\/image\/\",\"url\":\"https:\/\/jornalfatosenoticias.com.br\/wp-content\/uploads\/2025\/05\/EU_portal.jpg\",\"contentUrl\":\"https:\/\/jornalfatosenoticias.com.br\/wp-content\/uploads\/2025\/05\/EU_portal.jpg\",\"caption\":\"Luzimara Fernandes\"},\"description\":\"Jornalista MTB 2358-ES\",\"sameAs\":[\"https:\/\/jornalfatosenoticias.com.br\"],\"url\":\"https:\/\/jornalfatosenoticias.com.br\/index.php\/author\/luzimara\/\"}]}<\/script>\n<!-- \/ Yoast SEO plugin. -->","yoast_head_json":{"title":"Cl\u00e1ssico de Frank Herbert ganha exuberante edi\u00e7\u00e3o em quadrinhos - Jornal Fatos e Not\u00edcias","robots":{"index":"index","follow":"follow","max-snippet":"max-snippet:-1","max-image-preview":"max-image-preview:large","max-video-preview":"max-video-preview:-1"},"canonical":"https:\/\/jornalfatosenoticias.com.br\/index.php\/2021\/01\/19\/classico-de-frank-herbert-ganha-exuberante-edicao-em-quadrinhos\/","og_locale":"pt_BR","og_type":"article","og_title":"Cl\u00e1ssico de Frank Herbert ganha exuberante edi\u00e7\u00e3o em quadrinhos - Jornal Fatos e Not\u00edcias","og_description":"O livro Duna \u00e9 considerado um dos pilares da fic\u00e7\u00e3o cient\u00edfica e ter\u00e1 nova adapta\u00e7\u00e3o para o cinema Lan\u00e7ado originalmente em 1965, Duna se tornou um marco da fic\u00e7\u00e3o cient\u00edfica moderna. Escrita por Frank Herbert, a s\u00e9rie liter\u00e1ria foi refer\u00eancia para cl\u00e1ssicos como Star Wars\u00a0e soma mais de 20 milh\u00f5es de exemplares vendidos.Com uma narrativa [&hellip;]","og_url":"https:\/\/jornalfatosenoticias.com.br\/index.php\/2021\/01\/19\/classico-de-frank-herbert-ganha-exuberante-edicao-em-quadrinhos\/","og_site_name":"Jornal Fatos e Not\u00edcias","article_published_time":"2021-01-19T22:38:08+00:00","article_modified_time":"2021-01-19T22:38:12+00:00","og_image":[{"width":1000,"height":562,"url":"https:\/\/jornalfatosenoticias.com.br\/wp-content\/uploads\/2021\/01\/duna-livro_capa.jpg","type":"image\/jpeg"}],"author":"Luzimara Fernandes","twitter_card":"summary_large_image","twitter_misc":{"Escrito por":"Luzimara Fernandes","Est. tempo de leitura":"2 minutos"},"schema":{"@context":"https:\/\/schema.org","@graph":[{"@type":"Article","@id":"https:\/\/jornalfatosenoticias.com.br\/index.php\/2021\/01\/19\/classico-de-frank-herbert-ganha-exuberante-edicao-em-quadrinhos\/#article","isPartOf":{"@id":"https:\/\/jornalfatosenoticias.com.br\/index.php\/2021\/01\/19\/classico-de-frank-herbert-ganha-exuberante-edicao-em-quadrinhos\/"},"author":{"name":"Luzimara Fernandes","@id":"https:\/\/jornalfatosenoticias.com.br\/#\/schema\/person\/d63837fa13ac8666eb9e74e0985d6f81"},"headline":"Cl\u00e1ssico de Frank Herbert ganha exuberante edi\u00e7\u00e3o em quadrinhos","datePublished":"2021-01-19T22:38:08+00:00","dateModified":"2021-01-19T22:38:12+00:00","mainEntityOfPage":{"@id":"https:\/\/jornalfatosenoticias.com.br\/index.php\/2021\/01\/19\/classico-de-frank-herbert-ganha-exuberante-edicao-em-quadrinhos\/"},"wordCount":396,"commentCount":0,"publisher":{"@id":"https:\/\/jornalfatosenoticias.com.br\/#organization"},"image":{"@id":"https:\/\/jornalfatosenoticias.com.br\/index.php\/2021\/01\/19\/classico-de-frank-herbert-ganha-exuberante-edicao-em-quadrinhos\/#primaryimage"},"thumbnailUrl":"https:\/\/jornalfatosenoticias.com.br\/wp-content\/uploads\/2021\/01\/duna-livro_capa.jpg","keywords":["Duna","fic\u00e7\u00e3o cient\u00edfica","livros","obras"],"articleSection":["Cultura"],"inLanguage":"pt-BR","potentialAction":[{"@type":"CommentAction","name":"Comment","target":["https:\/\/jornalfatosenoticias.com.br\/index.php\/2021\/01\/19\/classico-de-frank-herbert-ganha-exuberante-edicao-em-quadrinhos\/#respond"]}]},{"@type":"WebPage","@id":"https:\/\/jornalfatosenoticias.com.br\/index.php\/2021\/01\/19\/classico-de-frank-herbert-ganha-exuberante-edicao-em-quadrinhos\/","url":"https:\/\/jornalfatosenoticias.com.br\/index.php\/2021\/01\/19\/classico-de-frank-herbert-ganha-exuberante-edicao-em-quadrinhos\/","name":"Cl\u00e1ssico de Frank Herbert ganha exuberante edi\u00e7\u00e3o em quadrinhos - Jornal Fatos e Not\u00edcias","isPartOf":{"@id":"https:\/\/jornalfatosenoticias.com.br\/#website"},"primaryImageOfPage":{"@id":"https:\/\/jornalfatosenoticias.com.br\/index.php\/2021\/01\/19\/classico-de-frank-herbert-ganha-exuberante-edicao-em-quadrinhos\/#primaryimage"},"image":{"@id":"https:\/\/jornalfatosenoticias.com.br\/index.php\/2021\/01\/19\/classico-de-frank-herbert-ganha-exuberante-edicao-em-quadrinhos\/#primaryimage"},"thumbnailUrl":"https:\/\/jornalfatosenoticias.com.br\/wp-content\/uploads\/2021\/01\/duna-livro_capa.jpg","datePublished":"2021-01-19T22:38:08+00:00","dateModified":"2021-01-19T22:38:12+00:00","breadcrumb":{"@id":"https:\/\/jornalfatosenoticias.com.br\/index.php\/2021\/01\/19\/classico-de-frank-herbert-ganha-exuberante-edicao-em-quadrinhos\/#breadcrumb"},"inLanguage":"pt-BR","potentialAction":[{"@type":"ReadAction","target":["https:\/\/jornalfatosenoticias.com.br\/index.php\/2021\/01\/19\/classico-de-frank-herbert-ganha-exuberante-edicao-em-quadrinhos\/"]}]},{"@type":"ImageObject","inLanguage":"pt-BR","@id":"https:\/\/jornalfatosenoticias.com.br\/index.php\/2021\/01\/19\/classico-de-frank-herbert-ganha-exuberante-edicao-em-quadrinhos\/#primaryimage","url":"https:\/\/jornalfatosenoticias.com.br\/wp-content\/uploads\/2021\/01\/duna-livro_capa.jpg","contentUrl":"https:\/\/jornalfatosenoticias.com.br\/wp-content\/uploads\/2021\/01\/duna-livro_capa.jpg","width":1000,"height":562},{"@type":"BreadcrumbList","@id":"https:\/\/jornalfatosenoticias.com.br\/index.php\/2021\/01\/19\/classico-de-frank-herbert-ganha-exuberante-edicao-em-quadrinhos\/#breadcrumb","itemListElement":[{"@type":"ListItem","position":1,"name":"In\u00edcio","item":"https:\/\/jornalfatosenoticias.com.br\/"},{"@type":"ListItem","position":2,"name":"Cl\u00e1ssico de Frank Herbert ganha exuberante edi\u00e7\u00e3o em quadrinhos"}]},{"@type":"WebSite","@id":"https:\/\/jornalfatosenoticias.com.br\/#website","url":"https:\/\/jornalfatosenoticias.com.br\/","name":"Jornal Fatos e Not\u00edcias","description":"Not\u00edcias em geral","publisher":{"@id":"https:\/\/jornalfatosenoticias.com.br\/#organization"},"potentialAction":[{"@type":"SearchAction","target":{"@type":"EntryPoint","urlTemplate":"https:\/\/jornalfatosenoticias.com.br\/?s={search_term_string}"},"query-input":{"@type":"PropertyValueSpecification","valueRequired":true,"valueName":"search_term_string"}}],"inLanguage":"pt-BR"},{"@type":"Organization","@id":"https:\/\/jornalfatosenoticias.com.br\/#organization","name":"Jornal Fatos e Not\u00edcias","url":"https:\/\/jornalfatosenoticias.com.br\/","logo":{"@type":"ImageObject","inLanguage":"pt-BR","@id":"https:\/\/jornalfatosenoticias.com.br\/#\/schema\/logo\/image\/","url":"https:\/\/jornalfatosenoticias.com.br\/wp-content\/uploads\/2020\/02\/logo120.png","contentUrl":"https:\/\/jornalfatosenoticias.com.br\/wp-content\/uploads\/2020\/02\/logo120.png","width":1227,"height":120,"caption":"Jornal Fatos e Not\u00edcias"},"image":{"@id":"https:\/\/jornalfatosenoticias.com.br\/#\/schema\/logo\/image\/"}},{"@type":"Person","@id":"https:\/\/jornalfatosenoticias.com.br\/#\/schema\/person\/d63837fa13ac8666eb9e74e0985d6f81","name":"Luzimara Fernandes","image":{"@type":"ImageObject","inLanguage":"pt-BR","@id":"https:\/\/jornalfatosenoticias.com.br\/#\/schema\/person\/image\/","url":"https:\/\/jornalfatosenoticias.com.br\/wp-content\/uploads\/2025\/05\/EU_portal.jpg","contentUrl":"https:\/\/jornalfatosenoticias.com.br\/wp-content\/uploads\/2025\/05\/EU_portal.jpg","caption":"Luzimara Fernandes"},"description":"Jornalista MTB 2358-ES","sameAs":["https:\/\/jornalfatosenoticias.com.br"],"url":"https:\/\/jornalfatosenoticias.com.br\/index.php\/author\/luzimara\/"}]}},"cc_featured_image_caption":{"caption_text":"(Foto: Divulga\u00e7\u00e3o\/Intr\u00ednseca) \r\n","source_text":"","source_url":""},"jetpack_featured_media_url":"https:\/\/jornalfatosenoticias.com.br\/wp-content\/uploads\/2021\/01\/duna-livro_capa.jpg","_links":{"self":[{"href":"https:\/\/jornalfatosenoticias.com.br\/index.php\/wp-json\/wp\/v2\/posts\/13654","targetHints":{"allow":["GET"]}}],"collection":[{"href":"https:\/\/jornalfatosenoticias.com.br\/index.php\/wp-json\/wp\/v2\/posts"}],"about":[{"href":"https:\/\/jornalfatosenoticias.com.br\/index.php\/wp-json\/wp\/v2\/types\/post"}],"author":[{"embeddable":true,"href":"https:\/\/jornalfatosenoticias.com.br\/index.php\/wp-json\/wp\/v2\/users\/2"}],"replies":[{"embeddable":true,"href":"https:\/\/jornalfatosenoticias.com.br\/index.php\/wp-json\/wp\/v2\/comments?post=13654"}],"version-history":[{"count":0,"href":"https:\/\/jornalfatosenoticias.com.br\/index.php\/wp-json\/wp\/v2\/posts\/13654\/revisions"}],"wp:featuredmedia":[{"embeddable":true,"href":"https:\/\/jornalfatosenoticias.com.br\/index.php\/wp-json\/wp\/v2\/media\/13656"}],"wp:attachment":[{"href":"https:\/\/jornalfatosenoticias.com.br\/index.php\/wp-json\/wp\/v2\/media?parent=13654"}],"wp:term":[{"taxonomy":"category","embeddable":true,"href":"https:\/\/jornalfatosenoticias.com.br\/index.php\/wp-json\/wp\/v2\/categories?post=13654"},{"taxonomy":"post_tag","embeddable":true,"href":"https:\/\/jornalfatosenoticias.com.br\/index.php\/wp-json\/wp\/v2\/tags?post=13654"}],"curies":[{"name":"wp","href":"https:\/\/api.w.org\/{rel}","templated":true}]}}