{"id":13743,"date":"2021-01-21T17:04:17","date_gmt":"2021-01-21T20:04:17","guid":{"rendered":"https:\/\/jornalfatosenoticias.com.br\/?p=13743"},"modified":"2021-01-21T17:04:21","modified_gmt":"2021-01-21T20:04:21","slug":"vereador-realiza-acao-de-ressocializacao-de-presos-em-vitoria","status":"publish","type":"post","link":"https:\/\/jornalfatosenoticias.com.br\/index.php\/2021\/01\/21\/vereador-realiza-acao-de-ressocializacao-de-presos-em-vitoria\/","title":{"rendered":"Vereador realiza a\u00e7\u00e3o de ressocializa\u00e7\u00e3o de presos em Vit\u00f3ria"},"content":{"rendered":"\n<p>O vereador Leandro Piquet (Republicanos) iniciou uma a\u00e7\u00e3o in\u00e9dita na C\u00e2mara de Vit\u00f3ria, nesta quarta-feira (20). Por meio de um trabalho de reinser\u00e7\u00e3o social, tr\u00eas detentos foram indicados pela Secretaria da Justi\u00e7a do Estado (Sejus), atrav\u00e9s da assessoria de pol\u00edticas p\u00fablicas, para fazer a pintura e pequenos reparos estruturais no gabinete do parlamentar.<br>A inten\u00e7\u00e3o do vereador \u00e9 de que os demais colegas de legislatura tamb\u00e9m abracem essa ideia. Os detentos recebem o benef\u00edcio de ter um dia descontado na pena a cada tr\u00eas dias de trabalho. E, para o setor p\u00fablico, al\u00e9m de ser uma forma de contribuir para a ressocializa\u00e7\u00e3o destas pessoas, \u00e9 uma maneira de economizar verba com m\u00e3o de obra.<br>\u201cEssa \u00e9 a primeira vez que a C\u00e2mara de Vit\u00f3ria recebe esse tipo de a\u00e7\u00e3o. Fizemos um conv\u00eanio com a Secretaria da Justi\u00e7a porque acreditamos que essa medida auxilia na inser\u00e7\u00e3o social dos apenados e reduz custos para o poder Legislativo. Estamos conversando com a presid\u00eancia para que ela possa, tamb\u00e9m, fazer um conv\u00eanio com a Sejus para outras reformas na estrutura de toda a C\u00e2mara. O ideal \u00e9 que os outros vereadores tamb\u00e9m adotem para seus gabinetes essa a\u00e7\u00e3o\u201d, comenta Piquet.<br>O interno Wagner Oliveira conta que faz os servi\u00e7os de segunda a sexta-feira e retorna para passar a noite na pris\u00e3o. Na vis\u00e3o dele, o trabalho \u00e9 uma oportunidade de voltar a se inserir no mercado de trabalho, al\u00e9m de adquirir benef\u00edcios na redu\u00e7\u00e3o penal.<br>\u201cEsses servi\u00e7os s\u00e3o uma forma de a gente voltar, aos poucos, a conquistar nosso espa\u00e7o na sociedade, de ganhar experi\u00eancia e conseguir um emprego quando sairmos da pris\u00e3o. Vejo como uma grande vantagem tamb\u00e9m ter a redu\u00e7\u00e3o da pena com o nosso trabalho\u201d, destaca.<br>Os detentos que fazem servi\u00e7os fora da pris\u00e3o s\u00e3o pessoas pertencentes ao regime semiaberto. Eles s\u00e3o selecionados de acordo com habilidades e qualifica\u00e7\u00e3o profissional fora da pris\u00e3o. Pelo trabalho prestado ao Estado, o preso recebe um sal\u00e1rio m\u00ednimo. Este montante \u00e9 dividido em quatro partes iguais \u2014 25% cada uma \u2014 sendo uma parte para a conta pec\u00falio (em nome do interno), outra parte para a fam\u00edlia (caso possua benefici\u00e1rio), a terceira para o preso e a quarta para o Estado, por meio do Fundo Rotativo.<br>Importante ressaltar que o material utilizado para a reforma no gabinete do vereador Leandro Piquet foi adquirido pelo pr\u00f3prio parlamentar. E assim que deve ser caso outro parlamentar tamb\u00e9m se interesse pelos servi\u00e7os dos internos.<\/p>\n\n\n\n<div class=\"wp-block-jetpack-slideshow aligncenter\" data-effect=\"slide\"><div class=\"wp-block-jetpack-slideshow_container swiper-container\"><ul class=\"wp-block-jetpack-slideshow_swiper-wrapper swiper-wrapper\"><li class=\"wp-block-jetpack-slideshow_slide swiper-slide\"><figure><img loading=\"lazy\" decoding=\"async\" width=\"750\" height=\"1000\" alt=\"\" class=\"wp-block-jetpack-slideshow_image wp-image-13745\" data-id=\"13745\" src=\"https:\/\/jornalfatosenoticias.com.br\/wp-content\/uploads\/2021\/01\/RESSOCIALIZACAO1.jpg\" srcset=\"https:\/\/jornalfatosenoticias.com.br\/wp-content\/uploads\/2021\/01\/RESSOCIALIZACAO1.jpg 750w, https:\/\/jornalfatosenoticias.com.br\/wp-content\/uploads\/2021\/01\/RESSOCIALIZACAO1-225x300.jpg 225w\" sizes=\"auto, (max-width: 750px) 100vw, 750px\" \/><figcaption class=\"wp-block-jetpack-slideshow_caption gallery-caption\">Detentos em ressocializa\u00e7\u00e3o no gabinete do vereador Leandro Piquet (Fotos: Assessoria de Comunica\u00e7\u00e3o) <\/figcaption><\/figure><\/li><li class=\"wp-block-jetpack-slideshow_slide swiper-slide\"><figure><img loading=\"lazy\" decoding=\"async\" width=\"1000\" height=\"750\" alt=\"\" class=\"wp-block-jetpack-slideshow_image wp-image-13746\" data-id=\"13746\" src=\"https:\/\/jornalfatosenoticias.com.br\/wp-content\/uploads\/2021\/01\/RESSOCIALIZACAO2.jpg\" srcset=\"https:\/\/jornalfatosenoticias.com.br\/wp-content\/uploads\/2021\/01\/RESSOCIALIZACAO2.jpg 1000w, https:\/\/jornalfatosenoticias.com.br\/wp-content\/uploads\/2021\/01\/RESSOCIALIZACAO2-300x225.jpg 300w, https:\/\/jornalfatosenoticias.com.br\/wp-content\/uploads\/2021\/01\/RESSOCIALIZACAO2-768x576.jpg 768w\" sizes=\"auto, (max-width: 1000px) 100vw, 1000px\" \/><\/figure><\/li><\/ul><a class=\"wp-block-jetpack-slideshow_button-prev swiper-button-prev swiper-button-white\" role=\"button\"><\/a><a class=\"wp-block-jetpack-slideshow_button-next swiper-button-next swiper-button-white\" role=\"button\"><\/a><a aria-label=\"Pause Slideshow\" class=\"wp-block-jetpack-slideshow_button-pause\" role=\"button\"><\/a><div class=\"wp-block-jetpack-slideshow_pagination swiper-pagination swiper-pagination-white\"><\/div><\/div><\/div>\n\n\n\n<p><strong>FUNDO ROTATIVO<br><\/strong>Segundo a Secretaria de Justi\u00e7a do ES (Sejus), \u201co Fundo Rotativo do Sistema Penitenci\u00e1rio \u00e9 constitu\u00eddo, entre outros, de recursos de dota\u00e7\u00f5es or\u00e7ament\u00e1rias do Estado, de multas decorrentes de senten\u00e7as penais com tr\u00e2nsito julgado, ou ainda, parcela da remunera\u00e7\u00e3o do preso, recursos resultantes da comercializa\u00e7\u00e3o da produ\u00e7\u00e3o em estabelecimentos penais do Estado, multas e san\u00e7\u00f5es pecuni\u00e1rias\u201d.<br>A Sejus acrescenta ainda que \u201cos recursos do Fundo s\u00e3o aplicados exclusivamente na gest\u00e3o do sistema penitenci\u00e1rio, podendo contemplar constru\u00e7\u00e3o, amplia\u00e7\u00e3o, reforma das unidades; aquisi\u00e7\u00e3o de material permanente, aperfei\u00e7oamento dos servidores, execu\u00e7\u00e3o de projetos, remunera\u00e7\u00e3o de m\u00e3o de obra de presos, desenvolvimento de programa de alternativas penais \u00e0 pris\u00e3o, entre outros\u201d.<\/p>\n","protected":false},"excerpt":{"rendered":"<p>O vereador Leandro Piquet (Republicanos) iniciou uma a\u00e7\u00e3o in\u00e9dita na C\u00e2mara de Vit\u00f3ria, nesta quarta-feira (20). Por meio de um trabalho de reinser\u00e7\u00e3o social, tr\u00eas detentos foram indicados pela Secretaria da Justi\u00e7a do Estado (Sejus), atrav\u00e9s da assessoria de pol\u00edticas p\u00fablicas, para fazer a pintura e pequenos reparos estruturais no gabinete do parlamentar.A inten\u00e7\u00e3o do [&hellip;]<\/p>\n","protected":false},"author":2,"featured_media":13744,"comment_status":"open","ping_status":"open","sticky":false,"template":"","format":"standard","meta":{"footnotes":""},"categories":[10],"tags":[5542,7056,709,882],"class_list":["post-13743","post","type-post","status-publish","format-standard","has-post-thumbnail","hentry","category-politica","tag-presos","tag-ressocializacao","tag-sejus","tag-vitoria"],"yoast_head":"<!-- This site is optimized with the Yoast SEO plugin v26.5 - https:\/\/yoast.com\/wordpress\/plugins\/seo\/ -->\n<title>Vereador realiza a\u00e7\u00e3o de ressocializa\u00e7\u00e3o de presos em Vit\u00f3ria - Jornal Fatos e Not\u00edcias<\/title>\n<meta name=\"robots\" content=\"index, follow, max-snippet:-1, max-image-preview:large, max-video-preview:-1\" \/>\n<link rel=\"canonical\" href=\"https:\/\/jornalfatosenoticias.com.br\/index.php\/2021\/01\/21\/vereador-realiza-acao-de-ressocializacao-de-presos-em-vitoria\/\" \/>\n<meta property=\"og:locale\" content=\"pt_BR\" \/>\n<meta property=\"og:type\" content=\"article\" \/>\n<meta property=\"og:title\" content=\"Vereador realiza a\u00e7\u00e3o de ressocializa\u00e7\u00e3o de presos em Vit\u00f3ria - Jornal Fatos e Not\u00edcias\" \/>\n<meta property=\"og:description\" content=\"O vereador Leandro Piquet (Republicanos) iniciou uma a\u00e7\u00e3o in\u00e9dita na C\u00e2mara de Vit\u00f3ria, nesta quarta-feira (20). Por meio de um trabalho de reinser\u00e7\u00e3o social, tr\u00eas detentos foram indicados pela Secretaria da Justi\u00e7a do Estado (Sejus), atrav\u00e9s da assessoria de pol\u00edticas p\u00fablicas, para fazer a pintura e pequenos reparos estruturais no gabinete do parlamentar.A inten\u00e7\u00e3o do [&hellip;]\" \/>\n<meta property=\"og:url\" content=\"https:\/\/jornalfatosenoticias.com.br\/index.php\/2021\/01\/21\/vereador-realiza-acao-de-ressocializacao-de-presos-em-vitoria\/\" \/>\n<meta property=\"og:site_name\" content=\"Jornal Fatos e Not\u00edcias\" \/>\n<meta property=\"article:published_time\" content=\"2021-01-21T20:04:17+00:00\" \/>\n<meta property=\"article:modified_time\" content=\"2021-01-21T20:04:21+00:00\" \/>\n<meta property=\"og:image\" content=\"https:\/\/jornalfatosenoticias.com.br\/wp-content\/uploads\/2021\/01\/RESSOCIALIZACAO3.jpg\" \/>\n\t<meta property=\"og:image:width\" content=\"1000\" \/>\n\t<meta property=\"og:image:height\" content=\"750\" \/>\n\t<meta property=\"og:image:type\" content=\"image\/jpeg\" \/>\n<meta name=\"author\" content=\"Luzimara Fernandes\" \/>\n<meta name=\"twitter:card\" content=\"summary_large_image\" \/>\n<meta name=\"twitter:label1\" content=\"Escrito por\" \/>\n\t<meta name=\"twitter:data1\" content=\"Luzimara Fernandes\" \/>\n\t<meta name=\"twitter:label2\" content=\"Est. tempo de leitura\" \/>\n\t<meta name=\"twitter:data2\" content=\"3 minutos\" \/>\n<script type=\"application\/ld+json\" class=\"yoast-schema-graph\">{\"@context\":\"https:\/\/schema.org\",\"@graph\":[{\"@type\":\"Article\",\"@id\":\"https:\/\/jornalfatosenoticias.com.br\/index.php\/2021\/01\/21\/vereador-realiza-acao-de-ressocializacao-de-presos-em-vitoria\/#article\",\"isPartOf\":{\"@id\":\"https:\/\/jornalfatosenoticias.com.br\/index.php\/2021\/01\/21\/vereador-realiza-acao-de-ressocializacao-de-presos-em-vitoria\/\"},\"author\":{\"name\":\"Luzimara Fernandes\",\"@id\":\"https:\/\/jornalfatosenoticias.com.br\/#\/schema\/person\/d63837fa13ac8666eb9e74e0985d6f81\"},\"headline\":\"Vereador realiza a\u00e7\u00e3o de ressocializa\u00e7\u00e3o de presos em Vit\u00f3ria\",\"datePublished\":\"2021-01-21T20:04:17+00:00\",\"dateModified\":\"2021-01-21T20:04:21+00:00\",\"mainEntityOfPage\":{\"@id\":\"https:\/\/jornalfatosenoticias.com.br\/index.php\/2021\/01\/21\/vereador-realiza-acao-de-ressocializacao-de-presos-em-vitoria\/\"},\"wordCount\":611,\"commentCount\":0,\"publisher\":{\"@id\":\"https:\/\/jornalfatosenoticias.com.br\/#organization\"},\"image\":{\"@id\":\"https:\/\/jornalfatosenoticias.com.br\/index.php\/2021\/01\/21\/vereador-realiza-acao-de-ressocializacao-de-presos-em-vitoria\/#primaryimage\"},\"thumbnailUrl\":\"https:\/\/jornalfatosenoticias.com.br\/wp-content\/uploads\/2021\/01\/RESSOCIALIZACAO3.jpg\",\"keywords\":[\"presos\",\"ressocializa\u00e7\u00e3o\",\"Sejus\",\"Vit\u00f3ria\"],\"articleSection\":[\"Pol\u00edtica\"],\"inLanguage\":\"pt-BR\",\"potentialAction\":[{\"@type\":\"CommentAction\",\"name\":\"Comment\",\"target\":[\"https:\/\/jornalfatosenoticias.com.br\/index.php\/2021\/01\/21\/vereador-realiza-acao-de-ressocializacao-de-presos-em-vitoria\/#respond\"]}]},{\"@type\":\"WebPage\",\"@id\":\"https:\/\/jornalfatosenoticias.com.br\/index.php\/2021\/01\/21\/vereador-realiza-acao-de-ressocializacao-de-presos-em-vitoria\/\",\"url\":\"https:\/\/jornalfatosenoticias.com.br\/index.php\/2021\/01\/21\/vereador-realiza-acao-de-ressocializacao-de-presos-em-vitoria\/\",\"name\":\"Vereador realiza a\u00e7\u00e3o de ressocializa\u00e7\u00e3o de presos em Vit\u00f3ria - Jornal Fatos e Not\u00edcias\",\"isPartOf\":{\"@id\":\"https:\/\/jornalfatosenoticias.com.br\/#website\"},\"primaryImageOfPage\":{\"@id\":\"https:\/\/jornalfatosenoticias.com.br\/index.php\/2021\/01\/21\/vereador-realiza-acao-de-ressocializacao-de-presos-em-vitoria\/#primaryimage\"},\"image\":{\"@id\":\"https:\/\/jornalfatosenoticias.com.br\/index.php\/2021\/01\/21\/vereador-realiza-acao-de-ressocializacao-de-presos-em-vitoria\/#primaryimage\"},\"thumbnailUrl\":\"https:\/\/jornalfatosenoticias.com.br\/wp-content\/uploads\/2021\/01\/RESSOCIALIZACAO3.jpg\",\"datePublished\":\"2021-01-21T20:04:17+00:00\",\"dateModified\":\"2021-01-21T20:04:21+00:00\",\"breadcrumb\":{\"@id\":\"https:\/\/jornalfatosenoticias.com.br\/index.php\/2021\/01\/21\/vereador-realiza-acao-de-ressocializacao-de-presos-em-vitoria\/#breadcrumb\"},\"inLanguage\":\"pt-BR\",\"potentialAction\":[{\"@type\":\"ReadAction\",\"target\":[\"https:\/\/jornalfatosenoticias.com.br\/index.php\/2021\/01\/21\/vereador-realiza-acao-de-ressocializacao-de-presos-em-vitoria\/\"]}]},{\"@type\":\"ImageObject\",\"inLanguage\":\"pt-BR\",\"@id\":\"https:\/\/jornalfatosenoticias.com.br\/index.php\/2021\/01\/21\/vereador-realiza-acao-de-ressocializacao-de-presos-em-vitoria\/#primaryimage\",\"url\":\"https:\/\/jornalfatosenoticias.com.br\/wp-content\/uploads\/2021\/01\/RESSOCIALIZACAO3.jpg\",\"contentUrl\":\"https:\/\/jornalfatosenoticias.com.br\/wp-content\/uploads\/2021\/01\/RESSOCIALIZACAO3.jpg\",\"width\":1000,\"height\":750},{\"@type\":\"BreadcrumbList\",\"@id\":\"https:\/\/jornalfatosenoticias.com.br\/index.php\/2021\/01\/21\/vereador-realiza-acao-de-ressocializacao-de-presos-em-vitoria\/#breadcrumb\",\"itemListElement\":[{\"@type\":\"ListItem\",\"position\":1,\"name\":\"In\u00edcio\",\"item\":\"https:\/\/jornalfatosenoticias.com.br\/\"},{\"@type\":\"ListItem\",\"position\":2,\"name\":\"Vereador realiza a\u00e7\u00e3o de ressocializa\u00e7\u00e3o de presos em Vit\u00f3ria\"}]},{\"@type\":\"WebSite\",\"@id\":\"https:\/\/jornalfatosenoticias.com.br\/#website\",\"url\":\"https:\/\/jornalfatosenoticias.com.br\/\",\"name\":\"Jornal Fatos e Not\u00edcias\",\"description\":\"Not\u00edcias em geral\",\"publisher\":{\"@id\":\"https:\/\/jornalfatosenoticias.com.br\/#organization\"},\"potentialAction\":[{\"@type\":\"SearchAction\",\"target\":{\"@type\":\"EntryPoint\",\"urlTemplate\":\"https:\/\/jornalfatosenoticias.com.br\/?s={search_term_string}\"},\"query-input\":{\"@type\":\"PropertyValueSpecification\",\"valueRequired\":true,\"valueName\":\"search_term_string\"}}],\"inLanguage\":\"pt-BR\"},{\"@type\":\"Organization\",\"@id\":\"https:\/\/jornalfatosenoticias.com.br\/#organization\",\"name\":\"Jornal Fatos e Not\u00edcias\",\"url\":\"https:\/\/jornalfatosenoticias.com.br\/\",\"logo\":{\"@type\":\"ImageObject\",\"inLanguage\":\"pt-BR\",\"@id\":\"https:\/\/jornalfatosenoticias.com.br\/#\/schema\/logo\/image\/\",\"url\":\"https:\/\/jornalfatosenoticias.com.br\/wp-content\/uploads\/2020\/02\/logo120.png\",\"contentUrl\":\"https:\/\/jornalfatosenoticias.com.br\/wp-content\/uploads\/2020\/02\/logo120.png\",\"width\":1227,\"height\":120,\"caption\":\"Jornal Fatos e Not\u00edcias\"},\"image\":{\"@id\":\"https:\/\/jornalfatosenoticias.com.br\/#\/schema\/logo\/image\/\"}},{\"@type\":\"Person\",\"@id\":\"https:\/\/jornalfatosenoticias.com.br\/#\/schema\/person\/d63837fa13ac8666eb9e74e0985d6f81\",\"name\":\"Luzimara Fernandes\",\"image\":{\"@type\":\"ImageObject\",\"inLanguage\":\"pt-BR\",\"@id\":\"https:\/\/jornalfatosenoticias.com.br\/#\/schema\/person\/image\/\",\"url\":\"https:\/\/jornalfatosenoticias.com.br\/wp-content\/uploads\/2025\/05\/EU_portal.jpg\",\"contentUrl\":\"https:\/\/jornalfatosenoticias.com.br\/wp-content\/uploads\/2025\/05\/EU_portal.jpg\",\"caption\":\"Luzimara Fernandes\"},\"description\":\"Jornalista MTB 2358-ES\",\"sameAs\":[\"https:\/\/jornalfatosenoticias.com.br\"],\"url\":\"https:\/\/jornalfatosenoticias.com.br\/index.php\/author\/luzimara\/\"}]}<\/script>\n<!-- \/ Yoast SEO plugin. -->","yoast_head_json":{"title":"Vereador realiza a\u00e7\u00e3o de ressocializa\u00e7\u00e3o de presos em Vit\u00f3ria - Jornal Fatos e Not\u00edcias","robots":{"index":"index","follow":"follow","max-snippet":"max-snippet:-1","max-image-preview":"max-image-preview:large","max-video-preview":"max-video-preview:-1"},"canonical":"https:\/\/jornalfatosenoticias.com.br\/index.php\/2021\/01\/21\/vereador-realiza-acao-de-ressocializacao-de-presos-em-vitoria\/","og_locale":"pt_BR","og_type":"article","og_title":"Vereador realiza a\u00e7\u00e3o de ressocializa\u00e7\u00e3o de presos em Vit\u00f3ria - Jornal Fatos e Not\u00edcias","og_description":"O vereador Leandro Piquet (Republicanos) iniciou uma a\u00e7\u00e3o in\u00e9dita na C\u00e2mara de Vit\u00f3ria, nesta quarta-feira (20). Por meio de um trabalho de reinser\u00e7\u00e3o social, tr\u00eas detentos foram indicados pela Secretaria da Justi\u00e7a do Estado (Sejus), atrav\u00e9s da assessoria de pol\u00edticas p\u00fablicas, para fazer a pintura e pequenos reparos estruturais no gabinete do parlamentar.A inten\u00e7\u00e3o do [&hellip;]","og_url":"https:\/\/jornalfatosenoticias.com.br\/index.php\/2021\/01\/21\/vereador-realiza-acao-de-ressocializacao-de-presos-em-vitoria\/","og_site_name":"Jornal Fatos e Not\u00edcias","article_published_time":"2021-01-21T20:04:17+00:00","article_modified_time":"2021-01-21T20:04:21+00:00","og_image":[{"width":1000,"height":750,"url":"https:\/\/jornalfatosenoticias.com.br\/wp-content\/uploads\/2021\/01\/RESSOCIALIZACAO3.jpg","type":"image\/jpeg"}],"author":"Luzimara Fernandes","twitter_card":"summary_large_image","twitter_misc":{"Escrito por":"Luzimara Fernandes","Est. tempo de leitura":"3 minutos"},"schema":{"@context":"https:\/\/schema.org","@graph":[{"@type":"Article","@id":"https:\/\/jornalfatosenoticias.com.br\/index.php\/2021\/01\/21\/vereador-realiza-acao-de-ressocializacao-de-presos-em-vitoria\/#article","isPartOf":{"@id":"https:\/\/jornalfatosenoticias.com.br\/index.php\/2021\/01\/21\/vereador-realiza-acao-de-ressocializacao-de-presos-em-vitoria\/"},"author":{"name":"Luzimara Fernandes","@id":"https:\/\/jornalfatosenoticias.com.br\/#\/schema\/person\/d63837fa13ac8666eb9e74e0985d6f81"},"headline":"Vereador realiza a\u00e7\u00e3o de ressocializa\u00e7\u00e3o de presos em Vit\u00f3ria","datePublished":"2021-01-21T20:04:17+00:00","dateModified":"2021-01-21T20:04:21+00:00","mainEntityOfPage":{"@id":"https:\/\/jornalfatosenoticias.com.br\/index.php\/2021\/01\/21\/vereador-realiza-acao-de-ressocializacao-de-presos-em-vitoria\/"},"wordCount":611,"commentCount":0,"publisher":{"@id":"https:\/\/jornalfatosenoticias.com.br\/#organization"},"image":{"@id":"https:\/\/jornalfatosenoticias.com.br\/index.php\/2021\/01\/21\/vereador-realiza-acao-de-ressocializacao-de-presos-em-vitoria\/#primaryimage"},"thumbnailUrl":"https:\/\/jornalfatosenoticias.com.br\/wp-content\/uploads\/2021\/01\/RESSOCIALIZACAO3.jpg","keywords":["presos","ressocializa\u00e7\u00e3o","Sejus","Vit\u00f3ria"],"articleSection":["Pol\u00edtica"],"inLanguage":"pt-BR","potentialAction":[{"@type":"CommentAction","name":"Comment","target":["https:\/\/jornalfatosenoticias.com.br\/index.php\/2021\/01\/21\/vereador-realiza-acao-de-ressocializacao-de-presos-em-vitoria\/#respond"]}]},{"@type":"WebPage","@id":"https:\/\/jornalfatosenoticias.com.br\/index.php\/2021\/01\/21\/vereador-realiza-acao-de-ressocializacao-de-presos-em-vitoria\/","url":"https:\/\/jornalfatosenoticias.com.br\/index.php\/2021\/01\/21\/vereador-realiza-acao-de-ressocializacao-de-presos-em-vitoria\/","name":"Vereador realiza a\u00e7\u00e3o de ressocializa\u00e7\u00e3o de presos em Vit\u00f3ria - Jornal Fatos e Not\u00edcias","isPartOf":{"@id":"https:\/\/jornalfatosenoticias.com.br\/#website"},"primaryImageOfPage":{"@id":"https:\/\/jornalfatosenoticias.com.br\/index.php\/2021\/01\/21\/vereador-realiza-acao-de-ressocializacao-de-presos-em-vitoria\/#primaryimage"},"image":{"@id":"https:\/\/jornalfatosenoticias.com.br\/index.php\/2021\/01\/21\/vereador-realiza-acao-de-ressocializacao-de-presos-em-vitoria\/#primaryimage"},"thumbnailUrl":"https:\/\/jornalfatosenoticias.com.br\/wp-content\/uploads\/2021\/01\/RESSOCIALIZACAO3.jpg","datePublished":"2021-01-21T20:04:17+00:00","dateModified":"2021-01-21T20:04:21+00:00","breadcrumb":{"@id":"https:\/\/jornalfatosenoticias.com.br\/index.php\/2021\/01\/21\/vereador-realiza-acao-de-ressocializacao-de-presos-em-vitoria\/#breadcrumb"},"inLanguage":"pt-BR","potentialAction":[{"@type":"ReadAction","target":["https:\/\/jornalfatosenoticias.com.br\/index.php\/2021\/01\/21\/vereador-realiza-acao-de-ressocializacao-de-presos-em-vitoria\/"]}]},{"@type":"ImageObject","inLanguage":"pt-BR","@id":"https:\/\/jornalfatosenoticias.com.br\/index.php\/2021\/01\/21\/vereador-realiza-acao-de-ressocializacao-de-presos-em-vitoria\/#primaryimage","url":"https:\/\/jornalfatosenoticias.com.br\/wp-content\/uploads\/2021\/01\/RESSOCIALIZACAO3.jpg","contentUrl":"https:\/\/jornalfatosenoticias.com.br\/wp-content\/uploads\/2021\/01\/RESSOCIALIZACAO3.jpg","width":1000,"height":750},{"@type":"BreadcrumbList","@id":"https:\/\/jornalfatosenoticias.com.br\/index.php\/2021\/01\/21\/vereador-realiza-acao-de-ressocializacao-de-presos-em-vitoria\/#breadcrumb","itemListElement":[{"@type":"ListItem","position":1,"name":"In\u00edcio","item":"https:\/\/jornalfatosenoticias.com.br\/"},{"@type":"ListItem","position":2,"name":"Vereador realiza a\u00e7\u00e3o de ressocializa\u00e7\u00e3o de presos em Vit\u00f3ria"}]},{"@type":"WebSite","@id":"https:\/\/jornalfatosenoticias.com.br\/#website","url":"https:\/\/jornalfatosenoticias.com.br\/","name":"Jornal Fatos e Not\u00edcias","description":"Not\u00edcias em geral","publisher":{"@id":"https:\/\/jornalfatosenoticias.com.br\/#organization"},"potentialAction":[{"@type":"SearchAction","target":{"@type":"EntryPoint","urlTemplate":"https:\/\/jornalfatosenoticias.com.br\/?s={search_term_string}"},"query-input":{"@type":"PropertyValueSpecification","valueRequired":true,"valueName":"search_term_string"}}],"inLanguage":"pt-BR"},{"@type":"Organization","@id":"https:\/\/jornalfatosenoticias.com.br\/#organization","name":"Jornal Fatos e Not\u00edcias","url":"https:\/\/jornalfatosenoticias.com.br\/","logo":{"@type":"ImageObject","inLanguage":"pt-BR","@id":"https:\/\/jornalfatosenoticias.com.br\/#\/schema\/logo\/image\/","url":"https:\/\/jornalfatosenoticias.com.br\/wp-content\/uploads\/2020\/02\/logo120.png","contentUrl":"https:\/\/jornalfatosenoticias.com.br\/wp-content\/uploads\/2020\/02\/logo120.png","width":1227,"height":120,"caption":"Jornal Fatos e Not\u00edcias"},"image":{"@id":"https:\/\/jornalfatosenoticias.com.br\/#\/schema\/logo\/image\/"}},{"@type":"Person","@id":"https:\/\/jornalfatosenoticias.com.br\/#\/schema\/person\/d63837fa13ac8666eb9e74e0985d6f81","name":"Luzimara Fernandes","image":{"@type":"ImageObject","inLanguage":"pt-BR","@id":"https:\/\/jornalfatosenoticias.com.br\/#\/schema\/person\/image\/","url":"https:\/\/jornalfatosenoticias.com.br\/wp-content\/uploads\/2025\/05\/EU_portal.jpg","contentUrl":"https:\/\/jornalfatosenoticias.com.br\/wp-content\/uploads\/2025\/05\/EU_portal.jpg","caption":"Luzimara Fernandes"},"description":"Jornalista MTB 2358-ES","sameAs":["https:\/\/jornalfatosenoticias.com.br"],"url":"https:\/\/jornalfatosenoticias.com.br\/index.php\/author\/luzimara\/"}]}},"cc_featured_image_caption":{"caption_text":"(Foto: Assessoria de Comunica\u00e7\u00e3o) \r\n","source_text":"","source_url":""},"jetpack_featured_media_url":"https:\/\/jornalfatosenoticias.com.br\/wp-content\/uploads\/2021\/01\/RESSOCIALIZACAO3.jpg","_links":{"self":[{"href":"https:\/\/jornalfatosenoticias.com.br\/index.php\/wp-json\/wp\/v2\/posts\/13743","targetHints":{"allow":["GET"]}}],"collection":[{"href":"https:\/\/jornalfatosenoticias.com.br\/index.php\/wp-json\/wp\/v2\/posts"}],"about":[{"href":"https:\/\/jornalfatosenoticias.com.br\/index.php\/wp-json\/wp\/v2\/types\/post"}],"author":[{"embeddable":true,"href":"https:\/\/jornalfatosenoticias.com.br\/index.php\/wp-json\/wp\/v2\/users\/2"}],"replies":[{"embeddable":true,"href":"https:\/\/jornalfatosenoticias.com.br\/index.php\/wp-json\/wp\/v2\/comments?post=13743"}],"version-history":[{"count":0,"href":"https:\/\/jornalfatosenoticias.com.br\/index.php\/wp-json\/wp\/v2\/posts\/13743\/revisions"}],"wp:featuredmedia":[{"embeddable":true,"href":"https:\/\/jornalfatosenoticias.com.br\/index.php\/wp-json\/wp\/v2\/media\/13744"}],"wp:attachment":[{"href":"https:\/\/jornalfatosenoticias.com.br\/index.php\/wp-json\/wp\/v2\/media?parent=13743"}],"wp:term":[{"taxonomy":"category","embeddable":true,"href":"https:\/\/jornalfatosenoticias.com.br\/index.php\/wp-json\/wp\/v2\/categories?post=13743"},{"taxonomy":"post_tag","embeddable":true,"href":"https:\/\/jornalfatosenoticias.com.br\/index.php\/wp-json\/wp\/v2\/tags?post=13743"}],"curies":[{"name":"wp","href":"https:\/\/api.w.org\/{rel}","templated":true}]}}