{"id":13748,"date":"2021-01-21T17:07:23","date_gmt":"2021-01-21T20:07:23","guid":{"rendered":"https:\/\/jornalfatosenoticias.com.br\/?p=13748"},"modified":"2021-01-21T17:07:28","modified_gmt":"2021-01-21T20:07:28","slug":"fundao-inicia-vacinacao-contra-a-covid-19","status":"publish","type":"post","link":"https:\/\/jornalfatosenoticias.com.br\/index.php\/2021\/01\/21\/fundao-inicia-vacinacao-contra-a-covid-19\/","title":{"rendered":"Fund\u00e3o inicia vacina\u00e7\u00e3o contra a covid-19"},"content":{"rendered":"\n<p>Nesta quarta-feira (20), \u00e0s 9h, Fund\u00e3o iniciou a campanha de vacina\u00e7\u00e3o contra a covid-19. O munic\u00edpio, que amargou 38 \u00f3bitos at\u00e9 o momento, deu in\u00edcio \u00e0 vacina\u00e7\u00e3o com a t\u00e9cnica de enfermagem, servidora do Posto de Sa\u00fade, Vanessa Nunes, aplicando a dose em \u00c2ngela Bertolini, que tamb\u00e9m \u00e9 da \u00e1rea da sa\u00fade. A vereadora S\u00f4nia Steins (Patriotas-Fund\u00e3o\/ES) esteve presente e se disse muito feliz por finalmente termos acesso \u00e0 vacina, que sinaliza o in\u00edcio de um novo tempo para a popula\u00e7\u00e3o mundial. \u201cEstamos felizes e aliviados com a chegada das vacinas, a sa\u00fade da popula\u00e7\u00e3o \u00e9 o primeiro compromisso de uma administra\u00e7\u00e3o p\u00fablica. Essas boas a\u00e7\u00f5es surtir\u00e3o efeitos positivos no futuro. Isso \u00e9 o que acredito e espero, com essa vacina, a chegada de um tempo de esperan\u00e7a de dias melhores e um retorno \u00e0 normalidade para que possamos trabalhar, produzir e contribuir com a economia do nosso munic\u00edpio, nosso Estado e Pa\u00eds\u201d, deseja a vereadora.<\/p>\n","protected":false},"excerpt":{"rendered":"<p>Nesta quarta-feira (20), \u00e0s 9h, Fund\u00e3o iniciou a campanha de vacina\u00e7\u00e3o contra a covid-19. O munic\u00edpio, que amargou 38 \u00f3bitos at\u00e9 o momento, deu in\u00edcio \u00e0 vacina\u00e7\u00e3o com a t\u00e9cnica de enfermagem, servidora do Posto de Sa\u00fade, Vanessa Nunes, aplicando a dose em \u00c2ngela Bertolini, que tamb\u00e9m \u00e9 da \u00e1rea da sa\u00fade. A vereadora S\u00f4nia [&hellip;]<\/p>\n","protected":false},"author":3,"featured_media":13749,"comment_status":"open","ping_status":"open","sticky":false,"template":"","format":"standard","meta":{"footnotes":""},"categories":[10,11],"tags":[6482,1331,847],"class_list":["post-13748","post","type-post","status-publish","format-standard","has-post-thumbnail","hentry","category-politica","category-saude","tag-coronavac","tag-sonia-steins","tag-vacinacao"],"yoast_head":"<!-- This site is optimized with the Yoast SEO plugin v26.5 - https:\/\/yoast.com\/wordpress\/plugins\/seo\/ -->\n<title>Fund\u00e3o inicia vacina\u00e7\u00e3o contra a covid-19 - Jornal Fatos e Not\u00edcias<\/title>\n<meta name=\"robots\" content=\"index, follow, max-snippet:-1, max-image-preview:large, max-video-preview:-1\" \/>\n<link rel=\"canonical\" href=\"https:\/\/jornalfatosenoticias.com.br\/index.php\/2021\/01\/21\/fundao-inicia-vacinacao-contra-a-covid-19\/\" \/>\n<meta property=\"og:locale\" content=\"pt_BR\" \/>\n<meta property=\"og:type\" content=\"article\" \/>\n<meta property=\"og:title\" content=\"Fund\u00e3o inicia vacina\u00e7\u00e3o contra a covid-19 - Jornal Fatos e Not\u00edcias\" \/>\n<meta property=\"og:description\" content=\"Nesta quarta-feira (20), \u00e0s 9h, Fund\u00e3o iniciou a campanha de vacina\u00e7\u00e3o contra a covid-19. O munic\u00edpio, que amargou 38 \u00f3bitos at\u00e9 o momento, deu in\u00edcio \u00e0 vacina\u00e7\u00e3o com a t\u00e9cnica de enfermagem, servidora do Posto de Sa\u00fade, Vanessa Nunes, aplicando a dose em \u00c2ngela Bertolini, que tamb\u00e9m \u00e9 da \u00e1rea da sa\u00fade. A vereadora S\u00f4nia [&hellip;]\" \/>\n<meta property=\"og:url\" content=\"https:\/\/jornalfatosenoticias.com.br\/index.php\/2021\/01\/21\/fundao-inicia-vacinacao-contra-a-covid-19\/\" \/>\n<meta property=\"og:site_name\" content=\"Jornal Fatos e Not\u00edcias\" \/>\n<meta property=\"article:published_time\" content=\"2021-01-21T20:07:23+00:00\" \/>\n<meta property=\"article:modified_time\" content=\"2021-01-21T20:07:28+00:00\" \/>\n<meta property=\"og:image\" content=\"https:\/\/jornalfatosenoticias.com.br\/wp-content\/uploads\/2021\/01\/Sonia-Steins_enfermeira.jpg\" \/>\n\t<meta property=\"og:image:width\" content=\"1000\" \/>\n\t<meta property=\"og:image:height\" content=\"641\" \/>\n\t<meta property=\"og:image:type\" content=\"image\/jpeg\" \/>\n<meta name=\"author\" content=\"Haroldo Filho\" \/>\n<meta name=\"twitter:card\" content=\"summary_large_image\" \/>\n<meta name=\"twitter:label1\" content=\"Escrito por\" \/>\n\t<meta name=\"twitter:data1\" content=\"Haroldo Filho\" \/>\n\t<meta name=\"twitter:label2\" content=\"Est. tempo de leitura\" \/>\n\t<meta name=\"twitter:data2\" content=\"1 minuto\" \/>\n<script type=\"application\/ld+json\" class=\"yoast-schema-graph\">{\"@context\":\"https:\/\/schema.org\",\"@graph\":[{\"@type\":\"Article\",\"@id\":\"https:\/\/jornalfatosenoticias.com.br\/index.php\/2021\/01\/21\/fundao-inicia-vacinacao-contra-a-covid-19\/#article\",\"isPartOf\":{\"@id\":\"https:\/\/jornalfatosenoticias.com.br\/index.php\/2021\/01\/21\/fundao-inicia-vacinacao-contra-a-covid-19\/\"},\"author\":{\"name\":\"Haroldo Filho\",\"@id\":\"https:\/\/jornalfatosenoticias.com.br\/#\/schema\/person\/05c46cc25b42a5c27e004fb0fa6b4965\"},\"headline\":\"Fund\u00e3o inicia vacina\u00e7\u00e3o contra a covid-19\",\"datePublished\":\"2021-01-21T20:07:23+00:00\",\"dateModified\":\"2021-01-21T20:07:28+00:00\",\"mainEntityOfPage\":{\"@id\":\"https:\/\/jornalfatosenoticias.com.br\/index.php\/2021\/01\/21\/fundao-inicia-vacinacao-contra-a-covid-19\/\"},\"wordCount\":179,\"commentCount\":0,\"publisher\":{\"@id\":\"https:\/\/jornalfatosenoticias.com.br\/#organization\"},\"image\":{\"@id\":\"https:\/\/jornalfatosenoticias.com.br\/index.php\/2021\/01\/21\/fundao-inicia-vacinacao-contra-a-covid-19\/#primaryimage\"},\"thumbnailUrl\":\"https:\/\/jornalfatosenoticias.com.br\/wp-content\/uploads\/2021\/01\/Sonia-Steins_enfermeira.jpg\",\"keywords\":[\"CoronaVac\",\"S\u00f4nia Steins\",\"vacina\u00e7\u00e3o\"],\"articleSection\":[\"Pol\u00edtica\",\"Sa\u00fade\"],\"inLanguage\":\"pt-BR\",\"potentialAction\":[{\"@type\":\"CommentAction\",\"name\":\"Comment\",\"target\":[\"https:\/\/jornalfatosenoticias.com.br\/index.php\/2021\/01\/21\/fundao-inicia-vacinacao-contra-a-covid-19\/#respond\"]}]},{\"@type\":\"WebPage\",\"@id\":\"https:\/\/jornalfatosenoticias.com.br\/index.php\/2021\/01\/21\/fundao-inicia-vacinacao-contra-a-covid-19\/\",\"url\":\"https:\/\/jornalfatosenoticias.com.br\/index.php\/2021\/01\/21\/fundao-inicia-vacinacao-contra-a-covid-19\/\",\"name\":\"Fund\u00e3o inicia vacina\u00e7\u00e3o contra a covid-19 - Jornal Fatos e Not\u00edcias\",\"isPartOf\":{\"@id\":\"https:\/\/jornalfatosenoticias.com.br\/#website\"},\"primaryImageOfPage\":{\"@id\":\"https:\/\/jornalfatosenoticias.com.br\/index.php\/2021\/01\/21\/fundao-inicia-vacinacao-contra-a-covid-19\/#primaryimage\"},\"image\":{\"@id\":\"https:\/\/jornalfatosenoticias.com.br\/index.php\/2021\/01\/21\/fundao-inicia-vacinacao-contra-a-covid-19\/#primaryimage\"},\"thumbnailUrl\":\"https:\/\/jornalfatosenoticias.com.br\/wp-content\/uploads\/2021\/01\/Sonia-Steins_enfermeira.jpg\",\"datePublished\":\"2021-01-21T20:07:23+00:00\",\"dateModified\":\"2021-01-21T20:07:28+00:00\",\"breadcrumb\":{\"@id\":\"https:\/\/jornalfatosenoticias.com.br\/index.php\/2021\/01\/21\/fundao-inicia-vacinacao-contra-a-covid-19\/#breadcrumb\"},\"inLanguage\":\"pt-BR\",\"potentialAction\":[{\"@type\":\"ReadAction\",\"target\":[\"https:\/\/jornalfatosenoticias.com.br\/index.php\/2021\/01\/21\/fundao-inicia-vacinacao-contra-a-covid-19\/\"]}]},{\"@type\":\"ImageObject\",\"inLanguage\":\"pt-BR\",\"@id\":\"https:\/\/jornalfatosenoticias.com.br\/index.php\/2021\/01\/21\/fundao-inicia-vacinacao-contra-a-covid-19\/#primaryimage\",\"url\":\"https:\/\/jornalfatosenoticias.com.br\/wp-content\/uploads\/2021\/01\/Sonia-Steins_enfermeira.jpg\",\"contentUrl\":\"https:\/\/jornalfatosenoticias.com.br\/wp-content\/uploads\/2021\/01\/Sonia-Steins_enfermeira.jpg\",\"width\":1000,\"height\":641},{\"@type\":\"BreadcrumbList\",\"@id\":\"https:\/\/jornalfatosenoticias.com.br\/index.php\/2021\/01\/21\/fundao-inicia-vacinacao-contra-a-covid-19\/#breadcrumb\",\"itemListElement\":[{\"@type\":\"ListItem\",\"position\":1,\"name\":\"In\u00edcio\",\"item\":\"https:\/\/jornalfatosenoticias.com.br\/\"},{\"@type\":\"ListItem\",\"position\":2,\"name\":\"Fund\u00e3o inicia vacina\u00e7\u00e3o contra a covid-19\"}]},{\"@type\":\"WebSite\",\"@id\":\"https:\/\/jornalfatosenoticias.com.br\/#website\",\"url\":\"https:\/\/jornalfatosenoticias.com.br\/\",\"name\":\"Jornal Fatos e Not\u00edcias\",\"description\":\"Not\u00edcias em geral\",\"publisher\":{\"@id\":\"https:\/\/jornalfatosenoticias.com.br\/#organization\"},\"potentialAction\":[{\"@type\":\"SearchAction\",\"target\":{\"@type\":\"EntryPoint\",\"urlTemplate\":\"https:\/\/jornalfatosenoticias.com.br\/?s={search_term_string}\"},\"query-input\":{\"@type\":\"PropertyValueSpecification\",\"valueRequired\":true,\"valueName\":\"search_term_string\"}}],\"inLanguage\":\"pt-BR\"},{\"@type\":\"Organization\",\"@id\":\"https:\/\/jornalfatosenoticias.com.br\/#organization\",\"name\":\"Jornal Fatos e Not\u00edcias\",\"url\":\"https:\/\/jornalfatosenoticias.com.br\/\",\"logo\":{\"@type\":\"ImageObject\",\"inLanguage\":\"pt-BR\",\"@id\":\"https:\/\/jornalfatosenoticias.com.br\/#\/schema\/logo\/image\/\",\"url\":\"https:\/\/jornalfatosenoticias.com.br\/wp-content\/uploads\/2020\/02\/logo120.png\",\"contentUrl\":\"https:\/\/jornalfatosenoticias.com.br\/wp-content\/uploads\/2020\/02\/logo120.png\",\"width\":1227,\"height\":120,\"caption\":\"Jornal Fatos e Not\u00edcias\"},\"image\":{\"@id\":\"https:\/\/jornalfatosenoticias.com.br\/#\/schema\/logo\/image\/\"}},{\"@type\":\"Person\",\"@id\":\"https:\/\/jornalfatosenoticias.com.br\/#\/schema\/person\/05c46cc25b42a5c27e004fb0fa6b4965\",\"name\":\"Haroldo Filho\",\"image\":{\"@type\":\"ImageObject\",\"inLanguage\":\"pt-BR\",\"@id\":\"https:\/\/jornalfatosenoticias.com.br\/#\/schema\/person\/image\/\",\"url\":\"https:\/\/jornalfatosenoticias.com.br\/wp-content\/uploads\/2025\/08\/WhatsApp-Image-2025-08-18-at-15.30.28-150x150.jpeg\",\"contentUrl\":\"https:\/\/jornalfatosenoticias.com.br\/wp-content\/uploads\/2025\/08\/WhatsApp-Image-2025-08-18-at-15.30.28-150x150.jpeg\",\"caption\":\"Haroldo Filho\"},\"description\":\"Jornalista \u2013 DRT: 0003818\/ES Coordenador-geral da ONG Educar para Crescer\",\"url\":\"https:\/\/jornalfatosenoticias.com.br\/index.php\/author\/haroldo\/\"}]}<\/script>\n<!-- \/ Yoast SEO plugin. -->","yoast_head_json":{"title":"Fund\u00e3o inicia vacina\u00e7\u00e3o contra a covid-19 - Jornal Fatos e Not\u00edcias","robots":{"index":"index","follow":"follow","max-snippet":"max-snippet:-1","max-image-preview":"max-image-preview:large","max-video-preview":"max-video-preview:-1"},"canonical":"https:\/\/jornalfatosenoticias.com.br\/index.php\/2021\/01\/21\/fundao-inicia-vacinacao-contra-a-covid-19\/","og_locale":"pt_BR","og_type":"article","og_title":"Fund\u00e3o inicia vacina\u00e7\u00e3o contra a covid-19 - Jornal Fatos e Not\u00edcias","og_description":"Nesta quarta-feira (20), \u00e0s 9h, Fund\u00e3o iniciou a campanha de vacina\u00e7\u00e3o contra a covid-19. O munic\u00edpio, que amargou 38 \u00f3bitos at\u00e9 o momento, deu in\u00edcio \u00e0 vacina\u00e7\u00e3o com a t\u00e9cnica de enfermagem, servidora do Posto de Sa\u00fade, Vanessa Nunes, aplicando a dose em \u00c2ngela Bertolini, que tamb\u00e9m \u00e9 da \u00e1rea da sa\u00fade. A vereadora S\u00f4nia [&hellip;]","og_url":"https:\/\/jornalfatosenoticias.com.br\/index.php\/2021\/01\/21\/fundao-inicia-vacinacao-contra-a-covid-19\/","og_site_name":"Jornal Fatos e Not\u00edcias","article_published_time":"2021-01-21T20:07:23+00:00","article_modified_time":"2021-01-21T20:07:28+00:00","og_image":[{"width":1000,"height":641,"url":"https:\/\/jornalfatosenoticias.com.br\/wp-content\/uploads\/2021\/01\/Sonia-Steins_enfermeira.jpg","type":"image\/jpeg"}],"author":"Haroldo Filho","twitter_card":"summary_large_image","twitter_misc":{"Escrito por":"Haroldo Filho","Est. tempo de leitura":"1 minuto"},"schema":{"@context":"https:\/\/schema.org","@graph":[{"@type":"Article","@id":"https:\/\/jornalfatosenoticias.com.br\/index.php\/2021\/01\/21\/fundao-inicia-vacinacao-contra-a-covid-19\/#article","isPartOf":{"@id":"https:\/\/jornalfatosenoticias.com.br\/index.php\/2021\/01\/21\/fundao-inicia-vacinacao-contra-a-covid-19\/"},"author":{"name":"Haroldo Filho","@id":"https:\/\/jornalfatosenoticias.com.br\/#\/schema\/person\/05c46cc25b42a5c27e004fb0fa6b4965"},"headline":"Fund\u00e3o inicia vacina\u00e7\u00e3o contra a covid-19","datePublished":"2021-01-21T20:07:23+00:00","dateModified":"2021-01-21T20:07:28+00:00","mainEntityOfPage":{"@id":"https:\/\/jornalfatosenoticias.com.br\/index.php\/2021\/01\/21\/fundao-inicia-vacinacao-contra-a-covid-19\/"},"wordCount":179,"commentCount":0,"publisher":{"@id":"https:\/\/jornalfatosenoticias.com.br\/#organization"},"image":{"@id":"https:\/\/jornalfatosenoticias.com.br\/index.php\/2021\/01\/21\/fundao-inicia-vacinacao-contra-a-covid-19\/#primaryimage"},"thumbnailUrl":"https:\/\/jornalfatosenoticias.com.br\/wp-content\/uploads\/2021\/01\/Sonia-Steins_enfermeira.jpg","keywords":["CoronaVac","S\u00f4nia Steins","vacina\u00e7\u00e3o"],"articleSection":["Pol\u00edtica","Sa\u00fade"],"inLanguage":"pt-BR","potentialAction":[{"@type":"CommentAction","name":"Comment","target":["https:\/\/jornalfatosenoticias.com.br\/index.php\/2021\/01\/21\/fundao-inicia-vacinacao-contra-a-covid-19\/#respond"]}]},{"@type":"WebPage","@id":"https:\/\/jornalfatosenoticias.com.br\/index.php\/2021\/01\/21\/fundao-inicia-vacinacao-contra-a-covid-19\/","url":"https:\/\/jornalfatosenoticias.com.br\/index.php\/2021\/01\/21\/fundao-inicia-vacinacao-contra-a-covid-19\/","name":"Fund\u00e3o inicia vacina\u00e7\u00e3o contra a covid-19 - Jornal Fatos e Not\u00edcias","isPartOf":{"@id":"https:\/\/jornalfatosenoticias.com.br\/#website"},"primaryImageOfPage":{"@id":"https:\/\/jornalfatosenoticias.com.br\/index.php\/2021\/01\/21\/fundao-inicia-vacinacao-contra-a-covid-19\/#primaryimage"},"image":{"@id":"https:\/\/jornalfatosenoticias.com.br\/index.php\/2021\/01\/21\/fundao-inicia-vacinacao-contra-a-covid-19\/#primaryimage"},"thumbnailUrl":"https:\/\/jornalfatosenoticias.com.br\/wp-content\/uploads\/2021\/01\/Sonia-Steins_enfermeira.jpg","datePublished":"2021-01-21T20:07:23+00:00","dateModified":"2021-01-21T20:07:28+00:00","breadcrumb":{"@id":"https:\/\/jornalfatosenoticias.com.br\/index.php\/2021\/01\/21\/fundao-inicia-vacinacao-contra-a-covid-19\/#breadcrumb"},"inLanguage":"pt-BR","potentialAction":[{"@type":"ReadAction","target":["https:\/\/jornalfatosenoticias.com.br\/index.php\/2021\/01\/21\/fundao-inicia-vacinacao-contra-a-covid-19\/"]}]},{"@type":"ImageObject","inLanguage":"pt-BR","@id":"https:\/\/jornalfatosenoticias.com.br\/index.php\/2021\/01\/21\/fundao-inicia-vacinacao-contra-a-covid-19\/#primaryimage","url":"https:\/\/jornalfatosenoticias.com.br\/wp-content\/uploads\/2021\/01\/Sonia-Steins_enfermeira.jpg","contentUrl":"https:\/\/jornalfatosenoticias.com.br\/wp-content\/uploads\/2021\/01\/Sonia-Steins_enfermeira.jpg","width":1000,"height":641},{"@type":"BreadcrumbList","@id":"https:\/\/jornalfatosenoticias.com.br\/index.php\/2021\/01\/21\/fundao-inicia-vacinacao-contra-a-covid-19\/#breadcrumb","itemListElement":[{"@type":"ListItem","position":1,"name":"In\u00edcio","item":"https:\/\/jornalfatosenoticias.com.br\/"},{"@type":"ListItem","position":2,"name":"Fund\u00e3o inicia vacina\u00e7\u00e3o contra a covid-19"}]},{"@type":"WebSite","@id":"https:\/\/jornalfatosenoticias.com.br\/#website","url":"https:\/\/jornalfatosenoticias.com.br\/","name":"Jornal Fatos e Not\u00edcias","description":"Not\u00edcias em geral","publisher":{"@id":"https:\/\/jornalfatosenoticias.com.br\/#organization"},"potentialAction":[{"@type":"SearchAction","target":{"@type":"EntryPoint","urlTemplate":"https:\/\/jornalfatosenoticias.com.br\/?s={search_term_string}"},"query-input":{"@type":"PropertyValueSpecification","valueRequired":true,"valueName":"search_term_string"}}],"inLanguage":"pt-BR"},{"@type":"Organization","@id":"https:\/\/jornalfatosenoticias.com.br\/#organization","name":"Jornal Fatos e Not\u00edcias","url":"https:\/\/jornalfatosenoticias.com.br\/","logo":{"@type":"ImageObject","inLanguage":"pt-BR","@id":"https:\/\/jornalfatosenoticias.com.br\/#\/schema\/logo\/image\/","url":"https:\/\/jornalfatosenoticias.com.br\/wp-content\/uploads\/2020\/02\/logo120.png","contentUrl":"https:\/\/jornalfatosenoticias.com.br\/wp-content\/uploads\/2020\/02\/logo120.png","width":1227,"height":120,"caption":"Jornal Fatos e Not\u00edcias"},"image":{"@id":"https:\/\/jornalfatosenoticias.com.br\/#\/schema\/logo\/image\/"}},{"@type":"Person","@id":"https:\/\/jornalfatosenoticias.com.br\/#\/schema\/person\/05c46cc25b42a5c27e004fb0fa6b4965","name":"Haroldo Filho","image":{"@type":"ImageObject","inLanguage":"pt-BR","@id":"https:\/\/jornalfatosenoticias.com.br\/#\/schema\/person\/image\/","url":"https:\/\/jornalfatosenoticias.com.br\/wp-content\/uploads\/2025\/08\/WhatsApp-Image-2025-08-18-at-15.30.28-150x150.jpeg","contentUrl":"https:\/\/jornalfatosenoticias.com.br\/wp-content\/uploads\/2025\/08\/WhatsApp-Image-2025-08-18-at-15.30.28-150x150.jpeg","caption":"Haroldo Filho"},"description":"Jornalista \u2013 DRT: 0003818\/ES Coordenador-geral da ONG Educar para Crescer","url":"https:\/\/jornalfatosenoticias.com.br\/index.php\/author\/haroldo\/"}]}},"cc_featured_image_caption":{"caption_text":"(Foto: Assessoria de Comunica\u00e7\u00e3o)","source_text":"","source_url":""},"jetpack_featured_media_url":"https:\/\/jornalfatosenoticias.com.br\/wp-content\/uploads\/2021\/01\/Sonia-Steins_enfermeira.jpg","_links":{"self":[{"href":"https:\/\/jornalfatosenoticias.com.br\/index.php\/wp-json\/wp\/v2\/posts\/13748","targetHints":{"allow":["GET"]}}],"collection":[{"href":"https:\/\/jornalfatosenoticias.com.br\/index.php\/wp-json\/wp\/v2\/posts"}],"about":[{"href":"https:\/\/jornalfatosenoticias.com.br\/index.php\/wp-json\/wp\/v2\/types\/post"}],"author":[{"embeddable":true,"href":"https:\/\/jornalfatosenoticias.com.br\/index.php\/wp-json\/wp\/v2\/users\/3"}],"replies":[{"embeddable":true,"href":"https:\/\/jornalfatosenoticias.com.br\/index.php\/wp-json\/wp\/v2\/comments?post=13748"}],"version-history":[{"count":0,"href":"https:\/\/jornalfatosenoticias.com.br\/index.php\/wp-json\/wp\/v2\/posts\/13748\/revisions"}],"wp:featuredmedia":[{"embeddable":true,"href":"https:\/\/jornalfatosenoticias.com.br\/index.php\/wp-json\/wp\/v2\/media\/13749"}],"wp:attachment":[{"href":"https:\/\/jornalfatosenoticias.com.br\/index.php\/wp-json\/wp\/v2\/media?parent=13748"}],"wp:term":[{"taxonomy":"category","embeddable":true,"href":"https:\/\/jornalfatosenoticias.com.br\/index.php\/wp-json\/wp\/v2\/categories?post=13748"},{"taxonomy":"post_tag","embeddable":true,"href":"https:\/\/jornalfatosenoticias.com.br\/index.php\/wp-json\/wp\/v2\/tags?post=13748"}],"curies":[{"name":"wp","href":"https:\/\/api.w.org\/{rel}","templated":true}]}}