{"id":13791,"date":"2021-01-22T15:12:01","date_gmt":"2021-01-22T18:12:01","guid":{"rendered":"https:\/\/jornalfatosenoticias.com.br\/?p=13791"},"modified":"2021-01-22T15:12:05","modified_gmt":"2021-01-22T18:12:05","slug":"os-cuidados-com-a-conjuntivite-durante-o-verao","status":"publish","type":"post","link":"https:\/\/jornalfatosenoticias.com.br\/index.php\/2021\/01\/22\/os-cuidados-com-a-conjuntivite-durante-o-verao\/","title":{"rendered":"Os cuidados com a conjuntivite durante o ver\u00e3o"},"content":{"rendered":"\n<h6 class=\"wp-block-heading\"><em>Dias quentes s\u00e3o mais prop\u00edcios a infec\u00e7\u00f5es como a conjuntivite, especialmente em quem pratica esporte em lugares p\u00fablicos<\/em><\/h6>\n\n\n\n<p>O cuidado deve ser redobrado com a conjuntivite no ver\u00e3o. Segundo informa\u00e7\u00f5es do Minist\u00e9rio da Sa\u00fade, surtos de conjuntivite s\u00e3o comuns na \u00e9poca mais quente do ano e tem a transmiss\u00e3o facilitada quando ocorrem aglomerados de pessoas, mesmo contra as regras vigentes de distanciamento social impostas para brecar a contamina\u00e7\u00e3o pela covid-19. Assim, os cuidados devem ser constantes para os praticantes de atividade f\u00edsica ao ar livre, em academias e tamb\u00e9m para os frequentadores de piscinas p\u00fablicas.<br>&#8220;O calor e a umidade aumentam a chance de sobreviv\u00eancia dos v\u00edrus e favorecem a dissemina\u00e7\u00e3o da conjuntivite viral, que \u00e9 altamente contagiosa. A conjuntivite \u00e9 a inflama\u00e7\u00e3o dos olhos, geralmente limitada, mas nos casos de inflama\u00e7\u00e3o persistente pode resultar em preju\u00edzo da vis\u00e3o&#8221;, explica a oftalmologista Ruth Santo.<\/p>\n\n\n\n<h4 class=\"wp-block-heading\">Cuidados com a conjuntivite em lugares p\u00fablicos<\/h4>\n\n\n\n<p>Quem pratica esporte ou frequenta parques p\u00fablicos, academias ou piscina p\u00fablica tamb\u00e9m deve ter todos os cuidados poss\u00edveis, pois pode ser o foco da conjuntivite. &#8220;O cloro das piscinas pode alterar o pH da l\u00e1grima, mudando a sua qualidade e resultando em m\u00e1 lubrifica\u00e7\u00e3o, desconforto e ressecamento. Al\u00e9m disso, os lubrificantes oculares ajudam a remover part\u00edculas indesej\u00e1veis \u00e0 superf\u00edcie do olho.<\/p>\n\n\n\n<h4 class=\"wp-block-heading\">Sintomas da conjuntivite viral e bacteriana<\/h4>\n\n\n\n<p>A conjuntivite viral tende a melhorar em torno de cinco a sete dias ap\u00f3s a infec\u00e7\u00e3o e os sintomas mais comuns s\u00e3o vermelhid\u00e3o ocular, ard\u00eancia, coceira, sensa\u00e7\u00e3o de areia no olho, fotofobia e secre\u00e7\u00e3o, que pode ser aquosa ou mais amarelada, geralmente maior pela manh\u00e3.<br>J\u00e1 para a conjuntivite bacteriana, podem ser indicados col\u00edrios anti-inflamat\u00f3rios ou antibi\u00f3ticos. &#8220;Evite o contato com secre\u00e7\u00e3o e\/ou pertences pessoais de outras pessoas, como \u00f3culos, toalhas, maquiagens, entre outros. Lave sempre as m\u00e3os e n\u00e3o coce os olhos. Um oftalmologista tamb\u00e9m pode receitar l\u00e1grimas artificiais para serem usadas v\u00e1rias vezes ao dia&#8221;, indica a profissional.<\/p>\n\n\n\n<p><strong><em>Fonte: <a href=\"https:\/\/www.terra.com.br\/vida-e-estilo\/saude\/bem-estar\/veja-todos-os-cuidados-com-a-conjuntivite-durante-o-verao,e53e0bfbc554f8afcc82138b645dd46097f3fjzx.html\">Terra<\/a><\/em><\/strong><\/p>\n","protected":false},"excerpt":{"rendered":"<p>Dias quentes s\u00e3o mais prop\u00edcios a infec\u00e7\u00f5es como a conjuntivite, especialmente em quem pratica esporte em lugares p\u00fablicos O cuidado deve ser redobrado com a conjuntivite no ver\u00e3o. Segundo informa\u00e7\u00f5es do Minist\u00e9rio da Sa\u00fade, surtos de conjuntivite s\u00e3o comuns na \u00e9poca mais quente do ano e tem a transmiss\u00e3o facilitada quando ocorrem aglomerados de pessoas, [&hellip;]<\/p>\n","protected":false},"author":2,"featured_media":13792,"comment_status":"open","ping_status":"open","sticky":false,"template":"","format":"standard","meta":{"footnotes":""},"categories":[11],"tags":[7077,3911,7078,2944,7079],"class_list":["post-13791","post","type-post","status-publish","format-standard","has-post-thumbnail","hentry","category-saude","tag-conjuntivite","tag-inflamacao","tag-oftalmologista","tag-olhos","tag-vermelhidao"],"yoast_head":"<!-- This site is optimized with the Yoast SEO plugin v26.5 - https:\/\/yoast.com\/wordpress\/plugins\/seo\/ -->\n<title>Os cuidados com a conjuntivite durante o ver\u00e3o - Jornal Fatos e Not\u00edcias<\/title>\n<meta name=\"robots\" content=\"index, follow, max-snippet:-1, max-image-preview:large, max-video-preview:-1\" \/>\n<link rel=\"canonical\" href=\"https:\/\/jornalfatosenoticias.com.br\/index.php\/2021\/01\/22\/os-cuidados-com-a-conjuntivite-durante-o-verao\/\" \/>\n<meta property=\"og:locale\" content=\"pt_BR\" \/>\n<meta property=\"og:type\" content=\"article\" \/>\n<meta property=\"og:title\" content=\"Os cuidados com a conjuntivite durante o ver\u00e3o - Jornal Fatos e Not\u00edcias\" \/>\n<meta property=\"og:description\" content=\"Dias quentes s\u00e3o mais prop\u00edcios a infec\u00e7\u00f5es como a conjuntivite, especialmente em quem pratica esporte em lugares p\u00fablicos O cuidado deve ser redobrado com a conjuntivite no ver\u00e3o. Segundo informa\u00e7\u00f5es do Minist\u00e9rio da Sa\u00fade, surtos de conjuntivite s\u00e3o comuns na \u00e9poca mais quente do ano e tem a transmiss\u00e3o facilitada quando ocorrem aglomerados de pessoas, [&hellip;]\" \/>\n<meta property=\"og:url\" content=\"https:\/\/jornalfatosenoticias.com.br\/index.php\/2021\/01\/22\/os-cuidados-com-a-conjuntivite-durante-o-verao\/\" \/>\n<meta property=\"og:site_name\" content=\"Jornal Fatos e Not\u00edcias\" \/>\n<meta property=\"article:published_time\" content=\"2021-01-22T18:12:01+00:00\" \/>\n<meta property=\"article:modified_time\" content=\"2021-01-22T18:12:05+00:00\" \/>\n<meta property=\"og:image\" content=\"https:\/\/jornalfatosenoticias.com.br\/wp-content\/uploads\/2021\/01\/CONJUNTIVITE2.jpg\" \/>\n\t<meta property=\"og:image:width\" content=\"1000\" \/>\n\t<meta property=\"og:image:height\" content=\"610\" \/>\n\t<meta property=\"og:image:type\" content=\"image\/jpeg\" \/>\n<meta name=\"author\" content=\"Luzimara Fernandes\" \/>\n<meta name=\"twitter:card\" content=\"summary_large_image\" \/>\n<meta name=\"twitter:label1\" content=\"Escrito por\" \/>\n\t<meta name=\"twitter:data1\" content=\"Luzimara Fernandes\" \/>\n\t<meta name=\"twitter:label2\" content=\"Est. tempo de leitura\" \/>\n\t<meta name=\"twitter:data2\" content=\"2 minutos\" \/>\n<script type=\"application\/ld+json\" class=\"yoast-schema-graph\">{\"@context\":\"https:\/\/schema.org\",\"@graph\":[{\"@type\":\"Article\",\"@id\":\"https:\/\/jornalfatosenoticias.com.br\/index.php\/2021\/01\/22\/os-cuidados-com-a-conjuntivite-durante-o-verao\/#article\",\"isPartOf\":{\"@id\":\"https:\/\/jornalfatosenoticias.com.br\/index.php\/2021\/01\/22\/os-cuidados-com-a-conjuntivite-durante-o-verao\/\"},\"author\":{\"name\":\"Luzimara Fernandes\",\"@id\":\"https:\/\/jornalfatosenoticias.com.br\/#\/schema\/person\/d63837fa13ac8666eb9e74e0985d6f81\"},\"headline\":\"Os cuidados com a conjuntivite durante o ver\u00e3o\",\"datePublished\":\"2021-01-22T18:12:01+00:00\",\"dateModified\":\"2021-01-22T18:12:05+00:00\",\"mainEntityOfPage\":{\"@id\":\"https:\/\/jornalfatosenoticias.com.br\/index.php\/2021\/01\/22\/os-cuidados-com-a-conjuntivite-durante-o-verao\/\"},\"wordCount\":375,\"commentCount\":0,\"publisher\":{\"@id\":\"https:\/\/jornalfatosenoticias.com.br\/#organization\"},\"image\":{\"@id\":\"https:\/\/jornalfatosenoticias.com.br\/index.php\/2021\/01\/22\/os-cuidados-com-a-conjuntivite-durante-o-verao\/#primaryimage\"},\"thumbnailUrl\":\"https:\/\/jornalfatosenoticias.com.br\/wp-content\/uploads\/2021\/01\/CONJUNTIVITE2.jpg\",\"keywords\":[\"conjuntivite\",\"inflama\u00e7\u00e3o\",\"oftalmologista\",\"olhos\",\"vermelhid\u00e3o\"],\"articleSection\":[\"Sa\u00fade\"],\"inLanguage\":\"pt-BR\",\"potentialAction\":[{\"@type\":\"CommentAction\",\"name\":\"Comment\",\"target\":[\"https:\/\/jornalfatosenoticias.com.br\/index.php\/2021\/01\/22\/os-cuidados-com-a-conjuntivite-durante-o-verao\/#respond\"]}]},{\"@type\":\"WebPage\",\"@id\":\"https:\/\/jornalfatosenoticias.com.br\/index.php\/2021\/01\/22\/os-cuidados-com-a-conjuntivite-durante-o-verao\/\",\"url\":\"https:\/\/jornalfatosenoticias.com.br\/index.php\/2021\/01\/22\/os-cuidados-com-a-conjuntivite-durante-o-verao\/\",\"name\":\"Os cuidados com a conjuntivite durante o ver\u00e3o - Jornal Fatos e Not\u00edcias\",\"isPartOf\":{\"@id\":\"https:\/\/jornalfatosenoticias.com.br\/#website\"},\"primaryImageOfPage\":{\"@id\":\"https:\/\/jornalfatosenoticias.com.br\/index.php\/2021\/01\/22\/os-cuidados-com-a-conjuntivite-durante-o-verao\/#primaryimage\"},\"image\":{\"@id\":\"https:\/\/jornalfatosenoticias.com.br\/index.php\/2021\/01\/22\/os-cuidados-com-a-conjuntivite-durante-o-verao\/#primaryimage\"},\"thumbnailUrl\":\"https:\/\/jornalfatosenoticias.com.br\/wp-content\/uploads\/2021\/01\/CONJUNTIVITE2.jpg\",\"datePublished\":\"2021-01-22T18:12:01+00:00\",\"dateModified\":\"2021-01-22T18:12:05+00:00\",\"breadcrumb\":{\"@id\":\"https:\/\/jornalfatosenoticias.com.br\/index.php\/2021\/01\/22\/os-cuidados-com-a-conjuntivite-durante-o-verao\/#breadcrumb\"},\"inLanguage\":\"pt-BR\",\"potentialAction\":[{\"@type\":\"ReadAction\",\"target\":[\"https:\/\/jornalfatosenoticias.com.br\/index.php\/2021\/01\/22\/os-cuidados-com-a-conjuntivite-durante-o-verao\/\"]}]},{\"@type\":\"ImageObject\",\"inLanguage\":\"pt-BR\",\"@id\":\"https:\/\/jornalfatosenoticias.com.br\/index.php\/2021\/01\/22\/os-cuidados-com-a-conjuntivite-durante-o-verao\/#primaryimage\",\"url\":\"https:\/\/jornalfatosenoticias.com.br\/wp-content\/uploads\/2021\/01\/CONJUNTIVITE2.jpg\",\"contentUrl\":\"https:\/\/jornalfatosenoticias.com.br\/wp-content\/uploads\/2021\/01\/CONJUNTIVITE2.jpg\",\"width\":1000,\"height\":610},{\"@type\":\"BreadcrumbList\",\"@id\":\"https:\/\/jornalfatosenoticias.com.br\/index.php\/2021\/01\/22\/os-cuidados-com-a-conjuntivite-durante-o-verao\/#breadcrumb\",\"itemListElement\":[{\"@type\":\"ListItem\",\"position\":1,\"name\":\"In\u00edcio\",\"item\":\"https:\/\/jornalfatosenoticias.com.br\/\"},{\"@type\":\"ListItem\",\"position\":2,\"name\":\"Os cuidados com a conjuntivite durante o ver\u00e3o\"}]},{\"@type\":\"WebSite\",\"@id\":\"https:\/\/jornalfatosenoticias.com.br\/#website\",\"url\":\"https:\/\/jornalfatosenoticias.com.br\/\",\"name\":\"Jornal Fatos e Not\u00edcias\",\"description\":\"Not\u00edcias em geral\",\"publisher\":{\"@id\":\"https:\/\/jornalfatosenoticias.com.br\/#organization\"},\"potentialAction\":[{\"@type\":\"SearchAction\",\"target\":{\"@type\":\"EntryPoint\",\"urlTemplate\":\"https:\/\/jornalfatosenoticias.com.br\/?s={search_term_string}\"},\"query-input\":{\"@type\":\"PropertyValueSpecification\",\"valueRequired\":true,\"valueName\":\"search_term_string\"}}],\"inLanguage\":\"pt-BR\"},{\"@type\":\"Organization\",\"@id\":\"https:\/\/jornalfatosenoticias.com.br\/#organization\",\"name\":\"Jornal Fatos e Not\u00edcias\",\"url\":\"https:\/\/jornalfatosenoticias.com.br\/\",\"logo\":{\"@type\":\"ImageObject\",\"inLanguage\":\"pt-BR\",\"@id\":\"https:\/\/jornalfatosenoticias.com.br\/#\/schema\/logo\/image\/\",\"url\":\"https:\/\/jornalfatosenoticias.com.br\/wp-content\/uploads\/2020\/02\/logo120.png\",\"contentUrl\":\"https:\/\/jornalfatosenoticias.com.br\/wp-content\/uploads\/2020\/02\/logo120.png\",\"width\":1227,\"height\":120,\"caption\":\"Jornal Fatos e Not\u00edcias\"},\"image\":{\"@id\":\"https:\/\/jornalfatosenoticias.com.br\/#\/schema\/logo\/image\/\"}},{\"@type\":\"Person\",\"@id\":\"https:\/\/jornalfatosenoticias.com.br\/#\/schema\/person\/d63837fa13ac8666eb9e74e0985d6f81\",\"name\":\"Luzimara Fernandes\",\"image\":{\"@type\":\"ImageObject\",\"inLanguage\":\"pt-BR\",\"@id\":\"https:\/\/jornalfatosenoticias.com.br\/#\/schema\/person\/image\/\",\"url\":\"https:\/\/jornalfatosenoticias.com.br\/wp-content\/uploads\/2025\/05\/EU_portal.jpg\",\"contentUrl\":\"https:\/\/jornalfatosenoticias.com.br\/wp-content\/uploads\/2025\/05\/EU_portal.jpg\",\"caption\":\"Luzimara Fernandes\"},\"description\":\"Jornalista MTB 2358-ES\",\"sameAs\":[\"https:\/\/jornalfatosenoticias.com.br\"],\"url\":\"https:\/\/jornalfatosenoticias.com.br\/index.php\/author\/luzimara\/\"}]}<\/script>\n<!-- \/ Yoast SEO plugin. -->","yoast_head_json":{"title":"Os cuidados com a conjuntivite durante o ver\u00e3o - Jornal Fatos e Not\u00edcias","robots":{"index":"index","follow":"follow","max-snippet":"max-snippet:-1","max-image-preview":"max-image-preview:large","max-video-preview":"max-video-preview:-1"},"canonical":"https:\/\/jornalfatosenoticias.com.br\/index.php\/2021\/01\/22\/os-cuidados-com-a-conjuntivite-durante-o-verao\/","og_locale":"pt_BR","og_type":"article","og_title":"Os cuidados com a conjuntivite durante o ver\u00e3o - Jornal Fatos e Not\u00edcias","og_description":"Dias quentes s\u00e3o mais prop\u00edcios a infec\u00e7\u00f5es como a conjuntivite, especialmente em quem pratica esporte em lugares p\u00fablicos O cuidado deve ser redobrado com a conjuntivite no ver\u00e3o. Segundo informa\u00e7\u00f5es do Minist\u00e9rio da Sa\u00fade, surtos de conjuntivite s\u00e3o comuns na \u00e9poca mais quente do ano e tem a transmiss\u00e3o facilitada quando ocorrem aglomerados de pessoas, [&hellip;]","og_url":"https:\/\/jornalfatosenoticias.com.br\/index.php\/2021\/01\/22\/os-cuidados-com-a-conjuntivite-durante-o-verao\/","og_site_name":"Jornal Fatos e Not\u00edcias","article_published_time":"2021-01-22T18:12:01+00:00","article_modified_time":"2021-01-22T18:12:05+00:00","og_image":[{"width":1000,"height":610,"url":"https:\/\/jornalfatosenoticias.com.br\/wp-content\/uploads\/2021\/01\/CONJUNTIVITE2.jpg","type":"image\/jpeg"}],"author":"Luzimara Fernandes","twitter_card":"summary_large_image","twitter_misc":{"Escrito por":"Luzimara Fernandes","Est. tempo de leitura":"2 minutos"},"schema":{"@context":"https:\/\/schema.org","@graph":[{"@type":"Article","@id":"https:\/\/jornalfatosenoticias.com.br\/index.php\/2021\/01\/22\/os-cuidados-com-a-conjuntivite-durante-o-verao\/#article","isPartOf":{"@id":"https:\/\/jornalfatosenoticias.com.br\/index.php\/2021\/01\/22\/os-cuidados-com-a-conjuntivite-durante-o-verao\/"},"author":{"name":"Luzimara Fernandes","@id":"https:\/\/jornalfatosenoticias.com.br\/#\/schema\/person\/d63837fa13ac8666eb9e74e0985d6f81"},"headline":"Os cuidados com a conjuntivite durante o ver\u00e3o","datePublished":"2021-01-22T18:12:01+00:00","dateModified":"2021-01-22T18:12:05+00:00","mainEntityOfPage":{"@id":"https:\/\/jornalfatosenoticias.com.br\/index.php\/2021\/01\/22\/os-cuidados-com-a-conjuntivite-durante-o-verao\/"},"wordCount":375,"commentCount":0,"publisher":{"@id":"https:\/\/jornalfatosenoticias.com.br\/#organization"},"image":{"@id":"https:\/\/jornalfatosenoticias.com.br\/index.php\/2021\/01\/22\/os-cuidados-com-a-conjuntivite-durante-o-verao\/#primaryimage"},"thumbnailUrl":"https:\/\/jornalfatosenoticias.com.br\/wp-content\/uploads\/2021\/01\/CONJUNTIVITE2.jpg","keywords":["conjuntivite","inflama\u00e7\u00e3o","oftalmologista","olhos","vermelhid\u00e3o"],"articleSection":["Sa\u00fade"],"inLanguage":"pt-BR","potentialAction":[{"@type":"CommentAction","name":"Comment","target":["https:\/\/jornalfatosenoticias.com.br\/index.php\/2021\/01\/22\/os-cuidados-com-a-conjuntivite-durante-o-verao\/#respond"]}]},{"@type":"WebPage","@id":"https:\/\/jornalfatosenoticias.com.br\/index.php\/2021\/01\/22\/os-cuidados-com-a-conjuntivite-durante-o-verao\/","url":"https:\/\/jornalfatosenoticias.com.br\/index.php\/2021\/01\/22\/os-cuidados-com-a-conjuntivite-durante-o-verao\/","name":"Os cuidados com a conjuntivite durante o ver\u00e3o - Jornal Fatos e Not\u00edcias","isPartOf":{"@id":"https:\/\/jornalfatosenoticias.com.br\/#website"},"primaryImageOfPage":{"@id":"https:\/\/jornalfatosenoticias.com.br\/index.php\/2021\/01\/22\/os-cuidados-com-a-conjuntivite-durante-o-verao\/#primaryimage"},"image":{"@id":"https:\/\/jornalfatosenoticias.com.br\/index.php\/2021\/01\/22\/os-cuidados-com-a-conjuntivite-durante-o-verao\/#primaryimage"},"thumbnailUrl":"https:\/\/jornalfatosenoticias.com.br\/wp-content\/uploads\/2021\/01\/CONJUNTIVITE2.jpg","datePublished":"2021-01-22T18:12:01+00:00","dateModified":"2021-01-22T18:12:05+00:00","breadcrumb":{"@id":"https:\/\/jornalfatosenoticias.com.br\/index.php\/2021\/01\/22\/os-cuidados-com-a-conjuntivite-durante-o-verao\/#breadcrumb"},"inLanguage":"pt-BR","potentialAction":[{"@type":"ReadAction","target":["https:\/\/jornalfatosenoticias.com.br\/index.php\/2021\/01\/22\/os-cuidados-com-a-conjuntivite-durante-o-verao\/"]}]},{"@type":"ImageObject","inLanguage":"pt-BR","@id":"https:\/\/jornalfatosenoticias.com.br\/index.php\/2021\/01\/22\/os-cuidados-com-a-conjuntivite-durante-o-verao\/#primaryimage","url":"https:\/\/jornalfatosenoticias.com.br\/wp-content\/uploads\/2021\/01\/CONJUNTIVITE2.jpg","contentUrl":"https:\/\/jornalfatosenoticias.com.br\/wp-content\/uploads\/2021\/01\/CONJUNTIVITE2.jpg","width":1000,"height":610},{"@type":"BreadcrumbList","@id":"https:\/\/jornalfatosenoticias.com.br\/index.php\/2021\/01\/22\/os-cuidados-com-a-conjuntivite-durante-o-verao\/#breadcrumb","itemListElement":[{"@type":"ListItem","position":1,"name":"In\u00edcio","item":"https:\/\/jornalfatosenoticias.com.br\/"},{"@type":"ListItem","position":2,"name":"Os cuidados com a conjuntivite durante o ver\u00e3o"}]},{"@type":"WebSite","@id":"https:\/\/jornalfatosenoticias.com.br\/#website","url":"https:\/\/jornalfatosenoticias.com.br\/","name":"Jornal Fatos e Not\u00edcias","description":"Not\u00edcias em geral","publisher":{"@id":"https:\/\/jornalfatosenoticias.com.br\/#organization"},"potentialAction":[{"@type":"SearchAction","target":{"@type":"EntryPoint","urlTemplate":"https:\/\/jornalfatosenoticias.com.br\/?s={search_term_string}"},"query-input":{"@type":"PropertyValueSpecification","valueRequired":true,"valueName":"search_term_string"}}],"inLanguage":"pt-BR"},{"@type":"Organization","@id":"https:\/\/jornalfatosenoticias.com.br\/#organization","name":"Jornal Fatos e Not\u00edcias","url":"https:\/\/jornalfatosenoticias.com.br\/","logo":{"@type":"ImageObject","inLanguage":"pt-BR","@id":"https:\/\/jornalfatosenoticias.com.br\/#\/schema\/logo\/image\/","url":"https:\/\/jornalfatosenoticias.com.br\/wp-content\/uploads\/2020\/02\/logo120.png","contentUrl":"https:\/\/jornalfatosenoticias.com.br\/wp-content\/uploads\/2020\/02\/logo120.png","width":1227,"height":120,"caption":"Jornal Fatos e Not\u00edcias"},"image":{"@id":"https:\/\/jornalfatosenoticias.com.br\/#\/schema\/logo\/image\/"}},{"@type":"Person","@id":"https:\/\/jornalfatosenoticias.com.br\/#\/schema\/person\/d63837fa13ac8666eb9e74e0985d6f81","name":"Luzimara Fernandes","image":{"@type":"ImageObject","inLanguage":"pt-BR","@id":"https:\/\/jornalfatosenoticias.com.br\/#\/schema\/person\/image\/","url":"https:\/\/jornalfatosenoticias.com.br\/wp-content\/uploads\/2025\/05\/EU_portal.jpg","contentUrl":"https:\/\/jornalfatosenoticias.com.br\/wp-content\/uploads\/2025\/05\/EU_portal.jpg","caption":"Luzimara Fernandes"},"description":"Jornalista MTB 2358-ES","sameAs":["https:\/\/jornalfatosenoticias.com.br"],"url":"https:\/\/jornalfatosenoticias.com.br\/index.php\/author\/luzimara\/"}]}},"cc_featured_image_caption":{"caption_text":"(Foto: Getty Images\/Sport Life) ","source_text":"","source_url":""},"jetpack_featured_media_url":"https:\/\/jornalfatosenoticias.com.br\/wp-content\/uploads\/2021\/01\/CONJUNTIVITE2.jpg","_links":{"self":[{"href":"https:\/\/jornalfatosenoticias.com.br\/index.php\/wp-json\/wp\/v2\/posts\/13791","targetHints":{"allow":["GET"]}}],"collection":[{"href":"https:\/\/jornalfatosenoticias.com.br\/index.php\/wp-json\/wp\/v2\/posts"}],"about":[{"href":"https:\/\/jornalfatosenoticias.com.br\/index.php\/wp-json\/wp\/v2\/types\/post"}],"author":[{"embeddable":true,"href":"https:\/\/jornalfatosenoticias.com.br\/index.php\/wp-json\/wp\/v2\/users\/2"}],"replies":[{"embeddable":true,"href":"https:\/\/jornalfatosenoticias.com.br\/index.php\/wp-json\/wp\/v2\/comments?post=13791"}],"version-history":[{"count":0,"href":"https:\/\/jornalfatosenoticias.com.br\/index.php\/wp-json\/wp\/v2\/posts\/13791\/revisions"}],"wp:featuredmedia":[{"embeddable":true,"href":"https:\/\/jornalfatosenoticias.com.br\/index.php\/wp-json\/wp\/v2\/media\/13792"}],"wp:attachment":[{"href":"https:\/\/jornalfatosenoticias.com.br\/index.php\/wp-json\/wp\/v2\/media?parent=13791"}],"wp:term":[{"taxonomy":"category","embeddable":true,"href":"https:\/\/jornalfatosenoticias.com.br\/index.php\/wp-json\/wp\/v2\/categories?post=13791"},{"taxonomy":"post_tag","embeddable":true,"href":"https:\/\/jornalfatosenoticias.com.br\/index.php\/wp-json\/wp\/v2\/tags?post=13791"}],"curies":[{"name":"wp","href":"https:\/\/api.w.org\/{rel}","templated":true}]}}