{"id":13816,"date":"2021-01-22T15:41:14","date_gmt":"2021-01-22T18:41:14","guid":{"rendered":"https:\/\/jornalfatosenoticias.com.br\/?p=13816"},"modified":"2021-01-22T15:41:18","modified_gmt":"2021-01-22T18:41:18","slug":"por-que-a-autocompaixao-e-nao-a-autoestima-pode-ser-a-chave-para-o-sucesso","status":"publish","type":"post","link":"https:\/\/jornalfatosenoticias.com.br\/index.php\/2021\/01\/22\/por-que-a-autocompaixao-e-nao-a-autoestima-pode-ser-a-chave-para-o-sucesso\/","title":{"rendered":"Por que a autocompaix\u00e3o, e n\u00e3o a autoestima, pode ser a chave para o sucesso"},"content":{"rendered":"\n<p>Pense na \u00faltima vez em que voc\u00ea falhou ou cometeu um erro grave. Voc\u00ea ainda se envergonha e se repreende por ter sido t\u00e3o tolo ou ego\u00edsta? Voc\u00ea tende a se sentir sozinho nessa falha, como se fosse a \u00fanica pessoa que cometeu um erro? Ou voc\u00ea aceita que o erro faz parte do ser humano e tenta falar consigo mesmo com carinho e ternura? Para muitas pessoas, ser cr\u00edtico consigo mesmo \u00e9 algo natural.<br>Na verdade, podemos at\u00e9 nos orgulhar de sermos duros conosco como um sinal de nossa ambi\u00e7\u00e3o de melhorar. Mas uma grande quantidade de pesquisas mostra que a autocr\u00edtica costuma ser contraproducente. Al\u00e9m de aumentar nossos n\u00edveis de infelicidade e estresse, pode aumentar a procrastina\u00e7\u00e3o e nos tornar ainda menos capazes de atingir nossos objetivos no futuro.<br>Em vez de nos castigarmos, devemos praticar a autocompaix\u00e3o \u2014 nos perdoar mais por nossos erros e fazer um esfor\u00e7o deliberado para cuidar de n\u00f3s mesmos em momentos de decep\u00e7\u00e3o ou vergonha. &#8220;A maioria de n\u00f3s tem um bom amigo em nossas vidas, que nos apoia incondicionalmente&#8221;, diz Kristin Neff, professora associada de psicologia educacional da Universidade do Texas, em Austin, que foi pioneira nessa pesquisa.<br>&#8220;A autocompaix\u00e3o \u00e9 aprender a ser um amigo caloroso e compreensivo consigo mesmo&#8221;. Se voc\u00ea for um defensor do cinismo, pode inicialmente se opor a essa ideia. Como a comediante brit\u00e2nica Ruby Wax escreveu no livro dela sobre aten\u00e7\u00e3o plena: &#8220;Quando ou\u00e7o que as pessoas s\u00e3o am\u00e1veis consigo mesmas, imagino o pessoal acendendo velas perfumadas em seus banhos e afundando em uma banheira de leite de iaque do Himalaia&#8221;.<br>No entanto, as evid\u00eancias cient\u00edficas sugerem que nos tratarmos bem pode aumentar nossa resili\u00eancia emocional e melhorar nossa sa\u00fade, bem-estar e produtividade. \u00c9 importante ressaltar que tamb\u00e9m nos ajuda a aprender com os erros que causaram nosso desconforto em primeiro lugar.<\/p>\n\n\n\n<h4 class=\"wp-block-heading\">Confie na autocompaix\u00e3o, n\u00e3o na autoestima<\/h4>\n\n\n\n<p>A pesquisa de Neff foi inspirada numa crise pessoal. No final dos anos 1990, ela estava passando por um div\u00f3rcio doloroso. &#8220;Foi muito complicado e senti muita vergonha por algumas decis\u00f5es erradas que tomei&#8221;. Procurando uma maneira de lidar com o estresse, ela se matriculou em aulas de medita\u00e7\u00e3o em um centro budista local.<br>A pr\u00e1tica da aten\u00e7\u00e3o plena trouxe um al\u00edvio, mas foram seus ensinamentos sobre compaix\u00e3o, em particular a necessidade de direcionar essa bondade para si mesma, que causou mais conforto. &#8220;Notei uma diferen\u00e7a imediata&#8221;, conta ela. Superficialmente, a autocompaix\u00e3o pode parecer com o conceito de &#8220;autoestima&#8221;, que se refere a quanto valorizamos a n\u00f3s mesmos e se nos vemos sob uma perspectiva positiva.<br>Os question\u00e1rios para medir a autoestima dos participantes pedem que eles avaliem afirma\u00e7\u00f5es como: &#8220;Sinto que sou uma pessoa valiosa, pelo menos no mesmo n\u00edvel que as outras&#8221;. Infelizmente, isso geralmente \u00e9 acompanhado por um senso de competi\u00e7\u00e3o e pode facilmente resultar em um tipo fr\u00e1gil de narcisismo que desmorona diante de um poss\u00edvel fracasso.<br>&#8220;A autoestima depende do sucesso e das pessoas gostarem de voc\u00ea, ent\u00e3o n\u00e3o \u00e9 muito est\u00e1vel. Voc\u00ea poderia t\u00ea-la num dia bom, mas perd\u00ea-la em um dia ruim&#8221;, diz Neff. Muitas pessoas com elevada autoestima recorrem \u00e0 agress\u00e3o e bullying quando a sua confian\u00e7a \u00e9 amea\u00e7ada.<br>Neff percebeu que cultivar a autocompaix\u00e3o pode ajudar a evitar essas armadilhas, de modo que voc\u00ea pode se levantar quando estiver se sentindo magoado ou envergonhado, sem derrubar outras pessoas ao longo do caminho.<br>Ela ent\u00e3o decidiu projetar uma escala psicol\u00f3gica em que os participantes tivessem que classificar uma s\u00e9rie de afirma\u00e7\u00f5es em uma escala de 1 (quase nunca) a 5 (quase sempre), como:<\/p>\n\n\n\n<p>\u2022 Tento ser gentil comigo mesmo quando sinto uma dor emocional;<br>\u2022 Tento ver minhas falhas como parte da condi\u00e7\u00e3o humana;<br>\u2022 Quando algo doloroso acontece, tento ter uma vis\u00e3o equilibrada da situa\u00e7\u00e3o;<br>\u2022 Eu desaprovo e julgo minhas pr\u00f3prias defici\u00eancias e insufici\u00eancias;<br>\u2022 Quando penso em minhas defici\u00eancias, tendo a me sentir mais separado e isolado do resto do mundo;<br>\u2022 Quando me sinto deprimido, tendo a ficar obcecado e me fixar em tudo o que est\u00e1 errado.<\/p>\n\n\n\n<p>Quanto mais voc\u00ea concorda com as tr\u00eas primeiras afirma\u00e7\u00f5es e quanto menos concorda com as demais, maior \u00e9 a sua autocompaix\u00e3o. Os primeiros estudos de Neff examinaram como a autocompaix\u00e3o estava relacionada \u00e0 sa\u00fade mental e ao bem-estar geral das pessoas.<br>Ao entrevistar centenas de estudantes de gradua\u00e7\u00e3o, ela descobriu que a caracter\u00edstica estava negativamente correlacionada com relatos de depress\u00e3o e ansiedade, e positivamente correlacionada com a satisfa\u00e7\u00e3o geral com a vida.<br>\u00c9 importante ressaltar que este estudo tamb\u00e9m confirmou que a autocompaix\u00e3o era diferente da autoestima. Em outras palavras, pode haver algu\u00e9m com um senso geral de superioridade, que, no entanto, acha muito dif\u00edcil se perdoar por falhas percebidas. Uma combina\u00e7\u00e3o longe de ser ideal.<\/p>\n\n\n\n<h4 class=\"wp-block-heading\">Campo florescendo<\/h4>\n\n\n\n<p>Pesquisas posteriores confirmaram essas descobertas em amostras mais diversas, de estudantes do ensino m\u00e9dio a veteranos americanos com risco de suic\u00eddio. Todos os estudos mostraram que a autocompaix\u00e3o aumenta a resili\u00eancia psicol\u00f3gica.<br>Na verdade, a autocompaix\u00e3o se tornou um campo de estudo em expans\u00e3o que atrai o interesse de muitos outros pesquisadores. Alguns dos resultados mais interessantes dizem respeito \u00e0 sa\u00fade f\u00edsica das pessoas.<br>Um estudo recente mostra que pessoas com grande autocompaix\u00e3o t\u00eam menos probabilidade de relatar uma variedade de doen\u00e7as, como dores nas costas, dores de cabe\u00e7a, n\u00e1useas e problemas respirat\u00f3rios. Uma explica\u00e7\u00e3o poderia ser uma resposta silenciosa ao estresse, com estudos anteriores revelando que a autocompaix\u00e3o reduz a inflama\u00e7\u00e3o que normalmente acompanha o sofrimento e pode danificar nossos tecidos a longo prazo.<br>Mas os benef\u00edcios para a sa\u00fade tamb\u00e9m podem ocorrer por conta das diferen\u00e7as de comportamento, j\u00e1 que as evid\u00eancias mostram que as pessoas com maior autocompaix\u00e3o cuidam melhor de seu corpo com dieta e exerc\u00edcios. &#8220;Pessoas com n\u00edveis mais altos de autocompaix\u00e3o geralmente s\u00e3o mais proativas&#8221;, diz Sara Dunne, psic\u00f3loga que estudou a liga\u00e7\u00e3o entre autocompaix\u00e3o e comportamentos saud\u00e1veis.<br>Ela compara isso ao conselho de um pai bem-intencionado. &#8220;Ele diz que voc\u00ea tem que ir para a cama, levantar cedo e depois resolver seus problemas&#8221;, diz ela. Da mesma forma, algu\u00e9m com grande autocompaix\u00e3o sabe que pode se tratar com gentileza, sem cr\u00edticas indevidas, enquanto, ao mesmo tempo, reconhece o que \u00e9 melhor para ela no longo prazo.<br>Esse \u00e9 um ponto importante, diz Neff, j\u00e1 que alguns dos primeiros cr\u00edticos de seu trabalho se perguntaram se a autocompaix\u00e3o simplesmente levaria a um comportamento pregui\u00e7oso e baixa for\u00e7a de vontade. Em sua opini\u00e3o, precisamos da autocr\u00edtica para nos motivar a fazer mudan\u00e7as importantes em nossas vidas.<br>Como evid\u00eancia contra essa ideia, ela aponta uma pesquisa de 2012 que descobriu que pessoas com elevada autocompaix\u00e3o mostram maior motiva\u00e7\u00e3o para corrigir seus erros.<br>Por exemplo, tendem a trabalhar mais duro depois de falhar em um teste importante e s\u00e3o mais determinadas a compensar uma transgress\u00e3o moral percebida, como trair a confian\u00e7a de um amigo.<br>Parece que a autocompaix\u00e3o pode criar uma sensa\u00e7\u00e3o de seguran\u00e7a que nos permite enfrentar nossas fraquezas e fazer mudan\u00e7as positivas em nossas vidas, em vez de ficar na defensiva ou criar uma sensa\u00e7\u00e3o de desesperan\u00e7a.<\/p>\n\n\n\n<h4 class=\"wp-block-heading\">Interven\u00e7\u00f5es r\u00e1pidas<\/h4>\n\n\n\n<p>Se voc\u00ea quiser colher alguns desses benef\u00edcios, agora h\u00e1 evid\u00eancias abundantes, do grupo de pesquisa de Neff e de muitos outros, de que a autocompaix\u00e3o pode ser treinada. As interven\u00e7\u00f5es populares incluem a &#8220;medita\u00e7\u00e3o da bondade amorosa&#8221;, que orienta a focar nos sentimentos de perd\u00e3o e cordialidade por voc\u00ea e pelos outros.<br>Em um ensaio recente, Tobias Krieger e seus colegas da Universidade de Berna, na Su\u00ed\u00e7a, desenvolveram um curso online para ensinar esse exerc\u00edcio, junto com li\u00e7\u00f5es mais te\u00f3ricas sobre as causas da autocr\u00edtica e suas consequ\u00eancias. Depois de sete sess\u00f5es, eles descobriram aumentos significativos nas pontua\u00e7\u00f5es de autocompaix\u00e3o dos participantes, junto com uma redu\u00e7\u00e3o no estresse, ansiedade e sentimentos depressivos.<br>&#8220;Medimos muitos resultados&#8221;, diz Krieger, &#8220;e todos eles foram na dire\u00e7\u00e3o esperada&#8221;. Tamb\u00e9m existem interven\u00e7\u00f5es escritas, como escrever uma carta da perspectiva de um amigo amoroso, que podem proporcionar uma melhoria significativa, diz Neff. Para a maioria das pessoas, o h\u00e1bito da autocr\u00edtica n\u00e3o parece t\u00e3o arraigado que n\u00e3o possa ser evitado. Neff diz que viu um interesse crescente por essas t\u00e9cnicas durante a pandemia.<br>Para muitos de n\u00f3s, as dificuldades do isolamento, do teletrabalho e de cuidar das pessoas que amamos forneceram o terreno f\u00e9rtil para a autocr\u00edtica e a d\u00favida. Embora n\u00e3o possamos eliminar essas tens\u00f5es, podemos pelo menos mudar a maneira como nos vemos e o que pode nos dar resili\u00eancia para enfrentar os desafios. Agora, mais do que nunca, devemos parar de ver a autocompaix\u00e3o e o autocuidado como um sinal de fraqueza, diz Neff. &#8220;A pesquisa \u00e9 realmente impressionante e mostra que quando a vida fica dif\u00edcil, voc\u00ea quer ter compaix\u00e3o de si mesmo. Isso o tornar\u00e1 mais forte&#8221;.<\/p>\n\n\n\n<p><strong><em>Fonte: <a href=\"https:\/\/www.uol.com.br\/vivabem\/noticias\/bbc\/2021\/01\/19\/por-que-a-autocompaixao-e-nao-a-autoestima-pode-ser-a-chave-para-o-sucesso.htm\">UOL<\/a><\/em><\/strong><\/p>\n","protected":false},"excerpt":{"rendered":"<p>Pense na \u00faltima vez em que voc\u00ea falhou ou cometeu um erro grave. Voc\u00ea ainda se envergonha e se repreende por ter sido t\u00e3o tolo ou ego\u00edsta? Voc\u00ea tende a se sentir sozinho nessa falha, como se fosse a \u00fanica pessoa que cometeu um erro? Ou voc\u00ea aceita que o erro faz parte do ser [&hellip;]<\/p>\n","protected":false},"author":2,"featured_media":13817,"comment_status":"open","ping_status":"open","sticky":false,"template":"","format":"standard","meta":{"footnotes":""},"categories":[2522],"tags":[7087,1049,2508],"class_list":["post-13816","post","type-post","status-publish","format-standard","has-post-thumbnail","hentry","category-comportamento","tag-autocompaixao","tag-autoestima","tag-sucessos"],"yoast_head":"<!-- This site is optimized with the Yoast SEO plugin v26.5 - https:\/\/yoast.com\/wordpress\/plugins\/seo\/ -->\n<title>Por que a autocompaix\u00e3o, e n\u00e3o a autoestima, pode ser a chave para o sucesso - Jornal Fatos e Not\u00edcias<\/title>\n<meta name=\"robots\" content=\"index, follow, max-snippet:-1, max-image-preview:large, max-video-preview:-1\" \/>\n<link rel=\"canonical\" href=\"https:\/\/jornalfatosenoticias.com.br\/index.php\/2021\/01\/22\/por-que-a-autocompaixao-e-nao-a-autoestima-pode-ser-a-chave-para-o-sucesso\/\" \/>\n<meta property=\"og:locale\" content=\"pt_BR\" \/>\n<meta property=\"og:type\" content=\"article\" \/>\n<meta property=\"og:title\" content=\"Por que a autocompaix\u00e3o, e n\u00e3o a autoestima, pode ser a chave para o sucesso - Jornal Fatos e Not\u00edcias\" \/>\n<meta property=\"og:description\" content=\"Pense na \u00faltima vez em que voc\u00ea falhou ou cometeu um erro grave. Voc\u00ea ainda se envergonha e se repreende por ter sido t\u00e3o tolo ou ego\u00edsta? Voc\u00ea tende a se sentir sozinho nessa falha, como se fosse a \u00fanica pessoa que cometeu um erro? Ou voc\u00ea aceita que o erro faz parte do ser [&hellip;]\" \/>\n<meta property=\"og:url\" content=\"https:\/\/jornalfatosenoticias.com.br\/index.php\/2021\/01\/22\/por-que-a-autocompaixao-e-nao-a-autoestima-pode-ser-a-chave-para-o-sucesso\/\" \/>\n<meta property=\"og:site_name\" content=\"Jornal Fatos e Not\u00edcias\" \/>\n<meta property=\"article:published_time\" content=\"2021-01-22T18:41:14+00:00\" \/>\n<meta property=\"article:modified_time\" content=\"2021-01-22T18:41:18+00:00\" \/>\n<meta property=\"og:image\" content=\"https:\/\/jornalfatosenoticias.com.br\/wp-content\/uploads\/2021\/01\/autocompaixao.jpg\" \/>\n\t<meta property=\"og:image:width\" content=\"1000\" \/>\n\t<meta property=\"og:image:height\" content=\"562\" \/>\n\t<meta property=\"og:image:type\" content=\"image\/jpeg\" \/>\n<meta name=\"author\" content=\"Luzimara Fernandes\" \/>\n<meta name=\"twitter:card\" content=\"summary_large_image\" \/>\n<meta name=\"twitter:label1\" content=\"Escrito por\" \/>\n\t<meta name=\"twitter:data1\" content=\"Luzimara Fernandes\" \/>\n\t<meta name=\"twitter:label2\" content=\"Est. tempo de leitura\" \/>\n\t<meta name=\"twitter:data2\" content=\"8 minutos\" \/>\n<script type=\"application\/ld+json\" class=\"yoast-schema-graph\">{\"@context\":\"https:\/\/schema.org\",\"@graph\":[{\"@type\":\"Article\",\"@id\":\"https:\/\/jornalfatosenoticias.com.br\/index.php\/2021\/01\/22\/por-que-a-autocompaixao-e-nao-a-autoestima-pode-ser-a-chave-para-o-sucesso\/#article\",\"isPartOf\":{\"@id\":\"https:\/\/jornalfatosenoticias.com.br\/index.php\/2021\/01\/22\/por-que-a-autocompaixao-e-nao-a-autoestima-pode-ser-a-chave-para-o-sucesso\/\"},\"author\":{\"name\":\"Luzimara Fernandes\",\"@id\":\"https:\/\/jornalfatosenoticias.com.br\/#\/schema\/person\/d63837fa13ac8666eb9e74e0985d6f81\"},\"headline\":\"Por que a autocompaix\u00e3o, e n\u00e3o a autoestima, pode ser a chave para o sucesso\",\"datePublished\":\"2021-01-22T18:41:14+00:00\",\"dateModified\":\"2021-01-22T18:41:18+00:00\",\"mainEntityOfPage\":{\"@id\":\"https:\/\/jornalfatosenoticias.com.br\/index.php\/2021\/01\/22\/por-que-a-autocompaixao-e-nao-a-autoestima-pode-ser-a-chave-para-o-sucesso\/\"},\"wordCount\":1612,\"commentCount\":0,\"publisher\":{\"@id\":\"https:\/\/jornalfatosenoticias.com.br\/#organization\"},\"image\":{\"@id\":\"https:\/\/jornalfatosenoticias.com.br\/index.php\/2021\/01\/22\/por-que-a-autocompaixao-e-nao-a-autoestima-pode-ser-a-chave-para-o-sucesso\/#primaryimage\"},\"thumbnailUrl\":\"https:\/\/jornalfatosenoticias.com.br\/wp-content\/uploads\/2021\/01\/autocompaixao.jpg\",\"keywords\":[\"autocompaix\u00e3o\",\"autoestima\",\"sucessos\"],\"articleSection\":[\"Comportamento &amp; Equil\u00edbrio\"],\"inLanguage\":\"pt-BR\",\"potentialAction\":[{\"@type\":\"CommentAction\",\"name\":\"Comment\",\"target\":[\"https:\/\/jornalfatosenoticias.com.br\/index.php\/2021\/01\/22\/por-que-a-autocompaixao-e-nao-a-autoestima-pode-ser-a-chave-para-o-sucesso\/#respond\"]}]},{\"@type\":\"WebPage\",\"@id\":\"https:\/\/jornalfatosenoticias.com.br\/index.php\/2021\/01\/22\/por-que-a-autocompaixao-e-nao-a-autoestima-pode-ser-a-chave-para-o-sucesso\/\",\"url\":\"https:\/\/jornalfatosenoticias.com.br\/index.php\/2021\/01\/22\/por-que-a-autocompaixao-e-nao-a-autoestima-pode-ser-a-chave-para-o-sucesso\/\",\"name\":\"Por que a autocompaix\u00e3o, e n\u00e3o a autoestima, pode ser a chave para o sucesso - Jornal Fatos e Not\u00edcias\",\"isPartOf\":{\"@id\":\"https:\/\/jornalfatosenoticias.com.br\/#website\"},\"primaryImageOfPage\":{\"@id\":\"https:\/\/jornalfatosenoticias.com.br\/index.php\/2021\/01\/22\/por-que-a-autocompaixao-e-nao-a-autoestima-pode-ser-a-chave-para-o-sucesso\/#primaryimage\"},\"image\":{\"@id\":\"https:\/\/jornalfatosenoticias.com.br\/index.php\/2021\/01\/22\/por-que-a-autocompaixao-e-nao-a-autoestima-pode-ser-a-chave-para-o-sucesso\/#primaryimage\"},\"thumbnailUrl\":\"https:\/\/jornalfatosenoticias.com.br\/wp-content\/uploads\/2021\/01\/autocompaixao.jpg\",\"datePublished\":\"2021-01-22T18:41:14+00:00\",\"dateModified\":\"2021-01-22T18:41:18+00:00\",\"breadcrumb\":{\"@id\":\"https:\/\/jornalfatosenoticias.com.br\/index.php\/2021\/01\/22\/por-que-a-autocompaixao-e-nao-a-autoestima-pode-ser-a-chave-para-o-sucesso\/#breadcrumb\"},\"inLanguage\":\"pt-BR\",\"potentialAction\":[{\"@type\":\"ReadAction\",\"target\":[\"https:\/\/jornalfatosenoticias.com.br\/index.php\/2021\/01\/22\/por-que-a-autocompaixao-e-nao-a-autoestima-pode-ser-a-chave-para-o-sucesso\/\"]}]},{\"@type\":\"ImageObject\",\"inLanguage\":\"pt-BR\",\"@id\":\"https:\/\/jornalfatosenoticias.com.br\/index.php\/2021\/01\/22\/por-que-a-autocompaixao-e-nao-a-autoestima-pode-ser-a-chave-para-o-sucesso\/#primaryimage\",\"url\":\"https:\/\/jornalfatosenoticias.com.br\/wp-content\/uploads\/2021\/01\/autocompaixao.jpg\",\"contentUrl\":\"https:\/\/jornalfatosenoticias.com.br\/wp-content\/uploads\/2021\/01\/autocompaixao.jpg\",\"width\":1000,\"height\":562},{\"@type\":\"BreadcrumbList\",\"@id\":\"https:\/\/jornalfatosenoticias.com.br\/index.php\/2021\/01\/22\/por-que-a-autocompaixao-e-nao-a-autoestima-pode-ser-a-chave-para-o-sucesso\/#breadcrumb\",\"itemListElement\":[{\"@type\":\"ListItem\",\"position\":1,\"name\":\"In\u00edcio\",\"item\":\"https:\/\/jornalfatosenoticias.com.br\/\"},{\"@type\":\"ListItem\",\"position\":2,\"name\":\"Por que a autocompaix\u00e3o, e n\u00e3o a autoestima, pode ser a chave para o sucesso\"}]},{\"@type\":\"WebSite\",\"@id\":\"https:\/\/jornalfatosenoticias.com.br\/#website\",\"url\":\"https:\/\/jornalfatosenoticias.com.br\/\",\"name\":\"Jornal Fatos e Not\u00edcias\",\"description\":\"Not\u00edcias em geral\",\"publisher\":{\"@id\":\"https:\/\/jornalfatosenoticias.com.br\/#organization\"},\"potentialAction\":[{\"@type\":\"SearchAction\",\"target\":{\"@type\":\"EntryPoint\",\"urlTemplate\":\"https:\/\/jornalfatosenoticias.com.br\/?s={search_term_string}\"},\"query-input\":{\"@type\":\"PropertyValueSpecification\",\"valueRequired\":true,\"valueName\":\"search_term_string\"}}],\"inLanguage\":\"pt-BR\"},{\"@type\":\"Organization\",\"@id\":\"https:\/\/jornalfatosenoticias.com.br\/#organization\",\"name\":\"Jornal Fatos e Not\u00edcias\",\"url\":\"https:\/\/jornalfatosenoticias.com.br\/\",\"logo\":{\"@type\":\"ImageObject\",\"inLanguage\":\"pt-BR\",\"@id\":\"https:\/\/jornalfatosenoticias.com.br\/#\/schema\/logo\/image\/\",\"url\":\"https:\/\/jornalfatosenoticias.com.br\/wp-content\/uploads\/2020\/02\/logo120.png\",\"contentUrl\":\"https:\/\/jornalfatosenoticias.com.br\/wp-content\/uploads\/2020\/02\/logo120.png\",\"width\":1227,\"height\":120,\"caption\":\"Jornal Fatos e Not\u00edcias\"},\"image\":{\"@id\":\"https:\/\/jornalfatosenoticias.com.br\/#\/schema\/logo\/image\/\"}},{\"@type\":\"Person\",\"@id\":\"https:\/\/jornalfatosenoticias.com.br\/#\/schema\/person\/d63837fa13ac8666eb9e74e0985d6f81\",\"name\":\"Luzimara Fernandes\",\"image\":{\"@type\":\"ImageObject\",\"inLanguage\":\"pt-BR\",\"@id\":\"https:\/\/jornalfatosenoticias.com.br\/#\/schema\/person\/image\/\",\"url\":\"https:\/\/jornalfatosenoticias.com.br\/wp-content\/uploads\/2025\/05\/EU_portal.jpg\",\"contentUrl\":\"https:\/\/jornalfatosenoticias.com.br\/wp-content\/uploads\/2025\/05\/EU_portal.jpg\",\"caption\":\"Luzimara Fernandes\"},\"description\":\"Jornalista MTB 2358-ES\",\"sameAs\":[\"https:\/\/jornalfatosenoticias.com.br\"],\"url\":\"https:\/\/jornalfatosenoticias.com.br\/index.php\/author\/luzimara\/\"}]}<\/script>\n<!-- \/ Yoast SEO plugin. -->","yoast_head_json":{"title":"Por que a autocompaix\u00e3o, e n\u00e3o a autoestima, pode ser a chave para o sucesso - Jornal Fatos e Not\u00edcias","robots":{"index":"index","follow":"follow","max-snippet":"max-snippet:-1","max-image-preview":"max-image-preview:large","max-video-preview":"max-video-preview:-1"},"canonical":"https:\/\/jornalfatosenoticias.com.br\/index.php\/2021\/01\/22\/por-que-a-autocompaixao-e-nao-a-autoestima-pode-ser-a-chave-para-o-sucesso\/","og_locale":"pt_BR","og_type":"article","og_title":"Por que a autocompaix\u00e3o, e n\u00e3o a autoestima, pode ser a chave para o sucesso - Jornal Fatos e Not\u00edcias","og_description":"Pense na \u00faltima vez em que voc\u00ea falhou ou cometeu um erro grave. Voc\u00ea ainda se envergonha e se repreende por ter sido t\u00e3o tolo ou ego\u00edsta? Voc\u00ea tende a se sentir sozinho nessa falha, como se fosse a \u00fanica pessoa que cometeu um erro? Ou voc\u00ea aceita que o erro faz parte do ser [&hellip;]","og_url":"https:\/\/jornalfatosenoticias.com.br\/index.php\/2021\/01\/22\/por-que-a-autocompaixao-e-nao-a-autoestima-pode-ser-a-chave-para-o-sucesso\/","og_site_name":"Jornal Fatos e Not\u00edcias","article_published_time":"2021-01-22T18:41:14+00:00","article_modified_time":"2021-01-22T18:41:18+00:00","og_image":[{"width":1000,"height":562,"url":"https:\/\/jornalfatosenoticias.com.br\/wp-content\/uploads\/2021\/01\/autocompaixao.jpg","type":"image\/jpeg"}],"author":"Luzimara Fernandes","twitter_card":"summary_large_image","twitter_misc":{"Escrito por":"Luzimara Fernandes","Est. tempo de leitura":"8 minutos"},"schema":{"@context":"https:\/\/schema.org","@graph":[{"@type":"Article","@id":"https:\/\/jornalfatosenoticias.com.br\/index.php\/2021\/01\/22\/por-que-a-autocompaixao-e-nao-a-autoestima-pode-ser-a-chave-para-o-sucesso\/#article","isPartOf":{"@id":"https:\/\/jornalfatosenoticias.com.br\/index.php\/2021\/01\/22\/por-que-a-autocompaixao-e-nao-a-autoestima-pode-ser-a-chave-para-o-sucesso\/"},"author":{"name":"Luzimara Fernandes","@id":"https:\/\/jornalfatosenoticias.com.br\/#\/schema\/person\/d63837fa13ac8666eb9e74e0985d6f81"},"headline":"Por que a autocompaix\u00e3o, e n\u00e3o a autoestima, pode ser a chave para o sucesso","datePublished":"2021-01-22T18:41:14+00:00","dateModified":"2021-01-22T18:41:18+00:00","mainEntityOfPage":{"@id":"https:\/\/jornalfatosenoticias.com.br\/index.php\/2021\/01\/22\/por-que-a-autocompaixao-e-nao-a-autoestima-pode-ser-a-chave-para-o-sucesso\/"},"wordCount":1612,"commentCount":0,"publisher":{"@id":"https:\/\/jornalfatosenoticias.com.br\/#organization"},"image":{"@id":"https:\/\/jornalfatosenoticias.com.br\/index.php\/2021\/01\/22\/por-que-a-autocompaixao-e-nao-a-autoestima-pode-ser-a-chave-para-o-sucesso\/#primaryimage"},"thumbnailUrl":"https:\/\/jornalfatosenoticias.com.br\/wp-content\/uploads\/2021\/01\/autocompaixao.jpg","keywords":["autocompaix\u00e3o","autoestima","sucessos"],"articleSection":["Comportamento &amp; Equil\u00edbrio"],"inLanguage":"pt-BR","potentialAction":[{"@type":"CommentAction","name":"Comment","target":["https:\/\/jornalfatosenoticias.com.br\/index.php\/2021\/01\/22\/por-que-a-autocompaixao-e-nao-a-autoestima-pode-ser-a-chave-para-o-sucesso\/#respond"]}]},{"@type":"WebPage","@id":"https:\/\/jornalfatosenoticias.com.br\/index.php\/2021\/01\/22\/por-que-a-autocompaixao-e-nao-a-autoestima-pode-ser-a-chave-para-o-sucesso\/","url":"https:\/\/jornalfatosenoticias.com.br\/index.php\/2021\/01\/22\/por-que-a-autocompaixao-e-nao-a-autoestima-pode-ser-a-chave-para-o-sucesso\/","name":"Por que a autocompaix\u00e3o, e n\u00e3o a autoestima, pode ser a chave para o sucesso - Jornal Fatos e Not\u00edcias","isPartOf":{"@id":"https:\/\/jornalfatosenoticias.com.br\/#website"},"primaryImageOfPage":{"@id":"https:\/\/jornalfatosenoticias.com.br\/index.php\/2021\/01\/22\/por-que-a-autocompaixao-e-nao-a-autoestima-pode-ser-a-chave-para-o-sucesso\/#primaryimage"},"image":{"@id":"https:\/\/jornalfatosenoticias.com.br\/index.php\/2021\/01\/22\/por-que-a-autocompaixao-e-nao-a-autoestima-pode-ser-a-chave-para-o-sucesso\/#primaryimage"},"thumbnailUrl":"https:\/\/jornalfatosenoticias.com.br\/wp-content\/uploads\/2021\/01\/autocompaixao.jpg","datePublished":"2021-01-22T18:41:14+00:00","dateModified":"2021-01-22T18:41:18+00:00","breadcrumb":{"@id":"https:\/\/jornalfatosenoticias.com.br\/index.php\/2021\/01\/22\/por-que-a-autocompaixao-e-nao-a-autoestima-pode-ser-a-chave-para-o-sucesso\/#breadcrumb"},"inLanguage":"pt-BR","potentialAction":[{"@type":"ReadAction","target":["https:\/\/jornalfatosenoticias.com.br\/index.php\/2021\/01\/22\/por-que-a-autocompaixao-e-nao-a-autoestima-pode-ser-a-chave-para-o-sucesso\/"]}]},{"@type":"ImageObject","inLanguage":"pt-BR","@id":"https:\/\/jornalfatosenoticias.com.br\/index.php\/2021\/01\/22\/por-que-a-autocompaixao-e-nao-a-autoestima-pode-ser-a-chave-para-o-sucesso\/#primaryimage","url":"https:\/\/jornalfatosenoticias.com.br\/wp-content\/uploads\/2021\/01\/autocompaixao.jpg","contentUrl":"https:\/\/jornalfatosenoticias.com.br\/wp-content\/uploads\/2021\/01\/autocompaixao.jpg","width":1000,"height":562},{"@type":"BreadcrumbList","@id":"https:\/\/jornalfatosenoticias.com.br\/index.php\/2021\/01\/22\/por-que-a-autocompaixao-e-nao-a-autoestima-pode-ser-a-chave-para-o-sucesso\/#breadcrumb","itemListElement":[{"@type":"ListItem","position":1,"name":"In\u00edcio","item":"https:\/\/jornalfatosenoticias.com.br\/"},{"@type":"ListItem","position":2,"name":"Por que a autocompaix\u00e3o, e n\u00e3o a autoestima, pode ser a chave para o sucesso"}]},{"@type":"WebSite","@id":"https:\/\/jornalfatosenoticias.com.br\/#website","url":"https:\/\/jornalfatosenoticias.com.br\/","name":"Jornal Fatos e Not\u00edcias","description":"Not\u00edcias em geral","publisher":{"@id":"https:\/\/jornalfatosenoticias.com.br\/#organization"},"potentialAction":[{"@type":"SearchAction","target":{"@type":"EntryPoint","urlTemplate":"https:\/\/jornalfatosenoticias.com.br\/?s={search_term_string}"},"query-input":{"@type":"PropertyValueSpecification","valueRequired":true,"valueName":"search_term_string"}}],"inLanguage":"pt-BR"},{"@type":"Organization","@id":"https:\/\/jornalfatosenoticias.com.br\/#organization","name":"Jornal Fatos e Not\u00edcias","url":"https:\/\/jornalfatosenoticias.com.br\/","logo":{"@type":"ImageObject","inLanguage":"pt-BR","@id":"https:\/\/jornalfatosenoticias.com.br\/#\/schema\/logo\/image\/","url":"https:\/\/jornalfatosenoticias.com.br\/wp-content\/uploads\/2020\/02\/logo120.png","contentUrl":"https:\/\/jornalfatosenoticias.com.br\/wp-content\/uploads\/2020\/02\/logo120.png","width":1227,"height":120,"caption":"Jornal Fatos e Not\u00edcias"},"image":{"@id":"https:\/\/jornalfatosenoticias.com.br\/#\/schema\/logo\/image\/"}},{"@type":"Person","@id":"https:\/\/jornalfatosenoticias.com.br\/#\/schema\/person\/d63837fa13ac8666eb9e74e0985d6f81","name":"Luzimara Fernandes","image":{"@type":"ImageObject","inLanguage":"pt-BR","@id":"https:\/\/jornalfatosenoticias.com.br\/#\/schema\/person\/image\/","url":"https:\/\/jornalfatosenoticias.com.br\/wp-content\/uploads\/2025\/05\/EU_portal.jpg","contentUrl":"https:\/\/jornalfatosenoticias.com.br\/wp-content\/uploads\/2025\/05\/EU_portal.jpg","caption":"Luzimara Fernandes"},"description":"Jornalista MTB 2358-ES","sameAs":["https:\/\/jornalfatosenoticias.com.br"],"url":"https:\/\/jornalfatosenoticias.com.br\/index.php\/author\/luzimara\/"}]}},"cc_featured_image_caption":{"caption_text":"(Foto: iStock) ","source_text":"","source_url":""},"jetpack_featured_media_url":"https:\/\/jornalfatosenoticias.com.br\/wp-content\/uploads\/2021\/01\/autocompaixao.jpg","_links":{"self":[{"href":"https:\/\/jornalfatosenoticias.com.br\/index.php\/wp-json\/wp\/v2\/posts\/13816","targetHints":{"allow":["GET"]}}],"collection":[{"href":"https:\/\/jornalfatosenoticias.com.br\/index.php\/wp-json\/wp\/v2\/posts"}],"about":[{"href":"https:\/\/jornalfatosenoticias.com.br\/index.php\/wp-json\/wp\/v2\/types\/post"}],"author":[{"embeddable":true,"href":"https:\/\/jornalfatosenoticias.com.br\/index.php\/wp-json\/wp\/v2\/users\/2"}],"replies":[{"embeddable":true,"href":"https:\/\/jornalfatosenoticias.com.br\/index.php\/wp-json\/wp\/v2\/comments?post=13816"}],"version-history":[{"count":0,"href":"https:\/\/jornalfatosenoticias.com.br\/index.php\/wp-json\/wp\/v2\/posts\/13816\/revisions"}],"wp:featuredmedia":[{"embeddable":true,"href":"https:\/\/jornalfatosenoticias.com.br\/index.php\/wp-json\/wp\/v2\/media\/13817"}],"wp:attachment":[{"href":"https:\/\/jornalfatosenoticias.com.br\/index.php\/wp-json\/wp\/v2\/media?parent=13816"}],"wp:term":[{"taxonomy":"category","embeddable":true,"href":"https:\/\/jornalfatosenoticias.com.br\/index.php\/wp-json\/wp\/v2\/categories?post=13816"},{"taxonomy":"post_tag","embeddable":true,"href":"https:\/\/jornalfatosenoticias.com.br\/index.php\/wp-json\/wp\/v2\/tags?post=13816"}],"curies":[{"name":"wp","href":"https:\/\/api.w.org\/{rel}","templated":true}]}}