{"id":13850,"date":"2021-01-25T09:48:24","date_gmt":"2021-01-25T12:48:24","guid":{"rendered":"https:\/\/jornalfatosenoticias.com.br\/?p=13850"},"modified":"2021-01-25T09:48:29","modified_gmt":"2021-01-25T12:48:29","slug":"como-contribuir-para-o-inss-por-conta-propria","status":"publish","type":"post","link":"https:\/\/jornalfatosenoticias.com.br\/index.php\/2021\/01\/25\/como-contribuir-para-o-inss-por-conta-propria\/","title":{"rendered":"Como contribuir para o INSS por conta pr\u00f3pria"},"content":{"rendered":"\n<h6 class=\"wp-block-heading\"><em>Al\u00edquotas variam de 5% e 20%, conforme o perfil do segurado<\/em><\/h6>\n\n\n\n<p>Os segurados que recolhem para a Previd\u00eancia Social por conta pr\u00f3pria precisam prestar aten\u00e7\u00e3o. Com o novo sal\u00e1rio m\u00ednimo de R$ 1,1 mil em vigor a partir do pagamento do pr\u00f3ximo m\u00eas, os valores das contribui\u00e7\u00f5es foram reajustados. Agora, segurado ter\u00e1 de pagar R$ 55, R$ 121 ou R$ 220 por m\u00eas, dependendo do perfil de contribui\u00e7\u00e3o.<br>Os contribuintes individuais ou facultativos abrangem trabalhadores aut\u00f4nomos, microempreendedores individuais, donas de casa que querem receber aposentadoria no futuro. Os valores s\u00e3o aplicados conforme as al\u00edquotas de contribui\u00e7\u00e3o: 5%, 11% ou 20% sobre o sal\u00e1rio de contribui\u00e7\u00e3o. Quem contribui pelo sal\u00e1rio m\u00ednimo, a maioria dos segurados individuais, paga o percentual sobre R$ 1,1 mil.<br>Com a possibilidade de o presidente Jair Bolsonaro reajustar o sal\u00e1rio m\u00ednimo para R$ 1.102, o segurado recolher\u00e1 um pouco mais a partir de fevereiro. O reajuste ocorre porque o m\u00ednimo de 2021 foi reajustado em 5,26%, contra infla\u00e7\u00e3o oficial pelo \u00cdndice Nacional de Pre\u00e7os ao Consumidor (INPC) de 5,45%. Como a Constitui\u00e7\u00e3o determina a reposi\u00e7\u00e3o do poder de compra, o sal\u00e1rio m\u00ednimo precisar\u00e1 seguir o INPC.<br>O contribuinte pode recolher sobre R$ 1.102 a partir de janeiro, se quiser. A partir de fevereiro, ap\u00f3s a assinatura do decreto, a contribui\u00e7\u00e3o sobre esse valor ser\u00e1 obrigat\u00f3ria. Isso porque a contribui\u00e7\u00e3o m\u00ednima considerada para a contagem de tempo e de valor para a aposentadoria equivale \u00e0s aplicadas sobre o sal\u00e1rio m\u00ednimo.<\/p>\n\n\n\n<h4 class=\"wp-block-heading\">Datas<\/h4>\n\n\n\n<p>Os pagamentos da compet\u00eancia de janeiro podem ser feitos at\u00e9 15 de fevereiro, para quem optou pelo recolhimento mensal ao Instituto Nacional do Seguro Social (INSS). No caso dos microempreendedores individuais, o vencimento ocorre no dia 20 do m\u00eas seguinte, sendo transferido para o dia 21 ou 22, caso o dia 20 n\u00e3o caia em dia \u00fatil.<br>Para quem escolheu contribuir trimestralmente, o valor a ser recolhido s\u00f3 deve ser pago entre o dia 1\u00ba e o dia 15 do trimestre seguinte. Dessa forma, as contribui\u00e7\u00f5es do primeiro trimestre devem ser pagas apenas entre 1\u00ba e 15 de abril. O valor recolhido corresponde \u00e0 contribui\u00e7\u00e3o mensal multiplicada por 3.<\/p>\n\n\n\n<h4 class=\"wp-block-heading\">Perfis<\/h4>\n\n\n\n<div class=\"wp-block-image\"><figure class=\"alignleft size-large is-resized\"><img loading=\"lazy\" decoding=\"async\" src=\"https:\/\/jornalfatosenoticias.com.br\/wp-content\/uploads\/2021\/01\/infografico_agencia-explica_inss-conta-propria.png\" alt=\"\" class=\"wp-image-13851\" width=\"381\" height=\"888\" srcset=\"https:\/\/jornalfatosenoticias.com.br\/wp-content\/uploads\/2021\/01\/infografico_agencia-explica_inss-conta-propria.png 429w, https:\/\/jornalfatosenoticias.com.br\/wp-content\/uploads\/2021\/01\/infografico_agencia-explica_inss-conta-propria-129x300.png 129w\" sizes=\"auto, (max-width: 381px) 100vw, 381px\" \/><\/figure><\/div>\n\n\n\n<p>A al\u00edquota de 5% sobre o sal\u00e1rio m\u00ednimo \u00e9 cobrada para segurados de baixa renda, sem atividade remunerada, sem fonte de renda e de fam\u00edlia inscrita no Cadastro \u00danico para Programas Sociais do Governo Federal (Cad\u00danico). Essa modalidade permite apenas a aposentadoria por idade m\u00ednima, sem direito \u00e0 aposentadoria por tempo de contribui\u00e7\u00e3o nem \u00e0 inclus\u00e3o do tempo na contagem para outros regimes de Previd\u00eancia Social.<br>A al\u00edquota de 11% \u00e9 aplicada a segurados sem rela\u00e7\u00e3o de emprego, que n\u00e3o prestam servi\u00e7o e n\u00e3o exercem atividade remunerada. Esse plano n\u00e3o permite a contagem do tempo para outros regimes de previd\u00eancia, mas permite aposentadorias acima do sal\u00e1rio m\u00ednimo e por tempo de contribui\u00e7\u00e3o por meio de uma complementa\u00e7\u00e3o do recolhimento mensal. Dessa forma, quem pagar mais que os 11% m\u00ednimos poder\u00e1 conquistar esses direitos.<br>A al\u00edquota de 20% permite a aposentadoria por tempo de contribui\u00e7\u00e3o ou aposentadoria por idade com benef\u00edcio maior que o sal\u00e1rio m\u00ednimo. Essa modalidade \u00e9 a mais recomendada a trabalhadores aut\u00f4nomos que exercem atividade remunerada.<\/p>\n\n\n\n<p><strong><em>Fonte: <a href=\"https:\/\/agenciabrasil.ebc.com.br\/economia\/noticia\/2021-01\/agencia-brasil-explica-como-contribuir-para-o-inss-por-conta-propria\">Ag\u00eancia Brasil<\/a><\/em><\/strong><\/p>\n","protected":false},"excerpt":{"rendered":"<p>Al\u00edquotas variam de 5% e 20%, conforme o perfil do segurado Os segurados que recolhem para a Previd\u00eancia Social por conta pr\u00f3pria precisam prestar aten\u00e7\u00e3o. Com o novo sal\u00e1rio m\u00ednimo de R$ 1,1 mil em vigor a partir do pagamento do pr\u00f3ximo m\u00eas, os valores das contribui\u00e7\u00f5es foram reajustados. Agora, segurado ter\u00e1 de pagar R$ [&hellip;]<\/p>\n","protected":false},"author":2,"featured_media":13852,"comment_status":"open","ping_status":"open","sticky":false,"template":"","format":"standard","meta":{"footnotes":""},"categories":[9],"tags":[7109,7111,7110,696],"class_list":["post-13850","post","type-post","status-publish","format-standard","has-post-thumbnail","hentry","category-economia","tag-aposentadoria","tag-conta-propria","tag-contribuicao","tag-inss"],"yoast_head":"<!-- This site is optimized with the Yoast SEO plugin v26.5 - https:\/\/yoast.com\/wordpress\/plugins\/seo\/ -->\n<title>Como contribuir para o INSS por conta pr\u00f3pria - Jornal Fatos e Not\u00edcias<\/title>\n<meta name=\"robots\" content=\"index, follow, max-snippet:-1, max-image-preview:large, max-video-preview:-1\" \/>\n<link rel=\"canonical\" href=\"https:\/\/jornalfatosenoticias.com.br\/index.php\/2021\/01\/25\/como-contribuir-para-o-inss-por-conta-propria\/\" \/>\n<meta property=\"og:locale\" content=\"pt_BR\" \/>\n<meta property=\"og:type\" content=\"article\" \/>\n<meta property=\"og:title\" content=\"Como contribuir para o INSS por conta pr\u00f3pria - Jornal Fatos e Not\u00edcias\" \/>\n<meta property=\"og:description\" content=\"Al\u00edquotas variam de 5% e 20%, conforme o perfil do segurado Os segurados que recolhem para a Previd\u00eancia Social por conta pr\u00f3pria precisam prestar aten\u00e7\u00e3o. Com o novo sal\u00e1rio m\u00ednimo de R$ 1,1 mil em vigor a partir do pagamento do pr\u00f3ximo m\u00eas, os valores das contribui\u00e7\u00f5es foram reajustados. Agora, segurado ter\u00e1 de pagar R$ [&hellip;]\" \/>\n<meta property=\"og:url\" content=\"https:\/\/jornalfatosenoticias.com.br\/index.php\/2021\/01\/25\/como-contribuir-para-o-inss-por-conta-propria\/\" \/>\n<meta property=\"og:site_name\" content=\"Jornal Fatos e Not\u00edcias\" \/>\n<meta property=\"article:published_time\" content=\"2021-01-25T12:48:24+00:00\" \/>\n<meta property=\"article:modified_time\" content=\"2021-01-25T12:48:29+00:00\" \/>\n<meta property=\"og:image\" content=\"https:\/\/jornalfatosenoticias.com.br\/wp-content\/uploads\/2021\/01\/previdencia_social.jpg\" \/>\n\t<meta property=\"og:image:width\" content=\"1000\" \/>\n\t<meta property=\"og:image:height\" content=\"598\" \/>\n\t<meta property=\"og:image:type\" content=\"image\/jpeg\" \/>\n<meta name=\"author\" content=\"Luzimara Fernandes\" \/>\n<meta name=\"twitter:card\" content=\"summary_large_image\" \/>\n<meta name=\"twitter:label1\" content=\"Escrito por\" \/>\n\t<meta name=\"twitter:data1\" content=\"Luzimara Fernandes\" \/>\n\t<meta name=\"twitter:label2\" content=\"Est. tempo de leitura\" \/>\n\t<meta name=\"twitter:data2\" content=\"3 minutos\" \/>\n<script type=\"application\/ld+json\" class=\"yoast-schema-graph\">{\"@context\":\"https:\/\/schema.org\",\"@graph\":[{\"@type\":\"Article\",\"@id\":\"https:\/\/jornalfatosenoticias.com.br\/index.php\/2021\/01\/25\/como-contribuir-para-o-inss-por-conta-propria\/#article\",\"isPartOf\":{\"@id\":\"https:\/\/jornalfatosenoticias.com.br\/index.php\/2021\/01\/25\/como-contribuir-para-o-inss-por-conta-propria\/\"},\"author\":{\"name\":\"Luzimara Fernandes\",\"@id\":\"https:\/\/jornalfatosenoticias.com.br\/#\/schema\/person\/d63837fa13ac8666eb9e74e0985d6f81\"},\"headline\":\"Como contribuir para o INSS por conta pr\u00f3pria\",\"datePublished\":\"2021-01-25T12:48:24+00:00\",\"dateModified\":\"2021-01-25T12:48:29+00:00\",\"mainEntityOfPage\":{\"@id\":\"https:\/\/jornalfatosenoticias.com.br\/index.php\/2021\/01\/25\/como-contribuir-para-o-inss-por-conta-propria\/\"},\"wordCount\":566,\"commentCount\":0,\"publisher\":{\"@id\":\"https:\/\/jornalfatosenoticias.com.br\/#organization\"},\"image\":{\"@id\":\"https:\/\/jornalfatosenoticias.com.br\/index.php\/2021\/01\/25\/como-contribuir-para-o-inss-por-conta-propria\/#primaryimage\"},\"thumbnailUrl\":\"https:\/\/jornalfatosenoticias.com.br\/wp-content\/uploads\/2021\/01\/previdencia_social.jpg\",\"keywords\":[\"aposentadoria\",\"conta pr\u00f3pria\",\"contribui\u00e7\u00e3o\",\"INSS\"],\"articleSection\":[\"Economia\"],\"inLanguage\":\"pt-BR\",\"potentialAction\":[{\"@type\":\"CommentAction\",\"name\":\"Comment\",\"target\":[\"https:\/\/jornalfatosenoticias.com.br\/index.php\/2021\/01\/25\/como-contribuir-para-o-inss-por-conta-propria\/#respond\"]}]},{\"@type\":\"WebPage\",\"@id\":\"https:\/\/jornalfatosenoticias.com.br\/index.php\/2021\/01\/25\/como-contribuir-para-o-inss-por-conta-propria\/\",\"url\":\"https:\/\/jornalfatosenoticias.com.br\/index.php\/2021\/01\/25\/como-contribuir-para-o-inss-por-conta-propria\/\",\"name\":\"Como contribuir para o INSS por conta pr\u00f3pria - Jornal Fatos e Not\u00edcias\",\"isPartOf\":{\"@id\":\"https:\/\/jornalfatosenoticias.com.br\/#website\"},\"primaryImageOfPage\":{\"@id\":\"https:\/\/jornalfatosenoticias.com.br\/index.php\/2021\/01\/25\/como-contribuir-para-o-inss-por-conta-propria\/#primaryimage\"},\"image\":{\"@id\":\"https:\/\/jornalfatosenoticias.com.br\/index.php\/2021\/01\/25\/como-contribuir-para-o-inss-por-conta-propria\/#primaryimage\"},\"thumbnailUrl\":\"https:\/\/jornalfatosenoticias.com.br\/wp-content\/uploads\/2021\/01\/previdencia_social.jpg\",\"datePublished\":\"2021-01-25T12:48:24+00:00\",\"dateModified\":\"2021-01-25T12:48:29+00:00\",\"breadcrumb\":{\"@id\":\"https:\/\/jornalfatosenoticias.com.br\/index.php\/2021\/01\/25\/como-contribuir-para-o-inss-por-conta-propria\/#breadcrumb\"},\"inLanguage\":\"pt-BR\",\"potentialAction\":[{\"@type\":\"ReadAction\",\"target\":[\"https:\/\/jornalfatosenoticias.com.br\/index.php\/2021\/01\/25\/como-contribuir-para-o-inss-por-conta-propria\/\"]}]},{\"@type\":\"ImageObject\",\"inLanguage\":\"pt-BR\",\"@id\":\"https:\/\/jornalfatosenoticias.com.br\/index.php\/2021\/01\/25\/como-contribuir-para-o-inss-por-conta-propria\/#primaryimage\",\"url\":\"https:\/\/jornalfatosenoticias.com.br\/wp-content\/uploads\/2021\/01\/previdencia_social.jpg\",\"contentUrl\":\"https:\/\/jornalfatosenoticias.com.br\/wp-content\/uploads\/2021\/01\/previdencia_social.jpg\",\"width\":1000,\"height\":598,\"caption\":\"Instituto Nacional do Seguro Social (INSS)\"},{\"@type\":\"BreadcrumbList\",\"@id\":\"https:\/\/jornalfatosenoticias.com.br\/index.php\/2021\/01\/25\/como-contribuir-para-o-inss-por-conta-propria\/#breadcrumb\",\"itemListElement\":[{\"@type\":\"ListItem\",\"position\":1,\"name\":\"In\u00edcio\",\"item\":\"https:\/\/jornalfatosenoticias.com.br\/\"},{\"@type\":\"ListItem\",\"position\":2,\"name\":\"Como contribuir para o INSS por conta pr\u00f3pria\"}]},{\"@type\":\"WebSite\",\"@id\":\"https:\/\/jornalfatosenoticias.com.br\/#website\",\"url\":\"https:\/\/jornalfatosenoticias.com.br\/\",\"name\":\"Jornal Fatos e Not\u00edcias\",\"description\":\"Not\u00edcias em geral\",\"publisher\":{\"@id\":\"https:\/\/jornalfatosenoticias.com.br\/#organization\"},\"potentialAction\":[{\"@type\":\"SearchAction\",\"target\":{\"@type\":\"EntryPoint\",\"urlTemplate\":\"https:\/\/jornalfatosenoticias.com.br\/?s={search_term_string}\"},\"query-input\":{\"@type\":\"PropertyValueSpecification\",\"valueRequired\":true,\"valueName\":\"search_term_string\"}}],\"inLanguage\":\"pt-BR\"},{\"@type\":\"Organization\",\"@id\":\"https:\/\/jornalfatosenoticias.com.br\/#organization\",\"name\":\"Jornal Fatos e Not\u00edcias\",\"url\":\"https:\/\/jornalfatosenoticias.com.br\/\",\"logo\":{\"@type\":\"ImageObject\",\"inLanguage\":\"pt-BR\",\"@id\":\"https:\/\/jornalfatosenoticias.com.br\/#\/schema\/logo\/image\/\",\"url\":\"https:\/\/jornalfatosenoticias.com.br\/wp-content\/uploads\/2020\/02\/logo120.png\",\"contentUrl\":\"https:\/\/jornalfatosenoticias.com.br\/wp-content\/uploads\/2020\/02\/logo120.png\",\"width\":1227,\"height\":120,\"caption\":\"Jornal Fatos e Not\u00edcias\"},\"image\":{\"@id\":\"https:\/\/jornalfatosenoticias.com.br\/#\/schema\/logo\/image\/\"}},{\"@type\":\"Person\",\"@id\":\"https:\/\/jornalfatosenoticias.com.br\/#\/schema\/person\/d63837fa13ac8666eb9e74e0985d6f81\",\"name\":\"Luzimara Fernandes\",\"image\":{\"@type\":\"ImageObject\",\"inLanguage\":\"pt-BR\",\"@id\":\"https:\/\/jornalfatosenoticias.com.br\/#\/schema\/person\/image\/\",\"url\":\"https:\/\/jornalfatosenoticias.com.br\/wp-content\/uploads\/2025\/05\/EU_portal.jpg\",\"contentUrl\":\"https:\/\/jornalfatosenoticias.com.br\/wp-content\/uploads\/2025\/05\/EU_portal.jpg\",\"caption\":\"Luzimara Fernandes\"},\"description\":\"Jornalista MTB 2358-ES\",\"sameAs\":[\"https:\/\/jornalfatosenoticias.com.br\"],\"url\":\"https:\/\/jornalfatosenoticias.com.br\/index.php\/author\/luzimara\/\"}]}<\/script>\n<!-- \/ Yoast SEO plugin. -->","yoast_head_json":{"title":"Como contribuir para o INSS por conta pr\u00f3pria - Jornal Fatos e Not\u00edcias","robots":{"index":"index","follow":"follow","max-snippet":"max-snippet:-1","max-image-preview":"max-image-preview:large","max-video-preview":"max-video-preview:-1"},"canonical":"https:\/\/jornalfatosenoticias.com.br\/index.php\/2021\/01\/25\/como-contribuir-para-o-inss-por-conta-propria\/","og_locale":"pt_BR","og_type":"article","og_title":"Como contribuir para o INSS por conta pr\u00f3pria - Jornal Fatos e Not\u00edcias","og_description":"Al\u00edquotas variam de 5% e 20%, conforme o perfil do segurado Os segurados que recolhem para a Previd\u00eancia Social por conta pr\u00f3pria precisam prestar aten\u00e7\u00e3o. Com o novo sal\u00e1rio m\u00ednimo de R$ 1,1 mil em vigor a partir do pagamento do pr\u00f3ximo m\u00eas, os valores das contribui\u00e7\u00f5es foram reajustados. Agora, segurado ter\u00e1 de pagar R$ [&hellip;]","og_url":"https:\/\/jornalfatosenoticias.com.br\/index.php\/2021\/01\/25\/como-contribuir-para-o-inss-por-conta-propria\/","og_site_name":"Jornal Fatos e Not\u00edcias","article_published_time":"2021-01-25T12:48:24+00:00","article_modified_time":"2021-01-25T12:48:29+00:00","og_image":[{"width":1000,"height":598,"url":"https:\/\/jornalfatosenoticias.com.br\/wp-content\/uploads\/2021\/01\/previdencia_social.jpg","type":"image\/jpeg"}],"author":"Luzimara Fernandes","twitter_card":"summary_large_image","twitter_misc":{"Escrito por":"Luzimara Fernandes","Est. tempo de leitura":"3 minutos"},"schema":{"@context":"https:\/\/schema.org","@graph":[{"@type":"Article","@id":"https:\/\/jornalfatosenoticias.com.br\/index.php\/2021\/01\/25\/como-contribuir-para-o-inss-por-conta-propria\/#article","isPartOf":{"@id":"https:\/\/jornalfatosenoticias.com.br\/index.php\/2021\/01\/25\/como-contribuir-para-o-inss-por-conta-propria\/"},"author":{"name":"Luzimara Fernandes","@id":"https:\/\/jornalfatosenoticias.com.br\/#\/schema\/person\/d63837fa13ac8666eb9e74e0985d6f81"},"headline":"Como contribuir para o INSS por conta pr\u00f3pria","datePublished":"2021-01-25T12:48:24+00:00","dateModified":"2021-01-25T12:48:29+00:00","mainEntityOfPage":{"@id":"https:\/\/jornalfatosenoticias.com.br\/index.php\/2021\/01\/25\/como-contribuir-para-o-inss-por-conta-propria\/"},"wordCount":566,"commentCount":0,"publisher":{"@id":"https:\/\/jornalfatosenoticias.com.br\/#organization"},"image":{"@id":"https:\/\/jornalfatosenoticias.com.br\/index.php\/2021\/01\/25\/como-contribuir-para-o-inss-por-conta-propria\/#primaryimage"},"thumbnailUrl":"https:\/\/jornalfatosenoticias.com.br\/wp-content\/uploads\/2021\/01\/previdencia_social.jpg","keywords":["aposentadoria","conta pr\u00f3pria","contribui\u00e7\u00e3o","INSS"],"articleSection":["Economia"],"inLanguage":"pt-BR","potentialAction":[{"@type":"CommentAction","name":"Comment","target":["https:\/\/jornalfatosenoticias.com.br\/index.php\/2021\/01\/25\/como-contribuir-para-o-inss-por-conta-propria\/#respond"]}]},{"@type":"WebPage","@id":"https:\/\/jornalfatosenoticias.com.br\/index.php\/2021\/01\/25\/como-contribuir-para-o-inss-por-conta-propria\/","url":"https:\/\/jornalfatosenoticias.com.br\/index.php\/2021\/01\/25\/como-contribuir-para-o-inss-por-conta-propria\/","name":"Como contribuir para o INSS por conta pr\u00f3pria - Jornal Fatos e Not\u00edcias","isPartOf":{"@id":"https:\/\/jornalfatosenoticias.com.br\/#website"},"primaryImageOfPage":{"@id":"https:\/\/jornalfatosenoticias.com.br\/index.php\/2021\/01\/25\/como-contribuir-para-o-inss-por-conta-propria\/#primaryimage"},"image":{"@id":"https:\/\/jornalfatosenoticias.com.br\/index.php\/2021\/01\/25\/como-contribuir-para-o-inss-por-conta-propria\/#primaryimage"},"thumbnailUrl":"https:\/\/jornalfatosenoticias.com.br\/wp-content\/uploads\/2021\/01\/previdencia_social.jpg","datePublished":"2021-01-25T12:48:24+00:00","dateModified":"2021-01-25T12:48:29+00:00","breadcrumb":{"@id":"https:\/\/jornalfatosenoticias.com.br\/index.php\/2021\/01\/25\/como-contribuir-para-o-inss-por-conta-propria\/#breadcrumb"},"inLanguage":"pt-BR","potentialAction":[{"@type":"ReadAction","target":["https:\/\/jornalfatosenoticias.com.br\/index.php\/2021\/01\/25\/como-contribuir-para-o-inss-por-conta-propria\/"]}]},{"@type":"ImageObject","inLanguage":"pt-BR","@id":"https:\/\/jornalfatosenoticias.com.br\/index.php\/2021\/01\/25\/como-contribuir-para-o-inss-por-conta-propria\/#primaryimage","url":"https:\/\/jornalfatosenoticias.com.br\/wp-content\/uploads\/2021\/01\/previdencia_social.jpg","contentUrl":"https:\/\/jornalfatosenoticias.com.br\/wp-content\/uploads\/2021\/01\/previdencia_social.jpg","width":1000,"height":598,"caption":"Instituto Nacional do Seguro Social (INSS)"},{"@type":"BreadcrumbList","@id":"https:\/\/jornalfatosenoticias.com.br\/index.php\/2021\/01\/25\/como-contribuir-para-o-inss-por-conta-propria\/#breadcrumb","itemListElement":[{"@type":"ListItem","position":1,"name":"In\u00edcio","item":"https:\/\/jornalfatosenoticias.com.br\/"},{"@type":"ListItem","position":2,"name":"Como contribuir para o INSS por conta pr\u00f3pria"}]},{"@type":"WebSite","@id":"https:\/\/jornalfatosenoticias.com.br\/#website","url":"https:\/\/jornalfatosenoticias.com.br\/","name":"Jornal Fatos e Not\u00edcias","description":"Not\u00edcias em geral","publisher":{"@id":"https:\/\/jornalfatosenoticias.com.br\/#organization"},"potentialAction":[{"@type":"SearchAction","target":{"@type":"EntryPoint","urlTemplate":"https:\/\/jornalfatosenoticias.com.br\/?s={search_term_string}"},"query-input":{"@type":"PropertyValueSpecification","valueRequired":true,"valueName":"search_term_string"}}],"inLanguage":"pt-BR"},{"@type":"Organization","@id":"https:\/\/jornalfatosenoticias.com.br\/#organization","name":"Jornal Fatos e Not\u00edcias","url":"https:\/\/jornalfatosenoticias.com.br\/","logo":{"@type":"ImageObject","inLanguage":"pt-BR","@id":"https:\/\/jornalfatosenoticias.com.br\/#\/schema\/logo\/image\/","url":"https:\/\/jornalfatosenoticias.com.br\/wp-content\/uploads\/2020\/02\/logo120.png","contentUrl":"https:\/\/jornalfatosenoticias.com.br\/wp-content\/uploads\/2020\/02\/logo120.png","width":1227,"height":120,"caption":"Jornal Fatos e Not\u00edcias"},"image":{"@id":"https:\/\/jornalfatosenoticias.com.br\/#\/schema\/logo\/image\/"}},{"@type":"Person","@id":"https:\/\/jornalfatosenoticias.com.br\/#\/schema\/person\/d63837fa13ac8666eb9e74e0985d6f81","name":"Luzimara Fernandes","image":{"@type":"ImageObject","inLanguage":"pt-BR","@id":"https:\/\/jornalfatosenoticias.com.br\/#\/schema\/person\/image\/","url":"https:\/\/jornalfatosenoticias.com.br\/wp-content\/uploads\/2025\/05\/EU_portal.jpg","contentUrl":"https:\/\/jornalfatosenoticias.com.br\/wp-content\/uploads\/2025\/05\/EU_portal.jpg","caption":"Luzimara Fernandes"},"description":"Jornalista MTB 2358-ES","sameAs":["https:\/\/jornalfatosenoticias.com.br"],"url":"https:\/\/jornalfatosenoticias.com.br\/index.php\/author\/luzimara\/"}]}},"cc_featured_image_caption":{"caption_text":"(Marcello Casal Jr\/Ag\u00eancia Brasil)","source_text":"","source_url":""},"jetpack_featured_media_url":"https:\/\/jornalfatosenoticias.com.br\/wp-content\/uploads\/2021\/01\/previdencia_social.jpg","_links":{"self":[{"href":"https:\/\/jornalfatosenoticias.com.br\/index.php\/wp-json\/wp\/v2\/posts\/13850","targetHints":{"allow":["GET"]}}],"collection":[{"href":"https:\/\/jornalfatosenoticias.com.br\/index.php\/wp-json\/wp\/v2\/posts"}],"about":[{"href":"https:\/\/jornalfatosenoticias.com.br\/index.php\/wp-json\/wp\/v2\/types\/post"}],"author":[{"embeddable":true,"href":"https:\/\/jornalfatosenoticias.com.br\/index.php\/wp-json\/wp\/v2\/users\/2"}],"replies":[{"embeddable":true,"href":"https:\/\/jornalfatosenoticias.com.br\/index.php\/wp-json\/wp\/v2\/comments?post=13850"}],"version-history":[{"count":0,"href":"https:\/\/jornalfatosenoticias.com.br\/index.php\/wp-json\/wp\/v2\/posts\/13850\/revisions"}],"wp:featuredmedia":[{"embeddable":true,"href":"https:\/\/jornalfatosenoticias.com.br\/index.php\/wp-json\/wp\/v2\/media\/13852"}],"wp:attachment":[{"href":"https:\/\/jornalfatosenoticias.com.br\/index.php\/wp-json\/wp\/v2\/media?parent=13850"}],"wp:term":[{"taxonomy":"category","embeddable":true,"href":"https:\/\/jornalfatosenoticias.com.br\/index.php\/wp-json\/wp\/v2\/categories?post=13850"},{"taxonomy":"post_tag","embeddable":true,"href":"https:\/\/jornalfatosenoticias.com.br\/index.php\/wp-json\/wp\/v2\/tags?post=13850"}],"curies":[{"name":"wp","href":"https:\/\/api.w.org\/{rel}","templated":true}]}}