{"id":13854,"date":"2021-01-25T09:56:20","date_gmt":"2021-01-25T12:56:20","guid":{"rendered":"https:\/\/jornalfatosenoticias.com.br\/?p=13854"},"modified":"2021-01-25T09:56:24","modified_gmt":"2021-01-25T12:56:24","slug":"estudantes-podem-pedir-reaplicacao-do-enem-a-partir-de-hoje","status":"publish","type":"post","link":"https:\/\/jornalfatosenoticias.com.br\/index.php\/2021\/01\/25\/estudantes-podem-pedir-reaplicacao-do-enem-a-partir-de-hoje\/","title":{"rendered":"Estudantes podem pedir reaplica\u00e7\u00e3o do Enem a partir de hoje"},"content":{"rendered":"\n<h6 class=\"wp-block-heading\"><em>Inep recomenda que pedido seja feito pela internet<\/em><\/h6>\n\n\n\n<p>Candidatos que n\u00e3o puderam participar do Exame Nacional do Ensino M\u00e9dio (Enem) por estarem com sintomas de covid-19 ou de outra doen\u00e7a infectocontagiosa e aqueles que n\u00e3o conseguiram fazer as provas por problemas log\u00edsticos podem, a partir de hoje (25), pedir para participar da reaplica\u00e7\u00e3o do Enem na P\u00e1gina do Participante. O sistema ficar\u00e1 aberto at\u00e9 o dia 29.<br>As provas do Enem impresso foram aplicadas nos dias 17 e 24 de janeiro. Nas semanas que antecederam cada uma das aplica\u00e7\u00f5es, os candidatos puderam enviar exames e laudos m\u00e9dicos ao Instituto Nacional de Estudos e Pesquisas Educacionais An\u00edsio Teixeira (Inep). Aqueles que ainda n\u00e3o o fizeram poder\u00e3o, agora, acessar o sistema on-line. As provas da reaplica\u00e7\u00e3o ser\u00e3o nos dias 23 e 24 de fevereiro.<br>Al\u00e9m da covid-19, podem solicitar a reaplica\u00e7\u00e3o participantes com coqueluche, difteria, doen\u00e7a invasiva por Haemophilus influenza, doen\u00e7a meningoc\u00f3cica e outras meningites, var\u00edola, Influenza humana A e B, poliomielite por poliov\u00edrus selvagem, sarampo, rub\u00e9ola, varicela.<br>Segundo o Inep, para a an\u00e1lise da possibilidade de reaplica\u00e7\u00e3o, a pessoa dever\u00e1 inserir, obrigatoriamente, no momento da solicita\u00e7\u00e3o, documento leg\u00edvel que comprove a doen\u00e7a. Na documenta\u00e7\u00e3o, deve constar o nome completo do participante, o diagn\u00f3stico com a descri\u00e7\u00e3o da condi\u00e7\u00e3o, o c\u00f3digo correspondente \u00e0 Classifica\u00e7\u00e3o Internacional de Doen\u00e7a (CID 10), al\u00e9m da assinatura e da identifica\u00e7\u00e3o do profissional competente, com o respectivo registro no Conselho Regional de Medicina (CRM), do Minist\u00e9rio da Sa\u00fade (RMS) ou de \u00f3rg\u00e3o competente, assim como a data do atendimento. O documento deve ser anexado em formato PDF, PNG ou JPG, no tamanho m\u00e1ximo de 2 MB.<\/p>\n\n\n\n<h4 class=\"wp-block-heading\">Problemas log\u00edsticos<\/h4>\n\n\n\n<p>Tamb\u00e9m poder\u00e3o pedir a reaplica\u00e7\u00e3o estudantes que tenham sido prejudicados por problemas log\u00edsticos. De acordo com o edital do Enem, s\u00e3o considerados problemas log\u00edsticos, por exemplo, desastres naturais que prejudiquem a aplica\u00e7\u00e3o do exame devido ao comprometimento da infraestrutura do local, falta de energia el\u00e9trica, falha no dispositivo eletr\u00f4nico fornecido ao participante que solicitou uso de leitor de tela ou erro de execu\u00e7\u00e3o de procedimento de aplica\u00e7\u00e3o que incorra em comprovado preju\u00edzo ao participante.<br>No primeiro dia de aplica\u00e7\u00e3o, participantes foram impedidos de fazer o exame por causa da lota\u00e7\u00e3o dos locais de prova. Devido \u00e0 pandemia do novo coronav\u00edrus, as salas deveriam ter at\u00e9 metade da lota\u00e7\u00e3o m\u00e1xima. Em alguns locais, n\u00e3o foi poss\u00edvel acomodar os inscritos. De acordo com o Inep, esses casos foram relatados em pelo menos 11 locais de prova em Florian\u00f3polis (SC), Curitiba (PR), Londrina (PR), Pelotas (RS), Caxias do Sul (RS) e Canoas (RS).<br>Tamb\u00e9m ter\u00e3o direito \u00e0 reaplica\u00e7\u00e3o os 160.548 estudantes que fariam a prova no estado do Amazonas, 2.863 em Rolim de Moura (RO) e 969 em Espig\u00e3o D&#8217;Oeste (RO). O exame foi suspenso por causa dos impactos da pandemia nessas localidades. Ao todo, segundo o Minist\u00e9rio da Educa\u00e7\u00e3o, foram quase 20 a\u00e7\u00f5es judiciais em todo o Pa\u00eds contr\u00e1rias \u00e0 realiza\u00e7\u00e3o do Enem.<br>Os pedidos de reaplica\u00e7\u00e3o ser\u00e3o analisados pelo Inep. A aprova\u00e7\u00e3o ou a reprova\u00e7\u00e3o do pedido de reaplica\u00e7\u00e3o dever\u00e1 ser consultada tamb\u00e9m na P\u00e1gina do Participante. Os participantes tamb\u00e9m podem entrar em contato com o Inep pelo telefone 0800 616161. O Inep recomenda, no entanto, que os candidatos fa\u00e7am a solicita\u00e7\u00e3o pela internet.<\/p>\n\n\n\n<h4 class=\"wp-block-heading\">Enem 2020<\/h4>\n\n\n\n<p>O Enem 2020 tem uma vers\u00e3o impressa, que foi aplicada nos dois \u00faltimos domingos, 17 e 24, e uma<strong>\u00a0<a href=\"https:\/\/agenciabrasil.ebc.com.br\/educacao\/noticia\/2021-01\/presidente-do-inep-explica-como-sera-primeira-edicao-do-enem-digital]\" target=\"_blank\" rel=\"noreferrer noopener\">digital<\/a>,<\/strong> que ser\u00e1 realizada de forma piloto para 96 mil candidatos, nos dias 31 de janeiro e 7 de fevereiro.<br>O Inep divulgar\u00e1, at\u00e9 quarta-feira (27) os gabaritos das quest\u00f5es objetivas do Enem. Mesmo com o gabarito em m\u00e3os n\u00e3o \u00e9 poss\u00edvel saber quanto se tirou no exame. Isso porque as provas s\u00e3o corrigidas com base na<strong>\u00a0<a href=\"https:\/\/agenciabrasil.ebc.com.br\/educacao\/noticia\/2021-01\/conheca-o-sistema-de-correcao-do-enem\" target=\"_blank\" rel=\"noreferrer noopener\">teoria de resposta ao item<\/a><\/strong> (TRI). A pontua\u00e7\u00e3o de cada estudante varia, entre outros fatores, de acordo com o desempenho do pr\u00f3prio candidato no exame.<br>O resultado final ser\u00e1 divulgado no dia 29 de mar\u00e7o. Os candidatos podem usar as notas para concorrer a vagas no ensino superior, por meio de <strong><a href=\"https:\/\/agenciabrasil.ebc.com.br\/educacao\/noticia\/2021-01\/conheca-os-programas-que-utilizam-notas-do-enem\" target=\"_blank\" rel=\"noreferrer noopener\">programa<\/a>s<\/strong> como o Sistema de Sele\u00e7\u00e3o Unificada (Sisu), que oferece vagas em institui\u00e7\u00f5es p\u00fablicas de ensino superior, e o Programa Universidade para Todos (ProUni), que oferece bolsas de estudo em institui\u00e7\u00f5es privadas.<\/p>\n\n\n\n<p><strong><em>Fonte: <a href=\"https:\/\/agenciabrasil.ebc.com.br\/educacao\/noticia\/2021-01\/estudantes-podem-pedir-reaplicacao-do-enem-partir-de-hoje\">Ag\u00eancia Brasil<\/a><\/em><\/strong><\/p>\n","protected":false},"excerpt":{"rendered":"<p>Inep recomenda que pedido seja feito pela internet Candidatos que n\u00e3o puderam participar do Exame Nacional do Ensino M\u00e9dio (Enem) por estarem com sintomas de covid-19 ou de outra doen\u00e7a infectocontagiosa e aqueles que n\u00e3o conseguiram fazer as provas por problemas log\u00edsticos podem, a partir de hoje (25), pedir para participar da reaplica\u00e7\u00e3o do Enem [&hellip;]<\/p>\n","protected":false},"author":2,"featured_media":13855,"comment_status":"open","ping_status":"open","sticky":false,"template":"","format":"standard","meta":{"footnotes":""},"categories":[7],"tags":[273,1706,704,2655,7112],"class_list":["post-13854","post","type-post","status-publish","format-standard","has-post-thumbnail","hentry","category-educacao","tag-covid-19","tag-enem-2020","tag-inep","tag-prova","tag-reaplicacao"],"yoast_head":"<!-- This site is optimized with the Yoast SEO plugin v26.5 - https:\/\/yoast.com\/wordpress\/plugins\/seo\/ -->\n<title>Estudantes podem pedir reaplica\u00e7\u00e3o do Enem a partir de hoje - Jornal Fatos e Not\u00edcias<\/title>\n<meta name=\"robots\" content=\"index, follow, max-snippet:-1, max-image-preview:large, max-video-preview:-1\" \/>\n<link rel=\"canonical\" href=\"https:\/\/jornalfatosenoticias.com.br\/index.php\/2021\/01\/25\/estudantes-podem-pedir-reaplicacao-do-enem-a-partir-de-hoje\/\" \/>\n<meta property=\"og:locale\" content=\"pt_BR\" \/>\n<meta property=\"og:type\" content=\"article\" \/>\n<meta property=\"og:title\" content=\"Estudantes podem pedir reaplica\u00e7\u00e3o do Enem a partir de hoje - Jornal Fatos e Not\u00edcias\" \/>\n<meta property=\"og:description\" content=\"Inep recomenda que pedido seja feito pela internet Candidatos que n\u00e3o puderam participar do Exame Nacional do Ensino M\u00e9dio (Enem) por estarem com sintomas de covid-19 ou de outra doen\u00e7a infectocontagiosa e aqueles que n\u00e3o conseguiram fazer as provas por problemas log\u00edsticos podem, a partir de hoje (25), pedir para participar da reaplica\u00e7\u00e3o do Enem [&hellip;]\" \/>\n<meta property=\"og:url\" content=\"https:\/\/jornalfatosenoticias.com.br\/index.php\/2021\/01\/25\/estudantes-podem-pedir-reaplicacao-do-enem-a-partir-de-hoje\/\" \/>\n<meta property=\"og:site_name\" content=\"Jornal Fatos e Not\u00edcias\" \/>\n<meta property=\"article:published_time\" content=\"2021-01-25T12:56:20+00:00\" \/>\n<meta property=\"article:modified_time\" content=\"2021-01-25T12:56:24+00:00\" \/>\n<meta property=\"og:image\" content=\"https:\/\/jornalfatosenoticias.com.br\/wp-content\/uploads\/2021\/01\/enem_2020_prova.jpg\" \/>\n\t<meta property=\"og:image:width\" content=\"1000\" \/>\n\t<meta property=\"og:image:height\" content=\"598\" \/>\n\t<meta property=\"og:image:type\" content=\"image\/jpeg\" \/>\n<meta name=\"author\" content=\"Luzimara Fernandes\" \/>\n<meta name=\"twitter:card\" content=\"summary_large_image\" \/>\n<meta name=\"twitter:label1\" content=\"Escrito por\" \/>\n\t<meta name=\"twitter:data1\" content=\"Luzimara Fernandes\" \/>\n\t<meta name=\"twitter:label2\" content=\"Est. tempo de leitura\" \/>\n\t<meta name=\"twitter:data2\" content=\"4 minutos\" \/>\n<script type=\"application\/ld+json\" class=\"yoast-schema-graph\">{\"@context\":\"https:\/\/schema.org\",\"@graph\":[{\"@type\":\"Article\",\"@id\":\"https:\/\/jornalfatosenoticias.com.br\/index.php\/2021\/01\/25\/estudantes-podem-pedir-reaplicacao-do-enem-a-partir-de-hoje\/#article\",\"isPartOf\":{\"@id\":\"https:\/\/jornalfatosenoticias.com.br\/index.php\/2021\/01\/25\/estudantes-podem-pedir-reaplicacao-do-enem-a-partir-de-hoje\/\"},\"author\":{\"name\":\"Luzimara Fernandes\",\"@id\":\"https:\/\/jornalfatosenoticias.com.br\/#\/schema\/person\/d63837fa13ac8666eb9e74e0985d6f81\"},\"headline\":\"Estudantes podem pedir reaplica\u00e7\u00e3o do Enem a partir de hoje\",\"datePublished\":\"2021-01-25T12:56:20+00:00\",\"dateModified\":\"2021-01-25T12:56:24+00:00\",\"mainEntityOfPage\":{\"@id\":\"https:\/\/jornalfatosenoticias.com.br\/index.php\/2021\/01\/25\/estudantes-podem-pedir-reaplicacao-do-enem-a-partir-de-hoje\/\"},\"wordCount\":774,\"commentCount\":0,\"publisher\":{\"@id\":\"https:\/\/jornalfatosenoticias.com.br\/#organization\"},\"image\":{\"@id\":\"https:\/\/jornalfatosenoticias.com.br\/index.php\/2021\/01\/25\/estudantes-podem-pedir-reaplicacao-do-enem-a-partir-de-hoje\/#primaryimage\"},\"thumbnailUrl\":\"https:\/\/jornalfatosenoticias.com.br\/wp-content\/uploads\/2021\/01\/enem_2020_prova.jpg\",\"keywords\":[\"covid-19\",\"Enem 2020\",\"Inep\",\"prova\",\"reaplica\u00e7\u00e3o\"],\"articleSection\":[\"Educa\u00e7\u00e3o\"],\"inLanguage\":\"pt-BR\",\"potentialAction\":[{\"@type\":\"CommentAction\",\"name\":\"Comment\",\"target\":[\"https:\/\/jornalfatosenoticias.com.br\/index.php\/2021\/01\/25\/estudantes-podem-pedir-reaplicacao-do-enem-a-partir-de-hoje\/#respond\"]}]},{\"@type\":\"WebPage\",\"@id\":\"https:\/\/jornalfatosenoticias.com.br\/index.php\/2021\/01\/25\/estudantes-podem-pedir-reaplicacao-do-enem-a-partir-de-hoje\/\",\"url\":\"https:\/\/jornalfatosenoticias.com.br\/index.php\/2021\/01\/25\/estudantes-podem-pedir-reaplicacao-do-enem-a-partir-de-hoje\/\",\"name\":\"Estudantes podem pedir reaplica\u00e7\u00e3o do Enem a partir de hoje - Jornal Fatos e Not\u00edcias\",\"isPartOf\":{\"@id\":\"https:\/\/jornalfatosenoticias.com.br\/#website\"},\"primaryImageOfPage\":{\"@id\":\"https:\/\/jornalfatosenoticias.com.br\/index.php\/2021\/01\/25\/estudantes-podem-pedir-reaplicacao-do-enem-a-partir-de-hoje\/#primaryimage\"},\"image\":{\"@id\":\"https:\/\/jornalfatosenoticias.com.br\/index.php\/2021\/01\/25\/estudantes-podem-pedir-reaplicacao-do-enem-a-partir-de-hoje\/#primaryimage\"},\"thumbnailUrl\":\"https:\/\/jornalfatosenoticias.com.br\/wp-content\/uploads\/2021\/01\/enem_2020_prova.jpg\",\"datePublished\":\"2021-01-25T12:56:20+00:00\",\"dateModified\":\"2021-01-25T12:56:24+00:00\",\"breadcrumb\":{\"@id\":\"https:\/\/jornalfatosenoticias.com.br\/index.php\/2021\/01\/25\/estudantes-podem-pedir-reaplicacao-do-enem-a-partir-de-hoje\/#breadcrumb\"},\"inLanguage\":\"pt-BR\",\"potentialAction\":[{\"@type\":\"ReadAction\",\"target\":[\"https:\/\/jornalfatosenoticias.com.br\/index.php\/2021\/01\/25\/estudantes-podem-pedir-reaplicacao-do-enem-a-partir-de-hoje\/\"]}]},{\"@type\":\"ImageObject\",\"inLanguage\":\"pt-BR\",\"@id\":\"https:\/\/jornalfatosenoticias.com.br\/index.php\/2021\/01\/25\/estudantes-podem-pedir-reaplicacao-do-enem-a-partir-de-hoje\/#primaryimage\",\"url\":\"https:\/\/jornalfatosenoticias.com.br\/wp-content\/uploads\/2021\/01\/enem_2020_prova.jpg\",\"contentUrl\":\"https:\/\/jornalfatosenoticias.com.br\/wp-content\/uploads\/2021\/01\/enem_2020_prova.jpg\",\"width\":1000,\"height\":598,\"caption\":\"Estudantes de todo Brasil, fazem o segundo dia de prova do Enem (Exame Nacional do Ensino M\u00e9dio\"},{\"@type\":\"BreadcrumbList\",\"@id\":\"https:\/\/jornalfatosenoticias.com.br\/index.php\/2021\/01\/25\/estudantes-podem-pedir-reaplicacao-do-enem-a-partir-de-hoje\/#breadcrumb\",\"itemListElement\":[{\"@type\":\"ListItem\",\"position\":1,\"name\":\"In\u00edcio\",\"item\":\"https:\/\/jornalfatosenoticias.com.br\/\"},{\"@type\":\"ListItem\",\"position\":2,\"name\":\"Estudantes podem pedir reaplica\u00e7\u00e3o do Enem a partir de hoje\"}]},{\"@type\":\"WebSite\",\"@id\":\"https:\/\/jornalfatosenoticias.com.br\/#website\",\"url\":\"https:\/\/jornalfatosenoticias.com.br\/\",\"name\":\"Jornal Fatos e Not\u00edcias\",\"description\":\"Not\u00edcias em geral\",\"publisher\":{\"@id\":\"https:\/\/jornalfatosenoticias.com.br\/#organization\"},\"potentialAction\":[{\"@type\":\"SearchAction\",\"target\":{\"@type\":\"EntryPoint\",\"urlTemplate\":\"https:\/\/jornalfatosenoticias.com.br\/?s={search_term_string}\"},\"query-input\":{\"@type\":\"PropertyValueSpecification\",\"valueRequired\":true,\"valueName\":\"search_term_string\"}}],\"inLanguage\":\"pt-BR\"},{\"@type\":\"Organization\",\"@id\":\"https:\/\/jornalfatosenoticias.com.br\/#organization\",\"name\":\"Jornal Fatos e Not\u00edcias\",\"url\":\"https:\/\/jornalfatosenoticias.com.br\/\",\"logo\":{\"@type\":\"ImageObject\",\"inLanguage\":\"pt-BR\",\"@id\":\"https:\/\/jornalfatosenoticias.com.br\/#\/schema\/logo\/image\/\",\"url\":\"https:\/\/jornalfatosenoticias.com.br\/wp-content\/uploads\/2020\/02\/logo120.png\",\"contentUrl\":\"https:\/\/jornalfatosenoticias.com.br\/wp-content\/uploads\/2020\/02\/logo120.png\",\"width\":1227,\"height\":120,\"caption\":\"Jornal Fatos e Not\u00edcias\"},\"image\":{\"@id\":\"https:\/\/jornalfatosenoticias.com.br\/#\/schema\/logo\/image\/\"}},{\"@type\":\"Person\",\"@id\":\"https:\/\/jornalfatosenoticias.com.br\/#\/schema\/person\/d63837fa13ac8666eb9e74e0985d6f81\",\"name\":\"Luzimara Fernandes\",\"image\":{\"@type\":\"ImageObject\",\"inLanguage\":\"pt-BR\",\"@id\":\"https:\/\/jornalfatosenoticias.com.br\/#\/schema\/person\/image\/\",\"url\":\"https:\/\/jornalfatosenoticias.com.br\/wp-content\/uploads\/2025\/05\/EU_portal.jpg\",\"contentUrl\":\"https:\/\/jornalfatosenoticias.com.br\/wp-content\/uploads\/2025\/05\/EU_portal.jpg\",\"caption\":\"Luzimara Fernandes\"},\"description\":\"Jornalista MTB 2358-ES\",\"sameAs\":[\"https:\/\/jornalfatosenoticias.com.br\"],\"url\":\"https:\/\/jornalfatosenoticias.com.br\/index.php\/author\/luzimara\/\"}]}<\/script>\n<!-- \/ Yoast SEO plugin. -->","yoast_head_json":{"title":"Estudantes podem pedir reaplica\u00e7\u00e3o do Enem a partir de hoje - Jornal Fatos e Not\u00edcias","robots":{"index":"index","follow":"follow","max-snippet":"max-snippet:-1","max-image-preview":"max-image-preview:large","max-video-preview":"max-video-preview:-1"},"canonical":"https:\/\/jornalfatosenoticias.com.br\/index.php\/2021\/01\/25\/estudantes-podem-pedir-reaplicacao-do-enem-a-partir-de-hoje\/","og_locale":"pt_BR","og_type":"article","og_title":"Estudantes podem pedir reaplica\u00e7\u00e3o do Enem a partir de hoje - Jornal Fatos e Not\u00edcias","og_description":"Inep recomenda que pedido seja feito pela internet Candidatos que n\u00e3o puderam participar do Exame Nacional do Ensino M\u00e9dio (Enem) por estarem com sintomas de covid-19 ou de outra doen\u00e7a infectocontagiosa e aqueles que n\u00e3o conseguiram fazer as provas por problemas log\u00edsticos podem, a partir de hoje (25), pedir para participar da reaplica\u00e7\u00e3o do Enem [&hellip;]","og_url":"https:\/\/jornalfatosenoticias.com.br\/index.php\/2021\/01\/25\/estudantes-podem-pedir-reaplicacao-do-enem-a-partir-de-hoje\/","og_site_name":"Jornal Fatos e Not\u00edcias","article_published_time":"2021-01-25T12:56:20+00:00","article_modified_time":"2021-01-25T12:56:24+00:00","og_image":[{"width":1000,"height":598,"url":"https:\/\/jornalfatosenoticias.com.br\/wp-content\/uploads\/2021\/01\/enem_2020_prova.jpg","type":"image\/jpeg"}],"author":"Luzimara Fernandes","twitter_card":"summary_large_image","twitter_misc":{"Escrito por":"Luzimara Fernandes","Est. tempo de leitura":"4 minutos"},"schema":{"@context":"https:\/\/schema.org","@graph":[{"@type":"Article","@id":"https:\/\/jornalfatosenoticias.com.br\/index.php\/2021\/01\/25\/estudantes-podem-pedir-reaplicacao-do-enem-a-partir-de-hoje\/#article","isPartOf":{"@id":"https:\/\/jornalfatosenoticias.com.br\/index.php\/2021\/01\/25\/estudantes-podem-pedir-reaplicacao-do-enem-a-partir-de-hoje\/"},"author":{"name":"Luzimara Fernandes","@id":"https:\/\/jornalfatosenoticias.com.br\/#\/schema\/person\/d63837fa13ac8666eb9e74e0985d6f81"},"headline":"Estudantes podem pedir reaplica\u00e7\u00e3o do Enem a partir de hoje","datePublished":"2021-01-25T12:56:20+00:00","dateModified":"2021-01-25T12:56:24+00:00","mainEntityOfPage":{"@id":"https:\/\/jornalfatosenoticias.com.br\/index.php\/2021\/01\/25\/estudantes-podem-pedir-reaplicacao-do-enem-a-partir-de-hoje\/"},"wordCount":774,"commentCount":0,"publisher":{"@id":"https:\/\/jornalfatosenoticias.com.br\/#organization"},"image":{"@id":"https:\/\/jornalfatosenoticias.com.br\/index.php\/2021\/01\/25\/estudantes-podem-pedir-reaplicacao-do-enem-a-partir-de-hoje\/#primaryimage"},"thumbnailUrl":"https:\/\/jornalfatosenoticias.com.br\/wp-content\/uploads\/2021\/01\/enem_2020_prova.jpg","keywords":["covid-19","Enem 2020","Inep","prova","reaplica\u00e7\u00e3o"],"articleSection":["Educa\u00e7\u00e3o"],"inLanguage":"pt-BR","potentialAction":[{"@type":"CommentAction","name":"Comment","target":["https:\/\/jornalfatosenoticias.com.br\/index.php\/2021\/01\/25\/estudantes-podem-pedir-reaplicacao-do-enem-a-partir-de-hoje\/#respond"]}]},{"@type":"WebPage","@id":"https:\/\/jornalfatosenoticias.com.br\/index.php\/2021\/01\/25\/estudantes-podem-pedir-reaplicacao-do-enem-a-partir-de-hoje\/","url":"https:\/\/jornalfatosenoticias.com.br\/index.php\/2021\/01\/25\/estudantes-podem-pedir-reaplicacao-do-enem-a-partir-de-hoje\/","name":"Estudantes podem pedir reaplica\u00e7\u00e3o do Enem a partir de hoje - Jornal Fatos e Not\u00edcias","isPartOf":{"@id":"https:\/\/jornalfatosenoticias.com.br\/#website"},"primaryImageOfPage":{"@id":"https:\/\/jornalfatosenoticias.com.br\/index.php\/2021\/01\/25\/estudantes-podem-pedir-reaplicacao-do-enem-a-partir-de-hoje\/#primaryimage"},"image":{"@id":"https:\/\/jornalfatosenoticias.com.br\/index.php\/2021\/01\/25\/estudantes-podem-pedir-reaplicacao-do-enem-a-partir-de-hoje\/#primaryimage"},"thumbnailUrl":"https:\/\/jornalfatosenoticias.com.br\/wp-content\/uploads\/2021\/01\/enem_2020_prova.jpg","datePublished":"2021-01-25T12:56:20+00:00","dateModified":"2021-01-25T12:56:24+00:00","breadcrumb":{"@id":"https:\/\/jornalfatosenoticias.com.br\/index.php\/2021\/01\/25\/estudantes-podem-pedir-reaplicacao-do-enem-a-partir-de-hoje\/#breadcrumb"},"inLanguage":"pt-BR","potentialAction":[{"@type":"ReadAction","target":["https:\/\/jornalfatosenoticias.com.br\/index.php\/2021\/01\/25\/estudantes-podem-pedir-reaplicacao-do-enem-a-partir-de-hoje\/"]}]},{"@type":"ImageObject","inLanguage":"pt-BR","@id":"https:\/\/jornalfatosenoticias.com.br\/index.php\/2021\/01\/25\/estudantes-podem-pedir-reaplicacao-do-enem-a-partir-de-hoje\/#primaryimage","url":"https:\/\/jornalfatosenoticias.com.br\/wp-content\/uploads\/2021\/01\/enem_2020_prova.jpg","contentUrl":"https:\/\/jornalfatosenoticias.com.br\/wp-content\/uploads\/2021\/01\/enem_2020_prova.jpg","width":1000,"height":598,"caption":"Estudantes de todo Brasil, fazem o segundo dia de prova do Enem (Exame Nacional do Ensino M\u00e9dio"},{"@type":"BreadcrumbList","@id":"https:\/\/jornalfatosenoticias.com.br\/index.php\/2021\/01\/25\/estudantes-podem-pedir-reaplicacao-do-enem-a-partir-de-hoje\/#breadcrumb","itemListElement":[{"@type":"ListItem","position":1,"name":"In\u00edcio","item":"https:\/\/jornalfatosenoticias.com.br\/"},{"@type":"ListItem","position":2,"name":"Estudantes podem pedir reaplica\u00e7\u00e3o do Enem a partir de hoje"}]},{"@type":"WebSite","@id":"https:\/\/jornalfatosenoticias.com.br\/#website","url":"https:\/\/jornalfatosenoticias.com.br\/","name":"Jornal Fatos e Not\u00edcias","description":"Not\u00edcias em geral","publisher":{"@id":"https:\/\/jornalfatosenoticias.com.br\/#organization"},"potentialAction":[{"@type":"SearchAction","target":{"@type":"EntryPoint","urlTemplate":"https:\/\/jornalfatosenoticias.com.br\/?s={search_term_string}"},"query-input":{"@type":"PropertyValueSpecification","valueRequired":true,"valueName":"search_term_string"}}],"inLanguage":"pt-BR"},{"@type":"Organization","@id":"https:\/\/jornalfatosenoticias.com.br\/#organization","name":"Jornal Fatos e Not\u00edcias","url":"https:\/\/jornalfatosenoticias.com.br\/","logo":{"@type":"ImageObject","inLanguage":"pt-BR","@id":"https:\/\/jornalfatosenoticias.com.br\/#\/schema\/logo\/image\/","url":"https:\/\/jornalfatosenoticias.com.br\/wp-content\/uploads\/2020\/02\/logo120.png","contentUrl":"https:\/\/jornalfatosenoticias.com.br\/wp-content\/uploads\/2020\/02\/logo120.png","width":1227,"height":120,"caption":"Jornal Fatos e Not\u00edcias"},"image":{"@id":"https:\/\/jornalfatosenoticias.com.br\/#\/schema\/logo\/image\/"}},{"@type":"Person","@id":"https:\/\/jornalfatosenoticias.com.br\/#\/schema\/person\/d63837fa13ac8666eb9e74e0985d6f81","name":"Luzimara Fernandes","image":{"@type":"ImageObject","inLanguage":"pt-BR","@id":"https:\/\/jornalfatosenoticias.com.br\/#\/schema\/person\/image\/","url":"https:\/\/jornalfatosenoticias.com.br\/wp-content\/uploads\/2025\/05\/EU_portal.jpg","contentUrl":"https:\/\/jornalfatosenoticias.com.br\/wp-content\/uploads\/2025\/05\/EU_portal.jpg","caption":"Luzimara Fernandes"},"description":"Jornalista MTB 2358-ES","sameAs":["https:\/\/jornalfatosenoticias.com.br"],"url":"https:\/\/jornalfatosenoticias.com.br\/index.php\/author\/luzimara\/"}]}},"cc_featured_image_caption":{"caption_text":"(Marcello Casal Jr\/Ag\u00eancia Brasil)\r\n","source_text":"","source_url":""},"jetpack_featured_media_url":"https:\/\/jornalfatosenoticias.com.br\/wp-content\/uploads\/2021\/01\/enem_2020_prova.jpg","_links":{"self":[{"href":"https:\/\/jornalfatosenoticias.com.br\/index.php\/wp-json\/wp\/v2\/posts\/13854","targetHints":{"allow":["GET"]}}],"collection":[{"href":"https:\/\/jornalfatosenoticias.com.br\/index.php\/wp-json\/wp\/v2\/posts"}],"about":[{"href":"https:\/\/jornalfatosenoticias.com.br\/index.php\/wp-json\/wp\/v2\/types\/post"}],"author":[{"embeddable":true,"href":"https:\/\/jornalfatosenoticias.com.br\/index.php\/wp-json\/wp\/v2\/users\/2"}],"replies":[{"embeddable":true,"href":"https:\/\/jornalfatosenoticias.com.br\/index.php\/wp-json\/wp\/v2\/comments?post=13854"}],"version-history":[{"count":0,"href":"https:\/\/jornalfatosenoticias.com.br\/index.php\/wp-json\/wp\/v2\/posts\/13854\/revisions"}],"wp:featuredmedia":[{"embeddable":true,"href":"https:\/\/jornalfatosenoticias.com.br\/index.php\/wp-json\/wp\/v2\/media\/13855"}],"wp:attachment":[{"href":"https:\/\/jornalfatosenoticias.com.br\/index.php\/wp-json\/wp\/v2\/media?parent=13854"}],"wp:term":[{"taxonomy":"category","embeddable":true,"href":"https:\/\/jornalfatosenoticias.com.br\/index.php\/wp-json\/wp\/v2\/categories?post=13854"},{"taxonomy":"post_tag","embeddable":true,"href":"https:\/\/jornalfatosenoticias.com.br\/index.php\/wp-json\/wp\/v2\/tags?post=13854"}],"curies":[{"name":"wp","href":"https:\/\/api.w.org\/{rel}","templated":true}]}}