{"id":13896,"date":"2021-01-25T14:27:30","date_gmt":"2021-01-25T17:27:30","guid":{"rendered":"https:\/\/jornalfatosenoticias.com.br\/?p=13896"},"modified":"2021-01-25T14:27:32","modified_gmt":"2021-01-25T17:27:32","slug":"palmas-vai-transformar-oleo-de-cozinha-usado-em-biodiesel","status":"publish","type":"post","link":"https:\/\/jornalfatosenoticias.com.br\/index.php\/2021\/01\/25\/palmas-vai-transformar-oleo-de-cozinha-usado-em-biodiesel\/","title":{"rendered":"Palmas vai transformar \u00f3leo de cozinha usado em biodiesel"},"content":{"rendered":"\n<h6 class=\"wp-block-heading\"><em>A capital do Tocantins come\u00e7ou a instalar pontos de coleta de \u00f3leo em feiras livres<\/em><\/h6>\n\n\n\n<p>Em dezembro, a Prefeitura de Palmas lan\u00e7ou o projeto de reciclagem de \u00f3leo residual, inaugurando pontos de coleta em feiras da cidade. J\u00e1 no primeiro m\u00eas cerca de 400 litros de \u00f3leo foram entregues no Ecoponto da Feira da 304 Sul \u2014 o primeiro instalado.<br>A destina\u00e7\u00e3o correta de \u00f3leo residual faz parte do Programa Renova Palmas, gerido pela Funda\u00e7\u00e3o Municipal de Meio Ambiente (FMA) e que norteia a pol\u00edtica de gest\u00e3o de res\u00edduos de Palmas e inclui quatro projetos, que est\u00e3o em fase de desenvolvimento: Reciclagem de \u00d3leo Residual, Coleta Seletiva de Recicl\u00e1veis, Compostagem da Fra\u00e7\u00e3o Org\u00e2nica e Implementa\u00e7\u00e3o da Cadeia de Log\u00edstica Reversa.<br>No caso do \u00f3leo residual, o projeto \u00e9 desenvolvido em parceria com a empresa Granol, que disponibilizou os cont\u00eaineres e \u00e9 a destinat\u00e1ria final do produto coletado. Ap\u00f3s essa coleta, o \u00f3leo residual \u00e9 transformado em biodiesel, evitando que seja descartado indevidamente, poluindo o meio ambiente.<br>Sempre que os cont\u00eaineres estiverem cheios, o material ser\u00e1 levado ao ecoponto central, que ser\u00e1 instalado no Horto Florestal (Viveiro Municipal), e de l\u00e1 o material ser\u00e1 recolhido pela Granol para transforma\u00e7\u00e3o em biodiesel. A contrapartida da empresa ser\u00e1 o apoio aos projetos de preserva\u00e7\u00e3o ambiental da FMA.<\/p>\n\n\n\n<figure class=\"wp-block-image size-large\"><img loading=\"lazy\" decoding=\"async\" width=\"1000\" height=\"545\" src=\"https:\/\/jornalfatosenoticias.com.br\/wp-content\/uploads\/2021\/01\/oleo-residual.jpg\" alt=\"\" class=\"wp-image-13897\" srcset=\"https:\/\/jornalfatosenoticias.com.br\/wp-content\/uploads\/2021\/01\/oleo-residual.jpg 1000w, https:\/\/jornalfatosenoticias.com.br\/wp-content\/uploads\/2021\/01\/oleo-residual-300x164.jpg 300w, https:\/\/jornalfatosenoticias.com.br\/wp-content\/uploads\/2021\/01\/oleo-residual-768x419.jpg 768w\" sizes=\"auto, (max-width: 1000px) 100vw, 1000px\" \/><figcaption><em>\u00d3leo residual (Foto: Junior Suzuki)<\/em><\/figcaption><\/figure>\n\n\n\n<h4 class=\"wp-block-heading\">\u00d3leo residual<\/h4>\n\n\n\n<p>Os ecopontos de coleta do \u00f3leo residual s\u00e3o alternativas fundamentais para a gest\u00e3o de res\u00edduos, principalmente no meio urbano, uma vez que basta um litro de \u00f3leo descartado de forma incorreta \u2014 em pias, ralos e similares, para contaminar at\u00e9 25 mil litros de \u00e1gua, segundo apontam estudos da \u00e1rea.<br>Entre as principais consequ\u00eancias est\u00e3o o impacto do solo e \u00e1gua e a morte de peixes. Este res\u00edduo tamb\u00e9m pode acumular-se nas paredes dos canos e reter outros materiais que passam pelo local. Al\u00e9m de entupimentos, haver\u00e1 infarto do sistema de esgoto com s\u00e9rios problemas para manuten\u00e7\u00e3o das redes e custos mais altos para fazer consertos e reparos.<\/p>\n\n\n\n<p><strong><em>Fonte: <a href=\"https:\/\/ciclovivo.com.br\/planeta\/desenvolvimento\/palmas-oleo-residual-usado-biodiesel\/\">CicloVivo<\/a><\/em><\/strong><\/p>\n","protected":false},"excerpt":{"rendered":"<p>A capital do Tocantins come\u00e7ou a instalar pontos de coleta de \u00f3leo em feiras livres Em dezembro, a Prefeitura de Palmas lan\u00e7ou o projeto de reciclagem de \u00f3leo residual, inaugurando pontos de coleta em feiras da cidade. J\u00e1 no primeiro m\u00eas cerca de 400 litros de \u00f3leo foram entregues no Ecoponto da Feira da 304 [&hellip;]<\/p>\n","protected":false},"author":2,"featured_media":13898,"comment_status":"open","ping_status":"open","sticky":false,"template":"","format":"standard","meta":{"footnotes":""},"categories":[8],"tags":[7124,945,7125,7126,1852],"class_list":["post-13896","post","type-post","status-publish","format-standard","has-post-thumbnail","hentry","category-meio-ambiente","tag-biodiesel","tag-meio-ambiente","tag-oleo-residual","tag-palmas","tag-tocantins"],"yoast_head":"<!-- This site is optimized with the Yoast SEO plugin v26.5 - https:\/\/yoast.com\/wordpress\/plugins\/seo\/ -->\n<title>Palmas vai transformar \u00f3leo de cozinha usado em biodiesel - Jornal Fatos e Not\u00edcias<\/title>\n<meta name=\"robots\" content=\"index, follow, max-snippet:-1, max-image-preview:large, max-video-preview:-1\" \/>\n<link rel=\"canonical\" href=\"https:\/\/jornalfatosenoticias.com.br\/index.php\/2021\/01\/25\/palmas-vai-transformar-oleo-de-cozinha-usado-em-biodiesel\/\" \/>\n<meta property=\"og:locale\" content=\"pt_BR\" \/>\n<meta property=\"og:type\" content=\"article\" \/>\n<meta property=\"og:title\" content=\"Palmas vai transformar \u00f3leo de cozinha usado em biodiesel - Jornal Fatos e Not\u00edcias\" \/>\n<meta property=\"og:description\" content=\"A capital do Tocantins come\u00e7ou a instalar pontos de coleta de \u00f3leo em feiras livres Em dezembro, a Prefeitura de Palmas lan\u00e7ou o projeto de reciclagem de \u00f3leo residual, inaugurando pontos de coleta em feiras da cidade. J\u00e1 no primeiro m\u00eas cerca de 400 litros de \u00f3leo foram entregues no Ecoponto da Feira da 304 [&hellip;]\" \/>\n<meta property=\"og:url\" content=\"https:\/\/jornalfatosenoticias.com.br\/index.php\/2021\/01\/25\/palmas-vai-transformar-oleo-de-cozinha-usado-em-biodiesel\/\" \/>\n<meta property=\"og:site_name\" content=\"Jornal Fatos e Not\u00edcias\" \/>\n<meta property=\"article:published_time\" content=\"2021-01-25T17:27:30+00:00\" \/>\n<meta property=\"article:modified_time\" content=\"2021-01-25T17:27:32+00:00\" \/>\n<meta property=\"og:image\" content=\"https:\/\/jornalfatosenoticias.com.br\/wp-content\/uploads\/2021\/01\/iStock_oleo-usado.jpg\" \/>\n\t<meta property=\"og:image:width\" content=\"1000\" \/>\n\t<meta property=\"og:image:height\" content=\"666\" \/>\n\t<meta property=\"og:image:type\" content=\"image\/jpeg\" \/>\n<meta name=\"author\" content=\"Luzimara Fernandes\" \/>\n<meta name=\"twitter:card\" content=\"summary_large_image\" \/>\n<meta name=\"twitter:label1\" content=\"Escrito por\" \/>\n\t<meta name=\"twitter:data1\" content=\"Luzimara Fernandes\" \/>\n\t<meta name=\"twitter:label2\" content=\"Est. tempo de leitura\" \/>\n\t<meta name=\"twitter:data2\" content=\"2 minutos\" \/>\n<script type=\"application\/ld+json\" class=\"yoast-schema-graph\">{\"@context\":\"https:\/\/schema.org\",\"@graph\":[{\"@type\":\"Article\",\"@id\":\"https:\/\/jornalfatosenoticias.com.br\/index.php\/2021\/01\/25\/palmas-vai-transformar-oleo-de-cozinha-usado-em-biodiesel\/#article\",\"isPartOf\":{\"@id\":\"https:\/\/jornalfatosenoticias.com.br\/index.php\/2021\/01\/25\/palmas-vai-transformar-oleo-de-cozinha-usado-em-biodiesel\/\"},\"author\":{\"name\":\"Luzimara Fernandes\",\"@id\":\"https:\/\/jornalfatosenoticias.com.br\/#\/schema\/person\/d63837fa13ac8666eb9e74e0985d6f81\"},\"headline\":\"Palmas vai transformar \u00f3leo de cozinha usado em biodiesel\",\"datePublished\":\"2021-01-25T17:27:30+00:00\",\"dateModified\":\"2021-01-25T17:27:32+00:00\",\"mainEntityOfPage\":{\"@id\":\"https:\/\/jornalfatosenoticias.com.br\/index.php\/2021\/01\/25\/palmas-vai-transformar-oleo-de-cozinha-usado-em-biodiesel\/\"},\"wordCount\":362,\"commentCount\":0,\"publisher\":{\"@id\":\"https:\/\/jornalfatosenoticias.com.br\/#organization\"},\"image\":{\"@id\":\"https:\/\/jornalfatosenoticias.com.br\/index.php\/2021\/01\/25\/palmas-vai-transformar-oleo-de-cozinha-usado-em-biodiesel\/#primaryimage\"},\"thumbnailUrl\":\"https:\/\/jornalfatosenoticias.com.br\/wp-content\/uploads\/2021\/01\/iStock_oleo-usado.jpg\",\"keywords\":[\"biodiesel\",\"meio ambiente\",\"\u00f3leo residual\",\"Palmas\",\"Tocantins\"],\"articleSection\":[\"Meio ambiente\"],\"inLanguage\":\"pt-BR\",\"potentialAction\":[{\"@type\":\"CommentAction\",\"name\":\"Comment\",\"target\":[\"https:\/\/jornalfatosenoticias.com.br\/index.php\/2021\/01\/25\/palmas-vai-transformar-oleo-de-cozinha-usado-em-biodiesel\/#respond\"]}]},{\"@type\":\"WebPage\",\"@id\":\"https:\/\/jornalfatosenoticias.com.br\/index.php\/2021\/01\/25\/palmas-vai-transformar-oleo-de-cozinha-usado-em-biodiesel\/\",\"url\":\"https:\/\/jornalfatosenoticias.com.br\/index.php\/2021\/01\/25\/palmas-vai-transformar-oleo-de-cozinha-usado-em-biodiesel\/\",\"name\":\"Palmas vai transformar \u00f3leo de cozinha usado em biodiesel - Jornal Fatos e Not\u00edcias\",\"isPartOf\":{\"@id\":\"https:\/\/jornalfatosenoticias.com.br\/#website\"},\"primaryImageOfPage\":{\"@id\":\"https:\/\/jornalfatosenoticias.com.br\/index.php\/2021\/01\/25\/palmas-vai-transformar-oleo-de-cozinha-usado-em-biodiesel\/#primaryimage\"},\"image\":{\"@id\":\"https:\/\/jornalfatosenoticias.com.br\/index.php\/2021\/01\/25\/palmas-vai-transformar-oleo-de-cozinha-usado-em-biodiesel\/#primaryimage\"},\"thumbnailUrl\":\"https:\/\/jornalfatosenoticias.com.br\/wp-content\/uploads\/2021\/01\/iStock_oleo-usado.jpg\",\"datePublished\":\"2021-01-25T17:27:30+00:00\",\"dateModified\":\"2021-01-25T17:27:32+00:00\",\"breadcrumb\":{\"@id\":\"https:\/\/jornalfatosenoticias.com.br\/index.php\/2021\/01\/25\/palmas-vai-transformar-oleo-de-cozinha-usado-em-biodiesel\/#breadcrumb\"},\"inLanguage\":\"pt-BR\",\"potentialAction\":[{\"@type\":\"ReadAction\",\"target\":[\"https:\/\/jornalfatosenoticias.com.br\/index.php\/2021\/01\/25\/palmas-vai-transformar-oleo-de-cozinha-usado-em-biodiesel\/\"]}]},{\"@type\":\"ImageObject\",\"inLanguage\":\"pt-BR\",\"@id\":\"https:\/\/jornalfatosenoticias.com.br\/index.php\/2021\/01\/25\/palmas-vai-transformar-oleo-de-cozinha-usado-em-biodiesel\/#primaryimage\",\"url\":\"https:\/\/jornalfatosenoticias.com.br\/wp-content\/uploads\/2021\/01\/iStock_oleo-usado.jpg\",\"contentUrl\":\"https:\/\/jornalfatosenoticias.com.br\/wp-content\/uploads\/2021\/01\/iStock_oleo-usado.jpg\",\"width\":1000,\"height\":666},{\"@type\":\"BreadcrumbList\",\"@id\":\"https:\/\/jornalfatosenoticias.com.br\/index.php\/2021\/01\/25\/palmas-vai-transformar-oleo-de-cozinha-usado-em-biodiesel\/#breadcrumb\",\"itemListElement\":[{\"@type\":\"ListItem\",\"position\":1,\"name\":\"In\u00edcio\",\"item\":\"https:\/\/jornalfatosenoticias.com.br\/\"},{\"@type\":\"ListItem\",\"position\":2,\"name\":\"Palmas vai transformar \u00f3leo de cozinha usado em biodiesel\"}]},{\"@type\":\"WebSite\",\"@id\":\"https:\/\/jornalfatosenoticias.com.br\/#website\",\"url\":\"https:\/\/jornalfatosenoticias.com.br\/\",\"name\":\"Jornal Fatos e Not\u00edcias\",\"description\":\"Not\u00edcias em geral\",\"publisher\":{\"@id\":\"https:\/\/jornalfatosenoticias.com.br\/#organization\"},\"potentialAction\":[{\"@type\":\"SearchAction\",\"target\":{\"@type\":\"EntryPoint\",\"urlTemplate\":\"https:\/\/jornalfatosenoticias.com.br\/?s={search_term_string}\"},\"query-input\":{\"@type\":\"PropertyValueSpecification\",\"valueRequired\":true,\"valueName\":\"search_term_string\"}}],\"inLanguage\":\"pt-BR\"},{\"@type\":\"Organization\",\"@id\":\"https:\/\/jornalfatosenoticias.com.br\/#organization\",\"name\":\"Jornal Fatos e Not\u00edcias\",\"url\":\"https:\/\/jornalfatosenoticias.com.br\/\",\"logo\":{\"@type\":\"ImageObject\",\"inLanguage\":\"pt-BR\",\"@id\":\"https:\/\/jornalfatosenoticias.com.br\/#\/schema\/logo\/image\/\",\"url\":\"https:\/\/jornalfatosenoticias.com.br\/wp-content\/uploads\/2020\/02\/logo120.png\",\"contentUrl\":\"https:\/\/jornalfatosenoticias.com.br\/wp-content\/uploads\/2020\/02\/logo120.png\",\"width\":1227,\"height\":120,\"caption\":\"Jornal Fatos e Not\u00edcias\"},\"image\":{\"@id\":\"https:\/\/jornalfatosenoticias.com.br\/#\/schema\/logo\/image\/\"}},{\"@type\":\"Person\",\"@id\":\"https:\/\/jornalfatosenoticias.com.br\/#\/schema\/person\/d63837fa13ac8666eb9e74e0985d6f81\",\"name\":\"Luzimara Fernandes\",\"image\":{\"@type\":\"ImageObject\",\"inLanguage\":\"pt-BR\",\"@id\":\"https:\/\/jornalfatosenoticias.com.br\/#\/schema\/person\/image\/\",\"url\":\"https:\/\/jornalfatosenoticias.com.br\/wp-content\/uploads\/2025\/05\/EU_portal.jpg\",\"contentUrl\":\"https:\/\/jornalfatosenoticias.com.br\/wp-content\/uploads\/2025\/05\/EU_portal.jpg\",\"caption\":\"Luzimara Fernandes\"},\"description\":\"Jornalista MTB 2358-ES\",\"sameAs\":[\"https:\/\/jornalfatosenoticias.com.br\"],\"url\":\"https:\/\/jornalfatosenoticias.com.br\/index.php\/author\/luzimara\/\"}]}<\/script>\n<!-- \/ Yoast SEO plugin. -->","yoast_head_json":{"title":"Palmas vai transformar \u00f3leo de cozinha usado em biodiesel - Jornal Fatos e Not\u00edcias","robots":{"index":"index","follow":"follow","max-snippet":"max-snippet:-1","max-image-preview":"max-image-preview:large","max-video-preview":"max-video-preview:-1"},"canonical":"https:\/\/jornalfatosenoticias.com.br\/index.php\/2021\/01\/25\/palmas-vai-transformar-oleo-de-cozinha-usado-em-biodiesel\/","og_locale":"pt_BR","og_type":"article","og_title":"Palmas vai transformar \u00f3leo de cozinha usado em biodiesel - Jornal Fatos e Not\u00edcias","og_description":"A capital do Tocantins come\u00e7ou a instalar pontos de coleta de \u00f3leo em feiras livres Em dezembro, a Prefeitura de Palmas lan\u00e7ou o projeto de reciclagem de \u00f3leo residual, inaugurando pontos de coleta em feiras da cidade. J\u00e1 no primeiro m\u00eas cerca de 400 litros de \u00f3leo foram entregues no Ecoponto da Feira da 304 [&hellip;]","og_url":"https:\/\/jornalfatosenoticias.com.br\/index.php\/2021\/01\/25\/palmas-vai-transformar-oleo-de-cozinha-usado-em-biodiesel\/","og_site_name":"Jornal Fatos e Not\u00edcias","article_published_time":"2021-01-25T17:27:30+00:00","article_modified_time":"2021-01-25T17:27:32+00:00","og_image":[{"width":1000,"height":666,"url":"https:\/\/jornalfatosenoticias.com.br\/wp-content\/uploads\/2021\/01\/iStock_oleo-usado.jpg","type":"image\/jpeg"}],"author":"Luzimara Fernandes","twitter_card":"summary_large_image","twitter_misc":{"Escrito por":"Luzimara Fernandes","Est. tempo de leitura":"2 minutos"},"schema":{"@context":"https:\/\/schema.org","@graph":[{"@type":"Article","@id":"https:\/\/jornalfatosenoticias.com.br\/index.php\/2021\/01\/25\/palmas-vai-transformar-oleo-de-cozinha-usado-em-biodiesel\/#article","isPartOf":{"@id":"https:\/\/jornalfatosenoticias.com.br\/index.php\/2021\/01\/25\/palmas-vai-transformar-oleo-de-cozinha-usado-em-biodiesel\/"},"author":{"name":"Luzimara Fernandes","@id":"https:\/\/jornalfatosenoticias.com.br\/#\/schema\/person\/d63837fa13ac8666eb9e74e0985d6f81"},"headline":"Palmas vai transformar \u00f3leo de cozinha usado em biodiesel","datePublished":"2021-01-25T17:27:30+00:00","dateModified":"2021-01-25T17:27:32+00:00","mainEntityOfPage":{"@id":"https:\/\/jornalfatosenoticias.com.br\/index.php\/2021\/01\/25\/palmas-vai-transformar-oleo-de-cozinha-usado-em-biodiesel\/"},"wordCount":362,"commentCount":0,"publisher":{"@id":"https:\/\/jornalfatosenoticias.com.br\/#organization"},"image":{"@id":"https:\/\/jornalfatosenoticias.com.br\/index.php\/2021\/01\/25\/palmas-vai-transformar-oleo-de-cozinha-usado-em-biodiesel\/#primaryimage"},"thumbnailUrl":"https:\/\/jornalfatosenoticias.com.br\/wp-content\/uploads\/2021\/01\/iStock_oleo-usado.jpg","keywords":["biodiesel","meio ambiente","\u00f3leo residual","Palmas","Tocantins"],"articleSection":["Meio ambiente"],"inLanguage":"pt-BR","potentialAction":[{"@type":"CommentAction","name":"Comment","target":["https:\/\/jornalfatosenoticias.com.br\/index.php\/2021\/01\/25\/palmas-vai-transformar-oleo-de-cozinha-usado-em-biodiesel\/#respond"]}]},{"@type":"WebPage","@id":"https:\/\/jornalfatosenoticias.com.br\/index.php\/2021\/01\/25\/palmas-vai-transformar-oleo-de-cozinha-usado-em-biodiesel\/","url":"https:\/\/jornalfatosenoticias.com.br\/index.php\/2021\/01\/25\/palmas-vai-transformar-oleo-de-cozinha-usado-em-biodiesel\/","name":"Palmas vai transformar \u00f3leo de cozinha usado em biodiesel - Jornal Fatos e Not\u00edcias","isPartOf":{"@id":"https:\/\/jornalfatosenoticias.com.br\/#website"},"primaryImageOfPage":{"@id":"https:\/\/jornalfatosenoticias.com.br\/index.php\/2021\/01\/25\/palmas-vai-transformar-oleo-de-cozinha-usado-em-biodiesel\/#primaryimage"},"image":{"@id":"https:\/\/jornalfatosenoticias.com.br\/index.php\/2021\/01\/25\/palmas-vai-transformar-oleo-de-cozinha-usado-em-biodiesel\/#primaryimage"},"thumbnailUrl":"https:\/\/jornalfatosenoticias.com.br\/wp-content\/uploads\/2021\/01\/iStock_oleo-usado.jpg","datePublished":"2021-01-25T17:27:30+00:00","dateModified":"2021-01-25T17:27:32+00:00","breadcrumb":{"@id":"https:\/\/jornalfatosenoticias.com.br\/index.php\/2021\/01\/25\/palmas-vai-transformar-oleo-de-cozinha-usado-em-biodiesel\/#breadcrumb"},"inLanguage":"pt-BR","potentialAction":[{"@type":"ReadAction","target":["https:\/\/jornalfatosenoticias.com.br\/index.php\/2021\/01\/25\/palmas-vai-transformar-oleo-de-cozinha-usado-em-biodiesel\/"]}]},{"@type":"ImageObject","inLanguage":"pt-BR","@id":"https:\/\/jornalfatosenoticias.com.br\/index.php\/2021\/01\/25\/palmas-vai-transformar-oleo-de-cozinha-usado-em-biodiesel\/#primaryimage","url":"https:\/\/jornalfatosenoticias.com.br\/wp-content\/uploads\/2021\/01\/iStock_oleo-usado.jpg","contentUrl":"https:\/\/jornalfatosenoticias.com.br\/wp-content\/uploads\/2021\/01\/iStock_oleo-usado.jpg","width":1000,"height":666},{"@type":"BreadcrumbList","@id":"https:\/\/jornalfatosenoticias.com.br\/index.php\/2021\/01\/25\/palmas-vai-transformar-oleo-de-cozinha-usado-em-biodiesel\/#breadcrumb","itemListElement":[{"@type":"ListItem","position":1,"name":"In\u00edcio","item":"https:\/\/jornalfatosenoticias.com.br\/"},{"@type":"ListItem","position":2,"name":"Palmas vai transformar \u00f3leo de cozinha usado em biodiesel"}]},{"@type":"WebSite","@id":"https:\/\/jornalfatosenoticias.com.br\/#website","url":"https:\/\/jornalfatosenoticias.com.br\/","name":"Jornal Fatos e Not\u00edcias","description":"Not\u00edcias em geral","publisher":{"@id":"https:\/\/jornalfatosenoticias.com.br\/#organization"},"potentialAction":[{"@type":"SearchAction","target":{"@type":"EntryPoint","urlTemplate":"https:\/\/jornalfatosenoticias.com.br\/?s={search_term_string}"},"query-input":{"@type":"PropertyValueSpecification","valueRequired":true,"valueName":"search_term_string"}}],"inLanguage":"pt-BR"},{"@type":"Organization","@id":"https:\/\/jornalfatosenoticias.com.br\/#organization","name":"Jornal Fatos e Not\u00edcias","url":"https:\/\/jornalfatosenoticias.com.br\/","logo":{"@type":"ImageObject","inLanguage":"pt-BR","@id":"https:\/\/jornalfatosenoticias.com.br\/#\/schema\/logo\/image\/","url":"https:\/\/jornalfatosenoticias.com.br\/wp-content\/uploads\/2020\/02\/logo120.png","contentUrl":"https:\/\/jornalfatosenoticias.com.br\/wp-content\/uploads\/2020\/02\/logo120.png","width":1227,"height":120,"caption":"Jornal Fatos e Not\u00edcias"},"image":{"@id":"https:\/\/jornalfatosenoticias.com.br\/#\/schema\/logo\/image\/"}},{"@type":"Person","@id":"https:\/\/jornalfatosenoticias.com.br\/#\/schema\/person\/d63837fa13ac8666eb9e74e0985d6f81","name":"Luzimara Fernandes","image":{"@type":"ImageObject","inLanguage":"pt-BR","@id":"https:\/\/jornalfatosenoticias.com.br\/#\/schema\/person\/image\/","url":"https:\/\/jornalfatosenoticias.com.br\/wp-content\/uploads\/2025\/05\/EU_portal.jpg","contentUrl":"https:\/\/jornalfatosenoticias.com.br\/wp-content\/uploads\/2025\/05\/EU_portal.jpg","caption":"Luzimara Fernandes"},"description":"Jornalista MTB 2358-ES","sameAs":["https:\/\/jornalfatosenoticias.com.br"],"url":"https:\/\/jornalfatosenoticias.com.br\/index.php\/author\/luzimara\/"}]}},"cc_featured_image_caption":{"caption_text":"(Foto: iStock)","source_text":"","source_url":""},"jetpack_featured_media_url":"https:\/\/jornalfatosenoticias.com.br\/wp-content\/uploads\/2021\/01\/iStock_oleo-usado.jpg","_links":{"self":[{"href":"https:\/\/jornalfatosenoticias.com.br\/index.php\/wp-json\/wp\/v2\/posts\/13896","targetHints":{"allow":["GET"]}}],"collection":[{"href":"https:\/\/jornalfatosenoticias.com.br\/index.php\/wp-json\/wp\/v2\/posts"}],"about":[{"href":"https:\/\/jornalfatosenoticias.com.br\/index.php\/wp-json\/wp\/v2\/types\/post"}],"author":[{"embeddable":true,"href":"https:\/\/jornalfatosenoticias.com.br\/index.php\/wp-json\/wp\/v2\/users\/2"}],"replies":[{"embeddable":true,"href":"https:\/\/jornalfatosenoticias.com.br\/index.php\/wp-json\/wp\/v2\/comments?post=13896"}],"version-history":[{"count":0,"href":"https:\/\/jornalfatosenoticias.com.br\/index.php\/wp-json\/wp\/v2\/posts\/13896\/revisions"}],"wp:featuredmedia":[{"embeddable":true,"href":"https:\/\/jornalfatosenoticias.com.br\/index.php\/wp-json\/wp\/v2\/media\/13898"}],"wp:attachment":[{"href":"https:\/\/jornalfatosenoticias.com.br\/index.php\/wp-json\/wp\/v2\/media?parent=13896"}],"wp:term":[{"taxonomy":"category","embeddable":true,"href":"https:\/\/jornalfatosenoticias.com.br\/index.php\/wp-json\/wp\/v2\/categories?post=13896"},{"taxonomy":"post_tag","embeddable":true,"href":"https:\/\/jornalfatosenoticias.com.br\/index.php\/wp-json\/wp\/v2\/tags?post=13896"}],"curies":[{"name":"wp","href":"https:\/\/api.w.org\/{rel}","templated":true}]}}