{"id":13908,"date":"2021-01-26T21:09:26","date_gmt":"2021-01-27T00:09:26","guid":{"rendered":"https:\/\/jornalfatosenoticias.com.br\/?p=13908"},"modified":"2021-01-26T21:09:30","modified_gmt":"2021-01-27T00:09:30","slug":"conheca-o-lado-perigoso-dos-parques-de-uso-exclusivo-para-caes","status":"publish","type":"post","link":"https:\/\/jornalfatosenoticias.com.br\/index.php\/2021\/01\/26\/conheca-o-lado-perigoso-dos-parques-de-uso-exclusivo-para-caes\/","title":{"rendered":"Conhe\u00e7a o lado perigoso dos parques de uso exclusivo para c\u00e3es"},"content":{"rendered":"\n<p><em>Texto: Aline Doano<\/em><\/p>\n\n\n\n<p>Quem nunca levou seu cachorro pra passear nos famosos parques de uso exclusivo dos doguinhos? Em Vit\u00f3ria, grande parte das pra\u00e7as abriga o famoso \u201cPrac\u00e3o\u201d, estrutura muito convidativa para momentos de socializa\u00e7\u00e3o entre tutores e, principalmente, entre pets.<br>A cachorrada se re\u00fane para correr, interagir, gastar energia, brincar, entre tantas outras atividades. O espa\u00e7o conta com areia, obst\u00e1culos, sombra e cercado. Para a realidade de muitos pets, que vivem em apartamento, o Prac\u00e3o parece ser uma excelente alternativa para dar ao cachorro um momento de viv\u00eancia mais pr\u00f3xima do natural.<br>Por\u00e9m, profissionais de refer\u00eancia advertem quanto \u00e0 seguran\u00e7a do Prac\u00e3o, questionando os riscos da intera\u00e7\u00e3o entre c\u00e3es de diversos portes e proced\u00eancias num local fechado. A d\u00favida \u00e9: se c\u00e3es come\u00e7am a brigar no local, como proceder?<br>Para o profissional de comportamento, Bruno Rocha, o Prac\u00e3o pode ser mais perigoso do que favor\u00e1vel para um passeio com o pet. \u201cOs cachorros t\u00eam n\u00edveis diferentes de energia. Quando um c\u00e3o de maior porte corre e brinca muito, h\u00e1 o risco de machucar outros c\u00e3es, principalmente os de menor porte. Al\u00e9m dos c\u00e3es que apresentam problemas de socializa\u00e7\u00e3o ou ficam tensos a chegarem no local\u201d, adverte.<br>Caso aconte\u00e7a uma briga no Prac\u00e3o, Bruno orienta que os tutores mantenham a calma e utilizem t\u00e9cnicas espec\u00edficas de separa\u00e7\u00e3o. \u201cFa\u00e7a muito barulho para distrair o c\u00e3o, mas n\u00e3o pode ser barulho de voz humana, pois isso pode incentivar o c\u00e3o a continuar brigando. Outra t\u00e9cnica \u00e9 jogar uma camisa no rosto do c\u00e3o para assust\u00e1-lo e desviar o foco, ou jogar uma quantidade razo\u00e1vel de \u00e1gua. Uma medida mais dr\u00e1stica seria levantar as patas traseiras do c\u00e3o agressor, ou passar um cinto pelo pesco\u00e7o, fazendo um colar enforcador, por\u00e9m o risco de um contra-ataque do cachorro aumenta muito nestes casos\u201d, explica.<br>Uma op\u00e7\u00e3o mais segura de passeio em substitui\u00e7\u00e3o do Prac\u00e3o, seria caminhar com o cachorro pela cal\u00e7ada para gastar energia e distrair o pet num ambiente fora de casa. A intera\u00e7\u00e3o com outros c\u00e3es \u00e9 mais segura quando os tutores se conhecem e promovem encontros com pets de proced\u00eancia. A ades\u00e3o a associa\u00e7\u00f5es de c\u00e3es de ra\u00e7as espec\u00edficas tamb\u00e9m \u00e9 uma boa alternativa de substitui\u00e7\u00e3o do Prac\u00e3o, para um lazer de qualidade e sem riscos de brigas e acidentes.<\/p>\n\n\n\n<div class=\"wp-block-image\"><figure class=\"alignleft size-large is-resized\"><img loading=\"lazy\" decoding=\"async\" src=\"https:\/\/jornalfatosenoticias.com.br\/wp-content\/uploads\/2020\/11\/Aline-Doano-722x1024.jpg\" alt=\"\" class=\"wp-image-10797\" width=\"233\" height=\"330\" srcset=\"https:\/\/jornalfatosenoticias.com.br\/wp-content\/uploads\/2020\/11\/Aline-Doano-722x1024.jpg 722w, https:\/\/jornalfatosenoticias.com.br\/wp-content\/uploads\/2020\/11\/Aline-Doano-211x300.jpg 211w, https:\/\/jornalfatosenoticias.com.br\/wp-content\/uploads\/2020\/11\/Aline-Doano.jpg 723w\" sizes=\"auto, (max-width: 233px) 100vw, 233px\" \/><figcaption><strong>Aline Doano<br><\/strong><em>Jornalista \u2014 SRT\/ES 2313<br>\u201cIdealizadora do canal do YouTube Mundo dos Cachorros\u201d<\/em><\/figcaption><\/figure><\/div>\n\n\n\n<p><\/p>\n","protected":false},"excerpt":{"rendered":"<p>Texto: Aline Doano Quem nunca levou seu cachorro pra passear nos famosos parques de uso exclusivo dos doguinhos? Em Vit\u00f3ria, grande parte das pra\u00e7as abriga o famoso \u201cPrac\u00e3o\u201d, estrutura muito convidativa para momentos de socializa\u00e7\u00e3o entre tutores e, principalmente, entre pets.A cachorrada se re\u00fane para correr, interagir, gastar energia, brincar, entre tantas outras atividades. O [&hellip;]<\/p>\n","protected":false},"author":2,"featured_media":13909,"comment_status":"open","ping_status":"open","sticky":false,"template":"","format":"standard","meta":{"footnotes":""},"categories":[5],"tags":[754,7128,7129],"class_list":["post-13908","post","type-post","status-publish","format-standard","has-post-thumbnail","hentry","category-geral","tag-caes","tag-parques-exclusivos-para-caes","tag-pracao"],"yoast_head":"<!-- This site is optimized with the Yoast SEO plugin v26.5 - https:\/\/yoast.com\/wordpress\/plugins\/seo\/ -->\n<title>Conhe\u00e7a o lado perigoso dos parques de uso exclusivo para c\u00e3es - Jornal Fatos e Not\u00edcias<\/title>\n<meta name=\"robots\" content=\"index, follow, max-snippet:-1, max-image-preview:large, max-video-preview:-1\" \/>\n<link rel=\"canonical\" href=\"https:\/\/jornalfatosenoticias.com.br\/index.php\/2021\/01\/26\/conheca-o-lado-perigoso-dos-parques-de-uso-exclusivo-para-caes\/\" \/>\n<meta property=\"og:locale\" content=\"pt_BR\" \/>\n<meta property=\"og:type\" content=\"article\" \/>\n<meta property=\"og:title\" content=\"Conhe\u00e7a o lado perigoso dos parques de uso exclusivo para c\u00e3es - Jornal Fatos e Not\u00edcias\" \/>\n<meta property=\"og:description\" content=\"Texto: Aline Doano Quem nunca levou seu cachorro pra passear nos famosos parques de uso exclusivo dos doguinhos? Em Vit\u00f3ria, grande parte das pra\u00e7as abriga o famoso \u201cPrac\u00e3o\u201d, estrutura muito convidativa para momentos de socializa\u00e7\u00e3o entre tutores e, principalmente, entre pets.A cachorrada se re\u00fane para correr, interagir, gastar energia, brincar, entre tantas outras atividades. O [&hellip;]\" \/>\n<meta property=\"og:url\" content=\"https:\/\/jornalfatosenoticias.com.br\/index.php\/2021\/01\/26\/conheca-o-lado-perigoso-dos-parques-de-uso-exclusivo-para-caes\/\" \/>\n<meta property=\"og:site_name\" content=\"Jornal Fatos e Not\u00edcias\" \/>\n<meta property=\"article:published_time\" content=\"2021-01-27T00:09:26+00:00\" \/>\n<meta property=\"article:modified_time\" content=\"2021-01-27T00:09:30+00:00\" \/>\n<meta property=\"og:image\" content=\"https:\/\/jornalfatosenoticias.com.br\/wp-content\/uploads\/2021\/01\/parcao_aline.jpg\" \/>\n\t<meta property=\"og:image:width\" content=\"1000\" \/>\n\t<meta property=\"og:image:height\" content=\"667\" \/>\n\t<meta property=\"og:image:type\" content=\"image\/jpeg\" \/>\n<meta name=\"author\" content=\"Luzimara Fernandes\" \/>\n<meta name=\"twitter:card\" content=\"summary_large_image\" \/>\n<meta name=\"twitter:label1\" content=\"Escrito por\" \/>\n\t<meta name=\"twitter:data1\" content=\"Luzimara Fernandes\" \/>\n\t<meta name=\"twitter:label2\" content=\"Est. tempo de leitura\" \/>\n\t<meta name=\"twitter:data2\" content=\"2 minutos\" \/>\n<script type=\"application\/ld+json\" class=\"yoast-schema-graph\">{\"@context\":\"https:\/\/schema.org\",\"@graph\":[{\"@type\":\"Article\",\"@id\":\"https:\/\/jornalfatosenoticias.com.br\/index.php\/2021\/01\/26\/conheca-o-lado-perigoso-dos-parques-de-uso-exclusivo-para-caes\/#article\",\"isPartOf\":{\"@id\":\"https:\/\/jornalfatosenoticias.com.br\/index.php\/2021\/01\/26\/conheca-o-lado-perigoso-dos-parques-de-uso-exclusivo-para-caes\/\"},\"author\":{\"name\":\"Luzimara Fernandes\",\"@id\":\"https:\/\/jornalfatosenoticias.com.br\/#\/schema\/person\/d63837fa13ac8666eb9e74e0985d6f81\"},\"headline\":\"Conhe\u00e7a o lado perigoso dos parques de uso exclusivo para c\u00e3es\",\"datePublished\":\"2021-01-27T00:09:26+00:00\",\"dateModified\":\"2021-01-27T00:09:30+00:00\",\"mainEntityOfPage\":{\"@id\":\"https:\/\/jornalfatosenoticias.com.br\/index.php\/2021\/01\/26\/conheca-o-lado-perigoso-dos-parques-de-uso-exclusivo-para-caes\/\"},\"wordCount\":460,\"commentCount\":0,\"publisher\":{\"@id\":\"https:\/\/jornalfatosenoticias.com.br\/#organization\"},\"image\":{\"@id\":\"https:\/\/jornalfatosenoticias.com.br\/index.php\/2021\/01\/26\/conheca-o-lado-perigoso-dos-parques-de-uso-exclusivo-para-caes\/#primaryimage\"},\"thumbnailUrl\":\"https:\/\/jornalfatosenoticias.com.br\/wp-content\/uploads\/2021\/01\/parcao_aline.jpg\",\"keywords\":[\"c\u00e3es\",\"parques exclusivos para c\u00e3es\",\"Prac\u00e3o\"],\"articleSection\":[\"Geral\"],\"inLanguage\":\"pt-BR\",\"potentialAction\":[{\"@type\":\"CommentAction\",\"name\":\"Comment\",\"target\":[\"https:\/\/jornalfatosenoticias.com.br\/index.php\/2021\/01\/26\/conheca-o-lado-perigoso-dos-parques-de-uso-exclusivo-para-caes\/#respond\"]}]},{\"@type\":\"WebPage\",\"@id\":\"https:\/\/jornalfatosenoticias.com.br\/index.php\/2021\/01\/26\/conheca-o-lado-perigoso-dos-parques-de-uso-exclusivo-para-caes\/\",\"url\":\"https:\/\/jornalfatosenoticias.com.br\/index.php\/2021\/01\/26\/conheca-o-lado-perigoso-dos-parques-de-uso-exclusivo-para-caes\/\",\"name\":\"Conhe\u00e7a o lado perigoso dos parques de uso exclusivo para c\u00e3es - Jornal Fatos e Not\u00edcias\",\"isPartOf\":{\"@id\":\"https:\/\/jornalfatosenoticias.com.br\/#website\"},\"primaryImageOfPage\":{\"@id\":\"https:\/\/jornalfatosenoticias.com.br\/index.php\/2021\/01\/26\/conheca-o-lado-perigoso-dos-parques-de-uso-exclusivo-para-caes\/#primaryimage\"},\"image\":{\"@id\":\"https:\/\/jornalfatosenoticias.com.br\/index.php\/2021\/01\/26\/conheca-o-lado-perigoso-dos-parques-de-uso-exclusivo-para-caes\/#primaryimage\"},\"thumbnailUrl\":\"https:\/\/jornalfatosenoticias.com.br\/wp-content\/uploads\/2021\/01\/parcao_aline.jpg\",\"datePublished\":\"2021-01-27T00:09:26+00:00\",\"dateModified\":\"2021-01-27T00:09:30+00:00\",\"breadcrumb\":{\"@id\":\"https:\/\/jornalfatosenoticias.com.br\/index.php\/2021\/01\/26\/conheca-o-lado-perigoso-dos-parques-de-uso-exclusivo-para-caes\/#breadcrumb\"},\"inLanguage\":\"pt-BR\",\"potentialAction\":[{\"@type\":\"ReadAction\",\"target\":[\"https:\/\/jornalfatosenoticias.com.br\/index.php\/2021\/01\/26\/conheca-o-lado-perigoso-dos-parques-de-uso-exclusivo-para-caes\/\"]}]},{\"@type\":\"ImageObject\",\"inLanguage\":\"pt-BR\",\"@id\":\"https:\/\/jornalfatosenoticias.com.br\/index.php\/2021\/01\/26\/conheca-o-lado-perigoso-dos-parques-de-uso-exclusivo-para-caes\/#primaryimage\",\"url\":\"https:\/\/jornalfatosenoticias.com.br\/wp-content\/uploads\/2021\/01\/parcao_aline.jpg\",\"contentUrl\":\"https:\/\/jornalfatosenoticias.com.br\/wp-content\/uploads\/2021\/01\/parcao_aline.jpg\",\"width\":1000,\"height\":667,\"caption\":\"pRAC\u00c3O na Get\u00falio Vargas\"},{\"@type\":\"BreadcrumbList\",\"@id\":\"https:\/\/jornalfatosenoticias.com.br\/index.php\/2021\/01\/26\/conheca-o-lado-perigoso-dos-parques-de-uso-exclusivo-para-caes\/#breadcrumb\",\"itemListElement\":[{\"@type\":\"ListItem\",\"position\":1,\"name\":\"In\u00edcio\",\"item\":\"https:\/\/jornalfatosenoticias.com.br\/\"},{\"@type\":\"ListItem\",\"position\":2,\"name\":\"Conhe\u00e7a o lado perigoso dos parques de uso exclusivo para c\u00e3es\"}]},{\"@type\":\"WebSite\",\"@id\":\"https:\/\/jornalfatosenoticias.com.br\/#website\",\"url\":\"https:\/\/jornalfatosenoticias.com.br\/\",\"name\":\"Jornal Fatos e Not\u00edcias\",\"description\":\"Not\u00edcias em geral\",\"publisher\":{\"@id\":\"https:\/\/jornalfatosenoticias.com.br\/#organization\"},\"potentialAction\":[{\"@type\":\"SearchAction\",\"target\":{\"@type\":\"EntryPoint\",\"urlTemplate\":\"https:\/\/jornalfatosenoticias.com.br\/?s={search_term_string}\"},\"query-input\":{\"@type\":\"PropertyValueSpecification\",\"valueRequired\":true,\"valueName\":\"search_term_string\"}}],\"inLanguage\":\"pt-BR\"},{\"@type\":\"Organization\",\"@id\":\"https:\/\/jornalfatosenoticias.com.br\/#organization\",\"name\":\"Jornal Fatos e Not\u00edcias\",\"url\":\"https:\/\/jornalfatosenoticias.com.br\/\",\"logo\":{\"@type\":\"ImageObject\",\"inLanguage\":\"pt-BR\",\"@id\":\"https:\/\/jornalfatosenoticias.com.br\/#\/schema\/logo\/image\/\",\"url\":\"https:\/\/jornalfatosenoticias.com.br\/wp-content\/uploads\/2020\/02\/logo120.png\",\"contentUrl\":\"https:\/\/jornalfatosenoticias.com.br\/wp-content\/uploads\/2020\/02\/logo120.png\",\"width\":1227,\"height\":120,\"caption\":\"Jornal Fatos e Not\u00edcias\"},\"image\":{\"@id\":\"https:\/\/jornalfatosenoticias.com.br\/#\/schema\/logo\/image\/\"}},{\"@type\":\"Person\",\"@id\":\"https:\/\/jornalfatosenoticias.com.br\/#\/schema\/person\/d63837fa13ac8666eb9e74e0985d6f81\",\"name\":\"Luzimara Fernandes\",\"image\":{\"@type\":\"ImageObject\",\"inLanguage\":\"pt-BR\",\"@id\":\"https:\/\/jornalfatosenoticias.com.br\/#\/schema\/person\/image\/\",\"url\":\"https:\/\/jornalfatosenoticias.com.br\/wp-content\/uploads\/2025\/05\/EU_portal.jpg\",\"contentUrl\":\"https:\/\/jornalfatosenoticias.com.br\/wp-content\/uploads\/2025\/05\/EU_portal.jpg\",\"caption\":\"Luzimara Fernandes\"},\"description\":\"Jornalista MTB 2358-ES\",\"sameAs\":[\"https:\/\/jornalfatosenoticias.com.br\"],\"url\":\"https:\/\/jornalfatosenoticias.com.br\/index.php\/author\/luzimara\/\"}]}<\/script>\n<!-- \/ Yoast SEO plugin. -->","yoast_head_json":{"title":"Conhe\u00e7a o lado perigoso dos parques de uso exclusivo para c\u00e3es - Jornal Fatos e Not\u00edcias","robots":{"index":"index","follow":"follow","max-snippet":"max-snippet:-1","max-image-preview":"max-image-preview:large","max-video-preview":"max-video-preview:-1"},"canonical":"https:\/\/jornalfatosenoticias.com.br\/index.php\/2021\/01\/26\/conheca-o-lado-perigoso-dos-parques-de-uso-exclusivo-para-caes\/","og_locale":"pt_BR","og_type":"article","og_title":"Conhe\u00e7a o lado perigoso dos parques de uso exclusivo para c\u00e3es - Jornal Fatos e Not\u00edcias","og_description":"Texto: Aline Doano Quem nunca levou seu cachorro pra passear nos famosos parques de uso exclusivo dos doguinhos? Em Vit\u00f3ria, grande parte das pra\u00e7as abriga o famoso \u201cPrac\u00e3o\u201d, estrutura muito convidativa para momentos de socializa\u00e7\u00e3o entre tutores e, principalmente, entre pets.A cachorrada se re\u00fane para correr, interagir, gastar energia, brincar, entre tantas outras atividades. O [&hellip;]","og_url":"https:\/\/jornalfatosenoticias.com.br\/index.php\/2021\/01\/26\/conheca-o-lado-perigoso-dos-parques-de-uso-exclusivo-para-caes\/","og_site_name":"Jornal Fatos e Not\u00edcias","article_published_time":"2021-01-27T00:09:26+00:00","article_modified_time":"2021-01-27T00:09:30+00:00","og_image":[{"width":1000,"height":667,"url":"https:\/\/jornalfatosenoticias.com.br\/wp-content\/uploads\/2021\/01\/parcao_aline.jpg","type":"image\/jpeg"}],"author":"Luzimara Fernandes","twitter_card":"summary_large_image","twitter_misc":{"Escrito por":"Luzimara Fernandes","Est. tempo de leitura":"2 minutos"},"schema":{"@context":"https:\/\/schema.org","@graph":[{"@type":"Article","@id":"https:\/\/jornalfatosenoticias.com.br\/index.php\/2021\/01\/26\/conheca-o-lado-perigoso-dos-parques-de-uso-exclusivo-para-caes\/#article","isPartOf":{"@id":"https:\/\/jornalfatosenoticias.com.br\/index.php\/2021\/01\/26\/conheca-o-lado-perigoso-dos-parques-de-uso-exclusivo-para-caes\/"},"author":{"name":"Luzimara Fernandes","@id":"https:\/\/jornalfatosenoticias.com.br\/#\/schema\/person\/d63837fa13ac8666eb9e74e0985d6f81"},"headline":"Conhe\u00e7a o lado perigoso dos parques de uso exclusivo para c\u00e3es","datePublished":"2021-01-27T00:09:26+00:00","dateModified":"2021-01-27T00:09:30+00:00","mainEntityOfPage":{"@id":"https:\/\/jornalfatosenoticias.com.br\/index.php\/2021\/01\/26\/conheca-o-lado-perigoso-dos-parques-de-uso-exclusivo-para-caes\/"},"wordCount":460,"commentCount":0,"publisher":{"@id":"https:\/\/jornalfatosenoticias.com.br\/#organization"},"image":{"@id":"https:\/\/jornalfatosenoticias.com.br\/index.php\/2021\/01\/26\/conheca-o-lado-perigoso-dos-parques-de-uso-exclusivo-para-caes\/#primaryimage"},"thumbnailUrl":"https:\/\/jornalfatosenoticias.com.br\/wp-content\/uploads\/2021\/01\/parcao_aline.jpg","keywords":["c\u00e3es","parques exclusivos para c\u00e3es","Prac\u00e3o"],"articleSection":["Geral"],"inLanguage":"pt-BR","potentialAction":[{"@type":"CommentAction","name":"Comment","target":["https:\/\/jornalfatosenoticias.com.br\/index.php\/2021\/01\/26\/conheca-o-lado-perigoso-dos-parques-de-uso-exclusivo-para-caes\/#respond"]}]},{"@type":"WebPage","@id":"https:\/\/jornalfatosenoticias.com.br\/index.php\/2021\/01\/26\/conheca-o-lado-perigoso-dos-parques-de-uso-exclusivo-para-caes\/","url":"https:\/\/jornalfatosenoticias.com.br\/index.php\/2021\/01\/26\/conheca-o-lado-perigoso-dos-parques-de-uso-exclusivo-para-caes\/","name":"Conhe\u00e7a o lado perigoso dos parques de uso exclusivo para c\u00e3es - Jornal Fatos e Not\u00edcias","isPartOf":{"@id":"https:\/\/jornalfatosenoticias.com.br\/#website"},"primaryImageOfPage":{"@id":"https:\/\/jornalfatosenoticias.com.br\/index.php\/2021\/01\/26\/conheca-o-lado-perigoso-dos-parques-de-uso-exclusivo-para-caes\/#primaryimage"},"image":{"@id":"https:\/\/jornalfatosenoticias.com.br\/index.php\/2021\/01\/26\/conheca-o-lado-perigoso-dos-parques-de-uso-exclusivo-para-caes\/#primaryimage"},"thumbnailUrl":"https:\/\/jornalfatosenoticias.com.br\/wp-content\/uploads\/2021\/01\/parcao_aline.jpg","datePublished":"2021-01-27T00:09:26+00:00","dateModified":"2021-01-27T00:09:30+00:00","breadcrumb":{"@id":"https:\/\/jornalfatosenoticias.com.br\/index.php\/2021\/01\/26\/conheca-o-lado-perigoso-dos-parques-de-uso-exclusivo-para-caes\/#breadcrumb"},"inLanguage":"pt-BR","potentialAction":[{"@type":"ReadAction","target":["https:\/\/jornalfatosenoticias.com.br\/index.php\/2021\/01\/26\/conheca-o-lado-perigoso-dos-parques-de-uso-exclusivo-para-caes\/"]}]},{"@type":"ImageObject","inLanguage":"pt-BR","@id":"https:\/\/jornalfatosenoticias.com.br\/index.php\/2021\/01\/26\/conheca-o-lado-perigoso-dos-parques-de-uso-exclusivo-para-caes\/#primaryimage","url":"https:\/\/jornalfatosenoticias.com.br\/wp-content\/uploads\/2021\/01\/parcao_aline.jpg","contentUrl":"https:\/\/jornalfatosenoticias.com.br\/wp-content\/uploads\/2021\/01\/parcao_aline.jpg","width":1000,"height":667,"caption":"pRAC\u00c3O na Get\u00falio Vargas"},{"@type":"BreadcrumbList","@id":"https:\/\/jornalfatosenoticias.com.br\/index.php\/2021\/01\/26\/conheca-o-lado-perigoso-dos-parques-de-uso-exclusivo-para-caes\/#breadcrumb","itemListElement":[{"@type":"ListItem","position":1,"name":"In\u00edcio","item":"https:\/\/jornalfatosenoticias.com.br\/"},{"@type":"ListItem","position":2,"name":"Conhe\u00e7a o lado perigoso dos parques de uso exclusivo para c\u00e3es"}]},{"@type":"WebSite","@id":"https:\/\/jornalfatosenoticias.com.br\/#website","url":"https:\/\/jornalfatosenoticias.com.br\/","name":"Jornal Fatos e Not\u00edcias","description":"Not\u00edcias em geral","publisher":{"@id":"https:\/\/jornalfatosenoticias.com.br\/#organization"},"potentialAction":[{"@type":"SearchAction","target":{"@type":"EntryPoint","urlTemplate":"https:\/\/jornalfatosenoticias.com.br\/?s={search_term_string}"},"query-input":{"@type":"PropertyValueSpecification","valueRequired":true,"valueName":"search_term_string"}}],"inLanguage":"pt-BR"},{"@type":"Organization","@id":"https:\/\/jornalfatosenoticias.com.br\/#organization","name":"Jornal Fatos e Not\u00edcias","url":"https:\/\/jornalfatosenoticias.com.br\/","logo":{"@type":"ImageObject","inLanguage":"pt-BR","@id":"https:\/\/jornalfatosenoticias.com.br\/#\/schema\/logo\/image\/","url":"https:\/\/jornalfatosenoticias.com.br\/wp-content\/uploads\/2020\/02\/logo120.png","contentUrl":"https:\/\/jornalfatosenoticias.com.br\/wp-content\/uploads\/2020\/02\/logo120.png","width":1227,"height":120,"caption":"Jornal Fatos e Not\u00edcias"},"image":{"@id":"https:\/\/jornalfatosenoticias.com.br\/#\/schema\/logo\/image\/"}},{"@type":"Person","@id":"https:\/\/jornalfatosenoticias.com.br\/#\/schema\/person\/d63837fa13ac8666eb9e74e0985d6f81","name":"Luzimara Fernandes","image":{"@type":"ImageObject","inLanguage":"pt-BR","@id":"https:\/\/jornalfatosenoticias.com.br\/#\/schema\/person\/image\/","url":"https:\/\/jornalfatosenoticias.com.br\/wp-content\/uploads\/2025\/05\/EU_portal.jpg","contentUrl":"https:\/\/jornalfatosenoticias.com.br\/wp-content\/uploads\/2025\/05\/EU_portal.jpg","caption":"Luzimara Fernandes"},"description":"Jornalista MTB 2358-ES","sameAs":["https:\/\/jornalfatosenoticias.com.br"],"url":"https:\/\/jornalfatosenoticias.com.br\/index.php\/author\/luzimara\/"}]}},"cc_featured_image_caption":{"caption_text":"(Foto: Diego Alves\/PMV) \r\n","source_text":"","source_url":""},"jetpack_featured_media_url":"https:\/\/jornalfatosenoticias.com.br\/wp-content\/uploads\/2021\/01\/parcao_aline.jpg","_links":{"self":[{"href":"https:\/\/jornalfatosenoticias.com.br\/index.php\/wp-json\/wp\/v2\/posts\/13908","targetHints":{"allow":["GET"]}}],"collection":[{"href":"https:\/\/jornalfatosenoticias.com.br\/index.php\/wp-json\/wp\/v2\/posts"}],"about":[{"href":"https:\/\/jornalfatosenoticias.com.br\/index.php\/wp-json\/wp\/v2\/types\/post"}],"author":[{"embeddable":true,"href":"https:\/\/jornalfatosenoticias.com.br\/index.php\/wp-json\/wp\/v2\/users\/2"}],"replies":[{"embeddable":true,"href":"https:\/\/jornalfatosenoticias.com.br\/index.php\/wp-json\/wp\/v2\/comments?post=13908"}],"version-history":[{"count":0,"href":"https:\/\/jornalfatosenoticias.com.br\/index.php\/wp-json\/wp\/v2\/posts\/13908\/revisions"}],"wp:featuredmedia":[{"embeddable":true,"href":"https:\/\/jornalfatosenoticias.com.br\/index.php\/wp-json\/wp\/v2\/media\/13909"}],"wp:attachment":[{"href":"https:\/\/jornalfatosenoticias.com.br\/index.php\/wp-json\/wp\/v2\/media?parent=13908"}],"wp:term":[{"taxonomy":"category","embeddable":true,"href":"https:\/\/jornalfatosenoticias.com.br\/index.php\/wp-json\/wp\/v2\/categories?post=13908"},{"taxonomy":"post_tag","embeddable":true,"href":"https:\/\/jornalfatosenoticias.com.br\/index.php\/wp-json\/wp\/v2\/tags?post=13908"}],"curies":[{"name":"wp","href":"https:\/\/api.w.org\/{rel}","templated":true}]}}