{"id":1391,"date":"2020-02-26T09:25:19","date_gmt":"2020-02-26T12:25:19","guid":{"rendered":"https:\/\/jornalfatosenoticias.com.br\/?p=1391"},"modified":"2020-02-26T09:25:58","modified_gmt":"2020-02-26T12:25:58","slug":"agencias-bancarias-abrem-hoje-as-12h","status":"publish","type":"post","link":"https:\/\/jornalfatosenoticias.com.br\/index.php\/2020\/02\/26\/agencias-bancarias-abrem-hoje-as-12h\/","title":{"rendered":"Ag\u00eancias banc\u00e1rias abrem hoje \u00e0s 12h"},"content":{"rendered":"\n<h6 class=\"wp-block-heading\"><em>As contas de consumo e carn\u00eas com vencimento em 24 ou 25 de fevereiro poder\u00e3o ser pagos, sem acr\u00e9scimo, hoje<\/em><\/h6>\n\n\n\n<p>O in\u00edcio dos expediente hoje (26) nas ag\u00eancias banc\u00e1rias ser\u00e1 \u00e0s 12h, com encerramento em hor\u00e1rio normal de fechamento, segundo informa\u00e7\u00f5es da Federa\u00e7\u00e3o Brasileira de Bancos (Febraban). Os bancos ficaram fechados ontem (25) e na segunda-feira de carnaval.<br>\nNas localidades em que as ag\u00eancias fecham normalmente antes das 15h, o in\u00edcio do atendimento ao p\u00fablico ser\u00e1 antecipado, de modo a garantir o m\u00ednimo de tr\u00eas horas de funcionamento.<br>\nAs contas de consumo (\u00e1gua, energia, telefone etc.) e carn\u00eas com vencimento em 24 ou 25 de fevereiro poder\u00e3o ser pagos, sem acr\u00e9scimo, hoje. Normalmente, os tributos j\u00e1 v\u00eam com datas ajustadas ao calend\u00e1rio de feriados nacionais, estaduais e municipais.<\/p>\n\n\n\n<p><strong><em>Fonte: Ag\u00eancia Brasil<\/em><\/strong><\/p>\n","protected":false},"excerpt":{"rendered":"<p>As contas de consumo e carn\u00eas com vencimento em 24 ou 25 de fevereiro poder\u00e3o ser pagos, sem acr\u00e9scimo, hoje O in\u00edcio dos expediente hoje (26) nas ag\u00eancias banc\u00e1rias ser\u00e1 \u00e0s 12h, com encerramento em hor\u00e1rio normal de fechamento, segundo informa\u00e7\u00f5es da Federa\u00e7\u00e3o Brasileira de Bancos (Febraban). Os bancos ficaram fechados ontem (25) e na [&hellip;]<\/p>\n","protected":false},"author":2,"featured_media":1392,"comment_status":"open","ping_status":"open","sticky":false,"template":"","format":"standard","meta":{"footnotes":""},"categories":[9],"tags":[],"class_list":["post-1391","post","type-post","status-publish","format-standard","has-post-thumbnail","hentry","category-economia"],"yoast_head":"<!-- This site is optimized with the Yoast SEO plugin v26.5 - https:\/\/yoast.com\/wordpress\/plugins\/seo\/ -->\n<title>Ag\u00eancias banc\u00e1rias abrem hoje \u00e0s 12h - Jornal Fatos e Not\u00edcias<\/title>\n<meta name=\"robots\" content=\"index, follow, max-snippet:-1, max-image-preview:large, max-video-preview:-1\" \/>\n<link rel=\"canonical\" href=\"https:\/\/jornalfatosenoticias.com.br\/index.php\/2020\/02\/26\/agencias-bancarias-abrem-hoje-as-12h\/\" \/>\n<meta property=\"og:locale\" content=\"pt_BR\" \/>\n<meta property=\"og:type\" content=\"article\" \/>\n<meta property=\"og:title\" content=\"Ag\u00eancias banc\u00e1rias abrem hoje \u00e0s 12h - Jornal Fatos e Not\u00edcias\" \/>\n<meta property=\"og:description\" content=\"As contas de consumo e carn\u00eas com vencimento em 24 ou 25 de fevereiro poder\u00e3o ser pagos, sem acr\u00e9scimo, hoje O in\u00edcio dos expediente hoje (26) nas ag\u00eancias banc\u00e1rias ser\u00e1 \u00e0s 12h, com encerramento em hor\u00e1rio normal de fechamento, segundo informa\u00e7\u00f5es da Federa\u00e7\u00e3o Brasileira de Bancos (Febraban). Os bancos ficaram fechados ontem (25) e na [&hellip;]\" \/>\n<meta property=\"og:url\" content=\"https:\/\/jornalfatosenoticias.com.br\/index.php\/2020\/02\/26\/agencias-bancarias-abrem-hoje-as-12h\/\" \/>\n<meta property=\"og:site_name\" content=\"Jornal Fatos e Not\u00edcias\" \/>\n<meta property=\"article:published_time\" content=\"2020-02-26T12:25:19+00:00\" \/>\n<meta property=\"article:modified_time\" content=\"2020-02-26T12:25:58+00:00\" \/>\n<meta property=\"og:image\" content=\"https:\/\/jornalfatosenoticias.com.br\/wp-content\/uploads\/2020\/02\/bancos_carnaval.jpg\" \/>\n\t<meta property=\"og:image:width\" content=\"1170\" \/>\n\t<meta property=\"og:image:height\" content=\"700\" \/>\n\t<meta property=\"og:image:type\" content=\"image\/jpeg\" \/>\n<meta name=\"author\" content=\"Luzimara Fernandes\" \/>\n<meta name=\"twitter:card\" content=\"summary_large_image\" \/>\n<meta name=\"twitter:label1\" content=\"Escrito por\" \/>\n\t<meta name=\"twitter:data1\" content=\"Luzimara Fernandes\" \/>\n\t<meta name=\"twitter:label2\" content=\"Est. tempo de leitura\" \/>\n\t<meta name=\"twitter:data2\" content=\"1 minuto\" \/>\n<script type=\"application\/ld+json\" class=\"yoast-schema-graph\">{\"@context\":\"https:\/\/schema.org\",\"@graph\":[{\"@type\":\"Article\",\"@id\":\"https:\/\/jornalfatosenoticias.com.br\/index.php\/2020\/02\/26\/agencias-bancarias-abrem-hoje-as-12h\/#article\",\"isPartOf\":{\"@id\":\"https:\/\/jornalfatosenoticias.com.br\/index.php\/2020\/02\/26\/agencias-bancarias-abrem-hoje-as-12h\/\"},\"author\":{\"name\":\"Luzimara Fernandes\",\"@id\":\"https:\/\/jornalfatosenoticias.com.br\/#\/schema\/person\/d63837fa13ac8666eb9e74e0985d6f81\"},\"headline\":\"Ag\u00eancias banc\u00e1rias abrem hoje \u00e0s 12h\",\"datePublished\":\"2020-02-26T12:25:19+00:00\",\"dateModified\":\"2020-02-26T12:25:58+00:00\",\"mainEntityOfPage\":{\"@id\":\"https:\/\/jornalfatosenoticias.com.br\/index.php\/2020\/02\/26\/agencias-bancarias-abrem-hoje-as-12h\/\"},\"wordCount\":153,\"commentCount\":0,\"publisher\":{\"@id\":\"https:\/\/jornalfatosenoticias.com.br\/#organization\"},\"image\":{\"@id\":\"https:\/\/jornalfatosenoticias.com.br\/index.php\/2020\/02\/26\/agencias-bancarias-abrem-hoje-as-12h\/#primaryimage\"},\"thumbnailUrl\":\"https:\/\/jornalfatosenoticias.com.br\/wp-content\/uploads\/2020\/02\/bancos_carnaval.jpg\",\"articleSection\":[\"Economia\"],\"inLanguage\":\"pt-BR\",\"potentialAction\":[{\"@type\":\"CommentAction\",\"name\":\"Comment\",\"target\":[\"https:\/\/jornalfatosenoticias.com.br\/index.php\/2020\/02\/26\/agencias-bancarias-abrem-hoje-as-12h\/#respond\"]}]},{\"@type\":\"WebPage\",\"@id\":\"https:\/\/jornalfatosenoticias.com.br\/index.php\/2020\/02\/26\/agencias-bancarias-abrem-hoje-as-12h\/\",\"url\":\"https:\/\/jornalfatosenoticias.com.br\/index.php\/2020\/02\/26\/agencias-bancarias-abrem-hoje-as-12h\/\",\"name\":\"Ag\u00eancias banc\u00e1rias abrem hoje \u00e0s 12h - Jornal Fatos e Not\u00edcias\",\"isPartOf\":{\"@id\":\"https:\/\/jornalfatosenoticias.com.br\/#website\"},\"primaryImageOfPage\":{\"@id\":\"https:\/\/jornalfatosenoticias.com.br\/index.php\/2020\/02\/26\/agencias-bancarias-abrem-hoje-as-12h\/#primaryimage\"},\"image\":{\"@id\":\"https:\/\/jornalfatosenoticias.com.br\/index.php\/2020\/02\/26\/agencias-bancarias-abrem-hoje-as-12h\/#primaryimage\"},\"thumbnailUrl\":\"https:\/\/jornalfatosenoticias.com.br\/wp-content\/uploads\/2020\/02\/bancos_carnaval.jpg\",\"datePublished\":\"2020-02-26T12:25:19+00:00\",\"dateModified\":\"2020-02-26T12:25:58+00:00\",\"breadcrumb\":{\"@id\":\"https:\/\/jornalfatosenoticias.com.br\/index.php\/2020\/02\/26\/agencias-bancarias-abrem-hoje-as-12h\/#breadcrumb\"},\"inLanguage\":\"pt-BR\",\"potentialAction\":[{\"@type\":\"ReadAction\",\"target\":[\"https:\/\/jornalfatosenoticias.com.br\/index.php\/2020\/02\/26\/agencias-bancarias-abrem-hoje-as-12h\/\"]}]},{\"@type\":\"ImageObject\",\"inLanguage\":\"pt-BR\",\"@id\":\"https:\/\/jornalfatosenoticias.com.br\/index.php\/2020\/02\/26\/agencias-bancarias-abrem-hoje-as-12h\/#primaryimage\",\"url\":\"https:\/\/jornalfatosenoticias.com.br\/wp-content\/uploads\/2020\/02\/bancos_carnaval.jpg\",\"contentUrl\":\"https:\/\/jornalfatosenoticias.com.br\/wp-content\/uploads\/2020\/02\/bancos_carnaval.jpg\",\"width\":1170,\"height\":700,\"caption\":\"Bancos ficaram fechados ontem (25) e na segunda-feira de carnaval (Foto: \u00a9Valter Campanato\/Ag\u00eancia Brasil)\"},{\"@type\":\"BreadcrumbList\",\"@id\":\"https:\/\/jornalfatosenoticias.com.br\/index.php\/2020\/02\/26\/agencias-bancarias-abrem-hoje-as-12h\/#breadcrumb\",\"itemListElement\":[{\"@type\":\"ListItem\",\"position\":1,\"name\":\"In\u00edcio\",\"item\":\"https:\/\/jornalfatosenoticias.com.br\/\"},{\"@type\":\"ListItem\",\"position\":2,\"name\":\"Ag\u00eancias banc\u00e1rias abrem hoje \u00e0s 12h\"}]},{\"@type\":\"WebSite\",\"@id\":\"https:\/\/jornalfatosenoticias.com.br\/#website\",\"url\":\"https:\/\/jornalfatosenoticias.com.br\/\",\"name\":\"Jornal Fatos e Not\u00edcias\",\"description\":\"Not\u00edcias em geral\",\"publisher\":{\"@id\":\"https:\/\/jornalfatosenoticias.com.br\/#organization\"},\"potentialAction\":[{\"@type\":\"SearchAction\",\"target\":{\"@type\":\"EntryPoint\",\"urlTemplate\":\"https:\/\/jornalfatosenoticias.com.br\/?s={search_term_string}\"},\"query-input\":{\"@type\":\"PropertyValueSpecification\",\"valueRequired\":true,\"valueName\":\"search_term_string\"}}],\"inLanguage\":\"pt-BR\"},{\"@type\":\"Organization\",\"@id\":\"https:\/\/jornalfatosenoticias.com.br\/#organization\",\"name\":\"Jornal Fatos e Not\u00edcias\",\"url\":\"https:\/\/jornalfatosenoticias.com.br\/\",\"logo\":{\"@type\":\"ImageObject\",\"inLanguage\":\"pt-BR\",\"@id\":\"https:\/\/jornalfatosenoticias.com.br\/#\/schema\/logo\/image\/\",\"url\":\"https:\/\/jornalfatosenoticias.com.br\/wp-content\/uploads\/2020\/02\/logo120.png\",\"contentUrl\":\"https:\/\/jornalfatosenoticias.com.br\/wp-content\/uploads\/2020\/02\/logo120.png\",\"width\":1227,\"height\":120,\"caption\":\"Jornal Fatos e Not\u00edcias\"},\"image\":{\"@id\":\"https:\/\/jornalfatosenoticias.com.br\/#\/schema\/logo\/image\/\"}},{\"@type\":\"Person\",\"@id\":\"https:\/\/jornalfatosenoticias.com.br\/#\/schema\/person\/d63837fa13ac8666eb9e74e0985d6f81\",\"name\":\"Luzimara Fernandes\",\"image\":{\"@type\":\"ImageObject\",\"inLanguage\":\"pt-BR\",\"@id\":\"https:\/\/jornalfatosenoticias.com.br\/#\/schema\/person\/image\/\",\"url\":\"https:\/\/jornalfatosenoticias.com.br\/wp-content\/uploads\/2025\/05\/EU_portal.jpg\",\"contentUrl\":\"https:\/\/jornalfatosenoticias.com.br\/wp-content\/uploads\/2025\/05\/EU_portal.jpg\",\"caption\":\"Luzimara Fernandes\"},\"description\":\"Jornalista MTB 2358-ES\",\"sameAs\":[\"https:\/\/jornalfatosenoticias.com.br\"],\"url\":\"https:\/\/jornalfatosenoticias.com.br\/index.php\/author\/luzimara\/\"}]}<\/script>\n<!-- \/ Yoast SEO plugin. -->","yoast_head_json":{"title":"Ag\u00eancias banc\u00e1rias abrem hoje \u00e0s 12h - Jornal Fatos e Not\u00edcias","robots":{"index":"index","follow":"follow","max-snippet":"max-snippet:-1","max-image-preview":"max-image-preview:large","max-video-preview":"max-video-preview:-1"},"canonical":"https:\/\/jornalfatosenoticias.com.br\/index.php\/2020\/02\/26\/agencias-bancarias-abrem-hoje-as-12h\/","og_locale":"pt_BR","og_type":"article","og_title":"Ag\u00eancias banc\u00e1rias abrem hoje \u00e0s 12h - Jornal Fatos e Not\u00edcias","og_description":"As contas de consumo e carn\u00eas com vencimento em 24 ou 25 de fevereiro poder\u00e3o ser pagos, sem acr\u00e9scimo, hoje O in\u00edcio dos expediente hoje (26) nas ag\u00eancias banc\u00e1rias ser\u00e1 \u00e0s 12h, com encerramento em hor\u00e1rio normal de fechamento, segundo informa\u00e7\u00f5es da Federa\u00e7\u00e3o Brasileira de Bancos (Febraban). Os bancos ficaram fechados ontem (25) e na [&hellip;]","og_url":"https:\/\/jornalfatosenoticias.com.br\/index.php\/2020\/02\/26\/agencias-bancarias-abrem-hoje-as-12h\/","og_site_name":"Jornal Fatos e Not\u00edcias","article_published_time":"2020-02-26T12:25:19+00:00","article_modified_time":"2020-02-26T12:25:58+00:00","og_image":[{"width":1170,"height":700,"url":"https:\/\/jornalfatosenoticias.com.br\/wp-content\/uploads\/2020\/02\/bancos_carnaval.jpg","type":"image\/jpeg"}],"author":"Luzimara Fernandes","twitter_card":"summary_large_image","twitter_misc":{"Escrito por":"Luzimara Fernandes","Est. tempo de leitura":"1 minuto"},"schema":{"@context":"https:\/\/schema.org","@graph":[{"@type":"Article","@id":"https:\/\/jornalfatosenoticias.com.br\/index.php\/2020\/02\/26\/agencias-bancarias-abrem-hoje-as-12h\/#article","isPartOf":{"@id":"https:\/\/jornalfatosenoticias.com.br\/index.php\/2020\/02\/26\/agencias-bancarias-abrem-hoje-as-12h\/"},"author":{"name":"Luzimara Fernandes","@id":"https:\/\/jornalfatosenoticias.com.br\/#\/schema\/person\/d63837fa13ac8666eb9e74e0985d6f81"},"headline":"Ag\u00eancias banc\u00e1rias abrem hoje \u00e0s 12h","datePublished":"2020-02-26T12:25:19+00:00","dateModified":"2020-02-26T12:25:58+00:00","mainEntityOfPage":{"@id":"https:\/\/jornalfatosenoticias.com.br\/index.php\/2020\/02\/26\/agencias-bancarias-abrem-hoje-as-12h\/"},"wordCount":153,"commentCount":0,"publisher":{"@id":"https:\/\/jornalfatosenoticias.com.br\/#organization"},"image":{"@id":"https:\/\/jornalfatosenoticias.com.br\/index.php\/2020\/02\/26\/agencias-bancarias-abrem-hoje-as-12h\/#primaryimage"},"thumbnailUrl":"https:\/\/jornalfatosenoticias.com.br\/wp-content\/uploads\/2020\/02\/bancos_carnaval.jpg","articleSection":["Economia"],"inLanguage":"pt-BR","potentialAction":[{"@type":"CommentAction","name":"Comment","target":["https:\/\/jornalfatosenoticias.com.br\/index.php\/2020\/02\/26\/agencias-bancarias-abrem-hoje-as-12h\/#respond"]}]},{"@type":"WebPage","@id":"https:\/\/jornalfatosenoticias.com.br\/index.php\/2020\/02\/26\/agencias-bancarias-abrem-hoje-as-12h\/","url":"https:\/\/jornalfatosenoticias.com.br\/index.php\/2020\/02\/26\/agencias-bancarias-abrem-hoje-as-12h\/","name":"Ag\u00eancias banc\u00e1rias abrem hoje \u00e0s 12h - Jornal Fatos e Not\u00edcias","isPartOf":{"@id":"https:\/\/jornalfatosenoticias.com.br\/#website"},"primaryImageOfPage":{"@id":"https:\/\/jornalfatosenoticias.com.br\/index.php\/2020\/02\/26\/agencias-bancarias-abrem-hoje-as-12h\/#primaryimage"},"image":{"@id":"https:\/\/jornalfatosenoticias.com.br\/index.php\/2020\/02\/26\/agencias-bancarias-abrem-hoje-as-12h\/#primaryimage"},"thumbnailUrl":"https:\/\/jornalfatosenoticias.com.br\/wp-content\/uploads\/2020\/02\/bancos_carnaval.jpg","datePublished":"2020-02-26T12:25:19+00:00","dateModified":"2020-02-26T12:25:58+00:00","breadcrumb":{"@id":"https:\/\/jornalfatosenoticias.com.br\/index.php\/2020\/02\/26\/agencias-bancarias-abrem-hoje-as-12h\/#breadcrumb"},"inLanguage":"pt-BR","potentialAction":[{"@type":"ReadAction","target":["https:\/\/jornalfatosenoticias.com.br\/index.php\/2020\/02\/26\/agencias-bancarias-abrem-hoje-as-12h\/"]}]},{"@type":"ImageObject","inLanguage":"pt-BR","@id":"https:\/\/jornalfatosenoticias.com.br\/index.php\/2020\/02\/26\/agencias-bancarias-abrem-hoje-as-12h\/#primaryimage","url":"https:\/\/jornalfatosenoticias.com.br\/wp-content\/uploads\/2020\/02\/bancos_carnaval.jpg","contentUrl":"https:\/\/jornalfatosenoticias.com.br\/wp-content\/uploads\/2020\/02\/bancos_carnaval.jpg","width":1170,"height":700,"caption":"Bancos ficaram fechados ontem (25) e na segunda-feira de carnaval (Foto: \u00a9Valter Campanato\/Ag\u00eancia Brasil)"},{"@type":"BreadcrumbList","@id":"https:\/\/jornalfatosenoticias.com.br\/index.php\/2020\/02\/26\/agencias-bancarias-abrem-hoje-as-12h\/#breadcrumb","itemListElement":[{"@type":"ListItem","position":1,"name":"In\u00edcio","item":"https:\/\/jornalfatosenoticias.com.br\/"},{"@type":"ListItem","position":2,"name":"Ag\u00eancias banc\u00e1rias abrem hoje \u00e0s 12h"}]},{"@type":"WebSite","@id":"https:\/\/jornalfatosenoticias.com.br\/#website","url":"https:\/\/jornalfatosenoticias.com.br\/","name":"Jornal Fatos e Not\u00edcias","description":"Not\u00edcias em geral","publisher":{"@id":"https:\/\/jornalfatosenoticias.com.br\/#organization"},"potentialAction":[{"@type":"SearchAction","target":{"@type":"EntryPoint","urlTemplate":"https:\/\/jornalfatosenoticias.com.br\/?s={search_term_string}"},"query-input":{"@type":"PropertyValueSpecification","valueRequired":true,"valueName":"search_term_string"}}],"inLanguage":"pt-BR"},{"@type":"Organization","@id":"https:\/\/jornalfatosenoticias.com.br\/#organization","name":"Jornal Fatos e Not\u00edcias","url":"https:\/\/jornalfatosenoticias.com.br\/","logo":{"@type":"ImageObject","inLanguage":"pt-BR","@id":"https:\/\/jornalfatosenoticias.com.br\/#\/schema\/logo\/image\/","url":"https:\/\/jornalfatosenoticias.com.br\/wp-content\/uploads\/2020\/02\/logo120.png","contentUrl":"https:\/\/jornalfatosenoticias.com.br\/wp-content\/uploads\/2020\/02\/logo120.png","width":1227,"height":120,"caption":"Jornal Fatos e Not\u00edcias"},"image":{"@id":"https:\/\/jornalfatosenoticias.com.br\/#\/schema\/logo\/image\/"}},{"@type":"Person","@id":"https:\/\/jornalfatosenoticias.com.br\/#\/schema\/person\/d63837fa13ac8666eb9e74e0985d6f81","name":"Luzimara Fernandes","image":{"@type":"ImageObject","inLanguage":"pt-BR","@id":"https:\/\/jornalfatosenoticias.com.br\/#\/schema\/person\/image\/","url":"https:\/\/jornalfatosenoticias.com.br\/wp-content\/uploads\/2025\/05\/EU_portal.jpg","contentUrl":"https:\/\/jornalfatosenoticias.com.br\/wp-content\/uploads\/2025\/05\/EU_portal.jpg","caption":"Luzimara Fernandes"},"description":"Jornalista MTB 2358-ES","sameAs":["https:\/\/jornalfatosenoticias.com.br"],"url":"https:\/\/jornalfatosenoticias.com.br\/index.php\/author\/luzimara\/"}]}},"cc_featured_image_caption":{"caption_text":"Bancos ficaram fechados ontem (25) e na segunda-feira de carnaval (Foto: \u00a9Valter Campanato\/Ag\u00eancia Brasil)","source_text":"","source_url":""},"jetpack_featured_media_url":"https:\/\/jornalfatosenoticias.com.br\/wp-content\/uploads\/2020\/02\/bancos_carnaval.jpg","_links":{"self":[{"href":"https:\/\/jornalfatosenoticias.com.br\/index.php\/wp-json\/wp\/v2\/posts\/1391","targetHints":{"allow":["GET"]}}],"collection":[{"href":"https:\/\/jornalfatosenoticias.com.br\/index.php\/wp-json\/wp\/v2\/posts"}],"about":[{"href":"https:\/\/jornalfatosenoticias.com.br\/index.php\/wp-json\/wp\/v2\/types\/post"}],"author":[{"embeddable":true,"href":"https:\/\/jornalfatosenoticias.com.br\/index.php\/wp-json\/wp\/v2\/users\/2"}],"replies":[{"embeddable":true,"href":"https:\/\/jornalfatosenoticias.com.br\/index.php\/wp-json\/wp\/v2\/comments?post=1391"}],"version-history":[{"count":0,"href":"https:\/\/jornalfatosenoticias.com.br\/index.php\/wp-json\/wp\/v2\/posts\/1391\/revisions"}],"wp:featuredmedia":[{"embeddable":true,"href":"https:\/\/jornalfatosenoticias.com.br\/index.php\/wp-json\/wp\/v2\/media\/1392"}],"wp:attachment":[{"href":"https:\/\/jornalfatosenoticias.com.br\/index.php\/wp-json\/wp\/v2\/media?parent=1391"}],"wp:term":[{"taxonomy":"category","embeddable":true,"href":"https:\/\/jornalfatosenoticias.com.br\/index.php\/wp-json\/wp\/v2\/categories?post=1391"},{"taxonomy":"post_tag","embeddable":true,"href":"https:\/\/jornalfatosenoticias.com.br\/index.php\/wp-json\/wp\/v2\/tags?post=1391"}],"curies":[{"name":"wp","href":"https:\/\/api.w.org\/{rel}","templated":true}]}}