{"id":1394,"date":"2020-02-26T09:38:56","date_gmt":"2020-02-26T12:38:56","guid":{"rendered":"https:\/\/jornalfatosenoticias.com.br\/?p=1394"},"modified":"2020-02-26T09:39:02","modified_gmt":"2020-02-26T12:39:02","slug":"resultado-da-inscricao-para-fies-e-p-fies-sai-nesta-quarta","status":"publish","type":"post","link":"https:\/\/jornalfatosenoticias.com.br\/index.php\/2020\/02\/26\/resultado-da-inscricao-para-fies-e-p-fies-sai-nesta-quarta\/","title":{"rendered":"Resultado da inscri\u00e7\u00e3o para Fies e P-Fies sai nesta quarta"},"content":{"rendered":"\n<h6 class=\"wp-block-heading\"><em>Destinado aos estudantes com renda per capita mensal familiar de at\u00e9 cinco sal\u00e1rios m\u00ednimos, o P-Fies tem juros que variam de acordo com o banco e a institui\u00e7\u00e3o de ensino superior<\/em><\/h6>\n\n\n\n<p>Os estudantes que desejam cursar uma gradua\u00e7\u00e3o, mas n\u00e3o t\u00eam condi\u00e7\u00f5es de arcar com as mensalidades das faculdades saber\u00e3o hoje (26) se foram pr\u00e9-selecionados para o Fundo de Financiamento Estudantil (Fies) e para o Programa de Financiamento Estudantil (P-Fies). O Minist\u00e9rio da Educa\u00e7\u00e3o (MEC) divulgar\u00e1 o resultado no <a rel=\"noreferrer noopener\" href=\"http:\/\/fiesselecaoaluno.mec.gov.br\/\" target=\"_blank\">endere\u00e7o eletr\u00f4nico<\/a>  ou nas institui\u00e7\u00f5es para as quais se inscreveu.<br> As inscri\u00e7\u00f5es para as duas modalidades come\u00e7aram em 5 de fevereiro e terminaram no dia 14. De quinta-feira (27) at\u00e9 a pr\u00f3xima segunda-feira (2), os alunos pr\u00e9-selecionados em chamada \u00fanica dever\u00e3o complementar as informa\u00e7\u00f5es da inscri\u00e7\u00e3o no FiesSele\u00e7\u00e3o, no  <a rel=\"noreferrer noopener\" href=\"http:\/\/fies.mec.gov.br%2C\/\" target=\"_blank\">endere\u00e7o eletr\u00f4nico<\/a>, para contrata\u00e7\u00e3o do financiamento. Quem ficou na lista de espera deve enviar informa\u00e7\u00f5es at\u00e9 tr\u00eas dias \u00fateis depois da divulga\u00e7\u00e3o da pr\u00e9-sele\u00e7\u00e3o.<br> Na primeira modalidade, o novo Fies oferta vagas com juros zero para estudantes de renda per capita mensal familiar de at\u00e9 tr\u00eas sal\u00e1rios m\u00ednimos. Nessa modalidade, o aluno come\u00e7ar\u00e1 a pagar as presta\u00e7\u00f5es respeitando o seu limite de renda, fazendo com que os encargos a serem pagos pelos estudantes diminuam consideravelmente.<br> Destinado aos estudantes com renda per capita mensal familiar de at\u00e9 cinco sal\u00e1rios m\u00ednimos, o P-Fies tem juros que variam de acordo com o banco e a institui\u00e7\u00e3o de ensino superior. Essa modalidade funciona com recursos dos Fundos Constitucionais e de Desenvolvimento e com os recursos dos bancos privados participantes.<br> As inscri\u00e7\u00f5es para o Fies t\u00eam chamada \u00fanica e lista de espera, na qual os estudantes assumem o lugar de candidatos pr\u00e9-selecionados desistentes. J\u00e1 o resultado do P-Fies \u00e9 apenas divulgado em chamada \u00fanica. Segundo o MEC, cabe ao estudante consultar o resultado da sele\u00e7\u00e3o.<\/p>\n\n\n\n<h2 class=\"wp-block-heading\">Crit\u00e9rios<\/h2>\n\n\n\n<p>No Fies, os candidatos ser\u00e3o classificados no grupo de prefer\u00eancia para o qual se inscreveram, atendida a prioridade indicada entre as tr\u00eas op\u00e7\u00f5es de curso, de turno e de local de oferta escolhidas, A sele\u00e7\u00e3o obedece a uma ordem decrescente de acordo com as notas do Enem, observada a seguinte sequ\u00eancia. A chamada \u00fanica listar\u00e1 os candidatos classificados conforme o n\u00famero de vagas dispon\u00edveis no grupo de prefer\u00eancia.<br>\nEm primeiro lugar, est\u00e3o os candidatos que n\u00e3o tenham conclu\u00eddo o ensino superior e n\u00e3o tenham sido beneficiados pelo financiamento estudantil. Em seguida, os candidatos sem conclus\u00e3o do ensino superior, mas que j\u00e1 tenham sido recebido financiamento estudantil e o tenham quitado. Em terceiro, est\u00e3o os candidatos que j\u00e1 conclu\u00edram o ensino superior e n\u00e3o tenham sido beneficiados pelo financiamento estudantil. Por fim, v\u00eam os estudantes com conclus\u00e3o do ensino superior, tenham recebido financiamento estudantil e o tenham quitado.<br>\nNo P-Fies, os estudantes ser\u00e3o classificados conforme a nota no Enem no grupo de interesse escolhido, dentre as op\u00e7\u00f5es de curso, de turno e de local de oferta indicados pelo candidato. \u00c9 necess\u00e1ria a pr\u00e9-aprova\u00e7\u00e3o do financiamento por pelo menos um agente financeiro operador de cr\u00e9dito. Sem a pr\u00e9-aprova\u00e7\u00e3o, a inscri\u00e7\u00e3o ser\u00e1 automaticamente cancelada; e a vaga, repassada ao pr\u00f3ximo classificado no grupo de interesse escolhido.<br>\nA pr\u00e9-aprova\u00e7\u00e3o do financiamento no P-Fies \u00e9 de responsabilidade exclusiva dos agentes financeiros com rela\u00e7\u00e3o jur\u00eddica estabelecida com as mantenedoras das institui\u00e7\u00f5es de ensino superior participantes. O MEC informa que n\u00e3o atua nesse procedimento.<\/p>\n\n\n\n<p><strong><em>Fonte: Ag\u00eancia Brasil<\/em><\/strong><\/p>\n","protected":false},"excerpt":{"rendered":"<p>Destinado aos estudantes com renda per capita mensal familiar de at\u00e9 cinco sal\u00e1rios m\u00ednimos, o P-Fies tem juros que variam de acordo com o banco e a institui\u00e7\u00e3o de ensino superior Os estudantes que desejam cursar uma gradua\u00e7\u00e3o, mas n\u00e3o t\u00eam condi\u00e7\u00f5es de arcar com as mensalidades das faculdades saber\u00e3o hoje (26) se foram pr\u00e9-selecionados [&hellip;]<\/p>\n","protected":false},"author":2,"featured_media":1395,"comment_status":"open","ping_status":"open","sticky":false,"template":"","format":"standard","meta":{"footnotes":""},"categories":[7],"tags":[],"class_list":["post-1394","post","type-post","status-publish","format-standard","has-post-thumbnail","hentry","category-educacao"],"yoast_head":"<!-- This site is optimized with the Yoast SEO plugin v26.5 - https:\/\/yoast.com\/wordpress\/plugins\/seo\/ -->\n<title>Resultado da inscri\u00e7\u00e3o para Fies e P-Fies sai nesta quarta - Jornal Fatos e Not\u00edcias<\/title>\n<meta name=\"robots\" content=\"index, follow, max-snippet:-1, max-image-preview:large, max-video-preview:-1\" \/>\n<link rel=\"canonical\" href=\"https:\/\/jornalfatosenoticias.com.br\/index.php\/2020\/02\/26\/resultado-da-inscricao-para-fies-e-p-fies-sai-nesta-quarta\/\" \/>\n<meta property=\"og:locale\" content=\"pt_BR\" \/>\n<meta property=\"og:type\" content=\"article\" \/>\n<meta property=\"og:title\" content=\"Resultado da inscri\u00e7\u00e3o para Fies e P-Fies sai nesta quarta - Jornal Fatos e Not\u00edcias\" \/>\n<meta property=\"og:description\" content=\"Destinado aos estudantes com renda per capita mensal familiar de at\u00e9 cinco sal\u00e1rios m\u00ednimos, o P-Fies tem juros que variam de acordo com o banco e a institui\u00e7\u00e3o de ensino superior Os estudantes que desejam cursar uma gradua\u00e7\u00e3o, mas n\u00e3o t\u00eam condi\u00e7\u00f5es de arcar com as mensalidades das faculdades saber\u00e3o hoje (26) se foram pr\u00e9-selecionados [&hellip;]\" \/>\n<meta property=\"og:url\" content=\"https:\/\/jornalfatosenoticias.com.br\/index.php\/2020\/02\/26\/resultado-da-inscricao-para-fies-e-p-fies-sai-nesta-quarta\/\" \/>\n<meta property=\"og:site_name\" content=\"Jornal Fatos e Not\u00edcias\" \/>\n<meta property=\"article:published_time\" content=\"2020-02-26T12:38:56+00:00\" \/>\n<meta property=\"article:modified_time\" content=\"2020-02-26T12:39:02+00:00\" \/>\n<meta property=\"og:image\" content=\"https:\/\/jornalfatosenoticias.com.br\/wp-content\/uploads\/2020\/02\/novo_fies.jpg\" \/>\n\t<meta property=\"og:image:width\" content=\"1170\" \/>\n\t<meta property=\"og:image:height\" content=\"700\" \/>\n\t<meta property=\"og:image:type\" content=\"image\/jpeg\" \/>\n<meta name=\"author\" content=\"Luzimara Fernandes\" \/>\n<meta name=\"twitter:card\" content=\"summary_large_image\" \/>\n<meta name=\"twitter:label1\" content=\"Escrito por\" \/>\n\t<meta name=\"twitter:data1\" content=\"Luzimara Fernandes\" \/>\n\t<meta name=\"twitter:label2\" content=\"Est. tempo de leitura\" \/>\n\t<meta name=\"twitter:data2\" content=\"3 minutos\" \/>\n<script type=\"application\/ld+json\" class=\"yoast-schema-graph\">{\"@context\":\"https:\/\/schema.org\",\"@graph\":[{\"@type\":\"Article\",\"@id\":\"https:\/\/jornalfatosenoticias.com.br\/index.php\/2020\/02\/26\/resultado-da-inscricao-para-fies-e-p-fies-sai-nesta-quarta\/#article\",\"isPartOf\":{\"@id\":\"https:\/\/jornalfatosenoticias.com.br\/index.php\/2020\/02\/26\/resultado-da-inscricao-para-fies-e-p-fies-sai-nesta-quarta\/\"},\"author\":{\"name\":\"Luzimara Fernandes\",\"@id\":\"https:\/\/jornalfatosenoticias.com.br\/#\/schema\/person\/d63837fa13ac8666eb9e74e0985d6f81\"},\"headline\":\"Resultado da inscri\u00e7\u00e3o para Fies e P-Fies sai nesta quarta\",\"datePublished\":\"2020-02-26T12:38:56+00:00\",\"dateModified\":\"2020-02-26T12:39:02+00:00\",\"mainEntityOfPage\":{\"@id\":\"https:\/\/jornalfatosenoticias.com.br\/index.php\/2020\/02\/26\/resultado-da-inscricao-para-fies-e-p-fies-sai-nesta-quarta\/\"},\"wordCount\":631,\"commentCount\":0,\"publisher\":{\"@id\":\"https:\/\/jornalfatosenoticias.com.br\/#organization\"},\"image\":{\"@id\":\"https:\/\/jornalfatosenoticias.com.br\/index.php\/2020\/02\/26\/resultado-da-inscricao-para-fies-e-p-fies-sai-nesta-quarta\/#primaryimage\"},\"thumbnailUrl\":\"https:\/\/jornalfatosenoticias.com.br\/wp-content\/uploads\/2020\/02\/novo_fies.jpg\",\"articleSection\":[\"Educa\u00e7\u00e3o\"],\"inLanguage\":\"pt-BR\",\"potentialAction\":[{\"@type\":\"CommentAction\",\"name\":\"Comment\",\"target\":[\"https:\/\/jornalfatosenoticias.com.br\/index.php\/2020\/02\/26\/resultado-da-inscricao-para-fies-e-p-fies-sai-nesta-quarta\/#respond\"]}]},{\"@type\":\"WebPage\",\"@id\":\"https:\/\/jornalfatosenoticias.com.br\/index.php\/2020\/02\/26\/resultado-da-inscricao-para-fies-e-p-fies-sai-nesta-quarta\/\",\"url\":\"https:\/\/jornalfatosenoticias.com.br\/index.php\/2020\/02\/26\/resultado-da-inscricao-para-fies-e-p-fies-sai-nesta-quarta\/\",\"name\":\"Resultado da inscri\u00e7\u00e3o para Fies e P-Fies sai nesta quarta - Jornal Fatos e Not\u00edcias\",\"isPartOf\":{\"@id\":\"https:\/\/jornalfatosenoticias.com.br\/#website\"},\"primaryImageOfPage\":{\"@id\":\"https:\/\/jornalfatosenoticias.com.br\/index.php\/2020\/02\/26\/resultado-da-inscricao-para-fies-e-p-fies-sai-nesta-quarta\/#primaryimage\"},\"image\":{\"@id\":\"https:\/\/jornalfatosenoticias.com.br\/index.php\/2020\/02\/26\/resultado-da-inscricao-para-fies-e-p-fies-sai-nesta-quarta\/#primaryimage\"},\"thumbnailUrl\":\"https:\/\/jornalfatosenoticias.com.br\/wp-content\/uploads\/2020\/02\/novo_fies.jpg\",\"datePublished\":\"2020-02-26T12:38:56+00:00\",\"dateModified\":\"2020-02-26T12:39:02+00:00\",\"breadcrumb\":{\"@id\":\"https:\/\/jornalfatosenoticias.com.br\/index.php\/2020\/02\/26\/resultado-da-inscricao-para-fies-e-p-fies-sai-nesta-quarta\/#breadcrumb\"},\"inLanguage\":\"pt-BR\",\"potentialAction\":[{\"@type\":\"ReadAction\",\"target\":[\"https:\/\/jornalfatosenoticias.com.br\/index.php\/2020\/02\/26\/resultado-da-inscricao-para-fies-e-p-fies-sai-nesta-quarta\/\"]}]},{\"@type\":\"ImageObject\",\"inLanguage\":\"pt-BR\",\"@id\":\"https:\/\/jornalfatosenoticias.com.br\/index.php\/2020\/02\/26\/resultado-da-inscricao-para-fies-e-p-fies-sai-nesta-quarta\/#primaryimage\",\"url\":\"https:\/\/jornalfatosenoticias.com.br\/wp-content\/uploads\/2020\/02\/novo_fies.jpg\",\"contentUrl\":\"https:\/\/jornalfatosenoticias.com.br\/wp-content\/uploads\/2020\/02\/novo_fies.jpg\",\"width\":1170,\"height\":700,\"caption\":\"Estudantes dever\u00e3o complementar informa\u00e7\u00f5es at\u00e9 segunda-feira (2) (Foto: \u00a9Marcello Casal Jr.\/Ag\u00eancia Brasil)\"},{\"@type\":\"BreadcrumbList\",\"@id\":\"https:\/\/jornalfatosenoticias.com.br\/index.php\/2020\/02\/26\/resultado-da-inscricao-para-fies-e-p-fies-sai-nesta-quarta\/#breadcrumb\",\"itemListElement\":[{\"@type\":\"ListItem\",\"position\":1,\"name\":\"In\u00edcio\",\"item\":\"https:\/\/jornalfatosenoticias.com.br\/\"},{\"@type\":\"ListItem\",\"position\":2,\"name\":\"Resultado da inscri\u00e7\u00e3o para Fies e P-Fies sai nesta quarta\"}]},{\"@type\":\"WebSite\",\"@id\":\"https:\/\/jornalfatosenoticias.com.br\/#website\",\"url\":\"https:\/\/jornalfatosenoticias.com.br\/\",\"name\":\"Jornal Fatos e Not\u00edcias\",\"description\":\"Not\u00edcias em geral\",\"publisher\":{\"@id\":\"https:\/\/jornalfatosenoticias.com.br\/#organization\"},\"potentialAction\":[{\"@type\":\"SearchAction\",\"target\":{\"@type\":\"EntryPoint\",\"urlTemplate\":\"https:\/\/jornalfatosenoticias.com.br\/?s={search_term_string}\"},\"query-input\":{\"@type\":\"PropertyValueSpecification\",\"valueRequired\":true,\"valueName\":\"search_term_string\"}}],\"inLanguage\":\"pt-BR\"},{\"@type\":\"Organization\",\"@id\":\"https:\/\/jornalfatosenoticias.com.br\/#organization\",\"name\":\"Jornal Fatos e Not\u00edcias\",\"url\":\"https:\/\/jornalfatosenoticias.com.br\/\",\"logo\":{\"@type\":\"ImageObject\",\"inLanguage\":\"pt-BR\",\"@id\":\"https:\/\/jornalfatosenoticias.com.br\/#\/schema\/logo\/image\/\",\"url\":\"https:\/\/jornalfatosenoticias.com.br\/wp-content\/uploads\/2020\/02\/logo120.png\",\"contentUrl\":\"https:\/\/jornalfatosenoticias.com.br\/wp-content\/uploads\/2020\/02\/logo120.png\",\"width\":1227,\"height\":120,\"caption\":\"Jornal Fatos e Not\u00edcias\"},\"image\":{\"@id\":\"https:\/\/jornalfatosenoticias.com.br\/#\/schema\/logo\/image\/\"}},{\"@type\":\"Person\",\"@id\":\"https:\/\/jornalfatosenoticias.com.br\/#\/schema\/person\/d63837fa13ac8666eb9e74e0985d6f81\",\"name\":\"Luzimara Fernandes\",\"image\":{\"@type\":\"ImageObject\",\"inLanguage\":\"pt-BR\",\"@id\":\"https:\/\/jornalfatosenoticias.com.br\/#\/schema\/person\/image\/\",\"url\":\"https:\/\/jornalfatosenoticias.com.br\/wp-content\/uploads\/2025\/05\/EU_portal.jpg\",\"contentUrl\":\"https:\/\/jornalfatosenoticias.com.br\/wp-content\/uploads\/2025\/05\/EU_portal.jpg\",\"caption\":\"Luzimara Fernandes\"},\"description\":\"Jornalista MTB 2358-ES\",\"sameAs\":[\"https:\/\/jornalfatosenoticias.com.br\"],\"url\":\"https:\/\/jornalfatosenoticias.com.br\/index.php\/author\/luzimara\/\"}]}<\/script>\n<!-- \/ Yoast SEO plugin. -->","yoast_head_json":{"title":"Resultado da inscri\u00e7\u00e3o para Fies e P-Fies sai nesta quarta - Jornal Fatos e Not\u00edcias","robots":{"index":"index","follow":"follow","max-snippet":"max-snippet:-1","max-image-preview":"max-image-preview:large","max-video-preview":"max-video-preview:-1"},"canonical":"https:\/\/jornalfatosenoticias.com.br\/index.php\/2020\/02\/26\/resultado-da-inscricao-para-fies-e-p-fies-sai-nesta-quarta\/","og_locale":"pt_BR","og_type":"article","og_title":"Resultado da inscri\u00e7\u00e3o para Fies e P-Fies sai nesta quarta - Jornal Fatos e Not\u00edcias","og_description":"Destinado aos estudantes com renda per capita mensal familiar de at\u00e9 cinco sal\u00e1rios m\u00ednimos, o P-Fies tem juros que variam de acordo com o banco e a institui\u00e7\u00e3o de ensino superior Os estudantes que desejam cursar uma gradua\u00e7\u00e3o, mas n\u00e3o t\u00eam condi\u00e7\u00f5es de arcar com as mensalidades das faculdades saber\u00e3o hoje (26) se foram pr\u00e9-selecionados [&hellip;]","og_url":"https:\/\/jornalfatosenoticias.com.br\/index.php\/2020\/02\/26\/resultado-da-inscricao-para-fies-e-p-fies-sai-nesta-quarta\/","og_site_name":"Jornal Fatos e Not\u00edcias","article_published_time":"2020-02-26T12:38:56+00:00","article_modified_time":"2020-02-26T12:39:02+00:00","og_image":[{"width":1170,"height":700,"url":"https:\/\/jornalfatosenoticias.com.br\/wp-content\/uploads\/2020\/02\/novo_fies.jpg","type":"image\/jpeg"}],"author":"Luzimara Fernandes","twitter_card":"summary_large_image","twitter_misc":{"Escrito por":"Luzimara Fernandes","Est. tempo de leitura":"3 minutos"},"schema":{"@context":"https:\/\/schema.org","@graph":[{"@type":"Article","@id":"https:\/\/jornalfatosenoticias.com.br\/index.php\/2020\/02\/26\/resultado-da-inscricao-para-fies-e-p-fies-sai-nesta-quarta\/#article","isPartOf":{"@id":"https:\/\/jornalfatosenoticias.com.br\/index.php\/2020\/02\/26\/resultado-da-inscricao-para-fies-e-p-fies-sai-nesta-quarta\/"},"author":{"name":"Luzimara Fernandes","@id":"https:\/\/jornalfatosenoticias.com.br\/#\/schema\/person\/d63837fa13ac8666eb9e74e0985d6f81"},"headline":"Resultado da inscri\u00e7\u00e3o para Fies e P-Fies sai nesta quarta","datePublished":"2020-02-26T12:38:56+00:00","dateModified":"2020-02-26T12:39:02+00:00","mainEntityOfPage":{"@id":"https:\/\/jornalfatosenoticias.com.br\/index.php\/2020\/02\/26\/resultado-da-inscricao-para-fies-e-p-fies-sai-nesta-quarta\/"},"wordCount":631,"commentCount":0,"publisher":{"@id":"https:\/\/jornalfatosenoticias.com.br\/#organization"},"image":{"@id":"https:\/\/jornalfatosenoticias.com.br\/index.php\/2020\/02\/26\/resultado-da-inscricao-para-fies-e-p-fies-sai-nesta-quarta\/#primaryimage"},"thumbnailUrl":"https:\/\/jornalfatosenoticias.com.br\/wp-content\/uploads\/2020\/02\/novo_fies.jpg","articleSection":["Educa\u00e7\u00e3o"],"inLanguage":"pt-BR","potentialAction":[{"@type":"CommentAction","name":"Comment","target":["https:\/\/jornalfatosenoticias.com.br\/index.php\/2020\/02\/26\/resultado-da-inscricao-para-fies-e-p-fies-sai-nesta-quarta\/#respond"]}]},{"@type":"WebPage","@id":"https:\/\/jornalfatosenoticias.com.br\/index.php\/2020\/02\/26\/resultado-da-inscricao-para-fies-e-p-fies-sai-nesta-quarta\/","url":"https:\/\/jornalfatosenoticias.com.br\/index.php\/2020\/02\/26\/resultado-da-inscricao-para-fies-e-p-fies-sai-nesta-quarta\/","name":"Resultado da inscri\u00e7\u00e3o para Fies e P-Fies sai nesta quarta - Jornal Fatos e Not\u00edcias","isPartOf":{"@id":"https:\/\/jornalfatosenoticias.com.br\/#website"},"primaryImageOfPage":{"@id":"https:\/\/jornalfatosenoticias.com.br\/index.php\/2020\/02\/26\/resultado-da-inscricao-para-fies-e-p-fies-sai-nesta-quarta\/#primaryimage"},"image":{"@id":"https:\/\/jornalfatosenoticias.com.br\/index.php\/2020\/02\/26\/resultado-da-inscricao-para-fies-e-p-fies-sai-nesta-quarta\/#primaryimage"},"thumbnailUrl":"https:\/\/jornalfatosenoticias.com.br\/wp-content\/uploads\/2020\/02\/novo_fies.jpg","datePublished":"2020-02-26T12:38:56+00:00","dateModified":"2020-02-26T12:39:02+00:00","breadcrumb":{"@id":"https:\/\/jornalfatosenoticias.com.br\/index.php\/2020\/02\/26\/resultado-da-inscricao-para-fies-e-p-fies-sai-nesta-quarta\/#breadcrumb"},"inLanguage":"pt-BR","potentialAction":[{"@type":"ReadAction","target":["https:\/\/jornalfatosenoticias.com.br\/index.php\/2020\/02\/26\/resultado-da-inscricao-para-fies-e-p-fies-sai-nesta-quarta\/"]}]},{"@type":"ImageObject","inLanguage":"pt-BR","@id":"https:\/\/jornalfatosenoticias.com.br\/index.php\/2020\/02\/26\/resultado-da-inscricao-para-fies-e-p-fies-sai-nesta-quarta\/#primaryimage","url":"https:\/\/jornalfatosenoticias.com.br\/wp-content\/uploads\/2020\/02\/novo_fies.jpg","contentUrl":"https:\/\/jornalfatosenoticias.com.br\/wp-content\/uploads\/2020\/02\/novo_fies.jpg","width":1170,"height":700,"caption":"Estudantes dever\u00e3o complementar informa\u00e7\u00f5es at\u00e9 segunda-feira (2) (Foto: \u00a9Marcello Casal Jr.\/Ag\u00eancia Brasil)"},{"@type":"BreadcrumbList","@id":"https:\/\/jornalfatosenoticias.com.br\/index.php\/2020\/02\/26\/resultado-da-inscricao-para-fies-e-p-fies-sai-nesta-quarta\/#breadcrumb","itemListElement":[{"@type":"ListItem","position":1,"name":"In\u00edcio","item":"https:\/\/jornalfatosenoticias.com.br\/"},{"@type":"ListItem","position":2,"name":"Resultado da inscri\u00e7\u00e3o para Fies e P-Fies sai nesta quarta"}]},{"@type":"WebSite","@id":"https:\/\/jornalfatosenoticias.com.br\/#website","url":"https:\/\/jornalfatosenoticias.com.br\/","name":"Jornal Fatos e Not\u00edcias","description":"Not\u00edcias em geral","publisher":{"@id":"https:\/\/jornalfatosenoticias.com.br\/#organization"},"potentialAction":[{"@type":"SearchAction","target":{"@type":"EntryPoint","urlTemplate":"https:\/\/jornalfatosenoticias.com.br\/?s={search_term_string}"},"query-input":{"@type":"PropertyValueSpecification","valueRequired":true,"valueName":"search_term_string"}}],"inLanguage":"pt-BR"},{"@type":"Organization","@id":"https:\/\/jornalfatosenoticias.com.br\/#organization","name":"Jornal Fatos e Not\u00edcias","url":"https:\/\/jornalfatosenoticias.com.br\/","logo":{"@type":"ImageObject","inLanguage":"pt-BR","@id":"https:\/\/jornalfatosenoticias.com.br\/#\/schema\/logo\/image\/","url":"https:\/\/jornalfatosenoticias.com.br\/wp-content\/uploads\/2020\/02\/logo120.png","contentUrl":"https:\/\/jornalfatosenoticias.com.br\/wp-content\/uploads\/2020\/02\/logo120.png","width":1227,"height":120,"caption":"Jornal Fatos e Not\u00edcias"},"image":{"@id":"https:\/\/jornalfatosenoticias.com.br\/#\/schema\/logo\/image\/"}},{"@type":"Person","@id":"https:\/\/jornalfatosenoticias.com.br\/#\/schema\/person\/d63837fa13ac8666eb9e74e0985d6f81","name":"Luzimara Fernandes","image":{"@type":"ImageObject","inLanguage":"pt-BR","@id":"https:\/\/jornalfatosenoticias.com.br\/#\/schema\/person\/image\/","url":"https:\/\/jornalfatosenoticias.com.br\/wp-content\/uploads\/2025\/05\/EU_portal.jpg","contentUrl":"https:\/\/jornalfatosenoticias.com.br\/wp-content\/uploads\/2025\/05\/EU_portal.jpg","caption":"Luzimara Fernandes"},"description":"Jornalista MTB 2358-ES","sameAs":["https:\/\/jornalfatosenoticias.com.br"],"url":"https:\/\/jornalfatosenoticias.com.br\/index.php\/author\/luzimara\/"}]}},"cc_featured_image_caption":{"caption_text":"\r\nEstudantes dever\u00e3o complementar informa\u00e7\u00f5es at\u00e9 segunda-feira (2) (Foto: \u00a9Marcello Casal Jr.\/Ag\u00eancia Brasil)","source_text":"","source_url":""},"jetpack_featured_media_url":"https:\/\/jornalfatosenoticias.com.br\/wp-content\/uploads\/2020\/02\/novo_fies.jpg","_links":{"self":[{"href":"https:\/\/jornalfatosenoticias.com.br\/index.php\/wp-json\/wp\/v2\/posts\/1394","targetHints":{"allow":["GET"]}}],"collection":[{"href":"https:\/\/jornalfatosenoticias.com.br\/index.php\/wp-json\/wp\/v2\/posts"}],"about":[{"href":"https:\/\/jornalfatosenoticias.com.br\/index.php\/wp-json\/wp\/v2\/types\/post"}],"author":[{"embeddable":true,"href":"https:\/\/jornalfatosenoticias.com.br\/index.php\/wp-json\/wp\/v2\/users\/2"}],"replies":[{"embeddable":true,"href":"https:\/\/jornalfatosenoticias.com.br\/index.php\/wp-json\/wp\/v2\/comments?post=1394"}],"version-history":[{"count":0,"href":"https:\/\/jornalfatosenoticias.com.br\/index.php\/wp-json\/wp\/v2\/posts\/1394\/revisions"}],"wp:featuredmedia":[{"embeddable":true,"href":"https:\/\/jornalfatosenoticias.com.br\/index.php\/wp-json\/wp\/v2\/media\/1395"}],"wp:attachment":[{"href":"https:\/\/jornalfatosenoticias.com.br\/index.php\/wp-json\/wp\/v2\/media?parent=1394"}],"wp:term":[{"taxonomy":"category","embeddable":true,"href":"https:\/\/jornalfatosenoticias.com.br\/index.php\/wp-json\/wp\/v2\/categories?post=1394"},{"taxonomy":"post_tag","embeddable":true,"href":"https:\/\/jornalfatosenoticias.com.br\/index.php\/wp-json\/wp\/v2\/tags?post=1394"}],"curies":[{"name":"wp","href":"https:\/\/api.w.org\/{rel}","templated":true}]}}