{"id":1397,"date":"2020-02-26T09:50:56","date_gmt":"2020-02-26T12:50:56","guid":{"rendered":"https:\/\/jornalfatosenoticias.com.br\/?p=1397"},"modified":"2020-02-26T09:55:38","modified_gmt":"2020-02-26T12:55:38","slug":"caso-suspeito-de-coronavirus-e-monitorado-pelo-ministerio-da-saude","status":"publish","type":"post","link":"https:\/\/jornalfatosenoticias.com.br\/index.php\/2020\/02\/26\/caso-suspeito-de-coronavirus-e-monitorado-pelo-ministerio-da-saude\/","title":{"rendered":"Caso suspeito de coronav\u00edrus \u00e9 monitorado pelo Minist\u00e9rio da Sa\u00fade"},"content":{"rendered":"\n<h6 class=\"wp-block-heading\"><em>O minist\u00e9rio \u201crecomenda, portanto, cautela sobre quaisquer informa\u00e7\u00f5es que n\u00e3o sejam as oficiais, uma vez que a investiga\u00e7\u00e3o n\u00e3o est\u00e1 conclu\u00edda\u201d<\/em><\/h6>\n\n\n\n<p>O Hospital Israelita Albert Einstein registrou no Minist\u00e9rio da Sa\u00fade a notifica\u00e7\u00e3o de caso suspeito de coronav\u00edrus (Covid-19), em um paciente de 61 anos, que esteve recentemente na It\u00e1lia. De acordo com o minist\u00e9rio, no atendimento ao caso, o hospital adotou todas as medidas preventivas para transmiss\u00e3o por got\u00edculas, coletou amostras e realizou testes para v\u00edrus respirat\u00f3rios comuns e o exame espec\u00edfico, conforme preconizado pela Organiza\u00e7\u00e3o Mundial da Sa\u00fade (OMS).<br>\nCom resultados preliminares realizados pela unidade de sa\u00fade e de acordo com o Plano de Conting\u00eancia Nacional, o hospital enviou a amostra para o laborat\u00f3rio de refer\u00eancia nacional, Instituto Adolfo Lutz, para contraprova. Segundo o minist\u00e9rio, este processo de valida\u00e7\u00e3o dos resultados est\u00e1 em curso e a pasta divulgar\u00e1 o laudo final da investiga\u00e7\u00e3o oportunamente. O minist\u00e9rio \u201crecomenda, portanto, cautela sobre quaisquer informa\u00e7\u00f5es que n\u00e3o sejam as oficiais, uma vez que a investiga\u00e7\u00e3o n\u00e3o est\u00e1 conclu\u00edda\u201d.<br>\nO paciente com suspeita da doen\u00e7a esteve na regi\u00e3o da Lombardia, no Norte da It\u00e1lia, a trabalho, no per\u00edodo de 9 a 21 de fevereiro. Ele desembarcou na \u00faltima sexta-feira (21), em S\u00e3o Paulo, com sinais e sintomas (febre, tosse seca, dor de garganta e coriza) compat\u00edveis com a suspeita de doen\u00e7a Covid-19. \u201cO paciente est\u00e1 bem, com sinais brandos e recebeu as orienta\u00e7\u00f5es de precau\u00e7\u00e3o padr\u00e3o\u201d, diz ainda a nota divulgada pelo minist\u00e9rio.<\/p>\n\n\n\n<figure class=\"wp-block-image size-large\"><img loading=\"lazy\" decoding=\"async\" width=\"960\" height=\"529\" src=\"https:\/\/jornalfatosenoticias.com.br\/wp-content\/uploads\/2020\/02\/hospital-israelita-albert-einstein.jpg\" alt=\"\" class=\"wp-image-1398\" srcset=\"https:\/\/jornalfatosenoticias.com.br\/wp-content\/uploads\/2020\/02\/hospital-israelita-albert-einstein.jpg 960w, https:\/\/jornalfatosenoticias.com.br\/wp-content\/uploads\/2020\/02\/hospital-israelita-albert-einstein-300x165.jpg 300w, https:\/\/jornalfatosenoticias.com.br\/wp-content\/uploads\/2020\/02\/hospital-israelita-albert-einstein-768x423.jpg 768w\" sizes=\"auto, (max-width: 960px) 100vw, 960px\" \/><figcaption><em>O paciente est\u00e1 internado no Hospital Albert Einstein em S\u00e3o Paulo (Foto: Fernando Bizerra)<\/em><\/figcaption><\/figure>\n\n\n\n<h2 class=\"wp-block-heading\">Anvisa<\/h2>\n\n\n\n<p>A Ag\u00eancia Nacional de Vigil\u00e2ncia Sanit\u00e1ria (Anvisa) deu in\u00edcio aos procedimentos padr\u00e3o, solicitando \u00e0 companhia a\u00e9rea a lista de passageiros para identificar as pessoas que estiveram no mesmo voo procedente da It\u00e1lia, pa\u00eds na lista de casos confirmados da doen\u00e7a.<br>\n\u201cO documento ser\u00e1 encaminhado ao Centro de Informa\u00e7\u00f5es Estrat\u00e9gicas em Vigil\u00e2ncia em Sa\u00fade (Cievs) para investiga\u00e7\u00e3o de outros passageiros do voo que tiveram contato com o caso suspeito\u201d, diz a nota da Anvisa.<br>\nA Ag\u00eancia refor\u00e7a o alerta para as pessoas que estiveram recentemente em pa\u00edses com casos confirmados e apresentar febre, tosse, dificuldade em respirar ou outros sintomas respirat\u00f3rios, procure atendimento m\u00e9dico de imediato e informe ao profissional de sa\u00fade a viagem feita para o exterior.<br>\nNa segunda-feira (24), o Minist\u00e9rio da Sa\u00fade informou que ampliou os crit\u00e9rios para defini\u00e7\u00e3o de caso suspeito para o Covid-19.<br>\nAgora, tamb\u00e9m est\u00e3o enquadradas com suspeitas pessoas que apresentarem febre e mais um sintoma gripal, como tosse ou falta de ar, e vierem dos seguintes pa\u00edses: Alemanha, Austr\u00e1lia, Emirados \u00c1rabes, Filipinas, Fran\u00e7a, Ir\u00e3, It\u00e1lia, Mal\u00e1sia, Jap\u00e3o, Singapura, Coreia do Sul, Coreia do Norte, Tail\u00e2ndia, Vietn\u00e3 e Camboja, al\u00e9m da China.<br>\n\u201cA decis\u00e3o da pasta de aumentar o n\u00edvel de seguran\u00e7a e sensibilidade da vigil\u00e2ncia surgiu da preocupa\u00e7\u00e3o que esses pa\u00edses t\u00eam gerado em decorr\u00eancia da grande quantidade de casos do novo coronav\u00edrus nos \u00faltimos dias. De acordo com a Organiza\u00e7\u00e3o Mundial da Sa\u00fade (OMS), esses pa\u00edses t\u00eam pelo menos cinco casos com transmiss\u00e3o interna da doen\u00e7a\u201d.<\/p>\n\n\n\n<p><strong><em>Fonte: Ag\u00eancia Brasil<\/em><\/strong><\/p>\n","protected":false},"excerpt":{"rendered":"<p>O minist\u00e9rio \u201crecomenda, portanto, cautela sobre quaisquer informa\u00e7\u00f5es que n\u00e3o sejam as oficiais, uma vez que a investiga\u00e7\u00e3o n\u00e3o est\u00e1 conclu\u00edda\u201d O Hospital Israelita Albert Einstein registrou no Minist\u00e9rio da Sa\u00fade a notifica\u00e7\u00e3o de caso suspeito de coronav\u00edrus (Covid-19), em um paciente de 61 anos, que esteve recentemente na It\u00e1lia. De acordo com o minist\u00e9rio, [&hellip;]<\/p>\n","protected":false},"author":2,"featured_media":1399,"comment_status":"open","ping_status":"open","sticky":false,"template":"","format":"standard","meta":{"footnotes":""},"categories":[11],"tags":[],"class_list":["post-1397","post","type-post","status-publish","format-standard","has-post-thumbnail","hentry","category-saude"],"yoast_head":"<!-- This site is optimized with the Yoast SEO plugin v26.5 - https:\/\/yoast.com\/wordpress\/plugins\/seo\/ -->\n<title>Caso suspeito de coronav\u00edrus \u00e9 monitorado pelo Minist\u00e9rio da Sa\u00fade - Jornal Fatos e Not\u00edcias<\/title>\n<meta name=\"robots\" content=\"index, follow, max-snippet:-1, max-image-preview:large, max-video-preview:-1\" \/>\n<link rel=\"canonical\" href=\"https:\/\/jornalfatosenoticias.com.br\/index.php\/2020\/02\/26\/caso-suspeito-de-coronavirus-e-monitorado-pelo-ministerio-da-saude\/\" \/>\n<meta property=\"og:locale\" content=\"pt_BR\" \/>\n<meta property=\"og:type\" content=\"article\" \/>\n<meta property=\"og:title\" content=\"Caso suspeito de coronav\u00edrus \u00e9 monitorado pelo Minist\u00e9rio da Sa\u00fade - Jornal Fatos e Not\u00edcias\" \/>\n<meta property=\"og:description\" content=\"O minist\u00e9rio \u201crecomenda, portanto, cautela sobre quaisquer informa\u00e7\u00f5es que n\u00e3o sejam as oficiais, uma vez que a investiga\u00e7\u00e3o n\u00e3o est\u00e1 conclu\u00edda\u201d O Hospital Israelita Albert Einstein registrou no Minist\u00e9rio da Sa\u00fade a notifica\u00e7\u00e3o de caso suspeito de coronav\u00edrus (Covid-19), em um paciente de 61 anos, que esteve recentemente na It\u00e1lia. De acordo com o minist\u00e9rio, [&hellip;]\" \/>\n<meta property=\"og:url\" content=\"https:\/\/jornalfatosenoticias.com.br\/index.php\/2020\/02\/26\/caso-suspeito-de-coronavirus-e-monitorado-pelo-ministerio-da-saude\/\" \/>\n<meta property=\"og:site_name\" content=\"Jornal Fatos e Not\u00edcias\" \/>\n<meta property=\"article:published_time\" content=\"2020-02-26T12:50:56+00:00\" \/>\n<meta property=\"article:modified_time\" content=\"2020-02-26T12:55:38+00:00\" \/>\n<meta property=\"og:image\" content=\"https:\/\/jornalfatosenoticias.com.br\/wp-content\/uploads\/2020\/02\/coronavirus_Brasil.jpg\" \/>\n\t<meta property=\"og:image:width\" content=\"1170\" \/>\n\t<meta property=\"og:image:height\" content=\"700\" \/>\n\t<meta property=\"og:image:type\" content=\"image\/jpeg\" \/>\n<meta name=\"author\" content=\"Luzimara Fernandes\" \/>\n<meta name=\"twitter:card\" content=\"summary_large_image\" \/>\n<meta name=\"twitter:label1\" content=\"Escrito por\" \/>\n\t<meta name=\"twitter:data1\" content=\"Luzimara Fernandes\" \/>\n\t<meta name=\"twitter:label2\" content=\"Est. tempo de leitura\" \/>\n\t<meta name=\"twitter:data2\" content=\"3 minutos\" \/>\n<script type=\"application\/ld+json\" class=\"yoast-schema-graph\">{\"@context\":\"https:\/\/schema.org\",\"@graph\":[{\"@type\":\"Article\",\"@id\":\"https:\/\/jornalfatosenoticias.com.br\/index.php\/2020\/02\/26\/caso-suspeito-de-coronavirus-e-monitorado-pelo-ministerio-da-saude\/#article\",\"isPartOf\":{\"@id\":\"https:\/\/jornalfatosenoticias.com.br\/index.php\/2020\/02\/26\/caso-suspeito-de-coronavirus-e-monitorado-pelo-ministerio-da-saude\/\"},\"author\":{\"name\":\"Luzimara Fernandes\",\"@id\":\"https:\/\/jornalfatosenoticias.com.br\/#\/schema\/person\/d63837fa13ac8666eb9e74e0985d6f81\"},\"headline\":\"Caso suspeito de coronav\u00edrus \u00e9 monitorado pelo Minist\u00e9rio da Sa\u00fade\",\"datePublished\":\"2020-02-26T12:50:56+00:00\",\"dateModified\":\"2020-02-26T12:55:38+00:00\",\"mainEntityOfPage\":{\"@id\":\"https:\/\/jornalfatosenoticias.com.br\/index.php\/2020\/02\/26\/caso-suspeito-de-coronavirus-e-monitorado-pelo-ministerio-da-saude\/\"},\"wordCount\":602,\"commentCount\":0,\"publisher\":{\"@id\":\"https:\/\/jornalfatosenoticias.com.br\/#organization\"},\"image\":{\"@id\":\"https:\/\/jornalfatosenoticias.com.br\/index.php\/2020\/02\/26\/caso-suspeito-de-coronavirus-e-monitorado-pelo-ministerio-da-saude\/#primaryimage\"},\"thumbnailUrl\":\"https:\/\/jornalfatosenoticias.com.br\/wp-content\/uploads\/2020\/02\/coronavirus_Brasil.jpg\",\"articleSection\":[\"Sa\u00fade\"],\"inLanguage\":\"pt-BR\",\"potentialAction\":[{\"@type\":\"CommentAction\",\"name\":\"Comment\",\"target\":[\"https:\/\/jornalfatosenoticias.com.br\/index.php\/2020\/02\/26\/caso-suspeito-de-coronavirus-e-monitorado-pelo-ministerio-da-saude\/#respond\"]}]},{\"@type\":\"WebPage\",\"@id\":\"https:\/\/jornalfatosenoticias.com.br\/index.php\/2020\/02\/26\/caso-suspeito-de-coronavirus-e-monitorado-pelo-ministerio-da-saude\/\",\"url\":\"https:\/\/jornalfatosenoticias.com.br\/index.php\/2020\/02\/26\/caso-suspeito-de-coronavirus-e-monitorado-pelo-ministerio-da-saude\/\",\"name\":\"Caso suspeito de coronav\u00edrus \u00e9 monitorado pelo Minist\u00e9rio da Sa\u00fade - Jornal Fatos e Not\u00edcias\",\"isPartOf\":{\"@id\":\"https:\/\/jornalfatosenoticias.com.br\/#website\"},\"primaryImageOfPage\":{\"@id\":\"https:\/\/jornalfatosenoticias.com.br\/index.php\/2020\/02\/26\/caso-suspeito-de-coronavirus-e-monitorado-pelo-ministerio-da-saude\/#primaryimage\"},\"image\":{\"@id\":\"https:\/\/jornalfatosenoticias.com.br\/index.php\/2020\/02\/26\/caso-suspeito-de-coronavirus-e-monitorado-pelo-ministerio-da-saude\/#primaryimage\"},\"thumbnailUrl\":\"https:\/\/jornalfatosenoticias.com.br\/wp-content\/uploads\/2020\/02\/coronavirus_Brasil.jpg\",\"datePublished\":\"2020-02-26T12:50:56+00:00\",\"dateModified\":\"2020-02-26T12:55:38+00:00\",\"breadcrumb\":{\"@id\":\"https:\/\/jornalfatosenoticias.com.br\/index.php\/2020\/02\/26\/caso-suspeito-de-coronavirus-e-monitorado-pelo-ministerio-da-saude\/#breadcrumb\"},\"inLanguage\":\"pt-BR\",\"potentialAction\":[{\"@type\":\"ReadAction\",\"target\":[\"https:\/\/jornalfatosenoticias.com.br\/index.php\/2020\/02\/26\/caso-suspeito-de-coronavirus-e-monitorado-pelo-ministerio-da-saude\/\"]}]},{\"@type\":\"ImageObject\",\"inLanguage\":\"pt-BR\",\"@id\":\"https:\/\/jornalfatosenoticias.com.br\/index.php\/2020\/02\/26\/caso-suspeito-de-coronavirus-e-monitorado-pelo-ministerio-da-saude\/#primaryimage\",\"url\":\"https:\/\/jornalfatosenoticias.com.br\/wp-content\/uploads\/2020\/02\/coronavirus_Brasil.jpg\",\"contentUrl\":\"https:\/\/jornalfatosenoticias.com.br\/wp-content\/uploads\/2020\/02\/coronavirus_Brasil.jpg\",\"width\":1170,\"height\":700},{\"@type\":\"BreadcrumbList\",\"@id\":\"https:\/\/jornalfatosenoticias.com.br\/index.php\/2020\/02\/26\/caso-suspeito-de-coronavirus-e-monitorado-pelo-ministerio-da-saude\/#breadcrumb\",\"itemListElement\":[{\"@type\":\"ListItem\",\"position\":1,\"name\":\"In\u00edcio\",\"item\":\"https:\/\/jornalfatosenoticias.com.br\/\"},{\"@type\":\"ListItem\",\"position\":2,\"name\":\"Caso suspeito de coronav\u00edrus \u00e9 monitorado pelo Minist\u00e9rio da Sa\u00fade\"}]},{\"@type\":\"WebSite\",\"@id\":\"https:\/\/jornalfatosenoticias.com.br\/#website\",\"url\":\"https:\/\/jornalfatosenoticias.com.br\/\",\"name\":\"Jornal Fatos e Not\u00edcias\",\"description\":\"Not\u00edcias em geral\",\"publisher\":{\"@id\":\"https:\/\/jornalfatosenoticias.com.br\/#organization\"},\"potentialAction\":[{\"@type\":\"SearchAction\",\"target\":{\"@type\":\"EntryPoint\",\"urlTemplate\":\"https:\/\/jornalfatosenoticias.com.br\/?s={search_term_string}\"},\"query-input\":{\"@type\":\"PropertyValueSpecification\",\"valueRequired\":true,\"valueName\":\"search_term_string\"}}],\"inLanguage\":\"pt-BR\"},{\"@type\":\"Organization\",\"@id\":\"https:\/\/jornalfatosenoticias.com.br\/#organization\",\"name\":\"Jornal Fatos e Not\u00edcias\",\"url\":\"https:\/\/jornalfatosenoticias.com.br\/\",\"logo\":{\"@type\":\"ImageObject\",\"inLanguage\":\"pt-BR\",\"@id\":\"https:\/\/jornalfatosenoticias.com.br\/#\/schema\/logo\/image\/\",\"url\":\"https:\/\/jornalfatosenoticias.com.br\/wp-content\/uploads\/2020\/02\/logo120.png\",\"contentUrl\":\"https:\/\/jornalfatosenoticias.com.br\/wp-content\/uploads\/2020\/02\/logo120.png\",\"width\":1227,\"height\":120,\"caption\":\"Jornal Fatos e Not\u00edcias\"},\"image\":{\"@id\":\"https:\/\/jornalfatosenoticias.com.br\/#\/schema\/logo\/image\/\"}},{\"@type\":\"Person\",\"@id\":\"https:\/\/jornalfatosenoticias.com.br\/#\/schema\/person\/d63837fa13ac8666eb9e74e0985d6f81\",\"name\":\"Luzimara Fernandes\",\"image\":{\"@type\":\"ImageObject\",\"inLanguage\":\"pt-BR\",\"@id\":\"https:\/\/jornalfatosenoticias.com.br\/#\/schema\/person\/image\/\",\"url\":\"https:\/\/jornalfatosenoticias.com.br\/wp-content\/uploads\/2025\/05\/EU_portal.jpg\",\"contentUrl\":\"https:\/\/jornalfatosenoticias.com.br\/wp-content\/uploads\/2025\/05\/EU_portal.jpg\",\"caption\":\"Luzimara Fernandes\"},\"description\":\"Jornalista MTB 2358-ES\",\"sameAs\":[\"https:\/\/jornalfatosenoticias.com.br\"],\"url\":\"https:\/\/jornalfatosenoticias.com.br\/index.php\/author\/luzimara\/\"}]}<\/script>\n<!-- \/ Yoast SEO plugin. -->","yoast_head_json":{"title":"Caso suspeito de coronav\u00edrus \u00e9 monitorado pelo Minist\u00e9rio da Sa\u00fade - Jornal Fatos e Not\u00edcias","robots":{"index":"index","follow":"follow","max-snippet":"max-snippet:-1","max-image-preview":"max-image-preview:large","max-video-preview":"max-video-preview:-1"},"canonical":"https:\/\/jornalfatosenoticias.com.br\/index.php\/2020\/02\/26\/caso-suspeito-de-coronavirus-e-monitorado-pelo-ministerio-da-saude\/","og_locale":"pt_BR","og_type":"article","og_title":"Caso suspeito de coronav\u00edrus \u00e9 monitorado pelo Minist\u00e9rio da Sa\u00fade - Jornal Fatos e Not\u00edcias","og_description":"O minist\u00e9rio \u201crecomenda, portanto, cautela sobre quaisquer informa\u00e7\u00f5es que n\u00e3o sejam as oficiais, uma vez que a investiga\u00e7\u00e3o n\u00e3o est\u00e1 conclu\u00edda\u201d O Hospital Israelita Albert Einstein registrou no Minist\u00e9rio da Sa\u00fade a notifica\u00e7\u00e3o de caso suspeito de coronav\u00edrus (Covid-19), em um paciente de 61 anos, que esteve recentemente na It\u00e1lia. De acordo com o minist\u00e9rio, [&hellip;]","og_url":"https:\/\/jornalfatosenoticias.com.br\/index.php\/2020\/02\/26\/caso-suspeito-de-coronavirus-e-monitorado-pelo-ministerio-da-saude\/","og_site_name":"Jornal Fatos e Not\u00edcias","article_published_time":"2020-02-26T12:50:56+00:00","article_modified_time":"2020-02-26T12:55:38+00:00","og_image":[{"width":1170,"height":700,"url":"https:\/\/jornalfatosenoticias.com.br\/wp-content\/uploads\/2020\/02\/coronavirus_Brasil.jpg","type":"image\/jpeg"}],"author":"Luzimara Fernandes","twitter_card":"summary_large_image","twitter_misc":{"Escrito por":"Luzimara Fernandes","Est. tempo de leitura":"3 minutos"},"schema":{"@context":"https:\/\/schema.org","@graph":[{"@type":"Article","@id":"https:\/\/jornalfatosenoticias.com.br\/index.php\/2020\/02\/26\/caso-suspeito-de-coronavirus-e-monitorado-pelo-ministerio-da-saude\/#article","isPartOf":{"@id":"https:\/\/jornalfatosenoticias.com.br\/index.php\/2020\/02\/26\/caso-suspeito-de-coronavirus-e-monitorado-pelo-ministerio-da-saude\/"},"author":{"name":"Luzimara Fernandes","@id":"https:\/\/jornalfatosenoticias.com.br\/#\/schema\/person\/d63837fa13ac8666eb9e74e0985d6f81"},"headline":"Caso suspeito de coronav\u00edrus \u00e9 monitorado pelo Minist\u00e9rio da Sa\u00fade","datePublished":"2020-02-26T12:50:56+00:00","dateModified":"2020-02-26T12:55:38+00:00","mainEntityOfPage":{"@id":"https:\/\/jornalfatosenoticias.com.br\/index.php\/2020\/02\/26\/caso-suspeito-de-coronavirus-e-monitorado-pelo-ministerio-da-saude\/"},"wordCount":602,"commentCount":0,"publisher":{"@id":"https:\/\/jornalfatosenoticias.com.br\/#organization"},"image":{"@id":"https:\/\/jornalfatosenoticias.com.br\/index.php\/2020\/02\/26\/caso-suspeito-de-coronavirus-e-monitorado-pelo-ministerio-da-saude\/#primaryimage"},"thumbnailUrl":"https:\/\/jornalfatosenoticias.com.br\/wp-content\/uploads\/2020\/02\/coronavirus_Brasil.jpg","articleSection":["Sa\u00fade"],"inLanguage":"pt-BR","potentialAction":[{"@type":"CommentAction","name":"Comment","target":["https:\/\/jornalfatosenoticias.com.br\/index.php\/2020\/02\/26\/caso-suspeito-de-coronavirus-e-monitorado-pelo-ministerio-da-saude\/#respond"]}]},{"@type":"WebPage","@id":"https:\/\/jornalfatosenoticias.com.br\/index.php\/2020\/02\/26\/caso-suspeito-de-coronavirus-e-monitorado-pelo-ministerio-da-saude\/","url":"https:\/\/jornalfatosenoticias.com.br\/index.php\/2020\/02\/26\/caso-suspeito-de-coronavirus-e-monitorado-pelo-ministerio-da-saude\/","name":"Caso suspeito de coronav\u00edrus \u00e9 monitorado pelo Minist\u00e9rio da Sa\u00fade - Jornal Fatos e Not\u00edcias","isPartOf":{"@id":"https:\/\/jornalfatosenoticias.com.br\/#website"},"primaryImageOfPage":{"@id":"https:\/\/jornalfatosenoticias.com.br\/index.php\/2020\/02\/26\/caso-suspeito-de-coronavirus-e-monitorado-pelo-ministerio-da-saude\/#primaryimage"},"image":{"@id":"https:\/\/jornalfatosenoticias.com.br\/index.php\/2020\/02\/26\/caso-suspeito-de-coronavirus-e-monitorado-pelo-ministerio-da-saude\/#primaryimage"},"thumbnailUrl":"https:\/\/jornalfatosenoticias.com.br\/wp-content\/uploads\/2020\/02\/coronavirus_Brasil.jpg","datePublished":"2020-02-26T12:50:56+00:00","dateModified":"2020-02-26T12:55:38+00:00","breadcrumb":{"@id":"https:\/\/jornalfatosenoticias.com.br\/index.php\/2020\/02\/26\/caso-suspeito-de-coronavirus-e-monitorado-pelo-ministerio-da-saude\/#breadcrumb"},"inLanguage":"pt-BR","potentialAction":[{"@type":"ReadAction","target":["https:\/\/jornalfatosenoticias.com.br\/index.php\/2020\/02\/26\/caso-suspeito-de-coronavirus-e-monitorado-pelo-ministerio-da-saude\/"]}]},{"@type":"ImageObject","inLanguage":"pt-BR","@id":"https:\/\/jornalfatosenoticias.com.br\/index.php\/2020\/02\/26\/caso-suspeito-de-coronavirus-e-monitorado-pelo-ministerio-da-saude\/#primaryimage","url":"https:\/\/jornalfatosenoticias.com.br\/wp-content\/uploads\/2020\/02\/coronavirus_Brasil.jpg","contentUrl":"https:\/\/jornalfatosenoticias.com.br\/wp-content\/uploads\/2020\/02\/coronavirus_Brasil.jpg","width":1170,"height":700},{"@type":"BreadcrumbList","@id":"https:\/\/jornalfatosenoticias.com.br\/index.php\/2020\/02\/26\/caso-suspeito-de-coronavirus-e-monitorado-pelo-ministerio-da-saude\/#breadcrumb","itemListElement":[{"@type":"ListItem","position":1,"name":"In\u00edcio","item":"https:\/\/jornalfatosenoticias.com.br\/"},{"@type":"ListItem","position":2,"name":"Caso suspeito de coronav\u00edrus \u00e9 monitorado pelo Minist\u00e9rio da Sa\u00fade"}]},{"@type":"WebSite","@id":"https:\/\/jornalfatosenoticias.com.br\/#website","url":"https:\/\/jornalfatosenoticias.com.br\/","name":"Jornal Fatos e Not\u00edcias","description":"Not\u00edcias em geral","publisher":{"@id":"https:\/\/jornalfatosenoticias.com.br\/#organization"},"potentialAction":[{"@type":"SearchAction","target":{"@type":"EntryPoint","urlTemplate":"https:\/\/jornalfatosenoticias.com.br\/?s={search_term_string}"},"query-input":{"@type":"PropertyValueSpecification","valueRequired":true,"valueName":"search_term_string"}}],"inLanguage":"pt-BR"},{"@type":"Organization","@id":"https:\/\/jornalfatosenoticias.com.br\/#organization","name":"Jornal Fatos e Not\u00edcias","url":"https:\/\/jornalfatosenoticias.com.br\/","logo":{"@type":"ImageObject","inLanguage":"pt-BR","@id":"https:\/\/jornalfatosenoticias.com.br\/#\/schema\/logo\/image\/","url":"https:\/\/jornalfatosenoticias.com.br\/wp-content\/uploads\/2020\/02\/logo120.png","contentUrl":"https:\/\/jornalfatosenoticias.com.br\/wp-content\/uploads\/2020\/02\/logo120.png","width":1227,"height":120,"caption":"Jornal Fatos e Not\u00edcias"},"image":{"@id":"https:\/\/jornalfatosenoticias.com.br\/#\/schema\/logo\/image\/"}},{"@type":"Person","@id":"https:\/\/jornalfatosenoticias.com.br\/#\/schema\/person\/d63837fa13ac8666eb9e74e0985d6f81","name":"Luzimara Fernandes","image":{"@type":"ImageObject","inLanguage":"pt-BR","@id":"https:\/\/jornalfatosenoticias.com.br\/#\/schema\/person\/image\/","url":"https:\/\/jornalfatosenoticias.com.br\/wp-content\/uploads\/2025\/05\/EU_portal.jpg","contentUrl":"https:\/\/jornalfatosenoticias.com.br\/wp-content\/uploads\/2025\/05\/EU_portal.jpg","caption":"Luzimara Fernandes"},"description":"Jornalista MTB 2358-ES","sameAs":["https:\/\/jornalfatosenoticias.com.br"],"url":"https:\/\/jornalfatosenoticias.com.br\/index.php\/author\/luzimara\/"}]}},"cc_featured_image_caption":{"caption_text":"(Foto: \u00a9F\u00e1bio Rodrigues Pozzebom\/Ag\u00eancia Brasil)","source_text":"","source_url":""},"jetpack_featured_media_url":"https:\/\/jornalfatosenoticias.com.br\/wp-content\/uploads\/2020\/02\/coronavirus_Brasil.jpg","_links":{"self":[{"href":"https:\/\/jornalfatosenoticias.com.br\/index.php\/wp-json\/wp\/v2\/posts\/1397","targetHints":{"allow":["GET"]}}],"collection":[{"href":"https:\/\/jornalfatosenoticias.com.br\/index.php\/wp-json\/wp\/v2\/posts"}],"about":[{"href":"https:\/\/jornalfatosenoticias.com.br\/index.php\/wp-json\/wp\/v2\/types\/post"}],"author":[{"embeddable":true,"href":"https:\/\/jornalfatosenoticias.com.br\/index.php\/wp-json\/wp\/v2\/users\/2"}],"replies":[{"embeddable":true,"href":"https:\/\/jornalfatosenoticias.com.br\/index.php\/wp-json\/wp\/v2\/comments?post=1397"}],"version-history":[{"count":0,"href":"https:\/\/jornalfatosenoticias.com.br\/index.php\/wp-json\/wp\/v2\/posts\/1397\/revisions"}],"wp:featuredmedia":[{"embeddable":true,"href":"https:\/\/jornalfatosenoticias.com.br\/index.php\/wp-json\/wp\/v2\/media\/1399"}],"wp:attachment":[{"href":"https:\/\/jornalfatosenoticias.com.br\/index.php\/wp-json\/wp\/v2\/media?parent=1397"}],"wp:term":[{"taxonomy":"category","embeddable":true,"href":"https:\/\/jornalfatosenoticias.com.br\/index.php\/wp-json\/wp\/v2\/categories?post=1397"},{"taxonomy":"post_tag","embeddable":true,"href":"https:\/\/jornalfatosenoticias.com.br\/index.php\/wp-json\/wp\/v2\/tags?post=1397"}],"curies":[{"name":"wp","href":"https:\/\/api.w.org\/{rel}","templated":true}]}}