{"id":13991,"date":"2021-01-28T18:54:04","date_gmt":"2021-01-28T21:54:04","guid":{"rendered":"https:\/\/jornalfatosenoticias.com.br\/?p=13991"},"modified":"2021-01-28T18:54:09","modified_gmt":"2021-01-28T21:54:09","slug":"a-cesan-e-os-mananciais-da-serra-final","status":"publish","type":"post","link":"https:\/\/jornalfatosenoticias.com.br\/index.php\/2021\/01\/28\/a-cesan-e-os-mananciais-da-serra-final\/","title":{"rendered":"A Cesan e os mananciais da Serra \u2014Final"},"content":{"rendered":"\n<p>Depois de citar a Companhia Esp\u00edrito-Santense de Saneamento (Cesan) como uma das maiores causadoras da polui\u00e7\u00e3o do espelho d\u2019\u00e1gua do munic\u00edpio da Serra em entrevista \u00e0 coluna Olhar de Uma Lente (Fatos &amp; Not\u00edcias), na edi\u00e7\u00e3o anterior, Cl\u00e1udio Denicoli, secret\u00e1rio de Meio Ambiente do munic\u00edpio, foi enf\u00e1tico em dizer que \u201cnunca teremos a Jacun\u00e9m ou a Juara, maiores lagoas da Serra, sendo utilizadas pela popula\u00e7\u00e3o de forma recreativa e sustent\u00e1vel com o sistema de tratamento arcaico e obsoleto empregado atualmente pela Cesan, isso eu afirmo e provo, nunca vai acontecer, infelizmente\u201d, enfatizou o secret\u00e1rio.<br>De acordo com o secret\u00e1rio, o munic\u00edpio \u00e9 dono desse ativo e n\u00e3o tem o cronograma de execu\u00e7\u00e3o, metas a serem alcan\u00e7adas, investimentos no tratamento de esgoto, o munic\u00edpio n\u00e3o sabe absolutamente nada. \u201cEnt\u00e3o, como dar uma concess\u00e3o se voc\u00ea n\u00e3o tem conhecimento do que vai ser feito, em qual hor\u00e1rio vai trabalhar, e qual o produto ele vai te entregar\u2026 Para se ter uma ideia, o munic\u00edpio n\u00e3o sabe nem o que est\u00e1 rendendo aos cofres. A partir de agora \u00e9 que vamos exigir dados, mesmo porque, foi um compromisso de campanha do novo prefeito, S\u00e9rgio Vidigal, resolver o problema do saneamento\u201d, afirma.<br>Denicoli faz quest\u00e3o de frisar que n\u00e3o \u00e9 contr\u00e1rio \u00e0s concess\u00f5es ou qualquer contrato com a iniciativa privada, mas que a contrapartida tem e deve ser cumprida para que os dois lados ganhem. \u201cQuero que as empresas tenham lucro porque precisamos de viabilidade econ\u00f4mica, mas os contratos devem ser cumpridos de forma correta. Tem um programa chamado \u201cSe liga na rede da Cesan\u201d que eu sou contra. N\u00e3o vou para rua notificar exigindo do cidad\u00e3o, que tem fam\u00edlia para cuidar, a liga\u00e7\u00e3o na rede, isso \u00e9 um absurdo! Como fazer isso se temos uma companhia que tem Esta\u00e7\u00e3o de Tratamento de Esgoto (ETE) tratando esgoto de 30 mil pessoas, sem outorga do \u00f3rg\u00e3o estadual e sem licen\u00e7a ambiental? Eu seria a primeira pessoa a ir para rua notificar, a partir do momento que a comprova\u00e7\u00e3o de laborat\u00f3rio creditar que as ETEs est\u00e3o funcionando de forma adequada, outorgadas e com licen\u00e7a ambiental. Serei o primeiro a notificar e multar o mun\u00edcipe infrator, porque a\u00ed ele teria o tratamento de esgoto de forma correta, dentro da legisla\u00e7\u00e3o n\u00e3o e estaria degradando o meio ambiente\u201d, acrescenta.<br>Para Cl\u00e1udio \u00e9 preciso corrigir o que est\u00e1 errado e prejudicando sobremaneira a popula\u00e7\u00e3o na sa\u00fade ambiental, pois a falta de saneamento b\u00e1sico sobrecarrega os postos de sa\u00fade, contamina a \u00e1gua, deixa esgoto a c\u00e9u aberto e mananciais polu\u00eddos. Como exemplo, ele cita o rio Manguinhos, que j\u00e1 h\u00e1 algumas d\u00e9cadas agoniza com a polui\u00e7\u00e3o. \u201cEsta semana o rio Manguinhos estava cheio de espuma, provocada por uso de sab\u00e3o e detergente descartados sem o tratamento devido. Cad\u00ea a concession\u00e1ria terceirizada respons\u00e1vel? Chamo a aten\u00e7\u00e3o em dizer que nesses sete anos n\u00e3o houve melhora nenhuma e a situa\u00e7\u00e3o tende a piorar, porque o munic\u00edpio est\u00e1 crescendo e o tratamento que \u00e9 o final n\u00e3o est\u00e1 funcionando, precisamos encontrar uma solu\u00e7\u00e3o urgente\u201d, alerta.<br>Como respons\u00e1vel por uma pasta t\u00e3o complexa e necess\u00e1ria atualmente, dada a grande mobiliza\u00e7\u00e3o mundial em prol da natureza, Cl\u00e1udio Denicoli exp\u00f5e com autoridade a situa\u00e7\u00e3o lastim\u00e1vel de c\u00f3rregos, rios, mares, mangue, lagos e lagoas da cidade e faz jus a sua atribui\u00e7\u00e3o ao n\u00e3o fechar os olhos a problemas t\u00e3o graves que atingem em cheio a popula\u00e7\u00e3o serrana. \u201cO meu trabalho, como t\u00e9cnico, \u00e9 identificar o problema, fazer o que \u00e9 de minha compet\u00eancia. Notificar e conversar com a empresa, de encontrar uma solu\u00e7\u00e3o, exigir um cronograma e multar, se for o caso, esse \u00e9 o meu papel. A quest\u00e3o pol\u00edtica cabe ao prefeito, ao governador\u2026 n\u00e3o sei o que a Cesan est\u00e1 levando para o governador Renato Casagrande, n\u00e3o entro nesse m\u00e9rito, fa\u00e7o pol\u00edtica p\u00fablica e n\u00e3o partid\u00e1ria\u201d, reafirma.<\/p>\n\n\n\n<div class=\"wp-block-jetpack-slideshow aligncenter\" data-effect=\"slide\"><div class=\"wp-block-jetpack-slideshow_container swiper-container\"><ul class=\"wp-block-jetpack-slideshow_swiper-wrapper swiper-wrapper\"><li class=\"wp-block-jetpack-slideshow_slide swiper-slide\"><figure><img loading=\"lazy\" decoding=\"async\" width=\"1000\" height=\"558\" alt=\"\" class=\"wp-block-jetpack-slideshow_image wp-image-13992\" data-id=\"13992\" src=\"https:\/\/jornalfatosenoticias.com.br\/wp-content\/uploads\/2021\/01\/Bomba-401.jpg\" srcset=\"https:\/\/jornalfatosenoticias.com.br\/wp-content\/uploads\/2021\/01\/Bomba-401.jpg 1000w, https:\/\/jornalfatosenoticias.com.br\/wp-content\/uploads\/2021\/01\/Bomba-401-300x167.jpg 300w, https:\/\/jornalfatosenoticias.com.br\/wp-content\/uploads\/2021\/01\/Bomba-401-768x429.jpg 768w\" sizes=\"auto, (max-width: 1000px) 100vw, 1000px\" \/><figcaption class=\"wp-block-jetpack-slideshow_caption gallery-caption\">Bomba da concession\u00e1ria sem funcionamento \u2014 Jardim Bela Vista\/Serra (Foto: Haroldo Cordeiro Filho)<\/figcaption><\/figure><\/li><li class=\"wp-block-jetpack-slideshow_slide swiper-slide\"><figure><img loading=\"lazy\" decoding=\"async\" width=\"1000\" height=\"562\" alt=\"\" class=\"wp-block-jetpack-slideshow_image wp-image-13993\" data-id=\"13993\" src=\"https:\/\/jornalfatosenoticias.com.br\/wp-content\/uploads\/2021\/01\/Civit-I-401.jpg\" srcset=\"https:\/\/jornalfatosenoticias.com.br\/wp-content\/uploads\/2021\/01\/Civit-I-401.jpg 1000w, https:\/\/jornalfatosenoticias.com.br\/wp-content\/uploads\/2021\/01\/Civit-I-401-300x169.jpg 300w, https:\/\/jornalfatosenoticias.com.br\/wp-content\/uploads\/2021\/01\/Civit-I-401-768x432.jpg 768w\" sizes=\"auto, (max-width: 1000px) 100vw, 1000px\" \/><figcaption class=\"wp-block-jetpack-slideshow_caption gallery-caption\">Parque Industrial Civit I (Foto: Haroldo Cordeiro Filho\/Drone)<\/figcaption><\/figure><\/li><li class=\"wp-block-jetpack-slideshow_slide swiper-slide\"><figure><img loading=\"lazy\" decoding=\"async\" width=\"1000\" height=\"666\" alt=\"\" class=\"wp-block-jetpack-slideshow_image wp-image-13994\" data-id=\"13994\" src=\"https:\/\/jornalfatosenoticias.com.br\/wp-content\/uploads\/2021\/01\/Claudio-Denicoli-401.jpg\" srcset=\"https:\/\/jornalfatosenoticias.com.br\/wp-content\/uploads\/2021\/01\/Claudio-Denicoli-401.jpg 1000w, https:\/\/jornalfatosenoticias.com.br\/wp-content\/uploads\/2021\/01\/Claudio-Denicoli-401-300x200.jpg 300w, https:\/\/jornalfatosenoticias.com.br\/wp-content\/uploads\/2021\/01\/Claudio-Denicoli-401-768x511.jpg 768w\" sizes=\"auto, (max-width: 1000px) 100vw, 1000px\" \/><figcaption class=\"wp-block-jetpack-slideshow_caption gallery-caption\">Cl\u00e1udio Denicoli (Foto: Penha Albuquerque)<\/figcaption><\/figure><\/li><\/ul><a class=\"wp-block-jetpack-slideshow_button-prev swiper-button-prev swiper-button-white\" role=\"button\"><\/a><a class=\"wp-block-jetpack-slideshow_button-next swiper-button-next swiper-button-white\" role=\"button\"><\/a><a aria-label=\"Pause Slideshow\" class=\"wp-block-jetpack-slideshow_button-pause\" role=\"button\"><\/a><div class=\"wp-block-jetpack-slideshow_pagination swiper-pagination swiper-pagination-white\"><\/div><\/div><\/div>\n\n\n\n<p><\/p>\n\n\n\n<p>\u201cMinha sala \u00e9 aberta, n\u00e3o consigo trabalhar em ambiente fechado, gosto de olhar meus companheiros nos olhos, aprender com eles e transmitir o que sei, interajo e estudo bastante porque sou apaixonado pelo assunto. Sou altamente acess\u00edvel, gosto de conversar, tentar acertar \u2014 dentro de uma coer\u00eancia e prazo estabelecido. O poder p\u00fablico precisa ter prazo, saber o que est\u00e1 acontecendo. Sou o respons\u00e1vel pela qualidade de vida das pessoas dentro da quest\u00e3o ambiental, tenho a obriga\u00e7\u00e3o de zelar por isso. Meio ambiente n\u00e3o \u00e9 s\u00f3 a fauna e a flora, muita gente pensa isso, mas n\u00e3o \u00e9, a qualidade de vida das pessoas \u00e9 o nosso objetivo com o meio ambiente equilibrado\u201d, ressalta.<br>O secret\u00e1rio de Desenvolvimento Urbano e Meio Ambiente, terminou a entrevista citando o Art. 2\u00ba da Pol\u00edtica Nacional de Meio Ambiente, em que diz que temos que preservar o Meio Ambiente garantindo o desenvolvimento socioecon\u00f4mico. \u201cA Serra tem um potencial industrial muito grande, queremos que as ind\u00fastrias produzam emprego e renda, mas sempre na linha do desenvolvimento sustent\u00e1vel, essa \u00e9 a minha vis\u00e3o\u201d, garante.<\/p>\n\n\n\n<h4 class=\"wp-block-heading\">Cesan<\/h4>\n\n\n\n<p><em>A reda\u00e7\u00e3o enviou e-mail \u00e0 Cesan solicitando explica\u00e7\u00e3o t\u00e9cnica sobre as den\u00fancias do secret\u00e1rio de meio ambiente e engenheiro sanitarista ambiental, Cl\u00e1udio Denicoli, mas, at\u00e9 o fechamento da mat\u00e9ria, n\u00e3o obtivemos resposta.<\/em><\/p>\n","protected":false},"excerpt":{"rendered":"<p>Depois de citar a Companhia Esp\u00edrito-Santense de Saneamento (Cesan) como uma das maiores causadoras da polui\u00e7\u00e3o do espelho d\u2019\u00e1gua do munic\u00edpio da Serra em entrevista \u00e0 coluna Olhar de Uma Lente (Fatos &amp; Not\u00edcias), na edi\u00e7\u00e3o anterior, Cl\u00e1udio Denicoli, secret\u00e1rio de Meio Ambiente do munic\u00edpio, foi enf\u00e1tico em dizer que \u201cnunca teremos a Jacun\u00e9m ou [&hellip;]<\/p>\n","protected":false},"author":3,"featured_media":13995,"comment_status":"open","ping_status":"open","sticky":false,"template":"","format":"standard","meta":{"footnotes":""},"categories":[10],"tags":[2135,7133,3927,1279,1166,910],"class_list":["post-13991","post","type-post","status-publish","format-standard","has-post-thumbnail","hentry","category-politica","tag-cesan","tag-claudio-denicoli","tag-esgoto","tag-poluicao","tag-saneamento-basico","tag-serra"],"yoast_head":"<!-- This site is optimized with the Yoast SEO plugin v26.5 - https:\/\/yoast.com\/wordpress\/plugins\/seo\/ -->\n<title>A Cesan e os mananciais da Serra \u2014Final - Jornal Fatos e Not\u00edcias<\/title>\n<meta name=\"robots\" content=\"index, follow, max-snippet:-1, max-image-preview:large, max-video-preview:-1\" \/>\n<link rel=\"canonical\" href=\"https:\/\/jornalfatosenoticias.com.br\/index.php\/2021\/01\/28\/a-cesan-e-os-mananciais-da-serra-final\/\" \/>\n<meta property=\"og:locale\" content=\"pt_BR\" \/>\n<meta property=\"og:type\" content=\"article\" \/>\n<meta property=\"og:title\" content=\"A Cesan e os mananciais da Serra \u2014Final - Jornal Fatos e Not\u00edcias\" \/>\n<meta property=\"og:description\" content=\"Depois de citar a Companhia Esp\u00edrito-Santense de Saneamento (Cesan) como uma das maiores causadoras da polui\u00e7\u00e3o do espelho d\u2019\u00e1gua do munic\u00edpio da Serra em entrevista \u00e0 coluna Olhar de Uma Lente (Fatos &amp; Not\u00edcias), na edi\u00e7\u00e3o anterior, Cl\u00e1udio Denicoli, secret\u00e1rio de Meio Ambiente do munic\u00edpio, foi enf\u00e1tico em dizer que \u201cnunca teremos a Jacun\u00e9m ou [&hellip;]\" \/>\n<meta property=\"og:url\" content=\"https:\/\/jornalfatosenoticias.com.br\/index.php\/2021\/01\/28\/a-cesan-e-os-mananciais-da-serra-final\/\" \/>\n<meta property=\"og:site_name\" content=\"Jornal Fatos e Not\u00edcias\" \/>\n<meta property=\"article:published_time\" content=\"2021-01-28T21:54:04+00:00\" \/>\n<meta property=\"article:modified_time\" content=\"2021-01-28T21:54:09+00:00\" \/>\n<meta property=\"og:image\" content=\"https:\/\/jornalfatosenoticias.com.br\/wp-content\/uploads\/2021\/01\/Jacunem-401.jpg\" \/>\n\t<meta property=\"og:image:width\" content=\"1000\" \/>\n\t<meta property=\"og:image:height\" content=\"604\" \/>\n\t<meta property=\"og:image:type\" content=\"image\/jpeg\" \/>\n<meta name=\"author\" content=\"Haroldo Filho\" \/>\n<meta name=\"twitter:card\" content=\"summary_large_image\" \/>\n<meta name=\"twitter:label1\" content=\"Escrito por\" \/>\n\t<meta name=\"twitter:data1\" content=\"Haroldo Filho\" \/>\n\t<meta name=\"twitter:label2\" content=\"Est. tempo de leitura\" \/>\n\t<meta name=\"twitter:data2\" content=\"5 minutos\" \/>\n<script type=\"application\/ld+json\" class=\"yoast-schema-graph\">{\"@context\":\"https:\/\/schema.org\",\"@graph\":[{\"@type\":\"Article\",\"@id\":\"https:\/\/jornalfatosenoticias.com.br\/index.php\/2021\/01\/28\/a-cesan-e-os-mananciais-da-serra-final\/#article\",\"isPartOf\":{\"@id\":\"https:\/\/jornalfatosenoticias.com.br\/index.php\/2021\/01\/28\/a-cesan-e-os-mananciais-da-serra-final\/\"},\"author\":{\"name\":\"Haroldo Filho\",\"@id\":\"https:\/\/jornalfatosenoticias.com.br\/#\/schema\/person\/05c46cc25b42a5c27e004fb0fa6b4965\"},\"headline\":\"A Cesan e os mananciais da Serra \u2014Final\",\"datePublished\":\"2021-01-28T21:54:04+00:00\",\"dateModified\":\"2021-01-28T21:54:09+00:00\",\"mainEntityOfPage\":{\"@id\":\"https:\/\/jornalfatosenoticias.com.br\/index.php\/2021\/01\/28\/a-cesan-e-os-mananciais-da-serra-final\/\"},\"wordCount\":976,\"commentCount\":0,\"publisher\":{\"@id\":\"https:\/\/jornalfatosenoticias.com.br\/#organization\"},\"image\":{\"@id\":\"https:\/\/jornalfatosenoticias.com.br\/index.php\/2021\/01\/28\/a-cesan-e-os-mananciais-da-serra-final\/#primaryimage\"},\"thumbnailUrl\":\"https:\/\/jornalfatosenoticias.com.br\/wp-content\/uploads\/2021\/01\/Jacunem-401.jpg\",\"keywords\":[\"Cesan\",\"Cl\u00e1udio Denicoli\",\"esgoto\",\"polui\u00e7\u00e3o\",\"saneamento b\u00e1sico\",\"Serra\"],\"articleSection\":[\"Pol\u00edtica\"],\"inLanguage\":\"pt-BR\",\"potentialAction\":[{\"@type\":\"CommentAction\",\"name\":\"Comment\",\"target\":[\"https:\/\/jornalfatosenoticias.com.br\/index.php\/2021\/01\/28\/a-cesan-e-os-mananciais-da-serra-final\/#respond\"]}]},{\"@type\":\"WebPage\",\"@id\":\"https:\/\/jornalfatosenoticias.com.br\/index.php\/2021\/01\/28\/a-cesan-e-os-mananciais-da-serra-final\/\",\"url\":\"https:\/\/jornalfatosenoticias.com.br\/index.php\/2021\/01\/28\/a-cesan-e-os-mananciais-da-serra-final\/\",\"name\":\"A Cesan e os mananciais da Serra \u2014Final - Jornal Fatos e Not\u00edcias\",\"isPartOf\":{\"@id\":\"https:\/\/jornalfatosenoticias.com.br\/#website\"},\"primaryImageOfPage\":{\"@id\":\"https:\/\/jornalfatosenoticias.com.br\/index.php\/2021\/01\/28\/a-cesan-e-os-mananciais-da-serra-final\/#primaryimage\"},\"image\":{\"@id\":\"https:\/\/jornalfatosenoticias.com.br\/index.php\/2021\/01\/28\/a-cesan-e-os-mananciais-da-serra-final\/#primaryimage\"},\"thumbnailUrl\":\"https:\/\/jornalfatosenoticias.com.br\/wp-content\/uploads\/2021\/01\/Jacunem-401.jpg\",\"datePublished\":\"2021-01-28T21:54:04+00:00\",\"dateModified\":\"2021-01-28T21:54:09+00:00\",\"breadcrumb\":{\"@id\":\"https:\/\/jornalfatosenoticias.com.br\/index.php\/2021\/01\/28\/a-cesan-e-os-mananciais-da-serra-final\/#breadcrumb\"},\"inLanguage\":\"pt-BR\",\"potentialAction\":[{\"@type\":\"ReadAction\",\"target\":[\"https:\/\/jornalfatosenoticias.com.br\/index.php\/2021\/01\/28\/a-cesan-e-os-mananciais-da-serra-final\/\"]}]},{\"@type\":\"ImageObject\",\"inLanguage\":\"pt-BR\",\"@id\":\"https:\/\/jornalfatosenoticias.com.br\/index.php\/2021\/01\/28\/a-cesan-e-os-mananciais-da-serra-final\/#primaryimage\",\"url\":\"https:\/\/jornalfatosenoticias.com.br\/wp-content\/uploads\/2021\/01\/Jacunem-401.jpg\",\"contentUrl\":\"https:\/\/jornalfatosenoticias.com.br\/wp-content\/uploads\/2021\/01\/Jacunem-401.jpg\",\"width\":1000,\"height\":604},{\"@type\":\"BreadcrumbList\",\"@id\":\"https:\/\/jornalfatosenoticias.com.br\/index.php\/2021\/01\/28\/a-cesan-e-os-mananciais-da-serra-final\/#breadcrumb\",\"itemListElement\":[{\"@type\":\"ListItem\",\"position\":1,\"name\":\"In\u00edcio\",\"item\":\"https:\/\/jornalfatosenoticias.com.br\/\"},{\"@type\":\"ListItem\",\"position\":2,\"name\":\"A Cesan e os mananciais da Serra \u2014Final\"}]},{\"@type\":\"WebSite\",\"@id\":\"https:\/\/jornalfatosenoticias.com.br\/#website\",\"url\":\"https:\/\/jornalfatosenoticias.com.br\/\",\"name\":\"Jornal Fatos e Not\u00edcias\",\"description\":\"Not\u00edcias em geral\",\"publisher\":{\"@id\":\"https:\/\/jornalfatosenoticias.com.br\/#organization\"},\"potentialAction\":[{\"@type\":\"SearchAction\",\"target\":{\"@type\":\"EntryPoint\",\"urlTemplate\":\"https:\/\/jornalfatosenoticias.com.br\/?s={search_term_string}\"},\"query-input\":{\"@type\":\"PropertyValueSpecification\",\"valueRequired\":true,\"valueName\":\"search_term_string\"}}],\"inLanguage\":\"pt-BR\"},{\"@type\":\"Organization\",\"@id\":\"https:\/\/jornalfatosenoticias.com.br\/#organization\",\"name\":\"Jornal Fatos e Not\u00edcias\",\"url\":\"https:\/\/jornalfatosenoticias.com.br\/\",\"logo\":{\"@type\":\"ImageObject\",\"inLanguage\":\"pt-BR\",\"@id\":\"https:\/\/jornalfatosenoticias.com.br\/#\/schema\/logo\/image\/\",\"url\":\"https:\/\/jornalfatosenoticias.com.br\/wp-content\/uploads\/2020\/02\/logo120.png\",\"contentUrl\":\"https:\/\/jornalfatosenoticias.com.br\/wp-content\/uploads\/2020\/02\/logo120.png\",\"width\":1227,\"height\":120,\"caption\":\"Jornal Fatos e Not\u00edcias\"},\"image\":{\"@id\":\"https:\/\/jornalfatosenoticias.com.br\/#\/schema\/logo\/image\/\"}},{\"@type\":\"Person\",\"@id\":\"https:\/\/jornalfatosenoticias.com.br\/#\/schema\/person\/05c46cc25b42a5c27e004fb0fa6b4965\",\"name\":\"Haroldo Filho\",\"image\":{\"@type\":\"ImageObject\",\"inLanguage\":\"pt-BR\",\"@id\":\"https:\/\/jornalfatosenoticias.com.br\/#\/schema\/person\/image\/\",\"url\":\"https:\/\/jornalfatosenoticias.com.br\/wp-content\/uploads\/2025\/08\/WhatsApp-Image-2025-08-18-at-15.30.28-150x150.jpeg\",\"contentUrl\":\"https:\/\/jornalfatosenoticias.com.br\/wp-content\/uploads\/2025\/08\/WhatsApp-Image-2025-08-18-at-15.30.28-150x150.jpeg\",\"caption\":\"Haroldo Filho\"},\"description\":\"Jornalista \u2013 DRT: 0003818\/ES Coordenador-geral da ONG Educar para Crescer\",\"url\":\"https:\/\/jornalfatosenoticias.com.br\/index.php\/author\/haroldo\/\"}]}<\/script>\n<!-- \/ Yoast SEO plugin. -->","yoast_head_json":{"title":"A Cesan e os mananciais da Serra \u2014Final - Jornal Fatos e Not\u00edcias","robots":{"index":"index","follow":"follow","max-snippet":"max-snippet:-1","max-image-preview":"max-image-preview:large","max-video-preview":"max-video-preview:-1"},"canonical":"https:\/\/jornalfatosenoticias.com.br\/index.php\/2021\/01\/28\/a-cesan-e-os-mananciais-da-serra-final\/","og_locale":"pt_BR","og_type":"article","og_title":"A Cesan e os mananciais da Serra \u2014Final - Jornal Fatos e Not\u00edcias","og_description":"Depois de citar a Companhia Esp\u00edrito-Santense de Saneamento (Cesan) como uma das maiores causadoras da polui\u00e7\u00e3o do espelho d\u2019\u00e1gua do munic\u00edpio da Serra em entrevista \u00e0 coluna Olhar de Uma Lente (Fatos &amp; Not\u00edcias), na edi\u00e7\u00e3o anterior, Cl\u00e1udio Denicoli, secret\u00e1rio de Meio Ambiente do munic\u00edpio, foi enf\u00e1tico em dizer que \u201cnunca teremos a Jacun\u00e9m ou [&hellip;]","og_url":"https:\/\/jornalfatosenoticias.com.br\/index.php\/2021\/01\/28\/a-cesan-e-os-mananciais-da-serra-final\/","og_site_name":"Jornal Fatos e Not\u00edcias","article_published_time":"2021-01-28T21:54:04+00:00","article_modified_time":"2021-01-28T21:54:09+00:00","og_image":[{"width":1000,"height":604,"url":"https:\/\/jornalfatosenoticias.com.br\/wp-content\/uploads\/2021\/01\/Jacunem-401.jpg","type":"image\/jpeg"}],"author":"Haroldo Filho","twitter_card":"summary_large_image","twitter_misc":{"Escrito por":"Haroldo Filho","Est. tempo de leitura":"5 minutos"},"schema":{"@context":"https:\/\/schema.org","@graph":[{"@type":"Article","@id":"https:\/\/jornalfatosenoticias.com.br\/index.php\/2021\/01\/28\/a-cesan-e-os-mananciais-da-serra-final\/#article","isPartOf":{"@id":"https:\/\/jornalfatosenoticias.com.br\/index.php\/2021\/01\/28\/a-cesan-e-os-mananciais-da-serra-final\/"},"author":{"name":"Haroldo Filho","@id":"https:\/\/jornalfatosenoticias.com.br\/#\/schema\/person\/05c46cc25b42a5c27e004fb0fa6b4965"},"headline":"A Cesan e os mananciais da Serra \u2014Final","datePublished":"2021-01-28T21:54:04+00:00","dateModified":"2021-01-28T21:54:09+00:00","mainEntityOfPage":{"@id":"https:\/\/jornalfatosenoticias.com.br\/index.php\/2021\/01\/28\/a-cesan-e-os-mananciais-da-serra-final\/"},"wordCount":976,"commentCount":0,"publisher":{"@id":"https:\/\/jornalfatosenoticias.com.br\/#organization"},"image":{"@id":"https:\/\/jornalfatosenoticias.com.br\/index.php\/2021\/01\/28\/a-cesan-e-os-mananciais-da-serra-final\/#primaryimage"},"thumbnailUrl":"https:\/\/jornalfatosenoticias.com.br\/wp-content\/uploads\/2021\/01\/Jacunem-401.jpg","keywords":["Cesan","Cl\u00e1udio Denicoli","esgoto","polui\u00e7\u00e3o","saneamento b\u00e1sico","Serra"],"articleSection":["Pol\u00edtica"],"inLanguage":"pt-BR","potentialAction":[{"@type":"CommentAction","name":"Comment","target":["https:\/\/jornalfatosenoticias.com.br\/index.php\/2021\/01\/28\/a-cesan-e-os-mananciais-da-serra-final\/#respond"]}]},{"@type":"WebPage","@id":"https:\/\/jornalfatosenoticias.com.br\/index.php\/2021\/01\/28\/a-cesan-e-os-mananciais-da-serra-final\/","url":"https:\/\/jornalfatosenoticias.com.br\/index.php\/2021\/01\/28\/a-cesan-e-os-mananciais-da-serra-final\/","name":"A Cesan e os mananciais da Serra \u2014Final - Jornal Fatos e Not\u00edcias","isPartOf":{"@id":"https:\/\/jornalfatosenoticias.com.br\/#website"},"primaryImageOfPage":{"@id":"https:\/\/jornalfatosenoticias.com.br\/index.php\/2021\/01\/28\/a-cesan-e-os-mananciais-da-serra-final\/#primaryimage"},"image":{"@id":"https:\/\/jornalfatosenoticias.com.br\/index.php\/2021\/01\/28\/a-cesan-e-os-mananciais-da-serra-final\/#primaryimage"},"thumbnailUrl":"https:\/\/jornalfatosenoticias.com.br\/wp-content\/uploads\/2021\/01\/Jacunem-401.jpg","datePublished":"2021-01-28T21:54:04+00:00","dateModified":"2021-01-28T21:54:09+00:00","breadcrumb":{"@id":"https:\/\/jornalfatosenoticias.com.br\/index.php\/2021\/01\/28\/a-cesan-e-os-mananciais-da-serra-final\/#breadcrumb"},"inLanguage":"pt-BR","potentialAction":[{"@type":"ReadAction","target":["https:\/\/jornalfatosenoticias.com.br\/index.php\/2021\/01\/28\/a-cesan-e-os-mananciais-da-serra-final\/"]}]},{"@type":"ImageObject","inLanguage":"pt-BR","@id":"https:\/\/jornalfatosenoticias.com.br\/index.php\/2021\/01\/28\/a-cesan-e-os-mananciais-da-serra-final\/#primaryimage","url":"https:\/\/jornalfatosenoticias.com.br\/wp-content\/uploads\/2021\/01\/Jacunem-401.jpg","contentUrl":"https:\/\/jornalfatosenoticias.com.br\/wp-content\/uploads\/2021\/01\/Jacunem-401.jpg","width":1000,"height":604},{"@type":"BreadcrumbList","@id":"https:\/\/jornalfatosenoticias.com.br\/index.php\/2021\/01\/28\/a-cesan-e-os-mananciais-da-serra-final\/#breadcrumb","itemListElement":[{"@type":"ListItem","position":1,"name":"In\u00edcio","item":"https:\/\/jornalfatosenoticias.com.br\/"},{"@type":"ListItem","position":2,"name":"A Cesan e os mananciais da Serra \u2014Final"}]},{"@type":"WebSite","@id":"https:\/\/jornalfatosenoticias.com.br\/#website","url":"https:\/\/jornalfatosenoticias.com.br\/","name":"Jornal Fatos e Not\u00edcias","description":"Not\u00edcias em geral","publisher":{"@id":"https:\/\/jornalfatosenoticias.com.br\/#organization"},"potentialAction":[{"@type":"SearchAction","target":{"@type":"EntryPoint","urlTemplate":"https:\/\/jornalfatosenoticias.com.br\/?s={search_term_string}"},"query-input":{"@type":"PropertyValueSpecification","valueRequired":true,"valueName":"search_term_string"}}],"inLanguage":"pt-BR"},{"@type":"Organization","@id":"https:\/\/jornalfatosenoticias.com.br\/#organization","name":"Jornal Fatos e Not\u00edcias","url":"https:\/\/jornalfatosenoticias.com.br\/","logo":{"@type":"ImageObject","inLanguage":"pt-BR","@id":"https:\/\/jornalfatosenoticias.com.br\/#\/schema\/logo\/image\/","url":"https:\/\/jornalfatosenoticias.com.br\/wp-content\/uploads\/2020\/02\/logo120.png","contentUrl":"https:\/\/jornalfatosenoticias.com.br\/wp-content\/uploads\/2020\/02\/logo120.png","width":1227,"height":120,"caption":"Jornal Fatos e Not\u00edcias"},"image":{"@id":"https:\/\/jornalfatosenoticias.com.br\/#\/schema\/logo\/image\/"}},{"@type":"Person","@id":"https:\/\/jornalfatosenoticias.com.br\/#\/schema\/person\/05c46cc25b42a5c27e004fb0fa6b4965","name":"Haroldo Filho","image":{"@type":"ImageObject","inLanguage":"pt-BR","@id":"https:\/\/jornalfatosenoticias.com.br\/#\/schema\/person\/image\/","url":"https:\/\/jornalfatosenoticias.com.br\/wp-content\/uploads\/2025\/08\/WhatsApp-Image-2025-08-18-at-15.30.28-150x150.jpeg","contentUrl":"https:\/\/jornalfatosenoticias.com.br\/wp-content\/uploads\/2025\/08\/WhatsApp-Image-2025-08-18-at-15.30.28-150x150.jpeg","caption":"Haroldo Filho"},"description":"Jornalista \u2013 DRT: 0003818\/ES Coordenador-geral da ONG Educar para Crescer","url":"https:\/\/jornalfatosenoticias.com.br\/index.php\/author\/haroldo\/"}]}},"cc_featured_image_caption":{"caption_text":" (Foto: Haroldo C. Filho\/Drone)\r\n","source_text":"","source_url":""},"jetpack_featured_media_url":"https:\/\/jornalfatosenoticias.com.br\/wp-content\/uploads\/2021\/01\/Jacunem-401.jpg","_links":{"self":[{"href":"https:\/\/jornalfatosenoticias.com.br\/index.php\/wp-json\/wp\/v2\/posts\/13991","targetHints":{"allow":["GET"]}}],"collection":[{"href":"https:\/\/jornalfatosenoticias.com.br\/index.php\/wp-json\/wp\/v2\/posts"}],"about":[{"href":"https:\/\/jornalfatosenoticias.com.br\/index.php\/wp-json\/wp\/v2\/types\/post"}],"author":[{"embeddable":true,"href":"https:\/\/jornalfatosenoticias.com.br\/index.php\/wp-json\/wp\/v2\/users\/3"}],"replies":[{"embeddable":true,"href":"https:\/\/jornalfatosenoticias.com.br\/index.php\/wp-json\/wp\/v2\/comments?post=13991"}],"version-history":[{"count":0,"href":"https:\/\/jornalfatosenoticias.com.br\/index.php\/wp-json\/wp\/v2\/posts\/13991\/revisions"}],"wp:featuredmedia":[{"embeddable":true,"href":"https:\/\/jornalfatosenoticias.com.br\/index.php\/wp-json\/wp\/v2\/media\/13995"}],"wp:attachment":[{"href":"https:\/\/jornalfatosenoticias.com.br\/index.php\/wp-json\/wp\/v2\/media?parent=13991"}],"wp:term":[{"taxonomy":"category","embeddable":true,"href":"https:\/\/jornalfatosenoticias.com.br\/index.php\/wp-json\/wp\/v2\/categories?post=13991"},{"taxonomy":"post_tag","embeddable":true,"href":"https:\/\/jornalfatosenoticias.com.br\/index.php\/wp-json\/wp\/v2\/tags?post=13991"}],"curies":[{"name":"wp","href":"https:\/\/api.w.org\/{rel}","templated":true}]}}