{"id":13997,"date":"2021-01-28T18:57:41","date_gmt":"2021-01-28T21:57:41","guid":{"rendered":"https:\/\/jornalfatosenoticias.com.br\/?p=13997"},"modified":"2021-01-28T18:57:47","modified_gmt":"2021-01-28T21:57:47","slug":"estragos-permanentes-da-privacao-materna-judicial-pela-acusacao-de-alienacao-parental-parte-viii","status":"publish","type":"post","link":"https:\/\/jornalfatosenoticias.com.br\/index.php\/2021\/01\/28\/estragos-permanentes-da-privacao-materna-judicial-pela-acusacao-de-alienacao-parental-parte-viii\/","title":{"rendered":"Estragos Permanentes da Priva\u00e7\u00e3o Materna Judicial pela acusa\u00e7\u00e3o de aliena\u00e7\u00e3o parental \u2014 Parte VIII"},"content":{"rendered":"\n<p>Estamos remarcando, h\u00e1 sete semanas, os estragos permanentes da Priva\u00e7\u00e3o Materna Judicial, invocada pela acusa\u00e7\u00e3o de aliena\u00e7\u00e3o parental, para acobertar den\u00fancia de abuso sexual intrafamiliar contra a Crian\u00e7a. O Rito Jur\u00eddico que executa o Sofisma, \u201cse n\u00e3o provou abuso, ent\u00e3o \u00e9 aliena\u00e7\u00e3o\u201d, vem sendo, amplamente, praticado, cego, surdo e mudo para a Voz da Crian\u00e7a.<br>Sendo a Inf\u00e2ncia o per\u00edodo do investimento fundamental da aquisi\u00e7\u00e3o de conhecimentos, come\u00e7ando pela comunica\u00e7\u00e3o oral, a fala, e escrita, os conhecimentos da l\u00edngua familiar e de seu ambiente, os conhecimentos rudimentares da matem\u00e1tica, essenciais para a vida toda, e os conhecimentos dos c\u00f3digos sociais, os legais, os \u00c9ticos, os Morais, tamb\u00e9m para a vida toda, n\u00e3o \u00e9 dif\u00edcil raciocinar que esta imposi\u00e7\u00e3o, conv\u00edvio exclusivo com seu abusador e Priva\u00e7\u00e3o Materna Judiciais, causa uma enorme desorganiza\u00e7\u00e3o nos processos de aquisi\u00e7\u00e3o. N\u00e3o \u00e9 \u00e0 toa que os dist\u00farbios de escolaridade s\u00e3o t\u00e3o exuberantes em condi\u00e7\u00f5es adversas de desenvolvimento.<br>A come\u00e7ar pela fala, o abuso sexual intrafamiliar, que \u00e9 sempre continuado, associado \u00e0 Priva\u00e7\u00e3o Materna Judicial, por raz\u00f5es de f\u00e1cil compreens\u00e3o, \u00e9 muito afetada em sua articula\u00e7\u00e3o e no significado das palavras. Os altos n\u00edveis de ansiedade podem atingir a respira\u00e7\u00e3o durante a fala e proporcionar uma tend\u00eancia fragmenta\u00e7\u00e3o das palavras, a gagueira de in\u00edcio ou meio de fala, como resultado desta viv\u00eancia de medo e ansiedade cr\u00f4nicos. N\u00e3o estou dizendo que toda gagueira tem o abuso sexual como etiologia. Como quase todas as altera\u00e7\u00f5es do desenvolvimento infantil, s\u00e3o v\u00e1rios os fatores etiol\u00f3gicos, claro. A sem\u00e2ntica tamb\u00e9m atrapalha a aquisi\u00e7\u00e3o dos significados das palavras. Se o que \u00e9 errado passa a ser \u201ccerto\u201d, \u201cpermitido o que \u00e9 proibido\u201d, com a pr\u00e1tica dos abusos como alojar dois pesos e duas medidas numa fase do desenvolvimento cognitivo que ainda est\u00e1 procurando organizar a mente, e s\u00f3 consegue raciocinar por uma \u00fanica lei: pode ou n\u00e3o pode, certo ou errado. Esta dificuldade \u00e9, tamb\u00e9m, levada para a aprendizagem da matem\u00e1tica que tem rigor de certo e errado. O esfor\u00e7o para pensar esta duplicidade de quando o errado fica certo, mas s\u00f3 com uma \u00fanica pessoa, a situa\u00e7\u00e3o do abuso incestuoso, muitas vezes, leva ao fracasso escolar pela aus\u00eancia de recursos cognitivos que permitam esta relativiza\u00e7\u00e3o precoce, que contraria os ainda rudimentares C\u00f3digos de \u00c9tica e Moral.<br>J\u00e1 falei dos diversos estragos causados pela Priva\u00e7\u00e3o Materna Judicial, Condena\u00e7\u00e3o e Pena estipuladas pelo \u201cinc\u00f4modo\u201d da den\u00fancia de viol\u00eancia f\u00edsica e\/ou sexual, assim tamb\u00e9m com algumas outras defesas de pais faltosos. O motivo, \u201co ex n\u00e3o se conformou com o t\u00e9rmino da rela\u00e7\u00e3o\u201d, hoje consagrado em explica\u00e7\u00f5es policiais para o crescente Feminic\u00eddio, coloca, sutilmente, o \u201cpobre assassino\u2019 como um sofredor\/v\u00edtima da Mulher\/M\u00e3e. \u201cPerdeu a cabe\u00e7a\u201d. Ser\u00e1 que algum dia vai ach\u00e1-la? Vale ressaltar que cerca de 30% destes Feminic\u00eddios ocorrem na presen\u00e7a das crian\u00e7as, dentro de casa, assim como cerca de 75% das agress\u00f5es f\u00edsicas \u00e9 praticada tamb\u00e9m na presen\u00e7a f\u00edsica visual ou aud\u00edvel das crian\u00e7as. E, para operadores de justi\u00e7a, a garantia do conv\u00edvio com estes pais violentos est\u00e1 baseado no Direito deles, pais, porque o \u201cpai bate na m\u00e3e, mas ainda n\u00e3o bate na crian\u00e7a\u201d. Ainda?<br>Discordo desta no\u00e7\u00e3o de prote\u00e7\u00e3o por exposi\u00e7\u00e3o, por experimento, at\u00e9 que aconte\u00e7a. Porque, mesmo se n\u00e3o vier a acontecer a agress\u00e3o f\u00edsica \u00e0 crian\u00e7a, h\u00e1 que se considerar o estresse a que a crian\u00e7a \u00e9 obrigada a passar pela exposi\u00e7\u00e3o desprotegida ao agressor de sua m\u00e3e. Ou ser\u00e1 que algu\u00e9m pensa que a Crian\u00e7a separa muito bem os n\u00edveis e personagens do conflito dos adultos, e \u00e9 insens\u00edvel \u00e0s dores e marcas no corpo de sua m\u00e3e?<br>A Crian\u00e7a que assiste ao vivo e a cores a viol\u00eancia f\u00edsica contra sua m\u00e3e, tamb\u00e9m est\u00e1 sentindo o espancamento, e a consequente impot\u00eancia, em si mesma. O Processo de Identifica\u00e7\u00e3o, fundamental na inf\u00e2ncia e que \u00e9 formador de sua mente, a deixa diante de duas op\u00e7\u00f5es: ou se identifica com a m\u00e3e, ou se identifica com o pai. Se escolhe se identificar com a m\u00e3e, ela sofre, por identifica\u00e7\u00e3o, as dores, as vergonhas, os medos, a opress\u00e3o, que s\u00e3o sentidos pela m\u00e3e. Se ela se identifica com o pai, ela vai tender a dar uma \u201cjustificativa\u201d para a agress\u00e3o desferida, vai naturalizar a resposta violenta \u00e0 frustra\u00e7\u00e3o, vai tomar este comportamento como padr\u00e3o, tendendo a repeti-lo.<\/p>\n\n\n\n<figure class=\"wp-block-image size-large\"><img loading=\"lazy\" decoding=\"async\" width=\"1000\" height=\"523\" src=\"https:\/\/jornalfatosenoticias.com.br\/wp-content\/uploads\/2021\/01\/refugios-para-mulheres-vitimas-de-violencia-domestica.png\" alt=\"\" class=\"wp-image-13998\" srcset=\"https:\/\/jornalfatosenoticias.com.br\/wp-content\/uploads\/2021\/01\/refugios-para-mulheres-vitimas-de-violencia-domestica.png 1000w, https:\/\/jornalfatosenoticias.com.br\/wp-content\/uploads\/2021\/01\/refugios-para-mulheres-vitimas-de-violencia-domestica-300x157.png 300w, https:\/\/jornalfatosenoticias.com.br\/wp-content\/uploads\/2021\/01\/refugios-para-mulheres-vitimas-de-violencia-domestica-768x402.png 768w\" sizes=\"auto, (max-width: 1000px) 100vw, 1000px\" \/><figcaption><em>M\u00e3e e filhos no abrigo (Foto: Pritty Reis\/ASN)<\/em><\/figcaption><\/figure>\n\n\n\n<p>Vale ressaltar que esta op\u00e7\u00e3o de modelo para a identifica\u00e7\u00e3o, tem motivos conscientes e motivos inconscientes, estes baseados no Princ\u00edpio da Economia Ps\u00edquica, menor gasto para maior efici\u00eancia. Na vig\u00eancia deste Princ\u00edpio Econ\u00f4mico, h\u00e1 pouca ou nenhuma considera\u00e7\u00e3o \u00e0 qualidade, ficando mais centrado no gasto da energia ps\u00edquica. Portanto, o que observamos \u00e9 que estas identifica\u00e7\u00f5es s\u00e3o din\u00e2micas, mudando muitas vezes, na maioria dos casos, ao longo do desenvolvimento. Se a Crian\u00e7a se sente mais fortalecida, ela pode trocar a figura identificat\u00f3ria, ou seja, se ela consegue suportar a empatia pelo sofrimento da m\u00e3e, ela pode voltar a ser sens\u00edvel \u00e0s suas dores, conseguindo assim, tamb\u00e9m, uma melhor coer\u00eancia com suas pr\u00f3prias emo\u00e7\u00f5es e sentimentos. Mas, ao menor sinal de amea\u00e7a pelo agressor, ela pode voltar a se identificar com ele. O medo \u00e9 um elemento muito bem manipulado por agressores. Afinal, \u00e9 sua maior e mais inc\u00f4moda sensa\u00e7\u00e3o, e, por isso precisa imprimi-lo nos mais vulner\u00e1veis, para, negando este medo, se sentir poderoso.<br>Este Processo das Identifica\u00e7\u00f5es permeia toda a Inf\u00e2ncia, e \u00e9 constitutivo da personalidade em forma\u00e7\u00e3o. Portanto, permitir que a Crian\u00e7a tenha como modelo um agressor f\u00edsico ou sexual, \u00e9 desampar\u00e1-la, abandonando-a em sua vulnerabilidade.<br>A Cegueira Deliberada, t\u00edtulo de um artigo meu, (encontrado no meu blog www.anamariaiencarelli.blogspot.com), est\u00e1 acompanhada da surdez intencional e do mutismo conivente, quando se trata dos Direitos das Crian\u00e7as. \u00c9 Direito da Natureza o direito \u00e0 M\u00e3e. A Priva\u00e7\u00e3o Materna Judicial \u00e9 uma anomalia opressora a Crian\u00e7as. Mais agravada pela associa\u00e7\u00e3o com o abuso sexual incestuoso e a viol\u00eancia dom\u00e9stica.<br>Pretendia fechar, por enquanto este tema, mas n\u00e3o me foi poss\u00edvel. Os estragos s\u00e3o muito extensos. Teremos mais um artigo na pr\u00f3xima semana, onde vou tentar pensar sobre as perguntas que lancei na Parte VII deste t\u00edtulo.<\/p>\n","protected":false},"excerpt":{"rendered":"<p>Estamos remarcando, h\u00e1 sete semanas, os estragos permanentes da Priva\u00e7\u00e3o Materna Judicial, invocada pela acusa\u00e7\u00e3o de aliena\u00e7\u00e3o parental, para acobertar den\u00fancia de abuso sexual intrafamiliar contra a Crian\u00e7a. O Rito Jur\u00eddico que executa o Sofisma, \u201cse n\u00e3o provou abuso, ent\u00e3o \u00e9 aliena\u00e7\u00e3o\u201d, vem sendo, amplamente, praticado, cego, surdo e mudo para a Voz da Crian\u00e7a.Sendo [&hellip;]<\/p>\n","protected":false},"author":8,"featured_media":13999,"comment_status":"open","ping_status":"open","sticky":false,"template":"","format":"standard","meta":{"footnotes":""},"categories":[2522],"tags":[7173,7174,7175,7176,328,7177],"class_list":["post-13997","post","type-post","status-publish","format-standard","has-post-thumbnail","hentry","category-comportamento","tag-abrigamento","tag-atendimento-juridico","tag-atendimento-psicologico","tag-b-os","tag-feminicidio","tag-violencia-intrafamiliar"],"yoast_head":"<!-- This site is optimized with the Yoast SEO plugin v26.5 - https:\/\/yoast.com\/wordpress\/plugins\/seo\/ -->\n<title>Estragos Permanentes da Priva\u00e7\u00e3o Materna Judicial pela acusa\u00e7\u00e3o de aliena\u00e7\u00e3o parental \u2014 Parte VIII - Jornal Fatos e Not\u00edcias<\/title>\n<meta name=\"robots\" content=\"index, follow, max-snippet:-1, max-image-preview:large, max-video-preview:-1\" \/>\n<link rel=\"canonical\" href=\"https:\/\/jornalfatosenoticias.com.br\/index.php\/2021\/01\/28\/estragos-permanentes-da-privacao-materna-judicial-pela-acusacao-de-alienacao-parental-parte-viii\/\" \/>\n<meta property=\"og:locale\" content=\"pt_BR\" \/>\n<meta property=\"og:type\" content=\"article\" \/>\n<meta property=\"og:title\" content=\"Estragos Permanentes da Priva\u00e7\u00e3o Materna Judicial pela acusa\u00e7\u00e3o de aliena\u00e7\u00e3o parental \u2014 Parte VIII - Jornal Fatos e Not\u00edcias\" \/>\n<meta property=\"og:description\" content=\"Estamos remarcando, h\u00e1 sete semanas, os estragos permanentes da Priva\u00e7\u00e3o Materna Judicial, invocada pela acusa\u00e7\u00e3o de aliena\u00e7\u00e3o parental, para acobertar den\u00fancia de abuso sexual intrafamiliar contra a Crian\u00e7a. O Rito Jur\u00eddico que executa o Sofisma, \u201cse n\u00e3o provou abuso, ent\u00e3o \u00e9 aliena\u00e7\u00e3o\u201d, vem sendo, amplamente, praticado, cego, surdo e mudo para a Voz da Crian\u00e7a.Sendo [&hellip;]\" \/>\n<meta property=\"og:url\" content=\"https:\/\/jornalfatosenoticias.com.br\/index.php\/2021\/01\/28\/estragos-permanentes-da-privacao-materna-judicial-pela-acusacao-de-alienacao-parental-parte-viii\/\" \/>\n<meta property=\"og:site_name\" content=\"Jornal Fatos e Not\u00edcias\" \/>\n<meta property=\"article:published_time\" content=\"2021-01-28T21:57:41+00:00\" \/>\n<meta property=\"article:modified_time\" content=\"2021-01-28T21:57:47+00:00\" \/>\n<meta property=\"og:image\" content=\"https:\/\/jornalfatosenoticias.com.br\/wp-content\/uploads\/2021\/01\/mae-e-filha_violencia-domestica.jpg\" \/>\n\t<meta property=\"og:image:width\" content=\"1000\" \/>\n\t<meta property=\"og:image:height\" content=\"666\" \/>\n\t<meta property=\"og:image:type\" content=\"image\/jpeg\" \/>\n<meta name=\"author\" content=\"Ana Maria Iencarelli\" \/>\n<meta name=\"twitter:card\" content=\"summary_large_image\" \/>\n<meta name=\"twitter:label1\" content=\"Escrito por\" \/>\n\t<meta name=\"twitter:data1\" content=\"Ana Maria Iencarelli\" \/>\n\t<meta name=\"twitter:label2\" content=\"Est. tempo de leitura\" \/>\n\t<meta name=\"twitter:data2\" content=\"6 minutos\" \/>\n<script type=\"application\/ld+json\" class=\"yoast-schema-graph\">{\"@context\":\"https:\/\/schema.org\",\"@graph\":[{\"@type\":\"Article\",\"@id\":\"https:\/\/jornalfatosenoticias.com.br\/index.php\/2021\/01\/28\/estragos-permanentes-da-privacao-materna-judicial-pela-acusacao-de-alienacao-parental-parte-viii\/#article\",\"isPartOf\":{\"@id\":\"https:\/\/jornalfatosenoticias.com.br\/index.php\/2021\/01\/28\/estragos-permanentes-da-privacao-materna-judicial-pela-acusacao-de-alienacao-parental-parte-viii\/\"},\"author\":{\"name\":\"Ana Maria Iencarelli\",\"@id\":\"https:\/\/jornalfatosenoticias.com.br\/#\/schema\/person\/c33fcf5fb02d729d3fec92c6737a22d1\"},\"headline\":\"Estragos Permanentes da Priva\u00e7\u00e3o Materna Judicial pela acusa\u00e7\u00e3o de aliena\u00e7\u00e3o parental \u2014 Parte VIII\",\"datePublished\":\"2021-01-28T21:57:41+00:00\",\"dateModified\":\"2021-01-28T21:57:47+00:00\",\"mainEntityOfPage\":{\"@id\":\"https:\/\/jornalfatosenoticias.com.br\/index.php\/2021\/01\/28\/estragos-permanentes-da-privacao-materna-judicial-pela-acusacao-de-alienacao-parental-parte-viii\/\"},\"wordCount\":1179,\"commentCount\":0,\"publisher\":{\"@id\":\"https:\/\/jornalfatosenoticias.com.br\/#organization\"},\"image\":{\"@id\":\"https:\/\/jornalfatosenoticias.com.br\/index.php\/2021\/01\/28\/estragos-permanentes-da-privacao-materna-judicial-pela-acusacao-de-alienacao-parental-parte-viii\/#primaryimage\"},\"thumbnailUrl\":\"https:\/\/jornalfatosenoticias.com.br\/wp-content\/uploads\/2021\/01\/mae-e-filha_violencia-domestica.jpg\",\"keywords\":[\"abrigamento\",\"atendimento jur\u00eddico\",\"atendimento psicol\u00f3gico\",\"B.Os\",\"feminic\u00eddio\",\"viol\u00eancia intrafamiliar\"],\"articleSection\":[\"Comportamento &amp; Equil\u00edbrio\"],\"inLanguage\":\"pt-BR\",\"potentialAction\":[{\"@type\":\"CommentAction\",\"name\":\"Comment\",\"target\":[\"https:\/\/jornalfatosenoticias.com.br\/index.php\/2021\/01\/28\/estragos-permanentes-da-privacao-materna-judicial-pela-acusacao-de-alienacao-parental-parte-viii\/#respond\"]}]},{\"@type\":\"WebPage\",\"@id\":\"https:\/\/jornalfatosenoticias.com.br\/index.php\/2021\/01\/28\/estragos-permanentes-da-privacao-materna-judicial-pela-acusacao-de-alienacao-parental-parte-viii\/\",\"url\":\"https:\/\/jornalfatosenoticias.com.br\/index.php\/2021\/01\/28\/estragos-permanentes-da-privacao-materna-judicial-pela-acusacao-de-alienacao-parental-parte-viii\/\",\"name\":\"Estragos Permanentes da Priva\u00e7\u00e3o Materna Judicial pela acusa\u00e7\u00e3o de aliena\u00e7\u00e3o parental \u2014 Parte VIII - Jornal Fatos e Not\u00edcias\",\"isPartOf\":{\"@id\":\"https:\/\/jornalfatosenoticias.com.br\/#website\"},\"primaryImageOfPage\":{\"@id\":\"https:\/\/jornalfatosenoticias.com.br\/index.php\/2021\/01\/28\/estragos-permanentes-da-privacao-materna-judicial-pela-acusacao-de-alienacao-parental-parte-viii\/#primaryimage\"},\"image\":{\"@id\":\"https:\/\/jornalfatosenoticias.com.br\/index.php\/2021\/01\/28\/estragos-permanentes-da-privacao-materna-judicial-pela-acusacao-de-alienacao-parental-parte-viii\/#primaryimage\"},\"thumbnailUrl\":\"https:\/\/jornalfatosenoticias.com.br\/wp-content\/uploads\/2021\/01\/mae-e-filha_violencia-domestica.jpg\",\"datePublished\":\"2021-01-28T21:57:41+00:00\",\"dateModified\":\"2021-01-28T21:57:47+00:00\",\"breadcrumb\":{\"@id\":\"https:\/\/jornalfatosenoticias.com.br\/index.php\/2021\/01\/28\/estragos-permanentes-da-privacao-materna-judicial-pela-acusacao-de-alienacao-parental-parte-viii\/#breadcrumb\"},\"inLanguage\":\"pt-BR\",\"potentialAction\":[{\"@type\":\"ReadAction\",\"target\":[\"https:\/\/jornalfatosenoticias.com.br\/index.php\/2021\/01\/28\/estragos-permanentes-da-privacao-materna-judicial-pela-acusacao-de-alienacao-parental-parte-viii\/\"]}]},{\"@type\":\"ImageObject\",\"inLanguage\":\"pt-BR\",\"@id\":\"https:\/\/jornalfatosenoticias.com.br\/index.php\/2021\/01\/28\/estragos-permanentes-da-privacao-materna-judicial-pela-acusacao-de-alienacao-parental-parte-viii\/#primaryimage\",\"url\":\"https:\/\/jornalfatosenoticias.com.br\/wp-content\/uploads\/2021\/01\/mae-e-filha_violencia-domestica.jpg\",\"contentUrl\":\"https:\/\/jornalfatosenoticias.com.br\/wp-content\/uploads\/2021\/01\/mae-e-filha_violencia-domestica.jpg\",\"width\":1000,\"height\":666,\"caption\":\"Victims of domestic violence. Afro mother and daughter suffering from home abuse, sitting on couch at home and trying to protect themselves from punch\"},{\"@type\":\"BreadcrumbList\",\"@id\":\"https:\/\/jornalfatosenoticias.com.br\/index.php\/2021\/01\/28\/estragos-permanentes-da-privacao-materna-judicial-pela-acusacao-de-alienacao-parental-parte-viii\/#breadcrumb\",\"itemListElement\":[{\"@type\":\"ListItem\",\"position\":1,\"name\":\"In\u00edcio\",\"item\":\"https:\/\/jornalfatosenoticias.com.br\/\"},{\"@type\":\"ListItem\",\"position\":2,\"name\":\"Estragos Permanentes da Priva\u00e7\u00e3o Materna Judicial pela acusa\u00e7\u00e3o de aliena\u00e7\u00e3o parental \u2014 Parte VIII\"}]},{\"@type\":\"WebSite\",\"@id\":\"https:\/\/jornalfatosenoticias.com.br\/#website\",\"url\":\"https:\/\/jornalfatosenoticias.com.br\/\",\"name\":\"Jornal Fatos e Not\u00edcias\",\"description\":\"Not\u00edcias em geral\",\"publisher\":{\"@id\":\"https:\/\/jornalfatosenoticias.com.br\/#organization\"},\"potentialAction\":[{\"@type\":\"SearchAction\",\"target\":{\"@type\":\"EntryPoint\",\"urlTemplate\":\"https:\/\/jornalfatosenoticias.com.br\/?s={search_term_string}\"},\"query-input\":{\"@type\":\"PropertyValueSpecification\",\"valueRequired\":true,\"valueName\":\"search_term_string\"}}],\"inLanguage\":\"pt-BR\"},{\"@type\":\"Organization\",\"@id\":\"https:\/\/jornalfatosenoticias.com.br\/#organization\",\"name\":\"Jornal Fatos e Not\u00edcias\",\"url\":\"https:\/\/jornalfatosenoticias.com.br\/\",\"logo\":{\"@type\":\"ImageObject\",\"inLanguage\":\"pt-BR\",\"@id\":\"https:\/\/jornalfatosenoticias.com.br\/#\/schema\/logo\/image\/\",\"url\":\"https:\/\/jornalfatosenoticias.com.br\/wp-content\/uploads\/2020\/02\/logo120.png\",\"contentUrl\":\"https:\/\/jornalfatosenoticias.com.br\/wp-content\/uploads\/2020\/02\/logo120.png\",\"width\":1227,\"height\":120,\"caption\":\"Jornal Fatos e Not\u00edcias\"},\"image\":{\"@id\":\"https:\/\/jornalfatosenoticias.com.br\/#\/schema\/logo\/image\/\"}},{\"@type\":\"Person\",\"@id\":\"https:\/\/jornalfatosenoticias.com.br\/#\/schema\/person\/c33fcf5fb02d729d3fec92c6737a22d1\",\"name\":\"Ana Maria Iencarelli\",\"image\":{\"@type\":\"ImageObject\",\"inLanguage\":\"pt-BR\",\"@id\":\"https:\/\/jornalfatosenoticias.com.br\/#\/schema\/person\/image\/\",\"url\":\"https:\/\/jornalfatosenoticias.com.br\/wp-content\/uploads\/2020\/02\/Ana-Maria-Iencarelli-1-150x150.jpg\",\"contentUrl\":\"https:\/\/jornalfatosenoticias.com.br\/wp-content\/uploads\/2020\/02\/Ana-Maria-Iencarelli-1-150x150.jpg\",\"caption\":\"Ana Maria Iencarelli\"},\"description\":\"Psicanalista Cl\u00ednica, especializada no atendimento a Crian\u00e7as e Adolescentes. Presidente da ONG Vozes de Anjos.\",\"url\":\"https:\/\/jornalfatosenoticias.com.br\/index.php\/author\/anamaria\/\"}]}<\/script>\n<!-- \/ Yoast SEO plugin. -->","yoast_head_json":{"title":"Estragos Permanentes da Priva\u00e7\u00e3o Materna Judicial pela acusa\u00e7\u00e3o de aliena\u00e7\u00e3o parental \u2014 Parte VIII - Jornal Fatos e Not\u00edcias","robots":{"index":"index","follow":"follow","max-snippet":"max-snippet:-1","max-image-preview":"max-image-preview:large","max-video-preview":"max-video-preview:-1"},"canonical":"https:\/\/jornalfatosenoticias.com.br\/index.php\/2021\/01\/28\/estragos-permanentes-da-privacao-materna-judicial-pela-acusacao-de-alienacao-parental-parte-viii\/","og_locale":"pt_BR","og_type":"article","og_title":"Estragos Permanentes da Priva\u00e7\u00e3o Materna Judicial pela acusa\u00e7\u00e3o de aliena\u00e7\u00e3o parental \u2014 Parte VIII - Jornal Fatos e Not\u00edcias","og_description":"Estamos remarcando, h\u00e1 sete semanas, os estragos permanentes da Priva\u00e7\u00e3o Materna Judicial, invocada pela acusa\u00e7\u00e3o de aliena\u00e7\u00e3o parental, para acobertar den\u00fancia de abuso sexual intrafamiliar contra a Crian\u00e7a. O Rito Jur\u00eddico que executa o Sofisma, \u201cse n\u00e3o provou abuso, ent\u00e3o \u00e9 aliena\u00e7\u00e3o\u201d, vem sendo, amplamente, praticado, cego, surdo e mudo para a Voz da Crian\u00e7a.Sendo [&hellip;]","og_url":"https:\/\/jornalfatosenoticias.com.br\/index.php\/2021\/01\/28\/estragos-permanentes-da-privacao-materna-judicial-pela-acusacao-de-alienacao-parental-parte-viii\/","og_site_name":"Jornal Fatos e Not\u00edcias","article_published_time":"2021-01-28T21:57:41+00:00","article_modified_time":"2021-01-28T21:57:47+00:00","og_image":[{"width":1000,"height":666,"url":"https:\/\/jornalfatosenoticias.com.br\/wp-content\/uploads\/2021\/01\/mae-e-filha_violencia-domestica.jpg","type":"image\/jpeg"}],"author":"Ana Maria Iencarelli","twitter_card":"summary_large_image","twitter_misc":{"Escrito por":"Ana Maria Iencarelli","Est. tempo de leitura":"6 minutos"},"schema":{"@context":"https:\/\/schema.org","@graph":[{"@type":"Article","@id":"https:\/\/jornalfatosenoticias.com.br\/index.php\/2021\/01\/28\/estragos-permanentes-da-privacao-materna-judicial-pela-acusacao-de-alienacao-parental-parte-viii\/#article","isPartOf":{"@id":"https:\/\/jornalfatosenoticias.com.br\/index.php\/2021\/01\/28\/estragos-permanentes-da-privacao-materna-judicial-pela-acusacao-de-alienacao-parental-parte-viii\/"},"author":{"name":"Ana Maria Iencarelli","@id":"https:\/\/jornalfatosenoticias.com.br\/#\/schema\/person\/c33fcf5fb02d729d3fec92c6737a22d1"},"headline":"Estragos Permanentes da Priva\u00e7\u00e3o Materna Judicial pela acusa\u00e7\u00e3o de aliena\u00e7\u00e3o parental \u2014 Parte VIII","datePublished":"2021-01-28T21:57:41+00:00","dateModified":"2021-01-28T21:57:47+00:00","mainEntityOfPage":{"@id":"https:\/\/jornalfatosenoticias.com.br\/index.php\/2021\/01\/28\/estragos-permanentes-da-privacao-materna-judicial-pela-acusacao-de-alienacao-parental-parte-viii\/"},"wordCount":1179,"commentCount":0,"publisher":{"@id":"https:\/\/jornalfatosenoticias.com.br\/#organization"},"image":{"@id":"https:\/\/jornalfatosenoticias.com.br\/index.php\/2021\/01\/28\/estragos-permanentes-da-privacao-materna-judicial-pela-acusacao-de-alienacao-parental-parte-viii\/#primaryimage"},"thumbnailUrl":"https:\/\/jornalfatosenoticias.com.br\/wp-content\/uploads\/2021\/01\/mae-e-filha_violencia-domestica.jpg","keywords":["abrigamento","atendimento jur\u00eddico","atendimento psicol\u00f3gico","B.Os","feminic\u00eddio","viol\u00eancia intrafamiliar"],"articleSection":["Comportamento &amp; Equil\u00edbrio"],"inLanguage":"pt-BR","potentialAction":[{"@type":"CommentAction","name":"Comment","target":["https:\/\/jornalfatosenoticias.com.br\/index.php\/2021\/01\/28\/estragos-permanentes-da-privacao-materna-judicial-pela-acusacao-de-alienacao-parental-parte-viii\/#respond"]}]},{"@type":"WebPage","@id":"https:\/\/jornalfatosenoticias.com.br\/index.php\/2021\/01\/28\/estragos-permanentes-da-privacao-materna-judicial-pela-acusacao-de-alienacao-parental-parte-viii\/","url":"https:\/\/jornalfatosenoticias.com.br\/index.php\/2021\/01\/28\/estragos-permanentes-da-privacao-materna-judicial-pela-acusacao-de-alienacao-parental-parte-viii\/","name":"Estragos Permanentes da Priva\u00e7\u00e3o Materna Judicial pela acusa\u00e7\u00e3o de aliena\u00e7\u00e3o parental \u2014 Parte VIII - Jornal Fatos e Not\u00edcias","isPartOf":{"@id":"https:\/\/jornalfatosenoticias.com.br\/#website"},"primaryImageOfPage":{"@id":"https:\/\/jornalfatosenoticias.com.br\/index.php\/2021\/01\/28\/estragos-permanentes-da-privacao-materna-judicial-pela-acusacao-de-alienacao-parental-parte-viii\/#primaryimage"},"image":{"@id":"https:\/\/jornalfatosenoticias.com.br\/index.php\/2021\/01\/28\/estragos-permanentes-da-privacao-materna-judicial-pela-acusacao-de-alienacao-parental-parte-viii\/#primaryimage"},"thumbnailUrl":"https:\/\/jornalfatosenoticias.com.br\/wp-content\/uploads\/2021\/01\/mae-e-filha_violencia-domestica.jpg","datePublished":"2021-01-28T21:57:41+00:00","dateModified":"2021-01-28T21:57:47+00:00","breadcrumb":{"@id":"https:\/\/jornalfatosenoticias.com.br\/index.php\/2021\/01\/28\/estragos-permanentes-da-privacao-materna-judicial-pela-acusacao-de-alienacao-parental-parte-viii\/#breadcrumb"},"inLanguage":"pt-BR","potentialAction":[{"@type":"ReadAction","target":["https:\/\/jornalfatosenoticias.com.br\/index.php\/2021\/01\/28\/estragos-permanentes-da-privacao-materna-judicial-pela-acusacao-de-alienacao-parental-parte-viii\/"]}]},{"@type":"ImageObject","inLanguage":"pt-BR","@id":"https:\/\/jornalfatosenoticias.com.br\/index.php\/2021\/01\/28\/estragos-permanentes-da-privacao-materna-judicial-pela-acusacao-de-alienacao-parental-parte-viii\/#primaryimage","url":"https:\/\/jornalfatosenoticias.com.br\/wp-content\/uploads\/2021\/01\/mae-e-filha_violencia-domestica.jpg","contentUrl":"https:\/\/jornalfatosenoticias.com.br\/wp-content\/uploads\/2021\/01\/mae-e-filha_violencia-domestica.jpg","width":1000,"height":666,"caption":"Victims of domestic violence. Afro mother and daughter suffering from home abuse, sitting on couch at home and trying to protect themselves from punch"},{"@type":"BreadcrumbList","@id":"https:\/\/jornalfatosenoticias.com.br\/index.php\/2021\/01\/28\/estragos-permanentes-da-privacao-materna-judicial-pela-acusacao-de-alienacao-parental-parte-viii\/#breadcrumb","itemListElement":[{"@type":"ListItem","position":1,"name":"In\u00edcio","item":"https:\/\/jornalfatosenoticias.com.br\/"},{"@type":"ListItem","position":2,"name":"Estragos Permanentes da Priva\u00e7\u00e3o Materna Judicial pela acusa\u00e7\u00e3o de aliena\u00e7\u00e3o parental \u2014 Parte VIII"}]},{"@type":"WebSite","@id":"https:\/\/jornalfatosenoticias.com.br\/#website","url":"https:\/\/jornalfatosenoticias.com.br\/","name":"Jornal Fatos e Not\u00edcias","description":"Not\u00edcias em geral","publisher":{"@id":"https:\/\/jornalfatosenoticias.com.br\/#organization"},"potentialAction":[{"@type":"SearchAction","target":{"@type":"EntryPoint","urlTemplate":"https:\/\/jornalfatosenoticias.com.br\/?s={search_term_string}"},"query-input":{"@type":"PropertyValueSpecification","valueRequired":true,"valueName":"search_term_string"}}],"inLanguage":"pt-BR"},{"@type":"Organization","@id":"https:\/\/jornalfatosenoticias.com.br\/#organization","name":"Jornal Fatos e Not\u00edcias","url":"https:\/\/jornalfatosenoticias.com.br\/","logo":{"@type":"ImageObject","inLanguage":"pt-BR","@id":"https:\/\/jornalfatosenoticias.com.br\/#\/schema\/logo\/image\/","url":"https:\/\/jornalfatosenoticias.com.br\/wp-content\/uploads\/2020\/02\/logo120.png","contentUrl":"https:\/\/jornalfatosenoticias.com.br\/wp-content\/uploads\/2020\/02\/logo120.png","width":1227,"height":120,"caption":"Jornal Fatos e Not\u00edcias"},"image":{"@id":"https:\/\/jornalfatosenoticias.com.br\/#\/schema\/logo\/image\/"}},{"@type":"Person","@id":"https:\/\/jornalfatosenoticias.com.br\/#\/schema\/person\/c33fcf5fb02d729d3fec92c6737a22d1","name":"Ana Maria Iencarelli","image":{"@type":"ImageObject","inLanguage":"pt-BR","@id":"https:\/\/jornalfatosenoticias.com.br\/#\/schema\/person\/image\/","url":"https:\/\/jornalfatosenoticias.com.br\/wp-content\/uploads\/2020\/02\/Ana-Maria-Iencarelli-1-150x150.jpg","contentUrl":"https:\/\/jornalfatosenoticias.com.br\/wp-content\/uploads\/2020\/02\/Ana-Maria-Iencarelli-1-150x150.jpg","caption":"Ana Maria Iencarelli"},"description":"Psicanalista Cl\u00ednica, especializada no atendimento a Crian\u00e7as e Adolescentes. Presidente da ONG Vozes de Anjos.","url":"https:\/\/jornalfatosenoticias.com.br\/index.php\/author\/anamaria\/"}]}},"cc_featured_image_caption":{"caption_text":"(Foto: Envato Elements) ","source_text":"","source_url":""},"jetpack_featured_media_url":"https:\/\/jornalfatosenoticias.com.br\/wp-content\/uploads\/2021\/01\/mae-e-filha_violencia-domestica.jpg","_links":{"self":[{"href":"https:\/\/jornalfatosenoticias.com.br\/index.php\/wp-json\/wp\/v2\/posts\/13997","targetHints":{"allow":["GET"]}}],"collection":[{"href":"https:\/\/jornalfatosenoticias.com.br\/index.php\/wp-json\/wp\/v2\/posts"}],"about":[{"href":"https:\/\/jornalfatosenoticias.com.br\/index.php\/wp-json\/wp\/v2\/types\/post"}],"author":[{"embeddable":true,"href":"https:\/\/jornalfatosenoticias.com.br\/index.php\/wp-json\/wp\/v2\/users\/8"}],"replies":[{"embeddable":true,"href":"https:\/\/jornalfatosenoticias.com.br\/index.php\/wp-json\/wp\/v2\/comments?post=13997"}],"version-history":[{"count":0,"href":"https:\/\/jornalfatosenoticias.com.br\/index.php\/wp-json\/wp\/v2\/posts\/13997\/revisions"}],"wp:featuredmedia":[{"embeddable":true,"href":"https:\/\/jornalfatosenoticias.com.br\/index.php\/wp-json\/wp\/v2\/media\/13999"}],"wp:attachment":[{"href":"https:\/\/jornalfatosenoticias.com.br\/index.php\/wp-json\/wp\/v2\/media?parent=13997"}],"wp:term":[{"taxonomy":"category","embeddable":true,"href":"https:\/\/jornalfatosenoticias.com.br\/index.php\/wp-json\/wp\/v2\/categories?post=13997"},{"taxonomy":"post_tag","embeddable":true,"href":"https:\/\/jornalfatosenoticias.com.br\/index.php\/wp-json\/wp\/v2\/tags?post=13997"}],"curies":[{"name":"wp","href":"https:\/\/api.w.org\/{rel}","templated":true}]}}