{"id":14008,"date":"2021-01-28T19:09:05","date_gmt":"2021-01-28T22:09:05","guid":{"rendered":"https:\/\/jornalfatosenoticias.com.br\/?p=14008"},"modified":"2021-01-28T19:09:09","modified_gmt":"2021-01-28T22:09:09","slug":"gordo-mas-saudavel","status":"publish","type":"post","link":"https:\/\/jornalfatosenoticias.com.br\/index.php\/2021\/01\/28\/gordo-mas-saudavel\/","title":{"rendered":"Gordo, mas saud\u00e1vel?"},"content":{"rendered":"\n<h6 class=\"wp-block-heading\"><em>Nova pesquisa sugere que condicionamento f\u00edsico n\u00e3o cancela efeito negativo da obesidade na sa\u00fade<\/em><\/h6>\n\n\n\n<p>Levar um estilo de vida ativo n\u00e3o \u00e9 suficiente para combater os efeitos negativos do excesso de peso na sa\u00fade do cora\u00e7\u00e3o, de acordo com uma pesquisa publicada recentemente. Isso desafia a ideia de que condicionamento f\u00edsico \u00e9 mais importante do que peso para levar um estilo de vida saud\u00e1vel e apela \u00e0s empresas que repensem pol\u00edticas de sa\u00fade internas que priorizem a atividade f\u00edsica em vez de perda de peso.<br>Pesquisadores analisaram dados de mais de 500 mil adultos e agruparam pessoas com base nos n\u00edveis de atividade e peso corporal, avaliando a sa\u00fade do cora\u00e7\u00e3o e tr\u00eas principais fatores de risco para derrame e ataque card\u00edaco: diabetes, press\u00e3o alta e colesterol alto.<br>Embora ser ativo esteja relacionado a uma melhor sa\u00fade card\u00edaca para qualquer pessoa, o autor do estudo, Alejandro Lucia, da Universidade Europeia de Madri, disse que os resultados indicam que \u201co exerc\u00edcio n\u00e3o parece compensar os efeitos negativos do excesso de peso\u201d, contradizendo a popular no\u00e7\u00e3o de que algu\u00e9m pode ser \u201cgordo, mas saud\u00e1vel\u201d.<br>Lucia disse que essa no\u00e7\u00e3o \u201clevou a propostas controversas de pol\u00edticas de sa\u00fade para priorizar a atividade f\u00edsica e a boa forma acima da perda de peso\u201d, pol\u00edticas, que ele acredita, que devam ser reconsideradas para tornar a \u201cperda de peso um alvo principal\u201d na luta para reduzir o risco de doen\u00e7as cardiovasculares em pessoas com sobrepeso e obesas.<br>Embora uma quantidade substancial de pesquisas mostrem que ser ativo protege contra v\u00e1rias doen\u00e7as, o impacto do peso corporal tem se mostrado mais controverso. Muitos, como Lucia observou, apoiam a ideia de que algu\u00e9m pode ser \u201cgordo, mas em forma\u201d (em ingl\u00eas, \u201cfat but fit\u201d) e h\u00e1 evid\u00eancias que sugerem que o condicionamento f\u00edsico pode ajudar a compensar o excesso de peso. \u00c9 improv\u00e1vel que o estudo resolva essa controv\u00e9rsia e h\u00e1 uma s\u00e9rie de falhas metodol\u00f3gicas que precisariam ser abordadas para resolver a quest\u00e3o de forma conclusiva. Keith Frayn, professor em\u00e9rito de metabolismo humano da Universidade de Oxford, disse que a pesquisa \u201cdeve ser considerada apenas um ponto de partida\u201d ao falar sobre a rela\u00e7\u00e3o entre condicionamento f\u00edsico, peso e sa\u00fade. Frayn disse que o desenho do estudo significa que ele poderia ter perdido fatores de sa\u00fade que \u201cn\u00e3o est\u00e3o necessariamente refletidos nas medi\u00e7\u00f5es de sangue relatadas aqui\u201d, bem como benef\u00edcios que v\u00e3o \u201cal\u00e9m da prote\u00e7\u00e3o contra doen\u00e7as cardiovasculares (e) metab\u00f3licas\u201d.<br>Michael Pencina, vice-reitor de ci\u00eancia de dados e tecnologia da informa\u00e7\u00e3o na Faculdade de Medicina da Universidade Duke, disse \u00e0 CNN que o estudo n\u00e3o pode levar a uma conclus\u00e3o sobre a causa dos problemas de sa\u00fade. \u201cEste \u00e9 um estudo transversal\u201d, disse ele. \u201cTudo o que podemos falar \u00e9 sobre associa\u00e7\u00f5es\u201d. O estudo n\u00e3o pode, por exemplo, nos dizer se uma pessoa se tornou ativa porque era obesa ou se era ativa e ainda assim se tornou obesa, explicou Pencina.<br>J\u00e1 o professor Metin Avkiran, diretor m\u00e9dico associado da Funda\u00e7\u00e3o Brit\u00e2nica do Cora\u00e7\u00e3o, disse que o estudo \u201cacrescenta evid\u00eancias existentes de que n\u00e3o existe \u201cobesidade saud\u00e1vel\u201d, al\u00e9m de confirmar que ser fisicamente ativo protege contra esses fatores de risco.<\/p>\n\n\n\n<h4 class=\"wp-block-heading\">No Brasil<\/h4>\n\n\n\n<p>Para Pedro Augusto Bastos, cardiologista do Instituto do Cora\u00e7\u00e3o do Hospital das Cl\u00ednicas da Faculdade de Medicina da Universidade de S\u00e3o Paulo (Incor\/FMUSP), mesmo que pessoas em condi\u00e7\u00e3o de obesidade tenham um estilo de vida saud\u00e1vel, o sobrepeso continua sendo um fator de risco para diversas doen\u00e7as cardiovasculares. \u201cExerc\u00edcios f\u00edsicos e boa alimenta\u00e7\u00e3o s\u00e3o essenciais, mas n\u00e3o garantem 100% de isen\u00e7\u00e3o do desenvolvimento de doen\u00e7as cardiovasculares. Somente se manter ativo n\u00e3o \u00e9 o suficiente. \u00c9 necess\u00e1rio direcionar as atividades para a perda real de peso\u201d, explica o m\u00e9dico.<br>Segundo ele, em diversas fam\u00edlias brasileiras, h\u00e1 a cren\u00e7a de que deixar as crian\u00e7as muito bem-alimentadas, \u00e0s vezes de modo exagerado, significa torn\u00e1-las fortes e imunes a qualquer enfermidade. Mas, \u00e9 poss\u00edvel perceber o aumento de crian\u00e7as e adolescentes acima do peso, com problemas de sa\u00fade em idades muito precoces em compara\u00e7\u00e3o a gera\u00e7\u00f5es anteriores \u00e0s atuais. Bastos defende que a \u201cobesidade saud\u00e1vel\u201d \u00e9 uma ilus\u00e3o, visto que os fatores que mant\u00eam o excesso de gordura corporal, como dieta inadequada e sedentarismo, deixam as pessoas propensas a adquirir problemas de sa\u00fade a qualquer momento. \u201cNormalmente, aqueles que est\u00e3o acima do peso t\u00eam uma alimenta\u00e7\u00e3o de pior qualidade e praticam menos atividade f\u00edsicas, o que pode provocar aumento de hipertens\u00e3o arterial, dislipidemia e diabetes, levando a infartos e acidentes vasculares encef\u00e1licos\u201d.<br>Por outro lado, o m\u00e9dico garantiu que o corpo magro n\u00e3o necessariamente \u00e9 um s\u00edmbolo de sa\u00fade, j\u00e1 que algumas pessoas que n\u00e3o se encontram acima do peso tamb\u00e9m podem desenvolver doen\u00e7as cardiovasculares, como diabetes do tipo 1, por quest\u00f5es gen\u00e9ticas ou dieta prec\u00e1ria. \u201cA ideia que tento manter em alta para os meus pacientes \u00e9 que ter qualidade de vida, \u00e9 um fator de prote\u00e7\u00e3o, mas, infelizmente, n\u00e3o nos deixa isentos das doen\u00e7as cardiovasculares.\u201d Al\u00e9m de buscar a perda de peso de maneira segura, a solu\u00e7\u00e3o para qualidade de vida apresentada por Bastos inclui pr\u00e1tica regular de exerc\u00edcios f\u00edsicos e boa alimenta\u00e7\u00e3o.<\/p>\n\n\n\n<p><strong><em>Fonte: <a href=\"https:\/\/www.forbes.com.br\/forbessaude\/2021\/01\/gordo-mas-saudavel-nova-pesquisa-sugere-que-condicionamento-fisico-nao-cancela-efeito-negativo-da-obesidade-na-saude\/\">Forbes<\/a><\/em><\/strong><\/p>\n","protected":false},"excerpt":{"rendered":"<p>Nova pesquisa sugere que condicionamento f\u00edsico n\u00e3o cancela efeito negativo da obesidade na sa\u00fade Levar um estilo de vida ativo n\u00e3o \u00e9 suficiente para combater os efeitos negativos do excesso de peso na sa\u00fade do cora\u00e7\u00e3o, de acordo com uma pesquisa publicada recentemente. Isso desafia a ideia de que condicionamento f\u00edsico \u00e9 mais importante do [&hellip;]<\/p>\n","protected":false},"author":2,"featured_media":14009,"comment_status":"open","ping_status":"open","sticky":false,"template":"","format":"standard","meta":{"footnotes":""},"categories":[11],"tags":[7185,7186,1221,58,1222,7187,634,4474],"class_list":["post-14008","post","type-post","status-publish","format-standard","has-post-thumbnail","hentry","category-saude","tag-colesterol-alto","tag-condicionamento-fisico","tag-coracao","tag-diabetes","tag-doencas-cardiacas","tag-gordo","tag-obesidade","tag-pressao-alta"],"yoast_head":"<!-- This site is optimized with the Yoast SEO plugin v26.5 - https:\/\/yoast.com\/wordpress\/plugins\/seo\/ -->\n<title>Gordo, mas saud\u00e1vel? - Jornal Fatos e Not\u00edcias<\/title>\n<meta name=\"robots\" content=\"index, follow, max-snippet:-1, max-image-preview:large, max-video-preview:-1\" \/>\n<link rel=\"canonical\" href=\"https:\/\/jornalfatosenoticias.com.br\/index.php\/2021\/01\/28\/gordo-mas-saudavel\/\" \/>\n<meta property=\"og:locale\" content=\"pt_BR\" \/>\n<meta property=\"og:type\" content=\"article\" \/>\n<meta property=\"og:title\" content=\"Gordo, mas saud\u00e1vel? - Jornal Fatos e Not\u00edcias\" \/>\n<meta property=\"og:description\" content=\"Nova pesquisa sugere que condicionamento f\u00edsico n\u00e3o cancela efeito negativo da obesidade na sa\u00fade Levar um estilo de vida ativo n\u00e3o \u00e9 suficiente para combater os efeitos negativos do excesso de peso na sa\u00fade do cora\u00e7\u00e3o, de acordo com uma pesquisa publicada recentemente. Isso desafia a ideia de que condicionamento f\u00edsico \u00e9 mais importante do [&hellip;]\" \/>\n<meta property=\"og:url\" content=\"https:\/\/jornalfatosenoticias.com.br\/index.php\/2021\/01\/28\/gordo-mas-saudavel\/\" \/>\n<meta property=\"og:site_name\" content=\"Jornal Fatos e Not\u00edcias\" \/>\n<meta property=\"article:published_time\" content=\"2021-01-28T22:09:05+00:00\" \/>\n<meta property=\"article:modified_time\" content=\"2021-01-28T22:09:09+00:00\" \/>\n<meta property=\"og:image\" content=\"https:\/\/jornalfatosenoticias.com.br\/wp-content\/uploads\/2021\/01\/obesidade_ReproducaoForbes.jpg\" \/>\n\t<meta property=\"og:image:width\" content=\"1000\" \/>\n\t<meta property=\"og:image:height\" content=\"661\" \/>\n\t<meta property=\"og:image:type\" content=\"image\/jpeg\" \/>\n<meta name=\"author\" content=\"Luzimara Fernandes\" \/>\n<meta name=\"twitter:card\" content=\"summary_large_image\" \/>\n<meta name=\"twitter:label1\" content=\"Escrito por\" \/>\n\t<meta name=\"twitter:data1\" content=\"Luzimara Fernandes\" \/>\n\t<meta name=\"twitter:label2\" content=\"Est. tempo de leitura\" \/>\n\t<meta name=\"twitter:data2\" content=\"5 minutos\" \/>\n<script type=\"application\/ld+json\" class=\"yoast-schema-graph\">{\"@context\":\"https:\/\/schema.org\",\"@graph\":[{\"@type\":\"Article\",\"@id\":\"https:\/\/jornalfatosenoticias.com.br\/index.php\/2021\/01\/28\/gordo-mas-saudavel\/#article\",\"isPartOf\":{\"@id\":\"https:\/\/jornalfatosenoticias.com.br\/index.php\/2021\/01\/28\/gordo-mas-saudavel\/\"},\"author\":{\"name\":\"Luzimara Fernandes\",\"@id\":\"https:\/\/jornalfatosenoticias.com.br\/#\/schema\/person\/d63837fa13ac8666eb9e74e0985d6f81\"},\"headline\":\"Gordo, mas saud\u00e1vel?\",\"datePublished\":\"2021-01-28T22:09:05+00:00\",\"dateModified\":\"2021-01-28T22:09:09+00:00\",\"mainEntityOfPage\":{\"@id\":\"https:\/\/jornalfatosenoticias.com.br\/index.php\/2021\/01\/28\/gordo-mas-saudavel\/\"},\"wordCount\":961,\"commentCount\":0,\"publisher\":{\"@id\":\"https:\/\/jornalfatosenoticias.com.br\/#organization\"},\"image\":{\"@id\":\"https:\/\/jornalfatosenoticias.com.br\/index.php\/2021\/01\/28\/gordo-mas-saudavel\/#primaryimage\"},\"thumbnailUrl\":\"https:\/\/jornalfatosenoticias.com.br\/wp-content\/uploads\/2021\/01\/obesidade_ReproducaoForbes.jpg\",\"keywords\":[\"colesterol alto\",\"condicionamento f\u00edsico\",\"cora\u00e7\u00e3o\",\"diabetes\",\"doen\u00e7as card\u00edacas\",\"gordo\",\"obesidade\",\"press\u00e3o alta\"],\"articleSection\":[\"Sa\u00fade\"],\"inLanguage\":\"pt-BR\",\"potentialAction\":[{\"@type\":\"CommentAction\",\"name\":\"Comment\",\"target\":[\"https:\/\/jornalfatosenoticias.com.br\/index.php\/2021\/01\/28\/gordo-mas-saudavel\/#respond\"]}]},{\"@type\":\"WebPage\",\"@id\":\"https:\/\/jornalfatosenoticias.com.br\/index.php\/2021\/01\/28\/gordo-mas-saudavel\/\",\"url\":\"https:\/\/jornalfatosenoticias.com.br\/index.php\/2021\/01\/28\/gordo-mas-saudavel\/\",\"name\":\"Gordo, mas saud\u00e1vel? - Jornal Fatos e Not\u00edcias\",\"isPartOf\":{\"@id\":\"https:\/\/jornalfatosenoticias.com.br\/#website\"},\"primaryImageOfPage\":{\"@id\":\"https:\/\/jornalfatosenoticias.com.br\/index.php\/2021\/01\/28\/gordo-mas-saudavel\/#primaryimage\"},\"image\":{\"@id\":\"https:\/\/jornalfatosenoticias.com.br\/index.php\/2021\/01\/28\/gordo-mas-saudavel\/#primaryimage\"},\"thumbnailUrl\":\"https:\/\/jornalfatosenoticias.com.br\/wp-content\/uploads\/2021\/01\/obesidade_ReproducaoForbes.jpg\",\"datePublished\":\"2021-01-28T22:09:05+00:00\",\"dateModified\":\"2021-01-28T22:09:09+00:00\",\"breadcrumb\":{\"@id\":\"https:\/\/jornalfatosenoticias.com.br\/index.php\/2021\/01\/28\/gordo-mas-saudavel\/#breadcrumb\"},\"inLanguage\":\"pt-BR\",\"potentialAction\":[{\"@type\":\"ReadAction\",\"target\":[\"https:\/\/jornalfatosenoticias.com.br\/index.php\/2021\/01\/28\/gordo-mas-saudavel\/\"]}]},{\"@type\":\"ImageObject\",\"inLanguage\":\"pt-BR\",\"@id\":\"https:\/\/jornalfatosenoticias.com.br\/index.php\/2021\/01\/28\/gordo-mas-saudavel\/#primaryimage\",\"url\":\"https:\/\/jornalfatosenoticias.com.br\/wp-content\/uploads\/2021\/01\/obesidade_ReproducaoForbes.jpg\",\"contentUrl\":\"https:\/\/jornalfatosenoticias.com.br\/wp-content\/uploads\/2021\/01\/obesidade_ReproducaoForbes.jpg\",\"width\":1000,\"height\":661},{\"@type\":\"BreadcrumbList\",\"@id\":\"https:\/\/jornalfatosenoticias.com.br\/index.php\/2021\/01\/28\/gordo-mas-saudavel\/#breadcrumb\",\"itemListElement\":[{\"@type\":\"ListItem\",\"position\":1,\"name\":\"In\u00edcio\",\"item\":\"https:\/\/jornalfatosenoticias.com.br\/\"},{\"@type\":\"ListItem\",\"position\":2,\"name\":\"Gordo, mas saud\u00e1vel?\"}]},{\"@type\":\"WebSite\",\"@id\":\"https:\/\/jornalfatosenoticias.com.br\/#website\",\"url\":\"https:\/\/jornalfatosenoticias.com.br\/\",\"name\":\"Jornal Fatos e Not\u00edcias\",\"description\":\"Not\u00edcias em geral\",\"publisher\":{\"@id\":\"https:\/\/jornalfatosenoticias.com.br\/#organization\"},\"potentialAction\":[{\"@type\":\"SearchAction\",\"target\":{\"@type\":\"EntryPoint\",\"urlTemplate\":\"https:\/\/jornalfatosenoticias.com.br\/?s={search_term_string}\"},\"query-input\":{\"@type\":\"PropertyValueSpecification\",\"valueRequired\":true,\"valueName\":\"search_term_string\"}}],\"inLanguage\":\"pt-BR\"},{\"@type\":\"Organization\",\"@id\":\"https:\/\/jornalfatosenoticias.com.br\/#organization\",\"name\":\"Jornal Fatos e Not\u00edcias\",\"url\":\"https:\/\/jornalfatosenoticias.com.br\/\",\"logo\":{\"@type\":\"ImageObject\",\"inLanguage\":\"pt-BR\",\"@id\":\"https:\/\/jornalfatosenoticias.com.br\/#\/schema\/logo\/image\/\",\"url\":\"https:\/\/jornalfatosenoticias.com.br\/wp-content\/uploads\/2020\/02\/logo120.png\",\"contentUrl\":\"https:\/\/jornalfatosenoticias.com.br\/wp-content\/uploads\/2020\/02\/logo120.png\",\"width\":1227,\"height\":120,\"caption\":\"Jornal Fatos e Not\u00edcias\"},\"image\":{\"@id\":\"https:\/\/jornalfatosenoticias.com.br\/#\/schema\/logo\/image\/\"}},{\"@type\":\"Person\",\"@id\":\"https:\/\/jornalfatosenoticias.com.br\/#\/schema\/person\/d63837fa13ac8666eb9e74e0985d6f81\",\"name\":\"Luzimara Fernandes\",\"image\":{\"@type\":\"ImageObject\",\"inLanguage\":\"pt-BR\",\"@id\":\"https:\/\/jornalfatosenoticias.com.br\/#\/schema\/person\/image\/\",\"url\":\"https:\/\/jornalfatosenoticias.com.br\/wp-content\/uploads\/2025\/05\/EU_portal.jpg\",\"contentUrl\":\"https:\/\/jornalfatosenoticias.com.br\/wp-content\/uploads\/2025\/05\/EU_portal.jpg\",\"caption\":\"Luzimara Fernandes\"},\"description\":\"Jornalista MTB 2358-ES\",\"sameAs\":[\"https:\/\/jornalfatosenoticias.com.br\"],\"url\":\"https:\/\/jornalfatosenoticias.com.br\/index.php\/author\/luzimara\/\"}]}<\/script>\n<!-- \/ Yoast SEO plugin. -->","yoast_head_json":{"title":"Gordo, mas saud\u00e1vel? - Jornal Fatos e Not\u00edcias","robots":{"index":"index","follow":"follow","max-snippet":"max-snippet:-1","max-image-preview":"max-image-preview:large","max-video-preview":"max-video-preview:-1"},"canonical":"https:\/\/jornalfatosenoticias.com.br\/index.php\/2021\/01\/28\/gordo-mas-saudavel\/","og_locale":"pt_BR","og_type":"article","og_title":"Gordo, mas saud\u00e1vel? - Jornal Fatos e Not\u00edcias","og_description":"Nova pesquisa sugere que condicionamento f\u00edsico n\u00e3o cancela efeito negativo da obesidade na sa\u00fade Levar um estilo de vida ativo n\u00e3o \u00e9 suficiente para combater os efeitos negativos do excesso de peso na sa\u00fade do cora\u00e7\u00e3o, de acordo com uma pesquisa publicada recentemente. Isso desafia a ideia de que condicionamento f\u00edsico \u00e9 mais importante do [&hellip;]","og_url":"https:\/\/jornalfatosenoticias.com.br\/index.php\/2021\/01\/28\/gordo-mas-saudavel\/","og_site_name":"Jornal Fatos e Not\u00edcias","article_published_time":"2021-01-28T22:09:05+00:00","article_modified_time":"2021-01-28T22:09:09+00:00","og_image":[{"width":1000,"height":661,"url":"https:\/\/jornalfatosenoticias.com.br\/wp-content\/uploads\/2021\/01\/obesidade_ReproducaoForbes.jpg","type":"image\/jpeg"}],"author":"Luzimara Fernandes","twitter_card":"summary_large_image","twitter_misc":{"Escrito por":"Luzimara Fernandes","Est. tempo de leitura":"5 minutos"},"schema":{"@context":"https:\/\/schema.org","@graph":[{"@type":"Article","@id":"https:\/\/jornalfatosenoticias.com.br\/index.php\/2021\/01\/28\/gordo-mas-saudavel\/#article","isPartOf":{"@id":"https:\/\/jornalfatosenoticias.com.br\/index.php\/2021\/01\/28\/gordo-mas-saudavel\/"},"author":{"name":"Luzimara Fernandes","@id":"https:\/\/jornalfatosenoticias.com.br\/#\/schema\/person\/d63837fa13ac8666eb9e74e0985d6f81"},"headline":"Gordo, mas saud\u00e1vel?","datePublished":"2021-01-28T22:09:05+00:00","dateModified":"2021-01-28T22:09:09+00:00","mainEntityOfPage":{"@id":"https:\/\/jornalfatosenoticias.com.br\/index.php\/2021\/01\/28\/gordo-mas-saudavel\/"},"wordCount":961,"commentCount":0,"publisher":{"@id":"https:\/\/jornalfatosenoticias.com.br\/#organization"},"image":{"@id":"https:\/\/jornalfatosenoticias.com.br\/index.php\/2021\/01\/28\/gordo-mas-saudavel\/#primaryimage"},"thumbnailUrl":"https:\/\/jornalfatosenoticias.com.br\/wp-content\/uploads\/2021\/01\/obesidade_ReproducaoForbes.jpg","keywords":["colesterol alto","condicionamento f\u00edsico","cora\u00e7\u00e3o","diabetes","doen\u00e7as card\u00edacas","gordo","obesidade","press\u00e3o alta"],"articleSection":["Sa\u00fade"],"inLanguage":"pt-BR","potentialAction":[{"@type":"CommentAction","name":"Comment","target":["https:\/\/jornalfatosenoticias.com.br\/index.php\/2021\/01\/28\/gordo-mas-saudavel\/#respond"]}]},{"@type":"WebPage","@id":"https:\/\/jornalfatosenoticias.com.br\/index.php\/2021\/01\/28\/gordo-mas-saudavel\/","url":"https:\/\/jornalfatosenoticias.com.br\/index.php\/2021\/01\/28\/gordo-mas-saudavel\/","name":"Gordo, mas saud\u00e1vel? - Jornal Fatos e Not\u00edcias","isPartOf":{"@id":"https:\/\/jornalfatosenoticias.com.br\/#website"},"primaryImageOfPage":{"@id":"https:\/\/jornalfatosenoticias.com.br\/index.php\/2021\/01\/28\/gordo-mas-saudavel\/#primaryimage"},"image":{"@id":"https:\/\/jornalfatosenoticias.com.br\/index.php\/2021\/01\/28\/gordo-mas-saudavel\/#primaryimage"},"thumbnailUrl":"https:\/\/jornalfatosenoticias.com.br\/wp-content\/uploads\/2021\/01\/obesidade_ReproducaoForbes.jpg","datePublished":"2021-01-28T22:09:05+00:00","dateModified":"2021-01-28T22:09:09+00:00","breadcrumb":{"@id":"https:\/\/jornalfatosenoticias.com.br\/index.php\/2021\/01\/28\/gordo-mas-saudavel\/#breadcrumb"},"inLanguage":"pt-BR","potentialAction":[{"@type":"ReadAction","target":["https:\/\/jornalfatosenoticias.com.br\/index.php\/2021\/01\/28\/gordo-mas-saudavel\/"]}]},{"@type":"ImageObject","inLanguage":"pt-BR","@id":"https:\/\/jornalfatosenoticias.com.br\/index.php\/2021\/01\/28\/gordo-mas-saudavel\/#primaryimage","url":"https:\/\/jornalfatosenoticias.com.br\/wp-content\/uploads\/2021\/01\/obesidade_ReproducaoForbes.jpg","contentUrl":"https:\/\/jornalfatosenoticias.com.br\/wp-content\/uploads\/2021\/01\/obesidade_ReproducaoForbes.jpg","width":1000,"height":661},{"@type":"BreadcrumbList","@id":"https:\/\/jornalfatosenoticias.com.br\/index.php\/2021\/01\/28\/gordo-mas-saudavel\/#breadcrumb","itemListElement":[{"@type":"ListItem","position":1,"name":"In\u00edcio","item":"https:\/\/jornalfatosenoticias.com.br\/"},{"@type":"ListItem","position":2,"name":"Gordo, mas saud\u00e1vel?"}]},{"@type":"WebSite","@id":"https:\/\/jornalfatosenoticias.com.br\/#website","url":"https:\/\/jornalfatosenoticias.com.br\/","name":"Jornal Fatos e Not\u00edcias","description":"Not\u00edcias em geral","publisher":{"@id":"https:\/\/jornalfatosenoticias.com.br\/#organization"},"potentialAction":[{"@type":"SearchAction","target":{"@type":"EntryPoint","urlTemplate":"https:\/\/jornalfatosenoticias.com.br\/?s={search_term_string}"},"query-input":{"@type":"PropertyValueSpecification","valueRequired":true,"valueName":"search_term_string"}}],"inLanguage":"pt-BR"},{"@type":"Organization","@id":"https:\/\/jornalfatosenoticias.com.br\/#organization","name":"Jornal Fatos e Not\u00edcias","url":"https:\/\/jornalfatosenoticias.com.br\/","logo":{"@type":"ImageObject","inLanguage":"pt-BR","@id":"https:\/\/jornalfatosenoticias.com.br\/#\/schema\/logo\/image\/","url":"https:\/\/jornalfatosenoticias.com.br\/wp-content\/uploads\/2020\/02\/logo120.png","contentUrl":"https:\/\/jornalfatosenoticias.com.br\/wp-content\/uploads\/2020\/02\/logo120.png","width":1227,"height":120,"caption":"Jornal Fatos e Not\u00edcias"},"image":{"@id":"https:\/\/jornalfatosenoticias.com.br\/#\/schema\/logo\/image\/"}},{"@type":"Person","@id":"https:\/\/jornalfatosenoticias.com.br\/#\/schema\/person\/d63837fa13ac8666eb9e74e0985d6f81","name":"Luzimara Fernandes","image":{"@type":"ImageObject","inLanguage":"pt-BR","@id":"https:\/\/jornalfatosenoticias.com.br\/#\/schema\/person\/image\/","url":"https:\/\/jornalfatosenoticias.com.br\/wp-content\/uploads\/2025\/05\/EU_portal.jpg","contentUrl":"https:\/\/jornalfatosenoticias.com.br\/wp-content\/uploads\/2025\/05\/EU_portal.jpg","caption":"Luzimara Fernandes"},"description":"Jornalista MTB 2358-ES","sameAs":["https:\/\/jornalfatosenoticias.com.br"],"url":"https:\/\/jornalfatosenoticias.com.br\/index.php\/author\/luzimara\/"}]}},"cc_featured_image_caption":{"caption_text":"(Foto: Reprodu\u00e7\u00e3o\/Forbes) \r\n","source_text":"","source_url":""},"jetpack_featured_media_url":"https:\/\/jornalfatosenoticias.com.br\/wp-content\/uploads\/2021\/01\/obesidade_ReproducaoForbes.jpg","_links":{"self":[{"href":"https:\/\/jornalfatosenoticias.com.br\/index.php\/wp-json\/wp\/v2\/posts\/14008","targetHints":{"allow":["GET"]}}],"collection":[{"href":"https:\/\/jornalfatosenoticias.com.br\/index.php\/wp-json\/wp\/v2\/posts"}],"about":[{"href":"https:\/\/jornalfatosenoticias.com.br\/index.php\/wp-json\/wp\/v2\/types\/post"}],"author":[{"embeddable":true,"href":"https:\/\/jornalfatosenoticias.com.br\/index.php\/wp-json\/wp\/v2\/users\/2"}],"replies":[{"embeddable":true,"href":"https:\/\/jornalfatosenoticias.com.br\/index.php\/wp-json\/wp\/v2\/comments?post=14008"}],"version-history":[{"count":0,"href":"https:\/\/jornalfatosenoticias.com.br\/index.php\/wp-json\/wp\/v2\/posts\/14008\/revisions"}],"wp:featuredmedia":[{"embeddable":true,"href":"https:\/\/jornalfatosenoticias.com.br\/index.php\/wp-json\/wp\/v2\/media\/14009"}],"wp:attachment":[{"href":"https:\/\/jornalfatosenoticias.com.br\/index.php\/wp-json\/wp\/v2\/media?parent=14008"}],"wp:term":[{"taxonomy":"category","embeddable":true,"href":"https:\/\/jornalfatosenoticias.com.br\/index.php\/wp-json\/wp\/v2\/categories?post=14008"},{"taxonomy":"post_tag","embeddable":true,"href":"https:\/\/jornalfatosenoticias.com.br\/index.php\/wp-json\/wp\/v2\/tags?post=14008"}],"curies":[{"name":"wp","href":"https:\/\/api.w.org\/{rel}","templated":true}]}}