{"id":1401,"date":"2020-02-26T10:10:56","date_gmt":"2020-02-26T13:10:56","guid":{"rendered":"https:\/\/jornalfatosenoticias.com.br\/?p=1401"},"modified":"2020-02-26T10:11:01","modified_gmt":"2020-02-26T13:11:01","slug":"pesquisadores-descobrem-onde-fica-a-consciencia-no-cerebro-dos-macacos","status":"publish","type":"post","link":"https:\/\/jornalfatosenoticias.com.br\/index.php\/2020\/02\/26\/pesquisadores-descobrem-onde-fica-a-consciencia-no-cerebro-dos-macacos\/","title":{"rendered":"Pesquisadores descobrem onde fica a consci\u00eancia no c\u00e9rebro dos macacos"},"content":{"rendered":"\n<h6 class=\"wp-block-heading\"><em>A equipe acredita que a descoberta pode ajudar a desenvolver terapias para pacientes em coma e a monitorar pessoas que estejam sob efeito de anestesia<\/em><\/h6>\n\n\n\n<p>Um estudo inovador em macacos ofereceu algumas pistas sobre os locais da <a href=\"http:\/\/revistagalileu.globo.com\/Revista\/noticia\/2017\/01\/onde-nasce-consciencia.html\">consci\u00eancia<\/a>\u00a0deles no\u00a0<a href=\"https:\/\/revistagalileu.globo.com\/Ciencia\/Arqueologia\/noticia\/2020\/01\/cerebro-de-vitima-se-transformou-em-vidro-apos-erupcao-do-vesuvio.html\">c\u00e9rebro<\/a>. Na experi\u00eancia, a equipe estimulou o t\u00e1lamo lateral de macacos anestesiados, fazendo com que eles ficassem acordados e alertas instantaneamente.<br> Os neurocientistas j\u00e1 haviam classificado o t\u00e1lamo lateral central como um dos correlatos neurais da consci\u00eancia, mas essa pesquisa d\u00e1 mais credibilidade \u00e0 alega\u00e7\u00e3o. &#8220;Descobrimos que, quando estimulamos essa pequena \u00e1rea cerebral, podemos acordar os animais e restabelecer toda a atividade neural. Eles agiram como se estivessem acordados. Quando desligamos o est\u00edmulo, os animais voltaram a ficar inconscientes&#8221;, disse Yuri Saalmann, autor da pesquisa, em <a href=\"https:\/\/eurekalert.org\/pub_releases\/2020-02\/cp-rsa020620.php\">comunicado<\/a>.<br> \u00c9 importante entender que, no contexto do estudo, &#8220;consci\u00eancia&#8221; se refere a estar acordado. &#8220;Temos que come\u00e7ar entendendo o mecanismo m\u00ednimo necess\u00e1rio ou suficiente para a consci\u00eancia, para que a parte correta do c\u00e9rebro possa ser direcionada clinicamente&#8221;, afirmou Michelle Redinbaugh, principal autora do artigo, publicada na revista <a href=\"http:\/\/www.cell.com\/neuron\/fulltext\/S0896-6273(20)30005-2\"><em>Neuron<\/em><\/a>.<br> A equipe, da Universidade de Wisconsin-Madison, acredita que esse resultado pode ajudar a desenvolver terapias para pacientes humanos em <a href=\"https:\/\/revistagalileu.globo.com\/Ciencia\/Saude\/noticia\/2019\/04\/mulher-acorda-apos-ficar-em-estado-de-coma-por-27-anos.html\">coma<\/a>. Al\u00e9m disso, ela pode ser usada para monitorar quem est\u00e1 sob <a href=\"https:\/\/revistagalileu.globo.com\/Ciencia\/Saude\/noticia\/2019\/03\/os-riscos-de-aplicar-anestesia-em-locais-com-tatuagem.html\">anestesia<\/a> cl\u00ednica, garantindo que eles estejam inconscientes com seguran\u00e7a.<br> &#8220;\u00c9 improv\u00e1vel que a consci\u00eancia seja espec\u00edfica em um local no c\u00e9rebro. Mas a principal motiva\u00e7\u00e3o dessa pesquisa \u00e9 ajudar as pessoas com dist\u00farbios de consci\u00eancia a viverem vidas melhores&#8221;, observou Redinbaugh.<\/p>\n\n\n\n<p><strong><em>Fonte: Galileu.com<\/em><\/strong><\/p>\n","protected":false},"excerpt":{"rendered":"<p>A equipe acredita que a descoberta pode ajudar a desenvolver terapias para pacientes em coma e a monitorar pessoas que estejam sob efeito de anestesia Um estudo inovador em macacos ofereceu algumas pistas sobre os locais da consci\u00eancia\u00a0deles no\u00a0c\u00e9rebro. Na experi\u00eancia, a equipe estimulou o t\u00e1lamo lateral de macacos anestesiados, fazendo com que eles ficassem [&hellip;]<\/p>\n","protected":false},"author":2,"featured_media":1402,"comment_status":"open","ping_status":"open","sticky":false,"template":"","format":"standard","meta":{"footnotes":""},"categories":[2],"tags":[48],"class_list":["post-1401","post","type-post","status-publish","format-standard","has-post-thumbnail","hentry","category-ciencia","tag-macacos"],"yoast_head":"<!-- This site is optimized with the Yoast SEO plugin v26.5 - https:\/\/yoast.com\/wordpress\/plugins\/seo\/ -->\n<title>Pesquisadores descobrem onde fica a consci\u00eancia no c\u00e9rebro dos macacos - Jornal Fatos e Not\u00edcias<\/title>\n<meta name=\"robots\" content=\"index, follow, max-snippet:-1, max-image-preview:large, max-video-preview:-1\" \/>\n<link rel=\"canonical\" href=\"https:\/\/jornalfatosenoticias.com.br\/index.php\/2020\/02\/26\/pesquisadores-descobrem-onde-fica-a-consciencia-no-cerebro-dos-macacos\/\" \/>\n<meta property=\"og:locale\" content=\"pt_BR\" \/>\n<meta property=\"og:type\" content=\"article\" \/>\n<meta property=\"og:title\" content=\"Pesquisadores descobrem onde fica a consci\u00eancia no c\u00e9rebro dos macacos - Jornal Fatos e Not\u00edcias\" \/>\n<meta property=\"og:description\" content=\"A equipe acredita que a descoberta pode ajudar a desenvolver terapias para pacientes em coma e a monitorar pessoas que estejam sob efeito de anestesia Um estudo inovador em macacos ofereceu algumas pistas sobre os locais da consci\u00eancia\u00a0deles no\u00a0c\u00e9rebro. Na experi\u00eancia, a equipe estimulou o t\u00e1lamo lateral de macacos anestesiados, fazendo com que eles ficassem [&hellip;]\" \/>\n<meta property=\"og:url\" content=\"https:\/\/jornalfatosenoticias.com.br\/index.php\/2020\/02\/26\/pesquisadores-descobrem-onde-fica-a-consciencia-no-cerebro-dos-macacos\/\" \/>\n<meta property=\"og:site_name\" content=\"Jornal Fatos e Not\u00edcias\" \/>\n<meta property=\"article:published_time\" content=\"2020-02-26T13:10:56+00:00\" \/>\n<meta property=\"article:modified_time\" content=\"2020-02-26T13:11:01+00:00\" \/>\n<meta property=\"og:image\" content=\"https:\/\/jornalfatosenoticias.com.br\/wp-content\/uploads\/2020\/02\/cerebro-dos-macacos.jpg\" \/>\n\t<meta property=\"og:image:width\" content=\"980\" \/>\n\t<meta property=\"og:image:height\" content=\"651\" \/>\n\t<meta property=\"og:image:type\" content=\"image\/jpeg\" \/>\n<meta name=\"author\" content=\"Luzimara Fernandes\" \/>\n<meta name=\"twitter:card\" content=\"summary_large_image\" \/>\n<meta name=\"twitter:label1\" content=\"Escrito por\" \/>\n\t<meta name=\"twitter:data1\" content=\"Luzimara Fernandes\" \/>\n\t<meta name=\"twitter:label2\" content=\"Est. tempo de leitura\" \/>\n\t<meta name=\"twitter:data2\" content=\"1 minuto\" \/>\n<script type=\"application\/ld+json\" class=\"yoast-schema-graph\">{\"@context\":\"https:\/\/schema.org\",\"@graph\":[{\"@type\":\"Article\",\"@id\":\"https:\/\/jornalfatosenoticias.com.br\/index.php\/2020\/02\/26\/pesquisadores-descobrem-onde-fica-a-consciencia-no-cerebro-dos-macacos\/#article\",\"isPartOf\":{\"@id\":\"https:\/\/jornalfatosenoticias.com.br\/index.php\/2020\/02\/26\/pesquisadores-descobrem-onde-fica-a-consciencia-no-cerebro-dos-macacos\/\"},\"author\":{\"name\":\"Luzimara Fernandes\",\"@id\":\"https:\/\/jornalfatosenoticias.com.br\/#\/schema\/person\/d63837fa13ac8666eb9e74e0985d6f81\"},\"headline\":\"Pesquisadores descobrem onde fica a consci\u00eancia no c\u00e9rebro dos macacos\",\"datePublished\":\"2020-02-26T13:10:56+00:00\",\"dateModified\":\"2020-02-26T13:11:01+00:00\",\"mainEntityOfPage\":{\"@id\":\"https:\/\/jornalfatosenoticias.com.br\/index.php\/2020\/02\/26\/pesquisadores-descobrem-onde-fica-a-consciencia-no-cerebro-dos-macacos\/\"},\"wordCount\":283,\"commentCount\":0,\"publisher\":{\"@id\":\"https:\/\/jornalfatosenoticias.com.br\/#organization\"},\"image\":{\"@id\":\"https:\/\/jornalfatosenoticias.com.br\/index.php\/2020\/02\/26\/pesquisadores-descobrem-onde-fica-a-consciencia-no-cerebro-dos-macacos\/#primaryimage\"},\"thumbnailUrl\":\"https:\/\/jornalfatosenoticias.com.br\/wp-content\/uploads\/2020\/02\/cerebro-dos-macacos.jpg\",\"keywords\":[\"macacos\"],\"articleSection\":[\"Ci\u00eancia\"],\"inLanguage\":\"pt-BR\",\"potentialAction\":[{\"@type\":\"CommentAction\",\"name\":\"Comment\",\"target\":[\"https:\/\/jornalfatosenoticias.com.br\/index.php\/2020\/02\/26\/pesquisadores-descobrem-onde-fica-a-consciencia-no-cerebro-dos-macacos\/#respond\"]}]},{\"@type\":\"WebPage\",\"@id\":\"https:\/\/jornalfatosenoticias.com.br\/index.php\/2020\/02\/26\/pesquisadores-descobrem-onde-fica-a-consciencia-no-cerebro-dos-macacos\/\",\"url\":\"https:\/\/jornalfatosenoticias.com.br\/index.php\/2020\/02\/26\/pesquisadores-descobrem-onde-fica-a-consciencia-no-cerebro-dos-macacos\/\",\"name\":\"Pesquisadores descobrem onde fica a consci\u00eancia no c\u00e9rebro dos macacos - Jornal Fatos e Not\u00edcias\",\"isPartOf\":{\"@id\":\"https:\/\/jornalfatosenoticias.com.br\/#website\"},\"primaryImageOfPage\":{\"@id\":\"https:\/\/jornalfatosenoticias.com.br\/index.php\/2020\/02\/26\/pesquisadores-descobrem-onde-fica-a-consciencia-no-cerebro-dos-macacos\/#primaryimage\"},\"image\":{\"@id\":\"https:\/\/jornalfatosenoticias.com.br\/index.php\/2020\/02\/26\/pesquisadores-descobrem-onde-fica-a-consciencia-no-cerebro-dos-macacos\/#primaryimage\"},\"thumbnailUrl\":\"https:\/\/jornalfatosenoticias.com.br\/wp-content\/uploads\/2020\/02\/cerebro-dos-macacos.jpg\",\"datePublished\":\"2020-02-26T13:10:56+00:00\",\"dateModified\":\"2020-02-26T13:11:01+00:00\",\"breadcrumb\":{\"@id\":\"https:\/\/jornalfatosenoticias.com.br\/index.php\/2020\/02\/26\/pesquisadores-descobrem-onde-fica-a-consciencia-no-cerebro-dos-macacos\/#breadcrumb\"},\"inLanguage\":\"pt-BR\",\"potentialAction\":[{\"@type\":\"ReadAction\",\"target\":[\"https:\/\/jornalfatosenoticias.com.br\/index.php\/2020\/02\/26\/pesquisadores-descobrem-onde-fica-a-consciencia-no-cerebro-dos-macacos\/\"]}]},{\"@type\":\"ImageObject\",\"inLanguage\":\"pt-BR\",\"@id\":\"https:\/\/jornalfatosenoticias.com.br\/index.php\/2020\/02\/26\/pesquisadores-descobrem-onde-fica-a-consciencia-no-cerebro-dos-macacos\/#primaryimage\",\"url\":\"https:\/\/jornalfatosenoticias.com.br\/wp-content\/uploads\/2020\/02\/cerebro-dos-macacos.jpg\",\"contentUrl\":\"https:\/\/jornalfatosenoticias.com.br\/wp-content\/uploads\/2020\/02\/cerebro-dos-macacos.jpg\",\"width\":980,\"height\":651},{\"@type\":\"BreadcrumbList\",\"@id\":\"https:\/\/jornalfatosenoticias.com.br\/index.php\/2020\/02\/26\/pesquisadores-descobrem-onde-fica-a-consciencia-no-cerebro-dos-macacos\/#breadcrumb\",\"itemListElement\":[{\"@type\":\"ListItem\",\"position\":1,\"name\":\"In\u00edcio\",\"item\":\"https:\/\/jornalfatosenoticias.com.br\/\"},{\"@type\":\"ListItem\",\"position\":2,\"name\":\"Pesquisadores descobrem onde fica a consci\u00eancia no c\u00e9rebro dos macacos\"}]},{\"@type\":\"WebSite\",\"@id\":\"https:\/\/jornalfatosenoticias.com.br\/#website\",\"url\":\"https:\/\/jornalfatosenoticias.com.br\/\",\"name\":\"Jornal Fatos e Not\u00edcias\",\"description\":\"Not\u00edcias em geral\",\"publisher\":{\"@id\":\"https:\/\/jornalfatosenoticias.com.br\/#organization\"},\"potentialAction\":[{\"@type\":\"SearchAction\",\"target\":{\"@type\":\"EntryPoint\",\"urlTemplate\":\"https:\/\/jornalfatosenoticias.com.br\/?s={search_term_string}\"},\"query-input\":{\"@type\":\"PropertyValueSpecification\",\"valueRequired\":true,\"valueName\":\"search_term_string\"}}],\"inLanguage\":\"pt-BR\"},{\"@type\":\"Organization\",\"@id\":\"https:\/\/jornalfatosenoticias.com.br\/#organization\",\"name\":\"Jornal Fatos e Not\u00edcias\",\"url\":\"https:\/\/jornalfatosenoticias.com.br\/\",\"logo\":{\"@type\":\"ImageObject\",\"inLanguage\":\"pt-BR\",\"@id\":\"https:\/\/jornalfatosenoticias.com.br\/#\/schema\/logo\/image\/\",\"url\":\"https:\/\/jornalfatosenoticias.com.br\/wp-content\/uploads\/2020\/02\/logo120.png\",\"contentUrl\":\"https:\/\/jornalfatosenoticias.com.br\/wp-content\/uploads\/2020\/02\/logo120.png\",\"width\":1227,\"height\":120,\"caption\":\"Jornal Fatos e Not\u00edcias\"},\"image\":{\"@id\":\"https:\/\/jornalfatosenoticias.com.br\/#\/schema\/logo\/image\/\"}},{\"@type\":\"Person\",\"@id\":\"https:\/\/jornalfatosenoticias.com.br\/#\/schema\/person\/d63837fa13ac8666eb9e74e0985d6f81\",\"name\":\"Luzimara Fernandes\",\"image\":{\"@type\":\"ImageObject\",\"inLanguage\":\"pt-BR\",\"@id\":\"https:\/\/jornalfatosenoticias.com.br\/#\/schema\/person\/image\/\",\"url\":\"https:\/\/jornalfatosenoticias.com.br\/wp-content\/uploads\/2025\/05\/EU_portal.jpg\",\"contentUrl\":\"https:\/\/jornalfatosenoticias.com.br\/wp-content\/uploads\/2025\/05\/EU_portal.jpg\",\"caption\":\"Luzimara Fernandes\"},\"description\":\"Jornalista MTB 2358-ES\",\"sameAs\":[\"https:\/\/jornalfatosenoticias.com.br\"],\"url\":\"https:\/\/jornalfatosenoticias.com.br\/index.php\/author\/luzimara\/\"}]}<\/script>\n<!-- \/ Yoast SEO plugin. -->","yoast_head_json":{"title":"Pesquisadores descobrem onde fica a consci\u00eancia no c\u00e9rebro dos macacos - Jornal Fatos e Not\u00edcias","robots":{"index":"index","follow":"follow","max-snippet":"max-snippet:-1","max-image-preview":"max-image-preview:large","max-video-preview":"max-video-preview:-1"},"canonical":"https:\/\/jornalfatosenoticias.com.br\/index.php\/2020\/02\/26\/pesquisadores-descobrem-onde-fica-a-consciencia-no-cerebro-dos-macacos\/","og_locale":"pt_BR","og_type":"article","og_title":"Pesquisadores descobrem onde fica a consci\u00eancia no c\u00e9rebro dos macacos - Jornal Fatos e Not\u00edcias","og_description":"A equipe acredita que a descoberta pode ajudar a desenvolver terapias para pacientes em coma e a monitorar pessoas que estejam sob efeito de anestesia Um estudo inovador em macacos ofereceu algumas pistas sobre os locais da consci\u00eancia\u00a0deles no\u00a0c\u00e9rebro. Na experi\u00eancia, a equipe estimulou o t\u00e1lamo lateral de macacos anestesiados, fazendo com que eles ficassem [&hellip;]","og_url":"https:\/\/jornalfatosenoticias.com.br\/index.php\/2020\/02\/26\/pesquisadores-descobrem-onde-fica-a-consciencia-no-cerebro-dos-macacos\/","og_site_name":"Jornal Fatos e Not\u00edcias","article_published_time":"2020-02-26T13:10:56+00:00","article_modified_time":"2020-02-26T13:11:01+00:00","og_image":[{"width":980,"height":651,"url":"https:\/\/jornalfatosenoticias.com.br\/wp-content\/uploads\/2020\/02\/cerebro-dos-macacos.jpg","type":"image\/jpeg"}],"author":"Luzimara Fernandes","twitter_card":"summary_large_image","twitter_misc":{"Escrito por":"Luzimara Fernandes","Est. tempo de leitura":"1 minuto"},"schema":{"@context":"https:\/\/schema.org","@graph":[{"@type":"Article","@id":"https:\/\/jornalfatosenoticias.com.br\/index.php\/2020\/02\/26\/pesquisadores-descobrem-onde-fica-a-consciencia-no-cerebro-dos-macacos\/#article","isPartOf":{"@id":"https:\/\/jornalfatosenoticias.com.br\/index.php\/2020\/02\/26\/pesquisadores-descobrem-onde-fica-a-consciencia-no-cerebro-dos-macacos\/"},"author":{"name":"Luzimara Fernandes","@id":"https:\/\/jornalfatosenoticias.com.br\/#\/schema\/person\/d63837fa13ac8666eb9e74e0985d6f81"},"headline":"Pesquisadores descobrem onde fica a consci\u00eancia no c\u00e9rebro dos macacos","datePublished":"2020-02-26T13:10:56+00:00","dateModified":"2020-02-26T13:11:01+00:00","mainEntityOfPage":{"@id":"https:\/\/jornalfatosenoticias.com.br\/index.php\/2020\/02\/26\/pesquisadores-descobrem-onde-fica-a-consciencia-no-cerebro-dos-macacos\/"},"wordCount":283,"commentCount":0,"publisher":{"@id":"https:\/\/jornalfatosenoticias.com.br\/#organization"},"image":{"@id":"https:\/\/jornalfatosenoticias.com.br\/index.php\/2020\/02\/26\/pesquisadores-descobrem-onde-fica-a-consciencia-no-cerebro-dos-macacos\/#primaryimage"},"thumbnailUrl":"https:\/\/jornalfatosenoticias.com.br\/wp-content\/uploads\/2020\/02\/cerebro-dos-macacos.jpg","keywords":["macacos"],"articleSection":["Ci\u00eancia"],"inLanguage":"pt-BR","potentialAction":[{"@type":"CommentAction","name":"Comment","target":["https:\/\/jornalfatosenoticias.com.br\/index.php\/2020\/02\/26\/pesquisadores-descobrem-onde-fica-a-consciencia-no-cerebro-dos-macacos\/#respond"]}]},{"@type":"WebPage","@id":"https:\/\/jornalfatosenoticias.com.br\/index.php\/2020\/02\/26\/pesquisadores-descobrem-onde-fica-a-consciencia-no-cerebro-dos-macacos\/","url":"https:\/\/jornalfatosenoticias.com.br\/index.php\/2020\/02\/26\/pesquisadores-descobrem-onde-fica-a-consciencia-no-cerebro-dos-macacos\/","name":"Pesquisadores descobrem onde fica a consci\u00eancia no c\u00e9rebro dos macacos - Jornal Fatos e Not\u00edcias","isPartOf":{"@id":"https:\/\/jornalfatosenoticias.com.br\/#website"},"primaryImageOfPage":{"@id":"https:\/\/jornalfatosenoticias.com.br\/index.php\/2020\/02\/26\/pesquisadores-descobrem-onde-fica-a-consciencia-no-cerebro-dos-macacos\/#primaryimage"},"image":{"@id":"https:\/\/jornalfatosenoticias.com.br\/index.php\/2020\/02\/26\/pesquisadores-descobrem-onde-fica-a-consciencia-no-cerebro-dos-macacos\/#primaryimage"},"thumbnailUrl":"https:\/\/jornalfatosenoticias.com.br\/wp-content\/uploads\/2020\/02\/cerebro-dos-macacos.jpg","datePublished":"2020-02-26T13:10:56+00:00","dateModified":"2020-02-26T13:11:01+00:00","breadcrumb":{"@id":"https:\/\/jornalfatosenoticias.com.br\/index.php\/2020\/02\/26\/pesquisadores-descobrem-onde-fica-a-consciencia-no-cerebro-dos-macacos\/#breadcrumb"},"inLanguage":"pt-BR","potentialAction":[{"@type":"ReadAction","target":["https:\/\/jornalfatosenoticias.com.br\/index.php\/2020\/02\/26\/pesquisadores-descobrem-onde-fica-a-consciencia-no-cerebro-dos-macacos\/"]}]},{"@type":"ImageObject","inLanguage":"pt-BR","@id":"https:\/\/jornalfatosenoticias.com.br\/index.php\/2020\/02\/26\/pesquisadores-descobrem-onde-fica-a-consciencia-no-cerebro-dos-macacos\/#primaryimage","url":"https:\/\/jornalfatosenoticias.com.br\/wp-content\/uploads\/2020\/02\/cerebro-dos-macacos.jpg","contentUrl":"https:\/\/jornalfatosenoticias.com.br\/wp-content\/uploads\/2020\/02\/cerebro-dos-macacos.jpg","width":980,"height":651},{"@type":"BreadcrumbList","@id":"https:\/\/jornalfatosenoticias.com.br\/index.php\/2020\/02\/26\/pesquisadores-descobrem-onde-fica-a-consciencia-no-cerebro-dos-macacos\/#breadcrumb","itemListElement":[{"@type":"ListItem","position":1,"name":"In\u00edcio","item":"https:\/\/jornalfatosenoticias.com.br\/"},{"@type":"ListItem","position":2,"name":"Pesquisadores descobrem onde fica a consci\u00eancia no c\u00e9rebro dos macacos"}]},{"@type":"WebSite","@id":"https:\/\/jornalfatosenoticias.com.br\/#website","url":"https:\/\/jornalfatosenoticias.com.br\/","name":"Jornal Fatos e Not\u00edcias","description":"Not\u00edcias em geral","publisher":{"@id":"https:\/\/jornalfatosenoticias.com.br\/#organization"},"potentialAction":[{"@type":"SearchAction","target":{"@type":"EntryPoint","urlTemplate":"https:\/\/jornalfatosenoticias.com.br\/?s={search_term_string}"},"query-input":{"@type":"PropertyValueSpecification","valueRequired":true,"valueName":"search_term_string"}}],"inLanguage":"pt-BR"},{"@type":"Organization","@id":"https:\/\/jornalfatosenoticias.com.br\/#organization","name":"Jornal Fatos e Not\u00edcias","url":"https:\/\/jornalfatosenoticias.com.br\/","logo":{"@type":"ImageObject","inLanguage":"pt-BR","@id":"https:\/\/jornalfatosenoticias.com.br\/#\/schema\/logo\/image\/","url":"https:\/\/jornalfatosenoticias.com.br\/wp-content\/uploads\/2020\/02\/logo120.png","contentUrl":"https:\/\/jornalfatosenoticias.com.br\/wp-content\/uploads\/2020\/02\/logo120.png","width":1227,"height":120,"caption":"Jornal Fatos e Not\u00edcias"},"image":{"@id":"https:\/\/jornalfatosenoticias.com.br\/#\/schema\/logo\/image\/"}},{"@type":"Person","@id":"https:\/\/jornalfatosenoticias.com.br\/#\/schema\/person\/d63837fa13ac8666eb9e74e0985d6f81","name":"Luzimara Fernandes","image":{"@type":"ImageObject","inLanguage":"pt-BR","@id":"https:\/\/jornalfatosenoticias.com.br\/#\/schema\/person\/image\/","url":"https:\/\/jornalfatosenoticias.com.br\/wp-content\/uploads\/2025\/05\/EU_portal.jpg","contentUrl":"https:\/\/jornalfatosenoticias.com.br\/wp-content\/uploads\/2025\/05\/EU_portal.jpg","caption":"Luzimara Fernandes"},"description":"Jornalista MTB 2358-ES","sameAs":["https:\/\/jornalfatosenoticias.com.br"],"url":"https:\/\/jornalfatosenoticias.com.br\/index.php\/author\/luzimara\/"}]}},"cc_featured_image_caption":{"caption_text":"Pesquisa realizada em macacos detecta fonte de consci\u00eancia no c\u00e9rebro (Foto: Pixabay)","source_text":"","source_url":""},"jetpack_featured_media_url":"https:\/\/jornalfatosenoticias.com.br\/wp-content\/uploads\/2020\/02\/cerebro-dos-macacos.jpg","_links":{"self":[{"href":"https:\/\/jornalfatosenoticias.com.br\/index.php\/wp-json\/wp\/v2\/posts\/1401","targetHints":{"allow":["GET"]}}],"collection":[{"href":"https:\/\/jornalfatosenoticias.com.br\/index.php\/wp-json\/wp\/v2\/posts"}],"about":[{"href":"https:\/\/jornalfatosenoticias.com.br\/index.php\/wp-json\/wp\/v2\/types\/post"}],"author":[{"embeddable":true,"href":"https:\/\/jornalfatosenoticias.com.br\/index.php\/wp-json\/wp\/v2\/users\/2"}],"replies":[{"embeddable":true,"href":"https:\/\/jornalfatosenoticias.com.br\/index.php\/wp-json\/wp\/v2\/comments?post=1401"}],"version-history":[{"count":0,"href":"https:\/\/jornalfatosenoticias.com.br\/index.php\/wp-json\/wp\/v2\/posts\/1401\/revisions"}],"wp:featuredmedia":[{"embeddable":true,"href":"https:\/\/jornalfatosenoticias.com.br\/index.php\/wp-json\/wp\/v2\/media\/1402"}],"wp:attachment":[{"href":"https:\/\/jornalfatosenoticias.com.br\/index.php\/wp-json\/wp\/v2\/media?parent=1401"}],"wp:term":[{"taxonomy":"category","embeddable":true,"href":"https:\/\/jornalfatosenoticias.com.br\/index.php\/wp-json\/wp\/v2\/categories?post=1401"},{"taxonomy":"post_tag","embeddable":true,"href":"https:\/\/jornalfatosenoticias.com.br\/index.php\/wp-json\/wp\/v2\/tags?post=1401"}],"curies":[{"name":"wp","href":"https:\/\/api.w.org\/{rel}","templated":true}]}}