{"id":14049,"date":"2021-01-29T16:50:30","date_gmt":"2021-01-29T19:50:30","guid":{"rendered":"https:\/\/jornalfatosenoticias.com.br\/?p=14049"},"modified":"2021-01-29T16:50:35","modified_gmt":"2021-01-29T19:50:35","slug":"bacurau-e-indicado-ao-independent-spirit-awards","status":"publish","type":"post","link":"https:\/\/jornalfatosenoticias.com.br\/index.php\/2021\/01\/29\/bacurau-e-indicado-ao-independent-spirit-awards\/","title":{"rendered":"Bacurau \u00e9 indicado ao Independent Spirit Awards"},"content":{"rendered":"\n<h6 class=\"wp-block-heading\"><em>Al\u00e9m de Bacurau, o Brasil ser\u00e1 representado por diretor paulista em outra categoria na premia\u00e7\u00e3o do cinema independente dos EUA<\/em><\/h6>\n\n\n\n<p>O filme brasileiro \u2018Bacurau\u2019, j\u00e1 premiado pelo <a href=\"https:\/\/aventurasnahistoria.uol.com.br\/noticias\/acervo\/pagador-promessas-trouxe-palma-ouro-brasil-435293.phtml\">Festival de Cannes<\/a>, est\u00e1 na lista de indicados da principal premia\u00e7\u00e3o do cinema independente dos Estados Unidos, o Independent Spirit Awards, na categoria Melhor Filme Internacional.<br>Dirigido por <strong>Kleber Mendon\u00e7a Filho<\/strong> e <strong>Juliano Dornelles<\/strong>, \u2018<a href=\"https:\/\/aventurasnahistoria.uol.com.br\/noticias\/historia-hoje\/bacurau-recebe-titulo-de-melhor-filme-estrangeiro-no-aclamado-new-york-film-awards.phtml\">Bacurau<\/a>\u2019 foi lan\u00e7ado no Brasil em agosto de 2019, e estreou nos cinemas norte-americanos em 2020. A cerim\u00f4nia de premia\u00e7\u00e3o do Independent Spirit Awards ser\u00e1 no dia 22 de abril, tr\u00eas dias antes do Oscar 2021.<br>No ano passado, o Brasil concorreu na mesma categoria com o filme &#8216;A Vida Invis\u00edvel&#8217; \u2014 que contou com <strong>Fernanda Montenegr<\/strong>o no elenco. Trata-se do segundo ano consecutivo em que produ\u00e7\u00f5es brasileiras concorrem a Melhor Filme Internacional.<br>A presen\u00e7a brasileira, neste ano, tamb\u00e9m est\u00e1 na indica\u00e7\u00e3o do longa-metragem \u2018Nine Days\u2019, produzido em <a href=\"https:\/\/aventurasnahistoria.uol.com.br\/noticias\/reportagem\/o-vestido-de-monroe-os-bastidores-da-cena-mais-iconica-de-hollywood.phtml\">Hollywood<\/a> e dirigido pelo cineasta paulista Edson Oda. Ele disputar\u00e1 o pr\u00eamio na categoria Melhor Filme de Estreia.<\/p>\n\n\n\n<figure class=\"wp-block-image size-large\"><img loading=\"lazy\" decoding=\"async\" width=\"1000\" height=\"562\" src=\"https:\/\/jornalfatosenoticias.com.br\/wp-content\/uploads\/2021\/01\/cineasta_EDSON-ODA.jpg\" alt=\"\" class=\"wp-image-14050\" srcset=\"https:\/\/jornalfatosenoticias.com.br\/wp-content\/uploads\/2021\/01\/cineasta_EDSON-ODA.jpg 1000w, https:\/\/jornalfatosenoticias.com.br\/wp-content\/uploads\/2021\/01\/cineasta_EDSON-ODA-300x169.jpg 300w, https:\/\/jornalfatosenoticias.com.br\/wp-content\/uploads\/2021\/01\/cineasta_EDSON-ODA-768x432.jpg 768w\" sizes=\"auto, (max-width: 1000px) 100vw, 1000px\" \/><figcaption><em>Diretor paulista Edson Oda (Foto: Divulga\u00e7\u00e3o\/Instagram)<\/em><\/figcaption><\/figure>\n\n\n\n<h4 class=\"wp-block-heading\">Confira as indica\u00e7\u00f5es da categoria Melhor Filme Internacional:<\/h4>\n\n\n\n<p>\u2022 &#8220;Bacurau&#8221; (Brasil)<br>\u2022 &#8220;The Disciple&#8221; (\u00cdndia)<br>\u2022 &#8220;La Nuit de Rois&#8221; (Costa do Marfim)<br>\u2022 &#8220;Preparations to be Together for an Unknown Period of Time&#8221; (Hungria)<br>\u2022 &#8220;Quo Vadis, Aida?&#8221; (B\u00f3snia e Herzegovina)<\/p>\n\n\n\n<h4 class=\"wp-block-heading\">Confira os diretores e indica\u00e7\u00f5es da categoria Melhor Filme de Estreia:<\/h4>\n\n\n\n<p>\u2022 Heidi Ewing \u2014 &#8220;I Carry You With Me&#8221;<br>\u2022 Radha Blank \u2014 &#8220;The Forty-Year-Old Version&#8221;<br>\u2022 Channing Godfrey Peoples \u2014 &#8220;Miss Juneteenth&#8221;<br>\u2022 Edson Oda \u2014 &#8220;Nine Days&#8221;<br>\u2022 Darius Marder \u2014 &#8220;O Som do Sil\u00eancio&#8221;<\/p>\n\n\n\n<p><em><strong>Fonte: <a href=\"https:\/\/aventurasnahistoria.uol.com.br\/noticias\/historia-hoje\/bacurau-e-indicado-ao-independent-spirit-awards-premiacao-do-cinema-independente-dos-eua.phtml\">Aventuras na Hist\u00f3ria<\/a><\/strong><\/em><\/p>\n","protected":false},"excerpt":{"rendered":"<p>Al\u00e9m de Bacurau, o Brasil ser\u00e1 representado por diretor paulista em outra categoria na premia\u00e7\u00e3o do cinema independente dos EUA O filme brasileiro \u2018Bacurau\u2019, j\u00e1 premiado pelo Festival de Cannes, est\u00e1 na lista de indicados da principal premia\u00e7\u00e3o do cinema independente dos Estados Unidos, o Independent Spirit Awards, na categoria Melhor Filme Internacional.Dirigido por Kleber [&hellip;]<\/p>\n","protected":false},"author":2,"featured_media":14051,"comment_status":"open","ping_status":"open","sticky":false,"template":"","format":"standard","meta":{"footnotes":""},"categories":[4],"tags":[7205,250,7206,7207],"class_list":["post-14049","post","type-post","status-publish","format-standard","has-post-thumbnail","hentry","category-cultura","tag-bacurau","tag-filme","tag-indicacao","tag-kleber-mendonca-filho"],"yoast_head":"<!-- This site is optimized with the Yoast SEO plugin v26.5 - https:\/\/yoast.com\/wordpress\/plugins\/seo\/ -->\n<title>Bacurau \u00e9 indicado ao Independent Spirit Awards - Jornal Fatos e Not\u00edcias<\/title>\n<meta name=\"robots\" content=\"index, follow, max-snippet:-1, max-image-preview:large, max-video-preview:-1\" \/>\n<link rel=\"canonical\" href=\"https:\/\/jornalfatosenoticias.com.br\/index.php\/2021\/01\/29\/bacurau-e-indicado-ao-independent-spirit-awards\/\" \/>\n<meta property=\"og:locale\" content=\"pt_BR\" \/>\n<meta property=\"og:type\" content=\"article\" \/>\n<meta property=\"og:title\" content=\"Bacurau \u00e9 indicado ao Independent Spirit Awards - Jornal Fatos e Not\u00edcias\" \/>\n<meta property=\"og:description\" content=\"Al\u00e9m de Bacurau, o Brasil ser\u00e1 representado por diretor paulista em outra categoria na premia\u00e7\u00e3o do cinema independente dos EUA O filme brasileiro \u2018Bacurau\u2019, j\u00e1 premiado pelo Festival de Cannes, est\u00e1 na lista de indicados da principal premia\u00e7\u00e3o do cinema independente dos Estados Unidos, o Independent Spirit Awards, na categoria Melhor Filme Internacional.Dirigido por Kleber [&hellip;]\" \/>\n<meta property=\"og:url\" content=\"https:\/\/jornalfatosenoticias.com.br\/index.php\/2021\/01\/29\/bacurau-e-indicado-ao-independent-spirit-awards\/\" \/>\n<meta property=\"og:site_name\" content=\"Jornal Fatos e Not\u00edcias\" \/>\n<meta property=\"article:published_time\" content=\"2021-01-29T19:50:30+00:00\" \/>\n<meta property=\"article:modified_time\" content=\"2021-01-29T19:50:35+00:00\" \/>\n<meta property=\"og:image\" content=\"https:\/\/jornalfatosenoticias.com.br\/wp-content\/uploads\/2021\/01\/bacurau_capa.jpg\" \/>\n\t<meta property=\"og:image:width\" content=\"800\" \/>\n\t<meta property=\"og:image:height\" content=\"450\" \/>\n\t<meta property=\"og:image:type\" content=\"image\/jpeg\" \/>\n<meta name=\"author\" content=\"Luzimara Fernandes\" \/>\n<meta name=\"twitter:card\" content=\"summary_large_image\" \/>\n<meta name=\"twitter:label1\" content=\"Escrito por\" \/>\n\t<meta name=\"twitter:data1\" content=\"Luzimara Fernandes\" \/>\n\t<meta name=\"twitter:label2\" content=\"Est. tempo de leitura\" \/>\n\t<meta name=\"twitter:data2\" content=\"1 minuto\" \/>\n<script type=\"application\/ld+json\" class=\"yoast-schema-graph\">{\"@context\":\"https:\/\/schema.org\",\"@graph\":[{\"@type\":\"Article\",\"@id\":\"https:\/\/jornalfatosenoticias.com.br\/index.php\/2021\/01\/29\/bacurau-e-indicado-ao-independent-spirit-awards\/#article\",\"isPartOf\":{\"@id\":\"https:\/\/jornalfatosenoticias.com.br\/index.php\/2021\/01\/29\/bacurau-e-indicado-ao-independent-spirit-awards\/\"},\"author\":{\"name\":\"Luzimara Fernandes\",\"@id\":\"https:\/\/jornalfatosenoticias.com.br\/#\/schema\/person\/d63837fa13ac8666eb9e74e0985d6f81\"},\"headline\":\"Bacurau \u00e9 indicado ao Independent Spirit Awards\",\"datePublished\":\"2021-01-29T19:50:30+00:00\",\"dateModified\":\"2021-01-29T19:50:35+00:00\",\"mainEntityOfPage\":{\"@id\":\"https:\/\/jornalfatosenoticias.com.br\/index.php\/2021\/01\/29\/bacurau-e-indicado-ao-independent-spirit-awards\/\"},\"wordCount\":274,\"commentCount\":0,\"publisher\":{\"@id\":\"https:\/\/jornalfatosenoticias.com.br\/#organization\"},\"image\":{\"@id\":\"https:\/\/jornalfatosenoticias.com.br\/index.php\/2021\/01\/29\/bacurau-e-indicado-ao-independent-spirit-awards\/#primaryimage\"},\"thumbnailUrl\":\"https:\/\/jornalfatosenoticias.com.br\/wp-content\/uploads\/2021\/01\/bacurau_capa.jpg\",\"keywords\":[\"Bacurau\",\"filme\",\"indica\u00e7\u00e3o\",\"Kl\u00e9ber Mendon\u00e7a Filho\"],\"articleSection\":[\"Cultura\"],\"inLanguage\":\"pt-BR\",\"potentialAction\":[{\"@type\":\"CommentAction\",\"name\":\"Comment\",\"target\":[\"https:\/\/jornalfatosenoticias.com.br\/index.php\/2021\/01\/29\/bacurau-e-indicado-ao-independent-spirit-awards\/#respond\"]}]},{\"@type\":\"WebPage\",\"@id\":\"https:\/\/jornalfatosenoticias.com.br\/index.php\/2021\/01\/29\/bacurau-e-indicado-ao-independent-spirit-awards\/\",\"url\":\"https:\/\/jornalfatosenoticias.com.br\/index.php\/2021\/01\/29\/bacurau-e-indicado-ao-independent-spirit-awards\/\",\"name\":\"Bacurau \u00e9 indicado ao Independent Spirit Awards - Jornal Fatos e Not\u00edcias\",\"isPartOf\":{\"@id\":\"https:\/\/jornalfatosenoticias.com.br\/#website\"},\"primaryImageOfPage\":{\"@id\":\"https:\/\/jornalfatosenoticias.com.br\/index.php\/2021\/01\/29\/bacurau-e-indicado-ao-independent-spirit-awards\/#primaryimage\"},\"image\":{\"@id\":\"https:\/\/jornalfatosenoticias.com.br\/index.php\/2021\/01\/29\/bacurau-e-indicado-ao-independent-spirit-awards\/#primaryimage\"},\"thumbnailUrl\":\"https:\/\/jornalfatosenoticias.com.br\/wp-content\/uploads\/2021\/01\/bacurau_capa.jpg\",\"datePublished\":\"2021-01-29T19:50:30+00:00\",\"dateModified\":\"2021-01-29T19:50:35+00:00\",\"breadcrumb\":{\"@id\":\"https:\/\/jornalfatosenoticias.com.br\/index.php\/2021\/01\/29\/bacurau-e-indicado-ao-independent-spirit-awards\/#breadcrumb\"},\"inLanguage\":\"pt-BR\",\"potentialAction\":[{\"@type\":\"ReadAction\",\"target\":[\"https:\/\/jornalfatosenoticias.com.br\/index.php\/2021\/01\/29\/bacurau-e-indicado-ao-independent-spirit-awards\/\"]}]},{\"@type\":\"ImageObject\",\"inLanguage\":\"pt-BR\",\"@id\":\"https:\/\/jornalfatosenoticias.com.br\/index.php\/2021\/01\/29\/bacurau-e-indicado-ao-independent-spirit-awards\/#primaryimage\",\"url\":\"https:\/\/jornalfatosenoticias.com.br\/wp-content\/uploads\/2021\/01\/bacurau_capa.jpg\",\"contentUrl\":\"https:\/\/jornalfatosenoticias.com.br\/wp-content\/uploads\/2021\/01\/bacurau_capa.jpg\",\"width\":800,\"height\":450},{\"@type\":\"BreadcrumbList\",\"@id\":\"https:\/\/jornalfatosenoticias.com.br\/index.php\/2021\/01\/29\/bacurau-e-indicado-ao-independent-spirit-awards\/#breadcrumb\",\"itemListElement\":[{\"@type\":\"ListItem\",\"position\":1,\"name\":\"In\u00edcio\",\"item\":\"https:\/\/jornalfatosenoticias.com.br\/\"},{\"@type\":\"ListItem\",\"position\":2,\"name\":\"Bacurau \u00e9 indicado ao Independent Spirit Awards\"}]},{\"@type\":\"WebSite\",\"@id\":\"https:\/\/jornalfatosenoticias.com.br\/#website\",\"url\":\"https:\/\/jornalfatosenoticias.com.br\/\",\"name\":\"Jornal Fatos e Not\u00edcias\",\"description\":\"Not\u00edcias em geral\",\"publisher\":{\"@id\":\"https:\/\/jornalfatosenoticias.com.br\/#organization\"},\"potentialAction\":[{\"@type\":\"SearchAction\",\"target\":{\"@type\":\"EntryPoint\",\"urlTemplate\":\"https:\/\/jornalfatosenoticias.com.br\/?s={search_term_string}\"},\"query-input\":{\"@type\":\"PropertyValueSpecification\",\"valueRequired\":true,\"valueName\":\"search_term_string\"}}],\"inLanguage\":\"pt-BR\"},{\"@type\":\"Organization\",\"@id\":\"https:\/\/jornalfatosenoticias.com.br\/#organization\",\"name\":\"Jornal Fatos e Not\u00edcias\",\"url\":\"https:\/\/jornalfatosenoticias.com.br\/\",\"logo\":{\"@type\":\"ImageObject\",\"inLanguage\":\"pt-BR\",\"@id\":\"https:\/\/jornalfatosenoticias.com.br\/#\/schema\/logo\/image\/\",\"url\":\"https:\/\/jornalfatosenoticias.com.br\/wp-content\/uploads\/2020\/02\/logo120.png\",\"contentUrl\":\"https:\/\/jornalfatosenoticias.com.br\/wp-content\/uploads\/2020\/02\/logo120.png\",\"width\":1227,\"height\":120,\"caption\":\"Jornal Fatos e Not\u00edcias\"},\"image\":{\"@id\":\"https:\/\/jornalfatosenoticias.com.br\/#\/schema\/logo\/image\/\"}},{\"@type\":\"Person\",\"@id\":\"https:\/\/jornalfatosenoticias.com.br\/#\/schema\/person\/d63837fa13ac8666eb9e74e0985d6f81\",\"name\":\"Luzimara Fernandes\",\"image\":{\"@type\":\"ImageObject\",\"inLanguage\":\"pt-BR\",\"@id\":\"https:\/\/jornalfatosenoticias.com.br\/#\/schema\/person\/image\/\",\"url\":\"https:\/\/jornalfatosenoticias.com.br\/wp-content\/uploads\/2025\/05\/EU_portal.jpg\",\"contentUrl\":\"https:\/\/jornalfatosenoticias.com.br\/wp-content\/uploads\/2025\/05\/EU_portal.jpg\",\"caption\":\"Luzimara Fernandes\"},\"description\":\"Jornalista MTB 2358-ES\",\"sameAs\":[\"https:\/\/jornalfatosenoticias.com.br\"],\"url\":\"https:\/\/jornalfatosenoticias.com.br\/index.php\/author\/luzimara\/\"}]}<\/script>\n<!-- \/ Yoast SEO plugin. -->","yoast_head_json":{"title":"Bacurau \u00e9 indicado ao Independent Spirit Awards - Jornal Fatos e Not\u00edcias","robots":{"index":"index","follow":"follow","max-snippet":"max-snippet:-1","max-image-preview":"max-image-preview:large","max-video-preview":"max-video-preview:-1"},"canonical":"https:\/\/jornalfatosenoticias.com.br\/index.php\/2021\/01\/29\/bacurau-e-indicado-ao-independent-spirit-awards\/","og_locale":"pt_BR","og_type":"article","og_title":"Bacurau \u00e9 indicado ao Independent Spirit Awards - Jornal Fatos e Not\u00edcias","og_description":"Al\u00e9m de Bacurau, o Brasil ser\u00e1 representado por diretor paulista em outra categoria na premia\u00e7\u00e3o do cinema independente dos EUA O filme brasileiro \u2018Bacurau\u2019, j\u00e1 premiado pelo Festival de Cannes, est\u00e1 na lista de indicados da principal premia\u00e7\u00e3o do cinema independente dos Estados Unidos, o Independent Spirit Awards, na categoria Melhor Filme Internacional.Dirigido por Kleber [&hellip;]","og_url":"https:\/\/jornalfatosenoticias.com.br\/index.php\/2021\/01\/29\/bacurau-e-indicado-ao-independent-spirit-awards\/","og_site_name":"Jornal Fatos e Not\u00edcias","article_published_time":"2021-01-29T19:50:30+00:00","article_modified_time":"2021-01-29T19:50:35+00:00","og_image":[{"width":800,"height":450,"url":"https:\/\/jornalfatosenoticias.com.br\/wp-content\/uploads\/2021\/01\/bacurau_capa.jpg","type":"image\/jpeg"}],"author":"Luzimara Fernandes","twitter_card":"summary_large_image","twitter_misc":{"Escrito por":"Luzimara Fernandes","Est. tempo de leitura":"1 minuto"},"schema":{"@context":"https:\/\/schema.org","@graph":[{"@type":"Article","@id":"https:\/\/jornalfatosenoticias.com.br\/index.php\/2021\/01\/29\/bacurau-e-indicado-ao-independent-spirit-awards\/#article","isPartOf":{"@id":"https:\/\/jornalfatosenoticias.com.br\/index.php\/2021\/01\/29\/bacurau-e-indicado-ao-independent-spirit-awards\/"},"author":{"name":"Luzimara Fernandes","@id":"https:\/\/jornalfatosenoticias.com.br\/#\/schema\/person\/d63837fa13ac8666eb9e74e0985d6f81"},"headline":"Bacurau \u00e9 indicado ao Independent Spirit Awards","datePublished":"2021-01-29T19:50:30+00:00","dateModified":"2021-01-29T19:50:35+00:00","mainEntityOfPage":{"@id":"https:\/\/jornalfatosenoticias.com.br\/index.php\/2021\/01\/29\/bacurau-e-indicado-ao-independent-spirit-awards\/"},"wordCount":274,"commentCount":0,"publisher":{"@id":"https:\/\/jornalfatosenoticias.com.br\/#organization"},"image":{"@id":"https:\/\/jornalfatosenoticias.com.br\/index.php\/2021\/01\/29\/bacurau-e-indicado-ao-independent-spirit-awards\/#primaryimage"},"thumbnailUrl":"https:\/\/jornalfatosenoticias.com.br\/wp-content\/uploads\/2021\/01\/bacurau_capa.jpg","keywords":["Bacurau","filme","indica\u00e7\u00e3o","Kl\u00e9ber Mendon\u00e7a Filho"],"articleSection":["Cultura"],"inLanguage":"pt-BR","potentialAction":[{"@type":"CommentAction","name":"Comment","target":["https:\/\/jornalfatosenoticias.com.br\/index.php\/2021\/01\/29\/bacurau-e-indicado-ao-independent-spirit-awards\/#respond"]}]},{"@type":"WebPage","@id":"https:\/\/jornalfatosenoticias.com.br\/index.php\/2021\/01\/29\/bacurau-e-indicado-ao-independent-spirit-awards\/","url":"https:\/\/jornalfatosenoticias.com.br\/index.php\/2021\/01\/29\/bacurau-e-indicado-ao-independent-spirit-awards\/","name":"Bacurau \u00e9 indicado ao Independent Spirit Awards - Jornal Fatos e Not\u00edcias","isPartOf":{"@id":"https:\/\/jornalfatosenoticias.com.br\/#website"},"primaryImageOfPage":{"@id":"https:\/\/jornalfatosenoticias.com.br\/index.php\/2021\/01\/29\/bacurau-e-indicado-ao-independent-spirit-awards\/#primaryimage"},"image":{"@id":"https:\/\/jornalfatosenoticias.com.br\/index.php\/2021\/01\/29\/bacurau-e-indicado-ao-independent-spirit-awards\/#primaryimage"},"thumbnailUrl":"https:\/\/jornalfatosenoticias.com.br\/wp-content\/uploads\/2021\/01\/bacurau_capa.jpg","datePublished":"2021-01-29T19:50:30+00:00","dateModified":"2021-01-29T19:50:35+00:00","breadcrumb":{"@id":"https:\/\/jornalfatosenoticias.com.br\/index.php\/2021\/01\/29\/bacurau-e-indicado-ao-independent-spirit-awards\/#breadcrumb"},"inLanguage":"pt-BR","potentialAction":[{"@type":"ReadAction","target":["https:\/\/jornalfatosenoticias.com.br\/index.php\/2021\/01\/29\/bacurau-e-indicado-ao-independent-spirit-awards\/"]}]},{"@type":"ImageObject","inLanguage":"pt-BR","@id":"https:\/\/jornalfatosenoticias.com.br\/index.php\/2021\/01\/29\/bacurau-e-indicado-ao-independent-spirit-awards\/#primaryimage","url":"https:\/\/jornalfatosenoticias.com.br\/wp-content\/uploads\/2021\/01\/bacurau_capa.jpg","contentUrl":"https:\/\/jornalfatosenoticias.com.br\/wp-content\/uploads\/2021\/01\/bacurau_capa.jpg","width":800,"height":450},{"@type":"BreadcrumbList","@id":"https:\/\/jornalfatosenoticias.com.br\/index.php\/2021\/01\/29\/bacurau-e-indicado-ao-independent-spirit-awards\/#breadcrumb","itemListElement":[{"@type":"ListItem","position":1,"name":"In\u00edcio","item":"https:\/\/jornalfatosenoticias.com.br\/"},{"@type":"ListItem","position":2,"name":"Bacurau \u00e9 indicado ao Independent Spirit Awards"}]},{"@type":"WebSite","@id":"https:\/\/jornalfatosenoticias.com.br\/#website","url":"https:\/\/jornalfatosenoticias.com.br\/","name":"Jornal Fatos e Not\u00edcias","description":"Not\u00edcias em geral","publisher":{"@id":"https:\/\/jornalfatosenoticias.com.br\/#organization"},"potentialAction":[{"@type":"SearchAction","target":{"@type":"EntryPoint","urlTemplate":"https:\/\/jornalfatosenoticias.com.br\/?s={search_term_string}"},"query-input":{"@type":"PropertyValueSpecification","valueRequired":true,"valueName":"search_term_string"}}],"inLanguage":"pt-BR"},{"@type":"Organization","@id":"https:\/\/jornalfatosenoticias.com.br\/#organization","name":"Jornal Fatos e Not\u00edcias","url":"https:\/\/jornalfatosenoticias.com.br\/","logo":{"@type":"ImageObject","inLanguage":"pt-BR","@id":"https:\/\/jornalfatosenoticias.com.br\/#\/schema\/logo\/image\/","url":"https:\/\/jornalfatosenoticias.com.br\/wp-content\/uploads\/2020\/02\/logo120.png","contentUrl":"https:\/\/jornalfatosenoticias.com.br\/wp-content\/uploads\/2020\/02\/logo120.png","width":1227,"height":120,"caption":"Jornal Fatos e Not\u00edcias"},"image":{"@id":"https:\/\/jornalfatosenoticias.com.br\/#\/schema\/logo\/image\/"}},{"@type":"Person","@id":"https:\/\/jornalfatosenoticias.com.br\/#\/schema\/person\/d63837fa13ac8666eb9e74e0985d6f81","name":"Luzimara Fernandes","image":{"@type":"ImageObject","inLanguage":"pt-BR","@id":"https:\/\/jornalfatosenoticias.com.br\/#\/schema\/person\/image\/","url":"https:\/\/jornalfatosenoticias.com.br\/wp-content\/uploads\/2025\/05\/EU_portal.jpg","contentUrl":"https:\/\/jornalfatosenoticias.com.br\/wp-content\/uploads\/2025\/05\/EU_portal.jpg","caption":"Luzimara Fernandes"},"description":"Jornalista MTB 2358-ES","sameAs":["https:\/\/jornalfatosenoticias.com.br"],"url":"https:\/\/jornalfatosenoticias.com.br\/index.php\/author\/luzimara\/"}]}},"cc_featured_image_caption":{"caption_text":"(Foto: Divulga\u00e7\u00e3o\/YouTube) \r\n\r\n","source_text":"","source_url":""},"jetpack_featured_media_url":"https:\/\/jornalfatosenoticias.com.br\/wp-content\/uploads\/2021\/01\/bacurau_capa.jpg","_links":{"self":[{"href":"https:\/\/jornalfatosenoticias.com.br\/index.php\/wp-json\/wp\/v2\/posts\/14049","targetHints":{"allow":["GET"]}}],"collection":[{"href":"https:\/\/jornalfatosenoticias.com.br\/index.php\/wp-json\/wp\/v2\/posts"}],"about":[{"href":"https:\/\/jornalfatosenoticias.com.br\/index.php\/wp-json\/wp\/v2\/types\/post"}],"author":[{"embeddable":true,"href":"https:\/\/jornalfatosenoticias.com.br\/index.php\/wp-json\/wp\/v2\/users\/2"}],"replies":[{"embeddable":true,"href":"https:\/\/jornalfatosenoticias.com.br\/index.php\/wp-json\/wp\/v2\/comments?post=14049"}],"version-history":[{"count":0,"href":"https:\/\/jornalfatosenoticias.com.br\/index.php\/wp-json\/wp\/v2\/posts\/14049\/revisions"}],"wp:featuredmedia":[{"embeddable":true,"href":"https:\/\/jornalfatosenoticias.com.br\/index.php\/wp-json\/wp\/v2\/media\/14051"}],"wp:attachment":[{"href":"https:\/\/jornalfatosenoticias.com.br\/index.php\/wp-json\/wp\/v2\/media?parent=14049"}],"wp:term":[{"taxonomy":"category","embeddable":true,"href":"https:\/\/jornalfatosenoticias.com.br\/index.php\/wp-json\/wp\/v2\/categories?post=14049"},{"taxonomy":"post_tag","embeddable":true,"href":"https:\/\/jornalfatosenoticias.com.br\/index.php\/wp-json\/wp\/v2\/tags?post=14049"}],"curies":[{"name":"wp","href":"https:\/\/api.w.org\/{rel}","templated":true}]}}