{"id":14134,"date":"2021-02-01T11:10:36","date_gmt":"2021-02-01T14:10:36","guid":{"rendered":"https:\/\/jornalfatosenoticias.com.br\/?p=14134"},"modified":"2021-02-01T11:10:42","modified_gmt":"2021-02-01T14:10:42","slug":"tecnologia-brasileira-ajuda-a-salvar-corais-ameacados-de-extincao","status":"publish","type":"post","link":"https:\/\/jornalfatosenoticias.com.br\/index.php\/2021\/02\/01\/tecnologia-brasileira-ajuda-a-salvar-corais-ameacados-de-extincao\/","title":{"rendered":"Tecnologia brasileira ajuda a salvar corais amea\u00e7ados de extin\u00e7\u00e3o"},"content":{"rendered":"\n<h6 class=\"wp-block-heading\"><em>Dispositivo com tecnologia in\u00e9dita foi criado por pesquisadores da UFPE e pode ajudar a recuperar corais amea\u00e7ados<\/em><\/h6>\n\n\n\n<p>Pesquisadores da Universidade Federal de Pernambuco (UFPE) desenvolveram uma tecnologia in\u00e9dita que pode ajudar a salvar esp\u00e9cies de corais em risco de extin\u00e7\u00e3o. Os cientistas criaram um dispositivo que inova a t\u00e9cnica de transplante de corais a partir da recupera\u00e7\u00e3o de fragmentos com perda tecidual.<br>O dispositivo funciona como uma esp\u00e9cie de ber\u00e7o, onde os fragmentos s\u00e3o mantidos at\u00e9 que se recuperem e cres\u00e7am. Com isso, podem ser reinseridos em seus habitats, ocupando papel-chave no equil\u00edbrio recifal.<br>\u201cO dispositivo permite aprimorar a t\u00e9cnica de transplante de corais, na medida em que torna todo o processo mais simples e acess\u00edvel. M\u00f3vel e de f\u00e1cil produ\u00e7\u00e3o, inclusive por impressora 3D, permite adaptar a t\u00e9cnica \u00e0 morfologia das diferentes esp\u00e9cies e pode ser transportado para qualquer local em que os pesquisadores necessitem conduzir os estudos ou manejos de recupera\u00e7\u00e3o\u201d, explica o engenheiro de pesca e coordenador cient\u00edfico do projeto, Rud\u00e3 Fernandes.<\/p>\n\n\n\n<div class=\"wp-block-jetpack-slideshow aligncenter\" data-effect=\"slide\"><div class=\"wp-block-jetpack-slideshow_container swiper-container\"><ul class=\"wp-block-jetpack-slideshow_swiper-wrapper swiper-wrapper\"><li class=\"wp-block-jetpack-slideshow_slide swiper-slide\"><figure><img loading=\"lazy\" decoding=\"async\" width=\"1000\" height=\"732\" alt=\"\" class=\"wp-block-jetpack-slideshow_image wp-image-14135\" data-id=\"14135\" src=\"https:\/\/jornalfatosenoticias.com.br\/wp-content\/uploads\/2021\/02\/corais-foto-carlos-jangadeiro1.jpg\" srcset=\"https:\/\/jornalfatosenoticias.com.br\/wp-content\/uploads\/2021\/02\/corais-foto-carlos-jangadeiro1.jpg 1000w, https:\/\/jornalfatosenoticias.com.br\/wp-content\/uploads\/2021\/02\/corais-foto-carlos-jangadeiro1-300x220.jpg 300w, https:\/\/jornalfatosenoticias.com.br\/wp-content\/uploads\/2021\/02\/corais-foto-carlos-jangadeiro1-768x562.jpg 768w\" sizes=\"auto, (max-width: 1000px) 100vw, 1000px\" \/><figcaption class=\"wp-block-jetpack-slideshow_caption gallery-caption\">(Fotos: Carlos Jangadeiro)<\/figcaption><\/figure><\/li><li class=\"wp-block-jetpack-slideshow_slide swiper-slide\"><figure><img loading=\"lazy\" decoding=\"async\" width=\"1000\" height=\"710\" alt=\"\" class=\"wp-block-jetpack-slideshow_image wp-image-14136\" data-id=\"14136\" src=\"https:\/\/jornalfatosenoticias.com.br\/wp-content\/uploads\/2021\/02\/corais-foto-carlos-jangadeiro2.jpg\" srcset=\"https:\/\/jornalfatosenoticias.com.br\/wp-content\/uploads\/2021\/02\/corais-foto-carlos-jangadeiro2.jpg 1000w, https:\/\/jornalfatosenoticias.com.br\/wp-content\/uploads\/2021\/02\/corais-foto-carlos-jangadeiro2-300x213.jpg 300w, https:\/\/jornalfatosenoticias.com.br\/wp-content\/uploads\/2021\/02\/corais-foto-carlos-jangadeiro2-768x545.jpg 768w\" sizes=\"auto, (max-width: 1000px) 100vw, 1000px\" \/><\/figure><\/li><\/ul><a class=\"wp-block-jetpack-slideshow_button-prev swiper-button-prev swiper-button-white\" role=\"button\"><\/a><a class=\"wp-block-jetpack-slideshow_button-next swiper-button-next swiper-button-white\" role=\"button\"><\/a><a aria-label=\"Pause Slideshow\" class=\"wp-block-jetpack-slideshow_button-pause\" role=\"button\"><\/a><div class=\"wp-block-jetpack-slideshow_pagination swiper-pagination swiper-pagination-white\"><\/div><\/div><\/div>\n\n\n\n<p>Com o dispositivo, Fernandes e sua equipe cultivaram a esp\u00e9cie Millepora alcicornis, coral nativo brasileiro conhecido como coral-de-fogo, conseguindo com que crescesse 40% em apenas tr\u00eas meses. Pela mesma tecnologia, tamb\u00e9m foi poss\u00edvel cultivar o coral Mussismilia harttii, que figura na lista vermelha de esp\u00e9cies em extin\u00e7\u00e3o. Com esta esp\u00e9cie, os pesquisadores t\u00eam conseguido multiplicar o n\u00famero de p\u00f3lipos obtidos a partir de um mesmo fragmento.<br>O projeto, que conta com o apoio da Funda\u00e7\u00e3o Grupo Botic\u00e1rio de Prote\u00e7\u00e3o \u00e0 Natureza, enxerga a conserva\u00e7\u00e3o recifal como um processo multidisciplinar e que deve ter participa\u00e7\u00e3o da popula\u00e7\u00e3o local, assim, tamb\u00e9m atua nas frentes de educa\u00e7\u00e3o ambiental, engenharia e prototipagem, turismo, desenvolvimento de tecnologias de aquicultura, fisiologia e bioprospec\u00e7\u00e3o de mol\u00e9culas bioativas para m\u00faltiplas atividades.<\/p>\n\n\n\n<figure class=\"wp-block-image size-large\"><img loading=\"lazy\" decoding=\"async\" width=\"1000\" height=\"664\" src=\"https:\/\/jornalfatosenoticias.com.br\/wp-content\/uploads\/2021\/02\/corais-foto-carlos-jangadeiro3.jpg\" alt=\"\" class=\"wp-image-14137\" srcset=\"https:\/\/jornalfatosenoticias.com.br\/wp-content\/uploads\/2021\/02\/corais-foto-carlos-jangadeiro3.jpg 1000w, https:\/\/jornalfatosenoticias.com.br\/wp-content\/uploads\/2021\/02\/corais-foto-carlos-jangadeiro3-300x199.jpg 300w, https:\/\/jornalfatosenoticias.com.br\/wp-content\/uploads\/2021\/02\/corais-foto-carlos-jangadeiro3-768x510.jpg 768w\" sizes=\"auto, (max-width: 1000px) 100vw, 1000px\" \/><figcaption><em>(Foto: Carlos Jangadeiro)<\/em><\/figcaption><\/figure>\n\n\n\n<blockquote class=\"wp-block-quote is-layout-flow wp-block-quote-is-layout-flow\"><p>&#8220;Queremos viabilizar cadeias econ\u00f4micas integradas e sustent\u00e1veis, que respeitem a natureza&#8221;, Rud\u00e3 Fernandes.<\/p><\/blockquote>\n\n\n\n<p>Na mesma linha, o coordenador-geral do projeto, Ranilson Bezerra, ressalta a multidisciplinaridade da a\u00e7\u00e3o, que traz resultados que impactam toda a comunidade. \u201cO retorno para o turismo local \u00e9 imenso. O trabalho que desenvolvemos com brilho nos olhos, carinho e dedica\u00e7\u00e3o \u00e9 de extrema relev\u00e2ncia para jangadeiros, profissionais de mergulho e propriet\u00e1rios de pousadas, hot\u00e9is e resorts\u201d.<br>De acordo com a gerente de Solu\u00e7\u00f5es em Conserva\u00e7\u00e3o da Biodiversidade da Funda\u00e7\u00e3o Grupo Botic\u00e1rio, Marion Silva, projetos como este demonstram como a prote\u00e7\u00e3o da biodiversidade gera benef\u00edcios para o Pa\u00eds, inclusive do ponto de vista econ\u00f4mico.<\/p>\n\n\n\n<figure class=\"wp-block-image size-large\"><img loading=\"lazy\" decoding=\"async\" width=\"1000\" height=\"838\" src=\"https:\/\/jornalfatosenoticias.com.br\/wp-content\/uploads\/2021\/02\/corais-foto-Thalia-Santana.jpg\" alt=\"\" class=\"wp-image-14138\" srcset=\"https:\/\/jornalfatosenoticias.com.br\/wp-content\/uploads\/2021\/02\/corais-foto-Thalia-Santana.jpg 1000w, https:\/\/jornalfatosenoticias.com.br\/wp-content\/uploads\/2021\/02\/corais-foto-Thalia-Santana-300x251.jpg 300w, https:\/\/jornalfatosenoticias.com.br\/wp-content\/uploads\/2021\/02\/corais-foto-Thalia-Santana-768x644.jpg 768w\" sizes=\"auto, (max-width: 1000px) 100vw, 1000px\" \/><figcaption><em>(Foto: Thalia Santana)<\/em><\/figcaption><\/figure>\n\n\n\n<blockquote class=\"wp-block-quote is-layout-flow wp-block-quote-is-layout-flow\"><p>\u201c\u00c9 extremamente importante cada vez mais o poder p\u00fablico, a iniciativa privada e a sociedade se conscientizarem da necessidade de cuidarmos dos ambientes naturais, da fauna e da flora. Temos na natureza um grande ativo que pode ser usado de forma sustent\u00e1vel e respons\u00e1vel para gerar renda e empregos\u201d, afirma Marion Silva.<\/p><\/blockquote>\n\n\n\n<h4 class=\"wp-block-heading\">Turismo sustent\u00e1vel<\/h4>\n\n\n\n<p>Porto de Galinhas, em Pernambuco, recebe milh\u00f5es de turistas de todo o mundo atra\u00eddos por seus famosos corais. De acordo com o Minist\u00e9rio do Turismo, o munic\u00edpio de Ipojuca, onde fica o famoso destino tur\u00edstico, foi mapeado como o nono destino mais procurado pelos viajantes brasileiros durante o \u00faltimo ver\u00e3o.<br>N\u00e3o \u00e0 toa, o projeto da UFPE tem despertado o interesse dos empres\u00e1rios de Ipojuca, em especial do setor hoteleiro, que come\u00e7a a entender que, sem os corais, o turismo na regi\u00e3o pode minguar, comprometendo uma atividade que hoje \u00e9 respons\u00e1vel por grande parte da gera\u00e7\u00e3o local de emprego e renda.<\/p>\n\n\n\n<figure class=\"wp-block-image size-large\"><img loading=\"lazy\" decoding=\"async\" width=\"1000\" height=\"720\" src=\"https:\/\/jornalfatosenoticias.com.br\/wp-content\/uploads\/2021\/02\/corais-foto-Carlos-Jangadeiro4.jpg\" alt=\"\" class=\"wp-image-14139\" srcset=\"https:\/\/jornalfatosenoticias.com.br\/wp-content\/uploads\/2021\/02\/corais-foto-Carlos-Jangadeiro4.jpg 1000w, https:\/\/jornalfatosenoticias.com.br\/wp-content\/uploads\/2021\/02\/corais-foto-Carlos-Jangadeiro4-300x216.jpg 300w, https:\/\/jornalfatosenoticias.com.br\/wp-content\/uploads\/2021\/02\/corais-foto-Carlos-Jangadeiro4-768x553.jpg 768w\" sizes=\"auto, (max-width: 1000px) 100vw, 1000px\" \/><figcaption><em>(Foto: Carlos Jangadeiro)<\/em><\/figcaption><\/figure>\n\n\n\n<p>Para que Porto de Galinhas continue sendo um destino tur\u00edstico relevante, sustentabilidade virou palavra-chave. Com ajuda da associa\u00e7\u00e3o de hot\u00e9is do munic\u00edpio e o Projeto Reanimar, os pesquisadores est\u00e3o desenvolvendo uma iniciativa focada no fomento \u00e0 economia azul, ou seja, economia baseada nos recursos naturais e servi\u00e7os fornecidos pelo oceano. A ideia \u00e9 que, com apoio dos empres\u00e1rios, seja constru\u00edda uma base permanente para a recupera\u00e7\u00e3o dos corais de Ipojuca, sempre em colabora\u00e7\u00e3o com institui\u00e7\u00f5es cient\u00edficas.<br>O objetivo \u00e9 que novas iniciativas com esse prop\u00f3sito sejam aceleradas. De acordo com os pesquisadores, mais de dez hot\u00e9is da regi\u00e3o j\u00e1 manifestaram o interesse de apoiarem em suas estruturas o desenvolvimento de bases de manejo de esp\u00e9cies nativas, que funcionar\u00e3o como startups respons\u00e1veis por desenvolver projetos e tecnologias de conserva\u00e7\u00e3o para diversas esp\u00e9cies marinhas (tartarugas, peixes, estrelas-do-mar etc.).<\/p>\n\n\n\n<figure class=\"wp-block-image size-large\"><img loading=\"lazy\" decoding=\"async\" width=\"1000\" height=\"667\" src=\"https:\/\/jornalfatosenoticias.com.br\/wp-content\/uploads\/2021\/02\/Porto-de-Galinhas_iStock.jpg\" alt=\"\" class=\"wp-image-14140\" srcset=\"https:\/\/jornalfatosenoticias.com.br\/wp-content\/uploads\/2021\/02\/Porto-de-Galinhas_iStock.jpg 1000w, https:\/\/jornalfatosenoticias.com.br\/wp-content\/uploads\/2021\/02\/Porto-de-Galinhas_iStock-300x200.jpg 300w, https:\/\/jornalfatosenoticias.com.br\/wp-content\/uploads\/2021\/02\/Porto-de-Galinhas_iStock-768x512.jpg 768w\" sizes=\"auto, (max-width: 1000px) 100vw, 1000px\" \/><figcaption><em>Porto de Galinhas (Foto: iStock)<\/em><\/figcaption><\/figure>\n\n\n\n<p>Para Rud\u00e3 Fernandes, o turismo cient\u00edfico ser\u00e1 uma tend\u00eancia na regi\u00e3o e h\u00e1 possibilidade de as t\u00e9cnicas e abordagens desenvolvidas serem escalonadas, uma vez que h\u00e1 parceiros internacionais envolvidos, incluindo a Universidade do Qatar. No turismo cient\u00edfico, os viajantes colaboram e participam de a\u00e7\u00f5es de conserva\u00e7\u00e3o, promovendo a conscientiza\u00e7\u00e3o e ajudando a combater pr\u00e1ticas predat\u00f3rias, como remover os corais de seu habitat ou danific\u00e1-los.<\/p>\n\n\n\n<h4 class=\"wp-block-heading\">A situa\u00e7\u00e3o dos corais<\/h4>\n\n\n\n<p>O branqueamento \u00e9 um processo de deteriora\u00e7\u00e3o que pode levar \u00e0 morte dos corais. \u00c9 causado pela altera\u00e7\u00e3o da temperatura dos oceanos, que deixa a \u00e1gua mais \u00e1cida e provoca a expuls\u00e3o ou perda de pigmenta\u00e7\u00e3o das zooxantelas, algas que vivem em associa\u00e7\u00e3o mutual\u00edstica com o coral. Polui\u00e7\u00e3o e pr\u00e1ticas tur\u00edsticas inadequadas tamb\u00e9m contribuem para fatigar o ambiente.<br>De acordo com o Servi\u00e7o Geol\u00f3gico do Brasil, os recifes de corais se estendem por 3 mil quil\u00f4metros da costa brasileira, concentrando-se desde o Sul da Bahia at\u00e9 o Maranh\u00e3o, especialmente entre Salvador e o arquip\u00e9lago de Abrolhos, ambos no estado baiano.<\/p>\n\n\n\n<figure class=\"wp-block-image size-large\"><img loading=\"lazy\" decoding=\"async\" width=\"1000\" height=\"674\" src=\"https:\/\/jornalfatosenoticias.com.br\/wp-content\/uploads\/2021\/02\/Oficina-de-Transplantcao.jpeg\" alt=\"\" class=\"wp-image-14141\" srcset=\"https:\/\/jornalfatosenoticias.com.br\/wp-content\/uploads\/2021\/02\/Oficina-de-Transplantcao.jpeg 1000w, https:\/\/jornalfatosenoticias.com.br\/wp-content\/uploads\/2021\/02\/Oficina-de-Transplantcao-300x202.jpeg 300w, https:\/\/jornalfatosenoticias.com.br\/wp-content\/uploads\/2021\/02\/Oficina-de-Transplantcao-768x518.jpeg 768w\" sizes=\"auto, (max-width: 1000px) 100vw, 1000px\" \/><figcaption><em>Oficina de transplanta\u00e7\u00e3o de corais (Foto: Divulga\u00e7\u00e3o)<\/em><\/figcaption><\/figure>\n\n\n\n<p>Al\u00e9m disso, s\u00e3o os \u00fanicos recifes de coral do Atl\u00e2ntico Sul, visto que cerca de 92% se encontram nos oceanos \u00cdndico e Pac\u00edfico. Embora ocupem apenas 0,1% dos oceanos, os recifes s\u00e3o ecossistemas extremamente ricos em biodiversidade, servindo como ber\u00e7\u00e1rios e fornecendo alimento e abrigo para milhares de esp\u00e9cies de peixes, crust\u00e1ceos, moluscos, algas e outros seres vivos.<br>Segundo o Programa das Na\u00e7\u00f5es Unidas para o Meio Ambiente (Pnuma), um quil\u00f4metro quadrado de recife de coral saud\u00e1vel e bem manejado pode gerar a produ\u00e7\u00e3o anual de 15 toneladas de peixes e outros frutos do mar. Ainda de acordo com a ag\u00eancia da ONU, os servi\u00e7os ecossist\u00eamicos oferecidos pelos corais beneficiam cerca de 850 milh\u00f5es de pessoas no mundo que vivem a uma dist\u00e2ncia de at\u00e9 100 quil\u00f4metros dos recifes, sendo que 250 milh\u00f5es dependem diretamente dos corais para a sua subsist\u00eancia.<\/p>\n\n\n\n<p><strong><em>Fonte: <a href=\"https:\/\/ciclovivo.com.br\/planeta\/meio-ambiente\/tecnologia-brasileira-ajuda-a-salvar-corais-ameacados-de-extincao\/\">CicloVivo<\/a><\/em><\/strong><\/p>\n","protected":false},"excerpt":{"rendered":"<p>Dispositivo com tecnologia in\u00e9dita foi criado por pesquisadores da UFPE e pode ajudar a recuperar corais amea\u00e7ados Pesquisadores da Universidade Federal de Pernambuco (UFPE) desenvolveram uma tecnologia in\u00e9dita que pode ajudar a salvar esp\u00e9cies de corais em risco de extin\u00e7\u00e3o. Os cientistas criaram um dispositivo que inova a t\u00e9cnica de transplante de corais a partir [&hellip;]<\/p>\n","protected":false},"author":2,"featured_media":14142,"comment_status":"open","ping_status":"open","sticky":false,"template":"","format":"standard","meta":{"footnotes":""},"categories":[8,3],"tags":[2268,1583,7247,7120,3539,7246],"class_list":["post-14134","post","type-post","status-publish","format-standard","has-post-thumbnail","hentry","category-meio-ambiente","category-tecnologia","tag-algas","tag-branqueamento","tag-conservacao-recifal","tag-frutos-do-mar","tag-pnuma","tag-recife-de-coral-2"],"yoast_head":"<!-- This site is optimized with the Yoast SEO plugin v26.5 - https:\/\/yoast.com\/wordpress\/plugins\/seo\/ -->\n<title>Tecnologia brasileira ajuda a salvar corais amea\u00e7ados de extin\u00e7\u00e3o - Jornal Fatos e Not\u00edcias<\/title>\n<meta name=\"robots\" content=\"index, follow, max-snippet:-1, max-image-preview:large, max-video-preview:-1\" \/>\n<link rel=\"canonical\" href=\"https:\/\/jornalfatosenoticias.com.br\/index.php\/2021\/02\/01\/tecnologia-brasileira-ajuda-a-salvar-corais-ameacados-de-extincao\/\" \/>\n<meta property=\"og:locale\" content=\"pt_BR\" \/>\n<meta property=\"og:type\" content=\"article\" \/>\n<meta property=\"og:title\" content=\"Tecnologia brasileira ajuda a salvar corais amea\u00e7ados de extin\u00e7\u00e3o - Jornal Fatos e Not\u00edcias\" \/>\n<meta property=\"og:description\" content=\"Dispositivo com tecnologia in\u00e9dita foi criado por pesquisadores da UFPE e pode ajudar a recuperar corais amea\u00e7ados Pesquisadores da Universidade Federal de Pernambuco (UFPE) desenvolveram uma tecnologia in\u00e9dita que pode ajudar a salvar esp\u00e9cies de corais em risco de extin\u00e7\u00e3o. Os cientistas criaram um dispositivo que inova a t\u00e9cnica de transplante de corais a partir [&hellip;]\" \/>\n<meta property=\"og:url\" content=\"https:\/\/jornalfatosenoticias.com.br\/index.php\/2021\/02\/01\/tecnologia-brasileira-ajuda-a-salvar-corais-ameacados-de-extincao\/\" \/>\n<meta property=\"og:site_name\" content=\"Jornal Fatos e Not\u00edcias\" \/>\n<meta property=\"article:published_time\" content=\"2021-02-01T14:10:36+00:00\" \/>\n<meta property=\"article:modified_time\" content=\"2021-02-01T14:10:42+00:00\" \/>\n<meta property=\"og:image\" content=\"https:\/\/jornalfatosenoticias.com.br\/wp-content\/uploads\/2021\/02\/tecnologia-corais-foto-thalia-santana.jpg\" \/>\n\t<meta property=\"og:image:width\" content=\"1000\" \/>\n\t<meta property=\"og:image:height\" content=\"664\" \/>\n\t<meta property=\"og:image:type\" content=\"image\/jpeg\" \/>\n<meta name=\"author\" content=\"Luzimara Fernandes\" \/>\n<meta name=\"twitter:card\" content=\"summary_large_image\" \/>\n<meta name=\"twitter:label1\" content=\"Escrito por\" \/>\n\t<meta name=\"twitter:data1\" content=\"Luzimara Fernandes\" \/>\n\t<meta name=\"twitter:label2\" content=\"Est. tempo de leitura\" \/>\n\t<meta name=\"twitter:data2\" content=\"6 minutos\" \/>\n<script type=\"application\/ld+json\" class=\"yoast-schema-graph\">{\"@context\":\"https:\/\/schema.org\",\"@graph\":[{\"@type\":\"Article\",\"@id\":\"https:\/\/jornalfatosenoticias.com.br\/index.php\/2021\/02\/01\/tecnologia-brasileira-ajuda-a-salvar-corais-ameacados-de-extincao\/#article\",\"isPartOf\":{\"@id\":\"https:\/\/jornalfatosenoticias.com.br\/index.php\/2021\/02\/01\/tecnologia-brasileira-ajuda-a-salvar-corais-ameacados-de-extincao\/\"},\"author\":{\"name\":\"Luzimara Fernandes\",\"@id\":\"https:\/\/jornalfatosenoticias.com.br\/#\/schema\/person\/d63837fa13ac8666eb9e74e0985d6f81\"},\"headline\":\"Tecnologia brasileira ajuda a salvar corais amea\u00e7ados de extin\u00e7\u00e3o\",\"datePublished\":\"2021-02-01T14:10:36+00:00\",\"dateModified\":\"2021-02-01T14:10:42+00:00\",\"mainEntityOfPage\":{\"@id\":\"https:\/\/jornalfatosenoticias.com.br\/index.php\/2021\/02\/01\/tecnologia-brasileira-ajuda-a-salvar-corais-ameacados-de-extincao\/\"},\"wordCount\":1153,\"commentCount\":0,\"publisher\":{\"@id\":\"https:\/\/jornalfatosenoticias.com.br\/#organization\"},\"image\":{\"@id\":\"https:\/\/jornalfatosenoticias.com.br\/index.php\/2021\/02\/01\/tecnologia-brasileira-ajuda-a-salvar-corais-ameacados-de-extincao\/#primaryimage\"},\"thumbnailUrl\":\"https:\/\/jornalfatosenoticias.com.br\/wp-content\/uploads\/2021\/02\/tecnologia-corais-foto-thalia-santana.jpg\",\"keywords\":[\"algas\",\"branqueamento\",\"conserva\u00e7\u00e3o recifal\",\"frutos do mar\",\"Pnuma\",\"recife de coral\"],\"articleSection\":[\"Meio ambiente\",\"Tecnologia &amp; Inova\u00e7\u00e3o\"],\"inLanguage\":\"pt-BR\",\"potentialAction\":[{\"@type\":\"CommentAction\",\"name\":\"Comment\",\"target\":[\"https:\/\/jornalfatosenoticias.com.br\/index.php\/2021\/02\/01\/tecnologia-brasileira-ajuda-a-salvar-corais-ameacados-de-extincao\/#respond\"]}]},{\"@type\":\"WebPage\",\"@id\":\"https:\/\/jornalfatosenoticias.com.br\/index.php\/2021\/02\/01\/tecnologia-brasileira-ajuda-a-salvar-corais-ameacados-de-extincao\/\",\"url\":\"https:\/\/jornalfatosenoticias.com.br\/index.php\/2021\/02\/01\/tecnologia-brasileira-ajuda-a-salvar-corais-ameacados-de-extincao\/\",\"name\":\"Tecnologia brasileira ajuda a salvar corais amea\u00e7ados de extin\u00e7\u00e3o - Jornal Fatos e Not\u00edcias\",\"isPartOf\":{\"@id\":\"https:\/\/jornalfatosenoticias.com.br\/#website\"},\"primaryImageOfPage\":{\"@id\":\"https:\/\/jornalfatosenoticias.com.br\/index.php\/2021\/02\/01\/tecnologia-brasileira-ajuda-a-salvar-corais-ameacados-de-extincao\/#primaryimage\"},\"image\":{\"@id\":\"https:\/\/jornalfatosenoticias.com.br\/index.php\/2021\/02\/01\/tecnologia-brasileira-ajuda-a-salvar-corais-ameacados-de-extincao\/#primaryimage\"},\"thumbnailUrl\":\"https:\/\/jornalfatosenoticias.com.br\/wp-content\/uploads\/2021\/02\/tecnologia-corais-foto-thalia-santana.jpg\",\"datePublished\":\"2021-02-01T14:10:36+00:00\",\"dateModified\":\"2021-02-01T14:10:42+00:00\",\"breadcrumb\":{\"@id\":\"https:\/\/jornalfatosenoticias.com.br\/index.php\/2021\/02\/01\/tecnologia-brasileira-ajuda-a-salvar-corais-ameacados-de-extincao\/#breadcrumb\"},\"inLanguage\":\"pt-BR\",\"potentialAction\":[{\"@type\":\"ReadAction\",\"target\":[\"https:\/\/jornalfatosenoticias.com.br\/index.php\/2021\/02\/01\/tecnologia-brasileira-ajuda-a-salvar-corais-ameacados-de-extincao\/\"]}]},{\"@type\":\"ImageObject\",\"inLanguage\":\"pt-BR\",\"@id\":\"https:\/\/jornalfatosenoticias.com.br\/index.php\/2021\/02\/01\/tecnologia-brasileira-ajuda-a-salvar-corais-ameacados-de-extincao\/#primaryimage\",\"url\":\"https:\/\/jornalfatosenoticias.com.br\/wp-content\/uploads\/2021\/02\/tecnologia-corais-foto-thalia-santana.jpg\",\"contentUrl\":\"https:\/\/jornalfatosenoticias.com.br\/wp-content\/uploads\/2021\/02\/tecnologia-corais-foto-thalia-santana.jpg\",\"width\":1000,\"height\":664},{\"@type\":\"BreadcrumbList\",\"@id\":\"https:\/\/jornalfatosenoticias.com.br\/index.php\/2021\/02\/01\/tecnologia-brasileira-ajuda-a-salvar-corais-ameacados-de-extincao\/#breadcrumb\",\"itemListElement\":[{\"@type\":\"ListItem\",\"position\":1,\"name\":\"In\u00edcio\",\"item\":\"https:\/\/jornalfatosenoticias.com.br\/\"},{\"@type\":\"ListItem\",\"position\":2,\"name\":\"Tecnologia brasileira ajuda a salvar corais amea\u00e7ados de extin\u00e7\u00e3o\"}]},{\"@type\":\"WebSite\",\"@id\":\"https:\/\/jornalfatosenoticias.com.br\/#website\",\"url\":\"https:\/\/jornalfatosenoticias.com.br\/\",\"name\":\"Jornal Fatos e Not\u00edcias\",\"description\":\"Not\u00edcias em geral\",\"publisher\":{\"@id\":\"https:\/\/jornalfatosenoticias.com.br\/#organization\"},\"potentialAction\":[{\"@type\":\"SearchAction\",\"target\":{\"@type\":\"EntryPoint\",\"urlTemplate\":\"https:\/\/jornalfatosenoticias.com.br\/?s={search_term_string}\"},\"query-input\":{\"@type\":\"PropertyValueSpecification\",\"valueRequired\":true,\"valueName\":\"search_term_string\"}}],\"inLanguage\":\"pt-BR\"},{\"@type\":\"Organization\",\"@id\":\"https:\/\/jornalfatosenoticias.com.br\/#organization\",\"name\":\"Jornal Fatos e Not\u00edcias\",\"url\":\"https:\/\/jornalfatosenoticias.com.br\/\",\"logo\":{\"@type\":\"ImageObject\",\"inLanguage\":\"pt-BR\",\"@id\":\"https:\/\/jornalfatosenoticias.com.br\/#\/schema\/logo\/image\/\",\"url\":\"https:\/\/jornalfatosenoticias.com.br\/wp-content\/uploads\/2020\/02\/logo120.png\",\"contentUrl\":\"https:\/\/jornalfatosenoticias.com.br\/wp-content\/uploads\/2020\/02\/logo120.png\",\"width\":1227,\"height\":120,\"caption\":\"Jornal Fatos e Not\u00edcias\"},\"image\":{\"@id\":\"https:\/\/jornalfatosenoticias.com.br\/#\/schema\/logo\/image\/\"}},{\"@type\":\"Person\",\"@id\":\"https:\/\/jornalfatosenoticias.com.br\/#\/schema\/person\/d63837fa13ac8666eb9e74e0985d6f81\",\"name\":\"Luzimara Fernandes\",\"image\":{\"@type\":\"ImageObject\",\"inLanguage\":\"pt-BR\",\"@id\":\"https:\/\/jornalfatosenoticias.com.br\/#\/schema\/person\/image\/\",\"url\":\"https:\/\/jornalfatosenoticias.com.br\/wp-content\/uploads\/2025\/05\/EU_portal.jpg\",\"contentUrl\":\"https:\/\/jornalfatosenoticias.com.br\/wp-content\/uploads\/2025\/05\/EU_portal.jpg\",\"caption\":\"Luzimara Fernandes\"},\"description\":\"Jornalista MTB 2358-ES\",\"sameAs\":[\"https:\/\/jornalfatosenoticias.com.br\"],\"url\":\"https:\/\/jornalfatosenoticias.com.br\/index.php\/author\/luzimara\/\"}]}<\/script>\n<!-- \/ Yoast SEO plugin. -->","yoast_head_json":{"title":"Tecnologia brasileira ajuda a salvar corais amea\u00e7ados de extin\u00e7\u00e3o - Jornal Fatos e Not\u00edcias","robots":{"index":"index","follow":"follow","max-snippet":"max-snippet:-1","max-image-preview":"max-image-preview:large","max-video-preview":"max-video-preview:-1"},"canonical":"https:\/\/jornalfatosenoticias.com.br\/index.php\/2021\/02\/01\/tecnologia-brasileira-ajuda-a-salvar-corais-ameacados-de-extincao\/","og_locale":"pt_BR","og_type":"article","og_title":"Tecnologia brasileira ajuda a salvar corais amea\u00e7ados de extin\u00e7\u00e3o - Jornal Fatos e Not\u00edcias","og_description":"Dispositivo com tecnologia in\u00e9dita foi criado por pesquisadores da UFPE e pode ajudar a recuperar corais amea\u00e7ados Pesquisadores da Universidade Federal de Pernambuco (UFPE) desenvolveram uma tecnologia in\u00e9dita que pode ajudar a salvar esp\u00e9cies de corais em risco de extin\u00e7\u00e3o. Os cientistas criaram um dispositivo que inova a t\u00e9cnica de transplante de corais a partir [&hellip;]","og_url":"https:\/\/jornalfatosenoticias.com.br\/index.php\/2021\/02\/01\/tecnologia-brasileira-ajuda-a-salvar-corais-ameacados-de-extincao\/","og_site_name":"Jornal Fatos e Not\u00edcias","article_published_time":"2021-02-01T14:10:36+00:00","article_modified_time":"2021-02-01T14:10:42+00:00","og_image":[{"width":1000,"height":664,"url":"https:\/\/jornalfatosenoticias.com.br\/wp-content\/uploads\/2021\/02\/tecnologia-corais-foto-thalia-santana.jpg","type":"image\/jpeg"}],"author":"Luzimara Fernandes","twitter_card":"summary_large_image","twitter_misc":{"Escrito por":"Luzimara Fernandes","Est. tempo de leitura":"6 minutos"},"schema":{"@context":"https:\/\/schema.org","@graph":[{"@type":"Article","@id":"https:\/\/jornalfatosenoticias.com.br\/index.php\/2021\/02\/01\/tecnologia-brasileira-ajuda-a-salvar-corais-ameacados-de-extincao\/#article","isPartOf":{"@id":"https:\/\/jornalfatosenoticias.com.br\/index.php\/2021\/02\/01\/tecnologia-brasileira-ajuda-a-salvar-corais-ameacados-de-extincao\/"},"author":{"name":"Luzimara Fernandes","@id":"https:\/\/jornalfatosenoticias.com.br\/#\/schema\/person\/d63837fa13ac8666eb9e74e0985d6f81"},"headline":"Tecnologia brasileira ajuda a salvar corais amea\u00e7ados de extin\u00e7\u00e3o","datePublished":"2021-02-01T14:10:36+00:00","dateModified":"2021-02-01T14:10:42+00:00","mainEntityOfPage":{"@id":"https:\/\/jornalfatosenoticias.com.br\/index.php\/2021\/02\/01\/tecnologia-brasileira-ajuda-a-salvar-corais-ameacados-de-extincao\/"},"wordCount":1153,"commentCount":0,"publisher":{"@id":"https:\/\/jornalfatosenoticias.com.br\/#organization"},"image":{"@id":"https:\/\/jornalfatosenoticias.com.br\/index.php\/2021\/02\/01\/tecnologia-brasileira-ajuda-a-salvar-corais-ameacados-de-extincao\/#primaryimage"},"thumbnailUrl":"https:\/\/jornalfatosenoticias.com.br\/wp-content\/uploads\/2021\/02\/tecnologia-corais-foto-thalia-santana.jpg","keywords":["algas","branqueamento","conserva\u00e7\u00e3o recifal","frutos do mar","Pnuma","recife de coral"],"articleSection":["Meio ambiente","Tecnologia &amp; Inova\u00e7\u00e3o"],"inLanguage":"pt-BR","potentialAction":[{"@type":"CommentAction","name":"Comment","target":["https:\/\/jornalfatosenoticias.com.br\/index.php\/2021\/02\/01\/tecnologia-brasileira-ajuda-a-salvar-corais-ameacados-de-extincao\/#respond"]}]},{"@type":"WebPage","@id":"https:\/\/jornalfatosenoticias.com.br\/index.php\/2021\/02\/01\/tecnologia-brasileira-ajuda-a-salvar-corais-ameacados-de-extincao\/","url":"https:\/\/jornalfatosenoticias.com.br\/index.php\/2021\/02\/01\/tecnologia-brasileira-ajuda-a-salvar-corais-ameacados-de-extincao\/","name":"Tecnologia brasileira ajuda a salvar corais amea\u00e7ados de extin\u00e7\u00e3o - Jornal Fatos e Not\u00edcias","isPartOf":{"@id":"https:\/\/jornalfatosenoticias.com.br\/#website"},"primaryImageOfPage":{"@id":"https:\/\/jornalfatosenoticias.com.br\/index.php\/2021\/02\/01\/tecnologia-brasileira-ajuda-a-salvar-corais-ameacados-de-extincao\/#primaryimage"},"image":{"@id":"https:\/\/jornalfatosenoticias.com.br\/index.php\/2021\/02\/01\/tecnologia-brasileira-ajuda-a-salvar-corais-ameacados-de-extincao\/#primaryimage"},"thumbnailUrl":"https:\/\/jornalfatosenoticias.com.br\/wp-content\/uploads\/2021\/02\/tecnologia-corais-foto-thalia-santana.jpg","datePublished":"2021-02-01T14:10:36+00:00","dateModified":"2021-02-01T14:10:42+00:00","breadcrumb":{"@id":"https:\/\/jornalfatosenoticias.com.br\/index.php\/2021\/02\/01\/tecnologia-brasileira-ajuda-a-salvar-corais-ameacados-de-extincao\/#breadcrumb"},"inLanguage":"pt-BR","potentialAction":[{"@type":"ReadAction","target":["https:\/\/jornalfatosenoticias.com.br\/index.php\/2021\/02\/01\/tecnologia-brasileira-ajuda-a-salvar-corais-ameacados-de-extincao\/"]}]},{"@type":"ImageObject","inLanguage":"pt-BR","@id":"https:\/\/jornalfatosenoticias.com.br\/index.php\/2021\/02\/01\/tecnologia-brasileira-ajuda-a-salvar-corais-ameacados-de-extincao\/#primaryimage","url":"https:\/\/jornalfatosenoticias.com.br\/wp-content\/uploads\/2021\/02\/tecnologia-corais-foto-thalia-santana.jpg","contentUrl":"https:\/\/jornalfatosenoticias.com.br\/wp-content\/uploads\/2021\/02\/tecnologia-corais-foto-thalia-santana.jpg","width":1000,"height":664},{"@type":"BreadcrumbList","@id":"https:\/\/jornalfatosenoticias.com.br\/index.php\/2021\/02\/01\/tecnologia-brasileira-ajuda-a-salvar-corais-ameacados-de-extincao\/#breadcrumb","itemListElement":[{"@type":"ListItem","position":1,"name":"In\u00edcio","item":"https:\/\/jornalfatosenoticias.com.br\/"},{"@type":"ListItem","position":2,"name":"Tecnologia brasileira ajuda a salvar corais amea\u00e7ados de extin\u00e7\u00e3o"}]},{"@type":"WebSite","@id":"https:\/\/jornalfatosenoticias.com.br\/#website","url":"https:\/\/jornalfatosenoticias.com.br\/","name":"Jornal Fatos e Not\u00edcias","description":"Not\u00edcias em geral","publisher":{"@id":"https:\/\/jornalfatosenoticias.com.br\/#organization"},"potentialAction":[{"@type":"SearchAction","target":{"@type":"EntryPoint","urlTemplate":"https:\/\/jornalfatosenoticias.com.br\/?s={search_term_string}"},"query-input":{"@type":"PropertyValueSpecification","valueRequired":true,"valueName":"search_term_string"}}],"inLanguage":"pt-BR"},{"@type":"Organization","@id":"https:\/\/jornalfatosenoticias.com.br\/#organization","name":"Jornal Fatos e Not\u00edcias","url":"https:\/\/jornalfatosenoticias.com.br\/","logo":{"@type":"ImageObject","inLanguage":"pt-BR","@id":"https:\/\/jornalfatosenoticias.com.br\/#\/schema\/logo\/image\/","url":"https:\/\/jornalfatosenoticias.com.br\/wp-content\/uploads\/2020\/02\/logo120.png","contentUrl":"https:\/\/jornalfatosenoticias.com.br\/wp-content\/uploads\/2020\/02\/logo120.png","width":1227,"height":120,"caption":"Jornal Fatos e Not\u00edcias"},"image":{"@id":"https:\/\/jornalfatosenoticias.com.br\/#\/schema\/logo\/image\/"}},{"@type":"Person","@id":"https:\/\/jornalfatosenoticias.com.br\/#\/schema\/person\/d63837fa13ac8666eb9e74e0985d6f81","name":"Luzimara Fernandes","image":{"@type":"ImageObject","inLanguage":"pt-BR","@id":"https:\/\/jornalfatosenoticias.com.br\/#\/schema\/person\/image\/","url":"https:\/\/jornalfatosenoticias.com.br\/wp-content\/uploads\/2025\/05\/EU_portal.jpg","contentUrl":"https:\/\/jornalfatosenoticias.com.br\/wp-content\/uploads\/2025\/05\/EU_portal.jpg","caption":"Luzimara Fernandes"},"description":"Jornalista MTB 2358-ES","sameAs":["https:\/\/jornalfatosenoticias.com.br"],"url":"https:\/\/jornalfatosenoticias.com.br\/index.php\/author\/luzimara\/"}]}},"cc_featured_image_caption":{"caption_text":"(Foto: Thalia Santana)","source_text":"","source_url":""},"jetpack_featured_media_url":"https:\/\/jornalfatosenoticias.com.br\/wp-content\/uploads\/2021\/02\/tecnologia-corais-foto-thalia-santana.jpg","_links":{"self":[{"href":"https:\/\/jornalfatosenoticias.com.br\/index.php\/wp-json\/wp\/v2\/posts\/14134","targetHints":{"allow":["GET"]}}],"collection":[{"href":"https:\/\/jornalfatosenoticias.com.br\/index.php\/wp-json\/wp\/v2\/posts"}],"about":[{"href":"https:\/\/jornalfatosenoticias.com.br\/index.php\/wp-json\/wp\/v2\/types\/post"}],"author":[{"embeddable":true,"href":"https:\/\/jornalfatosenoticias.com.br\/index.php\/wp-json\/wp\/v2\/users\/2"}],"replies":[{"embeddable":true,"href":"https:\/\/jornalfatosenoticias.com.br\/index.php\/wp-json\/wp\/v2\/comments?post=14134"}],"version-history":[{"count":0,"href":"https:\/\/jornalfatosenoticias.com.br\/index.php\/wp-json\/wp\/v2\/posts\/14134\/revisions"}],"wp:featuredmedia":[{"embeddable":true,"href":"https:\/\/jornalfatosenoticias.com.br\/index.php\/wp-json\/wp\/v2\/media\/14142"}],"wp:attachment":[{"href":"https:\/\/jornalfatosenoticias.com.br\/index.php\/wp-json\/wp\/v2\/media?parent=14134"}],"wp:term":[{"taxonomy":"category","embeddable":true,"href":"https:\/\/jornalfatosenoticias.com.br\/index.php\/wp-json\/wp\/v2\/categories?post=14134"},{"taxonomy":"post_tag","embeddable":true,"href":"https:\/\/jornalfatosenoticias.com.br\/index.php\/wp-json\/wp\/v2\/tags?post=14134"}],"curies":[{"name":"wp","href":"https:\/\/api.w.org\/{rel}","templated":true}]}}