{"id":14150,"date":"2021-02-01T14:35:04","date_gmt":"2021-02-01T17:35:04","guid":{"rendered":"https:\/\/jornalfatosenoticias.com.br\/?p=14150"},"modified":"2021-02-01T14:35:08","modified_gmt":"2021-02-01T17:35:08","slug":"terra-vai-perder-sua-minilua-nesta-semana-saiba-como-assistir","status":"publish","type":"post","link":"https:\/\/jornalfatosenoticias.com.br\/index.php\/2021\/02\/01\/terra-vai-perder-sua-minilua-nesta-semana-saiba-como-assistir\/","title":{"rendered":"Terra vai perder sua \u201cminilua\u201d nesta semana; saiba como assistir"},"content":{"rendered":"\n<p>Uma \u201cminilua\u201d que orbita nosso planeta desde novembro passado ir\u00e1 nos deixar para sempre a partir desta ter\u00e7a-feira (2), continuando sua pr\u00f3pria jornada solit\u00e1ria ao redor do Sol.<br>Inicialmente cientistas acreditavam que o objeto, a minilua, batizado de 2020 SO, fosse um asteroide. Mas an\u00e1lises posteriores de seu tamanho, formato, composi\u00e7\u00e3o e \u00f3rbita revelaram que ele \u00e9 um <a rel=\"noreferrer noopener\" href=\"https:\/\/olhardigital.com.br\/2020\/12\/04\/noticias\/nasa-identifica-o-objeto-misterioso-que-esta-em-orbita-da-terra\/\" target=\"_blank\">objeto artificial<\/a>. Mais especificamente, ele \u00e9 o propulsor do foguete Atlas-Centaur usado na miss\u00e3o Surveyor 2, lan\u00e7ada pela Nasa rumo \u00e0\u00a0<a rel=\"noreferrer noopener\" href=\"https:\/\/olhardigital.com.br\/2020\/12\/10\/videos\/nasa-escolhe-primeiros-astronautas-do-programa-artemis\/\" target=\"_blank\">Lua<\/a> em 1966.<br>Ela seria a segunda miss\u00e3o n\u00e3o tripulada da Nasa a pousar na superf\u00edcie lunar. Mas uma falha na corre\u00e7\u00e3o de curso no meio do caminho fez com que o contato com a espa\u00e7onave fosse perdido dois dias ap\u00f3s o lan\u00e7amento, em 22 de setembro de 1966.<br>Observa\u00e7\u00f5es iniciais estimavam que a minilua tinha um tamanho compat\u00edvel com o Centaur, 10 metros de altura por tr\u00eas metros de di\u00e2metro. A suposi\u00e7\u00e3o foi comprovada quando uma equipe liderada por Vishnu Reddy, da Universidade do Arizona, usou um telesc\u00f3pio infravermelho no Hava\u00ed para observar o objeto e comparar suas caracter\u00edsticas com outro Centaur, lan\u00e7ado em 1971, cuja posi\u00e7\u00e3o \u00e9 conhecida e que tamb\u00e9m est\u00e1 em \u00f3rbita da Terra.<\/p>\n\n\n\n<figure class=\"wp-block-image size-large\"><img loading=\"lazy\" decoding=\"async\" width=\"1000\" height=\"799\" src=\"https:\/\/jornalfatosenoticias.com.br\/wp-content\/uploads\/2021\/02\/Foguete-Atlas-Centaur.jpg\" alt=\"\" class=\"wp-image-14151\" srcset=\"https:\/\/jornalfatosenoticias.com.br\/wp-content\/uploads\/2021\/02\/Foguete-Atlas-Centaur.jpg 1000w, https:\/\/jornalfatosenoticias.com.br\/wp-content\/uploads\/2021\/02\/Foguete-Atlas-Centaur-300x240.jpg 300w, https:\/\/jornalfatosenoticias.com.br\/wp-content\/uploads\/2021\/02\/Foguete-Atlas-Centaur-768x614.jpg 768w\" sizes=\"auto, (max-width: 1000px) 100vw, 1000px\" \/><figcaption><em>Foguete Atlas-Centaur 7, usado na miss\u00e3o Surveyor 2, na plataforma de lan\u00e7amento em Cabo Canaveral, na Fl\u00f3rida, em 20 de Setembro de 1966 (Foto: AP)<\/em><\/figcaption><\/figure>\n\n\n\n<p>A maior aproxima\u00e7\u00e3o de 2020 SO de nosso planeta foi em 1\u00ba de dezembro, quando chegou a 50.476 quil\u00f4metros. Nesta ter\u00e7a-feira (2) ele chegar\u00e1 a 220 mil km, cerca de 58% da dist\u00e2ncia entre a Terra e a Lua.<br>Depois disso, ele come\u00e7ar\u00e1 a se afastar de n\u00f3s e deixar\u00e1 nossa vizinhan\u00e7a completamente em mar\u00e7o. A partir da\u00ed, ser\u00e1 apenas mais um de muitos objetos em \u00f3rbita do Sol. O site <a href=\"https:\/\/www.virtualtelescope.eu\/2021\/01\/21\/farewell-mini-moon-2020-so-very-close-approach-online-observation-01-feb-2021\/\" target=\"_blank\" rel=\"noreferrer noopener\">Virtual Telescope Project<\/a> vai transmitir ao vivo a passagem de 2020 SO a partir das 19h (hor\u00e1rio de Bras\u00edlia) desta segunda-feira.<\/p>\n\n\n\n<p><strong><em>Fonte: <a href=\"https:\/\/olhardigital.com.br\/2021\/02\/01\/noticias\/terra-vai-perder-sua-minilua-nesta-semana-saiba-como-assitir\/\">Olhar Digital<\/a><\/em><\/strong><\/p>\n","protected":false},"excerpt":{"rendered":"<p>Uma \u201cminilua\u201d que orbita nosso planeta desde novembro passado ir\u00e1 nos deixar para sempre a partir desta ter\u00e7a-feira (2), continuando sua pr\u00f3pria jornada solit\u00e1ria ao redor do Sol.Inicialmente cientistas acreditavam que o objeto, a minilua, batizado de 2020 SO, fosse um asteroide. Mas an\u00e1lises posteriores de seu tamanho, formato, composi\u00e7\u00e3o e \u00f3rbita revelaram que ele [&hellip;]<\/p>\n","protected":false},"author":2,"featured_media":14152,"comment_status":"open","ping_status":"open","sticky":false,"template":"","format":"standard","meta":{"footnotes":""},"categories":[2],"tags":[2436,86,3410,5919,84,7250,164],"class_list":["post-14150","post","type-post","status-publish","format-standard","has-post-thumbnail","hentry","category-ciencia","tag-asteroide","tag-espaco","tag-espaconave","tag-foguete","tag-lua","tag-minilua","tag-nasa"],"yoast_head":"<!-- This site is optimized with the Yoast SEO plugin v26.5 - https:\/\/yoast.com\/wordpress\/plugins\/seo\/ -->\n<title>Terra vai perder sua \u201cminilua\u201d nesta semana; saiba como assistir - Jornal Fatos e Not\u00edcias<\/title>\n<meta name=\"robots\" content=\"index, follow, max-snippet:-1, max-image-preview:large, max-video-preview:-1\" \/>\n<link rel=\"canonical\" href=\"https:\/\/jornalfatosenoticias.com.br\/index.php\/2021\/02\/01\/terra-vai-perder-sua-minilua-nesta-semana-saiba-como-assistir\/\" \/>\n<meta property=\"og:locale\" content=\"pt_BR\" \/>\n<meta property=\"og:type\" content=\"article\" \/>\n<meta property=\"og:title\" content=\"Terra vai perder sua \u201cminilua\u201d nesta semana; saiba como assistir - Jornal Fatos e Not\u00edcias\" \/>\n<meta property=\"og:description\" content=\"Uma \u201cminilua\u201d que orbita nosso planeta desde novembro passado ir\u00e1 nos deixar para sempre a partir desta ter\u00e7a-feira (2), continuando sua pr\u00f3pria jornada solit\u00e1ria ao redor do Sol.Inicialmente cientistas acreditavam que o objeto, a minilua, batizado de 2020 SO, fosse um asteroide. Mas an\u00e1lises posteriores de seu tamanho, formato, composi\u00e7\u00e3o e \u00f3rbita revelaram que ele [&hellip;]\" \/>\n<meta property=\"og:url\" content=\"https:\/\/jornalfatosenoticias.com.br\/index.php\/2021\/02\/01\/terra-vai-perder-sua-minilua-nesta-semana-saiba-como-assistir\/\" \/>\n<meta property=\"og:site_name\" content=\"Jornal Fatos e Not\u00edcias\" \/>\n<meta property=\"article:published_time\" content=\"2021-02-01T17:35:04+00:00\" \/>\n<meta property=\"article:modified_time\" content=\"2021-02-01T17:35:08+00:00\" \/>\n<meta property=\"og:image\" content=\"https:\/\/jornalfatosenoticias.com.br\/wp-content\/uploads\/2021\/02\/minilua.jpg\" \/>\n\t<meta property=\"og:image:width\" content=\"1000\" \/>\n\t<meta property=\"og:image:height\" content=\"636\" \/>\n\t<meta property=\"og:image:type\" content=\"image\/jpeg\" \/>\n<meta name=\"author\" content=\"Luzimara Fernandes\" \/>\n<meta name=\"twitter:card\" content=\"summary_large_image\" \/>\n<meta name=\"twitter:label1\" content=\"Escrito por\" \/>\n\t<meta name=\"twitter:data1\" content=\"Luzimara Fernandes\" \/>\n\t<meta name=\"twitter:label2\" content=\"Est. tempo de leitura\" \/>\n\t<meta name=\"twitter:data2\" content=\"2 minutos\" \/>\n<script type=\"application\/ld+json\" class=\"yoast-schema-graph\">{\"@context\":\"https:\/\/schema.org\",\"@graph\":[{\"@type\":\"Article\",\"@id\":\"https:\/\/jornalfatosenoticias.com.br\/index.php\/2021\/02\/01\/terra-vai-perder-sua-minilua-nesta-semana-saiba-como-assistir\/#article\",\"isPartOf\":{\"@id\":\"https:\/\/jornalfatosenoticias.com.br\/index.php\/2021\/02\/01\/terra-vai-perder-sua-minilua-nesta-semana-saiba-como-assistir\/\"},\"author\":{\"name\":\"Luzimara Fernandes\",\"@id\":\"https:\/\/jornalfatosenoticias.com.br\/#\/schema\/person\/d63837fa13ac8666eb9e74e0985d6f81\"},\"headline\":\"Terra vai perder sua \u201cminilua\u201d nesta semana; saiba como assistir\",\"datePublished\":\"2021-02-01T17:35:04+00:00\",\"dateModified\":\"2021-02-01T17:35:08+00:00\",\"mainEntityOfPage\":{\"@id\":\"https:\/\/jornalfatosenoticias.com.br\/index.php\/2021\/02\/01\/terra-vai-perder-sua-minilua-nesta-semana-saiba-como-assistir\/\"},\"wordCount\":341,\"commentCount\":0,\"publisher\":{\"@id\":\"https:\/\/jornalfatosenoticias.com.br\/#organization\"},\"image\":{\"@id\":\"https:\/\/jornalfatosenoticias.com.br\/index.php\/2021\/02\/01\/terra-vai-perder-sua-minilua-nesta-semana-saiba-como-assistir\/#primaryimage\"},\"thumbnailUrl\":\"https:\/\/jornalfatosenoticias.com.br\/wp-content\/uploads\/2021\/02\/minilua.jpg\",\"keywords\":[\"asteroide\",\"espa\u00e7o\",\"espa\u00e7onave\",\"foguete\",\"lua\",\"minilua\",\"Nasa\"],\"articleSection\":[\"Ci\u00eancia\"],\"inLanguage\":\"pt-BR\",\"potentialAction\":[{\"@type\":\"CommentAction\",\"name\":\"Comment\",\"target\":[\"https:\/\/jornalfatosenoticias.com.br\/index.php\/2021\/02\/01\/terra-vai-perder-sua-minilua-nesta-semana-saiba-como-assistir\/#respond\"]}]},{\"@type\":\"WebPage\",\"@id\":\"https:\/\/jornalfatosenoticias.com.br\/index.php\/2021\/02\/01\/terra-vai-perder-sua-minilua-nesta-semana-saiba-como-assistir\/\",\"url\":\"https:\/\/jornalfatosenoticias.com.br\/index.php\/2021\/02\/01\/terra-vai-perder-sua-minilua-nesta-semana-saiba-como-assistir\/\",\"name\":\"Terra vai perder sua \u201cminilua\u201d nesta semana; saiba como assistir - Jornal Fatos e Not\u00edcias\",\"isPartOf\":{\"@id\":\"https:\/\/jornalfatosenoticias.com.br\/#website\"},\"primaryImageOfPage\":{\"@id\":\"https:\/\/jornalfatosenoticias.com.br\/index.php\/2021\/02\/01\/terra-vai-perder-sua-minilua-nesta-semana-saiba-como-assistir\/#primaryimage\"},\"image\":{\"@id\":\"https:\/\/jornalfatosenoticias.com.br\/index.php\/2021\/02\/01\/terra-vai-perder-sua-minilua-nesta-semana-saiba-como-assistir\/#primaryimage\"},\"thumbnailUrl\":\"https:\/\/jornalfatosenoticias.com.br\/wp-content\/uploads\/2021\/02\/minilua.jpg\",\"datePublished\":\"2021-02-01T17:35:04+00:00\",\"dateModified\":\"2021-02-01T17:35:08+00:00\",\"breadcrumb\":{\"@id\":\"https:\/\/jornalfatosenoticias.com.br\/index.php\/2021\/02\/01\/terra-vai-perder-sua-minilua-nesta-semana-saiba-como-assistir\/#breadcrumb\"},\"inLanguage\":\"pt-BR\",\"potentialAction\":[{\"@type\":\"ReadAction\",\"target\":[\"https:\/\/jornalfatosenoticias.com.br\/index.php\/2021\/02\/01\/terra-vai-perder-sua-minilua-nesta-semana-saiba-como-assistir\/\"]}]},{\"@type\":\"ImageObject\",\"inLanguage\":\"pt-BR\",\"@id\":\"https:\/\/jornalfatosenoticias.com.br\/index.php\/2021\/02\/01\/terra-vai-perder-sua-minilua-nesta-semana-saiba-como-assistir\/#primaryimage\",\"url\":\"https:\/\/jornalfatosenoticias.com.br\/wp-content\/uploads\/2021\/02\/minilua.jpg\",\"contentUrl\":\"https:\/\/jornalfatosenoticias.com.br\/wp-content\/uploads\/2021\/02\/minilua.jpg\",\"width\":1000,\"height\":636},{\"@type\":\"BreadcrumbList\",\"@id\":\"https:\/\/jornalfatosenoticias.com.br\/index.php\/2021\/02\/01\/terra-vai-perder-sua-minilua-nesta-semana-saiba-como-assistir\/#breadcrumb\",\"itemListElement\":[{\"@type\":\"ListItem\",\"position\":1,\"name\":\"In\u00edcio\",\"item\":\"https:\/\/jornalfatosenoticias.com.br\/\"},{\"@type\":\"ListItem\",\"position\":2,\"name\":\"Terra vai perder sua \u201cminilua\u201d nesta semana; saiba como assistir\"}]},{\"@type\":\"WebSite\",\"@id\":\"https:\/\/jornalfatosenoticias.com.br\/#website\",\"url\":\"https:\/\/jornalfatosenoticias.com.br\/\",\"name\":\"Jornal Fatos e Not\u00edcias\",\"description\":\"Not\u00edcias em geral\",\"publisher\":{\"@id\":\"https:\/\/jornalfatosenoticias.com.br\/#organization\"},\"potentialAction\":[{\"@type\":\"SearchAction\",\"target\":{\"@type\":\"EntryPoint\",\"urlTemplate\":\"https:\/\/jornalfatosenoticias.com.br\/?s={search_term_string}\"},\"query-input\":{\"@type\":\"PropertyValueSpecification\",\"valueRequired\":true,\"valueName\":\"search_term_string\"}}],\"inLanguage\":\"pt-BR\"},{\"@type\":\"Organization\",\"@id\":\"https:\/\/jornalfatosenoticias.com.br\/#organization\",\"name\":\"Jornal Fatos e Not\u00edcias\",\"url\":\"https:\/\/jornalfatosenoticias.com.br\/\",\"logo\":{\"@type\":\"ImageObject\",\"inLanguage\":\"pt-BR\",\"@id\":\"https:\/\/jornalfatosenoticias.com.br\/#\/schema\/logo\/image\/\",\"url\":\"https:\/\/jornalfatosenoticias.com.br\/wp-content\/uploads\/2020\/02\/logo120.png\",\"contentUrl\":\"https:\/\/jornalfatosenoticias.com.br\/wp-content\/uploads\/2020\/02\/logo120.png\",\"width\":1227,\"height\":120,\"caption\":\"Jornal Fatos e Not\u00edcias\"},\"image\":{\"@id\":\"https:\/\/jornalfatosenoticias.com.br\/#\/schema\/logo\/image\/\"}},{\"@type\":\"Person\",\"@id\":\"https:\/\/jornalfatosenoticias.com.br\/#\/schema\/person\/d63837fa13ac8666eb9e74e0985d6f81\",\"name\":\"Luzimara Fernandes\",\"image\":{\"@type\":\"ImageObject\",\"inLanguage\":\"pt-BR\",\"@id\":\"https:\/\/jornalfatosenoticias.com.br\/#\/schema\/person\/image\/\",\"url\":\"https:\/\/jornalfatosenoticias.com.br\/wp-content\/uploads\/2025\/05\/EU_portal.jpg\",\"contentUrl\":\"https:\/\/jornalfatosenoticias.com.br\/wp-content\/uploads\/2025\/05\/EU_portal.jpg\",\"caption\":\"Luzimara Fernandes\"},\"description\":\"Jornalista MTB 2358-ES\",\"sameAs\":[\"https:\/\/jornalfatosenoticias.com.br\"],\"url\":\"https:\/\/jornalfatosenoticias.com.br\/index.php\/author\/luzimara\/\"}]}<\/script>\n<!-- \/ Yoast SEO plugin. -->","yoast_head_json":{"title":"Terra vai perder sua \u201cminilua\u201d nesta semana; saiba como assistir - Jornal Fatos e Not\u00edcias","robots":{"index":"index","follow":"follow","max-snippet":"max-snippet:-1","max-image-preview":"max-image-preview:large","max-video-preview":"max-video-preview:-1"},"canonical":"https:\/\/jornalfatosenoticias.com.br\/index.php\/2021\/02\/01\/terra-vai-perder-sua-minilua-nesta-semana-saiba-como-assistir\/","og_locale":"pt_BR","og_type":"article","og_title":"Terra vai perder sua \u201cminilua\u201d nesta semana; saiba como assistir - Jornal Fatos e Not\u00edcias","og_description":"Uma \u201cminilua\u201d que orbita nosso planeta desde novembro passado ir\u00e1 nos deixar para sempre a partir desta ter\u00e7a-feira (2), continuando sua pr\u00f3pria jornada solit\u00e1ria ao redor do Sol.Inicialmente cientistas acreditavam que o objeto, a minilua, batizado de 2020 SO, fosse um asteroide. Mas an\u00e1lises posteriores de seu tamanho, formato, composi\u00e7\u00e3o e \u00f3rbita revelaram que ele [&hellip;]","og_url":"https:\/\/jornalfatosenoticias.com.br\/index.php\/2021\/02\/01\/terra-vai-perder-sua-minilua-nesta-semana-saiba-como-assistir\/","og_site_name":"Jornal Fatos e Not\u00edcias","article_published_time":"2021-02-01T17:35:04+00:00","article_modified_time":"2021-02-01T17:35:08+00:00","og_image":[{"width":1000,"height":636,"url":"https:\/\/jornalfatosenoticias.com.br\/wp-content\/uploads\/2021\/02\/minilua.jpg","type":"image\/jpeg"}],"author":"Luzimara Fernandes","twitter_card":"summary_large_image","twitter_misc":{"Escrito por":"Luzimara Fernandes","Est. tempo de leitura":"2 minutos"},"schema":{"@context":"https:\/\/schema.org","@graph":[{"@type":"Article","@id":"https:\/\/jornalfatosenoticias.com.br\/index.php\/2021\/02\/01\/terra-vai-perder-sua-minilua-nesta-semana-saiba-como-assistir\/#article","isPartOf":{"@id":"https:\/\/jornalfatosenoticias.com.br\/index.php\/2021\/02\/01\/terra-vai-perder-sua-minilua-nesta-semana-saiba-como-assistir\/"},"author":{"name":"Luzimara Fernandes","@id":"https:\/\/jornalfatosenoticias.com.br\/#\/schema\/person\/d63837fa13ac8666eb9e74e0985d6f81"},"headline":"Terra vai perder sua \u201cminilua\u201d nesta semana; saiba como assistir","datePublished":"2021-02-01T17:35:04+00:00","dateModified":"2021-02-01T17:35:08+00:00","mainEntityOfPage":{"@id":"https:\/\/jornalfatosenoticias.com.br\/index.php\/2021\/02\/01\/terra-vai-perder-sua-minilua-nesta-semana-saiba-como-assistir\/"},"wordCount":341,"commentCount":0,"publisher":{"@id":"https:\/\/jornalfatosenoticias.com.br\/#organization"},"image":{"@id":"https:\/\/jornalfatosenoticias.com.br\/index.php\/2021\/02\/01\/terra-vai-perder-sua-minilua-nesta-semana-saiba-como-assistir\/#primaryimage"},"thumbnailUrl":"https:\/\/jornalfatosenoticias.com.br\/wp-content\/uploads\/2021\/02\/minilua.jpg","keywords":["asteroide","espa\u00e7o","espa\u00e7onave","foguete","lua","minilua","Nasa"],"articleSection":["Ci\u00eancia"],"inLanguage":"pt-BR","potentialAction":[{"@type":"CommentAction","name":"Comment","target":["https:\/\/jornalfatosenoticias.com.br\/index.php\/2021\/02\/01\/terra-vai-perder-sua-minilua-nesta-semana-saiba-como-assistir\/#respond"]}]},{"@type":"WebPage","@id":"https:\/\/jornalfatosenoticias.com.br\/index.php\/2021\/02\/01\/terra-vai-perder-sua-minilua-nesta-semana-saiba-como-assistir\/","url":"https:\/\/jornalfatosenoticias.com.br\/index.php\/2021\/02\/01\/terra-vai-perder-sua-minilua-nesta-semana-saiba-como-assistir\/","name":"Terra vai perder sua \u201cminilua\u201d nesta semana; saiba como assistir - Jornal Fatos e Not\u00edcias","isPartOf":{"@id":"https:\/\/jornalfatosenoticias.com.br\/#website"},"primaryImageOfPage":{"@id":"https:\/\/jornalfatosenoticias.com.br\/index.php\/2021\/02\/01\/terra-vai-perder-sua-minilua-nesta-semana-saiba-como-assistir\/#primaryimage"},"image":{"@id":"https:\/\/jornalfatosenoticias.com.br\/index.php\/2021\/02\/01\/terra-vai-perder-sua-minilua-nesta-semana-saiba-como-assistir\/#primaryimage"},"thumbnailUrl":"https:\/\/jornalfatosenoticias.com.br\/wp-content\/uploads\/2021\/02\/minilua.jpg","datePublished":"2021-02-01T17:35:04+00:00","dateModified":"2021-02-01T17:35:08+00:00","breadcrumb":{"@id":"https:\/\/jornalfatosenoticias.com.br\/index.php\/2021\/02\/01\/terra-vai-perder-sua-minilua-nesta-semana-saiba-como-assistir\/#breadcrumb"},"inLanguage":"pt-BR","potentialAction":[{"@type":"ReadAction","target":["https:\/\/jornalfatosenoticias.com.br\/index.php\/2021\/02\/01\/terra-vai-perder-sua-minilua-nesta-semana-saiba-como-assistir\/"]}]},{"@type":"ImageObject","inLanguage":"pt-BR","@id":"https:\/\/jornalfatosenoticias.com.br\/index.php\/2021\/02\/01\/terra-vai-perder-sua-minilua-nesta-semana-saiba-como-assistir\/#primaryimage","url":"https:\/\/jornalfatosenoticias.com.br\/wp-content\/uploads\/2021\/02\/minilua.jpg","contentUrl":"https:\/\/jornalfatosenoticias.com.br\/wp-content\/uploads\/2021\/02\/minilua.jpg","width":1000,"height":636},{"@type":"BreadcrumbList","@id":"https:\/\/jornalfatosenoticias.com.br\/index.php\/2021\/02\/01\/terra-vai-perder-sua-minilua-nesta-semana-saiba-como-assistir\/#breadcrumb","itemListElement":[{"@type":"ListItem","position":1,"name":"In\u00edcio","item":"https:\/\/jornalfatosenoticias.com.br\/"},{"@type":"ListItem","position":2,"name":"Terra vai perder sua \u201cminilua\u201d nesta semana; saiba como assistir"}]},{"@type":"WebSite","@id":"https:\/\/jornalfatosenoticias.com.br\/#website","url":"https:\/\/jornalfatosenoticias.com.br\/","name":"Jornal Fatos e Not\u00edcias","description":"Not\u00edcias em geral","publisher":{"@id":"https:\/\/jornalfatosenoticias.com.br\/#organization"},"potentialAction":[{"@type":"SearchAction","target":{"@type":"EntryPoint","urlTemplate":"https:\/\/jornalfatosenoticias.com.br\/?s={search_term_string}"},"query-input":{"@type":"PropertyValueSpecification","valueRequired":true,"valueName":"search_term_string"}}],"inLanguage":"pt-BR"},{"@type":"Organization","@id":"https:\/\/jornalfatosenoticias.com.br\/#organization","name":"Jornal Fatos e Not\u00edcias","url":"https:\/\/jornalfatosenoticias.com.br\/","logo":{"@type":"ImageObject","inLanguage":"pt-BR","@id":"https:\/\/jornalfatosenoticias.com.br\/#\/schema\/logo\/image\/","url":"https:\/\/jornalfatosenoticias.com.br\/wp-content\/uploads\/2020\/02\/logo120.png","contentUrl":"https:\/\/jornalfatosenoticias.com.br\/wp-content\/uploads\/2020\/02\/logo120.png","width":1227,"height":120,"caption":"Jornal Fatos e Not\u00edcias"},"image":{"@id":"https:\/\/jornalfatosenoticias.com.br\/#\/schema\/logo\/image\/"}},{"@type":"Person","@id":"https:\/\/jornalfatosenoticias.com.br\/#\/schema\/person\/d63837fa13ac8666eb9e74e0985d6f81","name":"Luzimara Fernandes","image":{"@type":"ImageObject","inLanguage":"pt-BR","@id":"https:\/\/jornalfatosenoticias.com.br\/#\/schema\/person\/image\/","url":"https:\/\/jornalfatosenoticias.com.br\/wp-content\/uploads\/2025\/05\/EU_portal.jpg","contentUrl":"https:\/\/jornalfatosenoticias.com.br\/wp-content\/uploads\/2025\/05\/EU_portal.jpg","caption":"Luzimara Fernandes"},"description":"Jornalista MTB 2358-ES","sameAs":["https:\/\/jornalfatosenoticias.com.br"],"url":"https:\/\/jornalfatosenoticias.com.br\/index.php\/author\/luzimara\/"}]}},"cc_featured_image_caption":{"caption_text":"(Foto: Shutterstock\/Dima Zel)","source_text":"","source_url":""},"jetpack_featured_media_url":"https:\/\/jornalfatosenoticias.com.br\/wp-content\/uploads\/2021\/02\/minilua.jpg","_links":{"self":[{"href":"https:\/\/jornalfatosenoticias.com.br\/index.php\/wp-json\/wp\/v2\/posts\/14150","targetHints":{"allow":["GET"]}}],"collection":[{"href":"https:\/\/jornalfatosenoticias.com.br\/index.php\/wp-json\/wp\/v2\/posts"}],"about":[{"href":"https:\/\/jornalfatosenoticias.com.br\/index.php\/wp-json\/wp\/v2\/types\/post"}],"author":[{"embeddable":true,"href":"https:\/\/jornalfatosenoticias.com.br\/index.php\/wp-json\/wp\/v2\/users\/2"}],"replies":[{"embeddable":true,"href":"https:\/\/jornalfatosenoticias.com.br\/index.php\/wp-json\/wp\/v2\/comments?post=14150"}],"version-history":[{"count":0,"href":"https:\/\/jornalfatosenoticias.com.br\/index.php\/wp-json\/wp\/v2\/posts\/14150\/revisions"}],"wp:featuredmedia":[{"embeddable":true,"href":"https:\/\/jornalfatosenoticias.com.br\/index.php\/wp-json\/wp\/v2\/media\/14152"}],"wp:attachment":[{"href":"https:\/\/jornalfatosenoticias.com.br\/index.php\/wp-json\/wp\/v2\/media?parent=14150"}],"wp:term":[{"taxonomy":"category","embeddable":true,"href":"https:\/\/jornalfatosenoticias.com.br\/index.php\/wp-json\/wp\/v2\/categories?post=14150"},{"taxonomy":"post_tag","embeddable":true,"href":"https:\/\/jornalfatosenoticias.com.br\/index.php\/wp-json\/wp\/v2\/tags?post=14150"}],"curies":[{"name":"wp","href":"https:\/\/api.w.org\/{rel}","templated":true}]}}