{"id":14268,"date":"2021-02-03T10:00:58","date_gmt":"2021-02-03T13:00:58","guid":{"rendered":"https:\/\/jornalfatosenoticias.com.br\/?p=14268"},"modified":"2021-02-03T10:01:01","modified_gmt":"2021-02-03T13:01:01","slug":"frequencia-cardiaca-alta-esta-relacionada-ao-risco-de-morte","status":"publish","type":"post","link":"https:\/\/jornalfatosenoticias.com.br\/index.php\/2021\/02\/03\/frequencia-cardiaca-alta-esta-relacionada-ao-risco-de-morte\/","title":{"rendered":"Frequ\u00eancia card\u00edaca alta est\u00e1 relacionada ao risco de morte"},"content":{"rendered":"\n<h6 class=\"wp-block-heading\"><em>Frequ\u00eancia card\u00edaca de repouso alta, mesmo em pessoas que t\u00eam maior n\u00edvel de condicionamento f\u00edsico, representa risco de morte<\/em><\/h6>\n\n\n\n<p>A frequ\u00eancia card\u00edaca de repouso, medida logo ao acordar, reflete, entre outras coisas, o n\u00edvel de condicionamento f\u00edsico de uma pessoa. Pois, pessoas bem condicionadas geralmente t\u00eam frequ\u00eancia de repouso menor.<br>E, pesquisadores descobriram que ter um n\u00famero de batimentos card\u00edacos por minuto alto pode significar maior risco de morte, mesmo em pessoas que s\u00e3o fisicamente ativas. Um estudo acompanhou 3 mil homens durante 16 anos.<br>N\u00e3o por acaso frequ\u00eancia card\u00edaca alta foi observada naqueles que eram fisicamente inativos, tinham press\u00e3o alta e obesidade. Mas a grande surpresa foi constatar que ela tamb\u00e9m estava associada ao maior risco de morte mesmo em pessoas bem condicionadas &#8211; 51 a 80 batimentos por min significou um aumento de 40% e 50% do risco de morte, enquanto entre 81 e 90 o risco de morte dobrou. As chances triplicaram quando a frequ\u00eancia foi maior que 90 batimentos por minuto.<br>Mas, calma, que h\u00e1 varia\u00e7\u00f5es na frequ\u00eancia card\u00edaca.<br>Por exemplo, as mulheres t\u00eam o cora\u00e7\u00e3o menor, motivo pelo qual o volume sist\u00f3lico de sangue ejetado a cada batimento \u00e9 menor. Al\u00e9m disso, as mulheres t\u00eam um menor volume sangu\u00edneo, porque s\u00e3o menores. Devido a essas diferen\u00e7as, uma mulher, na mesma intensidade de esfor\u00e7o, tem um gasto card\u00edaco, volume sist\u00f3lico e consumo de oxig\u00eanio inferiores aos de um homem e uma maior frequ\u00eancia card\u00edaca, tanto em intensidades mais baixas quanto em n\u00edveis m\u00e1ximos de esfor\u00e7o.<br>Outro fator muito importante \u00e9 a varia\u00e7\u00e3o das temperaturas. Se est\u00e3o altas, o organismo coloca em funcionamento todos os seus mecanismos de termo regula\u00e7\u00e3o, entre eles a dilata\u00e7\u00e3o dos vasos sangu\u00edneos perif\u00e9ricos (mais pr\u00f3ximos da pele), para permitir que o calor escape. Com eles mais relaxados, a press\u00e3o sangu\u00ednea cai. O corpo \u00e9 obrigado, ent\u00e3o, a compensar essa situa\u00e7\u00e3o, j\u00e1 que com a queda da press\u00e3o menos sangue \u00e9 bombeado para \u00f3rg\u00e3os vitais, e essa compensa\u00e7\u00e3o implica aumento da frequ\u00eancia card\u00edaca.<\/p>\n\n\n\n<p><strong><em>Fonte: <a href=\"https:\/\/www.terra.com.br\/vida-e-estilo\/saude\/bem-estar\/frequencia-cardiaca-alta-esta-relacionada-ao-risco-de-morte,e92ff1da3577431627ae098057d1b1c3g7k25y5u.html\">Terra<\/a><\/em><\/strong><\/p>\n","protected":false},"excerpt":{"rendered":"<p>Frequ\u00eancia card\u00edaca de repouso alta, mesmo em pessoas que t\u00eam maior n\u00edvel de condicionamento f\u00edsico, representa risco de morte A frequ\u00eancia card\u00edaca de repouso, medida logo ao acordar, reflete, entre outras coisas, o n\u00edvel de condicionamento f\u00edsico de uma pessoa. Pois, pessoas bem condicionadas geralmente t\u00eam frequ\u00eancia de repouso menor.E, pesquisadores descobriram que ter um [&hellip;]<\/p>\n","protected":false},"author":2,"featured_media":14269,"comment_status":"open","ping_status":"open","sticky":false,"template":"","format":"standard","meta":{"footnotes":""},"categories":[11],"tags":[3286,7186,7308,5887],"class_list":["post-14268","post","type-post","status-publish","format-standard","has-post-thumbnail","hentry","category-saude","tag-batimentos-cardiacos","tag-condicionamento-fisico","tag-frequencia-cardiaca","tag-risco-de-morte"],"yoast_head":"<!-- This site is optimized with the Yoast SEO plugin v26.5 - https:\/\/yoast.com\/wordpress\/plugins\/seo\/ -->\n<title>Frequ\u00eancia card\u00edaca alta est\u00e1 relacionada ao risco de morte - Jornal Fatos e Not\u00edcias<\/title>\n<meta name=\"robots\" content=\"index, follow, max-snippet:-1, max-image-preview:large, max-video-preview:-1\" \/>\n<link rel=\"canonical\" href=\"https:\/\/jornalfatosenoticias.com.br\/index.php\/2021\/02\/03\/frequencia-cardiaca-alta-esta-relacionada-ao-risco-de-morte\/\" \/>\n<meta property=\"og:locale\" content=\"pt_BR\" \/>\n<meta property=\"og:type\" content=\"article\" \/>\n<meta property=\"og:title\" content=\"Frequ\u00eancia card\u00edaca alta est\u00e1 relacionada ao risco de morte - Jornal Fatos e Not\u00edcias\" \/>\n<meta property=\"og:description\" content=\"Frequ\u00eancia card\u00edaca de repouso alta, mesmo em pessoas que t\u00eam maior n\u00edvel de condicionamento f\u00edsico, representa risco de morte A frequ\u00eancia card\u00edaca de repouso, medida logo ao acordar, reflete, entre outras coisas, o n\u00edvel de condicionamento f\u00edsico de uma pessoa. Pois, pessoas bem condicionadas geralmente t\u00eam frequ\u00eancia de repouso menor.E, pesquisadores descobriram que ter um [&hellip;]\" \/>\n<meta property=\"og:url\" content=\"https:\/\/jornalfatosenoticias.com.br\/index.php\/2021\/02\/03\/frequencia-cardiaca-alta-esta-relacionada-ao-risco-de-morte\/\" \/>\n<meta property=\"og:site_name\" content=\"Jornal Fatos e Not\u00edcias\" \/>\n<meta property=\"article:published_time\" content=\"2021-02-03T13:00:58+00:00\" \/>\n<meta property=\"article:modified_time\" content=\"2021-02-03T13:01:01+00:00\" \/>\n<meta property=\"og:image\" content=\"https:\/\/jornalfatosenoticias.com.br\/wp-content\/uploads\/2021\/02\/frequencia-cardiaca.jpg\" \/>\n\t<meta property=\"og:image:width\" content=\"1000\" \/>\n\t<meta property=\"og:image:height\" content=\"530\" \/>\n\t<meta property=\"og:image:type\" content=\"image\/jpeg\" \/>\n<meta name=\"author\" content=\"Luzimara Fernandes\" \/>\n<meta name=\"twitter:card\" content=\"summary_large_image\" \/>\n<meta name=\"twitter:label1\" content=\"Escrito por\" \/>\n\t<meta name=\"twitter:data1\" content=\"Luzimara Fernandes\" \/>\n\t<meta name=\"twitter:label2\" content=\"Est. tempo de leitura\" \/>\n\t<meta name=\"twitter:data2\" content=\"2 minutos\" \/>\n<script type=\"application\/ld+json\" class=\"yoast-schema-graph\">{\"@context\":\"https:\/\/schema.org\",\"@graph\":[{\"@type\":\"Article\",\"@id\":\"https:\/\/jornalfatosenoticias.com.br\/index.php\/2021\/02\/03\/frequencia-cardiaca-alta-esta-relacionada-ao-risco-de-morte\/#article\",\"isPartOf\":{\"@id\":\"https:\/\/jornalfatosenoticias.com.br\/index.php\/2021\/02\/03\/frequencia-cardiaca-alta-esta-relacionada-ao-risco-de-morte\/\"},\"author\":{\"name\":\"Luzimara Fernandes\",\"@id\":\"https:\/\/jornalfatosenoticias.com.br\/#\/schema\/person\/d63837fa13ac8666eb9e74e0985d6f81\"},\"headline\":\"Frequ\u00eancia card\u00edaca alta est\u00e1 relacionada ao risco de morte\",\"datePublished\":\"2021-02-03T13:00:58+00:00\",\"dateModified\":\"2021-02-03T13:01:01+00:00\",\"mainEntityOfPage\":{\"@id\":\"https:\/\/jornalfatosenoticias.com.br\/index.php\/2021\/02\/03\/frequencia-cardiaca-alta-esta-relacionada-ao-risco-de-morte\/\"},\"wordCount\":386,\"commentCount\":0,\"publisher\":{\"@id\":\"https:\/\/jornalfatosenoticias.com.br\/#organization\"},\"image\":{\"@id\":\"https:\/\/jornalfatosenoticias.com.br\/index.php\/2021\/02\/03\/frequencia-cardiaca-alta-esta-relacionada-ao-risco-de-morte\/#primaryimage\"},\"thumbnailUrl\":\"https:\/\/jornalfatosenoticias.com.br\/wp-content\/uploads\/2021\/02\/frequencia-cardiaca.jpg\",\"keywords\":[\"batimentos card\u00edacos\",\"condicionamento f\u00edsico\",\"frequ\u00eancia card\u00edaca\",\"risco de morte\"],\"articleSection\":[\"Sa\u00fade\"],\"inLanguage\":\"pt-BR\",\"potentialAction\":[{\"@type\":\"CommentAction\",\"name\":\"Comment\",\"target\":[\"https:\/\/jornalfatosenoticias.com.br\/index.php\/2021\/02\/03\/frequencia-cardiaca-alta-esta-relacionada-ao-risco-de-morte\/#respond\"]}]},{\"@type\":\"WebPage\",\"@id\":\"https:\/\/jornalfatosenoticias.com.br\/index.php\/2021\/02\/03\/frequencia-cardiaca-alta-esta-relacionada-ao-risco-de-morte\/\",\"url\":\"https:\/\/jornalfatosenoticias.com.br\/index.php\/2021\/02\/03\/frequencia-cardiaca-alta-esta-relacionada-ao-risco-de-morte\/\",\"name\":\"Frequ\u00eancia card\u00edaca alta est\u00e1 relacionada ao risco de morte - Jornal Fatos e Not\u00edcias\",\"isPartOf\":{\"@id\":\"https:\/\/jornalfatosenoticias.com.br\/#website\"},\"primaryImageOfPage\":{\"@id\":\"https:\/\/jornalfatosenoticias.com.br\/index.php\/2021\/02\/03\/frequencia-cardiaca-alta-esta-relacionada-ao-risco-de-morte\/#primaryimage\"},\"image\":{\"@id\":\"https:\/\/jornalfatosenoticias.com.br\/index.php\/2021\/02\/03\/frequencia-cardiaca-alta-esta-relacionada-ao-risco-de-morte\/#primaryimage\"},\"thumbnailUrl\":\"https:\/\/jornalfatosenoticias.com.br\/wp-content\/uploads\/2021\/02\/frequencia-cardiaca.jpg\",\"datePublished\":\"2021-02-03T13:00:58+00:00\",\"dateModified\":\"2021-02-03T13:01:01+00:00\",\"breadcrumb\":{\"@id\":\"https:\/\/jornalfatosenoticias.com.br\/index.php\/2021\/02\/03\/frequencia-cardiaca-alta-esta-relacionada-ao-risco-de-morte\/#breadcrumb\"},\"inLanguage\":\"pt-BR\",\"potentialAction\":[{\"@type\":\"ReadAction\",\"target\":[\"https:\/\/jornalfatosenoticias.com.br\/index.php\/2021\/02\/03\/frequencia-cardiaca-alta-esta-relacionada-ao-risco-de-morte\/\"]}]},{\"@type\":\"ImageObject\",\"inLanguage\":\"pt-BR\",\"@id\":\"https:\/\/jornalfatosenoticias.com.br\/index.php\/2021\/02\/03\/frequencia-cardiaca-alta-esta-relacionada-ao-risco-de-morte\/#primaryimage\",\"url\":\"https:\/\/jornalfatosenoticias.com.br\/wp-content\/uploads\/2021\/02\/frequencia-cardiaca.jpg\",\"contentUrl\":\"https:\/\/jornalfatosenoticias.com.br\/wp-content\/uploads\/2021\/02\/frequencia-cardiaca.jpg\",\"width\":1000,\"height\":530},{\"@type\":\"BreadcrumbList\",\"@id\":\"https:\/\/jornalfatosenoticias.com.br\/index.php\/2021\/02\/03\/frequencia-cardiaca-alta-esta-relacionada-ao-risco-de-morte\/#breadcrumb\",\"itemListElement\":[{\"@type\":\"ListItem\",\"position\":1,\"name\":\"In\u00edcio\",\"item\":\"https:\/\/jornalfatosenoticias.com.br\/\"},{\"@type\":\"ListItem\",\"position\":2,\"name\":\"Frequ\u00eancia card\u00edaca alta est\u00e1 relacionada ao risco de morte\"}]},{\"@type\":\"WebSite\",\"@id\":\"https:\/\/jornalfatosenoticias.com.br\/#website\",\"url\":\"https:\/\/jornalfatosenoticias.com.br\/\",\"name\":\"Jornal Fatos e Not\u00edcias\",\"description\":\"Not\u00edcias em geral\",\"publisher\":{\"@id\":\"https:\/\/jornalfatosenoticias.com.br\/#organization\"},\"potentialAction\":[{\"@type\":\"SearchAction\",\"target\":{\"@type\":\"EntryPoint\",\"urlTemplate\":\"https:\/\/jornalfatosenoticias.com.br\/?s={search_term_string}\"},\"query-input\":{\"@type\":\"PropertyValueSpecification\",\"valueRequired\":true,\"valueName\":\"search_term_string\"}}],\"inLanguage\":\"pt-BR\"},{\"@type\":\"Organization\",\"@id\":\"https:\/\/jornalfatosenoticias.com.br\/#organization\",\"name\":\"Jornal Fatos e Not\u00edcias\",\"url\":\"https:\/\/jornalfatosenoticias.com.br\/\",\"logo\":{\"@type\":\"ImageObject\",\"inLanguage\":\"pt-BR\",\"@id\":\"https:\/\/jornalfatosenoticias.com.br\/#\/schema\/logo\/image\/\",\"url\":\"https:\/\/jornalfatosenoticias.com.br\/wp-content\/uploads\/2020\/02\/logo120.png\",\"contentUrl\":\"https:\/\/jornalfatosenoticias.com.br\/wp-content\/uploads\/2020\/02\/logo120.png\",\"width\":1227,\"height\":120,\"caption\":\"Jornal Fatos e Not\u00edcias\"},\"image\":{\"@id\":\"https:\/\/jornalfatosenoticias.com.br\/#\/schema\/logo\/image\/\"}},{\"@type\":\"Person\",\"@id\":\"https:\/\/jornalfatosenoticias.com.br\/#\/schema\/person\/d63837fa13ac8666eb9e74e0985d6f81\",\"name\":\"Luzimara Fernandes\",\"image\":{\"@type\":\"ImageObject\",\"inLanguage\":\"pt-BR\",\"@id\":\"https:\/\/jornalfatosenoticias.com.br\/#\/schema\/person\/image\/\",\"url\":\"https:\/\/jornalfatosenoticias.com.br\/wp-content\/uploads\/2025\/05\/EU_portal.jpg\",\"contentUrl\":\"https:\/\/jornalfatosenoticias.com.br\/wp-content\/uploads\/2025\/05\/EU_portal.jpg\",\"caption\":\"Luzimara Fernandes\"},\"description\":\"Jornalista MTB 2358-ES\",\"sameAs\":[\"https:\/\/jornalfatosenoticias.com.br\"],\"url\":\"https:\/\/jornalfatosenoticias.com.br\/index.php\/author\/luzimara\/\"}]}<\/script>\n<!-- \/ Yoast SEO plugin. -->","yoast_head_json":{"title":"Frequ\u00eancia card\u00edaca alta est\u00e1 relacionada ao risco de morte - Jornal Fatos e Not\u00edcias","robots":{"index":"index","follow":"follow","max-snippet":"max-snippet:-1","max-image-preview":"max-image-preview:large","max-video-preview":"max-video-preview:-1"},"canonical":"https:\/\/jornalfatosenoticias.com.br\/index.php\/2021\/02\/03\/frequencia-cardiaca-alta-esta-relacionada-ao-risco-de-morte\/","og_locale":"pt_BR","og_type":"article","og_title":"Frequ\u00eancia card\u00edaca alta est\u00e1 relacionada ao risco de morte - Jornal Fatos e Not\u00edcias","og_description":"Frequ\u00eancia card\u00edaca de repouso alta, mesmo em pessoas que t\u00eam maior n\u00edvel de condicionamento f\u00edsico, representa risco de morte A frequ\u00eancia card\u00edaca de repouso, medida logo ao acordar, reflete, entre outras coisas, o n\u00edvel de condicionamento f\u00edsico de uma pessoa. Pois, pessoas bem condicionadas geralmente t\u00eam frequ\u00eancia de repouso menor.E, pesquisadores descobriram que ter um [&hellip;]","og_url":"https:\/\/jornalfatosenoticias.com.br\/index.php\/2021\/02\/03\/frequencia-cardiaca-alta-esta-relacionada-ao-risco-de-morte\/","og_site_name":"Jornal Fatos e Not\u00edcias","article_published_time":"2021-02-03T13:00:58+00:00","article_modified_time":"2021-02-03T13:01:01+00:00","og_image":[{"width":1000,"height":530,"url":"https:\/\/jornalfatosenoticias.com.br\/wp-content\/uploads\/2021\/02\/frequencia-cardiaca.jpg","type":"image\/jpeg"}],"author":"Luzimara Fernandes","twitter_card":"summary_large_image","twitter_misc":{"Escrito por":"Luzimara Fernandes","Est. tempo de leitura":"2 minutos"},"schema":{"@context":"https:\/\/schema.org","@graph":[{"@type":"Article","@id":"https:\/\/jornalfatosenoticias.com.br\/index.php\/2021\/02\/03\/frequencia-cardiaca-alta-esta-relacionada-ao-risco-de-morte\/#article","isPartOf":{"@id":"https:\/\/jornalfatosenoticias.com.br\/index.php\/2021\/02\/03\/frequencia-cardiaca-alta-esta-relacionada-ao-risco-de-morte\/"},"author":{"name":"Luzimara Fernandes","@id":"https:\/\/jornalfatosenoticias.com.br\/#\/schema\/person\/d63837fa13ac8666eb9e74e0985d6f81"},"headline":"Frequ\u00eancia card\u00edaca alta est\u00e1 relacionada ao risco de morte","datePublished":"2021-02-03T13:00:58+00:00","dateModified":"2021-02-03T13:01:01+00:00","mainEntityOfPage":{"@id":"https:\/\/jornalfatosenoticias.com.br\/index.php\/2021\/02\/03\/frequencia-cardiaca-alta-esta-relacionada-ao-risco-de-morte\/"},"wordCount":386,"commentCount":0,"publisher":{"@id":"https:\/\/jornalfatosenoticias.com.br\/#organization"},"image":{"@id":"https:\/\/jornalfatosenoticias.com.br\/index.php\/2021\/02\/03\/frequencia-cardiaca-alta-esta-relacionada-ao-risco-de-morte\/#primaryimage"},"thumbnailUrl":"https:\/\/jornalfatosenoticias.com.br\/wp-content\/uploads\/2021\/02\/frequencia-cardiaca.jpg","keywords":["batimentos card\u00edacos","condicionamento f\u00edsico","frequ\u00eancia card\u00edaca","risco de morte"],"articleSection":["Sa\u00fade"],"inLanguage":"pt-BR","potentialAction":[{"@type":"CommentAction","name":"Comment","target":["https:\/\/jornalfatosenoticias.com.br\/index.php\/2021\/02\/03\/frequencia-cardiaca-alta-esta-relacionada-ao-risco-de-morte\/#respond"]}]},{"@type":"WebPage","@id":"https:\/\/jornalfatosenoticias.com.br\/index.php\/2021\/02\/03\/frequencia-cardiaca-alta-esta-relacionada-ao-risco-de-morte\/","url":"https:\/\/jornalfatosenoticias.com.br\/index.php\/2021\/02\/03\/frequencia-cardiaca-alta-esta-relacionada-ao-risco-de-morte\/","name":"Frequ\u00eancia card\u00edaca alta est\u00e1 relacionada ao risco de morte - Jornal Fatos e Not\u00edcias","isPartOf":{"@id":"https:\/\/jornalfatosenoticias.com.br\/#website"},"primaryImageOfPage":{"@id":"https:\/\/jornalfatosenoticias.com.br\/index.php\/2021\/02\/03\/frequencia-cardiaca-alta-esta-relacionada-ao-risco-de-morte\/#primaryimage"},"image":{"@id":"https:\/\/jornalfatosenoticias.com.br\/index.php\/2021\/02\/03\/frequencia-cardiaca-alta-esta-relacionada-ao-risco-de-morte\/#primaryimage"},"thumbnailUrl":"https:\/\/jornalfatosenoticias.com.br\/wp-content\/uploads\/2021\/02\/frequencia-cardiaca.jpg","datePublished":"2021-02-03T13:00:58+00:00","dateModified":"2021-02-03T13:01:01+00:00","breadcrumb":{"@id":"https:\/\/jornalfatosenoticias.com.br\/index.php\/2021\/02\/03\/frequencia-cardiaca-alta-esta-relacionada-ao-risco-de-morte\/#breadcrumb"},"inLanguage":"pt-BR","potentialAction":[{"@type":"ReadAction","target":["https:\/\/jornalfatosenoticias.com.br\/index.php\/2021\/02\/03\/frequencia-cardiaca-alta-esta-relacionada-ao-risco-de-morte\/"]}]},{"@type":"ImageObject","inLanguage":"pt-BR","@id":"https:\/\/jornalfatosenoticias.com.br\/index.php\/2021\/02\/03\/frequencia-cardiaca-alta-esta-relacionada-ao-risco-de-morte\/#primaryimage","url":"https:\/\/jornalfatosenoticias.com.br\/wp-content\/uploads\/2021\/02\/frequencia-cardiaca.jpg","contentUrl":"https:\/\/jornalfatosenoticias.com.br\/wp-content\/uploads\/2021\/02\/frequencia-cardiaca.jpg","width":1000,"height":530},{"@type":"BreadcrumbList","@id":"https:\/\/jornalfatosenoticias.com.br\/index.php\/2021\/02\/03\/frequencia-cardiaca-alta-esta-relacionada-ao-risco-de-morte\/#breadcrumb","itemListElement":[{"@type":"ListItem","position":1,"name":"In\u00edcio","item":"https:\/\/jornalfatosenoticias.com.br\/"},{"@type":"ListItem","position":2,"name":"Frequ\u00eancia card\u00edaca alta est\u00e1 relacionada ao risco de morte"}]},{"@type":"WebSite","@id":"https:\/\/jornalfatosenoticias.com.br\/#website","url":"https:\/\/jornalfatosenoticias.com.br\/","name":"Jornal Fatos e Not\u00edcias","description":"Not\u00edcias em geral","publisher":{"@id":"https:\/\/jornalfatosenoticias.com.br\/#organization"},"potentialAction":[{"@type":"SearchAction","target":{"@type":"EntryPoint","urlTemplate":"https:\/\/jornalfatosenoticias.com.br\/?s={search_term_string}"},"query-input":{"@type":"PropertyValueSpecification","valueRequired":true,"valueName":"search_term_string"}}],"inLanguage":"pt-BR"},{"@type":"Organization","@id":"https:\/\/jornalfatosenoticias.com.br\/#organization","name":"Jornal Fatos e Not\u00edcias","url":"https:\/\/jornalfatosenoticias.com.br\/","logo":{"@type":"ImageObject","inLanguage":"pt-BR","@id":"https:\/\/jornalfatosenoticias.com.br\/#\/schema\/logo\/image\/","url":"https:\/\/jornalfatosenoticias.com.br\/wp-content\/uploads\/2020\/02\/logo120.png","contentUrl":"https:\/\/jornalfatosenoticias.com.br\/wp-content\/uploads\/2020\/02\/logo120.png","width":1227,"height":120,"caption":"Jornal Fatos e Not\u00edcias"},"image":{"@id":"https:\/\/jornalfatosenoticias.com.br\/#\/schema\/logo\/image\/"}},{"@type":"Person","@id":"https:\/\/jornalfatosenoticias.com.br\/#\/schema\/person\/d63837fa13ac8666eb9e74e0985d6f81","name":"Luzimara Fernandes","image":{"@type":"ImageObject","inLanguage":"pt-BR","@id":"https:\/\/jornalfatosenoticias.com.br\/#\/schema\/person\/image\/","url":"https:\/\/jornalfatosenoticias.com.br\/wp-content\/uploads\/2025\/05\/EU_portal.jpg","contentUrl":"https:\/\/jornalfatosenoticias.com.br\/wp-content\/uploads\/2025\/05\/EU_portal.jpg","caption":"Luzimara Fernandes"},"description":"Jornalista MTB 2358-ES","sameAs":["https:\/\/jornalfatosenoticias.com.br"],"url":"https:\/\/jornalfatosenoticias.com.br\/index.php\/author\/luzimara\/"}]}},"cc_featured_image_caption":{"caption_text":"(Foto: Getty Images\/Sport Life) ","source_text":"","source_url":""},"jetpack_featured_media_url":"https:\/\/jornalfatosenoticias.com.br\/wp-content\/uploads\/2021\/02\/frequencia-cardiaca.jpg","_links":{"self":[{"href":"https:\/\/jornalfatosenoticias.com.br\/index.php\/wp-json\/wp\/v2\/posts\/14268","targetHints":{"allow":["GET"]}}],"collection":[{"href":"https:\/\/jornalfatosenoticias.com.br\/index.php\/wp-json\/wp\/v2\/posts"}],"about":[{"href":"https:\/\/jornalfatosenoticias.com.br\/index.php\/wp-json\/wp\/v2\/types\/post"}],"author":[{"embeddable":true,"href":"https:\/\/jornalfatosenoticias.com.br\/index.php\/wp-json\/wp\/v2\/users\/2"}],"replies":[{"embeddable":true,"href":"https:\/\/jornalfatosenoticias.com.br\/index.php\/wp-json\/wp\/v2\/comments?post=14268"}],"version-history":[{"count":0,"href":"https:\/\/jornalfatosenoticias.com.br\/index.php\/wp-json\/wp\/v2\/posts\/14268\/revisions"}],"wp:featuredmedia":[{"embeddable":true,"href":"https:\/\/jornalfatosenoticias.com.br\/index.php\/wp-json\/wp\/v2\/media\/14269"}],"wp:attachment":[{"href":"https:\/\/jornalfatosenoticias.com.br\/index.php\/wp-json\/wp\/v2\/media?parent=14268"}],"wp:term":[{"taxonomy":"category","embeddable":true,"href":"https:\/\/jornalfatosenoticias.com.br\/index.php\/wp-json\/wp\/v2\/categories?post=14268"},{"taxonomy":"post_tag","embeddable":true,"href":"https:\/\/jornalfatosenoticias.com.br\/index.php\/wp-json\/wp\/v2\/tags?post=14268"}],"curies":[{"name":"wp","href":"https:\/\/api.w.org\/{rel}","templated":true}]}}